{"id":40841,"date":"2020-03-11T14:45:56","date_gmt":"2020-03-11T17:45:56","guid":{"rendered":"https:\/\/www.isletasnoticias.com.ar\/?p=40841"},"modified":"2020-03-11T14:46:45","modified_gmt":"2020-03-11T17:46:45","slug":"la-organizacion-mundial-de-la-salud-declaro-el-coronavirus-como-una-pandemia","status":"publish","type":"post","link":"https:\/\/informelitoral.com.ar\/la-organizacion-mundial-de-la-salud-declaro-el-coronavirus-como-una-pandemia\/","title":{"rendered":"La Organizaci\u00f3n Mundial de la Salud declar\u00f3 el coronavirus como una pandemia"},"content":{"rendered":"<div class=\"row pb-content-type-text\">\n<div class=\"col-xs-12 col-print-12\">\n<p class=\"element element-paragraph\">La Organizaci\u00f3n Mundial de la Salud (OMS) dijo hoy que\u00a0<mark class=\"hl_yellow\"><b>el coronavirus causante del COVID-19 ya puede definirse como una \u201cpandemia\u201d<\/b><\/mark>, despu\u00e9s de que el n\u00famero de casos afectados fuera de China\u00a0<mark class=\"hl_yellow\"><b>se haya multiplicado por 13 en dos semanas<\/b><\/mark>\u00a0y en ese periodo los pa\u00edses afectados se hayan triplicado.<\/p>\n<\/div>\n<\/div>\n<div class=\"row pb-content-type-text\">\n<div class=\"col-xs-12 col-print-12\">\n<p class=\"element element-paragraph\">\u201c<b>La OMS estima que el COVID-19 puede ser caracterizado como una\u00a0<\/b><mark class=\"hl_yellow\"><b>pandemia<\/b><\/mark>\u201d, expres\u00f3 el director general de la OMS,\u00a0<b>Tedros Adhanom Ghebreyesus<\/b>.<\/p>\n<\/div>\n<\/div>\n<div class=\"row pb-content-type-text\">\n<div class=\"col-xs-12 col-print-12\">\n<p class=\"element element-paragraph\">\u201c<b>Podemos esperar que el n\u00famero de casos, de decesos y de pa\u00edses afectados aumente<\/b>\u201d en los pr\u00f3ximos d\u00edas y semanas, agreg\u00f3.<\/p>\n<\/div>\n<\/div>\n<div class=\"row pb-content-type-text\">\n<div class=\"col-xs-12 col-print-12\">\n<p class=\"element element-paragraph\">Luego sostuvo que la OMS estuvo evaluando el brote durante todo el d\u00eda. \u201c<b>Estamos profundamente preocupados tanto por los niveles alarmantes de propagaci\u00f3n y gravedad, como por los niveles alarmantes de inacci\u00f3n<\/b>\u201d, subray\u00f3.<\/p>\n<p class=\"element element-paragraph\">La enfermedad <b>ya lleg\u00f3 a al menos 120 pa\u00edses<\/b>\u00a0y amenaza a los sistemas de salud menos desarrollados. Si bien la cantidad de contagios comenz\u00f3 a declinar en China, pa\u00eds donde se origin\u00f3 el brote,<b>\u00a0los infectados est\u00e1n en alza en varios continentes<\/b> y la cifra total supera ampliamente a los 100.000.<\/p>\n<p class=\"element element-paragraph\">Los gobiernos <b>analizan tomar medidas m\u00e1s dr\u00e1sticas<\/b>\u00a0para frenar el avance de la cepa, que aunque no tiene una alta tasa de mortalidad,\u00a0<b>presenta dificultades para una temprana detecci\u00f3n<\/b>\u00a0que ayude a frenar la propagaci\u00f3n.<\/p>\n<\/div>\n<\/div>\n<div class=\"row pb-content-type-text\">\n<div class=\"col-xs-12 col-print-12\">\n<p class=\"element element-paragraph\">En\u00a0<b>Am\u00e9rica Latina<\/b>, el avance de la enfermedad\u00a0<b>puso en alerta a los gobiernos de la regi\u00f3n<\/b>\u00a0dado que ya son 14 pa\u00edses los que reportaron casos confirmados. Brasil es el que m\u00e1s infectados tiene hasta el momento (34) pero no registra muertes, como si sucedi\u00f3 en Argentina y Panam\u00e1 (un fallecido en cada pa\u00eds). En total,\u00a0<b>hay 144 personas infectadas en toda Latinoam\u00e9rica<\/b>.<\/p>\n<\/div>\n<\/div>\n<div class=\"row pb-content-type-text\">\n<div class=\"col-xs-12 col-print-12\">\n<p class=\"element element-paragraph\">Hasta el momento<mark class=\"hl_yellow\">,<b>\u00a0ya provoc\u00f3 la muerte de m\u00e1s de 1.100 personas fuera de China continental<\/b><\/mark>, donde el brote ya se cobr\u00f3\u00a0<mark class=\"hl_yellow\"><b>m\u00e1s de 3.100 v\u00edctimas fatales<\/b><\/mark>.<\/p>\n<\/div>\n<\/div>\n<div class=\"row pb-content-type-text\">\n<div class=\"col-xs-12 col-print-12\">\n<h3 class=\"element element-paragraph\"><mark class=\"hl_orange\"><b>Qu\u00e9 implica la pandemia<\/b><\/mark><\/h3>\n<\/div>\n<\/div>\n<div class=\"row pb-content-type-text\">\n<div class=\"col-xs-12 col-print-12\">\n<p class=\"element element-paragraph\">Declarar una infecci\u00f3n como pandemia\u00a0<b>implica reconocer la circulaci\u00f3n amplia y sostenida del agente infeccioso en varios pa\u00edses<\/b>. Sin embargo, esta definici\u00f3n no dice nada acerca de la gravedad de la enfermedad y esta, en muchas ocasiones, tiene que ver m\u00e1s con la percepci\u00f3n social que con las consecuencias cl\u00ednicas.<\/p>\n<\/div>\n<\/div>\n<div class=\"row pb-content-type-text\">\n<div class=\"col-xs-12 col-print-12\">\n<p class=\"element element-paragraph\">Las estimaciones actuales de mortalidad asociada al nuevo coronavirus\u00a0<b>lo sit\u00faan en un rango parecido al de otras infecciones respiratorias serias<\/b>\u00a0causadas por virus. Igual que la gripe,\u00a0<b>afecta especialmente a personas con otras patolog\u00edas, con sistemas inmunitarios comprometidos o de avanzada edad<\/b>.<\/p>\n<\/div>\n<\/div>\n<div class=\"row pb-content-type-image\">\n<figure class=\"element element-image col-xs-12\">\n<div class=\"single-image\">\n<div class=\"shares\">\n<div class=\"share-button facebook\" data-url=\"https:\/\/www.infobae.com\/america\/mundo\/2020\/03\/11\/la-organizacion-mundial-de-la-salud-declaro-el-coronavirus-como-una-pandemia\/%237NXYKXQOABE6PIJ4ZUHIAYYJI4\" data-original=\"https:\/\/arc-anglerfish-arc2-prod-infobae.s3.amazonaws.com\/public\/7NXYKXQOABE6PIJ4ZUHIAYYJI4.jpg\"><\/div>\n<\/div>\n<p><img decoding=\"async\" id=\"7NXYKXQOABE6PIJ4ZUHIAYYJI4\" class=\"image-lazy\" src=\"https:\/\/www.infobae.com\/new-resizer\/BklQkOpMzHbzHapxO-_-e9EQEtQ=\/750x0\/filters:quality(100)\/arc-anglerfish-arc2-prod-infobae.s3.amazonaws.com\/public\/7NXYKXQOABE6PIJ4ZUHIAYYJI4.jpg\" alt=\"El coronavirus puso en alerta al mundo (REUTERS\/Ann Wang)\" width=\"750\" height=\"500.0521376433785\" data-url=\"https:\/\/www.infobae.com\/america\/mundo\/2020\/03\/11\/la-organizacion-mundial-de-la-salud-declaro-el-coronavirus-como-una-pandemia\/%237NXYKXQOABE6PIJ4ZUHIAYYJI4\" data-original=\"https:\/\/www.infobae.com\/new-resizer\/BklQkOpMzHbzHapxO-_-e9EQEtQ=\/750x0\/filters:quality(100)\/arc-anglerfish-arc2-prod-infobae.s3.amazonaws.com\/public\/7NXYKXQOABE6PIJ4ZUHIAYYJI4.jpg\" \/><\/p>\n<\/div><figcaption class=\"\"><\/figcaption><\/figure>\n<\/div>\n<div class=\"row pb-content-type-text\">\n<div class=\"col-xs-12 col-print-12\">\n<p class=\"element element-paragraph\"><mark class=\"hl_orange\"><b>M\u00e1s preocupante en pa\u00edses en v\u00edas de desarrollo<\/b><\/mark><\/p>\n<\/div>\n<\/div>\n<div class=\"row pb-content-type-text\">\n<div class=\"col-xs-12 col-print-12\">\n<p class=\"element element-paragraph\">No cabe duda de que el diagn\u00f3stico precoz y el tratamiento temprano ayudan a superar la infecci\u00f3n. Estas condiciones var\u00edan de unos pa\u00edses a otros, siendo preocupante, en este sentido,\u00a0<b>la situaci\u00f3n de pa\u00edses con menor desarrollo econ\u00f3mico o con sistemas sanitarios poco eficaces<\/b>. Muchos de estos pa\u00edses se concentran geogr\u00e1ficamente en el continente africano, lo que har\u00eda dif\u00edcilmente controlable la situaci\u00f3n en el caso de que el virus llegase a circular all\u00ed.<\/p>\n<\/div>\n<\/div>\n<div class=\"row pb-content-type-text\">\n<div class=\"col-xs-12 col-print-12\">\n<p class=\"element element-paragraph\">Pero hay otros factores que influyen en la expansi\u00f3n del virus y su incidencia sobre la poblaci\u00f3n,\u00a0<b>como son el clima y la estacionalidad<\/b>\u00a0(los coronavirus suelen tener una circulaci\u00f3n estacional, preferentemente en invierno), y\u00a0<b>la estructura demogr\u00e1fica de la poblaci\u00f3n<\/b>. Concretamente, cuanto m\u00e1s joven es una poblaci\u00f3n m\u00e1s benigna resulta la enfermedad, lo contrario que cuando predominan las personas de avanzada edad. La estructura de edad de los pa\u00edses africanos es muy diferente de la del continente europeo o de China.<\/p>\n<\/div>\n<\/div>\n<div class=\"row pb-content-type-text\">\n<div class=\"col-xs-12 col-print-12\">\n<p class=\"element element-paragraph\"><mark class=\"hl_orange\"><b>No se puede contener, s\u00ed mitigar<\/b><\/mark><\/p>\n<\/div>\n<\/div>\n<div class=\"row pb-content-type-text\">\n<div class=\"col-xs-12 col-print-12\">\n<p class=\"element element-paragraph\">Otra cuesti\u00f3n que conviene plantearse es qu\u00e9 medidas podemos adoptar para contener una epidemia.\u00a0<b>La respuesta es r\u00e1pida: ninguna<\/b>. Aunque en otras circunstancias y con otros virus han funcionado m\u00e1s que razonablemente (por ejemplo, en el brote de \u00e9bola en \u00c1frica occidental de 2014),\u00a0<b>las sociedades actuales no tienen suficientes elementos de control de la poblaci\u00f3n y de sus movimientos para impedir completamente la circulaci\u00f3n de un virus<\/b>\u00a0con las caracter\u00edsticas de este que nos ocupa.<\/p>\n<\/div>\n<\/div>\n<div class=\"row pb-content-type-text\">\n<div class=\"col-xs-12 col-print-12\">\n<p class=\"element element-paragraph\">Las autoridades chinas, imponiendo una muy estricta cuarentena (quiz\u00e1s demasiado tard\u00eda), no han logrado contener la dispersi\u00f3n del virus, es cierto. Pero s\u00ed la han retrasado. Y han proporcionando un tiempo precioso a otros pa\u00edses para prepararse para la que se avecina.<\/p>\n<\/div>\n<\/div>\n<div class=\"row pb-content-type-text\">\n<div class=\"col-xs-12 col-print-12\">\n<p class=\"element element-paragraph\">Pero, si no se puede contener, \u00bfqu\u00e9 cabe hacer?\u00a0<b>Debemos cambiar el foco: en vez de contener, nos debemos esforzar en mitigar<\/b>. Aceptemos que tendremos que convivir con el virus durante un tiempo. A\u00fan es muy pronto para saber si desaparecer\u00e1 a lo largo del a\u00f1o o si alcanzar\u00e1 un nivel suficiente para asentarse como un nuevo agente infeccioso en la poblaci\u00f3n humana.\u00a0<b>Pero prepar\u00e9monos para que sus consecuencias sean lo m\u00e1s leves posibles<\/b>.<\/p>\n<\/div>\n<\/div>\n<div class=\"row pb-content-type-text\">\n<div class=\"col-xs-12 col-print-12\">\n<p class=\"element element-paragraph\">Hay que hacerlo a todos los niveles. A nivel individual, adoptando medidas preventivas personales, como lavarse frecuentemente las manos, evitar las exposiciones a lugares o personas infectadas o vacunarnos cuando dispongamos de vacuna. Pero tambi\u00e9n con medidas de control de movimientos de la poblaci\u00f3n, de cuya pr\u00e1ctica inutilidad ya hemos hablado. Pasando por las invisibles pero muy eficaces medidas adoptadas por los sistemas sanitarios que incluyen la formaci\u00f3n del personal, la disponibilidad de herramientas de diagn\u00f3stico r\u00e1pido y de camas en hospitales para albergar aquellos casos en que sea requerido. <em>(Fuente: Infobae)<\/em><\/p>\n<\/div>\n<\/div>\n","protected":false},"excerpt":{"rendered":"<p>El director del organismo, en conferencia de prensa, habl\u00f3 de los alcances de la enfermedad. \u201cPodemos esperar que el n\u00famero de casos, de decesos y de pa\u00edses afectados aumente\u201d, afirm\u00f3 Tedros Adhanom Ghebreyesus.<\/p>\n","protected":false},"author":2,"featured_media":40842,"comment_status":"open","ping_status":"open","sticky":false,"template":"","format":"standard","meta":{"fifu_image_url":"","fifu_image_alt":"","footnotes":""},"categories":[8],"tags":[1426],"class_list":{"0":"post-40841","1":"post","2":"type-post","3":"status-publish","4":"format-standard","5":"has-post-thumbnail","7":"category-internacionales","8":"tag-coronavirus"},"yoast_head":"<title>La Organizaci\u00f3n Mundial de la Salud declar\u00f3 el coronavirus como una pandemia - Informe Litoral<\/title>\n<meta name=\"robots\" content=\"index, follow, max-snippet:-1, max-image-preview:large, max-video-preview:-1\" \/>\n<link rel=\"canonical\" href=\"https:\/\/informelitoral.com.ar\/la-organizacion-mundial-de-la-salud-declaro-el-coronavirus-como-una-pandemia\/\" \/>\n<meta property=\"og:locale\" content=\"es_ES\" \/>\n<meta property=\"og:type\" content=\"article\" \/>\n<meta property=\"og:title\" content=\"La Organizaci\u00f3n Mundial de la Salud declar\u00f3 el coronavirus como una pandemia - Informe Litoral\" \/>\n<meta property=\"og:description\" content=\"El director del organismo, en conferencia de prensa, habl\u00f3 de los alcances de la enfermedad. \u201cPodemos esperar que el n\u00famero de casos, de decesos y de pa\u00edses afectados aumente\u201d, afirm\u00f3 Tedros Adhanom Ghebreyesus.\" \/>\n<meta property=\"og:url\" content=\"https:\/\/informelitoral.com.ar\/la-organizacion-mundial-de-la-salud-declaro-el-coronavirus-como-una-pandemia\/\" \/>\n<meta property=\"og:site_name\" content=\"Informe Litoral\" \/>\n<meta property=\"article:publisher\" content=\"https:\/\/www.facebook.com\/informelitoral\/\" \/>\n<meta property=\"article:published_time\" content=\"2020-03-11T17:45:56+00:00\" \/>\n<meta property=\"article:modified_time\" content=\"2020-03-11T17:46:45+00:00\" \/>\n<meta property=\"og:image\" content=\"https:\/\/informelitoral.com.ar\/%77%70%2d%63%6f%6e%74%65%6e%74\/uploads\/2020\/03\/CORONAVIRUS-PANDEMIA.jpg\" \/>\n\t<meta property=\"og:image:width\" content=\"660\" \/>\n\t<meta property=\"og:image:height\" content=\"371\" \/>\n\t<meta property=\"og:image:type\" content=\"image\/jpeg\" \/>\n<meta name=\"author\" content=\"Gonzalo Schmidt\" \/>\n<meta name=\"twitter:card\" content=\"summary_large_image\" \/>\n<meta name=\"twitter:creator\" content=\"@InformeLitoral\" \/>\n<meta name=\"twitter:site\" content=\"@InformeLitoral\" \/>\n<meta name=\"twitter:label1\" content=\"Escrito por\" \/>\n\t<meta name=\"twitter:data1\" content=\"Gonzalo Schmidt\" \/>\n\t<meta name=\"twitter:label2\" content=\"Tiempo de lectura\" \/>\n\t<meta name=\"twitter:data2\" content=\"5 minutos\" \/>\n<script type=\"application\/ld+json\" class=\"yoast-schema-graph\">{\"@context\":\"https:\\\/\\\/schema.org\",\"@graph\":[{\"@type\":\"Article\",\"@id\":\"https:\\\/\\\/informelitoral.com.ar\\\/la-organizacion-mundial-de-la-salud-declaro-el-coronavirus-como-una-pandemia\\\/#article\",\"isPartOf\":{\"@id\":\"https:\\\/\\\/informelitoral.com.ar\\\/la-organizacion-mundial-de-la-salud-declaro-el-coronavirus-como-una-pandemia\\\/\"},\"author\":{\"name\":\"Gonzalo Schmidt\",\"@id\":\"https:\\\/\\\/informelitoral.com.ar\\\/#\\\/schema\\\/person\\\/b9d00407c836482871ef1d57bf8e3180\"},\"headline\":\"La Organizaci\u00f3n Mundial de la Salud declar\u00f3 el coronavirus como una pandemia\",\"datePublished\":\"2020-03-11T17:45:56+00:00\",\"dateModified\":\"2020-03-11T17:46:45+00:00\",\"mainEntityOfPage\":{\"@id\":\"https:\\\/\\\/informelitoral.com.ar\\\/la-organizacion-mundial-de-la-salud-declaro-el-coronavirus-como-una-pandemia\\\/\"},\"wordCount\":939,\"commentCount\":0,\"publisher\":{\"@id\":\"https:\\\/\\\/informelitoral.com.ar\\\/#organization\"},\"image\":{\"@id\":\"https:\\\/\\\/informelitoral.com.ar\\\/la-organizacion-mundial-de-la-salud-declaro-el-coronavirus-como-una-pandemia\\\/#primaryimage\"},\"thumbnailUrl\":\"https:\\\/\\\/informelitoral.com.ar\\\/%77%70%2d%63%6f%6e%74%65%6e%74\\\/uploads\\\/2020\\\/03\\\/CORONAVIRUS-PANDEMIA.jpg\",\"keywords\":[\"Coronavirus\"],\"articleSection\":[\"Internacionales\"],\"inLanguage\":\"es\",\"potentialAction\":[{\"@type\":\"CommentAction\",\"name\":\"Comment\",\"target\":[\"https:\\\/\\\/informelitoral.com.ar\\\/la-organizacion-mundial-de-la-salud-declaro-el-coronavirus-como-una-pandemia\\\/#respond\"]}]},{\"@type\":\"WebPage\",\"@id\":\"https:\\\/\\\/informelitoral.com.ar\\\/la-organizacion-mundial-de-la-salud-declaro-el-coronavirus-como-una-pandemia\\\/\",\"url\":\"https:\\\/\\\/informelitoral.com.ar\\\/la-organizacion-mundial-de-la-salud-declaro-el-coronavirus-como-una-pandemia\\\/\",\"name\":\"La Organizaci\u00f3n Mundial de la Salud declar\u00f3 el coronavirus como una pandemia - Informe Litoral\",\"isPartOf\":{\"@id\":\"https:\\\/\\\/informelitoral.com.ar\\\/#website\"},\"primaryImageOfPage\":{\"@id\":\"https:\\\/\\\/informelitoral.com.ar\\\/la-organizacion-mundial-de-la-salud-declaro-el-coronavirus-como-una-pandemia\\\/#primaryimage\"},\"image\":{\"@id\":\"https:\\\/\\\/informelitoral.com.ar\\\/la-organizacion-mundial-de-la-salud-declaro-el-coronavirus-como-una-pandemia\\\/#primaryimage\"},\"thumbnailUrl\":\"https:\\\/\\\/informelitoral.com.ar\\\/%77%70%2d%63%6f%6e%74%65%6e%74\\\/uploads\\\/2020\\\/03\\\/CORONAVIRUS-PANDEMIA.jpg\",\"datePublished\":\"2020-03-11T17:45:56+00:00\",\"dateModified\":\"2020-03-11T17:46:45+00:00\",\"breadcrumb\":{\"@id\":\"https:\\\/\\\/informelitoral.com.ar\\\/la-organizacion-mundial-de-la-salud-declaro-el-coronavirus-como-una-pandemia\\\/#breadcrumb\"},\"inLanguage\":\"es\",\"potentialAction\":[{\"@type\":\"ReadAction\",\"target\":[\"https:\\\/\\\/informelitoral.com.ar\\\/la-organizacion-mundial-de-la-salud-declaro-el-coronavirus-como-una-pandemia\\\/\"]}]},{\"@type\":\"ImageObject\",\"inLanguage\":\"es\",\"@id\":\"https:\\\/\\\/informelitoral.com.ar\\\/la-organizacion-mundial-de-la-salud-declaro-el-coronavirus-como-una-pandemia\\\/#primaryimage\",\"url\":\"https:\\\/\\\/informelitoral.com.ar\\\/%77%70%2d%63%6f%6e%74%65%6e%74\\\/uploads\\\/2020\\\/03\\\/CORONAVIRUS-PANDEMIA.jpg\",\"contentUrl\":\"https:\\\/\\\/informelitoral.com.ar\\\/%77%70%2d%63%6f%6e%74%65%6e%74\\\/uploads\\\/2020\\\/03\\\/CORONAVIRUS-PANDEMIA.jpg\",\"width\":660,\"height\":371},{\"@type\":\"BreadcrumbList\",\"@id\":\"https:\\\/\\\/informelitoral.com.ar\\\/la-organizacion-mundial-de-la-salud-declaro-el-coronavirus-como-una-pandemia\\\/#breadcrumb\",\"itemListElement\":[{\"@type\":\"ListItem\",\"position\":1,\"name\":\"Portada\",\"item\":\"https:\\\/\\\/informelitoral.com.ar\\\/\"},{\"@type\":\"ListItem\",\"position\":2,\"name\":\"La Organizaci\u00f3n Mundial de la Salud declar\u00f3 el coronavirus como una pandemia\"}]},{\"@type\":\"WebSite\",\"@id\":\"https:\\\/\\\/informelitoral.com.ar\\\/#website\",\"url\":\"https:\\\/\\\/informelitoral.com.ar\\\/\",\"name\":\"Informe Litoral\",\"description\":\"&quot;Nos informamos&quot; \",\"publisher\":{\"@id\":\"https:\\\/\\\/informelitoral.com.ar\\\/#organization\"},\"potentialAction\":[{\"@type\":\"SearchAction\",\"target\":{\"@type\":\"EntryPoint\",\"urlTemplate\":\"https:\\\/\\\/informelitoral.com.ar\\\/?s={search_term_string}\"},\"query-input\":{\"@type\":\"PropertyValueSpecification\",\"valueRequired\":true,\"valueName\":\"search_term_string\"}}],\"inLanguage\":\"es\"},{\"@type\":\"Organization\",\"@id\":\"https:\\\/\\\/informelitoral.com.ar\\\/#organization\",\"name\":\"Informe Litoral\",\"url\":\"https:\\\/\\\/informelitoral.com.ar\\\/\",\"logo\":{\"@type\":\"ImageObject\",\"inLanguage\":\"es\",\"@id\":\"https:\\\/\\\/informelitoral.com.ar\\\/#\\\/schema\\\/logo\\\/image\\\/\",\"url\":\"https:\\\/\\\/informelitoral.com.ar\\\/%77%70%2d%63%6f%6e%74%65%6e%74\\\/uploads\\\/2021\\\/01\\\/circulo.png\",\"contentUrl\":\"https:\\\/\\\/informelitoral.com.ar\\\/%77%70%2d%63%6f%6e%74%65%6e%74\\\/uploads\\\/2021\\\/01\\\/circulo.png\",\"width\":723,\"height\":731,\"caption\":\"Informe Litoral\"},\"image\":{\"@id\":\"https:\\\/\\\/informelitoral.com.ar\\\/#\\\/schema\\\/logo\\\/image\\\/\"},\"sameAs\":[\"https:\\\/\\\/www.facebook.com\\\/informelitoral\\\/\",\"https:\\\/\\\/x.com\\\/InformeLitoral\",\"https:\\\/\\\/www.instagram.com\\\/informelitoral\\\/\",\"https:\\\/\\\/www.youtube.com\\\/channel\\\/UCua4Qvz8Icb6MYqhoq9xLXw\"]},{\"@type\":\"Person\",\"@id\":\"https:\\\/\\\/informelitoral.com.ar\\\/#\\\/schema\\\/person\\\/b9d00407c836482871ef1d57bf8e3180\",\"name\":\"Gonzalo Schmidt\",\"image\":{\"@type\":\"ImageObject\",\"inLanguage\":\"es\",\"@id\":\"https:\\\/\\\/secure.gravatar.com\\\/avatar\\\/31a1a7b66ff2de83bd0e9fd79d026630d2d99e55e8bfe501287647b4fd9743de?s=96&d=mm&r=g\",\"url\":\"https:\\\/\\\/secure.gravatar.com\\\/avatar\\\/31a1a7b66ff2de83bd0e9fd79d026630d2d99e55e8bfe501287647b4fd9743de?s=96&d=mm&r=g\",\"contentUrl\":\"https:\\\/\\\/secure.gravatar.com\\\/avatar\\\/31a1a7b66ff2de83bd0e9fd79d026630d2d99e55e8bfe501287647b4fd9743de?s=96&d=mm&r=g\",\"caption\":\"Gonzalo Schmidt\"},\"description\":\"Sitio web de noticias de la provincia de Entre R\u00edos, Argentina. Informaci\u00f3n y entretenimiento. Informe Litoral, nos informamos.\",\"sameAs\":[\"http:\\\/\\\/www.isletasnoticias.com.ar\"],\"url\":\"https:\\\/\\\/informelitoral.com.ar\\\/author\\\/gonzalo\\\/\"}]}<\/script>","yoast_head_json":{"title":"La Organizaci\u00f3n Mundial de la Salud declar\u00f3 el coronavirus como una pandemia - Informe Litoral","robots":{"index":"index","follow":"follow","max-snippet":"max-snippet:-1","max-image-preview":"max-image-preview:large","max-video-preview":"max-video-preview:-1"},"canonical":"https:\/\/informelitoral.com.ar\/la-organizacion-mundial-de-la-salud-declaro-el-coronavirus-como-una-pandemia\/","og_locale":"es_ES","og_type":"article","og_title":"La Organizaci\u00f3n Mundial de la Salud declar\u00f3 el coronavirus como una pandemia - Informe Litoral","og_description":"El director del organismo, en conferencia de prensa, habl\u00f3 de los alcances de la enfermedad. \u201cPodemos esperar que el n\u00famero de casos, de decesos y de pa\u00edses afectados aumente\u201d, afirm\u00f3 Tedros Adhanom Ghebreyesus.","og_url":"https:\/\/informelitoral.com.ar\/la-organizacion-mundial-de-la-salud-declaro-el-coronavirus-como-una-pandemia\/","og_site_name":"Informe Litoral","article_publisher":"https:\/\/www.facebook.com\/informelitoral\/","article_published_time":"2020-03-11T17:45:56+00:00","article_modified_time":"2020-03-11T17:46:45+00:00","og_image":[{"width":660,"height":371,"url":"https:\/\/informelitoral.com.ar\/%77%70%2d%63%6f%6e%74%65%6e%74\/uploads\/2020\/03\/CORONAVIRUS-PANDEMIA.jpg","type":"image\/jpeg"}],"author":"Gonzalo Schmidt","twitter_card":"summary_large_image","twitter_creator":"@InformeLitoral","twitter_site":"@InformeLitoral","twitter_misc":{"Escrito por":"Gonzalo Schmidt","Tiempo de lectura":"5 minutos"},"schema":{"@context":"https:\/\/schema.org","@graph":[{"@type":"Article","@id":"https:\/\/informelitoral.com.ar\/la-organizacion-mundial-de-la-salud-declaro-el-coronavirus-como-una-pandemia\/#article","isPartOf":{"@id":"https:\/\/informelitoral.com.ar\/la-organizacion-mundial-de-la-salud-declaro-el-coronavirus-como-una-pandemia\/"},"author":{"name":"Gonzalo Schmidt","@id":"https:\/\/informelitoral.com.ar\/#\/schema\/person\/b9d00407c836482871ef1d57bf8e3180"},"headline":"La Organizaci\u00f3n Mundial de la Salud declar\u00f3 el coronavirus como una pandemia","datePublished":"2020-03-11T17:45:56+00:00","dateModified":"2020-03-11T17:46:45+00:00","mainEntityOfPage":{"@id":"https:\/\/informelitoral.com.ar\/la-organizacion-mundial-de-la-salud-declaro-el-coronavirus-como-una-pandemia\/"},"wordCount":939,"commentCount":0,"publisher":{"@id":"https:\/\/informelitoral.com.ar\/#organization"},"image":{"@id":"https:\/\/informelitoral.com.ar\/la-organizacion-mundial-de-la-salud-declaro-el-coronavirus-como-una-pandemia\/#primaryimage"},"thumbnailUrl":"https:\/\/informelitoral.com.ar\/%77%70%2d%63%6f%6e%74%65%6e%74\/uploads\/2020\/03\/CORONAVIRUS-PANDEMIA.jpg","keywords":["Coronavirus"],"articleSection":["Internacionales"],"inLanguage":"es","potentialAction":[{"@type":"CommentAction","name":"Comment","target":["https:\/\/informelitoral.com.ar\/la-organizacion-mundial-de-la-salud-declaro-el-coronavirus-como-una-pandemia\/#respond"]}]},{"@type":"WebPage","@id":"https:\/\/informelitoral.com.ar\/la-organizacion-mundial-de-la-salud-declaro-el-coronavirus-como-una-pandemia\/","url":"https:\/\/informelitoral.com.ar\/la-organizacion-mundial-de-la-salud-declaro-el-coronavirus-como-una-pandemia\/","name":"La Organizaci\u00f3n Mundial de la Salud declar\u00f3 el coronavirus como una pandemia - Informe Litoral","isPartOf":{"@id":"https:\/\/informelitoral.com.ar\/#website"},"primaryImageOfPage":{"@id":"https:\/\/informelitoral.com.ar\/la-organizacion-mundial-de-la-salud-declaro-el-coronavirus-como-una-pandemia\/#primaryimage"},"image":{"@id":"https:\/\/informelitoral.com.ar\/la-organizacion-mundial-de-la-salud-declaro-el-coronavirus-como-una-pandemia\/#primaryimage"},"thumbnailUrl":"https:\/\/informelitoral.com.ar\/%77%70%2d%63%6f%6e%74%65%6e%74\/uploads\/2020\/03\/CORONAVIRUS-PANDEMIA.jpg","datePublished":"2020-03-11T17:45:56+00:00","dateModified":"2020-03-11T17:46:45+00:00","breadcrumb":{"@id":"https:\/\/informelitoral.com.ar\/la-organizacion-mundial-de-la-salud-declaro-el-coronavirus-como-una-pandemia\/#breadcrumb"},"inLanguage":"es","potentialAction":[{"@type":"ReadAction","target":["https:\/\/informelitoral.com.ar\/la-organizacion-mundial-de-la-salud-declaro-el-coronavirus-como-una-pandemia\/"]}]},{"@type":"ImageObject","inLanguage":"es","@id":"https:\/\/informelitoral.com.ar\/la-organizacion-mundial-de-la-salud-declaro-el-coronavirus-como-una-pandemia\/#primaryimage","url":"https:\/\/informelitoral.com.ar\/%77%70%2d%63%6f%6e%74%65%6e%74\/uploads\/2020\/03\/CORONAVIRUS-PANDEMIA.jpg","contentUrl":"https:\/\/informelitoral.com.ar\/%77%70%2d%63%6f%6e%74%65%6e%74\/uploads\/2020\/03\/CORONAVIRUS-PANDEMIA.jpg","width":660,"height":371},{"@type":"BreadcrumbList","@id":"https:\/\/informelitoral.com.ar\/la-organizacion-mundial-de-la-salud-declaro-el-coronavirus-como-una-pandemia\/#breadcrumb","itemListElement":[{"@type":"ListItem","position":1,"name":"Portada","item":"https:\/\/informelitoral.com.ar\/"},{"@type":"ListItem","position":2,"name":"La Organizaci\u00f3n Mundial de la Salud declar\u00f3 el coronavirus como una pandemia"}]},{"@type":"WebSite","@id":"https:\/\/informelitoral.com.ar\/#website","url":"https:\/\/informelitoral.com.ar\/","name":"Informe Litoral","description":"&quot;Nos informamos&quot; ","publisher":{"@id":"https:\/\/informelitoral.com.ar\/#organization"},"potentialAction":[{"@type":"SearchAction","target":{"@type":"EntryPoint","urlTemplate":"https:\/\/informelitoral.com.ar\/?s={search_term_string}"},"query-input":{"@type":"PropertyValueSpecification","valueRequired":true,"valueName":"search_term_string"}}],"inLanguage":"es"},{"@type":"Organization","@id":"https:\/\/informelitoral.com.ar\/#organization","name":"Informe Litoral","url":"https:\/\/informelitoral.com.ar\/","logo":{"@type":"ImageObject","inLanguage":"es","@id":"https:\/\/informelitoral.com.ar\/#\/schema\/logo\/image\/","url":"https:\/\/informelitoral.com.ar\/%77%70%2d%63%6f%6e%74%65%6e%74\/uploads\/2021\/01\/circulo.png","contentUrl":"https:\/\/informelitoral.com.ar\/%77%70%2d%63%6f%6e%74%65%6e%74\/uploads\/2021\/01\/circulo.png","width":723,"height":731,"caption":"Informe Litoral"},"image":{"@id":"https:\/\/informelitoral.com.ar\/#\/schema\/logo\/image\/"},"sameAs":["https:\/\/www.facebook.com\/informelitoral\/","https:\/\/x.com\/InformeLitoral","https:\/\/www.instagram.com\/informelitoral\/","https:\/\/www.youtube.com\/channel\/UCua4Qvz8Icb6MYqhoq9xLXw"]},{"@type":"Person","@id":"https:\/\/informelitoral.com.ar\/#\/schema\/person\/b9d00407c836482871ef1d57bf8e3180","name":"Gonzalo Schmidt","image":{"@type":"ImageObject","inLanguage":"es","@id":"https:\/\/secure.gravatar.com\/avatar\/31a1a7b66ff2de83bd0e9fd79d026630d2d99e55e8bfe501287647b4fd9743de?s=96&d=mm&r=g","url":"https:\/\/secure.gravatar.com\/avatar\/31a1a7b66ff2de83bd0e9fd79d026630d2d99e55e8bfe501287647b4fd9743de?s=96&d=mm&r=g","contentUrl":"https:\/\/secure.gravatar.com\/avatar\/31a1a7b66ff2de83bd0e9fd79d026630d2d99e55e8bfe501287647b4fd9743de?s=96&d=mm&r=g","caption":"Gonzalo Schmidt"},"description":"Sitio web de noticias de la provincia de Entre R\u00edos, Argentina. Informaci\u00f3n y entretenimiento. Informe Litoral, nos informamos.","sameAs":["http:\/\/www.isletasnoticias.com.ar"],"url":"https:\/\/informelitoral.com.ar\/author\/gonzalo\/"}]}},"_links":{"self":[{"href":"https:\/\/informelitoral.com.ar\/%77%70%2d%6a%73%6f%6e\/wp\/v2\/posts\/40841","targetHints":{"allow":["GET"]}}],"collection":[{"href":"https:\/\/informelitoral.com.ar\/%77%70%2d%6a%73%6f%6e\/wp\/v2\/posts"}],"about":[{"href":"https:\/\/informelitoral.com.ar\/%77%70%2d%6a%73%6f%6e\/wp\/v2\/types\/post"}],"author":[{"embeddable":true,"href":"https:\/\/informelitoral.com.ar\/%77%70%2d%6a%73%6f%6e\/wp\/v2\/users\/2"}],"replies":[{"embeddable":true,"href":"https:\/\/informelitoral.com.ar\/%77%70%2d%6a%73%6f%6e\/wp\/v2\/comments?post=40841"}],"version-history":[{"count":0,"href":"https:\/\/informelitoral.com.ar\/%77%70%2d%6a%73%6f%6e\/wp\/v2\/posts\/40841\/revisions"}],"wp:featuredmedia":[{"embeddable":true,"href":"https:\/\/informelitoral.com.ar\/%77%70%2d%6a%73%6f%6e\/wp\/v2\/media\/40842"}],"wp:attachment":[{"href":"https:\/\/informelitoral.com.ar\/%77%70%2d%6a%73%6f%6e\/wp\/v2\/media?parent=40841"}],"wp:term":[{"taxonomy":"category","embeddable":true,"href":"https:\/\/informelitoral.com.ar\/%77%70%2d%6a%73%6f%6e\/wp\/v2\/categories?post=40841"},{"taxonomy":"post_tag","embeddable":true,"href":"https:\/\/informelitoral.com.ar\/%77%70%2d%6a%73%6f%6e\/wp\/v2\/tags?post=40841"}],"curies":[{"name":"wp","href":"https:\/\/api.w.org\/{rel}","templated":true}]}}