{"id":4084,"date":"2013-11-04T13:05:08","date_gmt":"2013-11-04T16:05:08","guid":{"rendered":"http:\/\/www.isletasnoticias.com.ar\/?p=4084"},"modified":"2013-11-04T13:07:22","modified_gmt":"2013-11-04T16:07:22","slug":"por-instalacion-de-granjas-avicolas-embrozan-un-camino","status":"publish","type":"post","link":"https:\/\/informelitoral.com.ar\/por-instalacion-de-granjas-avicolas-embrozan-un-camino\/","title":{"rendered":"Por instalaci\u00f3n de granjas av\u00edcolas, embrozan un camino"},"content":{"rendered":"<p><strong>En un tramo del camino de tierra que une Isletas con Ram\u00edrez, tambi\u00e9n conocido como \u00abCamino de Abajo\u00bb. Las granjas se instalan en dos establecimientos, en uno de los cuales las tareas ya est\u00e1n en la etapa final y en el restante los trabajos comenzar\u00edan en los pr\u00f3ximos d\u00edas.<\/strong><\/p>\n<p><a href=\"http:\/\/www.isletasnoticias.com.ar\/%77%70%2d%63%6f%6e%74%65%6e%74\/uploads\/2013\/11\/ARCHI_50817.jpg\"><img loading=\"lazy\" decoding=\"async\" class=\"size-medium wp-image-4085 alignright\" title=\"Embrozan camino por la instalaci\u00f3n de granjas av\u00edcolas. Imagen ilustrativa.\" alt=\"\" src=\"http:\/\/www.isletasnoticias.com.ar\/%77%70%2d%63%6f%6e%74%65%6e%74\/uploads\/2013\/11\/ARCHI_50817-300x184.jpg\" width=\"300\" height=\"184\" srcset=\"https:\/\/informelitoral.com.ar\/%77%70%2d%63%6f%6e%74%65%6e%74\/uploads\/2013\/11\/ARCHI_50817-300x184.jpg 300w, https:\/\/informelitoral.com.ar\/%77%70%2d%63%6f%6e%74%65%6e%74\/uploads\/2013\/11\/ARCHI_50817.jpg 554w\" sizes=\"auto, (max-width: 300px) 100vw, 300px\" \/><\/a><\/p>\n<p>Ya se coloc\u00f3 broza en un tramo del camino de tierra que une Isletas, con Ram\u00edrez y pr\u00f3ximamente se realizar\u00eda la misma tarea en la parte restante, para completar alrededor de tres kil\u00f3metros desde el camino de ripio Costa Grande &#8211; Isletas &#8211; Ram\u00edrez.<\/p>\n<p>Los trabajos ser\u00edan realizados por empresarios privados, que adquirieron dos establecimientos para la explotaci\u00f3n av\u00edcola. La obra de una de las granjas ya est\u00e1 casi culminada y las restantes se comenzar\u00edan a construir en los pr\u00f3ximos d\u00edas.<\/p>\n<p>El embrozado que se realiza para sacar la producci\u00f3n de los mencionados establecimientos en d\u00edas de lluvia o barro, tambi\u00e9n beneficiar\u00eda a algunos vecinos que viven en el mencionado tramo.<\/p>\n","protected":false},"excerpt":{"rendered":"<p>En un tramo del camino de tierra que une Isletas con Ram&iacute;rez, tambi&eacute;n conocido como &laquo;Camino de Abajo&raquo;. Las granjas se instalan en dos establecimientos, en uno de los cuales las tareas ya est&aacute;n en la etapa final y en el restante los trabajos comenzar&iacute;an en los pr&oacute;ximos d&iacute;as. Ya se coloc&oacute; broza en un [&hellip;]<\/p>\n","protected":false},"author":2,"featured_media":0,"comment_status":"open","ping_status":"open","sticky":false,"template":"","format":"standard","meta":{"fifu_image_url":"","fifu_image_alt":"","footnotes":""},"categories":[4],"tags":[],"class_list":{"0":"post-4084","1":"post","2":"type-post","3":"status-publish","4":"format-standard","6":"category-locales"},"yoast_head":"<title>Por instalaci\u00f3n de granjas av\u00edcolas, embrozan un camino - Informe Litoral<\/title>\n<meta name=\"robots\" content=\"index, follow, max-snippet:-1, max-image-preview:large, max-video-preview:-1\" \/>\n<link rel=\"canonical\" href=\"https:\/\/informelitoral.com.ar\/por-instalacion-de-granjas-avicolas-embrozan-un-camino\/\" \/>\n<meta property=\"og:locale\" content=\"es_ES\" \/>\n<meta property=\"og:type\" content=\"article\" \/>\n<meta property=\"og:title\" content=\"Por instalaci\u00f3n de granjas av\u00edcolas, embrozan un camino - Informe Litoral\" \/>\n<meta property=\"og:description\" content=\"En un tramo del camino de tierra que une Isletas con Ram&iacute;rez, tambi&eacute;n conocido como &laquo;Camino de Abajo&raquo;. Las granjas se instalan en dos establecimientos, en uno de los cuales las tareas ya est&aacute;n en la etapa final y en el restante los trabajos comenzar&iacute;an en los pr&oacute;ximos d&iacute;as. Ya se coloc&oacute; broza en un [&hellip;]\" \/>\n<meta property=\"og:url\" content=\"https:\/\/informelitoral.com.ar\/por-instalacion-de-granjas-avicolas-embrozan-un-camino\/\" \/>\n<meta property=\"og:site_name\" content=\"Informe Litoral\" \/>\n<meta property=\"article:publisher\" content=\"https:\/\/www.facebook.com\/informelitoral\/\" \/>\n<meta property=\"article:published_time\" content=\"2013-11-04T16:05:08+00:00\" \/>\n<meta property=\"article:modified_time\" content=\"2013-11-04T16:07:22+00:00\" \/>\n<meta property=\"og:image\" content=\"https:\/\/informelitoral.com.ar\/%77%70%2d%63%6f%6e%74%65%6e%74\/uploads\/2013\/11\/ARCHI_50817.jpg\" \/>\n\t<meta property=\"og:image:width\" content=\"554\" \/>\n\t<meta property=\"og:image:height\" content=\"340\" \/>\n\t<meta property=\"og:image:type\" content=\"image\/jpeg\" \/>\n<meta name=\"author\" content=\"Gonzalo Schmidt\" \/>\n<meta name=\"twitter:card\" content=\"summary_large_image\" \/>\n<meta name=\"twitter:creator\" content=\"@InformeLitoral\" \/>\n<meta name=\"twitter:site\" content=\"@InformeLitoral\" \/>\n<meta name=\"twitter:label1\" content=\"Escrito por\" \/>\n\t<meta name=\"twitter:data1\" content=\"Gonzalo Schmidt\" \/>\n\t<meta name=\"twitter:label2\" content=\"Tiempo de lectura\" \/>\n\t<meta name=\"twitter:data2\" content=\"1 minuto\" \/>\n<script type=\"application\/ld+json\" class=\"yoast-schema-graph\">{\"@context\":\"https:\\\/\\\/schema.org\",\"@graph\":[{\"@type\":\"Article\",\"@id\":\"https:\\\/\\\/informelitoral.com.ar\\\/por-instalacion-de-granjas-avicolas-embrozan-un-camino\\\/#article\",\"isPartOf\":{\"@id\":\"https:\\\/\\\/informelitoral.com.ar\\\/por-instalacion-de-granjas-avicolas-embrozan-un-camino\\\/\"},\"author\":{\"name\":\"Gonzalo Schmidt\",\"@id\":\"https:\\\/\\\/informelitoral.com.ar\\\/#\\\/schema\\\/person\\\/b9d00407c836482871ef1d57bf8e3180\"},\"headline\":\"Por instalaci\u00f3n de granjas av\u00edcolas, embrozan un camino\",\"datePublished\":\"2013-11-04T16:05:08+00:00\",\"dateModified\":\"2013-11-04T16:07:22+00:00\",\"mainEntityOfPage\":{\"@id\":\"https:\\\/\\\/informelitoral.com.ar\\\/por-instalacion-de-granjas-avicolas-embrozan-un-camino\\\/\"},\"wordCount\":191,\"commentCount\":0,\"publisher\":{\"@id\":\"https:\\\/\\\/informelitoral.com.ar\\\/#organization\"},\"image\":{\"@id\":\"https:\\\/\\\/informelitoral.com.ar\\\/por-instalacion-de-granjas-avicolas-embrozan-un-camino\\\/#primaryimage\"},\"thumbnailUrl\":\"http:\\\/\\\/www.isletasnoticias.com.ar\\\/%77%70%2d%63%6f%6e%74%65%6e%74\\\/uploads\\\/2013\\\/11\\\/ARCHI_50817-300x184.jpg\",\"articleSection\":[\"Isletas\"],\"inLanguage\":\"es\",\"potentialAction\":[{\"@type\":\"CommentAction\",\"name\":\"Comment\",\"target\":[\"https:\\\/\\\/informelitoral.com.ar\\\/por-instalacion-de-granjas-avicolas-embrozan-un-camino\\\/#respond\"]}]},{\"@type\":\"WebPage\",\"@id\":\"https:\\\/\\\/informelitoral.com.ar\\\/por-instalacion-de-granjas-avicolas-embrozan-un-camino\\\/\",\"url\":\"https:\\\/\\\/informelitoral.com.ar\\\/por-instalacion-de-granjas-avicolas-embrozan-un-camino\\\/\",\"name\":\"Por instalaci\u00f3n de granjas av\u00edcolas, embrozan un camino - Informe Litoral\",\"isPartOf\":{\"@id\":\"https:\\\/\\\/informelitoral.com.ar\\\/#website\"},\"primaryImageOfPage\":{\"@id\":\"https:\\\/\\\/informelitoral.com.ar\\\/por-instalacion-de-granjas-avicolas-embrozan-un-camino\\\/#primaryimage\"},\"image\":{\"@id\":\"https:\\\/\\\/informelitoral.com.ar\\\/por-instalacion-de-granjas-avicolas-embrozan-un-camino\\\/#primaryimage\"},\"thumbnailUrl\":\"http:\\\/\\\/www.isletasnoticias.com.ar\\\/%77%70%2d%63%6f%6e%74%65%6e%74\\\/uploads\\\/2013\\\/11\\\/ARCHI_50817-300x184.jpg\",\"datePublished\":\"2013-11-04T16:05:08+00:00\",\"dateModified\":\"2013-11-04T16:07:22+00:00\",\"breadcrumb\":{\"@id\":\"https:\\\/\\\/informelitoral.com.ar\\\/por-instalacion-de-granjas-avicolas-embrozan-un-camino\\\/#breadcrumb\"},\"inLanguage\":\"es\",\"potentialAction\":[{\"@type\":\"ReadAction\",\"target\":[\"https:\\\/\\\/informelitoral.com.ar\\\/por-instalacion-de-granjas-avicolas-embrozan-un-camino\\\/\"]}]},{\"@type\":\"ImageObject\",\"inLanguage\":\"es\",\"@id\":\"https:\\\/\\\/informelitoral.com.ar\\\/por-instalacion-de-granjas-avicolas-embrozan-un-camino\\\/#primaryimage\",\"url\":\"http:\\\/\\\/www.isletasnoticias.com.ar\\\/%77%70%2d%63%6f%6e%74%65%6e%74\\\/uploads\\\/2013\\\/11\\\/ARCHI_50817-300x184.jpg\",\"contentUrl\":\"http:\\\/\\\/www.isletasnoticias.com.ar\\\/%77%70%2d%63%6f%6e%74%65%6e%74\\\/uploads\\\/2013\\\/11\\\/ARCHI_50817-300x184.jpg\"},{\"@type\":\"BreadcrumbList\",\"@id\":\"https:\\\/\\\/informelitoral.com.ar\\\/por-instalacion-de-granjas-avicolas-embrozan-un-camino\\\/#breadcrumb\",\"itemListElement\":[{\"@type\":\"ListItem\",\"position\":1,\"name\":\"Portada\",\"item\":\"https:\\\/\\\/informelitoral.com.ar\\\/\"},{\"@type\":\"ListItem\",\"position\":2,\"name\":\"Por instalaci\u00f3n de granjas av\u00edcolas, embrozan un camino\"}]},{\"@type\":\"WebSite\",\"@id\":\"https:\\\/\\\/informelitoral.com.ar\\\/#website\",\"url\":\"https:\\\/\\\/informelitoral.com.ar\\\/\",\"name\":\"Informe Litoral\",\"description\":\"&quot;Nos informamos&quot; \",\"publisher\":{\"@id\":\"https:\\\/\\\/informelitoral.com.ar\\\/#organization\"},\"potentialAction\":[{\"@type\":\"SearchAction\",\"target\":{\"@type\":\"EntryPoint\",\"urlTemplate\":\"https:\\\/\\\/informelitoral.com.ar\\\/?s={search_term_string}\"},\"query-input\":{\"@type\":\"PropertyValueSpecification\",\"valueRequired\":true,\"valueName\":\"search_term_string\"}}],\"inLanguage\":\"es\"},{\"@type\":\"Organization\",\"@id\":\"https:\\\/\\\/informelitoral.com.ar\\\/#organization\",\"name\":\"Informe Litoral\",\"url\":\"https:\\\/\\\/informelitoral.com.ar\\\/\",\"logo\":{\"@type\":\"ImageObject\",\"inLanguage\":\"es\",\"@id\":\"https:\\\/\\\/informelitoral.com.ar\\\/#\\\/schema\\\/logo\\\/image\\\/\",\"url\":\"https:\\\/\\\/informelitoral.com.ar\\\/%77%70%2d%63%6f%6e%74%65%6e%74\\\/uploads\\\/2021\\\/01\\\/circulo.png\",\"contentUrl\":\"https:\\\/\\\/informelitoral.com.ar\\\/%77%70%2d%63%6f%6e%74%65%6e%74\\\/uploads\\\/2021\\\/01\\\/circulo.png\",\"width\":723,\"height\":731,\"caption\":\"Informe Litoral\"},\"image\":{\"@id\":\"https:\\\/\\\/informelitoral.com.ar\\\/#\\\/schema\\\/logo\\\/image\\\/\"},\"sameAs\":[\"https:\\\/\\\/www.facebook.com\\\/informelitoral\\\/\",\"https:\\\/\\\/x.com\\\/InformeLitoral\",\"https:\\\/\\\/www.instagram.com\\\/informelitoral\\\/\",\"https:\\\/\\\/www.youtube.com\\\/channel\\\/UCua4Qvz8Icb6MYqhoq9xLXw\"]},{\"@type\":\"Person\",\"@id\":\"https:\\\/\\\/informelitoral.com.ar\\\/#\\\/schema\\\/person\\\/b9d00407c836482871ef1d57bf8e3180\",\"name\":\"Gonzalo Schmidt\",\"image\":{\"@type\":\"ImageObject\",\"inLanguage\":\"es\",\"@id\":\"https:\\\/\\\/secure.gravatar.com\\\/avatar\\\/31a1a7b66ff2de83bd0e9fd79d026630d2d99e55e8bfe501287647b4fd9743de?s=96&d=mm&r=g\",\"url\":\"https:\\\/\\\/secure.gravatar.com\\\/avatar\\\/31a1a7b66ff2de83bd0e9fd79d026630d2d99e55e8bfe501287647b4fd9743de?s=96&d=mm&r=g\",\"contentUrl\":\"https:\\\/\\\/secure.gravatar.com\\\/avatar\\\/31a1a7b66ff2de83bd0e9fd79d026630d2d99e55e8bfe501287647b4fd9743de?s=96&d=mm&r=g\",\"caption\":\"Gonzalo Schmidt\"},\"description\":\"Sitio web de noticias de la provincia de Entre R\u00edos, Argentina. Informaci\u00f3n y entretenimiento. Informe Litoral, nos informamos.\",\"sameAs\":[\"http:\\\/\\\/www.isletasnoticias.com.ar\"],\"url\":\"https:\\\/\\\/informelitoral.com.ar\\\/author\\\/gonzalo\\\/\"}]}<\/script>","yoast_head_json":{"title":"Por instalaci\u00f3n de granjas av\u00edcolas, embrozan un camino - Informe Litoral","robots":{"index":"index","follow":"follow","max-snippet":"max-snippet:-1","max-image-preview":"max-image-preview:large","max-video-preview":"max-video-preview:-1"},"canonical":"https:\/\/informelitoral.com.ar\/por-instalacion-de-granjas-avicolas-embrozan-un-camino\/","og_locale":"es_ES","og_type":"article","og_title":"Por instalaci\u00f3n de granjas av\u00edcolas, embrozan un camino - Informe Litoral","og_description":"En un tramo del camino de tierra que une Isletas con Ram&iacute;rez, tambi&eacute;n conocido como &laquo;Camino de Abajo&raquo;. Las granjas se instalan en dos establecimientos, en uno de los cuales las tareas ya est&aacute;n en la etapa final y en el restante los trabajos comenzar&iacute;an en los pr&oacute;ximos d&iacute;as. Ya se coloc&oacute; broza en un [&hellip;]","og_url":"https:\/\/informelitoral.com.ar\/por-instalacion-de-granjas-avicolas-embrozan-un-camino\/","og_site_name":"Informe Litoral","article_publisher":"https:\/\/www.facebook.com\/informelitoral\/","article_published_time":"2013-11-04T16:05:08+00:00","article_modified_time":"2013-11-04T16:07:22+00:00","og_image":[{"width":554,"height":340,"url":"https:\/\/informelitoral.com.ar\/%77%70%2d%63%6f%6e%74%65%6e%74\/uploads\/2013\/11\/ARCHI_50817.jpg","type":"image\/jpeg"}],"author":"Gonzalo Schmidt","twitter_card":"summary_large_image","twitter_creator":"@InformeLitoral","twitter_site":"@InformeLitoral","twitter_misc":{"Escrito por":"Gonzalo Schmidt","Tiempo de lectura":"1 minuto"},"schema":{"@context":"https:\/\/schema.org","@graph":[{"@type":"Article","@id":"https:\/\/informelitoral.com.ar\/por-instalacion-de-granjas-avicolas-embrozan-un-camino\/#article","isPartOf":{"@id":"https:\/\/informelitoral.com.ar\/por-instalacion-de-granjas-avicolas-embrozan-un-camino\/"},"author":{"name":"Gonzalo Schmidt","@id":"https:\/\/informelitoral.com.ar\/#\/schema\/person\/b9d00407c836482871ef1d57bf8e3180"},"headline":"Por instalaci\u00f3n de granjas av\u00edcolas, embrozan un camino","datePublished":"2013-11-04T16:05:08+00:00","dateModified":"2013-11-04T16:07:22+00:00","mainEntityOfPage":{"@id":"https:\/\/informelitoral.com.ar\/por-instalacion-de-granjas-avicolas-embrozan-un-camino\/"},"wordCount":191,"commentCount":0,"publisher":{"@id":"https:\/\/informelitoral.com.ar\/#organization"},"image":{"@id":"https:\/\/informelitoral.com.ar\/por-instalacion-de-granjas-avicolas-embrozan-un-camino\/#primaryimage"},"thumbnailUrl":"http:\/\/www.isletasnoticias.com.ar\/%77%70%2d%63%6f%6e%74%65%6e%74\/uploads\/2013\/11\/ARCHI_50817-300x184.jpg","articleSection":["Isletas"],"inLanguage":"es","potentialAction":[{"@type":"CommentAction","name":"Comment","target":["https:\/\/informelitoral.com.ar\/por-instalacion-de-granjas-avicolas-embrozan-un-camino\/#respond"]}]},{"@type":"WebPage","@id":"https:\/\/informelitoral.com.ar\/por-instalacion-de-granjas-avicolas-embrozan-un-camino\/","url":"https:\/\/informelitoral.com.ar\/por-instalacion-de-granjas-avicolas-embrozan-un-camino\/","name":"Por instalaci\u00f3n de granjas av\u00edcolas, embrozan un camino - Informe Litoral","isPartOf":{"@id":"https:\/\/informelitoral.com.ar\/#website"},"primaryImageOfPage":{"@id":"https:\/\/informelitoral.com.ar\/por-instalacion-de-granjas-avicolas-embrozan-un-camino\/#primaryimage"},"image":{"@id":"https:\/\/informelitoral.com.ar\/por-instalacion-de-granjas-avicolas-embrozan-un-camino\/#primaryimage"},"thumbnailUrl":"http:\/\/www.isletasnoticias.com.ar\/%77%70%2d%63%6f%6e%74%65%6e%74\/uploads\/2013\/11\/ARCHI_50817-300x184.jpg","datePublished":"2013-11-04T16:05:08+00:00","dateModified":"2013-11-04T16:07:22+00:00","breadcrumb":{"@id":"https:\/\/informelitoral.com.ar\/por-instalacion-de-granjas-avicolas-embrozan-un-camino\/#breadcrumb"},"inLanguage":"es","potentialAction":[{"@type":"ReadAction","target":["https:\/\/informelitoral.com.ar\/por-instalacion-de-granjas-avicolas-embrozan-un-camino\/"]}]},{"@type":"ImageObject","inLanguage":"es","@id":"https:\/\/informelitoral.com.ar\/por-instalacion-de-granjas-avicolas-embrozan-un-camino\/#primaryimage","url":"http:\/\/www.isletasnoticias.com.ar\/%77%70%2d%63%6f%6e%74%65%6e%74\/uploads\/2013\/11\/ARCHI_50817-300x184.jpg","contentUrl":"http:\/\/www.isletasnoticias.com.ar\/%77%70%2d%63%6f%6e%74%65%6e%74\/uploads\/2013\/11\/ARCHI_50817-300x184.jpg"},{"@type":"BreadcrumbList","@id":"https:\/\/informelitoral.com.ar\/por-instalacion-de-granjas-avicolas-embrozan-un-camino\/#breadcrumb","itemListElement":[{"@type":"ListItem","position":1,"name":"Portada","item":"https:\/\/informelitoral.com.ar\/"},{"@type":"ListItem","position":2,"name":"Por instalaci\u00f3n de granjas av\u00edcolas, embrozan un camino"}]},{"@type":"WebSite","@id":"https:\/\/informelitoral.com.ar\/#website","url":"https:\/\/informelitoral.com.ar\/","name":"Informe Litoral","description":"&quot;Nos informamos&quot; ","publisher":{"@id":"https:\/\/informelitoral.com.ar\/#organization"},"potentialAction":[{"@type":"SearchAction","target":{"@type":"EntryPoint","urlTemplate":"https:\/\/informelitoral.com.ar\/?s={search_term_string}"},"query-input":{"@type":"PropertyValueSpecification","valueRequired":true,"valueName":"search_term_string"}}],"inLanguage":"es"},{"@type":"Organization","@id":"https:\/\/informelitoral.com.ar\/#organization","name":"Informe Litoral","url":"https:\/\/informelitoral.com.ar\/","logo":{"@type":"ImageObject","inLanguage":"es","@id":"https:\/\/informelitoral.com.ar\/#\/schema\/logo\/image\/","url":"https:\/\/informelitoral.com.ar\/%77%70%2d%63%6f%6e%74%65%6e%74\/uploads\/2021\/01\/circulo.png","contentUrl":"https:\/\/informelitoral.com.ar\/%77%70%2d%63%6f%6e%74%65%6e%74\/uploads\/2021\/01\/circulo.png","width":723,"height":731,"caption":"Informe Litoral"},"image":{"@id":"https:\/\/informelitoral.com.ar\/#\/schema\/logo\/image\/"},"sameAs":["https:\/\/www.facebook.com\/informelitoral\/","https:\/\/x.com\/InformeLitoral","https:\/\/www.instagram.com\/informelitoral\/","https:\/\/www.youtube.com\/channel\/UCua4Qvz8Icb6MYqhoq9xLXw"]},{"@type":"Person","@id":"https:\/\/informelitoral.com.ar\/#\/schema\/person\/b9d00407c836482871ef1d57bf8e3180","name":"Gonzalo Schmidt","image":{"@type":"ImageObject","inLanguage":"es","@id":"https:\/\/secure.gravatar.com\/avatar\/31a1a7b66ff2de83bd0e9fd79d026630d2d99e55e8bfe501287647b4fd9743de?s=96&d=mm&r=g","url":"https:\/\/secure.gravatar.com\/avatar\/31a1a7b66ff2de83bd0e9fd79d026630d2d99e55e8bfe501287647b4fd9743de?s=96&d=mm&r=g","contentUrl":"https:\/\/secure.gravatar.com\/avatar\/31a1a7b66ff2de83bd0e9fd79d026630d2d99e55e8bfe501287647b4fd9743de?s=96&d=mm&r=g","caption":"Gonzalo Schmidt"},"description":"Sitio web de noticias de la provincia de Entre R\u00edos, Argentina. Informaci\u00f3n y entretenimiento. Informe Litoral, nos informamos.","sameAs":["http:\/\/www.isletasnoticias.com.ar"],"url":"https:\/\/informelitoral.com.ar\/author\/gonzalo\/"}]}},"_links":{"self":[{"href":"https:\/\/informelitoral.com.ar\/%77%70%2d%6a%73%6f%6e\/wp\/v2\/posts\/4084","targetHints":{"allow":["GET"]}}],"collection":[{"href":"https:\/\/informelitoral.com.ar\/%77%70%2d%6a%73%6f%6e\/wp\/v2\/posts"}],"about":[{"href":"https:\/\/informelitoral.com.ar\/%77%70%2d%6a%73%6f%6e\/wp\/v2\/types\/post"}],"author":[{"embeddable":true,"href":"https:\/\/informelitoral.com.ar\/%77%70%2d%6a%73%6f%6e\/wp\/v2\/users\/2"}],"replies":[{"embeddable":true,"href":"https:\/\/informelitoral.com.ar\/%77%70%2d%6a%73%6f%6e\/wp\/v2\/comments?post=4084"}],"version-history":[{"count":0,"href":"https:\/\/informelitoral.com.ar\/%77%70%2d%6a%73%6f%6e\/wp\/v2\/posts\/4084\/revisions"}],"wp:attachment":[{"href":"https:\/\/informelitoral.com.ar\/%77%70%2d%6a%73%6f%6e\/wp\/v2\/media?parent=4084"}],"wp:term":[{"taxonomy":"category","embeddable":true,"href":"https:\/\/informelitoral.com.ar\/%77%70%2d%6a%73%6f%6e\/wp\/v2\/categories?post=4084"},{"taxonomy":"post_tag","embeddable":true,"href":"https:\/\/informelitoral.com.ar\/%77%70%2d%6a%73%6f%6e\/wp\/v2\/tags?post=4084"}],"curies":[{"name":"wp","href":"https:\/\/api.w.org\/{rel}","templated":true}]}}