{"id":40651,"date":"2020-03-05T15:17:37","date_gmt":"2020-03-05T18:17:37","guid":{"rendered":"https:\/\/www.isletasnoticias.com.ar\/?p=40651"},"modified":"2020-03-05T15:23:00","modified_gmt":"2020-03-05T18:23:00","slug":"el-discurso-de-gustavo-vergara-en-la-apertura-del-periodo-de-sesiones","status":"publish","type":"post","link":"https:\/\/informelitoral.com.ar\/el-discurso-de-gustavo-vergara-en-la-apertura-del-periodo-de-sesiones\/","title":{"rendered":"El discurso de Gustavo Vergara en la apertura del periodo de sesiones"},"content":{"rendered":"<p>El intendente de General Ram\u00edrez, <strong>Gustavo Vergara<\/strong>, dej\u00f3 inaugurado el pasado martes, el <strong>periodo de Sesiones Ordinarias<\/strong> en el Sal\u00f3n de los Escudos del Honorable Concejo Deliberante.<\/p>\n<p><a href=\"https:\/\/www.isletasnoticias.com.ar\/%77%70%2d%63%6f%6e%74%65%6e%74\/uploads\/2020\/03\/gustavo-vergara-apertura-de-sesiones.jpg\"><img loading=\"lazy\" decoding=\"async\" class=\"aligncenter wp-image-40653 size-full\" src=\"https:\/\/www.isletasnoticias.com.ar\/%77%70%2d%63%6f%6e%74%65%6e%74\/uploads\/2020\/03\/gustavo-vergara-apertura-de-sesiones.jpg\" alt=\"\" width=\"960\" height=\"640\" srcset=\"https:\/\/informelitoral.com.ar\/%77%70%2d%63%6f%6e%74%65%6e%74\/uploads\/2020\/03\/gustavo-vergara-apertura-de-sesiones.jpg 960w, https:\/\/informelitoral.com.ar\/%77%70%2d%63%6f%6e%74%65%6e%74\/uploads\/2020\/03\/gustavo-vergara-apertura-de-sesiones-300x200.jpg 300w, https:\/\/informelitoral.com.ar\/%77%70%2d%63%6f%6e%74%65%6e%74\/uploads\/2020\/03\/gustavo-vergara-apertura-de-sesiones-768x512.jpg 768w, https:\/\/informelitoral.com.ar\/%77%70%2d%63%6f%6e%74%65%6e%74\/uploads\/2020\/03\/gustavo-vergara-apertura-de-sesiones-696x464.jpg 696w, https:\/\/informelitoral.com.ar\/%77%70%2d%63%6f%6e%74%65%6e%74\/uploads\/2020\/03\/gustavo-vergara-apertura-de-sesiones-630x420.jpg 630w\" sizes=\"auto, (max-width: 960px) 100vw, 960px\" \/><\/a><\/p>\n<p>Ante la presencia de los legisladores provinciales <strong>Juli\u00e1n Maneiro<\/strong> y <strong>Claudia Gieco<\/strong>, funcionarios, autoridades de diversas instituciones locales, ex concejales, presidentes de dicho cuerpo legislativo y p\u00fablico en general, Vergara <strong>present\u00f3 su informe de gesti\u00f3n del a\u00f1o 2019,<\/strong> se refiri\u00f3 a <strong>temas que forman parte de la agenda p\u00fablica de la ciudad<\/strong> e<strong> hizo anuncios<\/strong> que atraviesan el devenir de la gesti\u00f3n en este a\u00f1o.<\/p>\n<p>En el de su discurso el intendente destac\u00f3: \u201c<strong>En los \u00faltimos cuatro a\u00f1os vivimos un proceso de cambio como pocas veces en la historia de esta ciudad.<\/strong> Minimizarlo, ser\u00eda relativizar el esfuerzo que hicimos todos los ramirenses. Muchas cosas que vemos y disfrutamos y otras que a veces solo valoramos cuando dejan de estar. <strong>Ahora estamos listos para empezar con nuevos desaf\u00edos. Iremos de menor a mayor, buscando soluciones sostenibles y realizables<\/strong>.\u201d<\/p>\n<p><a href=\"https:\/\/www.isletasnoticias.com.ar\/%77%70%2d%63%6f%6e%74%65%6e%74\/uploads\/2020\/03\/88273565_1549935058490744_6312015355610923008_o.jpg\"><img loading=\"lazy\" decoding=\"async\" class=\"aligncenter wp-image-40654 size-full\" src=\"https:\/\/www.isletasnoticias.com.ar\/%77%70%2d%63%6f%6e%74%65%6e%74\/uploads\/2020\/03\/88273565_1549935058490744_6312015355610923008_o.jpg\" alt=\"\" width=\"960\" height=\"640\" srcset=\"https:\/\/informelitoral.com.ar\/%77%70%2d%63%6f%6e%74%65%6e%74\/uploads\/2020\/03\/88273565_1549935058490744_6312015355610923008_o.jpg 960w, https:\/\/informelitoral.com.ar\/%77%70%2d%63%6f%6e%74%65%6e%74\/uploads\/2020\/03\/88273565_1549935058490744_6312015355610923008_o-300x200.jpg 300w, https:\/\/informelitoral.com.ar\/%77%70%2d%63%6f%6e%74%65%6e%74\/uploads\/2020\/03\/88273565_1549935058490744_6312015355610923008_o-768x512.jpg 768w, https:\/\/informelitoral.com.ar\/%77%70%2d%63%6f%6e%74%65%6e%74\/uploads\/2020\/03\/88273565_1549935058490744_6312015355610923008_o-696x464.jpg 696w, https:\/\/informelitoral.com.ar\/%77%70%2d%63%6f%6e%74%65%6e%74\/uploads\/2020\/03\/88273565_1549935058490744_6312015355610923008_o-630x420.jpg 630w\" sizes=\"auto, (max-width: 960px) 100vw, 960px\" \/><\/a><\/p>\n<h3><strong>El discurso completo de Gustavo Vergara:<\/strong><\/h3>\n<p><em>\u00abBuenas noches a todos:<\/em><\/p>\n<p><em>Nos encontramos frente a un nuevo inicio del per\u00edodo de Sesiones Ordinarias, y significa para nosotros una oportunidad para contarles a todos los ramirenses cuales son los desaf\u00edos y las metas que tenemos para este a\u00f1o 2020.<\/em><\/p>\n<p><em>Estamos frente al inicio de una nueva gesti\u00f3n de gobierno. Ha culminado una etapa en la que la meta fue recuperar el tiempo perdido, asumiendo los desaf\u00edos m\u00e1s elementales tras a\u00f1os de verdadero abandono\u2026. Despu\u00e9s de mucho esfuerzo la vara qued\u00f3 m\u00e1s alta\u2026mucho m\u00e1s alta, y los desaf\u00edos se reconvirtieron en nuevos sue\u00f1os que antes hubieran sido inalcanzables, algunos de ellos hasta impensados. Pero aqu\u00ed estamos, y somos conscientes de que debemos ir por m\u00e1s.<\/em><\/p>\n<p><em>El primer desaf\u00edo es CONTINUAR con todo lo que logramos. La CONTINUIDAD ES UNA CONQUISTA en s\u00ed misma y PERMANECER un esfuerzo necesario. Cada d\u00eda estamos trabajando muy duro para consolidar los cambios que conquistamos y que elevan nuestra calidad de vida.<\/em><\/p>\n<p><em>En ese camino, se ha planteado que es momento de mirar al futuro, y coincidimos. Pero tambi\u00e9n es cierto que es dif\u00edcil hacer borr\u00f3n y cuenta nueva del pasado\u2026. todos lo tenemos, y por lo tanto la autocr\u00edtica se vuelve indispensable\u2026 no se trata de castigarnos sino de crecer, desde la verdad. Se ha dicho y es una verdad de Perogrullo: \u201cLos que no pueden recordar el pasado est\u00e1n condenados a repetirlo\u201d.<\/em><\/p>\n<p><em>En los \u00faltimos cuatro a\u00f1os vivimos un proceso de cambio como pocas veces en la historia de esta ciudad. Minimizarlo, ser\u00eda relativizar el esfuerzo que hicimos todos los ramirenses. El reciclado de residuos, el parque industrial, la adquisici\u00f3n de maquinarias, la transformaci\u00f3n de barrios completos, el despertar de la cultura y el deporte, la revalorizaci\u00f3n del trabajador municipal, las nuevas lagunas cloacales, el respeto por las personas y su dignidad, el pluralismo y la transparencia, la sencillez, el despertar de la cultura y el deporte, el hablar de frente de todos los temas y empezar a solucionarlos, y etc etc\u2026 tantas cosas que vemos y disfrutamos y otras que a veces solo valoramos cuando dejan de estar.<\/em><\/p>\n<p><em>Ahora estamos listos para empezar con nuevos desaf\u00edos. Iremos de menor a mayor, buscando soluciones sostenibles y realizables.<\/em><\/p>\n<p><em>En este sentido les compartimos las metas para este a\u00f1o:<\/em><\/p>\n<p><em>Queremos empezar por un tema del que muchos hablamos: las calles.<\/em><\/p>\n<p><em>Pongamos las cosas en su real dimensi\u00f3n. Ram\u00edrez tiene una extensi\u00f3n de 42 kil\u00f3metros de calles, de los cuales solo 17 est\u00e1n asfaltados, la mayor\u00eda de ellos hace casi 50 a\u00f1os y con necesidad de reparaci\u00f3n.<\/em><\/p>\n<p><em>Como lo hemos dicho tan solo el 41% de las calles de nuestra ciudad son de hormig\u00f3n o asfalto. El hormig\u00f3n en su mayor\u00eda tiene m\u00e1s de 50 a\u00f1os y el asfalto un promedio de 25, y como todos sabemos, son inversiones muy costosas que sucesivos gobiernos dejaron de hacer.<\/em><\/p>\n<p><em>En este punto, estamos lejos de ser la ciudad que a todos nos gustar\u00eda. Pero tambi\u00e9n es cierto que desde el a\u00f1o 2017 a esta parte ya hemos trabajado con soluciones sobre m\u00e1s del 50% de la trama vial.<\/em><\/p>\n<p><em>Este a\u00f1o por primera vez en Ram\u00edrez, realizaremos calles de pavimento articulado. Una alternativa de hormig\u00f3n de mejor precio y excelente calidad que nos permitir\u00e1 alcanzar mayor cantidad de calles con los mismos recursos.<\/em><\/p>\n<p><em>Continuando con el trabajo iniciado en los \u00faltimos dos a\u00f1os, en 2020 ejecutaremos la estabilizaci\u00f3n de 80 cuadras con piedra mora o de arroyo en distintos puntos de la ciudad. La continuidad de este plan de mejorado permitir\u00e1 eliminar definitivamente las calles de brosa o tierra en Ram\u00edrez para el primer semestre del pr\u00f3ximo a\u00f1o. Todo ello con maquinaria y recursos propios. El plan comienza esta semana en calle Lavalle, Echag\u00fce y Barrio Ram\u00edrez Norte.<\/em><\/p>\n<p><em>Tambi\u00e9n est\u00e1 previsto este a\u00f1o reparar calle Libertad, para luego en conjunto con los vecinos, analizar la modernizaci\u00f3n y re funcionalizaci\u00f3n urban\u00edstica, de este espacio vital de la ciudad. Ram\u00edrez necesita un centro urbano jerarquizado y este a\u00f1o empezaremos con esas obras, para progresivamente lograrlo al finalizar la gesti\u00f3n.<\/em><\/p>\n<p><em>En este sentido tambi\u00e9n trabajamos en el cord\u00f3n cuneta. Este a\u00f1o vamos a ejecutar 3000 metros m\u00e1s mediante el sistema de CONSORCIOS. Con estas obras estamos terminando de ejecutar todos los c\u00edrculos de ahorro abiertos en nuestra gesti\u00f3n, cumpliendo as\u00ed con la palabra dada, m\u00e1s all\u00e1 de los vaivenes de la econom\u00eda que implicaron para el Municipio un esfuerzo econ\u00f3mico mayor al previsto inicialmente.<\/em><\/p>\n<p><em>Este sistema ha probado su \u00e9xito y nos demuestra que en RAMIREZ podemos hacer obras p\u00fablicas de calidad, si unimos esfuerzos con inteligencia y compromiso. Por ello, este a\u00f1o vamos a ampliar las posibilidades que otorga el mismo hacia otras obras como, cloacas, veredas e incluso asfalto.<\/em><\/p>\n<p><em>Hay obras que son fundamentales para el desarrollo econ\u00f3mico de la ciudad y que debemos hacer junto al gobierno provincial: el asfaltado del Acceso Norte Guillermo Bender es una de ellas. Del mismo modo, trabajaremos en el mejoramiento de las condiciones de seguridad del acceso principal a la ciudad, obra que pertenece a Vialidad Nacional y con quien seguiremos haciendo las gestiones hasta concretar entre otras las d\u00e1rsenas y un mejoramiento en la se\u00f1alizaci\u00f3n y seguridad vial.<\/em><\/p>\n<p><em>No debemos olvidar que el mantenimiento de los caminos de la producci\u00f3n seguir\u00e1 siendo un eje de nuestra gesti\u00f3n en obras p\u00fablicas. Estamos trabajando sobre la totalidad de los caminos rurales, para que la producci\u00f3n llegue a Ram\u00edrez.<\/em><\/p>\n<p><em>En este sentido, iniciaremos un relevamiento completo de los caminos, buscando fortalecer la micro regi\u00f3n de la que somos parte.<\/em><\/p>\n<p><em>El trabajo articulado con el gobierno nacional y provincial va ser el mismo que hemos desarrollado en los \u00faltimos cuatro a\u00f1os, la ciudad est\u00e1 preparada para esta nueva relaci\u00f3n con proyectos ejecutivos, que es la condici\u00f3n sine qua non de un estado moderno.<\/em><\/p>\n<p><em>General Ram\u00edrez es una ciudad para disfrutar, y vivirla a trav\u00e9s de sus espacios verdes. La meta principal ser\u00e1 elevar el \u00edndice de espacios verdes por habitantes, sobre todo en los barrios y en espacios para nuestros j\u00f3venes. Trabajar en ellos es una cuenta pendiente que empezaremos a saldar este a\u00f1o. As\u00ed como lo hicimos con la fuente de Bv. Illia y Belgrano iniciaremos la restauraci\u00f3n y remodelaci\u00f3n de distintos hitos urbanos, y monumentos emblem\u00e1ticos de la ciudad, trabajando a su vez en la parquizaci\u00f3n y re forestaci\u00f3n.<\/em><\/p>\n<p><em>En este sentido, El Polideportivo es sin dudas uno de los espacios p\u00fablicos y de recreaci\u00f3n que m\u00e1s disfrutamos los ramirenses. Este a\u00f1o transformaremos la cancha exterior de b\u00e1squet en un play\u00f3n deportivo de usos m\u00faltiples, que permitir\u00e1 incorporar nuevas actividades.<\/em><\/p>\n<p><em>Tambi\u00e9n vamos a equipar el Poli con luminarias LED, y mejorar las piletas con la colocaci\u00f3n de baldosas at\u00e9rmicas.<\/em><\/p>\n<p><em>En el mismo sentido la Casa de la Cultura representa un lugar emblem\u00e1tico para todos los ramirenses. Este a\u00f1o iniciaremos un plan de refacci\u00f3n del edifico que comenzar\u00e1 por el recambio de parte de su techo.<\/em><\/p>\n<p><em>Otro espacio fundamental para nuestra calidad de vida es el ex basural. Vamos a seguir invirtiendo recursos en \u00e9l, apostando a ser una ciudad sustentable. En el 2020, concretaremos instalaci\u00f3n de la prensa y la colocaci\u00f3n de luces LED, iniciando as\u00ed la primera etapa de la PLANTA DE RECICLADO, lo que permitir\u00e1 incrementar los ingresos de la cooperativa de recicladores \u201cCreando Valores\u201d.<\/em><\/p>\n<p><em>Otra parte del espacio y la movilidad son las BICI SENDAS y CICLOVIAS. Obras que pretenden hacer de Ram\u00edrez una ciudad centrada en las personas y la movilidad segura. Este a\u00f1o vamos a ampliar la red con 2800 metros adicionales a los ya trazados. Ser\u00e1 un proceso paulatino y participativo, abriendo canales de di\u00e1logo con la meta de mejorar el sistema de movilidad y re pensar la manera en que nos movemos y vivimos en la ciudad.<\/em><\/p>\n<p><em>Por \u00faltimo, este 2020 los ramirenses empezamos a incorporar dos pulmones verdes a nuestra ciudad, lo que antes era un factor contaminante para muchos vecinos se convertir\u00e1 poco a poco en nuevos espacios de recreaci\u00f3n y encuentro. De eso se trata la eliminaci\u00f3n de las viejas lagunas cloacales, obra que esta gesti\u00f3n municipal concret\u00f3 trabajando muy duro junto al gobierno provincial.<\/em><\/p>\n<p><em>La relaci\u00f3n del municipio con los vecinos se fortalece a trav\u00e9s de los servicios. Esta es una tarea diaria que decidimos jerarquizar a partir de la creaci\u00f3n de la Secretar\u00eda de Servicios P\u00fablicos, con el objetivo de mejorar la calidad de las prestaciones y de estar siempre m\u00e1s cerca del vecino.<\/em><\/p>\n<p><em>Son innumerables los servicios que presta el Municipio y la demanda crece. Este a\u00f1o trabajaremos en el recambio de ca\u00f1er\u00edas de agua en distintos sectores de la ciudad, y en la sistematizaci\u00f3n del uso de las bombas de agua.<\/em><\/p>\n<p><em>En cuanto a la red cloacal trabajaremos en la ampliaci\u00f3n del servicio a mayor cantidad de vecinos.<\/em><\/p>\n<p><em>El vecino cuenta a partir de este a\u00f1o con una l\u00ednea de atenci\u00f3n para emergencias de lunes a viernes por la tarde, ampliando las l\u00edneas de comunicaci\u00f3n ya existentes. Esto implica en definitiva una l\u00ednea telef\u00f3nica activa durante todas las tardes y los fines de semana.<\/em><\/p>\n<p><em>Seguiremos trabajando en la sustituci\u00f3n progresiva de luces de sodio por l\u00e1mparas led.<\/em><\/p>\n<p><em>Despu\u00e9s de muchos a\u00f1os de trabajar desde adentro hacia afuera, ordenando el municipio\u2026 estamos decididos y preparados para ser protagonistas del crecimiento econ\u00f3mico de nuestra ciudad\u2026 convencidos de que el estado no es un actor de reparto en este sentido.<\/em><\/p>\n<p><em>Ram\u00edrez tiene una identidad productiva. Nuestro destino es ser una potencia regional que exprese esa cultura del trabajo, el esfuerzo y la superaci\u00f3n constante que caracteriza a los ramirenses.<\/em><\/p>\n<p><em>Esta consigna no qued\u00f3 en el discurso, con la adquisici\u00f3n del parque industrial el municipio realiz\u00f3 la mayor inversi\u00f3n de los \u00faltimos 30 a\u00f1os.<\/em><\/p>\n<p><em>Este a\u00f1o quedara definitivamente aprobado nuestro proyecto de Parque Industrial y de Servicios\u2026 una meta pendiente desde 1993.<\/em><\/p>\n<p><em>A partir de la venta de lotes, iniciaremos las primeras obras de infraestructura en el predio de 23 has adquiridas hace poco m\u00e1s de dos a\u00f1os<\/em><\/p>\n<p><em>El desarrollo del emprendedorismo es otro eslab\u00f3n de una cadena que vincula a peque\u00f1os y grandes empresarios en Ram\u00edrez. Con la inversi\u00f3n de otro $1.000.000 volveremos a impulsar la l\u00ednea de cr\u00e9ditos municipales con la que ya financiamos 14 proyectos productivos que ayudan a consolidar el empleo.<\/em><\/p>\n<p><em>La meta es articular m\u00e1s alternativas de financiamiento para el sector privado, trabajando junto al CFI, el Banco de la Naci\u00f3n Argentina, SIDECREER y la Subsecretaria de Emprendedores de la Naci\u00f3n.<\/em><\/p>\n<p><em>En este camino el Centro Comercial de la ciudad es un socio importante, por su trayectoria y nutrida relaci\u00f3n con el empresariado local.<\/em><\/p>\n<p><em>En el mismo sentido profundizaremos las herramientas de inclusi\u00f3n en el marco de la econom\u00eda social, a trav\u00e9s de ferias itinerantes como el mercado en tu barrio y otras ferias tem\u00e1ticas que incluyan a nuestros emprendedores y los vincule hacia la econom\u00eda formal.<\/em><\/p>\n<p><em>Mantendremos el programa de capacitaci\u00f3n anual para emprendedores, fortaleciendo as\u00ed a todo el ecosistema emprendedor.<\/em><\/p>\n<p><em>La municipalidad se ha convertido en una instituci\u00f3n que dialoga, moderna y flexible&#8230; que se adapta a los cambios y resuelve sus conflictos a partir de la b\u00fasqueda de consensos. Muchas de las soluciones que hoy son una realidad, han sido construidas poco a poco\u2026 el dialogo es un sacrificio de tiempo, pero sus frutos son m\u00e1s duraderos.<\/em><\/p>\n<p><em>Este a\u00f1o abriremos una de las etapas m\u00e1s importantes en nuestra mesa de dialogo con el Sindicato: adem\u00e1s de discutir paritarias, ropa de trabajo, etc. iniciaremos la redacci\u00f3n de un nuevo estatuto para el trabajador municipal. No se trata de un formalismo o un tema menor\u2026 son las reglas por las cuales se rige la vida interna y la convivencia dentro del municipio.<\/em><\/p>\n<p><em>Estableceremos nuevos derechos y deberes para adaptarnos a los nuevos tiempos y mejorar las condiciones de trabajo, dejando atr\u00e1s una norma redactada apenas finalizada la dictadura militar.<\/em><\/p>\n<p><em>Escuchar todas las voces, nos fortalece m\u00e1s a todos y nos permite ampliar derechos, este 2020 despu\u00e9s de m\u00e1s de 40 a\u00f1os eliminaremos definitivamente los contratos temporarios, categor\u00eda que implicaba desconocer derechos elementales como el acceso a la salud, las vacaciones, o los aportes jubilatorios. En definitiva: ya no existir\u00e1n m\u00e1s empleados de \u201csegunda categor\u00eda\u201d.<\/em><\/p>\n<p><em>Asimismo, trabajaremos juntos para construir 10 viviendas en los terrenos cedidos al sindicato gestionando el financiamiento del IAPV.<\/em><\/p>\n<p><em>Esa capacidad de dialogo gener\u00f3 v\u00ednculos que forman parte de nuestro patrimonio y no los vamos a perder. Seguiremos relacion\u00e1ndonos activamente con universidades, ONGs, Municipios, instituciones locales, consultoras y por supuesto el estado nacional, provincial y nuestros legisladores departamentales.<\/em><\/p>\n<p><em>Si hay algo que nos ha caracterizado es la capacidad de construir consensos y generar soluciones en conjunto. Desde una mirada estrat\u00e9gica, que busca objetivos en com\u00fan, que se basa en el respeto y donde todos ganamos.<\/em><\/p>\n<p><em>Mucho se habla de transparencia\u2026 y celebramos que despu\u00e9s de muchos a\u00f1os sea una tema de m\u00e1s importancia en la agenda ciudadana. Al respecto hay mucho para decir. Si lo comparamos, pocos municipios ofrecen informaci\u00f3n que los ramirenses tenemos hoy a un click de distancia. En la p\u00e1gina www.generalramirez.gob.ar podemos encontrar la informaci\u00f3n de la ejecuci\u00f3n presupuestaria y el detalle de todas las licitaciones y concursos que se realizan a diario\u2026 los vecinos pueden conocer exactamente en que gasta y en qu\u00e9 condiciones compra su Municipalidad.<\/em><\/p>\n<p><em>Asimismo, acceder a todas las normas vigentes: ordenanzas, decretos y resoluciones que hacen trasparentes todas las decisiones que se toman, desde un subsidio, hasta una licitaci\u00f3n.<\/em><\/p>\n<p><em>Este a\u00f1o, los vecinos pueden conocer los haberes que percibe el Presidente Municipal, funcionarios, concejales y todas las categor\u00edas de trabajadores municipales. Una herramienta m\u00e1s de control ciudadano, y un paso m\u00e1s en el fortalecimiento de la democracia.<\/em><\/p>\n<p><em>A t\u00edtulo personal y de quienes formamos parte del gabinete\u2026 creo que este fue un tema mal abordado, con informaci\u00f3n err\u00f3nea, confundiendo a la ciudadan\u00eda y alimentando m\u00e1s el misterio o el chisme que el debate sensato sobre el destino de los fondos p\u00fablicos o las tareas que cumplen los servidores del Estado\u2026 preguntas que en otras gestiones quedaron sin responder y que persisten respecto a otros ramirenses que ocupan cargos provinciales.<\/em><\/p>\n<p><em>Zanjada esta cuesti\u00f3n, creo que es momento de reflexionar y comenzar a discutir sobre un proyecto de ciudad, moderno e inclusivo. Ese es un deber de todos, gobierno y oposici\u00f3n.<\/em><\/p>\n<p><em>Como lo ha sido en estos 4 a\u00f1os, el Concejo Deliberante volver\u00e1 a ser el \u00e1mbito de discusi\u00f3n de los temas que a todos los ramirenses nos atraviesan. Vamos a profundizar el di\u00e1logo con todos los sectores, adem\u00e1s de seguir insertando al Concejo en la comunidad.<\/em><\/p>\n<p><em>Las puertas de este espacio\u2026 est\u00e1n abiertas a todos los ramirenses. El programa de \u201cEl Concejo en los Barrios\u201d va a ser reeditado con el objetivo de que m\u00e1s vecinos hagan o\u00edr su voz en su propio lugar.<\/em><\/p>\n<p><em>En el mismo sentido, vamos a continuar con el \u201cConcejo Juvenil\u201d. Una herramienta de participaci\u00f3n ciudadana y, sobre todo, de acercamiento de los j\u00f3venes a la pol\u00edtica.<\/em><\/p>\n<p><em>Asimismo, vamos a vincularnos con Universidades y ONGs para cumplir con La Ley Micaela de capacitaci\u00f3n en materia de g\u00e9nero para funcionarios y agentes del estado.<\/em><\/p>\n<p><em>Todas las pol\u00edticas p\u00fablicas han sido participativas e incluyentes en nuestra gesti\u00f3n. No hay instituciones peque\u00f1as ni grandes. Todas tienen un fin respetado por la municipalidad y seguiremos atendiendo cada una de sus demandas durante todo el a\u00f1o.<\/em><\/p>\n<p><em>La presencia del Estado Municipal abarca innumerables aspectos. En la actualidad transitamos un contexto social cada vez m\u00e1s complejo que impacta en las familias, como instituci\u00f3n social.<\/em><\/p>\n<p><em>Renovamos el compromiso a partir de ampliar y sostener los equipos que garantizan derechos vulnerados de mujeres y ni\u00f1os.<\/em><\/p>\n<p><em>De esta manera las violencias, los derechos vulnerados, la salud, las necesidades concretas son acordadas con equipos id\u00f3neos y comprometidos para brindar la mejor respuesta INSTITUCIONAL.<\/em><\/p>\n<p><em>Involucrarnos en est\u00e1s problem\u00e1ticas y hacerlas parte de la agenda p\u00fablica, es algo que nos enorgullece como municipio.<\/em><\/p>\n<p><em>En materia alimentaria, seguiremos trabajando con la Provincia y la Naci\u00f3n en la implementaci\u00f3n y ampliaci\u00f3n de la Tarjeta Alimentar.<\/em><\/p>\n<p><em>Garantizaremos tambi\u00e9n la continuidad del Programa Alimentario Municipal; las ayudas escolares y el comedor comunitario.<\/em><\/p>\n<p><em>Para los que MENOS TIENEN ESTUVIMOS, ESTAMOS Y SEGUIREMOS ACOMPA\u00d1ANDO A AQUELLAS FAMILIAS Que tienen dificultades y nos son alcanzadas por programas Nacionales y Provinciales.<\/em><\/p>\n<p><em>En materia de salud el CENTRO MUNICIPAL DE SALUD EVA PERON seguir\u00e1 siendo pionero en la acci\u00f3n comunitaria. Este a\u00f1o ampliamos el horario de atenci\u00f3n m\u00e9dica para dar mayores servicios a los vecinos del barrio.<\/em><\/p>\n<p><em>El cuidado de la integridad f\u00edsica de los ramirenses ha sido una prioridad par nosotros, y lo seguir\u00e1 siendo. Las \u00e1reas de seguridad alimentaria, comercial y vial mantendr\u00e1n su tarea profesional, y vamos a seguir equip\u00e1ndolas y moderniz\u00e1ndolas, con experiencias que son modelo reconocido en la regi\u00f3n. La presencia de nuestros agentes en la calle, es la representaci\u00f3n del Estado y como tal seguir\u00e1 teniendo el respaldo, sin excepciones. En el mismo sentido, la tem\u00e1tica de la seguridad ciudadana, ser\u00e1 abordada sin perjuicio de no ser una \u00f3rbita municipal espec\u00edfica. Para ello avanzaremos en la instalaci\u00f3n de c\u00e1maras de seguridad, en conjunto con el gobierno provincial.<\/em><\/p>\n<p><em>Desde que llegamos en diciembre de 2015, siempre hay algo para hacer en la ciudad. Hay m\u00e1s vida y se respira otro aire\u2026. La CULTURA y el DEPORTE despertaron como nunca antes, y van generando su propia agenda, la que no hace m\u00e1s que unir a los ramirenses y fortalecer nuestra identidad.<\/em><\/p>\n<p><em>La participaci\u00f3n en los distintos es cada vez m\u00e1s masiva. RAMIREZ FESTEJA este a\u00f1o se convertir\u00e1 en una vidriera de RAMIREZ para toda la regi\u00f3n, con el sello distintivo de la calidad, diversidad de expresiones, y la participaci\u00f3n de instituciones y vecinos en su conformaci\u00f3n. Del mismo modo EL TORNEO DE FUTBOL DE VERANO se ha convertido en un cita masiva que adem\u00e1s beneficia directamente a la econom\u00eda de nuestros clubes.<\/em><\/p>\n<p><em>La agenda cultural y deportiva ha sido tan intensa que la meta de mantenerla es sin dudas una gran conquista para este 2020. As\u00ed tambi\u00e9n sucede con los talleres art\u00edstico culturales y de oficios o las escuelas de deportes. Todas actividades libres y gratuitas que requieren de un gran esfuerzo log\u00edstico y econ\u00f3mico.<\/em><\/p>\n<p><em>En esta misma l\u00ednea el NIDO en Barrio Tanque, seguir\u00e1 siendo un espacio de integraci\u00f3n y desarrollo sostenido \u00edntegramente con el presupuesto municipal. Desaf\u00edo que asumimos y estamos cumpliendo.<\/em><\/p>\n<p><em>Y si bien la variada agenda de actividades deportivas y culturales es una conquista, el mayor logro es la amplia participaci\u00f3n de los ramirenses en un clima de mucha alegr\u00eda, o como dicen los j\u00f3venes\u2026con buena onda.<\/em><\/p>\n<p><em>La posibilidad de otorgar todas estas soluciones dependen de un trabajo muy duro y sostenido hacia adentro del Municipio como organizaci\u00f3n. Nuestras \u00e1reas t\u00e9cnicas: Asuntos Jur\u00eddicos, Compras, Tesorer\u00eda, Contadur\u00eda, Recursos Humanos, entre otras, se han profesionalizado notablemente, logrando un Estado m\u00e1s fuerte y por ende, con mayor capacidad de transformaci\u00f3n. Buscamos ser m\u00e1s eficientes y creativos y la experiencia adquirida en estos cuatro a\u00f1os al frente de la Administraci\u00f3n P\u00fablica es tambi\u00e9n un capital que vamos a volcar en beneficio de la gesti\u00f3n.<\/em><\/p>\n<p><em>En este sentido, este a\u00f1o trabajaremos en un plan de gesti\u00f3n de nuevos convenios para financiamiento de obra p\u00fablica a trav\u00e9s de nuevos mecanismos para la realizaci\u00f3n de la obra y el cobro de la misma.<\/em><\/p>\n<p><em>Iniciaremos un plan de reordenamiento del archivo municipal, revalorizaci\u00f3n y divulgaci\u00f3n de testimonios de valor hist\u00f3ricos existentes en dicho lugar.<\/em><\/p>\n<p><em>Asimismo vamos a lanzar un Plan de Conocimiento de Derechos y Acceso a la Justicia, denominado \u201cHospital de Derechos\u201d. A partir de la integraci\u00f3n con distintas \u00e1reas de la municipalidad, que actualmente se encuentra desarrollando distintas tareas de asistencia y asesoramiento legal, brindaremos el conocimiento de los derechos y acceso al ejercicio de los mismos, para personas que puedan necesitarlo. Para ello ya se iniciaron gestiones en tal sentido con el Ministerio de Justicia y Derechos Humanos de la Naci\u00f3n.<\/em><\/p>\n<p><em>En materia econ\u00f3mico financiera la creaci\u00f3n de una Administradora Tributaria obedece a la necesidad de ser m\u00e1s justos en la recaudaci\u00f3n. Fortalecer los ingresos con una mirada equitativa nos permitir\u00e1 fortalecer al Municipio.<\/em><\/p>\n<p><em>Queremos agradecer especialmente al contribuyente de Ram\u00edrez, que con su esfuerzo cumple y permite as\u00ed que el Municipio pueda cumplir con sus objetivos.<\/em><\/p>\n<p><em>Durante este a\u00f1o implementaremos nuevos canales de cobro, y formas de autogesti\u00f3n, como la liquidaci\u00f3n de la tasa comercial, agilizando tr\u00e1mites y reduciendo los tiempos que los mismos implican.<\/em><\/p>\n<p><em>Vamos a sostener la sana costumbre de preguntar precio por cada cosa que se compra, cuidando los recursos y reduciendo la discrecionalidad.<\/em><\/p>\n<p><em>El cronograma de pago de sueldos mantendr\u00e1 su religiosa puntualidad los primeros s\u00e1bados de cada mes o incluso antes. Sin ir m\u00e1s lejos, ma\u00f1ana estar\u00e1n acreditados la totalidad de los haberes.<\/em><\/p>\n<p><em>Estas medidas de fortalecimiento tambi\u00e9n ir\u00e1n dirigidas a los recursos humanos. Muchas soluciones para la ciudad salen de las manos de nuestros trabajadores municipales, hoy mejor preparados y equipados para la tarea. La mec\u00e1nica, la herrer\u00eda y la innumerable cantidad de carteles y se\u00f1alizaciones que vemos en la calle, son el resultados del esfuerzo de dichas \u00e1reas. S\u00f3lo a t\u00edtulo de ejemplo, en los \u00faltimos cuatro a\u00f1os se colocaron carteles nuevos en lugares donde no exist\u00edan con una inversi\u00f3n que supera el mill\u00f3n de pesos.<\/em><\/p>\n<p><em>La pol\u00edtica de capacitaciones para todo el personal seguir\u00e1 siendo una nota distintiva de nuestra gesti\u00f3n. ESTE A\u00d1O volveremos a trabajar en un plan de capacitaci\u00f3n para las \u00e1reas defensa civil y seguridad vial, con una mirada regional, incorporando a otras ciudades vecinas, y posicionando a Ram\u00edrez como un modelo de gesti\u00f3n en esta materia.<\/em><\/p>\n<p><em>Es mucho lo que podemos seguir enumerando, pero lo fundamental es que lo hacemos desde la convicci\u00f3n de que la funci\u00f3n p\u00fablica es una tarea de servicio, en la que dejamos todas nuestras fuerzas\u2026 cada d\u00eda trabajando con todas las pilas y manteniendo una sana obsesi\u00f3n por hacer las cosas bien.<\/em><\/p>\n<p><em>Hay mucho m\u00e1s por hacer\u2026vamos hacia una ciudad m\u00e1s limpia, m\u00e1s verde, m\u00e1s linda, m\u00e1s moderna, m\u00e1s progresista, donde podamos vivir mejor y donde haya m\u00e1s oportunidades y m\u00e1s cosas para hacer.<\/em><\/p>\n<p><em>Podemos ser una GRAN CIUDAD en la que todos quieran estar. Desde la tolerancia y el esfuerzo de cada uno, cada d\u00eda vamos construyendo un lugar para vivir.<\/em><\/p>\n<p><em>En ese camino, todo lo que est\u00e1 ocurriendo es decisi\u00f3n nuestra\u2026de los ramirenses\u2026 sigamos haciendo y mirando hacia adelante.<\/em><\/p>\n<p><em>Buenas noches\u00bb.\u00a0<\/em><\/p>\n","protected":false},"excerpt":{"rendered":"<p>El intendente de General Ram\u00edrez present\u00f3 su informe de gesti\u00f3n del 2019, se refiri\u00f3 a temas que forman parte de la agenda p\u00fablica de la ciudad e hizo anuncios para lo que resta del a\u00f1o.<\/p>\n","protected":false},"author":2,"featured_media":40653,"comment_status":"open","ping_status":"open","sticky":false,"template":"","format":"standard","meta":{"fifu_image_url":"","fifu_image_alt":"","footnotes":""},"categories":[5,16],"tags":[28,1194,556,263,1193,423,267,1433,173,27,1195],"class_list":{"0":"post-40651","1":"post","2":"type-post","3":"status-publish","4":"format-standard","5":"has-post-thumbnail","7":"category-zonales","8":"category-politi","9":"tag-alianza-ramirense","10":"tag-concejales","11":"tag-general-ramirez","12":"tag-gustavo-vergara","13":"tag-hcd","14":"tag-intendente","15":"tag-municipalidad","16":"tag-municipalidad-de-general-ramirez","17":"tag-municipio","18":"tag-ramirez","19":"tag-sesion"},"yoast_head":"<title>El discurso de Gustavo Vergara en la apertura del periodo de sesiones - Informe Litoral<\/title>\n<meta name=\"robots\" content=\"index, follow, max-snippet:-1, max-image-preview:large, max-video-preview:-1\" \/>\n<link rel=\"canonical\" href=\"https:\/\/informelitoral.com.ar\/el-discurso-de-gustavo-vergara-en-la-apertura-del-periodo-de-sesiones\/\" \/>\n<meta property=\"og:locale\" content=\"es_ES\" \/>\n<meta property=\"og:type\" content=\"article\" \/>\n<meta property=\"og:title\" content=\"El discurso de Gustavo Vergara en la apertura del periodo de sesiones - Informe Litoral\" \/>\n<meta property=\"og:description\" content=\"El intendente de General Ram\u00edrez present\u00f3 su informe de gesti\u00f3n del 2019, se refiri\u00f3 a temas que forman parte de la agenda p\u00fablica de la ciudad e hizo anuncios para lo que resta del a\u00f1o.\" \/>\n<meta property=\"og:url\" content=\"https:\/\/informelitoral.com.ar\/el-discurso-de-gustavo-vergara-en-la-apertura-del-periodo-de-sesiones\/\" \/>\n<meta property=\"og:site_name\" content=\"Informe Litoral\" \/>\n<meta property=\"article:publisher\" content=\"https:\/\/www.facebook.com\/informelitoral\/\" \/>\n<meta property=\"article:published_time\" content=\"2020-03-05T18:17:37+00:00\" \/>\n<meta property=\"article:modified_time\" content=\"2020-03-05T18:23:00+00:00\" \/>\n<meta property=\"og:image\" content=\"https:\/\/informelitoral.com.ar\/%77%70%2d%63%6f%6e%74%65%6e%74\/uploads\/2020\/03\/gustavo-vergara-apertura-de-sesiones.jpg\" \/>\n\t<meta property=\"og:image:width\" content=\"960\" \/>\n\t<meta property=\"og:image:height\" content=\"640\" \/>\n\t<meta property=\"og:image:type\" content=\"image\/jpeg\" \/>\n<meta name=\"author\" content=\"Gonzalo Schmidt\" \/>\n<meta name=\"twitter:card\" content=\"summary_large_image\" \/>\n<meta name=\"twitter:creator\" content=\"@InformeLitoral\" \/>\n<meta name=\"twitter:site\" content=\"@InformeLitoral\" \/>\n<meta name=\"twitter:label1\" content=\"Escrito por\" \/>\n\t<meta name=\"twitter:data1\" content=\"Gonzalo Schmidt\" \/>\n\t<meta name=\"twitter:label2\" content=\"Tiempo de lectura\" \/>\n\t<meta name=\"twitter:data2\" content=\"21 minutos\" \/>\n<script type=\"application\/ld+json\" class=\"yoast-schema-graph\">{\"@context\":\"https:\\\/\\\/schema.org\",\"@graph\":[{\"@type\":\"Article\",\"@id\":\"https:\\\/\\\/informelitoral.com.ar\\\/el-discurso-de-gustavo-vergara-en-la-apertura-del-periodo-de-sesiones\\\/#article\",\"isPartOf\":{\"@id\":\"https:\\\/\\\/informelitoral.com.ar\\\/el-discurso-de-gustavo-vergara-en-la-apertura-del-periodo-de-sesiones\\\/\"},\"author\":{\"name\":\"Gonzalo Schmidt\",\"@id\":\"https:\\\/\\\/informelitoral.com.ar\\\/#\\\/schema\\\/person\\\/b9d00407c836482871ef1d57bf8e3180\"},\"headline\":\"El discurso de Gustavo Vergara en la apertura del periodo de sesiones\",\"datePublished\":\"2020-03-05T18:17:37+00:00\",\"dateModified\":\"2020-03-05T18:23:00+00:00\",\"mainEntityOfPage\":{\"@id\":\"https:\\\/\\\/informelitoral.com.ar\\\/el-discurso-de-gustavo-vergara-en-la-apertura-del-periodo-de-sesiones\\\/\"},\"wordCount\":4198,\"commentCount\":0,\"publisher\":{\"@id\":\"https:\\\/\\\/informelitoral.com.ar\\\/#organization\"},\"image\":{\"@id\":\"https:\\\/\\\/informelitoral.com.ar\\\/el-discurso-de-gustavo-vergara-en-la-apertura-del-periodo-de-sesiones\\\/#primaryimage\"},\"thumbnailUrl\":\"https:\\\/\\\/informelitoral.com.ar\\\/%77%70%2d%63%6f%6e%74%65%6e%74\\\/uploads\\\/2020\\\/03\\\/gustavo-vergara-apertura-de-sesiones.jpg\",\"keywords\":[\"Alianza Ramirense\",\"Concejales\",\"General Ram\u00edrez\",\"Gustavo Vergara\",\"HCD\",\"Intendente\",\"Municipalidad\",\"Municipalidad de General Ram\u00edrez\",\"Municipio\",\"Ram\u00edrez\",\"Sesi\u00f3n\"],\"articleSection\":[\"Departamento Diamante\",\"Politica\"],\"inLanguage\":\"es\",\"potentialAction\":[{\"@type\":\"CommentAction\",\"name\":\"Comment\",\"target\":[\"https:\\\/\\\/informelitoral.com.ar\\\/el-discurso-de-gustavo-vergara-en-la-apertura-del-periodo-de-sesiones\\\/#respond\"]}]},{\"@type\":\"WebPage\",\"@id\":\"https:\\\/\\\/informelitoral.com.ar\\\/el-discurso-de-gustavo-vergara-en-la-apertura-del-periodo-de-sesiones\\\/\",\"url\":\"https:\\\/\\\/informelitoral.com.ar\\\/el-discurso-de-gustavo-vergara-en-la-apertura-del-periodo-de-sesiones\\\/\",\"name\":\"El discurso de Gustavo Vergara en la apertura del periodo de sesiones - Informe Litoral\",\"isPartOf\":{\"@id\":\"https:\\\/\\\/informelitoral.com.ar\\\/#website\"},\"primaryImageOfPage\":{\"@id\":\"https:\\\/\\\/informelitoral.com.ar\\\/el-discurso-de-gustavo-vergara-en-la-apertura-del-periodo-de-sesiones\\\/#primaryimage\"},\"image\":{\"@id\":\"https:\\\/\\\/informelitoral.com.ar\\\/el-discurso-de-gustavo-vergara-en-la-apertura-del-periodo-de-sesiones\\\/#primaryimage\"},\"thumbnailUrl\":\"https:\\\/\\\/informelitoral.com.ar\\\/%77%70%2d%63%6f%6e%74%65%6e%74\\\/uploads\\\/2020\\\/03\\\/gustavo-vergara-apertura-de-sesiones.jpg\",\"datePublished\":\"2020-03-05T18:17:37+00:00\",\"dateModified\":\"2020-03-05T18:23:00+00:00\",\"breadcrumb\":{\"@id\":\"https:\\\/\\\/informelitoral.com.ar\\\/el-discurso-de-gustavo-vergara-en-la-apertura-del-periodo-de-sesiones\\\/#breadcrumb\"},\"inLanguage\":\"es\",\"potentialAction\":[{\"@type\":\"ReadAction\",\"target\":[\"https:\\\/\\\/informelitoral.com.ar\\\/el-discurso-de-gustavo-vergara-en-la-apertura-del-periodo-de-sesiones\\\/\"]}]},{\"@type\":\"ImageObject\",\"inLanguage\":\"es\",\"@id\":\"https:\\\/\\\/informelitoral.com.ar\\\/el-discurso-de-gustavo-vergara-en-la-apertura-del-periodo-de-sesiones\\\/#primaryimage\",\"url\":\"https:\\\/\\\/informelitoral.com.ar\\\/%77%70%2d%63%6f%6e%74%65%6e%74\\\/uploads\\\/2020\\\/03\\\/gustavo-vergara-apertura-de-sesiones.jpg\",\"contentUrl\":\"https:\\\/\\\/informelitoral.com.ar\\\/%77%70%2d%63%6f%6e%74%65%6e%74\\\/uploads\\\/2020\\\/03\\\/gustavo-vergara-apertura-de-sesiones.jpg\",\"width\":960,\"height\":640},{\"@type\":\"BreadcrumbList\",\"@id\":\"https:\\\/\\\/informelitoral.com.ar\\\/el-discurso-de-gustavo-vergara-en-la-apertura-del-periodo-de-sesiones\\\/#breadcrumb\",\"itemListElement\":[{\"@type\":\"ListItem\",\"position\":1,\"name\":\"Portada\",\"item\":\"https:\\\/\\\/informelitoral.com.ar\\\/\"},{\"@type\":\"ListItem\",\"position\":2,\"name\":\"El discurso de Gustavo Vergara en la apertura del periodo de sesiones\"}]},{\"@type\":\"WebSite\",\"@id\":\"https:\\\/\\\/informelitoral.com.ar\\\/#website\",\"url\":\"https:\\\/\\\/informelitoral.com.ar\\\/\",\"name\":\"Informe Litoral\",\"description\":\"&quot;Nos informamos&quot; \",\"publisher\":{\"@id\":\"https:\\\/\\\/informelitoral.com.ar\\\/#organization\"},\"potentialAction\":[{\"@type\":\"SearchAction\",\"target\":{\"@type\":\"EntryPoint\",\"urlTemplate\":\"https:\\\/\\\/informelitoral.com.ar\\\/?s={search_term_string}\"},\"query-input\":{\"@type\":\"PropertyValueSpecification\",\"valueRequired\":true,\"valueName\":\"search_term_string\"}}],\"inLanguage\":\"es\"},{\"@type\":\"Organization\",\"@id\":\"https:\\\/\\\/informelitoral.com.ar\\\/#organization\",\"name\":\"Informe Litoral\",\"url\":\"https:\\\/\\\/informelitoral.com.ar\\\/\",\"logo\":{\"@type\":\"ImageObject\",\"inLanguage\":\"es\",\"@id\":\"https:\\\/\\\/informelitoral.com.ar\\\/#\\\/schema\\\/logo\\\/image\\\/\",\"url\":\"https:\\\/\\\/informelitoral.com.ar\\\/%77%70%2d%63%6f%6e%74%65%6e%74\\\/uploads\\\/2021\\\/01\\\/circulo.png\",\"contentUrl\":\"https:\\\/\\\/informelitoral.com.ar\\\/%77%70%2d%63%6f%6e%74%65%6e%74\\\/uploads\\\/2021\\\/01\\\/circulo.png\",\"width\":723,\"height\":731,\"caption\":\"Informe Litoral\"},\"image\":{\"@id\":\"https:\\\/\\\/informelitoral.com.ar\\\/#\\\/schema\\\/logo\\\/image\\\/\"},\"sameAs\":[\"https:\\\/\\\/www.facebook.com\\\/informelitoral\\\/\",\"https:\\\/\\\/x.com\\\/InformeLitoral\",\"https:\\\/\\\/www.instagram.com\\\/informelitoral\\\/\",\"https:\\\/\\\/www.youtube.com\\\/channel\\\/UCua4Qvz8Icb6MYqhoq9xLXw\"]},{\"@type\":\"Person\",\"@id\":\"https:\\\/\\\/informelitoral.com.ar\\\/#\\\/schema\\\/person\\\/b9d00407c836482871ef1d57bf8e3180\",\"name\":\"Gonzalo Schmidt\",\"image\":{\"@type\":\"ImageObject\",\"inLanguage\":\"es\",\"@id\":\"https:\\\/\\\/secure.gravatar.com\\\/avatar\\\/31a1a7b66ff2de83bd0e9fd79d026630d2d99e55e8bfe501287647b4fd9743de?s=96&d=mm&r=g\",\"url\":\"https:\\\/\\\/secure.gravatar.com\\\/avatar\\\/31a1a7b66ff2de83bd0e9fd79d026630d2d99e55e8bfe501287647b4fd9743de?s=96&d=mm&r=g\",\"contentUrl\":\"https:\\\/\\\/secure.gravatar.com\\\/avatar\\\/31a1a7b66ff2de83bd0e9fd79d026630d2d99e55e8bfe501287647b4fd9743de?s=96&d=mm&r=g\",\"caption\":\"Gonzalo Schmidt\"},\"description\":\"Sitio web de noticias de la provincia de Entre R\u00edos, Argentina. Informaci\u00f3n y entretenimiento. Informe Litoral, nos informamos.\",\"sameAs\":[\"http:\\\/\\\/www.isletasnoticias.com.ar\"],\"url\":\"https:\\\/\\\/informelitoral.com.ar\\\/author\\\/gonzalo\\\/\"}]}<\/script>","yoast_head_json":{"title":"El discurso de Gustavo Vergara en la apertura del periodo de sesiones - Informe Litoral","robots":{"index":"index","follow":"follow","max-snippet":"max-snippet:-1","max-image-preview":"max-image-preview:large","max-video-preview":"max-video-preview:-1"},"canonical":"https:\/\/informelitoral.com.ar\/el-discurso-de-gustavo-vergara-en-la-apertura-del-periodo-de-sesiones\/","og_locale":"es_ES","og_type":"article","og_title":"El discurso de Gustavo Vergara en la apertura del periodo de sesiones - Informe Litoral","og_description":"El intendente de General Ram\u00edrez present\u00f3 su informe de gesti\u00f3n del 2019, se refiri\u00f3 a temas que forman parte de la agenda p\u00fablica de la ciudad e hizo anuncios para lo que resta del a\u00f1o.","og_url":"https:\/\/informelitoral.com.ar\/el-discurso-de-gustavo-vergara-en-la-apertura-del-periodo-de-sesiones\/","og_site_name":"Informe Litoral","article_publisher":"https:\/\/www.facebook.com\/informelitoral\/","article_published_time":"2020-03-05T18:17:37+00:00","article_modified_time":"2020-03-05T18:23:00+00:00","og_image":[{"width":960,"height":640,"url":"https:\/\/informelitoral.com.ar\/%77%70%2d%63%6f%6e%74%65%6e%74\/uploads\/2020\/03\/gustavo-vergara-apertura-de-sesiones.jpg","type":"image\/jpeg"}],"author":"Gonzalo Schmidt","twitter_card":"summary_large_image","twitter_creator":"@InformeLitoral","twitter_site":"@InformeLitoral","twitter_misc":{"Escrito por":"Gonzalo Schmidt","Tiempo de lectura":"21 minutos"},"schema":{"@context":"https:\/\/schema.org","@graph":[{"@type":"Article","@id":"https:\/\/informelitoral.com.ar\/el-discurso-de-gustavo-vergara-en-la-apertura-del-periodo-de-sesiones\/#article","isPartOf":{"@id":"https:\/\/informelitoral.com.ar\/el-discurso-de-gustavo-vergara-en-la-apertura-del-periodo-de-sesiones\/"},"author":{"name":"Gonzalo Schmidt","@id":"https:\/\/informelitoral.com.ar\/#\/schema\/person\/b9d00407c836482871ef1d57bf8e3180"},"headline":"El discurso de Gustavo Vergara en la apertura del periodo de sesiones","datePublished":"2020-03-05T18:17:37+00:00","dateModified":"2020-03-05T18:23:00+00:00","mainEntityOfPage":{"@id":"https:\/\/informelitoral.com.ar\/el-discurso-de-gustavo-vergara-en-la-apertura-del-periodo-de-sesiones\/"},"wordCount":4198,"commentCount":0,"publisher":{"@id":"https:\/\/informelitoral.com.ar\/#organization"},"image":{"@id":"https:\/\/informelitoral.com.ar\/el-discurso-de-gustavo-vergara-en-la-apertura-del-periodo-de-sesiones\/#primaryimage"},"thumbnailUrl":"https:\/\/informelitoral.com.ar\/%77%70%2d%63%6f%6e%74%65%6e%74\/uploads\/2020\/03\/gustavo-vergara-apertura-de-sesiones.jpg","keywords":["Alianza Ramirense","Concejales","General Ram\u00edrez","Gustavo Vergara","HCD","Intendente","Municipalidad","Municipalidad de General Ram\u00edrez","Municipio","Ram\u00edrez","Sesi\u00f3n"],"articleSection":["Departamento Diamante","Politica"],"inLanguage":"es","potentialAction":[{"@type":"CommentAction","name":"Comment","target":["https:\/\/informelitoral.com.ar\/el-discurso-de-gustavo-vergara-en-la-apertura-del-periodo-de-sesiones\/#respond"]}]},{"@type":"WebPage","@id":"https:\/\/informelitoral.com.ar\/el-discurso-de-gustavo-vergara-en-la-apertura-del-periodo-de-sesiones\/","url":"https:\/\/informelitoral.com.ar\/el-discurso-de-gustavo-vergara-en-la-apertura-del-periodo-de-sesiones\/","name":"El discurso de Gustavo Vergara en la apertura del periodo de sesiones - Informe Litoral","isPartOf":{"@id":"https:\/\/informelitoral.com.ar\/#website"},"primaryImageOfPage":{"@id":"https:\/\/informelitoral.com.ar\/el-discurso-de-gustavo-vergara-en-la-apertura-del-periodo-de-sesiones\/#primaryimage"},"image":{"@id":"https:\/\/informelitoral.com.ar\/el-discurso-de-gustavo-vergara-en-la-apertura-del-periodo-de-sesiones\/#primaryimage"},"thumbnailUrl":"https:\/\/informelitoral.com.ar\/%77%70%2d%63%6f%6e%74%65%6e%74\/uploads\/2020\/03\/gustavo-vergara-apertura-de-sesiones.jpg","datePublished":"2020-03-05T18:17:37+00:00","dateModified":"2020-03-05T18:23:00+00:00","breadcrumb":{"@id":"https:\/\/informelitoral.com.ar\/el-discurso-de-gustavo-vergara-en-la-apertura-del-periodo-de-sesiones\/#breadcrumb"},"inLanguage":"es","potentialAction":[{"@type":"ReadAction","target":["https:\/\/informelitoral.com.ar\/el-discurso-de-gustavo-vergara-en-la-apertura-del-periodo-de-sesiones\/"]}]},{"@type":"ImageObject","inLanguage":"es","@id":"https:\/\/informelitoral.com.ar\/el-discurso-de-gustavo-vergara-en-la-apertura-del-periodo-de-sesiones\/#primaryimage","url":"https:\/\/informelitoral.com.ar\/%77%70%2d%63%6f%6e%74%65%6e%74\/uploads\/2020\/03\/gustavo-vergara-apertura-de-sesiones.jpg","contentUrl":"https:\/\/informelitoral.com.ar\/%77%70%2d%63%6f%6e%74%65%6e%74\/uploads\/2020\/03\/gustavo-vergara-apertura-de-sesiones.jpg","width":960,"height":640},{"@type":"BreadcrumbList","@id":"https:\/\/informelitoral.com.ar\/el-discurso-de-gustavo-vergara-en-la-apertura-del-periodo-de-sesiones\/#breadcrumb","itemListElement":[{"@type":"ListItem","position":1,"name":"Portada","item":"https:\/\/informelitoral.com.ar\/"},{"@type":"ListItem","position":2,"name":"El discurso de Gustavo Vergara en la apertura del periodo de sesiones"}]},{"@type":"WebSite","@id":"https:\/\/informelitoral.com.ar\/#website","url":"https:\/\/informelitoral.com.ar\/","name":"Informe Litoral","description":"&quot;Nos informamos&quot; ","publisher":{"@id":"https:\/\/informelitoral.com.ar\/#organization"},"potentialAction":[{"@type":"SearchAction","target":{"@type":"EntryPoint","urlTemplate":"https:\/\/informelitoral.com.ar\/?s={search_term_string}"},"query-input":{"@type":"PropertyValueSpecification","valueRequired":true,"valueName":"search_term_string"}}],"inLanguage":"es"},{"@type":"Organization","@id":"https:\/\/informelitoral.com.ar\/#organization","name":"Informe Litoral","url":"https:\/\/informelitoral.com.ar\/","logo":{"@type":"ImageObject","inLanguage":"es","@id":"https:\/\/informelitoral.com.ar\/#\/schema\/logo\/image\/","url":"https:\/\/informelitoral.com.ar\/%77%70%2d%63%6f%6e%74%65%6e%74\/uploads\/2021\/01\/circulo.png","contentUrl":"https:\/\/informelitoral.com.ar\/%77%70%2d%63%6f%6e%74%65%6e%74\/uploads\/2021\/01\/circulo.png","width":723,"height":731,"caption":"Informe Litoral"},"image":{"@id":"https:\/\/informelitoral.com.ar\/#\/schema\/logo\/image\/"},"sameAs":["https:\/\/www.facebook.com\/informelitoral\/","https:\/\/x.com\/InformeLitoral","https:\/\/www.instagram.com\/informelitoral\/","https:\/\/www.youtube.com\/channel\/UCua4Qvz8Icb6MYqhoq9xLXw"]},{"@type":"Person","@id":"https:\/\/informelitoral.com.ar\/#\/schema\/person\/b9d00407c836482871ef1d57bf8e3180","name":"Gonzalo Schmidt","image":{"@type":"ImageObject","inLanguage":"es","@id":"https:\/\/secure.gravatar.com\/avatar\/31a1a7b66ff2de83bd0e9fd79d026630d2d99e55e8bfe501287647b4fd9743de?s=96&d=mm&r=g","url":"https:\/\/secure.gravatar.com\/avatar\/31a1a7b66ff2de83bd0e9fd79d026630d2d99e55e8bfe501287647b4fd9743de?s=96&d=mm&r=g","contentUrl":"https:\/\/secure.gravatar.com\/avatar\/31a1a7b66ff2de83bd0e9fd79d026630d2d99e55e8bfe501287647b4fd9743de?s=96&d=mm&r=g","caption":"Gonzalo Schmidt"},"description":"Sitio web de noticias de la provincia de Entre R\u00edos, Argentina. Informaci\u00f3n y entretenimiento. Informe Litoral, nos informamos.","sameAs":["http:\/\/www.isletasnoticias.com.ar"],"url":"https:\/\/informelitoral.com.ar\/author\/gonzalo\/"}]}},"_links":{"self":[{"href":"https:\/\/informelitoral.com.ar\/%77%70%2d%6a%73%6f%6e\/wp\/v2\/posts\/40651","targetHints":{"allow":["GET"]}}],"collection":[{"href":"https:\/\/informelitoral.com.ar\/%77%70%2d%6a%73%6f%6e\/wp\/v2\/posts"}],"about":[{"href":"https:\/\/informelitoral.com.ar\/%77%70%2d%6a%73%6f%6e\/wp\/v2\/types\/post"}],"author":[{"embeddable":true,"href":"https:\/\/informelitoral.com.ar\/%77%70%2d%6a%73%6f%6e\/wp\/v2\/users\/2"}],"replies":[{"embeddable":true,"href":"https:\/\/informelitoral.com.ar\/%77%70%2d%6a%73%6f%6e\/wp\/v2\/comments?post=40651"}],"version-history":[{"count":0,"href":"https:\/\/informelitoral.com.ar\/%77%70%2d%6a%73%6f%6e\/wp\/v2\/posts\/40651\/revisions"}],"wp:featuredmedia":[{"embeddable":true,"href":"https:\/\/informelitoral.com.ar\/%77%70%2d%6a%73%6f%6e\/wp\/v2\/media\/40653"}],"wp:attachment":[{"href":"https:\/\/informelitoral.com.ar\/%77%70%2d%6a%73%6f%6e\/wp\/v2\/media?parent=40651"}],"wp:term":[{"taxonomy":"category","embeddable":true,"href":"https:\/\/informelitoral.com.ar\/%77%70%2d%6a%73%6f%6e\/wp\/v2\/categories?post=40651"},{"taxonomy":"post_tag","embeddable":true,"href":"https:\/\/informelitoral.com.ar\/%77%70%2d%6a%73%6f%6e\/wp\/v2\/tags?post=40651"}],"curies":[{"name":"wp","href":"https:\/\/api.w.org\/{rel}","templated":true}]}}