{"id":40634,"date":"2020-03-05T07:54:15","date_gmt":"2020-03-05T10:54:15","guid":{"rendered":"https:\/\/www.isletasnoticias.com.ar\/?p=40634"},"modified":"2020-03-05T07:54:24","modified_gmt":"2020-03-05T10:54:24","slug":"mauricio-macri-el-populismo-es-mucho-mas-peligroso-que-el-coronavirus","status":"publish","type":"post","link":"https:\/\/informelitoral.com.ar\/mauricio-macri-el-populismo-es-mucho-mas-peligroso-que-el-coronavirus\/","title":{"rendered":"Mauricio Macri: \u201cEl populismo es mucho m\u00e1s peligroso que el coronavirus\u201d"},"content":{"rendered":"<p>Macri realiz\u00f3 esas declaraciones desde\u00a0<strong>Guatemala<\/strong>, donde participa de un foro junto a otros exmandatarios iberoamericanos para analizar\u00a0las\u00a0\u00abamenazas y oportunidades compartidas\u00bb en Centroam\u00e9rica.<\/p>\n<p>\u00ab<strong>Realmente el populismo lleva a hipotecar el futuro<\/strong>. Cree en el equilibrio macroecon\u00f3mico y realmente compromete no s\u00f3lo el desarrollo sino el futuro b\u00e1sico de sus comunidades\u00bb, ampli\u00f3.<\/p>\n<p>Y advirti\u00f3 que el populismo \u00abadem\u00e1s ha desarrollado este sistema de decir que ellos son los que representan el pueblo,\u00a0<strong>que necesitan gobernar sin contrapesos para poder imponer todas las arbitrariedades que niegan los avances del mundo y de la tecnolog\u00eda<\/strong>\u00ab.<\/p>\n<p>\u00abY esto se combina con algo que tambi\u00e9n se est\u00e1 discutiendo cuando hablamos de integraci\u00f3n, que es si queremos realmente y creemos que la sociedades progresan cuando son meritocr\u00e1ticas o queremos caer en el relativismo moral\u00bb, ampli\u00f3.<\/p>\n<p>Seguido, Macri critic\u00f3 a quienes\u00a0<strong>\u00abnos quieren decir que todo da lo mismo<\/strong>: lo verdadero y lo falso, el rol del docente versus el alumno,\u00a0<strong>los derechos del ciudadano y la v\u00edctima versus el delincuente<\/strong>, que todos tenemos derechos y ninguna obligaci\u00f3n y\u00a0<strong>buscan sistem\u00e1ticamente destruir la cultura del trabajo y el respeto de la ley<\/strong>\u00ab.<\/p>\n<p><span style=\"text-align: center;\">As\u00ed, Macri volvi\u00f3 a participar en eventos institucionales tras dejar la Presidencia el pasado 10 de diciembre. Aunque tuvo algunas apariciones p\u00fablicas, el exjefe de Estado mantuvo un perfil bajo y solamente se mostr\u00f3 con algunos de los referentes del PRO.<\/span><\/p>\n<p>Denominado V Encuentro Ciudadano, el foro se organiz\u00f3 para que \u00abpersonalidades del mundo econ\u00f3mico, pol\u00edtico y social\u00bb, junto a las \u00abagencias de seguridad de Estados Unidos\u00bb, pongan sobre la mesa \u00abel debate p\u00fablico regional de la gran oportunidad que puede ser para Centroam\u00e9rica su integraci\u00f3n econ\u00f3mica\u00bb.<\/p>\n<p>Seg\u00fan detall\u00f3\u00a0la agencia<em> EFE<\/em>,\u00a0el\u00a0foro lo organiz\u00f3 la Fundaci\u00f3n Libertad y Desarrollo, que preside el magnate guatemalteco Dionisio Guti\u00e9rrez.<\/p>\n<div class=\"youtube-embed\" data-video_id=\"llRvJ2Lr6KI\"><iframe loading=\"lazy\" title=\"Mauricio Macri: \u201cM\u00e1s peligroso que el coronavirus es el populismo\u201d.\" width=\"696\" height=\"392\" src=\"https:\/\/www.youtube.com\/embed\/llRvJ2Lr6KI?feature=oembed&#038;enablejsapi=1\" frameborder=\"0\" allow=\"accelerometer; autoplay; encrypted-media; gyroscope; picture-in-picture\" allowfullscreen><\/iframe><\/div>\n","protected":false},"excerpt":{"rendered":"<p>El expresidente Mauricio Macri\u200b reapareci\u00f3 este mi\u00e9rcoles en la escena pol\u00edtica y advirti\u00f3 que \u00abmucho m\u00e1s peligroso que el coronavirus, es el populismo\u00bb.<\/p>\n","protected":false},"author":2,"featured_media":40635,"comment_status":"open","ping_status":"open","sticky":false,"template":"","format":"standard","meta":{"fifu_image_url":"","fifu_image_alt":"","footnotes":""},"categories":[16],"tags":[80],"class_list":{"0":"post-40634","1":"post","2":"type-post","3":"status-publish","4":"format-standard","5":"has-post-thumbnail","7":"category-politi","8":"tag-mauricio-macri"},"yoast_head":"<title>Mauricio Macri: \u201cEl populismo es mucho m\u00e1s peligroso que el coronavirus\u201d - Informe Litoral<\/title>\n<meta name=\"robots\" content=\"index, follow, max-snippet:-1, max-image-preview:large, max-video-preview:-1\" \/>\n<link rel=\"canonical\" href=\"https:\/\/informelitoral.com.ar\/mauricio-macri-el-populismo-es-mucho-mas-peligroso-que-el-coronavirus\/\" \/>\n<meta property=\"og:locale\" content=\"es_ES\" \/>\n<meta property=\"og:type\" content=\"article\" \/>\n<meta property=\"og:title\" content=\"Mauricio Macri: \u201cEl populismo es mucho m\u00e1s peligroso que el coronavirus\u201d - Informe Litoral\" \/>\n<meta property=\"og:description\" content=\"El expresidente Mauricio Macri\u200b reapareci\u00f3 este mi\u00e9rcoles en la escena pol\u00edtica y advirti\u00f3 que &quot;mucho m\u00e1s peligroso que el coronavirus, es el populismo&quot;.\" \/>\n<meta property=\"og:url\" content=\"https:\/\/informelitoral.com.ar\/mauricio-macri-el-populismo-es-mucho-mas-peligroso-que-el-coronavirus\/\" \/>\n<meta property=\"og:site_name\" content=\"Informe Litoral\" \/>\n<meta property=\"article:publisher\" content=\"https:\/\/www.facebook.com\/informelitoral\/\" \/>\n<meta property=\"article:published_time\" content=\"2020-03-05T10:54:15+00:00\" \/>\n<meta property=\"article:modified_time\" content=\"2020-03-05T10:54:24+00:00\" \/>\n<meta property=\"og:image\" content=\"https:\/\/informelitoral.com.ar\/%77%70%2d%63%6f%6e%74%65%6e%74\/uploads\/2020\/03\/Macri-coronavirus-populismo.jpg\" \/>\n\t<meta property=\"og:image:width\" content=\"1072\" \/>\n\t<meta property=\"og:image:height\" content=\"715\" \/>\n\t<meta property=\"og:image:type\" content=\"image\/jpeg\" \/>\n<meta name=\"author\" content=\"Gonzalo Schmidt\" \/>\n<meta name=\"twitter:card\" content=\"summary_large_image\" \/>\n<meta name=\"twitter:creator\" content=\"@InformeLitoral\" \/>\n<meta name=\"twitter:site\" content=\"@InformeLitoral\" \/>\n<meta name=\"twitter:label1\" content=\"Escrito por\" \/>\n\t<meta name=\"twitter:data1\" content=\"Gonzalo Schmidt\" \/>\n\t<meta name=\"twitter:label2\" content=\"Tiempo de lectura\" \/>\n\t<meta name=\"twitter:data2\" content=\"2 minutos\" \/>\n<script type=\"application\/ld+json\" class=\"yoast-schema-graph\">{\"@context\":\"https:\\\/\\\/schema.org\",\"@graph\":[{\"@type\":\"Article\",\"@id\":\"https:\\\/\\\/informelitoral.com.ar\\\/mauricio-macri-el-populismo-es-mucho-mas-peligroso-que-el-coronavirus\\\/#article\",\"isPartOf\":{\"@id\":\"https:\\\/\\\/informelitoral.com.ar\\\/mauricio-macri-el-populismo-es-mucho-mas-peligroso-que-el-coronavirus\\\/\"},\"author\":{\"name\":\"Gonzalo Schmidt\",\"@id\":\"https:\\\/\\\/informelitoral.com.ar\\\/#\\\/schema\\\/person\\\/b9d00407c836482871ef1d57bf8e3180\"},\"headline\":\"Mauricio Macri: \u201cEl populismo es mucho m\u00e1s peligroso que el coronavirus\u201d\",\"datePublished\":\"2020-03-05T10:54:15+00:00\",\"dateModified\":\"2020-03-05T10:54:24+00:00\",\"mainEntityOfPage\":{\"@id\":\"https:\\\/\\\/informelitoral.com.ar\\\/mauricio-macri-el-populismo-es-mucho-mas-peligroso-que-el-coronavirus\\\/\"},\"wordCount\":337,\"commentCount\":0,\"publisher\":{\"@id\":\"https:\\\/\\\/informelitoral.com.ar\\\/#organization\"},\"image\":{\"@id\":\"https:\\\/\\\/informelitoral.com.ar\\\/mauricio-macri-el-populismo-es-mucho-mas-peligroso-que-el-coronavirus\\\/#primaryimage\"},\"thumbnailUrl\":\"https:\\\/\\\/informelitoral.com.ar\\\/%77%70%2d%63%6f%6e%74%65%6e%74\\\/uploads\\\/2020\\\/03\\\/Macri-coronavirus-populismo.jpg\",\"keywords\":[\"Mauricio Macri\"],\"articleSection\":[\"Politica\"],\"inLanguage\":\"es\",\"potentialAction\":[{\"@type\":\"CommentAction\",\"name\":\"Comment\",\"target\":[\"https:\\\/\\\/informelitoral.com.ar\\\/mauricio-macri-el-populismo-es-mucho-mas-peligroso-que-el-coronavirus\\\/#respond\"]}]},{\"@type\":\"WebPage\",\"@id\":\"https:\\\/\\\/informelitoral.com.ar\\\/mauricio-macri-el-populismo-es-mucho-mas-peligroso-que-el-coronavirus\\\/\",\"url\":\"https:\\\/\\\/informelitoral.com.ar\\\/mauricio-macri-el-populismo-es-mucho-mas-peligroso-que-el-coronavirus\\\/\",\"name\":\"Mauricio Macri: \u201cEl populismo es mucho m\u00e1s peligroso que el coronavirus\u201d - Informe Litoral\",\"isPartOf\":{\"@id\":\"https:\\\/\\\/informelitoral.com.ar\\\/#website\"},\"primaryImageOfPage\":{\"@id\":\"https:\\\/\\\/informelitoral.com.ar\\\/mauricio-macri-el-populismo-es-mucho-mas-peligroso-que-el-coronavirus\\\/#primaryimage\"},\"image\":{\"@id\":\"https:\\\/\\\/informelitoral.com.ar\\\/mauricio-macri-el-populismo-es-mucho-mas-peligroso-que-el-coronavirus\\\/#primaryimage\"},\"thumbnailUrl\":\"https:\\\/\\\/informelitoral.com.ar\\\/%77%70%2d%63%6f%6e%74%65%6e%74\\\/uploads\\\/2020\\\/03\\\/Macri-coronavirus-populismo.jpg\",\"datePublished\":\"2020-03-05T10:54:15+00:00\",\"dateModified\":\"2020-03-05T10:54:24+00:00\",\"breadcrumb\":{\"@id\":\"https:\\\/\\\/informelitoral.com.ar\\\/mauricio-macri-el-populismo-es-mucho-mas-peligroso-que-el-coronavirus\\\/#breadcrumb\"},\"inLanguage\":\"es\",\"potentialAction\":[{\"@type\":\"ReadAction\",\"target\":[\"https:\\\/\\\/informelitoral.com.ar\\\/mauricio-macri-el-populismo-es-mucho-mas-peligroso-que-el-coronavirus\\\/\"]}]},{\"@type\":\"ImageObject\",\"inLanguage\":\"es\",\"@id\":\"https:\\\/\\\/informelitoral.com.ar\\\/mauricio-macri-el-populismo-es-mucho-mas-peligroso-que-el-coronavirus\\\/#primaryimage\",\"url\":\"https:\\\/\\\/informelitoral.com.ar\\\/%77%70%2d%63%6f%6e%74%65%6e%74\\\/uploads\\\/2020\\\/03\\\/Macri-coronavirus-populismo.jpg\",\"contentUrl\":\"https:\\\/\\\/informelitoral.com.ar\\\/%77%70%2d%63%6f%6e%74%65%6e%74\\\/uploads\\\/2020\\\/03\\\/Macri-coronavirus-populismo.jpg\",\"width\":1072,\"height\":715},{\"@type\":\"BreadcrumbList\",\"@id\":\"https:\\\/\\\/informelitoral.com.ar\\\/mauricio-macri-el-populismo-es-mucho-mas-peligroso-que-el-coronavirus\\\/#breadcrumb\",\"itemListElement\":[{\"@type\":\"ListItem\",\"position\":1,\"name\":\"Portada\",\"item\":\"https:\\\/\\\/informelitoral.com.ar\\\/\"},{\"@type\":\"ListItem\",\"position\":2,\"name\":\"Mauricio Macri: \u201cEl populismo es mucho m\u00e1s peligroso que el coronavirus\u201d\"}]},{\"@type\":\"WebSite\",\"@id\":\"https:\\\/\\\/informelitoral.com.ar\\\/#website\",\"url\":\"https:\\\/\\\/informelitoral.com.ar\\\/\",\"name\":\"Informe Litoral\",\"description\":\"&quot;Nos informamos&quot; \",\"publisher\":{\"@id\":\"https:\\\/\\\/informelitoral.com.ar\\\/#organization\"},\"potentialAction\":[{\"@type\":\"SearchAction\",\"target\":{\"@type\":\"EntryPoint\",\"urlTemplate\":\"https:\\\/\\\/informelitoral.com.ar\\\/?s={search_term_string}\"},\"query-input\":{\"@type\":\"PropertyValueSpecification\",\"valueRequired\":true,\"valueName\":\"search_term_string\"}}],\"inLanguage\":\"es\"},{\"@type\":\"Organization\",\"@id\":\"https:\\\/\\\/informelitoral.com.ar\\\/#organization\",\"name\":\"Informe Litoral\",\"url\":\"https:\\\/\\\/informelitoral.com.ar\\\/\",\"logo\":{\"@type\":\"ImageObject\",\"inLanguage\":\"es\",\"@id\":\"https:\\\/\\\/informelitoral.com.ar\\\/#\\\/schema\\\/logo\\\/image\\\/\",\"url\":\"https:\\\/\\\/informelitoral.com.ar\\\/%77%70%2d%63%6f%6e%74%65%6e%74\\\/uploads\\\/2021\\\/01\\\/circulo.png\",\"contentUrl\":\"https:\\\/\\\/informelitoral.com.ar\\\/%77%70%2d%63%6f%6e%74%65%6e%74\\\/uploads\\\/2021\\\/01\\\/circulo.png\",\"width\":723,\"height\":731,\"caption\":\"Informe Litoral\"},\"image\":{\"@id\":\"https:\\\/\\\/informelitoral.com.ar\\\/#\\\/schema\\\/logo\\\/image\\\/\"},\"sameAs\":[\"https:\\\/\\\/www.facebook.com\\\/informelitoral\\\/\",\"https:\\\/\\\/x.com\\\/InformeLitoral\",\"https:\\\/\\\/www.instagram.com\\\/informelitoral\\\/\",\"https:\\\/\\\/www.youtube.com\\\/channel\\\/UCua4Qvz8Icb6MYqhoq9xLXw\"]},{\"@type\":\"Person\",\"@id\":\"https:\\\/\\\/informelitoral.com.ar\\\/#\\\/schema\\\/person\\\/b9d00407c836482871ef1d57bf8e3180\",\"name\":\"Gonzalo Schmidt\",\"image\":{\"@type\":\"ImageObject\",\"inLanguage\":\"es\",\"@id\":\"https:\\\/\\\/secure.gravatar.com\\\/avatar\\\/31a1a7b66ff2de83bd0e9fd79d026630d2d99e55e8bfe501287647b4fd9743de?s=96&d=mm&r=g\",\"url\":\"https:\\\/\\\/secure.gravatar.com\\\/avatar\\\/31a1a7b66ff2de83bd0e9fd79d026630d2d99e55e8bfe501287647b4fd9743de?s=96&d=mm&r=g\",\"contentUrl\":\"https:\\\/\\\/secure.gravatar.com\\\/avatar\\\/31a1a7b66ff2de83bd0e9fd79d026630d2d99e55e8bfe501287647b4fd9743de?s=96&d=mm&r=g\",\"caption\":\"Gonzalo Schmidt\"},\"description\":\"Sitio web de noticias de la provincia de Entre R\u00edos, Argentina. Informaci\u00f3n y entretenimiento. Informe Litoral, nos informamos.\",\"sameAs\":[\"http:\\\/\\\/www.isletasnoticias.com.ar\"],\"url\":\"https:\\\/\\\/informelitoral.com.ar\\\/author\\\/gonzalo\\\/\"}]}<\/script>","yoast_head_json":{"title":"Mauricio Macri: \u201cEl populismo es mucho m\u00e1s peligroso que el coronavirus\u201d - Informe Litoral","robots":{"index":"index","follow":"follow","max-snippet":"max-snippet:-1","max-image-preview":"max-image-preview:large","max-video-preview":"max-video-preview:-1"},"canonical":"https:\/\/informelitoral.com.ar\/mauricio-macri-el-populismo-es-mucho-mas-peligroso-que-el-coronavirus\/","og_locale":"es_ES","og_type":"article","og_title":"Mauricio Macri: \u201cEl populismo es mucho m\u00e1s peligroso que el coronavirus\u201d - Informe Litoral","og_description":"El expresidente Mauricio Macri\u200b reapareci\u00f3 este mi\u00e9rcoles en la escena pol\u00edtica y advirti\u00f3 que \"mucho m\u00e1s peligroso que el coronavirus, es el populismo\".","og_url":"https:\/\/informelitoral.com.ar\/mauricio-macri-el-populismo-es-mucho-mas-peligroso-que-el-coronavirus\/","og_site_name":"Informe Litoral","article_publisher":"https:\/\/www.facebook.com\/informelitoral\/","article_published_time":"2020-03-05T10:54:15+00:00","article_modified_time":"2020-03-05T10:54:24+00:00","og_image":[{"width":1072,"height":715,"url":"https:\/\/informelitoral.com.ar\/%77%70%2d%63%6f%6e%74%65%6e%74\/uploads\/2020\/03\/Macri-coronavirus-populismo.jpg","type":"image\/jpeg"}],"author":"Gonzalo Schmidt","twitter_card":"summary_large_image","twitter_creator":"@InformeLitoral","twitter_site":"@InformeLitoral","twitter_misc":{"Escrito por":"Gonzalo Schmidt","Tiempo de lectura":"2 minutos"},"schema":{"@context":"https:\/\/schema.org","@graph":[{"@type":"Article","@id":"https:\/\/informelitoral.com.ar\/mauricio-macri-el-populismo-es-mucho-mas-peligroso-que-el-coronavirus\/#article","isPartOf":{"@id":"https:\/\/informelitoral.com.ar\/mauricio-macri-el-populismo-es-mucho-mas-peligroso-que-el-coronavirus\/"},"author":{"name":"Gonzalo Schmidt","@id":"https:\/\/informelitoral.com.ar\/#\/schema\/person\/b9d00407c836482871ef1d57bf8e3180"},"headline":"Mauricio Macri: \u201cEl populismo es mucho m\u00e1s peligroso que el coronavirus\u201d","datePublished":"2020-03-05T10:54:15+00:00","dateModified":"2020-03-05T10:54:24+00:00","mainEntityOfPage":{"@id":"https:\/\/informelitoral.com.ar\/mauricio-macri-el-populismo-es-mucho-mas-peligroso-que-el-coronavirus\/"},"wordCount":337,"commentCount":0,"publisher":{"@id":"https:\/\/informelitoral.com.ar\/#organization"},"image":{"@id":"https:\/\/informelitoral.com.ar\/mauricio-macri-el-populismo-es-mucho-mas-peligroso-que-el-coronavirus\/#primaryimage"},"thumbnailUrl":"https:\/\/informelitoral.com.ar\/%77%70%2d%63%6f%6e%74%65%6e%74\/uploads\/2020\/03\/Macri-coronavirus-populismo.jpg","keywords":["Mauricio Macri"],"articleSection":["Politica"],"inLanguage":"es","potentialAction":[{"@type":"CommentAction","name":"Comment","target":["https:\/\/informelitoral.com.ar\/mauricio-macri-el-populismo-es-mucho-mas-peligroso-que-el-coronavirus\/#respond"]}]},{"@type":"WebPage","@id":"https:\/\/informelitoral.com.ar\/mauricio-macri-el-populismo-es-mucho-mas-peligroso-que-el-coronavirus\/","url":"https:\/\/informelitoral.com.ar\/mauricio-macri-el-populismo-es-mucho-mas-peligroso-que-el-coronavirus\/","name":"Mauricio Macri: \u201cEl populismo es mucho m\u00e1s peligroso que el coronavirus\u201d - Informe Litoral","isPartOf":{"@id":"https:\/\/informelitoral.com.ar\/#website"},"primaryImageOfPage":{"@id":"https:\/\/informelitoral.com.ar\/mauricio-macri-el-populismo-es-mucho-mas-peligroso-que-el-coronavirus\/#primaryimage"},"image":{"@id":"https:\/\/informelitoral.com.ar\/mauricio-macri-el-populismo-es-mucho-mas-peligroso-que-el-coronavirus\/#primaryimage"},"thumbnailUrl":"https:\/\/informelitoral.com.ar\/%77%70%2d%63%6f%6e%74%65%6e%74\/uploads\/2020\/03\/Macri-coronavirus-populismo.jpg","datePublished":"2020-03-05T10:54:15+00:00","dateModified":"2020-03-05T10:54:24+00:00","breadcrumb":{"@id":"https:\/\/informelitoral.com.ar\/mauricio-macri-el-populismo-es-mucho-mas-peligroso-que-el-coronavirus\/#breadcrumb"},"inLanguage":"es","potentialAction":[{"@type":"ReadAction","target":["https:\/\/informelitoral.com.ar\/mauricio-macri-el-populismo-es-mucho-mas-peligroso-que-el-coronavirus\/"]}]},{"@type":"ImageObject","inLanguage":"es","@id":"https:\/\/informelitoral.com.ar\/mauricio-macri-el-populismo-es-mucho-mas-peligroso-que-el-coronavirus\/#primaryimage","url":"https:\/\/informelitoral.com.ar\/%77%70%2d%63%6f%6e%74%65%6e%74\/uploads\/2020\/03\/Macri-coronavirus-populismo.jpg","contentUrl":"https:\/\/informelitoral.com.ar\/%77%70%2d%63%6f%6e%74%65%6e%74\/uploads\/2020\/03\/Macri-coronavirus-populismo.jpg","width":1072,"height":715},{"@type":"BreadcrumbList","@id":"https:\/\/informelitoral.com.ar\/mauricio-macri-el-populismo-es-mucho-mas-peligroso-que-el-coronavirus\/#breadcrumb","itemListElement":[{"@type":"ListItem","position":1,"name":"Portada","item":"https:\/\/informelitoral.com.ar\/"},{"@type":"ListItem","position":2,"name":"Mauricio Macri: \u201cEl populismo es mucho m\u00e1s peligroso que el coronavirus\u201d"}]},{"@type":"WebSite","@id":"https:\/\/informelitoral.com.ar\/#website","url":"https:\/\/informelitoral.com.ar\/","name":"Informe Litoral","description":"&quot;Nos informamos&quot; ","publisher":{"@id":"https:\/\/informelitoral.com.ar\/#organization"},"potentialAction":[{"@type":"SearchAction","target":{"@type":"EntryPoint","urlTemplate":"https:\/\/informelitoral.com.ar\/?s={search_term_string}"},"query-input":{"@type":"PropertyValueSpecification","valueRequired":true,"valueName":"search_term_string"}}],"inLanguage":"es"},{"@type":"Organization","@id":"https:\/\/informelitoral.com.ar\/#organization","name":"Informe Litoral","url":"https:\/\/informelitoral.com.ar\/","logo":{"@type":"ImageObject","inLanguage":"es","@id":"https:\/\/informelitoral.com.ar\/#\/schema\/logo\/image\/","url":"https:\/\/informelitoral.com.ar\/%77%70%2d%63%6f%6e%74%65%6e%74\/uploads\/2021\/01\/circulo.png","contentUrl":"https:\/\/informelitoral.com.ar\/%77%70%2d%63%6f%6e%74%65%6e%74\/uploads\/2021\/01\/circulo.png","width":723,"height":731,"caption":"Informe Litoral"},"image":{"@id":"https:\/\/informelitoral.com.ar\/#\/schema\/logo\/image\/"},"sameAs":["https:\/\/www.facebook.com\/informelitoral\/","https:\/\/x.com\/InformeLitoral","https:\/\/www.instagram.com\/informelitoral\/","https:\/\/www.youtube.com\/channel\/UCua4Qvz8Icb6MYqhoq9xLXw"]},{"@type":"Person","@id":"https:\/\/informelitoral.com.ar\/#\/schema\/person\/b9d00407c836482871ef1d57bf8e3180","name":"Gonzalo Schmidt","image":{"@type":"ImageObject","inLanguage":"es","@id":"https:\/\/secure.gravatar.com\/avatar\/31a1a7b66ff2de83bd0e9fd79d026630d2d99e55e8bfe501287647b4fd9743de?s=96&d=mm&r=g","url":"https:\/\/secure.gravatar.com\/avatar\/31a1a7b66ff2de83bd0e9fd79d026630d2d99e55e8bfe501287647b4fd9743de?s=96&d=mm&r=g","contentUrl":"https:\/\/secure.gravatar.com\/avatar\/31a1a7b66ff2de83bd0e9fd79d026630d2d99e55e8bfe501287647b4fd9743de?s=96&d=mm&r=g","caption":"Gonzalo Schmidt"},"description":"Sitio web de noticias de la provincia de Entre R\u00edos, Argentina. Informaci\u00f3n y entretenimiento. Informe Litoral, nos informamos.","sameAs":["http:\/\/www.isletasnoticias.com.ar"],"url":"https:\/\/informelitoral.com.ar\/author\/gonzalo\/"}]}},"_links":{"self":[{"href":"https:\/\/informelitoral.com.ar\/%77%70%2d%6a%73%6f%6e\/wp\/v2\/posts\/40634","targetHints":{"allow":["GET"]}}],"collection":[{"href":"https:\/\/informelitoral.com.ar\/%77%70%2d%6a%73%6f%6e\/wp\/v2\/posts"}],"about":[{"href":"https:\/\/informelitoral.com.ar\/%77%70%2d%6a%73%6f%6e\/wp\/v2\/types\/post"}],"author":[{"embeddable":true,"href":"https:\/\/informelitoral.com.ar\/%77%70%2d%6a%73%6f%6e\/wp\/v2\/users\/2"}],"replies":[{"embeddable":true,"href":"https:\/\/informelitoral.com.ar\/%77%70%2d%6a%73%6f%6e\/wp\/v2\/comments?post=40634"}],"version-history":[{"count":0,"href":"https:\/\/informelitoral.com.ar\/%77%70%2d%6a%73%6f%6e\/wp\/v2\/posts\/40634\/revisions"}],"wp:featuredmedia":[{"embeddable":true,"href":"https:\/\/informelitoral.com.ar\/%77%70%2d%6a%73%6f%6e\/wp\/v2\/media\/40635"}],"wp:attachment":[{"href":"https:\/\/informelitoral.com.ar\/%77%70%2d%6a%73%6f%6e\/wp\/v2\/media?parent=40634"}],"wp:term":[{"taxonomy":"category","embeddable":true,"href":"https:\/\/informelitoral.com.ar\/%77%70%2d%6a%73%6f%6e\/wp\/v2\/categories?post=40634"},{"taxonomy":"post_tag","embeddable":true,"href":"https:\/\/informelitoral.com.ar\/%77%70%2d%6a%73%6f%6e\/wp\/v2\/tags?post=40634"}],"curies":[{"name":"wp","href":"https:\/\/api.w.org\/{rel}","templated":true}]}}