{"id":40624,"date":"2020-03-04T06:39:25","date_gmt":"2020-03-04T09:39:25","guid":{"rendered":"https:\/\/www.isletasnoticias.com.ar\/?p=40624"},"modified":"2020-03-04T06:39:25","modified_gmt":"2020-03-04T09:39:25","slug":"subiran-3-puntos-las-retenciones-para-los-productores-que-vendan-mas-de-1-000-toneladas-de-soja","status":"publish","type":"post","link":"https:\/\/informelitoral.com.ar\/subiran-3-puntos-las-retenciones-para-los-productores-que-vendan-mas-de-1-000-toneladas-de-soja\/","title":{"rendered":"Subir\u00e1n 3 puntos las retenciones para los productores que vendan m\u00e1s de 1.000 toneladas de soja"},"content":{"rendered":"<p>Tras la reuni\u00f3n entre el ministro de Agricultura, <strong>Luis Basterra<\/strong>, con la Mesa de Enlace, se confirm\u00f3 que las retenciones a la soja aumentar\u00e1n y pasar\u00e1n del 30% al 33%.<\/p>\n<p>En este sentido, se defini\u00f3 algunas compensaciones con un eje \u00fanico, que ser\u00e1 por volumen. Seg\u00fan los dirigentes rurales, los productores de\u00a0<strong>hasta 1.000 toneladas tendr\u00e1n una compensaci\u00f3n.<\/strong><\/p>\n<p>Seg\u00fan trascendi\u00f3 de la reuni\u00f3n, \u200blos productores medianos, de 501 a 1.000 toneladas anuales, pagar\u00e1n la al\u00edcuota vigente, del 30%. A su vez, los productores chicos, de hasta 500 toneladas anuales, mejorar\u00e1n su posici\u00f3n y tributar\u00e1n menos del 30%.<\/p>\n<p><strong>Y pagar\u00e1n el 33% de las retenciones a la soja los chacareros que produzcan m\u00e1s de 1.000 toneladas anuales.<\/strong><\/p>\n<p>Asimismo, los dirigentes del campo afirmaron tras la reuni\u00f3n que <strong>las al\u00edcuotas de trigo y ma\u00edz se mantienen en 12%<\/strong>. Adem\u00e1s,\u00a0<strong>todos los cortes de carne vacuna tributar\u00e1n 9%<\/strong>\u00a0y no habr\u00e1 segmentaci\u00f3n como se especulaba en un primer momento en la cual se hablaba de retenciones m\u00e1s altas a los cortes m\u00e1s populares consumidos en el mercado interno.<\/p>\n<p>El sabor positivo que trasmitieron los cuatro dirigentes de la Mesa de Enlace es que<strong>\u00a0el incremento de la presi\u00f3n fiscal se redistribuir\u00eda para compensar en muchas econom\u00edas regionales.<\/strong><\/p>\n<p><strong>Los dirigentes de la Mesa de Enlace calificaron la reuni\u00f3n con el funcionario nacional como \u00abpositiva\u00bb<\/strong>, Desde Daniel Pelegrina, presidente de la Sociedad Rural, que era el que m\u00e1s descontento estaba previo a la reuni\u00f3n, destac\u00f3 la presencia de Cecilia Todesca, vicejefa de Gabinete y de Eduardo Hecker, presidente del Banco Naci\u00f3n, que de alguna manera le dieron un respaldo en la negociaci\u00f3n a Basterra.<\/p>\n<p>Asimismo,<strong> los ruralistas adelantaron que se abrir\u00e1 el registro para las Declaraciones Juradas de Ventas al Exterior (DJVE) <\/strong>que permanece cerrado desde el mi\u00e9rcoles pasado.<\/p>\n<p>Tras la reuni\u00f3n, cada entidad de la Mesa de Enlace har\u00e1 una evaluaci\u00f3n con sus representados para analizar los siguientes pasos.<\/p>\n<h3><strong>C\u00f3mo quedan las al\u00edcuotas de los productos<\/strong><\/h3>\n<p>Ma\u00edz y trigo: 12%<\/p>\n<p>Ma\u00edz flint: 7%<\/p>\n<p>Ma\u00edz Pisingallo: 9%<\/p>\n<p>Carne bovina y pollo: 9%<\/p>\n<p>Carne de cerdo y cordero 5%<\/p>\n<p>C\u00edtricos y otras econom\u00edas regionales: 5%<\/p>\n<p>Girasol com\u00fan: 7%<\/p>\n<p>Girasol confitero: 5%<\/p>\n<p>Man\u00ed: 7%<\/p>\n<p>Man\u00ed confitero: 5%<\/p>\n<p>Arroz sin c\u00e1scara: 5%<\/p>\n<p>Arroz con cascara: 7%<\/p>\n","protected":false},"excerpt":{"rendered":"<p>Tras la reuni\u00f3n entre la Mesa de Enlace y el Gobierno se anunci\u00f3 el aumento. Bajar\u00e1n las retenciones al girasol y a las econom\u00edas regionales.<\/p>\n","protected":false},"author":2,"featured_media":30823,"comment_status":"open","ping_status":"open","sticky":false,"template":"","format":"standard","meta":{"fifu_image_url":"","fifu_image_alt":"","footnotes":""},"categories":[10],"tags":[233,157,73],"class_list":{"0":"post-40624","1":"post","2":"type-post","3":"status-publish","4":"format-standard","5":"has-post-thumbnail","7":"category-campo","8":"tag-gobierno-nacional","9":"tag-retenciones","10":"tag-soja"},"yoast_head":"<title>Subir\u00e1n 3 puntos las retenciones para los productores que vendan m\u00e1s de 1.000 toneladas de soja - Informe Litoral<\/title>\n<meta name=\"robots\" content=\"index, follow, max-snippet:-1, max-image-preview:large, max-video-preview:-1\" \/>\n<link rel=\"canonical\" href=\"https:\/\/informelitoral.com.ar\/subiran-3-puntos-las-retenciones-para-los-productores-que-vendan-mas-de-1-000-toneladas-de-soja\/\" \/>\n<meta property=\"og:locale\" content=\"es_ES\" \/>\n<meta property=\"og:type\" content=\"article\" \/>\n<meta property=\"og:title\" content=\"Subir\u00e1n 3 puntos las retenciones para los productores que vendan m\u00e1s de 1.000 toneladas de soja - Informe Litoral\" \/>\n<meta property=\"og:description\" content=\"Tras la reuni\u00f3n entre la Mesa de Enlace y el Gobierno se anunci\u00f3 el aumento. Bajar\u00e1n las retenciones al girasol y a las econom\u00edas regionales.\" \/>\n<meta property=\"og:url\" content=\"https:\/\/informelitoral.com.ar\/subiran-3-puntos-las-retenciones-para-los-productores-que-vendan-mas-de-1-000-toneladas-de-soja\/\" \/>\n<meta property=\"og:site_name\" content=\"Informe Litoral\" \/>\n<meta property=\"article:publisher\" content=\"https:\/\/www.facebook.com\/informelitoral\/\" \/>\n<meta property=\"article:published_time\" content=\"2020-03-04T09:39:25+00:00\" \/>\n<meta property=\"og:image\" content=\"https:\/\/informelitoral.com.ar\/%77%70%2d%63%6f%6e%74%65%6e%74\/uploads\/2018\/11\/embarque-soja.jpg\" \/>\n\t<meta property=\"og:image:width\" content=\"1600\" \/>\n\t<meta property=\"og:image:height\" content=\"795\" \/>\n\t<meta property=\"og:image:type\" content=\"image\/jpeg\" \/>\n<meta name=\"author\" content=\"Gonzalo Schmidt\" \/>\n<meta name=\"twitter:card\" content=\"summary_large_image\" \/>\n<meta name=\"twitter:creator\" content=\"@InformeLitoral\" \/>\n<meta name=\"twitter:site\" content=\"@InformeLitoral\" \/>\n<meta name=\"twitter:label1\" content=\"Escrito por\" \/>\n\t<meta name=\"twitter:data1\" content=\"Gonzalo Schmidt\" \/>\n\t<meta name=\"twitter:label2\" content=\"Tiempo de lectura\" \/>\n\t<meta name=\"twitter:data2\" content=\"2 minutos\" \/>\n<script type=\"application\/ld+json\" class=\"yoast-schema-graph\">{\"@context\":\"https:\\\/\\\/schema.org\",\"@graph\":[{\"@type\":\"Article\",\"@id\":\"https:\\\/\\\/informelitoral.com.ar\\\/subiran-3-puntos-las-retenciones-para-los-productores-que-vendan-mas-de-1-000-toneladas-de-soja\\\/#article\",\"isPartOf\":{\"@id\":\"https:\\\/\\\/informelitoral.com.ar\\\/subiran-3-puntos-las-retenciones-para-los-productores-que-vendan-mas-de-1-000-toneladas-de-soja\\\/\"},\"author\":{\"name\":\"Gonzalo Schmidt\",\"@id\":\"https:\\\/\\\/informelitoral.com.ar\\\/#\\\/schema\\\/person\\\/b9d00407c836482871ef1d57bf8e3180\"},\"headline\":\"Subir\u00e1n 3 puntos las retenciones para los productores que vendan m\u00e1s de 1.000 toneladas de soja\",\"datePublished\":\"2020-03-04T09:39:25+00:00\",\"mainEntityOfPage\":{\"@id\":\"https:\\\/\\\/informelitoral.com.ar\\\/subiran-3-puntos-las-retenciones-para-los-productores-que-vendan-mas-de-1-000-toneladas-de-soja\\\/\"},\"wordCount\":403,\"commentCount\":0,\"publisher\":{\"@id\":\"https:\\\/\\\/informelitoral.com.ar\\\/#organization\"},\"image\":{\"@id\":\"https:\\\/\\\/informelitoral.com.ar\\\/subiran-3-puntos-las-retenciones-para-los-productores-que-vendan-mas-de-1-000-toneladas-de-soja\\\/#primaryimage\"},\"thumbnailUrl\":\"https:\\\/\\\/informelitoral.com.ar\\\/%77%70%2d%63%6f%6e%74%65%6e%74\\\/uploads\\\/2018\\\/11\\\/embarque-soja.jpg\",\"keywords\":[\"Gobierno nacional\",\"Retenciones\",\"Soja\"],\"articleSection\":[\"Campo\"],\"inLanguage\":\"es\",\"potentialAction\":[{\"@type\":\"CommentAction\",\"name\":\"Comment\",\"target\":[\"https:\\\/\\\/informelitoral.com.ar\\\/subiran-3-puntos-las-retenciones-para-los-productores-que-vendan-mas-de-1-000-toneladas-de-soja\\\/#respond\"]}]},{\"@type\":\"WebPage\",\"@id\":\"https:\\\/\\\/informelitoral.com.ar\\\/subiran-3-puntos-las-retenciones-para-los-productores-que-vendan-mas-de-1-000-toneladas-de-soja\\\/\",\"url\":\"https:\\\/\\\/informelitoral.com.ar\\\/subiran-3-puntos-las-retenciones-para-los-productores-que-vendan-mas-de-1-000-toneladas-de-soja\\\/\",\"name\":\"Subir\u00e1n 3 puntos las retenciones para los productores que vendan m\u00e1s de 1.000 toneladas de soja - Informe Litoral\",\"isPartOf\":{\"@id\":\"https:\\\/\\\/informelitoral.com.ar\\\/#website\"},\"primaryImageOfPage\":{\"@id\":\"https:\\\/\\\/informelitoral.com.ar\\\/subiran-3-puntos-las-retenciones-para-los-productores-que-vendan-mas-de-1-000-toneladas-de-soja\\\/#primaryimage\"},\"image\":{\"@id\":\"https:\\\/\\\/informelitoral.com.ar\\\/subiran-3-puntos-las-retenciones-para-los-productores-que-vendan-mas-de-1-000-toneladas-de-soja\\\/#primaryimage\"},\"thumbnailUrl\":\"https:\\\/\\\/informelitoral.com.ar\\\/%77%70%2d%63%6f%6e%74%65%6e%74\\\/uploads\\\/2018\\\/11\\\/embarque-soja.jpg\",\"datePublished\":\"2020-03-04T09:39:25+00:00\",\"breadcrumb\":{\"@id\":\"https:\\\/\\\/informelitoral.com.ar\\\/subiran-3-puntos-las-retenciones-para-los-productores-que-vendan-mas-de-1-000-toneladas-de-soja\\\/#breadcrumb\"},\"inLanguage\":\"es\",\"potentialAction\":[{\"@type\":\"ReadAction\",\"target\":[\"https:\\\/\\\/informelitoral.com.ar\\\/subiran-3-puntos-las-retenciones-para-los-productores-que-vendan-mas-de-1-000-toneladas-de-soja\\\/\"]}]},{\"@type\":\"ImageObject\",\"inLanguage\":\"es\",\"@id\":\"https:\\\/\\\/informelitoral.com.ar\\\/subiran-3-puntos-las-retenciones-para-los-productores-que-vendan-mas-de-1-000-toneladas-de-soja\\\/#primaryimage\",\"url\":\"https:\\\/\\\/informelitoral.com.ar\\\/%77%70%2d%63%6f%6e%74%65%6e%74\\\/uploads\\\/2018\\\/11\\\/embarque-soja.jpg\",\"contentUrl\":\"https:\\\/\\\/informelitoral.com.ar\\\/%77%70%2d%63%6f%6e%74%65%6e%74\\\/uploads\\\/2018\\\/11\\\/embarque-soja.jpg\",\"width\":1600,\"height\":795},{\"@type\":\"BreadcrumbList\",\"@id\":\"https:\\\/\\\/informelitoral.com.ar\\\/subiran-3-puntos-las-retenciones-para-los-productores-que-vendan-mas-de-1-000-toneladas-de-soja\\\/#breadcrumb\",\"itemListElement\":[{\"@type\":\"ListItem\",\"position\":1,\"name\":\"Portada\",\"item\":\"https:\\\/\\\/informelitoral.com.ar\\\/\"},{\"@type\":\"ListItem\",\"position\":2,\"name\":\"Subir\u00e1n 3 puntos las retenciones para los productores que vendan m\u00e1s de 1.000 toneladas de soja\"}]},{\"@type\":\"WebSite\",\"@id\":\"https:\\\/\\\/informelitoral.com.ar\\\/#website\",\"url\":\"https:\\\/\\\/informelitoral.com.ar\\\/\",\"name\":\"Informe Litoral\",\"description\":\"&quot;Nos informamos&quot; \",\"publisher\":{\"@id\":\"https:\\\/\\\/informelitoral.com.ar\\\/#organization\"},\"potentialAction\":[{\"@type\":\"SearchAction\",\"target\":{\"@type\":\"EntryPoint\",\"urlTemplate\":\"https:\\\/\\\/informelitoral.com.ar\\\/?s={search_term_string}\"},\"query-input\":{\"@type\":\"PropertyValueSpecification\",\"valueRequired\":true,\"valueName\":\"search_term_string\"}}],\"inLanguage\":\"es\"},{\"@type\":\"Organization\",\"@id\":\"https:\\\/\\\/informelitoral.com.ar\\\/#organization\",\"name\":\"Informe Litoral\",\"url\":\"https:\\\/\\\/informelitoral.com.ar\\\/\",\"logo\":{\"@type\":\"ImageObject\",\"inLanguage\":\"es\",\"@id\":\"https:\\\/\\\/informelitoral.com.ar\\\/#\\\/schema\\\/logo\\\/image\\\/\",\"url\":\"https:\\\/\\\/informelitoral.com.ar\\\/%77%70%2d%63%6f%6e%74%65%6e%74\\\/uploads\\\/2021\\\/01\\\/circulo.png\",\"contentUrl\":\"https:\\\/\\\/informelitoral.com.ar\\\/%77%70%2d%63%6f%6e%74%65%6e%74\\\/uploads\\\/2021\\\/01\\\/circulo.png\",\"width\":723,\"height\":731,\"caption\":\"Informe Litoral\"},\"image\":{\"@id\":\"https:\\\/\\\/informelitoral.com.ar\\\/#\\\/schema\\\/logo\\\/image\\\/\"},\"sameAs\":[\"https:\\\/\\\/www.facebook.com\\\/informelitoral\\\/\",\"https:\\\/\\\/x.com\\\/InformeLitoral\",\"https:\\\/\\\/www.instagram.com\\\/informelitoral\\\/\",\"https:\\\/\\\/www.youtube.com\\\/channel\\\/UCua4Qvz8Icb6MYqhoq9xLXw\"]},{\"@type\":\"Person\",\"@id\":\"https:\\\/\\\/informelitoral.com.ar\\\/#\\\/schema\\\/person\\\/b9d00407c836482871ef1d57bf8e3180\",\"name\":\"Gonzalo Schmidt\",\"image\":{\"@type\":\"ImageObject\",\"inLanguage\":\"es\",\"@id\":\"https:\\\/\\\/secure.gravatar.com\\\/avatar\\\/31a1a7b66ff2de83bd0e9fd79d026630d2d99e55e8bfe501287647b4fd9743de?s=96&d=mm&r=g\",\"url\":\"https:\\\/\\\/secure.gravatar.com\\\/avatar\\\/31a1a7b66ff2de83bd0e9fd79d026630d2d99e55e8bfe501287647b4fd9743de?s=96&d=mm&r=g\",\"contentUrl\":\"https:\\\/\\\/secure.gravatar.com\\\/avatar\\\/31a1a7b66ff2de83bd0e9fd79d026630d2d99e55e8bfe501287647b4fd9743de?s=96&d=mm&r=g\",\"caption\":\"Gonzalo Schmidt\"},\"description\":\"Sitio web de noticias de la provincia de Entre R\u00edos, Argentina. Informaci\u00f3n y entretenimiento. Informe Litoral, nos informamos.\",\"sameAs\":[\"http:\\\/\\\/www.isletasnoticias.com.ar\"],\"url\":\"https:\\\/\\\/informelitoral.com.ar\\\/author\\\/gonzalo\\\/\"}]}<\/script>","yoast_head_json":{"title":"Subir\u00e1n 3 puntos las retenciones para los productores que vendan m\u00e1s de 1.000 toneladas de soja - Informe Litoral","robots":{"index":"index","follow":"follow","max-snippet":"max-snippet:-1","max-image-preview":"max-image-preview:large","max-video-preview":"max-video-preview:-1"},"canonical":"https:\/\/informelitoral.com.ar\/subiran-3-puntos-las-retenciones-para-los-productores-que-vendan-mas-de-1-000-toneladas-de-soja\/","og_locale":"es_ES","og_type":"article","og_title":"Subir\u00e1n 3 puntos las retenciones para los productores que vendan m\u00e1s de 1.000 toneladas de soja - Informe Litoral","og_description":"Tras la reuni\u00f3n entre la Mesa de Enlace y el Gobierno se anunci\u00f3 el aumento. Bajar\u00e1n las retenciones al girasol y a las econom\u00edas regionales.","og_url":"https:\/\/informelitoral.com.ar\/subiran-3-puntos-las-retenciones-para-los-productores-que-vendan-mas-de-1-000-toneladas-de-soja\/","og_site_name":"Informe Litoral","article_publisher":"https:\/\/www.facebook.com\/informelitoral\/","article_published_time":"2020-03-04T09:39:25+00:00","og_image":[{"width":1600,"height":795,"url":"https:\/\/informelitoral.com.ar\/%77%70%2d%63%6f%6e%74%65%6e%74\/uploads\/2018\/11\/embarque-soja.jpg","type":"image\/jpeg"}],"author":"Gonzalo Schmidt","twitter_card":"summary_large_image","twitter_creator":"@InformeLitoral","twitter_site":"@InformeLitoral","twitter_misc":{"Escrito por":"Gonzalo Schmidt","Tiempo de lectura":"2 minutos"},"schema":{"@context":"https:\/\/schema.org","@graph":[{"@type":"Article","@id":"https:\/\/informelitoral.com.ar\/subiran-3-puntos-las-retenciones-para-los-productores-que-vendan-mas-de-1-000-toneladas-de-soja\/#article","isPartOf":{"@id":"https:\/\/informelitoral.com.ar\/subiran-3-puntos-las-retenciones-para-los-productores-que-vendan-mas-de-1-000-toneladas-de-soja\/"},"author":{"name":"Gonzalo Schmidt","@id":"https:\/\/informelitoral.com.ar\/#\/schema\/person\/b9d00407c836482871ef1d57bf8e3180"},"headline":"Subir\u00e1n 3 puntos las retenciones para los productores que vendan m\u00e1s de 1.000 toneladas de soja","datePublished":"2020-03-04T09:39:25+00:00","mainEntityOfPage":{"@id":"https:\/\/informelitoral.com.ar\/subiran-3-puntos-las-retenciones-para-los-productores-que-vendan-mas-de-1-000-toneladas-de-soja\/"},"wordCount":403,"commentCount":0,"publisher":{"@id":"https:\/\/informelitoral.com.ar\/#organization"},"image":{"@id":"https:\/\/informelitoral.com.ar\/subiran-3-puntos-las-retenciones-para-los-productores-que-vendan-mas-de-1-000-toneladas-de-soja\/#primaryimage"},"thumbnailUrl":"https:\/\/informelitoral.com.ar\/%77%70%2d%63%6f%6e%74%65%6e%74\/uploads\/2018\/11\/embarque-soja.jpg","keywords":["Gobierno nacional","Retenciones","Soja"],"articleSection":["Campo"],"inLanguage":"es","potentialAction":[{"@type":"CommentAction","name":"Comment","target":["https:\/\/informelitoral.com.ar\/subiran-3-puntos-las-retenciones-para-los-productores-que-vendan-mas-de-1-000-toneladas-de-soja\/#respond"]}]},{"@type":"WebPage","@id":"https:\/\/informelitoral.com.ar\/subiran-3-puntos-las-retenciones-para-los-productores-que-vendan-mas-de-1-000-toneladas-de-soja\/","url":"https:\/\/informelitoral.com.ar\/subiran-3-puntos-las-retenciones-para-los-productores-que-vendan-mas-de-1-000-toneladas-de-soja\/","name":"Subir\u00e1n 3 puntos las retenciones para los productores que vendan m\u00e1s de 1.000 toneladas de soja - Informe Litoral","isPartOf":{"@id":"https:\/\/informelitoral.com.ar\/#website"},"primaryImageOfPage":{"@id":"https:\/\/informelitoral.com.ar\/subiran-3-puntos-las-retenciones-para-los-productores-que-vendan-mas-de-1-000-toneladas-de-soja\/#primaryimage"},"image":{"@id":"https:\/\/informelitoral.com.ar\/subiran-3-puntos-las-retenciones-para-los-productores-que-vendan-mas-de-1-000-toneladas-de-soja\/#primaryimage"},"thumbnailUrl":"https:\/\/informelitoral.com.ar\/%77%70%2d%63%6f%6e%74%65%6e%74\/uploads\/2018\/11\/embarque-soja.jpg","datePublished":"2020-03-04T09:39:25+00:00","breadcrumb":{"@id":"https:\/\/informelitoral.com.ar\/subiran-3-puntos-las-retenciones-para-los-productores-que-vendan-mas-de-1-000-toneladas-de-soja\/#breadcrumb"},"inLanguage":"es","potentialAction":[{"@type":"ReadAction","target":["https:\/\/informelitoral.com.ar\/subiran-3-puntos-las-retenciones-para-los-productores-que-vendan-mas-de-1-000-toneladas-de-soja\/"]}]},{"@type":"ImageObject","inLanguage":"es","@id":"https:\/\/informelitoral.com.ar\/subiran-3-puntos-las-retenciones-para-los-productores-que-vendan-mas-de-1-000-toneladas-de-soja\/#primaryimage","url":"https:\/\/informelitoral.com.ar\/%77%70%2d%63%6f%6e%74%65%6e%74\/uploads\/2018\/11\/embarque-soja.jpg","contentUrl":"https:\/\/informelitoral.com.ar\/%77%70%2d%63%6f%6e%74%65%6e%74\/uploads\/2018\/11\/embarque-soja.jpg","width":1600,"height":795},{"@type":"BreadcrumbList","@id":"https:\/\/informelitoral.com.ar\/subiran-3-puntos-las-retenciones-para-los-productores-que-vendan-mas-de-1-000-toneladas-de-soja\/#breadcrumb","itemListElement":[{"@type":"ListItem","position":1,"name":"Portada","item":"https:\/\/informelitoral.com.ar\/"},{"@type":"ListItem","position":2,"name":"Subir\u00e1n 3 puntos las retenciones para los productores que vendan m\u00e1s de 1.000 toneladas de soja"}]},{"@type":"WebSite","@id":"https:\/\/informelitoral.com.ar\/#website","url":"https:\/\/informelitoral.com.ar\/","name":"Informe Litoral","description":"&quot;Nos informamos&quot; ","publisher":{"@id":"https:\/\/informelitoral.com.ar\/#organization"},"potentialAction":[{"@type":"SearchAction","target":{"@type":"EntryPoint","urlTemplate":"https:\/\/informelitoral.com.ar\/?s={search_term_string}"},"query-input":{"@type":"PropertyValueSpecification","valueRequired":true,"valueName":"search_term_string"}}],"inLanguage":"es"},{"@type":"Organization","@id":"https:\/\/informelitoral.com.ar\/#organization","name":"Informe Litoral","url":"https:\/\/informelitoral.com.ar\/","logo":{"@type":"ImageObject","inLanguage":"es","@id":"https:\/\/informelitoral.com.ar\/#\/schema\/logo\/image\/","url":"https:\/\/informelitoral.com.ar\/%77%70%2d%63%6f%6e%74%65%6e%74\/uploads\/2021\/01\/circulo.png","contentUrl":"https:\/\/informelitoral.com.ar\/%77%70%2d%63%6f%6e%74%65%6e%74\/uploads\/2021\/01\/circulo.png","width":723,"height":731,"caption":"Informe Litoral"},"image":{"@id":"https:\/\/informelitoral.com.ar\/#\/schema\/logo\/image\/"},"sameAs":["https:\/\/www.facebook.com\/informelitoral\/","https:\/\/x.com\/InformeLitoral","https:\/\/www.instagram.com\/informelitoral\/","https:\/\/www.youtube.com\/channel\/UCua4Qvz8Icb6MYqhoq9xLXw"]},{"@type":"Person","@id":"https:\/\/informelitoral.com.ar\/#\/schema\/person\/b9d00407c836482871ef1d57bf8e3180","name":"Gonzalo Schmidt","image":{"@type":"ImageObject","inLanguage":"es","@id":"https:\/\/secure.gravatar.com\/avatar\/31a1a7b66ff2de83bd0e9fd79d026630d2d99e55e8bfe501287647b4fd9743de?s=96&d=mm&r=g","url":"https:\/\/secure.gravatar.com\/avatar\/31a1a7b66ff2de83bd0e9fd79d026630d2d99e55e8bfe501287647b4fd9743de?s=96&d=mm&r=g","contentUrl":"https:\/\/secure.gravatar.com\/avatar\/31a1a7b66ff2de83bd0e9fd79d026630d2d99e55e8bfe501287647b4fd9743de?s=96&d=mm&r=g","caption":"Gonzalo Schmidt"},"description":"Sitio web de noticias de la provincia de Entre R\u00edos, Argentina. Informaci\u00f3n y entretenimiento. Informe Litoral, nos informamos.","sameAs":["http:\/\/www.isletasnoticias.com.ar"],"url":"https:\/\/informelitoral.com.ar\/author\/gonzalo\/"}]}},"_links":{"self":[{"href":"https:\/\/informelitoral.com.ar\/%77%70%2d%6a%73%6f%6e\/wp\/v2\/posts\/40624","targetHints":{"allow":["GET"]}}],"collection":[{"href":"https:\/\/informelitoral.com.ar\/%77%70%2d%6a%73%6f%6e\/wp\/v2\/posts"}],"about":[{"href":"https:\/\/informelitoral.com.ar\/%77%70%2d%6a%73%6f%6e\/wp\/v2\/types\/post"}],"author":[{"embeddable":true,"href":"https:\/\/informelitoral.com.ar\/%77%70%2d%6a%73%6f%6e\/wp\/v2\/users\/2"}],"replies":[{"embeddable":true,"href":"https:\/\/informelitoral.com.ar\/%77%70%2d%6a%73%6f%6e\/wp\/v2\/comments?post=40624"}],"version-history":[{"count":0,"href":"https:\/\/informelitoral.com.ar\/%77%70%2d%6a%73%6f%6e\/wp\/v2\/posts\/40624\/revisions"}],"wp:featuredmedia":[{"embeddable":true,"href":"https:\/\/informelitoral.com.ar\/%77%70%2d%6a%73%6f%6e\/wp\/v2\/media\/30823"}],"wp:attachment":[{"href":"https:\/\/informelitoral.com.ar\/%77%70%2d%6a%73%6f%6e\/wp\/v2\/media?parent=40624"}],"wp:term":[{"taxonomy":"category","embeddable":true,"href":"https:\/\/informelitoral.com.ar\/%77%70%2d%6a%73%6f%6e\/wp\/v2\/categories?post=40624"},{"taxonomy":"post_tag","embeddable":true,"href":"https:\/\/informelitoral.com.ar\/%77%70%2d%6a%73%6f%6e\/wp\/v2\/tags?post=40624"}],"curies":[{"name":"wp","href":"https:\/\/api.w.org\/{rel}","templated":true}]}}