{"id":40544,"date":"2020-03-01T18:05:12","date_gmt":"2020-03-01T21:05:12","guid":{"rendered":"https:\/\/www.isletasnoticias.com.ar\/?p=40544"},"modified":"2020-03-01T18:07:50","modified_gmt":"2020-03-01T21:07:50","slug":"los-anuncios-de-alberto-fernandez-ante-el-congreso","status":"publish","type":"post","link":"https:\/\/informelitoral.com.ar\/los-anuncios-de-alberto-fernandez-ante-el-congreso\/","title":{"rendered":"Los anuncios de Alberto Fern\u00e1ndez ante el Congreso"},"content":{"rendered":"<div class=\"detail-body\">\n<article id=\"note-body\" class=\"note-body first\" data-twitter-link=\"https:\/\/twitter.com\/intent\/tweet?url=https:\/\/www.minutouno.com\/c5085943&amp;v\u00eda=minutounocom&amp;related=MinutoUno&amp;text=\">\n<div class=\"row\">\n<div class=\"inside-note col-xs-12\">\n<p>El presidente<strong>\u00a0Alberto Fern\u00e1ndez<\/strong>\u00a0dej\u00f3 inaugurado este domingo el 138\u00ba per\u00edodo de sesiones ordinarias del<strong>\u00a0Congreso de la Naci\u00f3n<\/strong> con un discurso en el que combin\u00f3 un sucinto diagn\u00f3stico sobre la situaci\u00f3n en que se encuentra la Argentina, lo realizado en sus primeros 81 d\u00edas de gesti\u00f3n y anticip\u00f3 una serie de medidas que impulsar\u00e1 en las pr\u00f3ximas semanas.<\/p>\n<h3><strong>Aqu\u00ed todos los anuncios realizados por Alberto Fern\u00e1ndez:<\/strong><\/h3>\n<\/div>\n<\/div>\n<\/article>\n<\/div>\n<div class=\"detail-body \">\n<article id=\"note-body\" class=\"note-body\" data-twitter-link=\"https:\/\/twitter.com\/intent\/tweet?url=https:\/\/www.minutouno.com\/c5085943&amp;v\u00eda=minutounocom&amp;related=MinutoUno&amp;text=\">\n<div class=\"row\">\n<div class=\"inside-note col-xs-12\">\n<p><strong>Legalizaci\u00f3n del aborto<\/strong><\/p>\n<p>* En los pr\u00f3ximos 10 d\u00edas, Alberto Fern\u00e1ndez enviar\u00e1 al Congreso un proyecto de Ley de Interrupci\u00f3n Voluntaria del Embarazo.<\/p>\n<p>* Se lanzar\u00e1 un programa de educaci\u00f3n sexual integral y prevenci\u00f3n del embarazo no deseado.<\/p>\n<p>* Alberto Fern\u00e1ndez tambi\u00e9n enviar\u00e1 al Congreso un proyecto de ley que instaure el Plan de los 1000 d\u00edas, para garantizar la atenci\u00f3n y el cuidado integral de la vida y de la salud de la mujer embarazada y de sus hijos o hijas en los primeros a\u00f1os de vida.<\/p>\n<p><strong>Consejo Econ\u00f3mico y Social<\/strong><\/p>\n<p>*Proyecto para crear por ley el Consejo Econ\u00f3mico y Social para el Desarrollo Argentino, que ser\u00e1 \u00abel motor no s\u00f3lo de pol\u00edticas de Estado, sino de pol\u00edticas de la sociedad\u00bb.<\/p>\n<p><strong>Reformas en la Justicia<\/strong><\/p>\n<p>* Creaci\u00f3n de un nuevo Fuero Federal Penal, que unificar\u00e1 a fueros penales que actualmente tienen jurisdicci\u00f3n en la Ciudad de Buenos Aires.<\/p>\n<p>* Creaci\u00f3n de un nuevo sistema acusatorio penal para fortalecer la actuaci\u00f3n de la Justicia Federal en las zonas m\u00e1s afectadas por el crimen organizado y el narcotr\u00e1fico, fundamentalmente en Rosario y Santa Fe.<\/p>\n<p>* Creaci\u00f3n de una nueva sala y una Secretar\u00eda de Narcotr\u00e1fico en la C\u00e1mara Federal de Apelaciones de Rosario. Adem\u00e1s se crear\u00e1n nuevos cargos auxiliares fiscales y asistentes fiscales bajo la \u00f3rbita de un fiscal coordinador de distrito.<\/p>\n<p>* Unificaci\u00f3n de los fueros de Justicia Civil y Comercial Federal de la justicia contencioso administrativa de la Capital Federal.<\/p>\n<p>* Conformaci\u00f3n de un consejo para Afianzar la Administraci\u00f3n de Justicia en la Rep\u00fablica Argentina, que integrar\u00e1n personalidades del mundo acad\u00e9mico y judicial, y ser\u00e1 un cuerpo consultivo del Poder Ejecutivo para el impulso de otras transformaciones de fondo en el Poder Judicial.<\/p>\n<p><strong>Reformas en Inteligencia<\/strong><\/p>\n<p>* Mediante un Decreto de Necesidad y Urgencia firmado por Alberto Fern\u00e1ndez se modificar\u00e1 la Ley de Inteligencia para impedir que la AFI realice tareas represivas, posea facultades compulsivas, cumpla funciones policiales o desarrolle tareas de investigaci\u00f3n criminal como auxiliares de la Justicia.<\/p>\n<p>* Desclasificaci\u00f3n de los informes sobre AMIA: se ordenar\u00e1 a la Agencia Federal de Investigaciones desclasificar los testimonios secretos brindados por agentes de inteligencia en los juicios en los que fuera investigado el hecho y la responsabilidad de funcionarios del Estado en el encubrimiento del mismo. Lo mismo se har\u00e1 con el resto de la documentaci\u00f3n sobre la causa.<\/p>\n<p><strong>Homenaje a los tripulantes del ARA San Juan<\/strong><\/p>\n<p>* Se dispondr\u00e1 el ascenso post mortem de los 44 tripulantes del submarino que se hundi\u00f3 en 2017 y conmocion\u00f3 a la Argentina.<\/p>\n<p><strong>Ley de Conocimiento<\/strong><\/p>\n<p>&#8211; Alberto Fern\u00e1ndez enviar\u00e1 al Congreso un proyecto de ley del \u00abConocimiento\u00bb de nuevas tecnolog\u00edas para \u00abpotenciar\u00bb el desarrollo cient\u00edfico y tecnol\u00f3gico.<\/p>\n<p><strong>Proyectos para \u00abafianzar la soberan\u00eda territorial\u00bb<\/strong><\/p>\n<p>* Se crear\u00e1 el Consejo Nacional de Asuntos Relativos a las Islas Malvinas, Georgias del Sur y Sandwich del Sur y espacios mar\u00edtimos correspondientes.<\/p>\n<p>* Proyecto para avanzar en la demarcaci\u00f3n del l\u00edmite exterior de la plataforma continental de la Argentina.<\/p>\n<p>* Modificaci\u00f3n del R\u00e9gimen Federal Pesquero para endurecer las sanciones a los buques que pescan ilegalmente en los espacios mar\u00edtimos bajo jurisdicci\u00f3n argentina \u00abo en aguas donde nuestro pa\u00eds tiene soberan\u00eda sobre recursos vivos marinos, lo que incluye las Islas Malvinas.<\/p>\n<p><strong>Ley de Hidrocarburos<\/strong><\/p>\n<p>* Proyecto de ley para constituir un marco legal para el \u00abdesarrollo del sector hidrocarbur\u00edfero y minero que facilite el desarrollo industrial y tecnol\u00f3gico\u00bb de la Argentina.<\/p>\n<h3><em><strong>M\u00c1S SOBRE EL TEMA:\u00a0<\/strong><\/em><\/h3>\n<blockquote class=\"wp-embedded-content\" data-secret=\"AP2rRQzW6q\"><p><a href=\"https:\/\/www.isletasnoticias.com.ar\/alberto-fernandez-anuncio-que-enviara-al-congreso-un-proyecto-sobre-el-aborto-y-la-reforma-judicial\/\">Alberto Fern\u00e1ndez anunci\u00f3 que enviar\u00e1 al Congreso un proyecto sobre el aborto y la reforma judicial<\/a><\/p><\/blockquote>\n<p><iframe loading=\"lazy\" title=\"&#171;Alberto Fern\u00e1ndez anunci\u00f3 que enviar\u00e1 al Congreso un proyecto sobre el aborto y la reforma judicial&#187; &#8212; Isletas Noticias\" class=\"wp-embedded-content\" sandbox=\"allow-scripts\" security=\"restricted\" style=\"position: absolute; clip: rect(1px, 1px, 1px, 1px);\" src=\"https:\/\/www.isletasnoticias.com.ar\/alberto-fernandez-anuncio-que-enviara-al-congreso-un-proyecto-sobre-el-aborto-y-la-reforma-judicial\/embed\/#?secret=AP2rRQzW6q\" data-secret=\"AP2rRQzW6q\" width=\"600\" height=\"338\" frameborder=\"0\" marginwidth=\"0\" marginheight=\"0\" scrolling=\"no\"><\/iframe><\/p>\n<\/div>\n<\/div>\n<\/article>\n<\/div>\n","protected":false},"excerpt":{"rendered":"<p>Alberto Fern\u00e1ndez dej\u00f3 una serie de anuncios en su discurso ante el pleno del Congreso en el marco de la apertura de un nuevo periodo de sesiones ordinarias.<\/p>\n","protected":false},"author":2,"featured_media":40545,"comment_status":"open","ping_status":"open","sticky":false,"template":"","format":"standard","meta":{"fifu_image_url":"","fifu_image_alt":"","footnotes":""},"categories":[16],"tags":[1311],"class_list":{"0":"post-40544","1":"post","2":"type-post","3":"status-publish","4":"format-standard","5":"has-post-thumbnail","7":"category-politi","8":"tag-alberto-fernandez"},"yoast_head":"<title>Los anuncios de Alberto Fern\u00e1ndez ante el Congreso - Informe Litoral<\/title>\n<meta name=\"robots\" content=\"index, follow, max-snippet:-1, max-image-preview:large, max-video-preview:-1\" \/>\n<link rel=\"canonical\" href=\"https:\/\/informelitoral.com.ar\/los-anuncios-de-alberto-fernandez-ante-el-congreso\/\" \/>\n<meta property=\"og:locale\" content=\"es_ES\" \/>\n<meta property=\"og:type\" content=\"article\" \/>\n<meta property=\"og:title\" content=\"Los anuncios de Alberto Fern\u00e1ndez ante el Congreso - Informe Litoral\" \/>\n<meta property=\"og:description\" content=\"Alberto Fern\u00e1ndez dej\u00f3 una serie de anuncios en su discurso ante el pleno del Congreso en el marco de la apertura de un nuevo periodo de sesiones ordinarias.\" \/>\n<meta property=\"og:url\" content=\"https:\/\/informelitoral.com.ar\/los-anuncios-de-alberto-fernandez-ante-el-congreso\/\" \/>\n<meta property=\"og:site_name\" content=\"Informe Litoral\" \/>\n<meta property=\"article:publisher\" content=\"https:\/\/www.facebook.com\/informelitoral\/\" \/>\n<meta property=\"article:published_time\" content=\"2020-03-01T21:05:12+00:00\" \/>\n<meta property=\"article:modified_time\" content=\"2020-03-01T21:07:50+00:00\" \/>\n<meta property=\"og:image\" content=\"https:\/\/informelitoral.com.ar\/%77%70%2d%63%6f%6e%74%65%6e%74\/uploads\/2020\/03\/0037437167.jpg\" \/>\n\t<meta property=\"og:image:width\" content=\"1140\" \/>\n\t<meta property=\"og:image:height\" content=\"640\" \/>\n\t<meta property=\"og:image:type\" content=\"image\/jpeg\" \/>\n<meta name=\"author\" content=\"Gonzalo Schmidt\" \/>\n<meta name=\"twitter:card\" content=\"summary_large_image\" \/>\n<meta name=\"twitter:creator\" content=\"@InformeLitoral\" \/>\n<meta name=\"twitter:site\" content=\"@InformeLitoral\" \/>\n<meta name=\"twitter:label1\" content=\"Escrito por\" \/>\n\t<meta name=\"twitter:data1\" content=\"Gonzalo Schmidt\" \/>\n\t<meta name=\"twitter:label2\" content=\"Tiempo de lectura\" \/>\n\t<meta name=\"twitter:data2\" content=\"3 minutos\" \/>\n<script type=\"application\/ld+json\" class=\"yoast-schema-graph\">{\"@context\":\"https:\\\/\\\/schema.org\",\"@graph\":[{\"@type\":\"Article\",\"@id\":\"https:\\\/\\\/informelitoral.com.ar\\\/los-anuncios-de-alberto-fernandez-ante-el-congreso\\\/#article\",\"isPartOf\":{\"@id\":\"https:\\\/\\\/informelitoral.com.ar\\\/los-anuncios-de-alberto-fernandez-ante-el-congreso\\\/\"},\"author\":{\"name\":\"Gonzalo Schmidt\",\"@id\":\"https:\\\/\\\/informelitoral.com.ar\\\/#\\\/schema\\\/person\\\/b9d00407c836482871ef1d57bf8e3180\"},\"headline\":\"Los anuncios de Alberto Fern\u00e1ndez ante el Congreso\",\"datePublished\":\"2020-03-01T21:05:12+00:00\",\"dateModified\":\"2020-03-01T21:07:50+00:00\",\"mainEntityOfPage\":{\"@id\":\"https:\\\/\\\/informelitoral.com.ar\\\/los-anuncios-de-alberto-fernandez-ante-el-congreso\\\/\"},\"wordCount\":693,\"commentCount\":0,\"publisher\":{\"@id\":\"https:\\\/\\\/informelitoral.com.ar\\\/#organization\"},\"image\":{\"@id\":\"https:\\\/\\\/informelitoral.com.ar\\\/los-anuncios-de-alberto-fernandez-ante-el-congreso\\\/#primaryimage\"},\"thumbnailUrl\":\"https:\\\/\\\/informelitoral.com.ar\\\/%77%70%2d%63%6f%6e%74%65%6e%74\\\/uploads\\\/2020\\\/03\\\/0037437167.jpg\",\"keywords\":[\"Alberto Fern\u00e1ndez\"],\"articleSection\":[\"Politica\"],\"inLanguage\":\"es\",\"potentialAction\":[{\"@type\":\"CommentAction\",\"name\":\"Comment\",\"target\":[\"https:\\\/\\\/informelitoral.com.ar\\\/los-anuncios-de-alberto-fernandez-ante-el-congreso\\\/#respond\"]}]},{\"@type\":\"WebPage\",\"@id\":\"https:\\\/\\\/informelitoral.com.ar\\\/los-anuncios-de-alberto-fernandez-ante-el-congreso\\\/\",\"url\":\"https:\\\/\\\/informelitoral.com.ar\\\/los-anuncios-de-alberto-fernandez-ante-el-congreso\\\/\",\"name\":\"Los anuncios de Alberto Fern\u00e1ndez ante el Congreso - Informe Litoral\",\"isPartOf\":{\"@id\":\"https:\\\/\\\/informelitoral.com.ar\\\/#website\"},\"primaryImageOfPage\":{\"@id\":\"https:\\\/\\\/informelitoral.com.ar\\\/los-anuncios-de-alberto-fernandez-ante-el-congreso\\\/#primaryimage\"},\"image\":{\"@id\":\"https:\\\/\\\/informelitoral.com.ar\\\/los-anuncios-de-alberto-fernandez-ante-el-congreso\\\/#primaryimage\"},\"thumbnailUrl\":\"https:\\\/\\\/informelitoral.com.ar\\\/%77%70%2d%63%6f%6e%74%65%6e%74\\\/uploads\\\/2020\\\/03\\\/0037437167.jpg\",\"datePublished\":\"2020-03-01T21:05:12+00:00\",\"dateModified\":\"2020-03-01T21:07:50+00:00\",\"breadcrumb\":{\"@id\":\"https:\\\/\\\/informelitoral.com.ar\\\/los-anuncios-de-alberto-fernandez-ante-el-congreso\\\/#breadcrumb\"},\"inLanguage\":\"es\",\"potentialAction\":[{\"@type\":\"ReadAction\",\"target\":[\"https:\\\/\\\/informelitoral.com.ar\\\/los-anuncios-de-alberto-fernandez-ante-el-congreso\\\/\"]}]},{\"@type\":\"ImageObject\",\"inLanguage\":\"es\",\"@id\":\"https:\\\/\\\/informelitoral.com.ar\\\/los-anuncios-de-alberto-fernandez-ante-el-congreso\\\/#primaryimage\",\"url\":\"https:\\\/\\\/informelitoral.com.ar\\\/%77%70%2d%63%6f%6e%74%65%6e%74\\\/uploads\\\/2020\\\/03\\\/0037437167.jpg\",\"contentUrl\":\"https:\\\/\\\/informelitoral.com.ar\\\/%77%70%2d%63%6f%6e%74%65%6e%74\\\/uploads\\\/2020\\\/03\\\/0037437167.jpg\",\"width\":1140,\"height\":640},{\"@type\":\"BreadcrumbList\",\"@id\":\"https:\\\/\\\/informelitoral.com.ar\\\/los-anuncios-de-alberto-fernandez-ante-el-congreso\\\/#breadcrumb\",\"itemListElement\":[{\"@type\":\"ListItem\",\"position\":1,\"name\":\"Portada\",\"item\":\"https:\\\/\\\/informelitoral.com.ar\\\/\"},{\"@type\":\"ListItem\",\"position\":2,\"name\":\"Los anuncios de Alberto Fern\u00e1ndez ante el Congreso\"}]},{\"@type\":\"WebSite\",\"@id\":\"https:\\\/\\\/informelitoral.com.ar\\\/#website\",\"url\":\"https:\\\/\\\/informelitoral.com.ar\\\/\",\"name\":\"Informe Litoral\",\"description\":\"&quot;Nos informamos&quot; \",\"publisher\":{\"@id\":\"https:\\\/\\\/informelitoral.com.ar\\\/#organization\"},\"potentialAction\":[{\"@type\":\"SearchAction\",\"target\":{\"@type\":\"EntryPoint\",\"urlTemplate\":\"https:\\\/\\\/informelitoral.com.ar\\\/?s={search_term_string}\"},\"query-input\":{\"@type\":\"PropertyValueSpecification\",\"valueRequired\":true,\"valueName\":\"search_term_string\"}}],\"inLanguage\":\"es\"},{\"@type\":\"Organization\",\"@id\":\"https:\\\/\\\/informelitoral.com.ar\\\/#organization\",\"name\":\"Informe Litoral\",\"url\":\"https:\\\/\\\/informelitoral.com.ar\\\/\",\"logo\":{\"@type\":\"ImageObject\",\"inLanguage\":\"es\",\"@id\":\"https:\\\/\\\/informelitoral.com.ar\\\/#\\\/schema\\\/logo\\\/image\\\/\",\"url\":\"https:\\\/\\\/informelitoral.com.ar\\\/%77%70%2d%63%6f%6e%74%65%6e%74\\\/uploads\\\/2021\\\/01\\\/circulo.png\",\"contentUrl\":\"https:\\\/\\\/informelitoral.com.ar\\\/%77%70%2d%63%6f%6e%74%65%6e%74\\\/uploads\\\/2021\\\/01\\\/circulo.png\",\"width\":723,\"height\":731,\"caption\":\"Informe Litoral\"},\"image\":{\"@id\":\"https:\\\/\\\/informelitoral.com.ar\\\/#\\\/schema\\\/logo\\\/image\\\/\"},\"sameAs\":[\"https:\\\/\\\/www.facebook.com\\\/informelitoral\\\/\",\"https:\\\/\\\/x.com\\\/InformeLitoral\",\"https:\\\/\\\/www.instagram.com\\\/informelitoral\\\/\",\"https:\\\/\\\/www.youtube.com\\\/channel\\\/UCua4Qvz8Icb6MYqhoq9xLXw\"]},{\"@type\":\"Person\",\"@id\":\"https:\\\/\\\/informelitoral.com.ar\\\/#\\\/schema\\\/person\\\/b9d00407c836482871ef1d57bf8e3180\",\"name\":\"Gonzalo Schmidt\",\"image\":{\"@type\":\"ImageObject\",\"inLanguage\":\"es\",\"@id\":\"https:\\\/\\\/secure.gravatar.com\\\/avatar\\\/31a1a7b66ff2de83bd0e9fd79d026630d2d99e55e8bfe501287647b4fd9743de?s=96&d=mm&r=g\",\"url\":\"https:\\\/\\\/secure.gravatar.com\\\/avatar\\\/31a1a7b66ff2de83bd0e9fd79d026630d2d99e55e8bfe501287647b4fd9743de?s=96&d=mm&r=g\",\"contentUrl\":\"https:\\\/\\\/secure.gravatar.com\\\/avatar\\\/31a1a7b66ff2de83bd0e9fd79d026630d2d99e55e8bfe501287647b4fd9743de?s=96&d=mm&r=g\",\"caption\":\"Gonzalo Schmidt\"},\"description\":\"Sitio web de noticias de la provincia de Entre R\u00edos, Argentina. Informaci\u00f3n y entretenimiento. Informe Litoral, nos informamos.\",\"sameAs\":[\"http:\\\/\\\/www.isletasnoticias.com.ar\"],\"url\":\"https:\\\/\\\/informelitoral.com.ar\\\/author\\\/gonzalo\\\/\"}]}<\/script>","yoast_head_json":{"title":"Los anuncios de Alberto Fern\u00e1ndez ante el Congreso - Informe Litoral","robots":{"index":"index","follow":"follow","max-snippet":"max-snippet:-1","max-image-preview":"max-image-preview:large","max-video-preview":"max-video-preview:-1"},"canonical":"https:\/\/informelitoral.com.ar\/los-anuncios-de-alberto-fernandez-ante-el-congreso\/","og_locale":"es_ES","og_type":"article","og_title":"Los anuncios de Alberto Fern\u00e1ndez ante el Congreso - Informe Litoral","og_description":"Alberto Fern\u00e1ndez dej\u00f3 una serie de anuncios en su discurso ante el pleno del Congreso en el marco de la apertura de un nuevo periodo de sesiones ordinarias.","og_url":"https:\/\/informelitoral.com.ar\/los-anuncios-de-alberto-fernandez-ante-el-congreso\/","og_site_name":"Informe Litoral","article_publisher":"https:\/\/www.facebook.com\/informelitoral\/","article_published_time":"2020-03-01T21:05:12+00:00","article_modified_time":"2020-03-01T21:07:50+00:00","og_image":[{"width":1140,"height":640,"url":"https:\/\/informelitoral.com.ar\/%77%70%2d%63%6f%6e%74%65%6e%74\/uploads\/2020\/03\/0037437167.jpg","type":"image\/jpeg"}],"author":"Gonzalo Schmidt","twitter_card":"summary_large_image","twitter_creator":"@InformeLitoral","twitter_site":"@InformeLitoral","twitter_misc":{"Escrito por":"Gonzalo Schmidt","Tiempo de lectura":"3 minutos"},"schema":{"@context":"https:\/\/schema.org","@graph":[{"@type":"Article","@id":"https:\/\/informelitoral.com.ar\/los-anuncios-de-alberto-fernandez-ante-el-congreso\/#article","isPartOf":{"@id":"https:\/\/informelitoral.com.ar\/los-anuncios-de-alberto-fernandez-ante-el-congreso\/"},"author":{"name":"Gonzalo Schmidt","@id":"https:\/\/informelitoral.com.ar\/#\/schema\/person\/b9d00407c836482871ef1d57bf8e3180"},"headline":"Los anuncios de Alberto Fern\u00e1ndez ante el Congreso","datePublished":"2020-03-01T21:05:12+00:00","dateModified":"2020-03-01T21:07:50+00:00","mainEntityOfPage":{"@id":"https:\/\/informelitoral.com.ar\/los-anuncios-de-alberto-fernandez-ante-el-congreso\/"},"wordCount":693,"commentCount":0,"publisher":{"@id":"https:\/\/informelitoral.com.ar\/#organization"},"image":{"@id":"https:\/\/informelitoral.com.ar\/los-anuncios-de-alberto-fernandez-ante-el-congreso\/#primaryimage"},"thumbnailUrl":"https:\/\/informelitoral.com.ar\/%77%70%2d%63%6f%6e%74%65%6e%74\/uploads\/2020\/03\/0037437167.jpg","keywords":["Alberto Fern\u00e1ndez"],"articleSection":["Politica"],"inLanguage":"es","potentialAction":[{"@type":"CommentAction","name":"Comment","target":["https:\/\/informelitoral.com.ar\/los-anuncios-de-alberto-fernandez-ante-el-congreso\/#respond"]}]},{"@type":"WebPage","@id":"https:\/\/informelitoral.com.ar\/los-anuncios-de-alberto-fernandez-ante-el-congreso\/","url":"https:\/\/informelitoral.com.ar\/los-anuncios-de-alberto-fernandez-ante-el-congreso\/","name":"Los anuncios de Alberto Fern\u00e1ndez ante el Congreso - Informe Litoral","isPartOf":{"@id":"https:\/\/informelitoral.com.ar\/#website"},"primaryImageOfPage":{"@id":"https:\/\/informelitoral.com.ar\/los-anuncios-de-alberto-fernandez-ante-el-congreso\/#primaryimage"},"image":{"@id":"https:\/\/informelitoral.com.ar\/los-anuncios-de-alberto-fernandez-ante-el-congreso\/#primaryimage"},"thumbnailUrl":"https:\/\/informelitoral.com.ar\/%77%70%2d%63%6f%6e%74%65%6e%74\/uploads\/2020\/03\/0037437167.jpg","datePublished":"2020-03-01T21:05:12+00:00","dateModified":"2020-03-01T21:07:50+00:00","breadcrumb":{"@id":"https:\/\/informelitoral.com.ar\/los-anuncios-de-alberto-fernandez-ante-el-congreso\/#breadcrumb"},"inLanguage":"es","potentialAction":[{"@type":"ReadAction","target":["https:\/\/informelitoral.com.ar\/los-anuncios-de-alberto-fernandez-ante-el-congreso\/"]}]},{"@type":"ImageObject","inLanguage":"es","@id":"https:\/\/informelitoral.com.ar\/los-anuncios-de-alberto-fernandez-ante-el-congreso\/#primaryimage","url":"https:\/\/informelitoral.com.ar\/%77%70%2d%63%6f%6e%74%65%6e%74\/uploads\/2020\/03\/0037437167.jpg","contentUrl":"https:\/\/informelitoral.com.ar\/%77%70%2d%63%6f%6e%74%65%6e%74\/uploads\/2020\/03\/0037437167.jpg","width":1140,"height":640},{"@type":"BreadcrumbList","@id":"https:\/\/informelitoral.com.ar\/los-anuncios-de-alberto-fernandez-ante-el-congreso\/#breadcrumb","itemListElement":[{"@type":"ListItem","position":1,"name":"Portada","item":"https:\/\/informelitoral.com.ar\/"},{"@type":"ListItem","position":2,"name":"Los anuncios de Alberto Fern\u00e1ndez ante el Congreso"}]},{"@type":"WebSite","@id":"https:\/\/informelitoral.com.ar\/#website","url":"https:\/\/informelitoral.com.ar\/","name":"Informe Litoral","description":"&quot;Nos informamos&quot; ","publisher":{"@id":"https:\/\/informelitoral.com.ar\/#organization"},"potentialAction":[{"@type":"SearchAction","target":{"@type":"EntryPoint","urlTemplate":"https:\/\/informelitoral.com.ar\/?s={search_term_string}"},"query-input":{"@type":"PropertyValueSpecification","valueRequired":true,"valueName":"search_term_string"}}],"inLanguage":"es"},{"@type":"Organization","@id":"https:\/\/informelitoral.com.ar\/#organization","name":"Informe Litoral","url":"https:\/\/informelitoral.com.ar\/","logo":{"@type":"ImageObject","inLanguage":"es","@id":"https:\/\/informelitoral.com.ar\/#\/schema\/logo\/image\/","url":"https:\/\/informelitoral.com.ar\/%77%70%2d%63%6f%6e%74%65%6e%74\/uploads\/2021\/01\/circulo.png","contentUrl":"https:\/\/informelitoral.com.ar\/%77%70%2d%63%6f%6e%74%65%6e%74\/uploads\/2021\/01\/circulo.png","width":723,"height":731,"caption":"Informe Litoral"},"image":{"@id":"https:\/\/informelitoral.com.ar\/#\/schema\/logo\/image\/"},"sameAs":["https:\/\/www.facebook.com\/informelitoral\/","https:\/\/x.com\/InformeLitoral","https:\/\/www.instagram.com\/informelitoral\/","https:\/\/www.youtube.com\/channel\/UCua4Qvz8Icb6MYqhoq9xLXw"]},{"@type":"Person","@id":"https:\/\/informelitoral.com.ar\/#\/schema\/person\/b9d00407c836482871ef1d57bf8e3180","name":"Gonzalo Schmidt","image":{"@type":"ImageObject","inLanguage":"es","@id":"https:\/\/secure.gravatar.com\/avatar\/31a1a7b66ff2de83bd0e9fd79d026630d2d99e55e8bfe501287647b4fd9743de?s=96&d=mm&r=g","url":"https:\/\/secure.gravatar.com\/avatar\/31a1a7b66ff2de83bd0e9fd79d026630d2d99e55e8bfe501287647b4fd9743de?s=96&d=mm&r=g","contentUrl":"https:\/\/secure.gravatar.com\/avatar\/31a1a7b66ff2de83bd0e9fd79d026630d2d99e55e8bfe501287647b4fd9743de?s=96&d=mm&r=g","caption":"Gonzalo Schmidt"},"description":"Sitio web de noticias de la provincia de Entre R\u00edos, Argentina. Informaci\u00f3n y entretenimiento. Informe Litoral, nos informamos.","sameAs":["http:\/\/www.isletasnoticias.com.ar"],"url":"https:\/\/informelitoral.com.ar\/author\/gonzalo\/"}]}},"_links":{"self":[{"href":"https:\/\/informelitoral.com.ar\/%77%70%2d%6a%73%6f%6e\/wp\/v2\/posts\/40544","targetHints":{"allow":["GET"]}}],"collection":[{"href":"https:\/\/informelitoral.com.ar\/%77%70%2d%6a%73%6f%6e\/wp\/v2\/posts"}],"about":[{"href":"https:\/\/informelitoral.com.ar\/%77%70%2d%6a%73%6f%6e\/wp\/v2\/types\/post"}],"author":[{"embeddable":true,"href":"https:\/\/informelitoral.com.ar\/%77%70%2d%6a%73%6f%6e\/wp\/v2\/users\/2"}],"replies":[{"embeddable":true,"href":"https:\/\/informelitoral.com.ar\/%77%70%2d%6a%73%6f%6e\/wp\/v2\/comments?post=40544"}],"version-history":[{"count":0,"href":"https:\/\/informelitoral.com.ar\/%77%70%2d%6a%73%6f%6e\/wp\/v2\/posts\/40544\/revisions"}],"wp:featuredmedia":[{"embeddable":true,"href":"https:\/\/informelitoral.com.ar\/%77%70%2d%6a%73%6f%6e\/wp\/v2\/media\/40545"}],"wp:attachment":[{"href":"https:\/\/informelitoral.com.ar\/%77%70%2d%6a%73%6f%6e\/wp\/v2\/media?parent=40544"}],"wp:term":[{"taxonomy":"category","embeddable":true,"href":"https:\/\/informelitoral.com.ar\/%77%70%2d%6a%73%6f%6e\/wp\/v2\/categories?post=40544"},{"taxonomy":"post_tag","embeddable":true,"href":"https:\/\/informelitoral.com.ar\/%77%70%2d%6a%73%6f%6e\/wp\/v2\/tags?post=40544"}],"curies":[{"name":"wp","href":"https:\/\/api.w.org\/{rel}","templated":true}]}}