{"id":40463,"date":"2020-02-23T07:52:19","date_gmt":"2020-02-23T10:52:19","guid":{"rendered":"https:\/\/www.isletasnoticias.com.ar\/?p=40463"},"modified":"2020-02-26T07:55:23","modified_gmt":"2020-02-26T10:55:23","slug":"impactante-accidente-en-la-ruta-12-cerca-de-general-ramirez","status":"publish","type":"post","link":"https:\/\/informelitoral.com.ar\/impactante-accidente-en-la-ruta-12-cerca-de-general-ramirez\/","title":{"rendered":"Impactante accidente en la ruta 12, cerca de General Ram\u00edrez"},"content":{"rendered":"<p>Alrededor de las 23.45 de este domingo 23 de febrero se produjo un accidente de tr\u00e1nsito en la Ruta Nacional N\u00ba 12 a la altura aproximada del kil\u00f3metro 380 en cercan\u00edas a uno de los accesos de General Ram\u00edrez (Ingreso por La Ganadera).<\/p>\n<p>En el incidente vial participaron un Volkswagen Gol, en el que se trasladaba una pareja desde Nogoy\u00e1 hacia Paran\u00e1 y en sentido contrario lo hac\u00eda un Chevrolet Corsa, guiado por un hombre de 48 a\u00f1os domiciliado en Ram\u00edrez, quien sufri\u00f3 importantes lesiones por lo que fue trasladado al Hospital San Mart\u00edn donde fue operado y se encuentra en Terapia Intensiva.<\/p>\n<figure class=\"wp-block-image size-large\"><img decoding=\"async\" class=\"wp-image-33697 aligncenter\" src=\"https:\/\/www.entremediosweb.com\/v2\/%77%70%2d%63%6f%6e%74%65%6e%74\/uploads\/2020\/02\/RAMI%CC%81REZ-ACCIDENTE-4-1024x473-1.jpg\" sizes=\"(max-width: 1024px) 100vw, 1024px\" srcset=\"https:\/\/www.entremediosweb.com\/v2\/%77%70%2d%63%6f%6e%74%65%6e%74\/uploads\/2020\/02\/RAMI\u0301REZ-ACCIDENTE-4-1024x473-1.jpg 1024w, https:\/\/www.entremediosweb.com\/v2\/%77%70%2d%63%6f%6e%74%65%6e%74\/uploads\/2020\/02\/RAMI\u0301REZ-ACCIDENTE-4-1024x473-1-300x139.jpg 300w, https:\/\/www.entremediosweb.com\/v2\/%77%70%2d%63%6f%6e%74%65%6e%74\/uploads\/2020\/02\/RAMI\u0301REZ-ACCIDENTE-4-1024x473-1-768x355.jpg 768w\" alt=\"\" data-attachment-id=\"33697\" data-permalink=\"https:\/\/www.entremediosweb.com\/v2\/impactante-accidente-en-la-ruta-12-cerca-de-ramirez\/ramirez-accidente-4-1024x473-1\/\" data-orig-file=\"https:\/\/www.entremediosweb.com\/v2\/%77%70%2d%63%6f%6e%74%65%6e%74\/uploads\/2020\/02\/RAMI\u0301REZ-ACCIDENTE-4-1024x473-1.jpg\" data-orig-size=\"1024,473\" data-comments-opened=\"0\" data-image-meta=\"{&quot;aperture&quot;:&quot;0&quot;,&quot;credit&quot;:&quot;&quot;,&quot;camera&quot;:&quot;&quot;,&quot;caption&quot;:&quot;&quot;,&quot;created_timestamp&quot;:&quot;0&quot;,&quot;copyright&quot;:&quot;&quot;,&quot;focal_length&quot;:&quot;0&quot;,&quot;iso&quot;:&quot;0&quot;,&quot;shutter_speed&quot;:&quot;0&quot;,&quot;title&quot;:&quot;&quot;,&quot;orientation&quot;:&quot;0&quot;}\" data-image-title=\"RAMI\u0301REZ-ACCIDENTE-4-1024\u00d7473-1\" data-image-description=\"\" data-medium-file=\"https:\/\/www.entremediosweb.com\/v2\/%77%70%2d%63%6f%6e%74%65%6e%74\/uploads\/2020\/02\/RAMI\u0301REZ-ACCIDENTE-4-1024x473-1-300x139.jpg\" data-large-file=\"https:\/\/www.entremediosweb.com\/v2\/%77%70%2d%63%6f%6e%74%65%6e%74\/uploads\/2020\/02\/RAMI\u0301REZ-ACCIDENTE-4-1024x473-1.jpg\" \/><\/figure>\n<p>Los ocupantes del Gol sufrieron lesiones leves y fueron derivados al Hospital, Nuestra Se\u00f1ora de Luj\u00e1n, indicaron desde la Comisar\u00eda de General Ram\u00edrez.<\/p>\n<p>En el lugar intervino personal de Criminal\u00edstica de la Jefatura Departamental de Diamante, adem\u00e1s de Bomberos Voluntarios, efectivos policiales y ambulancia de la ciudad nombrada.<\/p>\n<p><em>Fuente: El Observador<\/em><\/p>\n","protected":false},"excerpt":{"rendered":"<p>Un hombre de 48 a\u00f1os sufri\u00f3 m\u00faltiples lesiones y se encuentra internado en terapia intensiva en el Hospital San Mart\u00edn de Paran\u00e1.<\/p>\n","protected":false},"author":2,"featured_media":40464,"comment_status":"open","ping_status":"open","sticky":false,"template":"","format":"standard","meta":{"fifu_image_url":"","fifu_image_alt":"","footnotes":""},"categories":[14],"tags":[304,556,305],"class_list":{"0":"post-40463","1":"post","2":"type-post","3":"status-publish","4":"format-standard","5":"has-post-thumbnail","7":"category-policiales","8":"tag-accidente-vial","9":"tag-general-ramirez","10":"tag-ruta-12"},"yoast_head":"<title>Impactante accidente en la ruta 12, cerca de General Ram\u00edrez - Informe Litoral<\/title>\n<meta name=\"robots\" content=\"index, follow, max-snippet:-1, max-image-preview:large, max-video-preview:-1\" \/>\n<link rel=\"canonical\" href=\"https:\/\/informelitoral.com.ar\/impactante-accidente-en-la-ruta-12-cerca-de-general-ramirez\/\" \/>\n<meta property=\"og:locale\" content=\"es_ES\" \/>\n<meta property=\"og:type\" content=\"article\" \/>\n<meta property=\"og:title\" content=\"Impactante accidente en la ruta 12, cerca de General Ram\u00edrez - Informe Litoral\" \/>\n<meta property=\"og:description\" content=\"Un hombre de 48 a\u00f1os sufri\u00f3 m\u00faltiples lesiones y se encuentra internado en terapia intensiva en el Hospital San Mart\u00edn de Paran\u00e1.\" \/>\n<meta property=\"og:url\" content=\"https:\/\/informelitoral.com.ar\/impactante-accidente-en-la-ruta-12-cerca-de-general-ramirez\/\" \/>\n<meta property=\"og:site_name\" content=\"Informe Litoral\" \/>\n<meta property=\"article:publisher\" content=\"https:\/\/www.facebook.com\/informelitoral\/\" \/>\n<meta property=\"article:published_time\" content=\"2020-02-23T10:52:19+00:00\" \/>\n<meta property=\"article:modified_time\" content=\"2020-02-26T10:55:23+00:00\" \/>\n<meta property=\"og:image\" content=\"https:\/\/informelitoral.com.ar\/%77%70%2d%63%6f%6e%74%65%6e%74\/uploads\/2020\/02\/RAMI\u0301REZ-ACCIDENTE-3.jpg\" \/>\n\t<meta property=\"og:image:width\" content=\"1032\" \/>\n\t<meta property=\"og:image:height\" content=\"477\" \/>\n\t<meta property=\"og:image:type\" content=\"image\/jpeg\" \/>\n<meta name=\"author\" content=\"Gonzalo Schmidt\" \/>\n<meta name=\"twitter:card\" content=\"summary_large_image\" \/>\n<meta name=\"twitter:creator\" content=\"@InformeLitoral\" \/>\n<meta name=\"twitter:site\" content=\"@InformeLitoral\" \/>\n<meta name=\"twitter:label1\" content=\"Escrito por\" \/>\n\t<meta name=\"twitter:data1\" content=\"Gonzalo Schmidt\" \/>\n\t<meta name=\"twitter:label2\" content=\"Tiempo de lectura\" \/>\n\t<meta name=\"twitter:data2\" content=\"1 minuto\" \/>\n<script type=\"application\/ld+json\" class=\"yoast-schema-graph\">{\"@context\":\"https:\\\/\\\/schema.org\",\"@graph\":[{\"@type\":\"Article\",\"@id\":\"https:\\\/\\\/informelitoral.com.ar\\\/impactante-accidente-en-la-ruta-12-cerca-de-general-ramirez\\\/#article\",\"isPartOf\":{\"@id\":\"https:\\\/\\\/informelitoral.com.ar\\\/impactante-accidente-en-la-ruta-12-cerca-de-general-ramirez\\\/\"},\"author\":{\"name\":\"Gonzalo Schmidt\",\"@id\":\"https:\\\/\\\/informelitoral.com.ar\\\/#\\\/schema\\\/person\\\/b9d00407c836482871ef1d57bf8e3180\"},\"headline\":\"Impactante accidente en la ruta 12, cerca de General Ram\u00edrez\",\"datePublished\":\"2020-02-23T10:52:19+00:00\",\"dateModified\":\"2020-02-26T10:55:23+00:00\",\"mainEntityOfPage\":{\"@id\":\"https:\\\/\\\/informelitoral.com.ar\\\/impactante-accidente-en-la-ruta-12-cerca-de-general-ramirez\\\/\"},\"wordCount\":173,\"commentCount\":0,\"publisher\":{\"@id\":\"https:\\\/\\\/informelitoral.com.ar\\\/#organization\"},\"image\":{\"@id\":\"https:\\\/\\\/informelitoral.com.ar\\\/impactante-accidente-en-la-ruta-12-cerca-de-general-ramirez\\\/#primaryimage\"},\"thumbnailUrl\":\"https:\\\/\\\/informelitoral.com.ar\\\/%77%70%2d%63%6f%6e%74%65%6e%74\\\/uploads\\\/2020\\\/02\\\/RAMI\u0301REZ-ACCIDENTE-3.jpg\",\"keywords\":[\"Accidente vial\",\"General Ram\u00edrez\",\"Ruta 12\"],\"articleSection\":[\"Policiales\"],\"inLanguage\":\"es\",\"potentialAction\":[{\"@type\":\"CommentAction\",\"name\":\"Comment\",\"target\":[\"https:\\\/\\\/informelitoral.com.ar\\\/impactante-accidente-en-la-ruta-12-cerca-de-general-ramirez\\\/#respond\"]}]},{\"@type\":\"WebPage\",\"@id\":\"https:\\\/\\\/informelitoral.com.ar\\\/impactante-accidente-en-la-ruta-12-cerca-de-general-ramirez\\\/\",\"url\":\"https:\\\/\\\/informelitoral.com.ar\\\/impactante-accidente-en-la-ruta-12-cerca-de-general-ramirez\\\/\",\"name\":\"Impactante accidente en la ruta 12, cerca de General Ram\u00edrez - Informe Litoral\",\"isPartOf\":{\"@id\":\"https:\\\/\\\/informelitoral.com.ar\\\/#website\"},\"primaryImageOfPage\":{\"@id\":\"https:\\\/\\\/informelitoral.com.ar\\\/impactante-accidente-en-la-ruta-12-cerca-de-general-ramirez\\\/#primaryimage\"},\"image\":{\"@id\":\"https:\\\/\\\/informelitoral.com.ar\\\/impactante-accidente-en-la-ruta-12-cerca-de-general-ramirez\\\/#primaryimage\"},\"thumbnailUrl\":\"https:\\\/\\\/informelitoral.com.ar\\\/%77%70%2d%63%6f%6e%74%65%6e%74\\\/uploads\\\/2020\\\/02\\\/RAMI\u0301REZ-ACCIDENTE-3.jpg\",\"datePublished\":\"2020-02-23T10:52:19+00:00\",\"dateModified\":\"2020-02-26T10:55:23+00:00\",\"breadcrumb\":{\"@id\":\"https:\\\/\\\/informelitoral.com.ar\\\/impactante-accidente-en-la-ruta-12-cerca-de-general-ramirez\\\/#breadcrumb\"},\"inLanguage\":\"es\",\"potentialAction\":[{\"@type\":\"ReadAction\",\"target\":[\"https:\\\/\\\/informelitoral.com.ar\\\/impactante-accidente-en-la-ruta-12-cerca-de-general-ramirez\\\/\"]}]},{\"@type\":\"ImageObject\",\"inLanguage\":\"es\",\"@id\":\"https:\\\/\\\/informelitoral.com.ar\\\/impactante-accidente-en-la-ruta-12-cerca-de-general-ramirez\\\/#primaryimage\",\"url\":\"https:\\\/\\\/informelitoral.com.ar\\\/%77%70%2d%63%6f%6e%74%65%6e%74\\\/uploads\\\/2020\\\/02\\\/RAMI\u0301REZ-ACCIDENTE-3.jpg\",\"contentUrl\":\"https:\\\/\\\/informelitoral.com.ar\\\/%77%70%2d%63%6f%6e%74%65%6e%74\\\/uploads\\\/2020\\\/02\\\/RAMI\u0301REZ-ACCIDENTE-3.jpg\",\"width\":1032,\"height\":477},{\"@type\":\"BreadcrumbList\",\"@id\":\"https:\\\/\\\/informelitoral.com.ar\\\/impactante-accidente-en-la-ruta-12-cerca-de-general-ramirez\\\/#breadcrumb\",\"itemListElement\":[{\"@type\":\"ListItem\",\"position\":1,\"name\":\"Portada\",\"item\":\"https:\\\/\\\/informelitoral.com.ar\\\/\"},{\"@type\":\"ListItem\",\"position\":2,\"name\":\"Impactante accidente en la ruta 12, cerca de General Ram\u00edrez\"}]},{\"@type\":\"WebSite\",\"@id\":\"https:\\\/\\\/informelitoral.com.ar\\\/#website\",\"url\":\"https:\\\/\\\/informelitoral.com.ar\\\/\",\"name\":\"Informe Litoral\",\"description\":\"&quot;Nos informamos&quot; \",\"publisher\":{\"@id\":\"https:\\\/\\\/informelitoral.com.ar\\\/#organization\"},\"potentialAction\":[{\"@type\":\"SearchAction\",\"target\":{\"@type\":\"EntryPoint\",\"urlTemplate\":\"https:\\\/\\\/informelitoral.com.ar\\\/?s={search_term_string}\"},\"query-input\":{\"@type\":\"PropertyValueSpecification\",\"valueRequired\":true,\"valueName\":\"search_term_string\"}}],\"inLanguage\":\"es\"},{\"@type\":\"Organization\",\"@id\":\"https:\\\/\\\/informelitoral.com.ar\\\/#organization\",\"name\":\"Informe Litoral\",\"url\":\"https:\\\/\\\/informelitoral.com.ar\\\/\",\"logo\":{\"@type\":\"ImageObject\",\"inLanguage\":\"es\",\"@id\":\"https:\\\/\\\/informelitoral.com.ar\\\/#\\\/schema\\\/logo\\\/image\\\/\",\"url\":\"https:\\\/\\\/informelitoral.com.ar\\\/%77%70%2d%63%6f%6e%74%65%6e%74\\\/uploads\\\/2021\\\/01\\\/circulo.png\",\"contentUrl\":\"https:\\\/\\\/informelitoral.com.ar\\\/%77%70%2d%63%6f%6e%74%65%6e%74\\\/uploads\\\/2021\\\/01\\\/circulo.png\",\"width\":723,\"height\":731,\"caption\":\"Informe Litoral\"},\"image\":{\"@id\":\"https:\\\/\\\/informelitoral.com.ar\\\/#\\\/schema\\\/logo\\\/image\\\/\"},\"sameAs\":[\"https:\\\/\\\/www.facebook.com\\\/informelitoral\\\/\",\"https:\\\/\\\/x.com\\\/InformeLitoral\",\"https:\\\/\\\/www.instagram.com\\\/informelitoral\\\/\",\"https:\\\/\\\/www.youtube.com\\\/channel\\\/UCua4Qvz8Icb6MYqhoq9xLXw\"]},{\"@type\":\"Person\",\"@id\":\"https:\\\/\\\/informelitoral.com.ar\\\/#\\\/schema\\\/person\\\/b9d00407c836482871ef1d57bf8e3180\",\"name\":\"Gonzalo Schmidt\",\"image\":{\"@type\":\"ImageObject\",\"inLanguage\":\"es\",\"@id\":\"https:\\\/\\\/secure.gravatar.com\\\/avatar\\\/31a1a7b66ff2de83bd0e9fd79d026630d2d99e55e8bfe501287647b4fd9743de?s=96&d=mm&r=g\",\"url\":\"https:\\\/\\\/secure.gravatar.com\\\/avatar\\\/31a1a7b66ff2de83bd0e9fd79d026630d2d99e55e8bfe501287647b4fd9743de?s=96&d=mm&r=g\",\"contentUrl\":\"https:\\\/\\\/secure.gravatar.com\\\/avatar\\\/31a1a7b66ff2de83bd0e9fd79d026630d2d99e55e8bfe501287647b4fd9743de?s=96&d=mm&r=g\",\"caption\":\"Gonzalo Schmidt\"},\"description\":\"Sitio web de noticias de la provincia de Entre R\u00edos, Argentina. Informaci\u00f3n y entretenimiento. Informe Litoral, nos informamos.\",\"sameAs\":[\"http:\\\/\\\/www.isletasnoticias.com.ar\"],\"url\":\"https:\\\/\\\/informelitoral.com.ar\\\/author\\\/gonzalo\\\/\"}]}<\/script>","yoast_head_json":{"title":"Impactante accidente en la ruta 12, cerca de General Ram\u00edrez - Informe Litoral","robots":{"index":"index","follow":"follow","max-snippet":"max-snippet:-1","max-image-preview":"max-image-preview:large","max-video-preview":"max-video-preview:-1"},"canonical":"https:\/\/informelitoral.com.ar\/impactante-accidente-en-la-ruta-12-cerca-de-general-ramirez\/","og_locale":"es_ES","og_type":"article","og_title":"Impactante accidente en la ruta 12, cerca de General Ram\u00edrez - Informe Litoral","og_description":"Un hombre de 48 a\u00f1os sufri\u00f3 m\u00faltiples lesiones y se encuentra internado en terapia intensiva en el Hospital San Mart\u00edn de Paran\u00e1.","og_url":"https:\/\/informelitoral.com.ar\/impactante-accidente-en-la-ruta-12-cerca-de-general-ramirez\/","og_site_name":"Informe Litoral","article_publisher":"https:\/\/www.facebook.com\/informelitoral\/","article_published_time":"2020-02-23T10:52:19+00:00","article_modified_time":"2020-02-26T10:55:23+00:00","og_image":[{"width":1032,"height":477,"url":"https:\/\/informelitoral.com.ar\/%77%70%2d%63%6f%6e%74%65%6e%74\/uploads\/2020\/02\/RAMI\u0301REZ-ACCIDENTE-3.jpg","type":"image\/jpeg"}],"author":"Gonzalo Schmidt","twitter_card":"summary_large_image","twitter_creator":"@InformeLitoral","twitter_site":"@InformeLitoral","twitter_misc":{"Escrito por":"Gonzalo Schmidt","Tiempo de lectura":"1 minuto"},"schema":{"@context":"https:\/\/schema.org","@graph":[{"@type":"Article","@id":"https:\/\/informelitoral.com.ar\/impactante-accidente-en-la-ruta-12-cerca-de-general-ramirez\/#article","isPartOf":{"@id":"https:\/\/informelitoral.com.ar\/impactante-accidente-en-la-ruta-12-cerca-de-general-ramirez\/"},"author":{"name":"Gonzalo Schmidt","@id":"https:\/\/informelitoral.com.ar\/#\/schema\/person\/b9d00407c836482871ef1d57bf8e3180"},"headline":"Impactante accidente en la ruta 12, cerca de General Ram\u00edrez","datePublished":"2020-02-23T10:52:19+00:00","dateModified":"2020-02-26T10:55:23+00:00","mainEntityOfPage":{"@id":"https:\/\/informelitoral.com.ar\/impactante-accidente-en-la-ruta-12-cerca-de-general-ramirez\/"},"wordCount":173,"commentCount":0,"publisher":{"@id":"https:\/\/informelitoral.com.ar\/#organization"},"image":{"@id":"https:\/\/informelitoral.com.ar\/impactante-accidente-en-la-ruta-12-cerca-de-general-ramirez\/#primaryimage"},"thumbnailUrl":"https:\/\/informelitoral.com.ar\/%77%70%2d%63%6f%6e%74%65%6e%74\/uploads\/2020\/02\/RAMI\u0301REZ-ACCIDENTE-3.jpg","keywords":["Accidente vial","General Ram\u00edrez","Ruta 12"],"articleSection":["Policiales"],"inLanguage":"es","potentialAction":[{"@type":"CommentAction","name":"Comment","target":["https:\/\/informelitoral.com.ar\/impactante-accidente-en-la-ruta-12-cerca-de-general-ramirez\/#respond"]}]},{"@type":"WebPage","@id":"https:\/\/informelitoral.com.ar\/impactante-accidente-en-la-ruta-12-cerca-de-general-ramirez\/","url":"https:\/\/informelitoral.com.ar\/impactante-accidente-en-la-ruta-12-cerca-de-general-ramirez\/","name":"Impactante accidente en la ruta 12, cerca de General Ram\u00edrez - Informe Litoral","isPartOf":{"@id":"https:\/\/informelitoral.com.ar\/#website"},"primaryImageOfPage":{"@id":"https:\/\/informelitoral.com.ar\/impactante-accidente-en-la-ruta-12-cerca-de-general-ramirez\/#primaryimage"},"image":{"@id":"https:\/\/informelitoral.com.ar\/impactante-accidente-en-la-ruta-12-cerca-de-general-ramirez\/#primaryimage"},"thumbnailUrl":"https:\/\/informelitoral.com.ar\/%77%70%2d%63%6f%6e%74%65%6e%74\/uploads\/2020\/02\/RAMI\u0301REZ-ACCIDENTE-3.jpg","datePublished":"2020-02-23T10:52:19+00:00","dateModified":"2020-02-26T10:55:23+00:00","breadcrumb":{"@id":"https:\/\/informelitoral.com.ar\/impactante-accidente-en-la-ruta-12-cerca-de-general-ramirez\/#breadcrumb"},"inLanguage":"es","potentialAction":[{"@type":"ReadAction","target":["https:\/\/informelitoral.com.ar\/impactante-accidente-en-la-ruta-12-cerca-de-general-ramirez\/"]}]},{"@type":"ImageObject","inLanguage":"es","@id":"https:\/\/informelitoral.com.ar\/impactante-accidente-en-la-ruta-12-cerca-de-general-ramirez\/#primaryimage","url":"https:\/\/informelitoral.com.ar\/%77%70%2d%63%6f%6e%74%65%6e%74\/uploads\/2020\/02\/RAMI\u0301REZ-ACCIDENTE-3.jpg","contentUrl":"https:\/\/informelitoral.com.ar\/%77%70%2d%63%6f%6e%74%65%6e%74\/uploads\/2020\/02\/RAMI\u0301REZ-ACCIDENTE-3.jpg","width":1032,"height":477},{"@type":"BreadcrumbList","@id":"https:\/\/informelitoral.com.ar\/impactante-accidente-en-la-ruta-12-cerca-de-general-ramirez\/#breadcrumb","itemListElement":[{"@type":"ListItem","position":1,"name":"Portada","item":"https:\/\/informelitoral.com.ar\/"},{"@type":"ListItem","position":2,"name":"Impactante accidente en la ruta 12, cerca de General Ram\u00edrez"}]},{"@type":"WebSite","@id":"https:\/\/informelitoral.com.ar\/#website","url":"https:\/\/informelitoral.com.ar\/","name":"Informe Litoral","description":"&quot;Nos informamos&quot; ","publisher":{"@id":"https:\/\/informelitoral.com.ar\/#organization"},"potentialAction":[{"@type":"SearchAction","target":{"@type":"EntryPoint","urlTemplate":"https:\/\/informelitoral.com.ar\/?s={search_term_string}"},"query-input":{"@type":"PropertyValueSpecification","valueRequired":true,"valueName":"search_term_string"}}],"inLanguage":"es"},{"@type":"Organization","@id":"https:\/\/informelitoral.com.ar\/#organization","name":"Informe Litoral","url":"https:\/\/informelitoral.com.ar\/","logo":{"@type":"ImageObject","inLanguage":"es","@id":"https:\/\/informelitoral.com.ar\/#\/schema\/logo\/image\/","url":"https:\/\/informelitoral.com.ar\/%77%70%2d%63%6f%6e%74%65%6e%74\/uploads\/2021\/01\/circulo.png","contentUrl":"https:\/\/informelitoral.com.ar\/%77%70%2d%63%6f%6e%74%65%6e%74\/uploads\/2021\/01\/circulo.png","width":723,"height":731,"caption":"Informe Litoral"},"image":{"@id":"https:\/\/informelitoral.com.ar\/#\/schema\/logo\/image\/"},"sameAs":["https:\/\/www.facebook.com\/informelitoral\/","https:\/\/x.com\/InformeLitoral","https:\/\/www.instagram.com\/informelitoral\/","https:\/\/www.youtube.com\/channel\/UCua4Qvz8Icb6MYqhoq9xLXw"]},{"@type":"Person","@id":"https:\/\/informelitoral.com.ar\/#\/schema\/person\/b9d00407c836482871ef1d57bf8e3180","name":"Gonzalo Schmidt","image":{"@type":"ImageObject","inLanguage":"es","@id":"https:\/\/secure.gravatar.com\/avatar\/31a1a7b66ff2de83bd0e9fd79d026630d2d99e55e8bfe501287647b4fd9743de?s=96&d=mm&r=g","url":"https:\/\/secure.gravatar.com\/avatar\/31a1a7b66ff2de83bd0e9fd79d026630d2d99e55e8bfe501287647b4fd9743de?s=96&d=mm&r=g","contentUrl":"https:\/\/secure.gravatar.com\/avatar\/31a1a7b66ff2de83bd0e9fd79d026630d2d99e55e8bfe501287647b4fd9743de?s=96&d=mm&r=g","caption":"Gonzalo Schmidt"},"description":"Sitio web de noticias de la provincia de Entre R\u00edos, Argentina. Informaci\u00f3n y entretenimiento. Informe Litoral, nos informamos.","sameAs":["http:\/\/www.isletasnoticias.com.ar"],"url":"https:\/\/informelitoral.com.ar\/author\/gonzalo\/"}]}},"_links":{"self":[{"href":"https:\/\/informelitoral.com.ar\/%77%70%2d%6a%73%6f%6e\/wp\/v2\/posts\/40463","targetHints":{"allow":["GET"]}}],"collection":[{"href":"https:\/\/informelitoral.com.ar\/%77%70%2d%6a%73%6f%6e\/wp\/v2\/posts"}],"about":[{"href":"https:\/\/informelitoral.com.ar\/%77%70%2d%6a%73%6f%6e\/wp\/v2\/types\/post"}],"author":[{"embeddable":true,"href":"https:\/\/informelitoral.com.ar\/%77%70%2d%6a%73%6f%6e\/wp\/v2\/users\/2"}],"replies":[{"embeddable":true,"href":"https:\/\/informelitoral.com.ar\/%77%70%2d%6a%73%6f%6e\/wp\/v2\/comments?post=40463"}],"version-history":[{"count":0,"href":"https:\/\/informelitoral.com.ar\/%77%70%2d%6a%73%6f%6e\/wp\/v2\/posts\/40463\/revisions"}],"wp:featuredmedia":[{"embeddable":true,"href":"https:\/\/informelitoral.com.ar\/%77%70%2d%6a%73%6f%6e\/wp\/v2\/media\/40464"}],"wp:attachment":[{"href":"https:\/\/informelitoral.com.ar\/%77%70%2d%6a%73%6f%6e\/wp\/v2\/media?parent=40463"}],"wp:term":[{"taxonomy":"category","embeddable":true,"href":"https:\/\/informelitoral.com.ar\/%77%70%2d%6a%73%6f%6e\/wp\/v2\/categories?post=40463"},{"taxonomy":"post_tag","embeddable":true,"href":"https:\/\/informelitoral.com.ar\/%77%70%2d%6a%73%6f%6e\/wp\/v2\/tags?post=40463"}],"curies":[{"name":"wp","href":"https:\/\/api.w.org\/{rel}","templated":true}]}}