{"id":404,"date":"2013-03-20T15:13:55","date_gmt":"2013-03-20T18:13:55","guid":{"rendered":"http:\/\/www.isletasnoticias.com.ar\/?p=404"},"modified":"2013-03-20T15:14:57","modified_gmt":"2013-03-20T18:14:57","slug":"la-ex-jefa-de-rentas-de-general-campos-pidio-disculpas","status":"publish","type":"post","link":"https:\/\/informelitoral.com.ar\/la-ex-jefa-de-rentas-de-general-campos-pidio-disculpas\/","title":{"rendered":"La ex jefa de Rentas de General Campos pidi\u00f3 disculpas"},"content":{"rendered":"<p><strong><em>\u00abNo quise obrar de mala fe, ni causar este malestar\u201d<\/em>, dijo la funcionaria que renunci\u00f3 este lunes, luego de admitir su responsabilidad el esc\u00e1ndalo por la boleta antisemita, que alcanz\u00f3 repercusi\u00f3n nacional. Trascendi\u00f3 que la frase fue escrita tras una discusi\u00f3n que mantuvo la ex funcionaria con el secretario de<\/strong><strong>l HCD, de origen hebreo.<\/strong><\/p>\n<div>\n<div><a style=\"text-align: center;\" href=\"http:\/\/www.isletasnoticias.com.ar\/%77%70%2d%63%6f%6e%74%65%6e%74\/uploads\/2013\/03\/GRA.jpg\"><img loading=\"lazy\" decoding=\"async\" class=\"size-medium wp-image-405 aligncenter\" alt=\"GRA\" src=\"http:\/\/www.isletasnoticias.com.ar\/%77%70%2d%63%6f%6e%74%65%6e%74\/uploads\/2013\/03\/GRA-300x111.jpg\" width=\"300\" height=\"111\" srcset=\"https:\/\/informelitoral.com.ar\/%77%70%2d%63%6f%6e%74%65%6e%74\/uploads\/2013\/03\/GRA-300x111.jpg 300w, https:\/\/informelitoral.com.ar\/%77%70%2d%63%6f%6e%74%65%6e%74\/uploads\/2013\/03\/GRA.jpg 851w\" sizes=\"auto, (max-width: 300px) 100vw, 300px\" \/><\/a><\/div>\n<p><strong>Marta Troche<\/strong>, quien hasta este lunes era la jefa\u00a0de Rentas de la Municipalidad de General Campos, pidi\u00f3 perd\u00f3n a la comunidad por la impresi\u00f3n de una boleta con la inscripci\u00f3n: <em><strong>\u201cHaga patria, mate un jud\u00edo\u201d<\/strong><\/em>. As\u00ed lo hizo saber el intendente <strong>Pablo Mart\u00ednez,<\/strong> a trav\u00e9s de un comunicado emitido este lunes a la tarde.<\/p>\n<p>En el escrito, desde el Ejecutivo municipal se se\u00f1ala: <em>\u201cExtendemos el presente para informar a la poblaci\u00f3n sobre los hechos relacionados sobre una supuesta boleta de impuestos con un lema xen\u00f3fobo en una inscripci\u00f3n\u201d<\/em>. El caso, que ya se hizo conocido con el r\u00f3tulo de <em>\u201cesc\u00e1ndalo en General Campos\u201d<\/em>, alcanz\u00f3 en las \u00faltimas horas r\u00e1pida repercusi\u00f3n en los medios de la provincia y de otras partes del pa\u00eds.<\/p>\n<p><em>\u201cEs nuestro deber informar a la poblaci\u00f3n que apenas anoticiados del hecho, se convoc\u00f3 a una reuni\u00f3n para expresar la sorpresa por el mismo, y autom\u00e1ticamente, el se\u00f1or intendente instruy\u00f3 al asesor legal del municipio de General Campos, solicitando el inicio del sumario administrativo y, consecuentemente, la investigaci\u00f3n del caso con Decreto n\u00famero 241\/2013\u201d.<\/em><\/p>\n<p>En ese marco, se relat\u00f3: <em>\u201cPasados pocos minutos d<\/em><em>el mediod\u00eda, la jefa de Rentas del municipio reconoci\u00f3 su culpabilidad del hecho; en primera instancia en su declaraci\u00f3n en el sumario administrativo, y acto seguido, presentando su renuncia ante el presidente municipal, el cual bajo Decreto n\u00famero 242\/2013 acept\u00f3 la misma\u201d.<\/em><\/p>\n<p><em><strong>\u00a0<\/strong><\/em><strong>\u201cPido perd\u00f3n\u201d<\/strong><\/p>\n<p>El comunicado revela que la exjefa de Rentas manifest\u00f3: <em>\u201cPido perd\u00f3n por lo sucedido, a la comunidad toda, que es quien aporta su contribuci\u00f3n para que el pueblo avance, no quise obrar de mala fe, ni causar este malestar cuando estamos a un paso de llegar a los 100 a\u00f1os de la localidad, donde debiera reinar la paz, la uni\u00f3n, y debe<\/em><em>r\u00edamos estar trabajando todos juntos. Pido que acepte mi renuncia, ya declar\u00e9 c\u00f3mo fueron los hechos, solicito que se proceda como corresponde y se apliquen todos los procedimientos que sean necesarios\u201d.<\/em><\/p>\n<p><em>\u00a0<\/em>En tanto, se contin\u00faan con las investigaciones administrativas para esclarecer la responsabilidad de las dem\u00e1s personas que se desempe\u00f1an en Rentas. Tambi\u00e9n se dio intervenci\u00f3n a la Fiscal\u00eda de turno, que inici\u00f3 una investigaci\u00f3n de oficio y se encuentra trabajando con el departamento de Criminal\u00edstica de Paran\u00e1, secuestrando los equipos del sector Rentas para usar como pruebas de la investigaci\u00f3n, transcribi\u00f3 el sitio\u00a0<em>Reporte Cuatro<\/em>.<\/p>\n<p><strong>\u00a0<\/strong><strong>La frase antisemita se origin\u00f3 tras una discus<\/strong><strong>i\u00f3n<\/strong><\/p>\n<\/div>\n<p>Tras la renuncia de la directora de Rentas trascendi\u00f3 que la pol\u00e9mica frase fue escrita tras una discusi\u00f3n que mantuvo con el secretario del Concejo Deliberante local, de origen judio.<\/p>\n<p>La versi\u00f3n fue confirmada por el intendente Pablo Mart\u00ednez, quien precis\u00f3 que la ahora ex funcionaria Marta Troche, con 30 a\u00f1os de carrera en el municipio de General Campos, ya est\u00e1 fuera de la planta permanente de empleados y que el resto de los trabajadores del \u00e1rea est\u00e1n suspendidos por 30 d\u00edas debido a una investigaci\u00f3n interna.<\/p>\n<p>Mart\u00ednez tambi\u00e9n dijo que hasta el momento se ha encontrado una sola boleta con el repudiable mensaje.<\/p>\n<p>De acuerdo a la explicaci\u00f3n que brind\u00f3 la persona que asumi\u00f3 la responsabilidad del hecho \u201c<em>menciona que fue por una discusi\u00f3n personal con un funcionario que es de origen jud\u00edo, una discusi\u00f3n menor, un enojo\u201d<\/em>, pero que alcanz\u00f3 para que Troche redactara el mensaje que la habr\u00eda agregado a otras boletas <em>\u201cpero a las otras las rompi\u00f3\u00a0<\/em><em>y una se traspapel\u00f3\u00bb.<\/em><\/p>\n<p>Si bien Mart\u00ednez reconoci\u00f3 que toda la comunidad de General Campos estaba avergonzada de lo sucedido, valor\u00f3 la r\u00e1pida investigaci\u00f3n de la Justicia con todo el apoyo del Municipio, <em>\u201cdonde dejamos todos los caminos cerrados como para que no se haga m\u00e1s dif\u00edcil comprobar c\u00f3mo fue, para esclarecer el hecho\u201d.<\/em><\/p>\n<p>En tanto el secretario del Concejo Deliberante de\u00a0General Campos,<strong> Ignacio Raff,<\/strong> habl\u00f3 luego que su apellido apareciera impreso en una boleta de tasas municipales: <em>\u201cMe siento sorprendido como estamos sorprendidos todos, aparece mi apellido en estas boletas y l\u00f3gicamente es una sorpresa para todos encontrarnos con esta noticia subida a un medio, francamente, la situaci\u00f3n es esa. Se est\u00e1 investigando\u201d,<\/em> expres\u00f3 a\u00a0<em>Reporte Cuatro.<\/em><\/p>\n<p>Raff apoy\u00f3 la idea de que se pueda tomar como una amenaza de muerte hacia su persona o hacia cualquier miembro de su familia. <em>\u201cEs solamente el apellido que figura y esto tiene una triple intenci\u00f3n.\u00a0<\/em><em>Imaginate que estamos justamente en el a\u00f1o del Centenario y nombra al Centenario. Si la frase es realmente lo que pretende ser, no est\u00e1 atacando solo a Raff o a la familia, ni contra la comunidad jud\u00eda, sino que autom\u00e1ticamente ataca a todo el pueblo\u201d<\/em>, consider\u00f3 el secretario del HCD.<\/p>\n<p>Fuente: UNO.<\/p>\n","protected":false},"excerpt":{"rendered":"<p>&laquo;No quise obrar de mala fe, ni causar este malestar&rdquo;, dijo la funcionaria que renunci&oacute; este lunes, luego de admitir su responsabilidad el esc&aacute;ndalo por la boleta antisemita, que alcanz&oacute; repercusi&oacute;n nacional. Trascendi&oacute; que la frase fue escrita tras una discusi&oacute;n que mantuvo la ex funcionaria con el secretario del HCD, de origen hebreo. Marta [&hellip;]<\/p>\n","protected":false},"author":2,"featured_media":0,"comment_status":"open","ping_status":"open","sticky":false,"template":"","format":"standard","meta":{"fifu_image_url":"","fifu_image_alt":"","footnotes":""},"categories":[6],"tags":[],"class_list":{"0":"post-404","1":"post","2":"type-post","3":"status-publish","4":"format-standard","6":"category-entre-rios"},"yoast_head":"<title>La ex jefa de Rentas de General Campos pidi\u00f3 disculpas - Informe Litoral<\/title>\n<meta name=\"robots\" content=\"index, follow, max-snippet:-1, max-image-preview:large, max-video-preview:-1\" \/>\n<link rel=\"canonical\" href=\"https:\/\/informelitoral.com.ar\/la-ex-jefa-de-rentas-de-general-campos-pidio-disculpas\/\" \/>\n<meta property=\"og:locale\" content=\"es_ES\" \/>\n<meta property=\"og:type\" content=\"article\" \/>\n<meta property=\"og:title\" content=\"La ex jefa de Rentas de General Campos pidi\u00f3 disculpas - Informe Litoral\" \/>\n<meta property=\"og:description\" content=\"&laquo;No quise obrar de mala fe, ni causar este malestar&rdquo;, dijo la funcionaria que renunci&oacute; este lunes, luego de admitir su responsabilidad el esc&aacute;ndalo por la boleta antisemita, que alcanz&oacute; repercusi&oacute;n nacional. Trascendi&oacute; que la frase fue escrita tras una discusi&oacute;n que mantuvo la ex funcionaria con el secretario del HCD, de origen hebreo. Marta [&hellip;]\" \/>\n<meta property=\"og:url\" content=\"https:\/\/informelitoral.com.ar\/la-ex-jefa-de-rentas-de-general-campos-pidio-disculpas\/\" \/>\n<meta property=\"og:site_name\" content=\"Informe Litoral\" \/>\n<meta property=\"article:publisher\" content=\"https:\/\/www.facebook.com\/informelitoral\/\" \/>\n<meta property=\"article:published_time\" content=\"2013-03-20T18:13:55+00:00\" \/>\n<meta property=\"article:modified_time\" content=\"2013-03-20T18:14:57+00:00\" \/>\n<meta property=\"og:image\" content=\"https:\/\/informelitoral.com.ar\/%77%70%2d%63%6f%6e%74%65%6e%74\/uploads\/2013\/03\/GRA.jpg\" \/>\n\t<meta property=\"og:image:width\" content=\"851\" \/>\n\t<meta property=\"og:image:height\" content=\"315\" \/>\n\t<meta property=\"og:image:type\" content=\"image\/jpeg\" \/>\n<meta name=\"author\" content=\"Gonzalo Schmidt\" \/>\n<meta name=\"twitter:card\" content=\"summary_large_image\" \/>\n<meta name=\"twitter:creator\" content=\"@InformeLitoral\" \/>\n<meta name=\"twitter:site\" content=\"@InformeLitoral\" \/>\n<meta name=\"twitter:label1\" content=\"Escrito por\" \/>\n\t<meta name=\"twitter:data1\" content=\"Gonzalo Schmidt\" \/>\n\t<meta name=\"twitter:label2\" content=\"Tiempo de lectura\" \/>\n\t<meta name=\"twitter:data2\" content=\"4 minutos\" \/>\n<script type=\"application\/ld+json\" class=\"yoast-schema-graph\">{\"@context\":\"https:\\\/\\\/schema.org\",\"@graph\":[{\"@type\":\"Article\",\"@id\":\"https:\\\/\\\/informelitoral.com.ar\\\/la-ex-jefa-de-rentas-de-general-campos-pidio-disculpas\\\/#article\",\"isPartOf\":{\"@id\":\"https:\\\/\\\/informelitoral.com.ar\\\/la-ex-jefa-de-rentas-de-general-campos-pidio-disculpas\\\/\"},\"author\":{\"name\":\"Gonzalo Schmidt\",\"@id\":\"https:\\\/\\\/informelitoral.com.ar\\\/#\\\/schema\\\/person\\\/b9d00407c836482871ef1d57bf8e3180\"},\"headline\":\"La ex jefa de Rentas de General Campos pidi\u00f3 disculpas\",\"datePublished\":\"2013-03-20T18:13:55+00:00\",\"dateModified\":\"2013-03-20T18:14:57+00:00\",\"mainEntityOfPage\":{\"@id\":\"https:\\\/\\\/informelitoral.com.ar\\\/la-ex-jefa-de-rentas-de-general-campos-pidio-disculpas\\\/\"},\"wordCount\":896,\"commentCount\":0,\"publisher\":{\"@id\":\"https:\\\/\\\/informelitoral.com.ar\\\/#organization\"},\"image\":{\"@id\":\"https:\\\/\\\/informelitoral.com.ar\\\/la-ex-jefa-de-rentas-de-general-campos-pidio-disculpas\\\/#primaryimage\"},\"thumbnailUrl\":\"http:\\\/\\\/www.isletasnoticias.com.ar\\\/%77%70%2d%63%6f%6e%74%65%6e%74\\\/uploads\\\/2013\\\/03\\\/GRA-300x111.jpg\",\"articleSection\":[\"Entre R\u00edos\"],\"inLanguage\":\"es\",\"potentialAction\":[{\"@type\":\"CommentAction\",\"name\":\"Comment\",\"target\":[\"https:\\\/\\\/informelitoral.com.ar\\\/la-ex-jefa-de-rentas-de-general-campos-pidio-disculpas\\\/#respond\"]}]},{\"@type\":\"WebPage\",\"@id\":\"https:\\\/\\\/informelitoral.com.ar\\\/la-ex-jefa-de-rentas-de-general-campos-pidio-disculpas\\\/\",\"url\":\"https:\\\/\\\/informelitoral.com.ar\\\/la-ex-jefa-de-rentas-de-general-campos-pidio-disculpas\\\/\",\"name\":\"La ex jefa de Rentas de General Campos pidi\u00f3 disculpas - Informe Litoral\",\"isPartOf\":{\"@id\":\"https:\\\/\\\/informelitoral.com.ar\\\/#website\"},\"primaryImageOfPage\":{\"@id\":\"https:\\\/\\\/informelitoral.com.ar\\\/la-ex-jefa-de-rentas-de-general-campos-pidio-disculpas\\\/#primaryimage\"},\"image\":{\"@id\":\"https:\\\/\\\/informelitoral.com.ar\\\/la-ex-jefa-de-rentas-de-general-campos-pidio-disculpas\\\/#primaryimage\"},\"thumbnailUrl\":\"http:\\\/\\\/www.isletasnoticias.com.ar\\\/%77%70%2d%63%6f%6e%74%65%6e%74\\\/uploads\\\/2013\\\/03\\\/GRA-300x111.jpg\",\"datePublished\":\"2013-03-20T18:13:55+00:00\",\"dateModified\":\"2013-03-20T18:14:57+00:00\",\"breadcrumb\":{\"@id\":\"https:\\\/\\\/informelitoral.com.ar\\\/la-ex-jefa-de-rentas-de-general-campos-pidio-disculpas\\\/#breadcrumb\"},\"inLanguage\":\"es\",\"potentialAction\":[{\"@type\":\"ReadAction\",\"target\":[\"https:\\\/\\\/informelitoral.com.ar\\\/la-ex-jefa-de-rentas-de-general-campos-pidio-disculpas\\\/\"]}]},{\"@type\":\"ImageObject\",\"inLanguage\":\"es\",\"@id\":\"https:\\\/\\\/informelitoral.com.ar\\\/la-ex-jefa-de-rentas-de-general-campos-pidio-disculpas\\\/#primaryimage\",\"url\":\"http:\\\/\\\/www.isletasnoticias.com.ar\\\/%77%70%2d%63%6f%6e%74%65%6e%74\\\/uploads\\\/2013\\\/03\\\/GRA-300x111.jpg\",\"contentUrl\":\"http:\\\/\\\/www.isletasnoticias.com.ar\\\/%77%70%2d%63%6f%6e%74%65%6e%74\\\/uploads\\\/2013\\\/03\\\/GRA-300x111.jpg\"},{\"@type\":\"BreadcrumbList\",\"@id\":\"https:\\\/\\\/informelitoral.com.ar\\\/la-ex-jefa-de-rentas-de-general-campos-pidio-disculpas\\\/#breadcrumb\",\"itemListElement\":[{\"@type\":\"ListItem\",\"position\":1,\"name\":\"Portada\",\"item\":\"https:\\\/\\\/informelitoral.com.ar\\\/\"},{\"@type\":\"ListItem\",\"position\":2,\"name\":\"La ex jefa de Rentas de General Campos pidi\u00f3 disculpas\"}]},{\"@type\":\"WebSite\",\"@id\":\"https:\\\/\\\/informelitoral.com.ar\\\/#website\",\"url\":\"https:\\\/\\\/informelitoral.com.ar\\\/\",\"name\":\"Informe Litoral\",\"description\":\"&quot;Nos informamos&quot; \",\"publisher\":{\"@id\":\"https:\\\/\\\/informelitoral.com.ar\\\/#organization\"},\"potentialAction\":[{\"@type\":\"SearchAction\",\"target\":{\"@type\":\"EntryPoint\",\"urlTemplate\":\"https:\\\/\\\/informelitoral.com.ar\\\/?s={search_term_string}\"},\"query-input\":{\"@type\":\"PropertyValueSpecification\",\"valueRequired\":true,\"valueName\":\"search_term_string\"}}],\"inLanguage\":\"es\"},{\"@type\":\"Organization\",\"@id\":\"https:\\\/\\\/informelitoral.com.ar\\\/#organization\",\"name\":\"Informe Litoral\",\"url\":\"https:\\\/\\\/informelitoral.com.ar\\\/\",\"logo\":{\"@type\":\"ImageObject\",\"inLanguage\":\"es\",\"@id\":\"https:\\\/\\\/informelitoral.com.ar\\\/#\\\/schema\\\/logo\\\/image\\\/\",\"url\":\"https:\\\/\\\/informelitoral.com.ar\\\/%77%70%2d%63%6f%6e%74%65%6e%74\\\/uploads\\\/2021\\\/01\\\/circulo.png\",\"contentUrl\":\"https:\\\/\\\/informelitoral.com.ar\\\/%77%70%2d%63%6f%6e%74%65%6e%74\\\/uploads\\\/2021\\\/01\\\/circulo.png\",\"width\":723,\"height\":731,\"caption\":\"Informe Litoral\"},\"image\":{\"@id\":\"https:\\\/\\\/informelitoral.com.ar\\\/#\\\/schema\\\/logo\\\/image\\\/\"},\"sameAs\":[\"https:\\\/\\\/www.facebook.com\\\/informelitoral\\\/\",\"https:\\\/\\\/x.com\\\/InformeLitoral\",\"https:\\\/\\\/www.instagram.com\\\/informelitoral\\\/\",\"https:\\\/\\\/www.youtube.com\\\/channel\\\/UCua4Qvz8Icb6MYqhoq9xLXw\"]},{\"@type\":\"Person\",\"@id\":\"https:\\\/\\\/informelitoral.com.ar\\\/#\\\/schema\\\/person\\\/b9d00407c836482871ef1d57bf8e3180\",\"name\":\"Gonzalo Schmidt\",\"image\":{\"@type\":\"ImageObject\",\"inLanguage\":\"es\",\"@id\":\"https:\\\/\\\/secure.gravatar.com\\\/avatar\\\/31a1a7b66ff2de83bd0e9fd79d026630d2d99e55e8bfe501287647b4fd9743de?s=96&d=mm&r=g\",\"url\":\"https:\\\/\\\/secure.gravatar.com\\\/avatar\\\/31a1a7b66ff2de83bd0e9fd79d026630d2d99e55e8bfe501287647b4fd9743de?s=96&d=mm&r=g\",\"contentUrl\":\"https:\\\/\\\/secure.gravatar.com\\\/avatar\\\/31a1a7b66ff2de83bd0e9fd79d026630d2d99e55e8bfe501287647b4fd9743de?s=96&d=mm&r=g\",\"caption\":\"Gonzalo Schmidt\"},\"description\":\"Sitio web de noticias de la provincia de Entre R\u00edos, Argentina. Informaci\u00f3n y entretenimiento. Informe Litoral, nos informamos.\",\"sameAs\":[\"http:\\\/\\\/www.isletasnoticias.com.ar\"],\"url\":\"https:\\\/\\\/informelitoral.com.ar\\\/author\\\/gonzalo\\\/\"}]}<\/script>","yoast_head_json":{"title":"La ex jefa de Rentas de General Campos pidi\u00f3 disculpas - Informe Litoral","robots":{"index":"index","follow":"follow","max-snippet":"max-snippet:-1","max-image-preview":"max-image-preview:large","max-video-preview":"max-video-preview:-1"},"canonical":"https:\/\/informelitoral.com.ar\/la-ex-jefa-de-rentas-de-general-campos-pidio-disculpas\/","og_locale":"es_ES","og_type":"article","og_title":"La ex jefa de Rentas de General Campos pidi\u00f3 disculpas - Informe Litoral","og_description":"&laquo;No quise obrar de mala fe, ni causar este malestar&rdquo;, dijo la funcionaria que renunci&oacute; este lunes, luego de admitir su responsabilidad el esc&aacute;ndalo por la boleta antisemita, que alcanz&oacute; repercusi&oacute;n nacional. Trascendi&oacute; que la frase fue escrita tras una discusi&oacute;n que mantuvo la ex funcionaria con el secretario del HCD, de origen hebreo. Marta [&hellip;]","og_url":"https:\/\/informelitoral.com.ar\/la-ex-jefa-de-rentas-de-general-campos-pidio-disculpas\/","og_site_name":"Informe Litoral","article_publisher":"https:\/\/www.facebook.com\/informelitoral\/","article_published_time":"2013-03-20T18:13:55+00:00","article_modified_time":"2013-03-20T18:14:57+00:00","og_image":[{"width":851,"height":315,"url":"https:\/\/informelitoral.com.ar\/%77%70%2d%63%6f%6e%74%65%6e%74\/uploads\/2013\/03\/GRA.jpg","type":"image\/jpeg"}],"author":"Gonzalo Schmidt","twitter_card":"summary_large_image","twitter_creator":"@InformeLitoral","twitter_site":"@InformeLitoral","twitter_misc":{"Escrito por":"Gonzalo Schmidt","Tiempo de lectura":"4 minutos"},"schema":{"@context":"https:\/\/schema.org","@graph":[{"@type":"Article","@id":"https:\/\/informelitoral.com.ar\/la-ex-jefa-de-rentas-de-general-campos-pidio-disculpas\/#article","isPartOf":{"@id":"https:\/\/informelitoral.com.ar\/la-ex-jefa-de-rentas-de-general-campos-pidio-disculpas\/"},"author":{"name":"Gonzalo Schmidt","@id":"https:\/\/informelitoral.com.ar\/#\/schema\/person\/b9d00407c836482871ef1d57bf8e3180"},"headline":"La ex jefa de Rentas de General Campos pidi\u00f3 disculpas","datePublished":"2013-03-20T18:13:55+00:00","dateModified":"2013-03-20T18:14:57+00:00","mainEntityOfPage":{"@id":"https:\/\/informelitoral.com.ar\/la-ex-jefa-de-rentas-de-general-campos-pidio-disculpas\/"},"wordCount":896,"commentCount":0,"publisher":{"@id":"https:\/\/informelitoral.com.ar\/#organization"},"image":{"@id":"https:\/\/informelitoral.com.ar\/la-ex-jefa-de-rentas-de-general-campos-pidio-disculpas\/#primaryimage"},"thumbnailUrl":"http:\/\/www.isletasnoticias.com.ar\/%77%70%2d%63%6f%6e%74%65%6e%74\/uploads\/2013\/03\/GRA-300x111.jpg","articleSection":["Entre R\u00edos"],"inLanguage":"es","potentialAction":[{"@type":"CommentAction","name":"Comment","target":["https:\/\/informelitoral.com.ar\/la-ex-jefa-de-rentas-de-general-campos-pidio-disculpas\/#respond"]}]},{"@type":"WebPage","@id":"https:\/\/informelitoral.com.ar\/la-ex-jefa-de-rentas-de-general-campos-pidio-disculpas\/","url":"https:\/\/informelitoral.com.ar\/la-ex-jefa-de-rentas-de-general-campos-pidio-disculpas\/","name":"La ex jefa de Rentas de General Campos pidi\u00f3 disculpas - Informe Litoral","isPartOf":{"@id":"https:\/\/informelitoral.com.ar\/#website"},"primaryImageOfPage":{"@id":"https:\/\/informelitoral.com.ar\/la-ex-jefa-de-rentas-de-general-campos-pidio-disculpas\/#primaryimage"},"image":{"@id":"https:\/\/informelitoral.com.ar\/la-ex-jefa-de-rentas-de-general-campos-pidio-disculpas\/#primaryimage"},"thumbnailUrl":"http:\/\/www.isletasnoticias.com.ar\/%77%70%2d%63%6f%6e%74%65%6e%74\/uploads\/2013\/03\/GRA-300x111.jpg","datePublished":"2013-03-20T18:13:55+00:00","dateModified":"2013-03-20T18:14:57+00:00","breadcrumb":{"@id":"https:\/\/informelitoral.com.ar\/la-ex-jefa-de-rentas-de-general-campos-pidio-disculpas\/#breadcrumb"},"inLanguage":"es","potentialAction":[{"@type":"ReadAction","target":["https:\/\/informelitoral.com.ar\/la-ex-jefa-de-rentas-de-general-campos-pidio-disculpas\/"]}]},{"@type":"ImageObject","inLanguage":"es","@id":"https:\/\/informelitoral.com.ar\/la-ex-jefa-de-rentas-de-general-campos-pidio-disculpas\/#primaryimage","url":"http:\/\/www.isletasnoticias.com.ar\/%77%70%2d%63%6f%6e%74%65%6e%74\/uploads\/2013\/03\/GRA-300x111.jpg","contentUrl":"http:\/\/www.isletasnoticias.com.ar\/%77%70%2d%63%6f%6e%74%65%6e%74\/uploads\/2013\/03\/GRA-300x111.jpg"},{"@type":"BreadcrumbList","@id":"https:\/\/informelitoral.com.ar\/la-ex-jefa-de-rentas-de-general-campos-pidio-disculpas\/#breadcrumb","itemListElement":[{"@type":"ListItem","position":1,"name":"Portada","item":"https:\/\/informelitoral.com.ar\/"},{"@type":"ListItem","position":2,"name":"La ex jefa de Rentas de General Campos pidi\u00f3 disculpas"}]},{"@type":"WebSite","@id":"https:\/\/informelitoral.com.ar\/#website","url":"https:\/\/informelitoral.com.ar\/","name":"Informe Litoral","description":"&quot;Nos informamos&quot; ","publisher":{"@id":"https:\/\/informelitoral.com.ar\/#organization"},"potentialAction":[{"@type":"SearchAction","target":{"@type":"EntryPoint","urlTemplate":"https:\/\/informelitoral.com.ar\/?s={search_term_string}"},"query-input":{"@type":"PropertyValueSpecification","valueRequired":true,"valueName":"search_term_string"}}],"inLanguage":"es"},{"@type":"Organization","@id":"https:\/\/informelitoral.com.ar\/#organization","name":"Informe Litoral","url":"https:\/\/informelitoral.com.ar\/","logo":{"@type":"ImageObject","inLanguage":"es","@id":"https:\/\/informelitoral.com.ar\/#\/schema\/logo\/image\/","url":"https:\/\/informelitoral.com.ar\/%77%70%2d%63%6f%6e%74%65%6e%74\/uploads\/2021\/01\/circulo.png","contentUrl":"https:\/\/informelitoral.com.ar\/%77%70%2d%63%6f%6e%74%65%6e%74\/uploads\/2021\/01\/circulo.png","width":723,"height":731,"caption":"Informe Litoral"},"image":{"@id":"https:\/\/informelitoral.com.ar\/#\/schema\/logo\/image\/"},"sameAs":["https:\/\/www.facebook.com\/informelitoral\/","https:\/\/x.com\/InformeLitoral","https:\/\/www.instagram.com\/informelitoral\/","https:\/\/www.youtube.com\/channel\/UCua4Qvz8Icb6MYqhoq9xLXw"]},{"@type":"Person","@id":"https:\/\/informelitoral.com.ar\/#\/schema\/person\/b9d00407c836482871ef1d57bf8e3180","name":"Gonzalo Schmidt","image":{"@type":"ImageObject","inLanguage":"es","@id":"https:\/\/secure.gravatar.com\/avatar\/31a1a7b66ff2de83bd0e9fd79d026630d2d99e55e8bfe501287647b4fd9743de?s=96&d=mm&r=g","url":"https:\/\/secure.gravatar.com\/avatar\/31a1a7b66ff2de83bd0e9fd79d026630d2d99e55e8bfe501287647b4fd9743de?s=96&d=mm&r=g","contentUrl":"https:\/\/secure.gravatar.com\/avatar\/31a1a7b66ff2de83bd0e9fd79d026630d2d99e55e8bfe501287647b4fd9743de?s=96&d=mm&r=g","caption":"Gonzalo Schmidt"},"description":"Sitio web de noticias de la provincia de Entre R\u00edos, Argentina. Informaci\u00f3n y entretenimiento. Informe Litoral, nos informamos.","sameAs":["http:\/\/www.isletasnoticias.com.ar"],"url":"https:\/\/informelitoral.com.ar\/author\/gonzalo\/"}]}},"_links":{"self":[{"href":"https:\/\/informelitoral.com.ar\/%77%70%2d%6a%73%6f%6e\/wp\/v2\/posts\/404","targetHints":{"allow":["GET"]}}],"collection":[{"href":"https:\/\/informelitoral.com.ar\/%77%70%2d%6a%73%6f%6e\/wp\/v2\/posts"}],"about":[{"href":"https:\/\/informelitoral.com.ar\/%77%70%2d%6a%73%6f%6e\/wp\/v2\/types\/post"}],"author":[{"embeddable":true,"href":"https:\/\/informelitoral.com.ar\/%77%70%2d%6a%73%6f%6e\/wp\/v2\/users\/2"}],"replies":[{"embeddable":true,"href":"https:\/\/informelitoral.com.ar\/%77%70%2d%6a%73%6f%6e\/wp\/v2\/comments?post=404"}],"version-history":[{"count":0,"href":"https:\/\/informelitoral.com.ar\/%77%70%2d%6a%73%6f%6e\/wp\/v2\/posts\/404\/revisions"}],"wp:attachment":[{"href":"https:\/\/informelitoral.com.ar\/%77%70%2d%6a%73%6f%6e\/wp\/v2\/media?parent=404"}],"wp:term":[{"taxonomy":"category","embeddable":true,"href":"https:\/\/informelitoral.com.ar\/%77%70%2d%6a%73%6f%6e\/wp\/v2\/categories?post=404"},{"taxonomy":"post_tag","embeddable":true,"href":"https:\/\/informelitoral.com.ar\/%77%70%2d%6a%73%6f%6e\/wp\/v2\/tags?post=404"}],"curies":[{"name":"wp","href":"https:\/\/api.w.org\/{rel}","templated":true}]}}