{"id":40120,"date":"2020-02-14T07:22:15","date_gmt":"2020-02-14T10:22:15","guid":{"rendered":"https:\/\/www.isletasnoticias.com.ar\/?p=40120"},"modified":"2020-02-14T07:22:15","modified_gmt":"2020-02-14T10:22:15","slug":"bordet-dirigira-su-mensaje-anual-a-la-asamblea-legislativa-este-sabado","status":"publish","type":"post","link":"https:\/\/informelitoral.com.ar\/bordet-dirigira-su-mensaje-anual-a-la-asamblea-legislativa-este-sabado\/","title":{"rendered":"Bordet dirigir\u00e1 su mensaje anual a la Asamblea Legislativa este s\u00e1bado"},"content":{"rendered":"<p><strong>Gustavo Bordet<\/strong>\u00a0inaugurar\u00e1 este s\u00e1bado con un informe sobre el estado general de la administraci\u00f3n p\u00fablica, ante la\u00a0<strong>Asamblea Legislativa el 141\u00b0 periodo de sesiones ordinarias<\/strong>\u00a0de la legislatura entrerriana. Ser\u00e1 en el Centro Provincial de Convenciones\u00a0<strong>-CPC-<\/strong>\u00a0de Paran\u00e1. El acto tendr\u00e1 lugar el s\u00e1bado 15 de febrero, tal como lo indica la Constituci\u00f3n Provincial.<\/p>\n<p>Como es habitual cada a\u00f1o, el mandatario provincial\u00a0<strong>dirigir\u00e1 su mensaje a la totalidad de senadores y diputados provinciales<\/strong>\u00a0que conforman la Asamblea Legislativa.<\/p>\n<p>En esta oportunidad, y haciendo uso de las amplias instalaciones del Centro Provincial de Convenciones, se invitar\u00e1 adem\u00e1s a legisladores nacionales, exgobernadores y exvicegobernadores, autoridades de las fuerzas de seguridad, del Superior Tribunal de Justicia, federaciones, universidades, colegios profesionales, gremios, emprendedores, representantes religiosos, empresariales, intendentes, referentes sociales, comunitarios y del deporte entrerriano.<\/p>\n<p>Cabe destacar que el mensaje del gobernador ante la Asamblea Legislativa se da en el marco del\u00a0<strong>art\u00edculo 104\u00b0 de la Constituci\u00f3n de Entre R\u00edos<\/strong>\u00a0que sostiene que \u201cambas C\u00e1maras se reunir\u00e1n en sesiones ordinarias cada a\u00f1o desde el 15 de febrero hasta el 15 de diciembre\u201d, por lo cual este s\u00e1bado los legisladores provinciales se reunir\u00e1n en Asamblea para abrir el 141\u00ba per\u00edodo de sesiones ordinarias.<\/p>\n<p>Adem\u00e1s, en el art\u00edculo siguiente la Constituci\u00f3n expresa que \u201cen el mismo acto, el Poder Ejecutivo presentar\u00e1 el mensaje dando cuenta del estado de la administraci\u00f3n\u201d, y en cumplimiento de ello el gobernador Gustavo Bordet dirigir\u00e1 un discurso a fin de\u00a0<strong>dar cuenta de sus actos de gobierno frente al pueblo entrerriano representado en la Asamblea<\/strong>.<\/p>\n","protected":false},"excerpt":{"rendered":"<p>Ser\u00e1 en el Centro Provincial de Convenciones. El gobernador dar\u00e1 cuenta de sus actos de gobierno ante legisladores provinciales.<\/p>\n","protected":false},"author":2,"featured_media":40121,"comment_status":"open","ping_status":"open","sticky":false,"template":"","format":"standard","meta":{"fifu_image_url":"","fifu_image_alt":"","footnotes":""},"categories":[16],"tags":[81,167,398],"class_list":{"0":"post-40120","1":"post","2":"type-post","3":"status-publish","4":"format-standard","5":"has-post-thumbnail","7":"category-politi","8":"tag-entre-rios","9":"tag-gustavo-bordet","10":"tag-legislatura"},"yoast_head":"<title>Bordet dirigir\u00e1 su mensaje anual a la Asamblea Legislativa este s\u00e1bado - Informe Litoral<\/title>\n<meta name=\"robots\" content=\"index, follow, max-snippet:-1, max-image-preview:large, max-video-preview:-1\" \/>\n<link rel=\"canonical\" href=\"https:\/\/informelitoral.com.ar\/bordet-dirigira-su-mensaje-anual-a-la-asamblea-legislativa-este-sabado\/\" \/>\n<meta property=\"og:locale\" content=\"es_ES\" \/>\n<meta property=\"og:type\" content=\"article\" \/>\n<meta property=\"og:title\" content=\"Bordet dirigir\u00e1 su mensaje anual a la Asamblea Legislativa este s\u00e1bado - Informe Litoral\" \/>\n<meta property=\"og:description\" content=\"Ser\u00e1 en el Centro Provincial de Convenciones. El gobernador dar\u00e1 cuenta de sus actos de gobierno ante legisladores provinciales.\" \/>\n<meta property=\"og:url\" content=\"https:\/\/informelitoral.com.ar\/bordet-dirigira-su-mensaje-anual-a-la-asamblea-legislativa-este-sabado\/\" \/>\n<meta property=\"og:site_name\" content=\"Informe Litoral\" \/>\n<meta property=\"article:publisher\" content=\"https:\/\/www.facebook.com\/informelitoral\/\" \/>\n<meta property=\"article:published_time\" content=\"2020-02-14T10:22:15+00:00\" \/>\n<meta property=\"og:image\" content=\"https:\/\/informelitoral.com.ar\/%77%70%2d%63%6f%6e%74%65%6e%74\/uploads\/2020\/02\/0002971202.jpg\" \/>\n\t<meta property=\"og:image:width\" content=\"770\" \/>\n\t<meta property=\"og:image:height\" content=\"513\" \/>\n\t<meta property=\"og:image:type\" content=\"image\/jpeg\" \/>\n<meta name=\"author\" content=\"Gonzalo Schmidt\" \/>\n<meta name=\"twitter:card\" content=\"summary_large_image\" \/>\n<meta name=\"twitter:creator\" content=\"@InformeLitoral\" \/>\n<meta name=\"twitter:site\" content=\"@InformeLitoral\" \/>\n<meta name=\"twitter:label1\" content=\"Escrito por\" \/>\n\t<meta name=\"twitter:data1\" content=\"Gonzalo Schmidt\" \/>\n\t<meta name=\"twitter:label2\" content=\"Tiempo de lectura\" \/>\n\t<meta name=\"twitter:data2\" content=\"1 minuto\" \/>\n<script type=\"application\/ld+json\" class=\"yoast-schema-graph\">{\"@context\":\"https:\\\/\\\/schema.org\",\"@graph\":[{\"@type\":\"Article\",\"@id\":\"https:\\\/\\\/informelitoral.com.ar\\\/bordet-dirigira-su-mensaje-anual-a-la-asamblea-legislativa-este-sabado\\\/#article\",\"isPartOf\":{\"@id\":\"https:\\\/\\\/informelitoral.com.ar\\\/bordet-dirigira-su-mensaje-anual-a-la-asamblea-legislativa-este-sabado\\\/\"},\"author\":{\"name\":\"Gonzalo Schmidt\",\"@id\":\"https:\\\/\\\/informelitoral.com.ar\\\/#\\\/schema\\\/person\\\/b9d00407c836482871ef1d57bf8e3180\"},\"headline\":\"Bordet dirigir\u00e1 su mensaje anual a la Asamblea Legislativa este s\u00e1bado\",\"datePublished\":\"2020-02-14T10:22:15+00:00\",\"mainEntityOfPage\":{\"@id\":\"https:\\\/\\\/informelitoral.com.ar\\\/bordet-dirigira-su-mensaje-anual-a-la-asamblea-legislativa-este-sabado\\\/\"},\"wordCount\":281,\"commentCount\":0,\"publisher\":{\"@id\":\"https:\\\/\\\/informelitoral.com.ar\\\/#organization\"},\"image\":{\"@id\":\"https:\\\/\\\/informelitoral.com.ar\\\/bordet-dirigira-su-mensaje-anual-a-la-asamblea-legislativa-este-sabado\\\/#primaryimage\"},\"thumbnailUrl\":\"https:\\\/\\\/informelitoral.com.ar\\\/%77%70%2d%63%6f%6e%74%65%6e%74\\\/uploads\\\/2020\\\/02\\\/0002971202.jpg\",\"keywords\":[\"Entre R\u00edos\",\"Gustavo Bordet\",\"Legislatura\"],\"articleSection\":[\"Politica\"],\"inLanguage\":\"es\",\"potentialAction\":[{\"@type\":\"CommentAction\",\"name\":\"Comment\",\"target\":[\"https:\\\/\\\/informelitoral.com.ar\\\/bordet-dirigira-su-mensaje-anual-a-la-asamblea-legislativa-este-sabado\\\/#respond\"]}]},{\"@type\":\"WebPage\",\"@id\":\"https:\\\/\\\/informelitoral.com.ar\\\/bordet-dirigira-su-mensaje-anual-a-la-asamblea-legislativa-este-sabado\\\/\",\"url\":\"https:\\\/\\\/informelitoral.com.ar\\\/bordet-dirigira-su-mensaje-anual-a-la-asamblea-legislativa-este-sabado\\\/\",\"name\":\"Bordet dirigir\u00e1 su mensaje anual a la Asamblea Legislativa este s\u00e1bado - Informe Litoral\",\"isPartOf\":{\"@id\":\"https:\\\/\\\/informelitoral.com.ar\\\/#website\"},\"primaryImageOfPage\":{\"@id\":\"https:\\\/\\\/informelitoral.com.ar\\\/bordet-dirigira-su-mensaje-anual-a-la-asamblea-legislativa-este-sabado\\\/#primaryimage\"},\"image\":{\"@id\":\"https:\\\/\\\/informelitoral.com.ar\\\/bordet-dirigira-su-mensaje-anual-a-la-asamblea-legislativa-este-sabado\\\/#primaryimage\"},\"thumbnailUrl\":\"https:\\\/\\\/informelitoral.com.ar\\\/%77%70%2d%63%6f%6e%74%65%6e%74\\\/uploads\\\/2020\\\/02\\\/0002971202.jpg\",\"datePublished\":\"2020-02-14T10:22:15+00:00\",\"breadcrumb\":{\"@id\":\"https:\\\/\\\/informelitoral.com.ar\\\/bordet-dirigira-su-mensaje-anual-a-la-asamblea-legislativa-este-sabado\\\/#breadcrumb\"},\"inLanguage\":\"es\",\"potentialAction\":[{\"@type\":\"ReadAction\",\"target\":[\"https:\\\/\\\/informelitoral.com.ar\\\/bordet-dirigira-su-mensaje-anual-a-la-asamblea-legislativa-este-sabado\\\/\"]}]},{\"@type\":\"ImageObject\",\"inLanguage\":\"es\",\"@id\":\"https:\\\/\\\/informelitoral.com.ar\\\/bordet-dirigira-su-mensaje-anual-a-la-asamblea-legislativa-este-sabado\\\/#primaryimage\",\"url\":\"https:\\\/\\\/informelitoral.com.ar\\\/%77%70%2d%63%6f%6e%74%65%6e%74\\\/uploads\\\/2020\\\/02\\\/0002971202.jpg\",\"contentUrl\":\"https:\\\/\\\/informelitoral.com.ar\\\/%77%70%2d%63%6f%6e%74%65%6e%74\\\/uploads\\\/2020\\\/02\\\/0002971202.jpg\",\"width\":770,\"height\":513},{\"@type\":\"BreadcrumbList\",\"@id\":\"https:\\\/\\\/informelitoral.com.ar\\\/bordet-dirigira-su-mensaje-anual-a-la-asamblea-legislativa-este-sabado\\\/#breadcrumb\",\"itemListElement\":[{\"@type\":\"ListItem\",\"position\":1,\"name\":\"Portada\",\"item\":\"https:\\\/\\\/informelitoral.com.ar\\\/\"},{\"@type\":\"ListItem\",\"position\":2,\"name\":\"Bordet dirigir\u00e1 su mensaje anual a la Asamblea Legislativa este s\u00e1bado\"}]},{\"@type\":\"WebSite\",\"@id\":\"https:\\\/\\\/informelitoral.com.ar\\\/#website\",\"url\":\"https:\\\/\\\/informelitoral.com.ar\\\/\",\"name\":\"Informe Litoral\",\"description\":\"&quot;Nos informamos&quot; \",\"publisher\":{\"@id\":\"https:\\\/\\\/informelitoral.com.ar\\\/#organization\"},\"potentialAction\":[{\"@type\":\"SearchAction\",\"target\":{\"@type\":\"EntryPoint\",\"urlTemplate\":\"https:\\\/\\\/informelitoral.com.ar\\\/?s={search_term_string}\"},\"query-input\":{\"@type\":\"PropertyValueSpecification\",\"valueRequired\":true,\"valueName\":\"search_term_string\"}}],\"inLanguage\":\"es\"},{\"@type\":\"Organization\",\"@id\":\"https:\\\/\\\/informelitoral.com.ar\\\/#organization\",\"name\":\"Informe Litoral\",\"url\":\"https:\\\/\\\/informelitoral.com.ar\\\/\",\"logo\":{\"@type\":\"ImageObject\",\"inLanguage\":\"es\",\"@id\":\"https:\\\/\\\/informelitoral.com.ar\\\/#\\\/schema\\\/logo\\\/image\\\/\",\"url\":\"https:\\\/\\\/informelitoral.com.ar\\\/%77%70%2d%63%6f%6e%74%65%6e%74\\\/uploads\\\/2021\\\/01\\\/circulo.png\",\"contentUrl\":\"https:\\\/\\\/informelitoral.com.ar\\\/%77%70%2d%63%6f%6e%74%65%6e%74\\\/uploads\\\/2021\\\/01\\\/circulo.png\",\"width\":723,\"height\":731,\"caption\":\"Informe Litoral\"},\"image\":{\"@id\":\"https:\\\/\\\/informelitoral.com.ar\\\/#\\\/schema\\\/logo\\\/image\\\/\"},\"sameAs\":[\"https:\\\/\\\/www.facebook.com\\\/informelitoral\\\/\",\"https:\\\/\\\/x.com\\\/InformeLitoral\",\"https:\\\/\\\/www.instagram.com\\\/informelitoral\\\/\",\"https:\\\/\\\/www.youtube.com\\\/channel\\\/UCua4Qvz8Icb6MYqhoq9xLXw\"]},{\"@type\":\"Person\",\"@id\":\"https:\\\/\\\/informelitoral.com.ar\\\/#\\\/schema\\\/person\\\/b9d00407c836482871ef1d57bf8e3180\",\"name\":\"Gonzalo Schmidt\",\"image\":{\"@type\":\"ImageObject\",\"inLanguage\":\"es\",\"@id\":\"https:\\\/\\\/secure.gravatar.com\\\/avatar\\\/31a1a7b66ff2de83bd0e9fd79d026630d2d99e55e8bfe501287647b4fd9743de?s=96&d=mm&r=g\",\"url\":\"https:\\\/\\\/secure.gravatar.com\\\/avatar\\\/31a1a7b66ff2de83bd0e9fd79d026630d2d99e55e8bfe501287647b4fd9743de?s=96&d=mm&r=g\",\"contentUrl\":\"https:\\\/\\\/secure.gravatar.com\\\/avatar\\\/31a1a7b66ff2de83bd0e9fd79d026630d2d99e55e8bfe501287647b4fd9743de?s=96&d=mm&r=g\",\"caption\":\"Gonzalo Schmidt\"},\"description\":\"Sitio web de noticias de la provincia de Entre R\u00edos, Argentina. Informaci\u00f3n y entretenimiento. Informe Litoral, nos informamos.\",\"sameAs\":[\"http:\\\/\\\/www.isletasnoticias.com.ar\"],\"url\":\"https:\\\/\\\/informelitoral.com.ar\\\/author\\\/gonzalo\\\/\"}]}<\/script>","yoast_head_json":{"title":"Bordet dirigir\u00e1 su mensaje anual a la Asamblea Legislativa este s\u00e1bado - Informe Litoral","robots":{"index":"index","follow":"follow","max-snippet":"max-snippet:-1","max-image-preview":"max-image-preview:large","max-video-preview":"max-video-preview:-1"},"canonical":"https:\/\/informelitoral.com.ar\/bordet-dirigira-su-mensaje-anual-a-la-asamblea-legislativa-este-sabado\/","og_locale":"es_ES","og_type":"article","og_title":"Bordet dirigir\u00e1 su mensaje anual a la Asamblea Legislativa este s\u00e1bado - Informe Litoral","og_description":"Ser\u00e1 en el Centro Provincial de Convenciones. El gobernador dar\u00e1 cuenta de sus actos de gobierno ante legisladores provinciales.","og_url":"https:\/\/informelitoral.com.ar\/bordet-dirigira-su-mensaje-anual-a-la-asamblea-legislativa-este-sabado\/","og_site_name":"Informe Litoral","article_publisher":"https:\/\/www.facebook.com\/informelitoral\/","article_published_time":"2020-02-14T10:22:15+00:00","og_image":[{"width":770,"height":513,"url":"https:\/\/informelitoral.com.ar\/%77%70%2d%63%6f%6e%74%65%6e%74\/uploads\/2020\/02\/0002971202.jpg","type":"image\/jpeg"}],"author":"Gonzalo Schmidt","twitter_card":"summary_large_image","twitter_creator":"@InformeLitoral","twitter_site":"@InformeLitoral","twitter_misc":{"Escrito por":"Gonzalo Schmidt","Tiempo de lectura":"1 minuto"},"schema":{"@context":"https:\/\/schema.org","@graph":[{"@type":"Article","@id":"https:\/\/informelitoral.com.ar\/bordet-dirigira-su-mensaje-anual-a-la-asamblea-legislativa-este-sabado\/#article","isPartOf":{"@id":"https:\/\/informelitoral.com.ar\/bordet-dirigira-su-mensaje-anual-a-la-asamblea-legislativa-este-sabado\/"},"author":{"name":"Gonzalo Schmidt","@id":"https:\/\/informelitoral.com.ar\/#\/schema\/person\/b9d00407c836482871ef1d57bf8e3180"},"headline":"Bordet dirigir\u00e1 su mensaje anual a la Asamblea Legislativa este s\u00e1bado","datePublished":"2020-02-14T10:22:15+00:00","mainEntityOfPage":{"@id":"https:\/\/informelitoral.com.ar\/bordet-dirigira-su-mensaje-anual-a-la-asamblea-legislativa-este-sabado\/"},"wordCount":281,"commentCount":0,"publisher":{"@id":"https:\/\/informelitoral.com.ar\/#organization"},"image":{"@id":"https:\/\/informelitoral.com.ar\/bordet-dirigira-su-mensaje-anual-a-la-asamblea-legislativa-este-sabado\/#primaryimage"},"thumbnailUrl":"https:\/\/informelitoral.com.ar\/%77%70%2d%63%6f%6e%74%65%6e%74\/uploads\/2020\/02\/0002971202.jpg","keywords":["Entre R\u00edos","Gustavo Bordet","Legislatura"],"articleSection":["Politica"],"inLanguage":"es","potentialAction":[{"@type":"CommentAction","name":"Comment","target":["https:\/\/informelitoral.com.ar\/bordet-dirigira-su-mensaje-anual-a-la-asamblea-legislativa-este-sabado\/#respond"]}]},{"@type":"WebPage","@id":"https:\/\/informelitoral.com.ar\/bordet-dirigira-su-mensaje-anual-a-la-asamblea-legislativa-este-sabado\/","url":"https:\/\/informelitoral.com.ar\/bordet-dirigira-su-mensaje-anual-a-la-asamblea-legislativa-este-sabado\/","name":"Bordet dirigir\u00e1 su mensaje anual a la Asamblea Legislativa este s\u00e1bado - Informe Litoral","isPartOf":{"@id":"https:\/\/informelitoral.com.ar\/#website"},"primaryImageOfPage":{"@id":"https:\/\/informelitoral.com.ar\/bordet-dirigira-su-mensaje-anual-a-la-asamblea-legislativa-este-sabado\/#primaryimage"},"image":{"@id":"https:\/\/informelitoral.com.ar\/bordet-dirigira-su-mensaje-anual-a-la-asamblea-legislativa-este-sabado\/#primaryimage"},"thumbnailUrl":"https:\/\/informelitoral.com.ar\/%77%70%2d%63%6f%6e%74%65%6e%74\/uploads\/2020\/02\/0002971202.jpg","datePublished":"2020-02-14T10:22:15+00:00","breadcrumb":{"@id":"https:\/\/informelitoral.com.ar\/bordet-dirigira-su-mensaje-anual-a-la-asamblea-legislativa-este-sabado\/#breadcrumb"},"inLanguage":"es","potentialAction":[{"@type":"ReadAction","target":["https:\/\/informelitoral.com.ar\/bordet-dirigira-su-mensaje-anual-a-la-asamblea-legislativa-este-sabado\/"]}]},{"@type":"ImageObject","inLanguage":"es","@id":"https:\/\/informelitoral.com.ar\/bordet-dirigira-su-mensaje-anual-a-la-asamblea-legislativa-este-sabado\/#primaryimage","url":"https:\/\/informelitoral.com.ar\/%77%70%2d%63%6f%6e%74%65%6e%74\/uploads\/2020\/02\/0002971202.jpg","contentUrl":"https:\/\/informelitoral.com.ar\/%77%70%2d%63%6f%6e%74%65%6e%74\/uploads\/2020\/02\/0002971202.jpg","width":770,"height":513},{"@type":"BreadcrumbList","@id":"https:\/\/informelitoral.com.ar\/bordet-dirigira-su-mensaje-anual-a-la-asamblea-legislativa-este-sabado\/#breadcrumb","itemListElement":[{"@type":"ListItem","position":1,"name":"Portada","item":"https:\/\/informelitoral.com.ar\/"},{"@type":"ListItem","position":2,"name":"Bordet dirigir\u00e1 su mensaje anual a la Asamblea Legislativa este s\u00e1bado"}]},{"@type":"WebSite","@id":"https:\/\/informelitoral.com.ar\/#website","url":"https:\/\/informelitoral.com.ar\/","name":"Informe Litoral","description":"&quot;Nos informamos&quot; ","publisher":{"@id":"https:\/\/informelitoral.com.ar\/#organization"},"potentialAction":[{"@type":"SearchAction","target":{"@type":"EntryPoint","urlTemplate":"https:\/\/informelitoral.com.ar\/?s={search_term_string}"},"query-input":{"@type":"PropertyValueSpecification","valueRequired":true,"valueName":"search_term_string"}}],"inLanguage":"es"},{"@type":"Organization","@id":"https:\/\/informelitoral.com.ar\/#organization","name":"Informe Litoral","url":"https:\/\/informelitoral.com.ar\/","logo":{"@type":"ImageObject","inLanguage":"es","@id":"https:\/\/informelitoral.com.ar\/#\/schema\/logo\/image\/","url":"https:\/\/informelitoral.com.ar\/%77%70%2d%63%6f%6e%74%65%6e%74\/uploads\/2021\/01\/circulo.png","contentUrl":"https:\/\/informelitoral.com.ar\/%77%70%2d%63%6f%6e%74%65%6e%74\/uploads\/2021\/01\/circulo.png","width":723,"height":731,"caption":"Informe Litoral"},"image":{"@id":"https:\/\/informelitoral.com.ar\/#\/schema\/logo\/image\/"},"sameAs":["https:\/\/www.facebook.com\/informelitoral\/","https:\/\/x.com\/InformeLitoral","https:\/\/www.instagram.com\/informelitoral\/","https:\/\/www.youtube.com\/channel\/UCua4Qvz8Icb6MYqhoq9xLXw"]},{"@type":"Person","@id":"https:\/\/informelitoral.com.ar\/#\/schema\/person\/b9d00407c836482871ef1d57bf8e3180","name":"Gonzalo Schmidt","image":{"@type":"ImageObject","inLanguage":"es","@id":"https:\/\/secure.gravatar.com\/avatar\/31a1a7b66ff2de83bd0e9fd79d026630d2d99e55e8bfe501287647b4fd9743de?s=96&d=mm&r=g","url":"https:\/\/secure.gravatar.com\/avatar\/31a1a7b66ff2de83bd0e9fd79d026630d2d99e55e8bfe501287647b4fd9743de?s=96&d=mm&r=g","contentUrl":"https:\/\/secure.gravatar.com\/avatar\/31a1a7b66ff2de83bd0e9fd79d026630d2d99e55e8bfe501287647b4fd9743de?s=96&d=mm&r=g","caption":"Gonzalo Schmidt"},"description":"Sitio web de noticias de la provincia de Entre R\u00edos, Argentina. Informaci\u00f3n y entretenimiento. Informe Litoral, nos informamos.","sameAs":["http:\/\/www.isletasnoticias.com.ar"],"url":"https:\/\/informelitoral.com.ar\/author\/gonzalo\/"}]}},"_links":{"self":[{"href":"https:\/\/informelitoral.com.ar\/%77%70%2d%6a%73%6f%6e\/wp\/v2\/posts\/40120","targetHints":{"allow":["GET"]}}],"collection":[{"href":"https:\/\/informelitoral.com.ar\/%77%70%2d%6a%73%6f%6e\/wp\/v2\/posts"}],"about":[{"href":"https:\/\/informelitoral.com.ar\/%77%70%2d%6a%73%6f%6e\/wp\/v2\/types\/post"}],"author":[{"embeddable":true,"href":"https:\/\/informelitoral.com.ar\/%77%70%2d%6a%73%6f%6e\/wp\/v2\/users\/2"}],"replies":[{"embeddable":true,"href":"https:\/\/informelitoral.com.ar\/%77%70%2d%6a%73%6f%6e\/wp\/v2\/comments?post=40120"}],"version-history":[{"count":0,"href":"https:\/\/informelitoral.com.ar\/%77%70%2d%6a%73%6f%6e\/wp\/v2\/posts\/40120\/revisions"}],"wp:featuredmedia":[{"embeddable":true,"href":"https:\/\/informelitoral.com.ar\/%77%70%2d%6a%73%6f%6e\/wp\/v2\/media\/40121"}],"wp:attachment":[{"href":"https:\/\/informelitoral.com.ar\/%77%70%2d%6a%73%6f%6e\/wp\/v2\/media?parent=40120"}],"wp:term":[{"taxonomy":"category","embeddable":true,"href":"https:\/\/informelitoral.com.ar\/%77%70%2d%6a%73%6f%6e\/wp\/v2\/categories?post=40120"},{"taxonomy":"post_tag","embeddable":true,"href":"https:\/\/informelitoral.com.ar\/%77%70%2d%6a%73%6f%6e\/wp\/v2\/tags?post=40120"}],"curies":[{"name":"wp","href":"https:\/\/api.w.org\/{rel}","templated":true}]}}