{"id":40100,"date":"2020-02-14T02:27:17","date_gmt":"2020-02-14T05:27:17","guid":{"rendered":"https:\/\/www.isletasnoticias.com.ar\/?p=40100"},"modified":"2020-02-14T06:56:41","modified_gmt":"2020-02-14T09:56:41","slug":"federacion-vivio-un-momento-de-reencuentro-con-su-historia","status":"publish","type":"post","link":"https:\/\/informelitoral.com.ar\/federacion-vivio-un-momento-de-reencuentro-con-su-historia\/","title":{"rendered":"Federaci\u00f3n vivi\u00f3 un momento de reencuentro con su historia"},"content":{"rendered":"<p>Federaci\u00f3n vivi\u00f3 en la tarde del mi\u00e9rcoles un momento muy emotivo y de reencuentro con su historia. En el lugar de la antigua ciudad donde se encontraba la plaza 9 de Julio, se reunieron vecinos y turistas para recorrer la rica historia local a trav\u00e9s de la proyecci\u00f3n de un documental al aire libre.<\/p>\n<p><a href=\"https:\/\/www.isletasnoticias.com.ar\/%77%70%2d%63%6f%6e%74%65%6e%74\/uploads\/2020\/02\/0027933489.jpg\"><img loading=\"lazy\" decoding=\"async\" class=\" wp-image-40104 aligncenter\" src=\"https:\/\/www.isletasnoticias.com.ar\/%77%70%2d%63%6f%6e%74%65%6e%74\/uploads\/2020\/02\/0027933489-300x169.jpg\" alt=\"\" width=\"579\" height=\"326\" srcset=\"https:\/\/informelitoral.com.ar\/%77%70%2d%63%6f%6e%74%65%6e%74\/uploads\/2020\/02\/0027933489-300x169.jpg 300w, https:\/\/informelitoral.com.ar\/%77%70%2d%63%6f%6e%74%65%6e%74\/uploads\/2020\/02\/0027933489.jpg 642w\" sizes=\"auto, (max-width: 579px) 100vw, 579px\" \/><\/a><\/p>\n<p>El acontecimiento fue organizado por la Direcci\u00f3n de Cultura municipal, como modo de mantener la memoria de la ciudad que fue demolida y sumergida bajo las aguas del lago Salto Grande, cuando en 1979 se inaugur\u00f3 la represa del mismo nombre.<\/p>\n<p>El espacio fue posible visitar gracias a la bajante del r\u00edo Uruguay. Cada vez que ocurre un fen\u00f3meno de este tipo, son muchos los federaenses que concurren all\u00ed para reconocer lugares o, incluso, algunos logran ubicar y visitar el lugar donde estaban sus casas hace m\u00e1s de 40 a\u00f1os.<\/p>\n<p><a href=\"https:\/\/www.isletasnoticias.com.ar\/%77%70%2d%63%6f%6e%74%65%6e%74\/uploads\/2020\/02\/0027933465.jpg\"><img loading=\"lazy\" decoding=\"async\" class=\" wp-image-40102 aligncenter\" src=\"https:\/\/www.isletasnoticias.com.ar\/%77%70%2d%63%6f%6e%74%65%6e%74\/uploads\/2020\/02\/0027933465-300x168.jpg\" alt=\"\" width=\"578\" height=\"324\" srcset=\"https:\/\/informelitoral.com.ar\/%77%70%2d%63%6f%6e%74%65%6e%74\/uploads\/2020\/02\/0027933465-300x168.jpg 300w, https:\/\/informelitoral.com.ar\/%77%70%2d%63%6f%6e%74%65%6e%74\/uploads\/2020\/02\/0027933465.jpg 642w\" sizes=\"auto, (max-width: 578px) 100vw, 578px\" \/><\/a><\/p>\n<p>El intendente Ricardo Bravo estuvo a cargo de la apertura del encuentro y record\u00f3 las vivencias transmitidas a trav\u00e9s del relato de los mayores. \u00abNo podemos perder nuestra historia, en memoria de la gente que ha hecho grande a nuestra ciudad\u00bb, afirm\u00f3 el presidente municipal.<\/p>\n<p>\u201cHoy es un d\u00eda muy especial. Un atardecer \u00fanico rodeado de emociones encontradas, nuestro lugar, nuestra historia\u201d, dijo Bravo.<\/p>\n<p><a href=\"https:\/\/www.isletasnoticias.com.ar\/%77%70%2d%63%6f%6e%74%65%6e%74\/uploads\/2020\/02\/0027933501.jpg\"><img loading=\"lazy\" decoding=\"async\" class=\" wp-image-40103 aligncenter\" src=\"https:\/\/www.isletasnoticias.com.ar\/%77%70%2d%63%6f%6e%74%65%6e%74\/uploads\/2020\/02\/0027933501-300x169.jpg\" alt=\"\" width=\"559\" height=\"315\" srcset=\"https:\/\/informelitoral.com.ar\/%77%70%2d%63%6f%6e%74%65%6e%74\/uploads\/2020\/02\/0027933501-300x169.jpg 300w, https:\/\/informelitoral.com.ar\/%77%70%2d%63%6f%6e%74%65%6e%74\/uploads\/2020\/02\/0027933501.jpg 642w\" sizes=\"auto, (max-width: 559px) 100vw, 559px\" \/><\/a><\/p>\n<div id=\"2386216-Libre-1015595317_wrap\" class=\"embed_cont type_imagen\" contenteditable=\"false\"><\/div>\n","protected":false},"excerpt":{"rendered":"<p>Vecinos llegaron hasta el lugar donde estaba la plaza 9 de Julio, para disfrutar de un video que mostr\u00f3 c\u00f3mo era esa ciudad de 5.000 habitantes, que destruyeron para darle paso a la construcci\u00f3n de la represa de Salto Grande.<\/p>\n","protected":false},"author":8,"featured_media":40101,"comment_status":"open","ping_status":"open","sticky":false,"template":"","format":"standard","meta":{"fifu_image_url":"","fifu_image_alt":"","footnotes":""},"categories":[6],"tags":[1389,1455,1395,1456],"class_list":{"0":"post-40100","1":"post","2":"type-post","3":"status-publish","4":"format-standard","5":"has-post-thumbnail","7":"category-entre-rios","8":"tag-federacion","9":"tag-lago-salto-grande","10":"tag-ricardo-bravo","11":"tag-rio-uruguay"},"yoast_head":"<title>Federaci\u00f3n vivi\u00f3 un momento de reencuentro con su historia - Informe Litoral<\/title>\n<meta name=\"robots\" content=\"index, follow, max-snippet:-1, max-image-preview:large, max-video-preview:-1\" \/>\n<link rel=\"canonical\" href=\"https:\/\/informelitoral.com.ar\/federacion-vivio-un-momento-de-reencuentro-con-su-historia\/\" \/>\n<meta property=\"og:locale\" content=\"es_ES\" \/>\n<meta property=\"og:type\" content=\"article\" \/>\n<meta property=\"og:title\" content=\"Federaci\u00f3n vivi\u00f3 un momento de reencuentro con su historia - Informe Litoral\" \/>\n<meta property=\"og:description\" content=\"Vecinos llegaron hasta el lugar donde estaba la plaza 9 de Julio, para disfrutar de un video que mostr\u00f3 c\u00f3mo era esa ciudad de 5.000 habitantes, que destruyeron para darle paso a la construcci\u00f3n de la represa de Salto Grande.\" \/>\n<meta property=\"og:url\" content=\"https:\/\/informelitoral.com.ar\/federacion-vivio-un-momento-de-reencuentro-con-su-historia\/\" \/>\n<meta property=\"og:site_name\" content=\"Informe Litoral\" \/>\n<meta property=\"article:publisher\" content=\"https:\/\/www.facebook.com\/informelitoral\/\" \/>\n<meta property=\"article:published_time\" content=\"2020-02-14T05:27:17+00:00\" \/>\n<meta property=\"article:modified_time\" content=\"2020-02-14T09:56:41+00:00\" \/>\n<meta property=\"og:image\" content=\"https:\/\/informelitoral.com.ar\/%77%70%2d%63%6f%6e%74%65%6e%74\/uploads\/2020\/02\/0027933529.jpg\" \/>\n\t<meta property=\"og:image:width\" content=\"642\" \/>\n\t<meta property=\"og:image:height\" content=\"361\" \/>\n\t<meta property=\"og:image:type\" content=\"image\/jpeg\" \/>\n<meta name=\"author\" content=\"Sebastian\" \/>\n<meta name=\"twitter:card\" content=\"summary_large_image\" \/>\n<meta name=\"twitter:creator\" content=\"@InformeLitoral\" \/>\n<meta name=\"twitter:site\" content=\"@InformeLitoral\" \/>\n<meta name=\"twitter:label1\" content=\"Escrito por\" \/>\n\t<meta name=\"twitter:data1\" content=\"Sebastian\" \/>\n\t<meta name=\"twitter:label2\" content=\"Tiempo de lectura\" \/>\n\t<meta name=\"twitter:data2\" content=\"1 minuto\" \/>\n<script type=\"application\/ld+json\" class=\"yoast-schema-graph\">{\"@context\":\"https:\\\/\\\/schema.org\",\"@graph\":[{\"@type\":\"Article\",\"@id\":\"https:\\\/\\\/informelitoral.com.ar\\\/federacion-vivio-un-momento-de-reencuentro-con-su-historia\\\/#article\",\"isPartOf\":{\"@id\":\"https:\\\/\\\/informelitoral.com.ar\\\/federacion-vivio-un-momento-de-reencuentro-con-su-historia\\\/\"},\"author\":{\"name\":\"Sebastian\",\"@id\":\"https:\\\/\\\/informelitoral.com.ar\\\/#\\\/schema\\\/person\\\/f05f9f461677119578717524b127d6d5\"},\"headline\":\"Federaci\u00f3n vivi\u00f3 un momento de reencuentro con su historia\",\"datePublished\":\"2020-02-14T05:27:17+00:00\",\"dateModified\":\"2020-02-14T09:56:41+00:00\",\"mainEntityOfPage\":{\"@id\":\"https:\\\/\\\/informelitoral.com.ar\\\/federacion-vivio-un-momento-de-reencuentro-con-su-historia\\\/\"},\"wordCount\":226,\"commentCount\":0,\"publisher\":{\"@id\":\"https:\\\/\\\/informelitoral.com.ar\\\/#organization\"},\"image\":{\"@id\":\"https:\\\/\\\/informelitoral.com.ar\\\/federacion-vivio-un-momento-de-reencuentro-con-su-historia\\\/#primaryimage\"},\"thumbnailUrl\":\"https:\\\/\\\/informelitoral.com.ar\\\/%77%70%2d%63%6f%6e%74%65%6e%74\\\/uploads\\\/2020\\\/02\\\/0027933529.jpg\",\"keywords\":[\"Federaci\u00f3n\",\"lago Salto Grande\",\"Ricardo Bravo\",\"r\u00edo Uruguay\"],\"articleSection\":[\"Entre R\u00edos\"],\"inLanguage\":\"es\",\"potentialAction\":[{\"@type\":\"CommentAction\",\"name\":\"Comment\",\"target\":[\"https:\\\/\\\/informelitoral.com.ar\\\/federacion-vivio-un-momento-de-reencuentro-con-su-historia\\\/#respond\"]}]},{\"@type\":\"WebPage\",\"@id\":\"https:\\\/\\\/informelitoral.com.ar\\\/federacion-vivio-un-momento-de-reencuentro-con-su-historia\\\/\",\"url\":\"https:\\\/\\\/informelitoral.com.ar\\\/federacion-vivio-un-momento-de-reencuentro-con-su-historia\\\/\",\"name\":\"Federaci\u00f3n vivi\u00f3 un momento de reencuentro con su historia - Informe Litoral\",\"isPartOf\":{\"@id\":\"https:\\\/\\\/informelitoral.com.ar\\\/#website\"},\"primaryImageOfPage\":{\"@id\":\"https:\\\/\\\/informelitoral.com.ar\\\/federacion-vivio-un-momento-de-reencuentro-con-su-historia\\\/#primaryimage\"},\"image\":{\"@id\":\"https:\\\/\\\/informelitoral.com.ar\\\/federacion-vivio-un-momento-de-reencuentro-con-su-historia\\\/#primaryimage\"},\"thumbnailUrl\":\"https:\\\/\\\/informelitoral.com.ar\\\/%77%70%2d%63%6f%6e%74%65%6e%74\\\/uploads\\\/2020\\\/02\\\/0027933529.jpg\",\"datePublished\":\"2020-02-14T05:27:17+00:00\",\"dateModified\":\"2020-02-14T09:56:41+00:00\",\"breadcrumb\":{\"@id\":\"https:\\\/\\\/informelitoral.com.ar\\\/federacion-vivio-un-momento-de-reencuentro-con-su-historia\\\/#breadcrumb\"},\"inLanguage\":\"es\",\"potentialAction\":[{\"@type\":\"ReadAction\",\"target\":[\"https:\\\/\\\/informelitoral.com.ar\\\/federacion-vivio-un-momento-de-reencuentro-con-su-historia\\\/\"]}]},{\"@type\":\"ImageObject\",\"inLanguage\":\"es\",\"@id\":\"https:\\\/\\\/informelitoral.com.ar\\\/federacion-vivio-un-momento-de-reencuentro-con-su-historia\\\/#primaryimage\",\"url\":\"https:\\\/\\\/informelitoral.com.ar\\\/%77%70%2d%63%6f%6e%74%65%6e%74\\\/uploads\\\/2020\\\/02\\\/0027933529.jpg\",\"contentUrl\":\"https:\\\/\\\/informelitoral.com.ar\\\/%77%70%2d%63%6f%6e%74%65%6e%74\\\/uploads\\\/2020\\\/02\\\/0027933529.jpg\",\"width\":642,\"height\":361},{\"@type\":\"BreadcrumbList\",\"@id\":\"https:\\\/\\\/informelitoral.com.ar\\\/federacion-vivio-un-momento-de-reencuentro-con-su-historia\\\/#breadcrumb\",\"itemListElement\":[{\"@type\":\"ListItem\",\"position\":1,\"name\":\"Portada\",\"item\":\"https:\\\/\\\/informelitoral.com.ar\\\/\"},{\"@type\":\"ListItem\",\"position\":2,\"name\":\"Federaci\u00f3n vivi\u00f3 un momento de reencuentro con su historia\"}]},{\"@type\":\"WebSite\",\"@id\":\"https:\\\/\\\/informelitoral.com.ar\\\/#website\",\"url\":\"https:\\\/\\\/informelitoral.com.ar\\\/\",\"name\":\"Informe Litoral\",\"description\":\"&quot;Nos informamos&quot; \",\"publisher\":{\"@id\":\"https:\\\/\\\/informelitoral.com.ar\\\/#organization\"},\"potentialAction\":[{\"@type\":\"SearchAction\",\"target\":{\"@type\":\"EntryPoint\",\"urlTemplate\":\"https:\\\/\\\/informelitoral.com.ar\\\/?s={search_term_string}\"},\"query-input\":{\"@type\":\"PropertyValueSpecification\",\"valueRequired\":true,\"valueName\":\"search_term_string\"}}],\"inLanguage\":\"es\"},{\"@type\":\"Organization\",\"@id\":\"https:\\\/\\\/informelitoral.com.ar\\\/#organization\",\"name\":\"Informe Litoral\",\"url\":\"https:\\\/\\\/informelitoral.com.ar\\\/\",\"logo\":{\"@type\":\"ImageObject\",\"inLanguage\":\"es\",\"@id\":\"https:\\\/\\\/informelitoral.com.ar\\\/#\\\/schema\\\/logo\\\/image\\\/\",\"url\":\"https:\\\/\\\/informelitoral.com.ar\\\/%77%70%2d%63%6f%6e%74%65%6e%74\\\/uploads\\\/2021\\\/01\\\/circulo.png\",\"contentUrl\":\"https:\\\/\\\/informelitoral.com.ar\\\/%77%70%2d%63%6f%6e%74%65%6e%74\\\/uploads\\\/2021\\\/01\\\/circulo.png\",\"width\":723,\"height\":731,\"caption\":\"Informe Litoral\"},\"image\":{\"@id\":\"https:\\\/\\\/informelitoral.com.ar\\\/#\\\/schema\\\/logo\\\/image\\\/\"},\"sameAs\":[\"https:\\\/\\\/www.facebook.com\\\/informelitoral\\\/\",\"https:\\\/\\\/x.com\\\/InformeLitoral\",\"https:\\\/\\\/www.instagram.com\\\/informelitoral\\\/\",\"https:\\\/\\\/www.youtube.com\\\/channel\\\/UCua4Qvz8Icb6MYqhoq9xLXw\"]},{\"@type\":\"Person\",\"@id\":\"https:\\\/\\\/informelitoral.com.ar\\\/#\\\/schema\\\/person\\\/f05f9f461677119578717524b127d6d5\",\"name\":\"Sebastian\",\"image\":{\"@type\":\"ImageObject\",\"inLanguage\":\"es\",\"@id\":\"https:\\\/\\\/secure.gravatar.com\\\/avatar\\\/b71bf7481d447dfb9583c7f2798e7cc64de6efb9067b74633ed8c31059a3bd82?s=96&d=mm&r=g\",\"url\":\"https:\\\/\\\/secure.gravatar.com\\\/avatar\\\/b71bf7481d447dfb9583c7f2798e7cc64de6efb9067b74633ed8c31059a3bd82?s=96&d=mm&r=g\",\"contentUrl\":\"https:\\\/\\\/secure.gravatar.com\\\/avatar\\\/b71bf7481d447dfb9583c7f2798e7cc64de6efb9067b74633ed8c31059a3bd82?s=96&d=mm&r=g\",\"caption\":\"Sebastian\"},\"url\":\"https:\\\/\\\/informelitoral.com.ar\\\/author\\\/sebastian\\\/\"}]}<\/script>","yoast_head_json":{"title":"Federaci\u00f3n vivi\u00f3 un momento de reencuentro con su historia - Informe Litoral","robots":{"index":"index","follow":"follow","max-snippet":"max-snippet:-1","max-image-preview":"max-image-preview:large","max-video-preview":"max-video-preview:-1"},"canonical":"https:\/\/informelitoral.com.ar\/federacion-vivio-un-momento-de-reencuentro-con-su-historia\/","og_locale":"es_ES","og_type":"article","og_title":"Federaci\u00f3n vivi\u00f3 un momento de reencuentro con su historia - Informe Litoral","og_description":"Vecinos llegaron hasta el lugar donde estaba la plaza 9 de Julio, para disfrutar de un video que mostr\u00f3 c\u00f3mo era esa ciudad de 5.000 habitantes, que destruyeron para darle paso a la construcci\u00f3n de la represa de Salto Grande.","og_url":"https:\/\/informelitoral.com.ar\/federacion-vivio-un-momento-de-reencuentro-con-su-historia\/","og_site_name":"Informe Litoral","article_publisher":"https:\/\/www.facebook.com\/informelitoral\/","article_published_time":"2020-02-14T05:27:17+00:00","article_modified_time":"2020-02-14T09:56:41+00:00","og_image":[{"width":642,"height":361,"url":"https:\/\/informelitoral.com.ar\/%77%70%2d%63%6f%6e%74%65%6e%74\/uploads\/2020\/02\/0027933529.jpg","type":"image\/jpeg"}],"author":"Sebastian","twitter_card":"summary_large_image","twitter_creator":"@InformeLitoral","twitter_site":"@InformeLitoral","twitter_misc":{"Escrito por":"Sebastian","Tiempo de lectura":"1 minuto"},"schema":{"@context":"https:\/\/schema.org","@graph":[{"@type":"Article","@id":"https:\/\/informelitoral.com.ar\/federacion-vivio-un-momento-de-reencuentro-con-su-historia\/#article","isPartOf":{"@id":"https:\/\/informelitoral.com.ar\/federacion-vivio-un-momento-de-reencuentro-con-su-historia\/"},"author":{"name":"Sebastian","@id":"https:\/\/informelitoral.com.ar\/#\/schema\/person\/f05f9f461677119578717524b127d6d5"},"headline":"Federaci\u00f3n vivi\u00f3 un momento de reencuentro con su historia","datePublished":"2020-02-14T05:27:17+00:00","dateModified":"2020-02-14T09:56:41+00:00","mainEntityOfPage":{"@id":"https:\/\/informelitoral.com.ar\/federacion-vivio-un-momento-de-reencuentro-con-su-historia\/"},"wordCount":226,"commentCount":0,"publisher":{"@id":"https:\/\/informelitoral.com.ar\/#organization"},"image":{"@id":"https:\/\/informelitoral.com.ar\/federacion-vivio-un-momento-de-reencuentro-con-su-historia\/#primaryimage"},"thumbnailUrl":"https:\/\/informelitoral.com.ar\/%77%70%2d%63%6f%6e%74%65%6e%74\/uploads\/2020\/02\/0027933529.jpg","keywords":["Federaci\u00f3n","lago Salto Grande","Ricardo Bravo","r\u00edo Uruguay"],"articleSection":["Entre R\u00edos"],"inLanguage":"es","potentialAction":[{"@type":"CommentAction","name":"Comment","target":["https:\/\/informelitoral.com.ar\/federacion-vivio-un-momento-de-reencuentro-con-su-historia\/#respond"]}]},{"@type":"WebPage","@id":"https:\/\/informelitoral.com.ar\/federacion-vivio-un-momento-de-reencuentro-con-su-historia\/","url":"https:\/\/informelitoral.com.ar\/federacion-vivio-un-momento-de-reencuentro-con-su-historia\/","name":"Federaci\u00f3n vivi\u00f3 un momento de reencuentro con su historia - Informe Litoral","isPartOf":{"@id":"https:\/\/informelitoral.com.ar\/#website"},"primaryImageOfPage":{"@id":"https:\/\/informelitoral.com.ar\/federacion-vivio-un-momento-de-reencuentro-con-su-historia\/#primaryimage"},"image":{"@id":"https:\/\/informelitoral.com.ar\/federacion-vivio-un-momento-de-reencuentro-con-su-historia\/#primaryimage"},"thumbnailUrl":"https:\/\/informelitoral.com.ar\/%77%70%2d%63%6f%6e%74%65%6e%74\/uploads\/2020\/02\/0027933529.jpg","datePublished":"2020-02-14T05:27:17+00:00","dateModified":"2020-02-14T09:56:41+00:00","breadcrumb":{"@id":"https:\/\/informelitoral.com.ar\/federacion-vivio-un-momento-de-reencuentro-con-su-historia\/#breadcrumb"},"inLanguage":"es","potentialAction":[{"@type":"ReadAction","target":["https:\/\/informelitoral.com.ar\/federacion-vivio-un-momento-de-reencuentro-con-su-historia\/"]}]},{"@type":"ImageObject","inLanguage":"es","@id":"https:\/\/informelitoral.com.ar\/federacion-vivio-un-momento-de-reencuentro-con-su-historia\/#primaryimage","url":"https:\/\/informelitoral.com.ar\/%77%70%2d%63%6f%6e%74%65%6e%74\/uploads\/2020\/02\/0027933529.jpg","contentUrl":"https:\/\/informelitoral.com.ar\/%77%70%2d%63%6f%6e%74%65%6e%74\/uploads\/2020\/02\/0027933529.jpg","width":642,"height":361},{"@type":"BreadcrumbList","@id":"https:\/\/informelitoral.com.ar\/federacion-vivio-un-momento-de-reencuentro-con-su-historia\/#breadcrumb","itemListElement":[{"@type":"ListItem","position":1,"name":"Portada","item":"https:\/\/informelitoral.com.ar\/"},{"@type":"ListItem","position":2,"name":"Federaci\u00f3n vivi\u00f3 un momento de reencuentro con su historia"}]},{"@type":"WebSite","@id":"https:\/\/informelitoral.com.ar\/#website","url":"https:\/\/informelitoral.com.ar\/","name":"Informe Litoral","description":"&quot;Nos informamos&quot; ","publisher":{"@id":"https:\/\/informelitoral.com.ar\/#organization"},"potentialAction":[{"@type":"SearchAction","target":{"@type":"EntryPoint","urlTemplate":"https:\/\/informelitoral.com.ar\/?s={search_term_string}"},"query-input":{"@type":"PropertyValueSpecification","valueRequired":true,"valueName":"search_term_string"}}],"inLanguage":"es"},{"@type":"Organization","@id":"https:\/\/informelitoral.com.ar\/#organization","name":"Informe Litoral","url":"https:\/\/informelitoral.com.ar\/","logo":{"@type":"ImageObject","inLanguage":"es","@id":"https:\/\/informelitoral.com.ar\/#\/schema\/logo\/image\/","url":"https:\/\/informelitoral.com.ar\/%77%70%2d%63%6f%6e%74%65%6e%74\/uploads\/2021\/01\/circulo.png","contentUrl":"https:\/\/informelitoral.com.ar\/%77%70%2d%63%6f%6e%74%65%6e%74\/uploads\/2021\/01\/circulo.png","width":723,"height":731,"caption":"Informe Litoral"},"image":{"@id":"https:\/\/informelitoral.com.ar\/#\/schema\/logo\/image\/"},"sameAs":["https:\/\/www.facebook.com\/informelitoral\/","https:\/\/x.com\/InformeLitoral","https:\/\/www.instagram.com\/informelitoral\/","https:\/\/www.youtube.com\/channel\/UCua4Qvz8Icb6MYqhoq9xLXw"]},{"@type":"Person","@id":"https:\/\/informelitoral.com.ar\/#\/schema\/person\/f05f9f461677119578717524b127d6d5","name":"Sebastian","image":{"@type":"ImageObject","inLanguage":"es","@id":"https:\/\/secure.gravatar.com\/avatar\/b71bf7481d447dfb9583c7f2798e7cc64de6efb9067b74633ed8c31059a3bd82?s=96&d=mm&r=g","url":"https:\/\/secure.gravatar.com\/avatar\/b71bf7481d447dfb9583c7f2798e7cc64de6efb9067b74633ed8c31059a3bd82?s=96&d=mm&r=g","contentUrl":"https:\/\/secure.gravatar.com\/avatar\/b71bf7481d447dfb9583c7f2798e7cc64de6efb9067b74633ed8c31059a3bd82?s=96&d=mm&r=g","caption":"Sebastian"},"url":"https:\/\/informelitoral.com.ar\/author\/sebastian\/"}]}},"_links":{"self":[{"href":"https:\/\/informelitoral.com.ar\/%77%70%2d%6a%73%6f%6e\/wp\/v2\/posts\/40100","targetHints":{"allow":["GET"]}}],"collection":[{"href":"https:\/\/informelitoral.com.ar\/%77%70%2d%6a%73%6f%6e\/wp\/v2\/posts"}],"about":[{"href":"https:\/\/informelitoral.com.ar\/%77%70%2d%6a%73%6f%6e\/wp\/v2\/types\/post"}],"author":[{"embeddable":true,"href":"https:\/\/informelitoral.com.ar\/%77%70%2d%6a%73%6f%6e\/wp\/v2\/users\/8"}],"replies":[{"embeddable":true,"href":"https:\/\/informelitoral.com.ar\/%77%70%2d%6a%73%6f%6e\/wp\/v2\/comments?post=40100"}],"version-history":[{"count":0,"href":"https:\/\/informelitoral.com.ar\/%77%70%2d%6a%73%6f%6e\/wp\/v2\/posts\/40100\/revisions"}],"wp:featuredmedia":[{"embeddable":true,"href":"https:\/\/informelitoral.com.ar\/%77%70%2d%6a%73%6f%6e\/wp\/v2\/media\/40101"}],"wp:attachment":[{"href":"https:\/\/informelitoral.com.ar\/%77%70%2d%6a%73%6f%6e\/wp\/v2\/media?parent=40100"}],"wp:term":[{"taxonomy":"category","embeddable":true,"href":"https:\/\/informelitoral.com.ar\/%77%70%2d%6a%73%6f%6e\/wp\/v2\/categories?post=40100"},{"taxonomy":"post_tag","embeddable":true,"href":"https:\/\/informelitoral.com.ar\/%77%70%2d%6a%73%6f%6e\/wp\/v2\/tags?post=40100"}],"curies":[{"name":"wp","href":"https:\/\/api.w.org\/{rel}","templated":true}]}}