{"id":40022,"date":"2020-02-11T11:55:54","date_gmt":"2020-02-11T14:55:54","guid":{"rendered":"https:\/\/www.isletasnoticias.com.ar\/?p=40022"},"modified":"2020-02-11T11:55:54","modified_gmt":"2020-02-11T14:55:54","slug":"la-tarjeta-alimentar-se-distribuira-en-todo-el-territorio-entrerriano","status":"publish","type":"post","link":"https:\/\/informelitoral.com.ar\/la-tarjeta-alimentar-se-distribuira-en-todo-el-territorio-entrerriano\/","title":{"rendered":"La Tarjeta Alimentar se distribuir\u00e1 en todo el territorio entrerriano"},"content":{"rendered":"<p>En el Centro Provincial de Convenciones de Paran\u00e1, se firm\u00f3 este lunes el convenio por el cual en <strong>143 municipios y juntas de gobierno de Entre R\u00edos se entregar\u00e1n a partir del 17 de febrero, las tarjetas Alimentar<\/strong> <strong>a madres o padres con hijos e hijas de hasta 6 a\u00f1os que reciben la Asignaci\u00f3n Universal por Hijo (AUH), a embarazadas a partir de los tres meses que cobran la Asignaci\u00f3n por Embarazo y a personas con discapacidad que reciben la AUH.<\/strong><\/p>\n<p>All\u00ed estuvieron presentes la vicegobernadora <strong>Laura Stratta<\/strong>; el intendente de Paran\u00e1, <strong>Ad\u00e1n Bahl;<\/strong> el titular de la Comisi\u00f3n Nacional de Microcr\u00e9dito,<strong> Alberto Gandulfo,<\/strong> y los ministros de Desarrollo Social, <strong>Marisa Paira<\/strong>; de Salud, <strong>Sonia Vel\u00e1zquez<\/strong>; de Gobierno, <strong>Rosario Romero<\/strong>; de Producci\u00f3n, <strong>Juan Jos\u00e9 Bahillo<\/strong>; y de Planeamiento,<strong> Luis Benedetto<\/strong>; la se\u00f1ora del gobernador, <strong>Mariel \u00c1vila<\/strong>; legisladores nacionales y provinciales, funcionarios de esas carteras y del Consejo General de Educaci\u00f3n (CGE), intendentes y presidentes de juntas de gobierno de la provincia.<\/p>\n<p>En la ceremonia, el ministro Arroyo coment\u00f3 que a partir del lunes 17 se pondr\u00e1 en marcha la tarjeta Alimentar. \u201cEs muy importante lo que estamos haciendo y quiero agradecerle al gobernador todo el esfuerzo y la tarea que viene llevando adelante la provincia\u201d, dijo el funcionario nacional y destac\u00f3 que \u201chemos trabajado mucho con el gobernador, con la vicegobernadora y con la ministra de Desarrollo Social\u201d en la implementaci\u00f3n de esa \u201ctarjeta del Banco Naci\u00f3n que no permite extraer dinero del cajero y s\u00ed comprar los alimentos que desea la familia\u201d.<\/p>\n<p>Luego coment\u00f3: \u201cHacemos tres cruces: las madres que tienen chicos menores de 6 a\u00f1os, las mujeres a partir del tercer mes de embarazo y las personas con discapacidad que tienen Asignaci\u00f3n Universal por Hijo\u201d. Y agreg\u00f3: \u201cEstamos hablando de casi 85.000 ni\u00f1os en toda la provincia de Entre R\u00edos, casi 45.000 tarjetas, incluyendo Concordia, donde ya se puso en marcha en diciembre pasado. Y adem\u00e1s es un movimiento econ\u00f3mico de 230 millones de pesos el tercer viernes de cada mes\u201d.<\/p>\n<p>\u201cEs importante remarcar que se trata de la principal pol\u00edtica social que est\u00e1 llevando adelante el gobierno de Alberto Fern\u00e1ndez\u201d, afirm\u00f3 y agreg\u00f3 que \u201clo he hablado mucho con el gobernador, en un contexto de tanta restricci\u00f3n fiscal, de tantas dificultades, el Presidente ha decidido volcar los recursos del Ministerio de Desarrollo Social para la tarjeta alimentaria que tiene tres objetivos claros: uno es que todos tienen que comer y hacerlo bien. No puede haber hambre en Argentina pero tampoco puede haber mal nutrici\u00f3n. Vamos a insistir mucho, y le pedimos a los medios que nos ayuden: que deben alimentarse con leche, carne, frutas y verduras. Es clave la buena nutrici\u00f3n y es por eso que la madre antes de retirar la tarjeta hace un curso de nutrici\u00f3n que lo trabaja en conjunto la provincia y el municipio\u201d.<\/p>\n<p>\u201cLo segundo es que es un gran plan de trabajo. Lo habl\u00e1bamos tambi\u00e9n en la reuni\u00f3n con el gobernador. Es econom\u00eda popular, agricultura familiar, feria, gente que produce alimentos y puede vender y desarrollarse\u201d, sostuvo el funcionario nacional y como tercer punto indic\u00f3 que \u201ces movimiento econ\u00f3mico, puesto que cerca de 230 millones de pesos el tercer viernes de cada mes van a mover la econom\u00eda de la provincia. Creemos que estamos arrancando por donde se debe hacerlo: todos tienen que comer y empezamos a mover la econom\u00eda\u201d.<\/p>\n<p>Consultado sobre si en una segunda etapa se estar\u00eda pensando en sumar a los jubilados, respondi\u00f3 Arroyo: \u00abDividimos la pol\u00edtica alimentaria en tres partes: antes de la escuela, en la escuela y despu\u00e9s de la escuela. Ac\u00e1 estamos hablando de madres que tienen chicos menores de seis a\u00f1os previo a la escuela, sobre la base de que si un chico come bien va a aprender bien y va a tener oportunidades, mientras que si come mal se va a complicar mucho. Despu\u00e9s, cuando completemos esta etapa que ser\u00e1 en marzo en todo el pa\u00eds, -Entre R\u00edos es una de las primeras provincias donde vamos a cubrir todo- luego de eso s\u00ed vamos a avanzar con otros sectores, pero estamos arrancando por lo principal y es que no puede un ni\u00f1o tener mal nutrici\u00f3n. El partido se juega en los primeros a\u00f1os de vida de un chico y si come mal sus oportunidades se achican y si come bien va a tener buenas oportunidades.<\/p>\n<p>Con respecto a los beneficiarios, precis\u00f3: \u201cAc\u00e1 nadie tiene que anotar a nadie. Nadie tiene que inscribir a nadie, no hay ning\u00fan tipo de intermediaci\u00f3n. Cruzamos la base de datos del Anses\u201d.<\/p>\n<p>P\u00e1rrafo seguido, se\u00f1al\u00f3 que \u201ces importante remarcar que no se usan los fondos de los jubilados, sino del Ministerio de Desarrollo Social. Se cruza la base de datos del Anses. Ese organismo informa por un mensaje de texto qu\u00e9 d\u00eda y hora tiene la madre que retirar la tarjeta. Y previo a eso hacen un curso de nutrici\u00f3n, donde hemos trabajo mucho el gobierno de la provincia, la Naci\u00f3n y los municipios\u201d.<\/p>\n<p>Mencion\u00f3 luego que los alimentos se pueden adquirir en aquellos comercios que tengan Posnet y que \u00e9stos no deben habilitar nada. \u201cEs una tarjeta com\u00fan del Banco Naci\u00f3n, s\u00f3lo que no permite extraer dinero del cajero, s\u00ed comprar los alimentos que quieren y como quiere la madre. Al retirarlo firma directamente como cualquier retiro de tarjeta que tiene un pin con cuatro d\u00edgitos\u201d.<\/p>\n<p><b>Compromiso claro del Presidente<\/b><\/p>\n<p>A su turno, Bordet dijo que el hecho de que Entre R\u00edos fuera elegida entre las primeras para implementarse \u201chabla claramente del compromiso que ha tenido el Presidente Alberto Fern\u00e1ndez para con nuestra provincia, pero tambi\u00e9n la visi\u00f3n que comentaba el ministro de asignar prioridades y la alimentaci\u00f3n es clave en un momento de crisis\u201d.<\/p>\n<p>\u201cLe agradezco especialmente al ministro Daniel Arroyo, estar nuevamente en nuestra provincia. Ha estado en Concordia en el comienzo de gesti\u00f3n, ya con el lanzamiento de la tarjeta. El resultado de haberlo hecho de esta manera ha sido formidable. He podido constatarlo y hay fehacientes estudios de que ha sido muy bien utilizada la tarjeta y muchas familias se han visto beneficiadas y, tal como lo comentaba reci\u00e9n el ministro, esto genera un circuito de desarrollo en cada una de las localidades donde se va a llegar con la firma de este convenio que son m\u00e1s de 140 municipios en Entre R\u00edos que van a poder tener esta modalidad\u201d.<\/p>\n<p>Tras ello, Bordet afirm\u00f3 que la medida \u201cse inscribe dentro de pol\u00edticas sociales, universales, que es algo que tambi\u00e9n ven\u00edamos conversando desde hace mucho tiempo para poder implementar. Es la modalidad que tenemos justamente en Entre R\u00edos de trabajar con mucha responsabilidad, lo hicimos as\u00ed cuando Laura (Stratta) estuvo de ministra y ahora con Marisa (Paira), para poder llegar al universo m\u00e1s amplio de la poblaci\u00f3n vulnerable; y en esto hay un fuerte compromiso de trabajar con el gobierno nacional como lo venimos realizando y tambi\u00e9n con los gobiernos municipales. Hoy est\u00e1n aqu\u00ed los intendentes que van a suscribir los contratos, no s\u00f3lo de municipios sino tambi\u00e9n de comunas y algunas juntas de gobierno y son tambi\u00e9n los grandes articuladores para el control, para evitar abusos\u201d.<\/p>\n<p>M\u00e1s adelante, se\u00f1al\u00f3 que \u201ces importante el poder de polic\u00eda que siempre tiene en estos casos el municipio para que pueda actuar r\u00e1pidamente y corregir cualquier anomal\u00eda que se pueda presentar\u201d y que se trabajar\u00e1 para conseguir descuentos en comercios.<\/p>\n<p>\u201cNuevamente el agradecimiento al ministro y al Presidente tambi\u00e9n por esta decisi\u00f3n de encarar pol\u00edticas alimentarias de esta manera\u201d, concluy\u00f3 el gobernador Bordet.<\/p>\n<p>A su turno, la ministra de Desarrollo Social, Marisa Paira, afirm\u00f3 que \u201cel esp\u00edritu del Plan Argentina contra el Hambre es convocarnos a todos como sociedad y comunidad para lograr que los ciudadanos accedan a una canasta b\u00e1sica alimentaria\u201d.<\/p>\n<p>Y en ese sentido, agreg\u00f3: \u201cEstamos todos convocados a poder pensar c\u00f3mo acompa\u00f1amos desde los diferentes lugares esta estrategia dise\u00f1ada en clave de derechos. Por este motivo, en la provincia trabajamos en una Mesa Interministerial para la implementaci\u00f3n de esta pol\u00edtica de Estado\u201d.<\/p>\n<p><b>Reuni\u00f3n de trabajo<\/b><\/p>\n<p>Con posterioridad al acto, Arroyo junto a las ministras de Desarrollo Social, Marisa Paira, y de Salud, Sonia Velazquez; el ministro de Producci\u00f3n, Juan Jos\u00e9 Bahillo; y el presidente del Consejo General de Educaci\u00f3n (CGE), Mart\u00edn M\u00fcller, abrieron una reuni\u00f3n de trabajo con los intendentes y presidentes de juntas de gobierno, y los responsables de \u00e1reas sociales.<\/p>\n<p>Luego, el di\u00e1logo continu\u00f3 con los equipos t\u00e9cnicos de las carteras provinciales y nacionales, y representantes del Banco Naci\u00f3n.<br \/>\nEl objetivo del encuentro fue avanzar en la coordinaci\u00f3n de los operativos de entrega de la Tarjeta Alimentar que comenzar\u00e1n el 17 de febrero en todo el territorio entrerriano. De esta forma, dialogaron sobre aspectos a considerar a la hora del montaje de cada dispositivo, y los recursos necesarios para su funcionamiento.<\/p>\n","protected":false},"excerpt":{"rendered":"<p>El gobernador Gustavo Bordet firm\u00f3 con el ministro de Desarrollo Social de la Naci\u00f3n, Daniel Arroyo, el convenio para implementar el Plan Argentina contra el Hambre. \u201cLa alimentaci\u00f3n es clave en un momento de crisis\u201d, dijo y agradeci\u00f3 al Presidente Alberto Fern\u00e1ndez por el apoyo a Entre R\u00edos.<\/p>\n","protected":false},"author":2,"featured_media":40023,"comment_status":"open","ping_status":"open","sticky":false,"template":"","format":"standard","meta":{"fifu_image_url":"","fifu_image_alt":"","footnotes":""},"categories":[6],"tags":[],"class_list":{"0":"post-40022","1":"post","2":"type-post","3":"status-publish","4":"format-standard","5":"has-post-thumbnail","7":"category-entre-rios"},"yoast_head":"<title>La Tarjeta Alimentar se distribuir\u00e1 en todo el territorio entrerriano - Informe Litoral<\/title>\n<meta name=\"robots\" content=\"index, follow, max-snippet:-1, max-image-preview:large, max-video-preview:-1\" \/>\n<link rel=\"canonical\" href=\"https:\/\/informelitoral.com.ar\/la-tarjeta-alimentar-se-distribuira-en-todo-el-territorio-entrerriano\/\" \/>\n<meta property=\"og:locale\" content=\"es_ES\" \/>\n<meta property=\"og:type\" content=\"article\" \/>\n<meta property=\"og:title\" content=\"La Tarjeta Alimentar se distribuir\u00e1 en todo el territorio entrerriano - Informe Litoral\" \/>\n<meta property=\"og:description\" content=\"El gobernador Gustavo Bordet firm\u00f3 con el ministro de Desarrollo Social de la Naci\u00f3n, Daniel Arroyo, el convenio para implementar el Plan Argentina contra el Hambre. \u201cLa alimentaci\u00f3n es clave en un momento de crisis\u201d, dijo y agradeci\u00f3 al Presidente Alberto Fern\u00e1ndez por el apoyo a Entre R\u00edos.\" \/>\n<meta property=\"og:url\" content=\"https:\/\/informelitoral.com.ar\/la-tarjeta-alimentar-se-distribuira-en-todo-el-territorio-entrerriano\/\" \/>\n<meta property=\"og:site_name\" content=\"Informe Litoral\" \/>\n<meta property=\"article:publisher\" content=\"https:\/\/www.facebook.com\/informelitoral\/\" \/>\n<meta property=\"article:published_time\" content=\"2020-02-11T14:55:54+00:00\" \/>\n<meta property=\"og:image\" content=\"https:\/\/informelitoral.com.ar\/%77%70%2d%63%6f%6e%74%65%6e%74\/uploads\/2020\/02\/1581371637jpg.jpg\" \/>\n\t<meta property=\"og:image:width\" content=\"1920\" \/>\n\t<meta property=\"og:image:height\" content=\"1280\" \/>\n\t<meta property=\"og:image:type\" content=\"image\/jpeg\" \/>\n<meta name=\"author\" content=\"Gonzalo Schmidt\" \/>\n<meta name=\"twitter:card\" content=\"summary_large_image\" \/>\n<meta name=\"twitter:creator\" content=\"@InformeLitoral\" \/>\n<meta name=\"twitter:site\" content=\"@InformeLitoral\" \/>\n<meta name=\"twitter:label1\" content=\"Escrito por\" \/>\n\t<meta name=\"twitter:data1\" content=\"Gonzalo Schmidt\" \/>\n\t<meta name=\"twitter:label2\" content=\"Tiempo de lectura\" \/>\n\t<meta name=\"twitter:data2\" content=\"8 minutos\" \/>\n<script type=\"application\/ld+json\" class=\"yoast-schema-graph\">{\"@context\":\"https:\\\/\\\/schema.org\",\"@graph\":[{\"@type\":\"Article\",\"@id\":\"https:\\\/\\\/informelitoral.com.ar\\\/la-tarjeta-alimentar-se-distribuira-en-todo-el-territorio-entrerriano\\\/#article\",\"isPartOf\":{\"@id\":\"https:\\\/\\\/informelitoral.com.ar\\\/la-tarjeta-alimentar-se-distribuira-en-todo-el-territorio-entrerriano\\\/\"},\"author\":{\"name\":\"Gonzalo Schmidt\",\"@id\":\"https:\\\/\\\/informelitoral.com.ar\\\/#\\\/schema\\\/person\\\/b9d00407c836482871ef1d57bf8e3180\"},\"headline\":\"La Tarjeta Alimentar se distribuir\u00e1 en todo el territorio entrerriano\",\"datePublished\":\"2020-02-11T14:55:54+00:00\",\"mainEntityOfPage\":{\"@id\":\"https:\\\/\\\/informelitoral.com.ar\\\/la-tarjeta-alimentar-se-distribuira-en-todo-el-territorio-entrerriano\\\/\"},\"wordCount\":1558,\"commentCount\":0,\"publisher\":{\"@id\":\"https:\\\/\\\/informelitoral.com.ar\\\/#organization\"},\"image\":{\"@id\":\"https:\\\/\\\/informelitoral.com.ar\\\/la-tarjeta-alimentar-se-distribuira-en-todo-el-territorio-entrerriano\\\/#primaryimage\"},\"thumbnailUrl\":\"https:\\\/\\\/informelitoral.com.ar\\\/%77%70%2d%63%6f%6e%74%65%6e%74\\\/uploads\\\/2020\\\/02\\\/1581371637jpg.jpg\",\"articleSection\":[\"Entre R\u00edos\"],\"inLanguage\":\"es\",\"potentialAction\":[{\"@type\":\"CommentAction\",\"name\":\"Comment\",\"target\":[\"https:\\\/\\\/informelitoral.com.ar\\\/la-tarjeta-alimentar-se-distribuira-en-todo-el-territorio-entrerriano\\\/#respond\"]}]},{\"@type\":\"WebPage\",\"@id\":\"https:\\\/\\\/informelitoral.com.ar\\\/la-tarjeta-alimentar-se-distribuira-en-todo-el-territorio-entrerriano\\\/\",\"url\":\"https:\\\/\\\/informelitoral.com.ar\\\/la-tarjeta-alimentar-se-distribuira-en-todo-el-territorio-entrerriano\\\/\",\"name\":\"La Tarjeta Alimentar se distribuir\u00e1 en todo el territorio entrerriano - Informe Litoral\",\"isPartOf\":{\"@id\":\"https:\\\/\\\/informelitoral.com.ar\\\/#website\"},\"primaryImageOfPage\":{\"@id\":\"https:\\\/\\\/informelitoral.com.ar\\\/la-tarjeta-alimentar-se-distribuira-en-todo-el-territorio-entrerriano\\\/#primaryimage\"},\"image\":{\"@id\":\"https:\\\/\\\/informelitoral.com.ar\\\/la-tarjeta-alimentar-se-distribuira-en-todo-el-territorio-entrerriano\\\/#primaryimage\"},\"thumbnailUrl\":\"https:\\\/\\\/informelitoral.com.ar\\\/%77%70%2d%63%6f%6e%74%65%6e%74\\\/uploads\\\/2020\\\/02\\\/1581371637jpg.jpg\",\"datePublished\":\"2020-02-11T14:55:54+00:00\",\"breadcrumb\":{\"@id\":\"https:\\\/\\\/informelitoral.com.ar\\\/la-tarjeta-alimentar-se-distribuira-en-todo-el-territorio-entrerriano\\\/#breadcrumb\"},\"inLanguage\":\"es\",\"potentialAction\":[{\"@type\":\"ReadAction\",\"target\":[\"https:\\\/\\\/informelitoral.com.ar\\\/la-tarjeta-alimentar-se-distribuira-en-todo-el-territorio-entrerriano\\\/\"]}]},{\"@type\":\"ImageObject\",\"inLanguage\":\"es\",\"@id\":\"https:\\\/\\\/informelitoral.com.ar\\\/la-tarjeta-alimentar-se-distribuira-en-todo-el-territorio-entrerriano\\\/#primaryimage\",\"url\":\"https:\\\/\\\/informelitoral.com.ar\\\/%77%70%2d%63%6f%6e%74%65%6e%74\\\/uploads\\\/2020\\\/02\\\/1581371637jpg.jpg\",\"contentUrl\":\"https:\\\/\\\/informelitoral.com.ar\\\/%77%70%2d%63%6f%6e%74%65%6e%74\\\/uploads\\\/2020\\\/02\\\/1581371637jpg.jpg\",\"width\":1920,\"height\":1280},{\"@type\":\"BreadcrumbList\",\"@id\":\"https:\\\/\\\/informelitoral.com.ar\\\/la-tarjeta-alimentar-se-distribuira-en-todo-el-territorio-entrerriano\\\/#breadcrumb\",\"itemListElement\":[{\"@type\":\"ListItem\",\"position\":1,\"name\":\"Portada\",\"item\":\"https:\\\/\\\/informelitoral.com.ar\\\/\"},{\"@type\":\"ListItem\",\"position\":2,\"name\":\"La Tarjeta Alimentar se distribuir\u00e1 en todo el territorio entrerriano\"}]},{\"@type\":\"WebSite\",\"@id\":\"https:\\\/\\\/informelitoral.com.ar\\\/#website\",\"url\":\"https:\\\/\\\/informelitoral.com.ar\\\/\",\"name\":\"Informe Litoral\",\"description\":\"&quot;Nos informamos&quot; \",\"publisher\":{\"@id\":\"https:\\\/\\\/informelitoral.com.ar\\\/#organization\"},\"potentialAction\":[{\"@type\":\"SearchAction\",\"target\":{\"@type\":\"EntryPoint\",\"urlTemplate\":\"https:\\\/\\\/informelitoral.com.ar\\\/?s={search_term_string}\"},\"query-input\":{\"@type\":\"PropertyValueSpecification\",\"valueRequired\":true,\"valueName\":\"search_term_string\"}}],\"inLanguage\":\"es\"},{\"@type\":\"Organization\",\"@id\":\"https:\\\/\\\/informelitoral.com.ar\\\/#organization\",\"name\":\"Informe Litoral\",\"url\":\"https:\\\/\\\/informelitoral.com.ar\\\/\",\"logo\":{\"@type\":\"ImageObject\",\"inLanguage\":\"es\",\"@id\":\"https:\\\/\\\/informelitoral.com.ar\\\/#\\\/schema\\\/logo\\\/image\\\/\",\"url\":\"https:\\\/\\\/informelitoral.com.ar\\\/%77%70%2d%63%6f%6e%74%65%6e%74\\\/uploads\\\/2021\\\/01\\\/circulo.png\",\"contentUrl\":\"https:\\\/\\\/informelitoral.com.ar\\\/%77%70%2d%63%6f%6e%74%65%6e%74\\\/uploads\\\/2021\\\/01\\\/circulo.png\",\"width\":723,\"height\":731,\"caption\":\"Informe Litoral\"},\"image\":{\"@id\":\"https:\\\/\\\/informelitoral.com.ar\\\/#\\\/schema\\\/logo\\\/image\\\/\"},\"sameAs\":[\"https:\\\/\\\/www.facebook.com\\\/informelitoral\\\/\",\"https:\\\/\\\/x.com\\\/InformeLitoral\",\"https:\\\/\\\/www.instagram.com\\\/informelitoral\\\/\",\"https:\\\/\\\/www.youtube.com\\\/channel\\\/UCua4Qvz8Icb6MYqhoq9xLXw\"]},{\"@type\":\"Person\",\"@id\":\"https:\\\/\\\/informelitoral.com.ar\\\/#\\\/schema\\\/person\\\/b9d00407c836482871ef1d57bf8e3180\",\"name\":\"Gonzalo Schmidt\",\"image\":{\"@type\":\"ImageObject\",\"inLanguage\":\"es\",\"@id\":\"https:\\\/\\\/secure.gravatar.com\\\/avatar\\\/31a1a7b66ff2de83bd0e9fd79d026630d2d99e55e8bfe501287647b4fd9743de?s=96&d=mm&r=g\",\"url\":\"https:\\\/\\\/secure.gravatar.com\\\/avatar\\\/31a1a7b66ff2de83bd0e9fd79d026630d2d99e55e8bfe501287647b4fd9743de?s=96&d=mm&r=g\",\"contentUrl\":\"https:\\\/\\\/secure.gravatar.com\\\/avatar\\\/31a1a7b66ff2de83bd0e9fd79d026630d2d99e55e8bfe501287647b4fd9743de?s=96&d=mm&r=g\",\"caption\":\"Gonzalo Schmidt\"},\"description\":\"Sitio web de noticias de la provincia de Entre R\u00edos, Argentina. Informaci\u00f3n y entretenimiento. Informe Litoral, nos informamos.\",\"sameAs\":[\"http:\\\/\\\/www.isletasnoticias.com.ar\"],\"url\":\"https:\\\/\\\/informelitoral.com.ar\\\/author\\\/gonzalo\\\/\"}]}<\/script>","yoast_head_json":{"title":"La Tarjeta Alimentar se distribuir\u00e1 en todo el territorio entrerriano - Informe Litoral","robots":{"index":"index","follow":"follow","max-snippet":"max-snippet:-1","max-image-preview":"max-image-preview:large","max-video-preview":"max-video-preview:-1"},"canonical":"https:\/\/informelitoral.com.ar\/la-tarjeta-alimentar-se-distribuira-en-todo-el-territorio-entrerriano\/","og_locale":"es_ES","og_type":"article","og_title":"La Tarjeta Alimentar se distribuir\u00e1 en todo el territorio entrerriano - Informe Litoral","og_description":"El gobernador Gustavo Bordet firm\u00f3 con el ministro de Desarrollo Social de la Naci\u00f3n, Daniel Arroyo, el convenio para implementar el Plan Argentina contra el Hambre. \u201cLa alimentaci\u00f3n es clave en un momento de crisis\u201d, dijo y agradeci\u00f3 al Presidente Alberto Fern\u00e1ndez por el apoyo a Entre R\u00edos.","og_url":"https:\/\/informelitoral.com.ar\/la-tarjeta-alimentar-se-distribuira-en-todo-el-territorio-entrerriano\/","og_site_name":"Informe Litoral","article_publisher":"https:\/\/www.facebook.com\/informelitoral\/","article_published_time":"2020-02-11T14:55:54+00:00","og_image":[{"width":1920,"height":1280,"url":"https:\/\/informelitoral.com.ar\/%77%70%2d%63%6f%6e%74%65%6e%74\/uploads\/2020\/02\/1581371637jpg.jpg","type":"image\/jpeg"}],"author":"Gonzalo Schmidt","twitter_card":"summary_large_image","twitter_creator":"@InformeLitoral","twitter_site":"@InformeLitoral","twitter_misc":{"Escrito por":"Gonzalo Schmidt","Tiempo de lectura":"8 minutos"},"schema":{"@context":"https:\/\/schema.org","@graph":[{"@type":"Article","@id":"https:\/\/informelitoral.com.ar\/la-tarjeta-alimentar-se-distribuira-en-todo-el-territorio-entrerriano\/#article","isPartOf":{"@id":"https:\/\/informelitoral.com.ar\/la-tarjeta-alimentar-se-distribuira-en-todo-el-territorio-entrerriano\/"},"author":{"name":"Gonzalo Schmidt","@id":"https:\/\/informelitoral.com.ar\/#\/schema\/person\/b9d00407c836482871ef1d57bf8e3180"},"headline":"La Tarjeta Alimentar se distribuir\u00e1 en todo el territorio entrerriano","datePublished":"2020-02-11T14:55:54+00:00","mainEntityOfPage":{"@id":"https:\/\/informelitoral.com.ar\/la-tarjeta-alimentar-se-distribuira-en-todo-el-territorio-entrerriano\/"},"wordCount":1558,"commentCount":0,"publisher":{"@id":"https:\/\/informelitoral.com.ar\/#organization"},"image":{"@id":"https:\/\/informelitoral.com.ar\/la-tarjeta-alimentar-se-distribuira-en-todo-el-territorio-entrerriano\/#primaryimage"},"thumbnailUrl":"https:\/\/informelitoral.com.ar\/%77%70%2d%63%6f%6e%74%65%6e%74\/uploads\/2020\/02\/1581371637jpg.jpg","articleSection":["Entre R\u00edos"],"inLanguage":"es","potentialAction":[{"@type":"CommentAction","name":"Comment","target":["https:\/\/informelitoral.com.ar\/la-tarjeta-alimentar-se-distribuira-en-todo-el-territorio-entrerriano\/#respond"]}]},{"@type":"WebPage","@id":"https:\/\/informelitoral.com.ar\/la-tarjeta-alimentar-se-distribuira-en-todo-el-territorio-entrerriano\/","url":"https:\/\/informelitoral.com.ar\/la-tarjeta-alimentar-se-distribuira-en-todo-el-territorio-entrerriano\/","name":"La Tarjeta Alimentar se distribuir\u00e1 en todo el territorio entrerriano - Informe Litoral","isPartOf":{"@id":"https:\/\/informelitoral.com.ar\/#website"},"primaryImageOfPage":{"@id":"https:\/\/informelitoral.com.ar\/la-tarjeta-alimentar-se-distribuira-en-todo-el-territorio-entrerriano\/#primaryimage"},"image":{"@id":"https:\/\/informelitoral.com.ar\/la-tarjeta-alimentar-se-distribuira-en-todo-el-territorio-entrerriano\/#primaryimage"},"thumbnailUrl":"https:\/\/informelitoral.com.ar\/%77%70%2d%63%6f%6e%74%65%6e%74\/uploads\/2020\/02\/1581371637jpg.jpg","datePublished":"2020-02-11T14:55:54+00:00","breadcrumb":{"@id":"https:\/\/informelitoral.com.ar\/la-tarjeta-alimentar-se-distribuira-en-todo-el-territorio-entrerriano\/#breadcrumb"},"inLanguage":"es","potentialAction":[{"@type":"ReadAction","target":["https:\/\/informelitoral.com.ar\/la-tarjeta-alimentar-se-distribuira-en-todo-el-territorio-entrerriano\/"]}]},{"@type":"ImageObject","inLanguage":"es","@id":"https:\/\/informelitoral.com.ar\/la-tarjeta-alimentar-se-distribuira-en-todo-el-territorio-entrerriano\/#primaryimage","url":"https:\/\/informelitoral.com.ar\/%77%70%2d%63%6f%6e%74%65%6e%74\/uploads\/2020\/02\/1581371637jpg.jpg","contentUrl":"https:\/\/informelitoral.com.ar\/%77%70%2d%63%6f%6e%74%65%6e%74\/uploads\/2020\/02\/1581371637jpg.jpg","width":1920,"height":1280},{"@type":"BreadcrumbList","@id":"https:\/\/informelitoral.com.ar\/la-tarjeta-alimentar-se-distribuira-en-todo-el-territorio-entrerriano\/#breadcrumb","itemListElement":[{"@type":"ListItem","position":1,"name":"Portada","item":"https:\/\/informelitoral.com.ar\/"},{"@type":"ListItem","position":2,"name":"La Tarjeta Alimentar se distribuir\u00e1 en todo el territorio entrerriano"}]},{"@type":"WebSite","@id":"https:\/\/informelitoral.com.ar\/#website","url":"https:\/\/informelitoral.com.ar\/","name":"Informe Litoral","description":"&quot;Nos informamos&quot; ","publisher":{"@id":"https:\/\/informelitoral.com.ar\/#organization"},"potentialAction":[{"@type":"SearchAction","target":{"@type":"EntryPoint","urlTemplate":"https:\/\/informelitoral.com.ar\/?s={search_term_string}"},"query-input":{"@type":"PropertyValueSpecification","valueRequired":true,"valueName":"search_term_string"}}],"inLanguage":"es"},{"@type":"Organization","@id":"https:\/\/informelitoral.com.ar\/#organization","name":"Informe Litoral","url":"https:\/\/informelitoral.com.ar\/","logo":{"@type":"ImageObject","inLanguage":"es","@id":"https:\/\/informelitoral.com.ar\/#\/schema\/logo\/image\/","url":"https:\/\/informelitoral.com.ar\/%77%70%2d%63%6f%6e%74%65%6e%74\/uploads\/2021\/01\/circulo.png","contentUrl":"https:\/\/informelitoral.com.ar\/%77%70%2d%63%6f%6e%74%65%6e%74\/uploads\/2021\/01\/circulo.png","width":723,"height":731,"caption":"Informe Litoral"},"image":{"@id":"https:\/\/informelitoral.com.ar\/#\/schema\/logo\/image\/"},"sameAs":["https:\/\/www.facebook.com\/informelitoral\/","https:\/\/x.com\/InformeLitoral","https:\/\/www.instagram.com\/informelitoral\/","https:\/\/www.youtube.com\/channel\/UCua4Qvz8Icb6MYqhoq9xLXw"]},{"@type":"Person","@id":"https:\/\/informelitoral.com.ar\/#\/schema\/person\/b9d00407c836482871ef1d57bf8e3180","name":"Gonzalo Schmidt","image":{"@type":"ImageObject","inLanguage":"es","@id":"https:\/\/secure.gravatar.com\/avatar\/31a1a7b66ff2de83bd0e9fd79d026630d2d99e55e8bfe501287647b4fd9743de?s=96&d=mm&r=g","url":"https:\/\/secure.gravatar.com\/avatar\/31a1a7b66ff2de83bd0e9fd79d026630d2d99e55e8bfe501287647b4fd9743de?s=96&d=mm&r=g","contentUrl":"https:\/\/secure.gravatar.com\/avatar\/31a1a7b66ff2de83bd0e9fd79d026630d2d99e55e8bfe501287647b4fd9743de?s=96&d=mm&r=g","caption":"Gonzalo Schmidt"},"description":"Sitio web de noticias de la provincia de Entre R\u00edos, Argentina. Informaci\u00f3n y entretenimiento. Informe Litoral, nos informamos.","sameAs":["http:\/\/www.isletasnoticias.com.ar"],"url":"https:\/\/informelitoral.com.ar\/author\/gonzalo\/"}]}},"_links":{"self":[{"href":"https:\/\/informelitoral.com.ar\/%77%70%2d%6a%73%6f%6e\/wp\/v2\/posts\/40022","targetHints":{"allow":["GET"]}}],"collection":[{"href":"https:\/\/informelitoral.com.ar\/%77%70%2d%6a%73%6f%6e\/wp\/v2\/posts"}],"about":[{"href":"https:\/\/informelitoral.com.ar\/%77%70%2d%6a%73%6f%6e\/wp\/v2\/types\/post"}],"author":[{"embeddable":true,"href":"https:\/\/informelitoral.com.ar\/%77%70%2d%6a%73%6f%6e\/wp\/v2\/users\/2"}],"replies":[{"embeddable":true,"href":"https:\/\/informelitoral.com.ar\/%77%70%2d%6a%73%6f%6e\/wp\/v2\/comments?post=40022"}],"version-history":[{"count":0,"href":"https:\/\/informelitoral.com.ar\/%77%70%2d%6a%73%6f%6e\/wp\/v2\/posts\/40022\/revisions"}],"wp:featuredmedia":[{"embeddable":true,"href":"https:\/\/informelitoral.com.ar\/%77%70%2d%6a%73%6f%6e\/wp\/v2\/media\/40023"}],"wp:attachment":[{"href":"https:\/\/informelitoral.com.ar\/%77%70%2d%6a%73%6f%6e\/wp\/v2\/media?parent=40022"}],"wp:term":[{"taxonomy":"category","embeddable":true,"href":"https:\/\/informelitoral.com.ar\/%77%70%2d%6a%73%6f%6e\/wp\/v2\/categories?post=40022"},{"taxonomy":"post_tag","embeddable":true,"href":"https:\/\/informelitoral.com.ar\/%77%70%2d%6a%73%6f%6e\/wp\/v2\/tags?post=40022"}],"curies":[{"name":"wp","href":"https:\/\/api.w.org\/{rel}","templated":true}]}}