{"id":40015,"date":"2020-02-11T11:44:56","date_gmt":"2020-02-11T14:44:56","guid":{"rendered":"https:\/\/www.isletasnoticias.com.ar\/?p=40015"},"modified":"2020-02-11T11:44:56","modified_gmt":"2020-02-11T14:44:56","slug":"por-que-anses-ya-no-pedira-certificado-para-pagar-la-ayuda-escolar","status":"publish","type":"post","link":"https:\/\/informelitoral.com.ar\/por-que-anses-ya-no-pedira-certificado-para-pagar-la-ayuda-escolar\/","title":{"rendered":"\u00bfPor qu\u00e9 Anses ya no pedir\u00e1 certificado para pagar la Ayuda Escolar?"},"content":{"rendered":"<p>La Administraci\u00f3n Nacional de la Seguridad Social \u2013<strong>Anses<\/strong>\u2013 quit\u00f3 un requisito para cumplimentar los tr\u00e1mites para el cobro de la<strong>\u00a0asignaci\u00f3n por Ayuda Escolar Anual<\/strong>, que perciben quienes tienen hijos de entre 4 y 17 a\u00f1os de edad.<\/p>\n<p>Por medio de una resoluci\u00f3n publicada este lunes en el Bolet\u00edn Oficial, el organismo estableci\u00f3 que<strong>\u00a0no ser\u00e1 necesaria la presentaci\u00f3n del certificado de escolaridad al 31 de diciembre de 2019.<\/strong><\/p>\n<p>Ese era uno de los requisitos establecidos el a\u00f1o pasado para el cobro de este beneficio durante 2020.<\/p>\n<p>La asignaci\u00f3n por ayuda escolar anual consiste en el pago de una suma de dinero que se hace efectiva en marzo de cada a\u00f1o, y se abona por cada hijo que concurra regularmente a establecimientos de ense\u00f1anza b\u00e1sica y polimodal o bien, cualquiera sea su edad, si concurre a establecimientos oficiales o privados donde se imparta educaci\u00f3n diferencial.<\/p>\n<p>Seg\u00fan estad\u00edsticas de la ANSES,\u00a0<strong>la asignaci\u00f3n es percibida por alrededor de 6,3 millones de familias.<\/strong><\/p>\n<h3><strong><span style=\"color: #111111; font-family: Roboto, sans-serif; font-size: 17px; text-align: center;\">Las razones<\/span><\/strong><\/h3>\n<p>* \u00abLa falta de presentaci\u00f3n de los certificados escolares al 31 de diciembre de 2019 no se encuentra necesariamente ligada a trayectorias escolares discontinuas, por lo tanto, es menester continuar profundizando el trabajo articulado con los distintos Organismos y Ministerios para realizar acciones conjuntas que tiendan a resolver las barreras para que los ni\u00f1os, ni\u00f1as y adolescentes puedan acceder y sostener el derecho a la Seguridad Social\u00bb.<\/p>\n<p>*Adem\u00e1s, record\u00f3 que la Ley N\u00b0 27.541 declar\u00f3 la emergencia p\u00fablica en materia econ\u00f3mica, financiera, fiscal, administrativa, previsional, tarifaria, energ\u00e9tica, sanitaria y social, debido a \u00abla gravedad de la situaci\u00f3n econ\u00f3mica que afronta el pa\u00eds\u00bb.<\/p>\n<p>*Por ese motivo, indic\u00f3 que \u00aben funci\u00f3n del contexto econ\u00f3mico y social de emergencia y ante el inminente inicio del ciclo lectivo, corresponde derogar el punto 5, del Apartado \u00abAsignaciones De Pago Mensual\u00bb, de la Resoluci\u00f3n N\u00b0 2019-203- ANSeS, con el fin de garantizar que los ni\u00f1os, ni\u00f1as y adolescentes de 4 a 17 a\u00f1os inclusive, que presenten el certificado correspondiente hasta el 31 de diciembre, perciban en forma masiva, al inicio del ciclo lectivo, la Asignaci\u00f3n por Ayuda Escolar\u00bb.<\/p>\n<p>El a\u00f1o pasado, durante la gesti\u00f3n de ex presidente Mauricio Macri, se hab\u00eda establecido la presentaci\u00f3n del certificado que acredite la condici\u00f3n de alumno regular hasta el 31 de diciembre de cada a\u00f1o, requisito que ahora fue eliminado.<\/p>\n","protected":false},"excerpt":{"rendered":"<p>Desde el organismo explicaron la medida que gener\u00f3 pol\u00e9mica. El beneficio se otorgar\u00e1 de forma autom\u00e1tica.<\/p>\n","protected":false},"author":2,"featured_media":40016,"comment_status":"open","ping_status":"open","sticky":false,"template":"","format":"standard","meta":{"fifu_image_url":"","fifu_image_alt":"","footnotes":""},"categories":[7],"tags":[269,98],"class_list":{"0":"post-40015","1":"post","2":"type-post","3":"status-publish","4":"format-standard","5":"has-post-thumbnail","7":"category-nacionales","8":"tag-anses","9":"tag-educacion"},"yoast_head":"<title>\u00bfPor qu\u00e9 Anses ya no pedir\u00e1 certificado para pagar la Ayuda Escolar? - Informe Litoral<\/title>\n<meta name=\"robots\" content=\"index, follow, max-snippet:-1, max-image-preview:large, max-video-preview:-1\" \/>\n<link rel=\"canonical\" href=\"https:\/\/informelitoral.com.ar\/por-que-anses-ya-no-pedira-certificado-para-pagar-la-ayuda-escolar\/\" \/>\n<meta property=\"og:locale\" content=\"es_ES\" \/>\n<meta property=\"og:type\" content=\"article\" \/>\n<meta property=\"og:title\" content=\"\u00bfPor qu\u00e9 Anses ya no pedir\u00e1 certificado para pagar la Ayuda Escolar? - Informe Litoral\" \/>\n<meta property=\"og:description\" content=\"Desde el organismo explicaron la medida que gener\u00f3 pol\u00e9mica. El beneficio se otorgar\u00e1 de forma autom\u00e1tica.\" \/>\n<meta property=\"og:url\" content=\"https:\/\/informelitoral.com.ar\/por-que-anses-ya-no-pedira-certificado-para-pagar-la-ayuda-escolar\/\" \/>\n<meta property=\"og:site_name\" content=\"Informe Litoral\" \/>\n<meta property=\"article:publisher\" content=\"https:\/\/www.facebook.com\/informelitoral\/\" \/>\n<meta property=\"article:published_time\" content=\"2020-02-11T14:44:56+00:00\" \/>\n<meta property=\"og:image\" content=\"https:\/\/informelitoral.com.ar\/%77%70%2d%63%6f%6e%74%65%6e%74\/uploads\/2020\/02\/1581004519448.jpg\" \/>\n\t<meta property=\"og:image:width\" content=\"800\" \/>\n\t<meta property=\"og:image:height\" content=\"450\" \/>\n\t<meta property=\"og:image:type\" content=\"image\/jpeg\" \/>\n<meta name=\"author\" content=\"Gonzalo Schmidt\" \/>\n<meta name=\"twitter:card\" content=\"summary_large_image\" \/>\n<meta name=\"twitter:creator\" content=\"@InformeLitoral\" \/>\n<meta name=\"twitter:site\" content=\"@InformeLitoral\" \/>\n<meta name=\"twitter:label1\" content=\"Escrito por\" \/>\n\t<meta name=\"twitter:data1\" content=\"Gonzalo Schmidt\" \/>\n\t<meta name=\"twitter:label2\" content=\"Tiempo de lectura\" \/>\n\t<meta name=\"twitter:data2\" content=\"2 minutos\" \/>\n<script type=\"application\/ld+json\" class=\"yoast-schema-graph\">{\"@context\":\"https:\\\/\\\/schema.org\",\"@graph\":[{\"@type\":\"Article\",\"@id\":\"https:\\\/\\\/informelitoral.com.ar\\\/por-que-anses-ya-no-pedira-certificado-para-pagar-la-ayuda-escolar\\\/#article\",\"isPartOf\":{\"@id\":\"https:\\\/\\\/informelitoral.com.ar\\\/por-que-anses-ya-no-pedira-certificado-para-pagar-la-ayuda-escolar\\\/\"},\"author\":{\"name\":\"Gonzalo Schmidt\",\"@id\":\"https:\\\/\\\/informelitoral.com.ar\\\/#\\\/schema\\\/person\\\/b9d00407c836482871ef1d57bf8e3180\"},\"headline\":\"\u00bfPor qu\u00e9 Anses ya no pedir\u00e1 certificado para pagar la Ayuda Escolar?\",\"datePublished\":\"2020-02-11T14:44:56+00:00\",\"mainEntityOfPage\":{\"@id\":\"https:\\\/\\\/informelitoral.com.ar\\\/por-que-anses-ya-no-pedira-certificado-para-pagar-la-ayuda-escolar\\\/\"},\"wordCount\":420,\"commentCount\":0,\"publisher\":{\"@id\":\"https:\\\/\\\/informelitoral.com.ar\\\/#organization\"},\"image\":{\"@id\":\"https:\\\/\\\/informelitoral.com.ar\\\/por-que-anses-ya-no-pedira-certificado-para-pagar-la-ayuda-escolar\\\/#primaryimage\"},\"thumbnailUrl\":\"https:\\\/\\\/informelitoral.com.ar\\\/%77%70%2d%63%6f%6e%74%65%6e%74\\\/uploads\\\/2020\\\/02\\\/1581004519448.jpg\",\"keywords\":[\"Anses\",\"Educaci\u00f3n\"],\"articleSection\":[\"Nacionales\"],\"inLanguage\":\"es\",\"potentialAction\":[{\"@type\":\"CommentAction\",\"name\":\"Comment\",\"target\":[\"https:\\\/\\\/informelitoral.com.ar\\\/por-que-anses-ya-no-pedira-certificado-para-pagar-la-ayuda-escolar\\\/#respond\"]}]},{\"@type\":\"WebPage\",\"@id\":\"https:\\\/\\\/informelitoral.com.ar\\\/por-que-anses-ya-no-pedira-certificado-para-pagar-la-ayuda-escolar\\\/\",\"url\":\"https:\\\/\\\/informelitoral.com.ar\\\/por-que-anses-ya-no-pedira-certificado-para-pagar-la-ayuda-escolar\\\/\",\"name\":\"\u00bfPor qu\u00e9 Anses ya no pedir\u00e1 certificado para pagar la Ayuda Escolar? - Informe Litoral\",\"isPartOf\":{\"@id\":\"https:\\\/\\\/informelitoral.com.ar\\\/#website\"},\"primaryImageOfPage\":{\"@id\":\"https:\\\/\\\/informelitoral.com.ar\\\/por-que-anses-ya-no-pedira-certificado-para-pagar-la-ayuda-escolar\\\/#primaryimage\"},\"image\":{\"@id\":\"https:\\\/\\\/informelitoral.com.ar\\\/por-que-anses-ya-no-pedira-certificado-para-pagar-la-ayuda-escolar\\\/#primaryimage\"},\"thumbnailUrl\":\"https:\\\/\\\/informelitoral.com.ar\\\/%77%70%2d%63%6f%6e%74%65%6e%74\\\/uploads\\\/2020\\\/02\\\/1581004519448.jpg\",\"datePublished\":\"2020-02-11T14:44:56+00:00\",\"breadcrumb\":{\"@id\":\"https:\\\/\\\/informelitoral.com.ar\\\/por-que-anses-ya-no-pedira-certificado-para-pagar-la-ayuda-escolar\\\/#breadcrumb\"},\"inLanguage\":\"es\",\"potentialAction\":[{\"@type\":\"ReadAction\",\"target\":[\"https:\\\/\\\/informelitoral.com.ar\\\/por-que-anses-ya-no-pedira-certificado-para-pagar-la-ayuda-escolar\\\/\"]}]},{\"@type\":\"ImageObject\",\"inLanguage\":\"es\",\"@id\":\"https:\\\/\\\/informelitoral.com.ar\\\/por-que-anses-ya-no-pedira-certificado-para-pagar-la-ayuda-escolar\\\/#primaryimage\",\"url\":\"https:\\\/\\\/informelitoral.com.ar\\\/%77%70%2d%63%6f%6e%74%65%6e%74\\\/uploads\\\/2020\\\/02\\\/1581004519448.jpg\",\"contentUrl\":\"https:\\\/\\\/informelitoral.com.ar\\\/%77%70%2d%63%6f%6e%74%65%6e%74\\\/uploads\\\/2020\\\/02\\\/1581004519448.jpg\",\"width\":800,\"height\":450},{\"@type\":\"BreadcrumbList\",\"@id\":\"https:\\\/\\\/informelitoral.com.ar\\\/por-que-anses-ya-no-pedira-certificado-para-pagar-la-ayuda-escolar\\\/#breadcrumb\",\"itemListElement\":[{\"@type\":\"ListItem\",\"position\":1,\"name\":\"Portada\",\"item\":\"https:\\\/\\\/informelitoral.com.ar\\\/\"},{\"@type\":\"ListItem\",\"position\":2,\"name\":\"\u00bfPor qu\u00e9 Anses ya no pedir\u00e1 certificado para pagar la Ayuda Escolar?\"}]},{\"@type\":\"WebSite\",\"@id\":\"https:\\\/\\\/informelitoral.com.ar\\\/#website\",\"url\":\"https:\\\/\\\/informelitoral.com.ar\\\/\",\"name\":\"Informe Litoral\",\"description\":\"&quot;Nos informamos&quot; \",\"publisher\":{\"@id\":\"https:\\\/\\\/informelitoral.com.ar\\\/#organization\"},\"potentialAction\":[{\"@type\":\"SearchAction\",\"target\":{\"@type\":\"EntryPoint\",\"urlTemplate\":\"https:\\\/\\\/informelitoral.com.ar\\\/?s={search_term_string}\"},\"query-input\":{\"@type\":\"PropertyValueSpecification\",\"valueRequired\":true,\"valueName\":\"search_term_string\"}}],\"inLanguage\":\"es\"},{\"@type\":\"Organization\",\"@id\":\"https:\\\/\\\/informelitoral.com.ar\\\/#organization\",\"name\":\"Informe Litoral\",\"url\":\"https:\\\/\\\/informelitoral.com.ar\\\/\",\"logo\":{\"@type\":\"ImageObject\",\"inLanguage\":\"es\",\"@id\":\"https:\\\/\\\/informelitoral.com.ar\\\/#\\\/schema\\\/logo\\\/image\\\/\",\"url\":\"https:\\\/\\\/informelitoral.com.ar\\\/%77%70%2d%63%6f%6e%74%65%6e%74\\\/uploads\\\/2021\\\/01\\\/circulo.png\",\"contentUrl\":\"https:\\\/\\\/informelitoral.com.ar\\\/%77%70%2d%63%6f%6e%74%65%6e%74\\\/uploads\\\/2021\\\/01\\\/circulo.png\",\"width\":723,\"height\":731,\"caption\":\"Informe Litoral\"},\"image\":{\"@id\":\"https:\\\/\\\/informelitoral.com.ar\\\/#\\\/schema\\\/logo\\\/image\\\/\"},\"sameAs\":[\"https:\\\/\\\/www.facebook.com\\\/informelitoral\\\/\",\"https:\\\/\\\/x.com\\\/InformeLitoral\",\"https:\\\/\\\/www.instagram.com\\\/informelitoral\\\/\",\"https:\\\/\\\/www.youtube.com\\\/channel\\\/UCua4Qvz8Icb6MYqhoq9xLXw\"]},{\"@type\":\"Person\",\"@id\":\"https:\\\/\\\/informelitoral.com.ar\\\/#\\\/schema\\\/person\\\/b9d00407c836482871ef1d57bf8e3180\",\"name\":\"Gonzalo Schmidt\",\"image\":{\"@type\":\"ImageObject\",\"inLanguage\":\"es\",\"@id\":\"https:\\\/\\\/secure.gravatar.com\\\/avatar\\\/31a1a7b66ff2de83bd0e9fd79d026630d2d99e55e8bfe501287647b4fd9743de?s=96&d=mm&r=g\",\"url\":\"https:\\\/\\\/secure.gravatar.com\\\/avatar\\\/31a1a7b66ff2de83bd0e9fd79d026630d2d99e55e8bfe501287647b4fd9743de?s=96&d=mm&r=g\",\"contentUrl\":\"https:\\\/\\\/secure.gravatar.com\\\/avatar\\\/31a1a7b66ff2de83bd0e9fd79d026630d2d99e55e8bfe501287647b4fd9743de?s=96&d=mm&r=g\",\"caption\":\"Gonzalo Schmidt\"},\"description\":\"Sitio web de noticias de la provincia de Entre R\u00edos, Argentina. Informaci\u00f3n y entretenimiento. Informe Litoral, nos informamos.\",\"sameAs\":[\"http:\\\/\\\/www.isletasnoticias.com.ar\"],\"url\":\"https:\\\/\\\/informelitoral.com.ar\\\/author\\\/gonzalo\\\/\"}]}<\/script>","yoast_head_json":{"title":"\u00bfPor qu\u00e9 Anses ya no pedir\u00e1 certificado para pagar la Ayuda Escolar? - Informe Litoral","robots":{"index":"index","follow":"follow","max-snippet":"max-snippet:-1","max-image-preview":"max-image-preview:large","max-video-preview":"max-video-preview:-1"},"canonical":"https:\/\/informelitoral.com.ar\/por-que-anses-ya-no-pedira-certificado-para-pagar-la-ayuda-escolar\/","og_locale":"es_ES","og_type":"article","og_title":"\u00bfPor qu\u00e9 Anses ya no pedir\u00e1 certificado para pagar la Ayuda Escolar? - Informe Litoral","og_description":"Desde el organismo explicaron la medida que gener\u00f3 pol\u00e9mica. El beneficio se otorgar\u00e1 de forma autom\u00e1tica.","og_url":"https:\/\/informelitoral.com.ar\/por-que-anses-ya-no-pedira-certificado-para-pagar-la-ayuda-escolar\/","og_site_name":"Informe Litoral","article_publisher":"https:\/\/www.facebook.com\/informelitoral\/","article_published_time":"2020-02-11T14:44:56+00:00","og_image":[{"width":800,"height":450,"url":"https:\/\/informelitoral.com.ar\/%77%70%2d%63%6f%6e%74%65%6e%74\/uploads\/2020\/02\/1581004519448.jpg","type":"image\/jpeg"}],"author":"Gonzalo Schmidt","twitter_card":"summary_large_image","twitter_creator":"@InformeLitoral","twitter_site":"@InformeLitoral","twitter_misc":{"Escrito por":"Gonzalo Schmidt","Tiempo de lectura":"2 minutos"},"schema":{"@context":"https:\/\/schema.org","@graph":[{"@type":"Article","@id":"https:\/\/informelitoral.com.ar\/por-que-anses-ya-no-pedira-certificado-para-pagar-la-ayuda-escolar\/#article","isPartOf":{"@id":"https:\/\/informelitoral.com.ar\/por-que-anses-ya-no-pedira-certificado-para-pagar-la-ayuda-escolar\/"},"author":{"name":"Gonzalo Schmidt","@id":"https:\/\/informelitoral.com.ar\/#\/schema\/person\/b9d00407c836482871ef1d57bf8e3180"},"headline":"\u00bfPor qu\u00e9 Anses ya no pedir\u00e1 certificado para pagar la Ayuda Escolar?","datePublished":"2020-02-11T14:44:56+00:00","mainEntityOfPage":{"@id":"https:\/\/informelitoral.com.ar\/por-que-anses-ya-no-pedira-certificado-para-pagar-la-ayuda-escolar\/"},"wordCount":420,"commentCount":0,"publisher":{"@id":"https:\/\/informelitoral.com.ar\/#organization"},"image":{"@id":"https:\/\/informelitoral.com.ar\/por-que-anses-ya-no-pedira-certificado-para-pagar-la-ayuda-escolar\/#primaryimage"},"thumbnailUrl":"https:\/\/informelitoral.com.ar\/%77%70%2d%63%6f%6e%74%65%6e%74\/uploads\/2020\/02\/1581004519448.jpg","keywords":["Anses","Educaci\u00f3n"],"articleSection":["Nacionales"],"inLanguage":"es","potentialAction":[{"@type":"CommentAction","name":"Comment","target":["https:\/\/informelitoral.com.ar\/por-que-anses-ya-no-pedira-certificado-para-pagar-la-ayuda-escolar\/#respond"]}]},{"@type":"WebPage","@id":"https:\/\/informelitoral.com.ar\/por-que-anses-ya-no-pedira-certificado-para-pagar-la-ayuda-escolar\/","url":"https:\/\/informelitoral.com.ar\/por-que-anses-ya-no-pedira-certificado-para-pagar-la-ayuda-escolar\/","name":"\u00bfPor qu\u00e9 Anses ya no pedir\u00e1 certificado para pagar la Ayuda Escolar? - Informe Litoral","isPartOf":{"@id":"https:\/\/informelitoral.com.ar\/#website"},"primaryImageOfPage":{"@id":"https:\/\/informelitoral.com.ar\/por-que-anses-ya-no-pedira-certificado-para-pagar-la-ayuda-escolar\/#primaryimage"},"image":{"@id":"https:\/\/informelitoral.com.ar\/por-que-anses-ya-no-pedira-certificado-para-pagar-la-ayuda-escolar\/#primaryimage"},"thumbnailUrl":"https:\/\/informelitoral.com.ar\/%77%70%2d%63%6f%6e%74%65%6e%74\/uploads\/2020\/02\/1581004519448.jpg","datePublished":"2020-02-11T14:44:56+00:00","breadcrumb":{"@id":"https:\/\/informelitoral.com.ar\/por-que-anses-ya-no-pedira-certificado-para-pagar-la-ayuda-escolar\/#breadcrumb"},"inLanguage":"es","potentialAction":[{"@type":"ReadAction","target":["https:\/\/informelitoral.com.ar\/por-que-anses-ya-no-pedira-certificado-para-pagar-la-ayuda-escolar\/"]}]},{"@type":"ImageObject","inLanguage":"es","@id":"https:\/\/informelitoral.com.ar\/por-que-anses-ya-no-pedira-certificado-para-pagar-la-ayuda-escolar\/#primaryimage","url":"https:\/\/informelitoral.com.ar\/%77%70%2d%63%6f%6e%74%65%6e%74\/uploads\/2020\/02\/1581004519448.jpg","contentUrl":"https:\/\/informelitoral.com.ar\/%77%70%2d%63%6f%6e%74%65%6e%74\/uploads\/2020\/02\/1581004519448.jpg","width":800,"height":450},{"@type":"BreadcrumbList","@id":"https:\/\/informelitoral.com.ar\/por-que-anses-ya-no-pedira-certificado-para-pagar-la-ayuda-escolar\/#breadcrumb","itemListElement":[{"@type":"ListItem","position":1,"name":"Portada","item":"https:\/\/informelitoral.com.ar\/"},{"@type":"ListItem","position":2,"name":"\u00bfPor qu\u00e9 Anses ya no pedir\u00e1 certificado para pagar la Ayuda Escolar?"}]},{"@type":"WebSite","@id":"https:\/\/informelitoral.com.ar\/#website","url":"https:\/\/informelitoral.com.ar\/","name":"Informe Litoral","description":"&quot;Nos informamos&quot; ","publisher":{"@id":"https:\/\/informelitoral.com.ar\/#organization"},"potentialAction":[{"@type":"SearchAction","target":{"@type":"EntryPoint","urlTemplate":"https:\/\/informelitoral.com.ar\/?s={search_term_string}"},"query-input":{"@type":"PropertyValueSpecification","valueRequired":true,"valueName":"search_term_string"}}],"inLanguage":"es"},{"@type":"Organization","@id":"https:\/\/informelitoral.com.ar\/#organization","name":"Informe Litoral","url":"https:\/\/informelitoral.com.ar\/","logo":{"@type":"ImageObject","inLanguage":"es","@id":"https:\/\/informelitoral.com.ar\/#\/schema\/logo\/image\/","url":"https:\/\/informelitoral.com.ar\/%77%70%2d%63%6f%6e%74%65%6e%74\/uploads\/2021\/01\/circulo.png","contentUrl":"https:\/\/informelitoral.com.ar\/%77%70%2d%63%6f%6e%74%65%6e%74\/uploads\/2021\/01\/circulo.png","width":723,"height":731,"caption":"Informe Litoral"},"image":{"@id":"https:\/\/informelitoral.com.ar\/#\/schema\/logo\/image\/"},"sameAs":["https:\/\/www.facebook.com\/informelitoral\/","https:\/\/x.com\/InformeLitoral","https:\/\/www.instagram.com\/informelitoral\/","https:\/\/www.youtube.com\/channel\/UCua4Qvz8Icb6MYqhoq9xLXw"]},{"@type":"Person","@id":"https:\/\/informelitoral.com.ar\/#\/schema\/person\/b9d00407c836482871ef1d57bf8e3180","name":"Gonzalo Schmidt","image":{"@type":"ImageObject","inLanguage":"es","@id":"https:\/\/secure.gravatar.com\/avatar\/31a1a7b66ff2de83bd0e9fd79d026630d2d99e55e8bfe501287647b4fd9743de?s=96&d=mm&r=g","url":"https:\/\/secure.gravatar.com\/avatar\/31a1a7b66ff2de83bd0e9fd79d026630d2d99e55e8bfe501287647b4fd9743de?s=96&d=mm&r=g","contentUrl":"https:\/\/secure.gravatar.com\/avatar\/31a1a7b66ff2de83bd0e9fd79d026630d2d99e55e8bfe501287647b4fd9743de?s=96&d=mm&r=g","caption":"Gonzalo Schmidt"},"description":"Sitio web de noticias de la provincia de Entre R\u00edos, Argentina. Informaci\u00f3n y entretenimiento. Informe Litoral, nos informamos.","sameAs":["http:\/\/www.isletasnoticias.com.ar"],"url":"https:\/\/informelitoral.com.ar\/author\/gonzalo\/"}]}},"_links":{"self":[{"href":"https:\/\/informelitoral.com.ar\/%77%70%2d%6a%73%6f%6e\/wp\/v2\/posts\/40015","targetHints":{"allow":["GET"]}}],"collection":[{"href":"https:\/\/informelitoral.com.ar\/%77%70%2d%6a%73%6f%6e\/wp\/v2\/posts"}],"about":[{"href":"https:\/\/informelitoral.com.ar\/%77%70%2d%6a%73%6f%6e\/wp\/v2\/types\/post"}],"author":[{"embeddable":true,"href":"https:\/\/informelitoral.com.ar\/%77%70%2d%6a%73%6f%6e\/wp\/v2\/users\/2"}],"replies":[{"embeddable":true,"href":"https:\/\/informelitoral.com.ar\/%77%70%2d%6a%73%6f%6e\/wp\/v2\/comments?post=40015"}],"version-history":[{"count":0,"href":"https:\/\/informelitoral.com.ar\/%77%70%2d%6a%73%6f%6e\/wp\/v2\/posts\/40015\/revisions"}],"wp:featuredmedia":[{"embeddable":true,"href":"https:\/\/informelitoral.com.ar\/%77%70%2d%6a%73%6f%6e\/wp\/v2\/media\/40016"}],"wp:attachment":[{"href":"https:\/\/informelitoral.com.ar\/%77%70%2d%6a%73%6f%6e\/wp\/v2\/media?parent=40015"}],"wp:term":[{"taxonomy":"category","embeddable":true,"href":"https:\/\/informelitoral.com.ar\/%77%70%2d%6a%73%6f%6e\/wp\/v2\/categories?post=40015"},{"taxonomy":"post_tag","embeddable":true,"href":"https:\/\/informelitoral.com.ar\/%77%70%2d%6a%73%6f%6e\/wp\/v2\/tags?post=40015"}],"curies":[{"name":"wp","href":"https:\/\/api.w.org\/{rel}","templated":true}]}}