{"id":400,"date":"2013-03-20T14:58:18","date_gmt":"2013-03-20T17:58:18","guid":{"rendered":"http:\/\/www.isletasnoticias.com.ar\/?p=400"},"modified":"2013-03-20T14:58:18","modified_gmt":"2013-03-20T17:58:18","slug":"ultiman-detalles-en-el-nuevo-kartodromo-de-ramirez","status":"publish","type":"post","link":"https:\/\/informelitoral.com.ar\/ultiman-detalles-en-el-nuevo-kartodromo-de-ramirez\/","title":{"rendered":"Ultiman detalles en el nuevo kart\u00f3dromo de Ram\u00edrez"},"content":{"rendered":"<p><span style=\"color: #333333;\"><strong><span style=\"font-size: medium;\">El piloto y empresario ramirense <em>Marcos Markel<\/em> est\u00e1 trabajando intensamente en el nuevo kart\u00f3dromo de General Ram\u00edrez. Marcos es colaborador de la comisi\u00f3n del Club Atl\u00e9tico Racing, la cual es presidida por su hermano <em>Rub\u00e9n \u2018Chula\u2019 Markel.<\/em><\/span><\/strong><\/span><\/p>\n<p><img loading=\"lazy\" decoding=\"async\" class=\"size-medium wp-image-401 aligncenter\" style=\"text-align: center;\" alt=\"pusi\" src=\"http:\/\/www.isletasnoticias.com.ar\/%77%70%2d%63%6f%6e%74%65%6e%74\/uploads\/2013\/03\/pusi-300x202.jpg\" width=\"300\" height=\"202\" srcset=\"https:\/\/informelitoral.com.ar\/%77%70%2d%63%6f%6e%74%65%6e%74\/uploads\/2013\/03\/pusi-300x202.jpg 300w, https:\/\/informelitoral.com.ar\/%77%70%2d%63%6f%6e%74%65%6e%74\/uploads\/2013\/03\/pusi.jpg 671w\" sizes=\"auto, (max-width: 300px) 100vw, 300px\" \/><\/p>\n<p style=\"text-align: left;\">El piloto y empresario ramirense <strong>Marcos Markel<\/strong> est\u00e1 trabajando intensamente en el nuevo kart\u00f3dromo de General Ram\u00edrez. Marcos es colaborador de la comisi\u00f3n del Club Atl\u00e9tico Racing, la cual es presidida por su hermano<strong> Rub\u00e9n \u2018Chula\u2019 Markel<\/strong>. La Instituci\u00f3n cumple 70 a\u00f1os el pr\u00f3ximo s\u00e1bado 23 de marzo, d\u00eda en que comenzar\u00e1 la actividad automovil\u00edstica con la realizaci\u00f3n de las pruebas libres correspondientes a la primera fecha del Karting Club Libertad de Nogoy\u00e1. La misma continuar\u00e1 el domingo 24 de marzo con entrenamientos, clasificaciones, series y finales para todas las categor\u00edas: en 2 tiempos 125 C.C. Light, en 4 tiempos: 110 C.C. Escuela \u2013 Juniors \u2013 Mayores y 150 C.C. A y B.<\/p>\n<p style=\"text-align: left;\">El kart\u00f3dromo \u2018Beto Wagner\u2019 presenta una cuerda de 1.100 metros y est\u00e1 ubicado en el campo de <strong>Adri\u00e1n Wagner<\/strong>, a la vera de la Ruta 12 detr\u00e1s de la ex Estaci\u00f3n de Servicios ISAURA.<br \/>\nEs preciso destacar los ba\u00f1os de material que se est\u00e1n construyendo en el predio, lo cual permitir\u00e1 cumplir con una de las principales necesidades que se requieren para comodidad del p\u00fablico. Sumado a esto, la Comisi\u00f3n contratar\u00e1 personal de limpieza para que permanezca durante la carrera con el objetivo de lograr un servicio \u00f3ptimo.<\/p>\n<p><b>Posible regreso del SP 1000<br \/>\n<\/b>Aunque todav\u00eda no hay nada en concreto, el rumor crece cada vez m\u00e1s en el ambiente tuerca. El nuevo kart\u00f3dromo de 1.100 metros podr\u00eda extenderse lo necesario para recibir al SP 1000 Diamantino y a la F\u00f3rmula Renault Entrerriana. Por lo pronto, es materia de an\u00e1lisis y en poco tiempo se sabr\u00e1 si es factible o no poder concretar este a\u00f1o un par de fechas del SP y la FRE en la nueva pista ramirense.<\/p>\n<p>Gustavo Pusineri para Paralelo 32<\/p>\n","protected":false},"excerpt":{"rendered":"<p>El piloto y empresario ramirense Marcos Markel est&aacute; trabajando intensamente en el nuevo kart&oacute;dromo de General Ram&iacute;rez. Marcos es colaborador de la comisi&oacute;n del Club Atl&eacute;tico Racing, la cual es presidida por su hermano Rub&eacute;n &lsquo;Chula&rsquo; Markel. El piloto y empresario ramirense Marcos Markel est&aacute; trabajando intensamente en el nuevo kart&oacute;dromo de General Ram&iacute;rez. Marcos [&hellip;]<\/p>\n","protected":false},"author":2,"featured_media":0,"comment_status":"open","ping_status":"open","sticky":false,"template":"","format":"standard","meta":{"fifu_image_url":"","fifu_image_alt":"","footnotes":""},"categories":[13],"tags":[],"class_list":{"0":"post-400","1":"post","2":"type-post","3":"status-publish","4":"format-standard","6":"category-deportes"},"yoast_head":"<title>Ultiman detalles en el nuevo kart\u00f3dromo de Ram\u00edrez - Informe Litoral<\/title>\n<meta name=\"robots\" content=\"index, follow, max-snippet:-1, max-image-preview:large, max-video-preview:-1\" \/>\n<link rel=\"canonical\" href=\"https:\/\/informelitoral.com.ar\/ultiman-detalles-en-el-nuevo-kartodromo-de-ramirez\/\" \/>\n<meta property=\"og:locale\" content=\"es_ES\" \/>\n<meta property=\"og:type\" content=\"article\" \/>\n<meta property=\"og:title\" content=\"Ultiman detalles en el nuevo kart\u00f3dromo de Ram\u00edrez - Informe Litoral\" \/>\n<meta property=\"og:description\" content=\"El piloto y empresario ramirense Marcos Markel est&aacute; trabajando intensamente en el nuevo kart&oacute;dromo de General Ram&iacute;rez. Marcos es colaborador de la comisi&oacute;n del Club Atl&eacute;tico Racing, la cual es presidida por su hermano Rub&eacute;n &lsquo;Chula&rsquo; Markel. El piloto y empresario ramirense Marcos Markel est&aacute; trabajando intensamente en el nuevo kart&oacute;dromo de General Ram&iacute;rez. Marcos [&hellip;]\" \/>\n<meta property=\"og:url\" content=\"https:\/\/informelitoral.com.ar\/ultiman-detalles-en-el-nuevo-kartodromo-de-ramirez\/\" \/>\n<meta property=\"og:site_name\" content=\"Informe Litoral\" \/>\n<meta property=\"article:publisher\" content=\"https:\/\/www.facebook.com\/informelitoral\/\" \/>\n<meta property=\"article:published_time\" content=\"2013-03-20T17:58:18+00:00\" \/>\n<meta property=\"og:image\" content=\"https:\/\/informelitoral.com.ar\/%77%70%2d%63%6f%6e%74%65%6e%74\/uploads\/2013\/03\/pusi.jpg\" \/>\n\t<meta property=\"og:image:width\" content=\"671\" \/>\n\t<meta property=\"og:image:height\" content=\"453\" \/>\n\t<meta property=\"og:image:type\" content=\"image\/jpeg\" \/>\n<meta name=\"author\" content=\"Gonzalo Schmidt\" \/>\n<meta name=\"twitter:card\" content=\"summary_large_image\" \/>\n<meta name=\"twitter:creator\" content=\"@InformeLitoral\" \/>\n<meta name=\"twitter:site\" content=\"@InformeLitoral\" \/>\n<meta name=\"twitter:label1\" content=\"Escrito por\" \/>\n\t<meta name=\"twitter:data1\" content=\"Gonzalo Schmidt\" \/>\n\t<meta name=\"twitter:label2\" content=\"Tiempo de lectura\" \/>\n\t<meta name=\"twitter:data2\" content=\"2 minutos\" \/>\n<script type=\"application\/ld+json\" class=\"yoast-schema-graph\">{\"@context\":\"https:\\\/\\\/schema.org\",\"@graph\":[{\"@type\":\"Article\",\"@id\":\"https:\\\/\\\/informelitoral.com.ar\\\/ultiman-detalles-en-el-nuevo-kartodromo-de-ramirez\\\/#article\",\"isPartOf\":{\"@id\":\"https:\\\/\\\/informelitoral.com.ar\\\/ultiman-detalles-en-el-nuevo-kartodromo-de-ramirez\\\/\"},\"author\":{\"name\":\"Gonzalo Schmidt\",\"@id\":\"https:\\\/\\\/informelitoral.com.ar\\\/#\\\/schema\\\/person\\\/b9d00407c836482871ef1d57bf8e3180\"},\"headline\":\"Ultiman detalles en el nuevo kart\u00f3dromo de Ram\u00edrez\",\"datePublished\":\"2013-03-20T17:58:18+00:00\",\"mainEntityOfPage\":{\"@id\":\"https:\\\/\\\/informelitoral.com.ar\\\/ultiman-detalles-en-el-nuevo-kartodromo-de-ramirez\\\/\"},\"wordCount\":353,\"commentCount\":0,\"publisher\":{\"@id\":\"https:\\\/\\\/informelitoral.com.ar\\\/#organization\"},\"image\":{\"@id\":\"https:\\\/\\\/informelitoral.com.ar\\\/ultiman-detalles-en-el-nuevo-kartodromo-de-ramirez\\\/#primaryimage\"},\"thumbnailUrl\":\"http:\\\/\\\/www.isletasnoticias.com.ar\\\/%77%70%2d%63%6f%6e%74%65%6e%74\\\/uploads\\\/2013\\\/03\\\/pusi-300x202.jpg\",\"articleSection\":[\"Deportes\"],\"inLanguage\":\"es\",\"potentialAction\":[{\"@type\":\"CommentAction\",\"name\":\"Comment\",\"target\":[\"https:\\\/\\\/informelitoral.com.ar\\\/ultiman-detalles-en-el-nuevo-kartodromo-de-ramirez\\\/#respond\"]}]},{\"@type\":\"WebPage\",\"@id\":\"https:\\\/\\\/informelitoral.com.ar\\\/ultiman-detalles-en-el-nuevo-kartodromo-de-ramirez\\\/\",\"url\":\"https:\\\/\\\/informelitoral.com.ar\\\/ultiman-detalles-en-el-nuevo-kartodromo-de-ramirez\\\/\",\"name\":\"Ultiman detalles en el nuevo kart\u00f3dromo de Ram\u00edrez - Informe Litoral\",\"isPartOf\":{\"@id\":\"https:\\\/\\\/informelitoral.com.ar\\\/#website\"},\"primaryImageOfPage\":{\"@id\":\"https:\\\/\\\/informelitoral.com.ar\\\/ultiman-detalles-en-el-nuevo-kartodromo-de-ramirez\\\/#primaryimage\"},\"image\":{\"@id\":\"https:\\\/\\\/informelitoral.com.ar\\\/ultiman-detalles-en-el-nuevo-kartodromo-de-ramirez\\\/#primaryimage\"},\"thumbnailUrl\":\"http:\\\/\\\/www.isletasnoticias.com.ar\\\/%77%70%2d%63%6f%6e%74%65%6e%74\\\/uploads\\\/2013\\\/03\\\/pusi-300x202.jpg\",\"datePublished\":\"2013-03-20T17:58:18+00:00\",\"breadcrumb\":{\"@id\":\"https:\\\/\\\/informelitoral.com.ar\\\/ultiman-detalles-en-el-nuevo-kartodromo-de-ramirez\\\/#breadcrumb\"},\"inLanguage\":\"es\",\"potentialAction\":[{\"@type\":\"ReadAction\",\"target\":[\"https:\\\/\\\/informelitoral.com.ar\\\/ultiman-detalles-en-el-nuevo-kartodromo-de-ramirez\\\/\"]}]},{\"@type\":\"ImageObject\",\"inLanguage\":\"es\",\"@id\":\"https:\\\/\\\/informelitoral.com.ar\\\/ultiman-detalles-en-el-nuevo-kartodromo-de-ramirez\\\/#primaryimage\",\"url\":\"http:\\\/\\\/www.isletasnoticias.com.ar\\\/%77%70%2d%63%6f%6e%74%65%6e%74\\\/uploads\\\/2013\\\/03\\\/pusi-300x202.jpg\",\"contentUrl\":\"http:\\\/\\\/www.isletasnoticias.com.ar\\\/%77%70%2d%63%6f%6e%74%65%6e%74\\\/uploads\\\/2013\\\/03\\\/pusi-300x202.jpg\"},{\"@type\":\"BreadcrumbList\",\"@id\":\"https:\\\/\\\/informelitoral.com.ar\\\/ultiman-detalles-en-el-nuevo-kartodromo-de-ramirez\\\/#breadcrumb\",\"itemListElement\":[{\"@type\":\"ListItem\",\"position\":1,\"name\":\"Portada\",\"item\":\"https:\\\/\\\/informelitoral.com.ar\\\/\"},{\"@type\":\"ListItem\",\"position\":2,\"name\":\"Ultiman detalles en el nuevo kart\u00f3dromo de Ram\u00edrez\"}]},{\"@type\":\"WebSite\",\"@id\":\"https:\\\/\\\/informelitoral.com.ar\\\/#website\",\"url\":\"https:\\\/\\\/informelitoral.com.ar\\\/\",\"name\":\"Informe Litoral\",\"description\":\"&quot;Nos informamos&quot; \",\"publisher\":{\"@id\":\"https:\\\/\\\/informelitoral.com.ar\\\/#organization\"},\"potentialAction\":[{\"@type\":\"SearchAction\",\"target\":{\"@type\":\"EntryPoint\",\"urlTemplate\":\"https:\\\/\\\/informelitoral.com.ar\\\/?s={search_term_string}\"},\"query-input\":{\"@type\":\"PropertyValueSpecification\",\"valueRequired\":true,\"valueName\":\"search_term_string\"}}],\"inLanguage\":\"es\"},{\"@type\":\"Organization\",\"@id\":\"https:\\\/\\\/informelitoral.com.ar\\\/#organization\",\"name\":\"Informe Litoral\",\"url\":\"https:\\\/\\\/informelitoral.com.ar\\\/\",\"logo\":{\"@type\":\"ImageObject\",\"inLanguage\":\"es\",\"@id\":\"https:\\\/\\\/informelitoral.com.ar\\\/#\\\/schema\\\/logo\\\/image\\\/\",\"url\":\"https:\\\/\\\/informelitoral.com.ar\\\/%77%70%2d%63%6f%6e%74%65%6e%74\\\/uploads\\\/2021\\\/01\\\/circulo.png\",\"contentUrl\":\"https:\\\/\\\/informelitoral.com.ar\\\/%77%70%2d%63%6f%6e%74%65%6e%74\\\/uploads\\\/2021\\\/01\\\/circulo.png\",\"width\":723,\"height\":731,\"caption\":\"Informe Litoral\"},\"image\":{\"@id\":\"https:\\\/\\\/informelitoral.com.ar\\\/#\\\/schema\\\/logo\\\/image\\\/\"},\"sameAs\":[\"https:\\\/\\\/www.facebook.com\\\/informelitoral\\\/\",\"https:\\\/\\\/x.com\\\/InformeLitoral\",\"https:\\\/\\\/www.instagram.com\\\/informelitoral\\\/\",\"https:\\\/\\\/www.youtube.com\\\/channel\\\/UCua4Qvz8Icb6MYqhoq9xLXw\"]},{\"@type\":\"Person\",\"@id\":\"https:\\\/\\\/informelitoral.com.ar\\\/#\\\/schema\\\/person\\\/b9d00407c836482871ef1d57bf8e3180\",\"name\":\"Gonzalo Schmidt\",\"image\":{\"@type\":\"ImageObject\",\"inLanguage\":\"es\",\"@id\":\"https:\\\/\\\/secure.gravatar.com\\\/avatar\\\/31a1a7b66ff2de83bd0e9fd79d026630d2d99e55e8bfe501287647b4fd9743de?s=96&d=mm&r=g\",\"url\":\"https:\\\/\\\/secure.gravatar.com\\\/avatar\\\/31a1a7b66ff2de83bd0e9fd79d026630d2d99e55e8bfe501287647b4fd9743de?s=96&d=mm&r=g\",\"contentUrl\":\"https:\\\/\\\/secure.gravatar.com\\\/avatar\\\/31a1a7b66ff2de83bd0e9fd79d026630d2d99e55e8bfe501287647b4fd9743de?s=96&d=mm&r=g\",\"caption\":\"Gonzalo Schmidt\"},\"description\":\"Sitio web de noticias de la provincia de Entre R\u00edos, Argentina. Informaci\u00f3n y entretenimiento. Informe Litoral, nos informamos.\",\"sameAs\":[\"http:\\\/\\\/www.isletasnoticias.com.ar\"],\"url\":\"https:\\\/\\\/informelitoral.com.ar\\\/author\\\/gonzalo\\\/\"}]}<\/script>","yoast_head_json":{"title":"Ultiman detalles en el nuevo kart\u00f3dromo de Ram\u00edrez - Informe Litoral","robots":{"index":"index","follow":"follow","max-snippet":"max-snippet:-1","max-image-preview":"max-image-preview:large","max-video-preview":"max-video-preview:-1"},"canonical":"https:\/\/informelitoral.com.ar\/ultiman-detalles-en-el-nuevo-kartodromo-de-ramirez\/","og_locale":"es_ES","og_type":"article","og_title":"Ultiman detalles en el nuevo kart\u00f3dromo de Ram\u00edrez - Informe Litoral","og_description":"El piloto y empresario ramirense Marcos Markel est&aacute; trabajando intensamente en el nuevo kart&oacute;dromo de General Ram&iacute;rez. Marcos es colaborador de la comisi&oacute;n del Club Atl&eacute;tico Racing, la cual es presidida por su hermano Rub&eacute;n &lsquo;Chula&rsquo; Markel. El piloto y empresario ramirense Marcos Markel est&aacute; trabajando intensamente en el nuevo kart&oacute;dromo de General Ram&iacute;rez. Marcos [&hellip;]","og_url":"https:\/\/informelitoral.com.ar\/ultiman-detalles-en-el-nuevo-kartodromo-de-ramirez\/","og_site_name":"Informe Litoral","article_publisher":"https:\/\/www.facebook.com\/informelitoral\/","article_published_time":"2013-03-20T17:58:18+00:00","og_image":[{"width":671,"height":453,"url":"https:\/\/informelitoral.com.ar\/%77%70%2d%63%6f%6e%74%65%6e%74\/uploads\/2013\/03\/pusi.jpg","type":"image\/jpeg"}],"author":"Gonzalo Schmidt","twitter_card":"summary_large_image","twitter_creator":"@InformeLitoral","twitter_site":"@InformeLitoral","twitter_misc":{"Escrito por":"Gonzalo Schmidt","Tiempo de lectura":"2 minutos"},"schema":{"@context":"https:\/\/schema.org","@graph":[{"@type":"Article","@id":"https:\/\/informelitoral.com.ar\/ultiman-detalles-en-el-nuevo-kartodromo-de-ramirez\/#article","isPartOf":{"@id":"https:\/\/informelitoral.com.ar\/ultiman-detalles-en-el-nuevo-kartodromo-de-ramirez\/"},"author":{"name":"Gonzalo Schmidt","@id":"https:\/\/informelitoral.com.ar\/#\/schema\/person\/b9d00407c836482871ef1d57bf8e3180"},"headline":"Ultiman detalles en el nuevo kart\u00f3dromo de Ram\u00edrez","datePublished":"2013-03-20T17:58:18+00:00","mainEntityOfPage":{"@id":"https:\/\/informelitoral.com.ar\/ultiman-detalles-en-el-nuevo-kartodromo-de-ramirez\/"},"wordCount":353,"commentCount":0,"publisher":{"@id":"https:\/\/informelitoral.com.ar\/#organization"},"image":{"@id":"https:\/\/informelitoral.com.ar\/ultiman-detalles-en-el-nuevo-kartodromo-de-ramirez\/#primaryimage"},"thumbnailUrl":"http:\/\/www.isletasnoticias.com.ar\/%77%70%2d%63%6f%6e%74%65%6e%74\/uploads\/2013\/03\/pusi-300x202.jpg","articleSection":["Deportes"],"inLanguage":"es","potentialAction":[{"@type":"CommentAction","name":"Comment","target":["https:\/\/informelitoral.com.ar\/ultiman-detalles-en-el-nuevo-kartodromo-de-ramirez\/#respond"]}]},{"@type":"WebPage","@id":"https:\/\/informelitoral.com.ar\/ultiman-detalles-en-el-nuevo-kartodromo-de-ramirez\/","url":"https:\/\/informelitoral.com.ar\/ultiman-detalles-en-el-nuevo-kartodromo-de-ramirez\/","name":"Ultiman detalles en el nuevo kart\u00f3dromo de Ram\u00edrez - Informe Litoral","isPartOf":{"@id":"https:\/\/informelitoral.com.ar\/#website"},"primaryImageOfPage":{"@id":"https:\/\/informelitoral.com.ar\/ultiman-detalles-en-el-nuevo-kartodromo-de-ramirez\/#primaryimage"},"image":{"@id":"https:\/\/informelitoral.com.ar\/ultiman-detalles-en-el-nuevo-kartodromo-de-ramirez\/#primaryimage"},"thumbnailUrl":"http:\/\/www.isletasnoticias.com.ar\/%77%70%2d%63%6f%6e%74%65%6e%74\/uploads\/2013\/03\/pusi-300x202.jpg","datePublished":"2013-03-20T17:58:18+00:00","breadcrumb":{"@id":"https:\/\/informelitoral.com.ar\/ultiman-detalles-en-el-nuevo-kartodromo-de-ramirez\/#breadcrumb"},"inLanguage":"es","potentialAction":[{"@type":"ReadAction","target":["https:\/\/informelitoral.com.ar\/ultiman-detalles-en-el-nuevo-kartodromo-de-ramirez\/"]}]},{"@type":"ImageObject","inLanguage":"es","@id":"https:\/\/informelitoral.com.ar\/ultiman-detalles-en-el-nuevo-kartodromo-de-ramirez\/#primaryimage","url":"http:\/\/www.isletasnoticias.com.ar\/%77%70%2d%63%6f%6e%74%65%6e%74\/uploads\/2013\/03\/pusi-300x202.jpg","contentUrl":"http:\/\/www.isletasnoticias.com.ar\/%77%70%2d%63%6f%6e%74%65%6e%74\/uploads\/2013\/03\/pusi-300x202.jpg"},{"@type":"BreadcrumbList","@id":"https:\/\/informelitoral.com.ar\/ultiman-detalles-en-el-nuevo-kartodromo-de-ramirez\/#breadcrumb","itemListElement":[{"@type":"ListItem","position":1,"name":"Portada","item":"https:\/\/informelitoral.com.ar\/"},{"@type":"ListItem","position":2,"name":"Ultiman detalles en el nuevo kart\u00f3dromo de Ram\u00edrez"}]},{"@type":"WebSite","@id":"https:\/\/informelitoral.com.ar\/#website","url":"https:\/\/informelitoral.com.ar\/","name":"Informe Litoral","description":"&quot;Nos informamos&quot; ","publisher":{"@id":"https:\/\/informelitoral.com.ar\/#organization"},"potentialAction":[{"@type":"SearchAction","target":{"@type":"EntryPoint","urlTemplate":"https:\/\/informelitoral.com.ar\/?s={search_term_string}"},"query-input":{"@type":"PropertyValueSpecification","valueRequired":true,"valueName":"search_term_string"}}],"inLanguage":"es"},{"@type":"Organization","@id":"https:\/\/informelitoral.com.ar\/#organization","name":"Informe Litoral","url":"https:\/\/informelitoral.com.ar\/","logo":{"@type":"ImageObject","inLanguage":"es","@id":"https:\/\/informelitoral.com.ar\/#\/schema\/logo\/image\/","url":"https:\/\/informelitoral.com.ar\/%77%70%2d%63%6f%6e%74%65%6e%74\/uploads\/2021\/01\/circulo.png","contentUrl":"https:\/\/informelitoral.com.ar\/%77%70%2d%63%6f%6e%74%65%6e%74\/uploads\/2021\/01\/circulo.png","width":723,"height":731,"caption":"Informe Litoral"},"image":{"@id":"https:\/\/informelitoral.com.ar\/#\/schema\/logo\/image\/"},"sameAs":["https:\/\/www.facebook.com\/informelitoral\/","https:\/\/x.com\/InformeLitoral","https:\/\/www.instagram.com\/informelitoral\/","https:\/\/www.youtube.com\/channel\/UCua4Qvz8Icb6MYqhoq9xLXw"]},{"@type":"Person","@id":"https:\/\/informelitoral.com.ar\/#\/schema\/person\/b9d00407c836482871ef1d57bf8e3180","name":"Gonzalo Schmidt","image":{"@type":"ImageObject","inLanguage":"es","@id":"https:\/\/secure.gravatar.com\/avatar\/31a1a7b66ff2de83bd0e9fd79d026630d2d99e55e8bfe501287647b4fd9743de?s=96&d=mm&r=g","url":"https:\/\/secure.gravatar.com\/avatar\/31a1a7b66ff2de83bd0e9fd79d026630d2d99e55e8bfe501287647b4fd9743de?s=96&d=mm&r=g","contentUrl":"https:\/\/secure.gravatar.com\/avatar\/31a1a7b66ff2de83bd0e9fd79d026630d2d99e55e8bfe501287647b4fd9743de?s=96&d=mm&r=g","caption":"Gonzalo Schmidt"},"description":"Sitio web de noticias de la provincia de Entre R\u00edos, Argentina. Informaci\u00f3n y entretenimiento. Informe Litoral, nos informamos.","sameAs":["http:\/\/www.isletasnoticias.com.ar"],"url":"https:\/\/informelitoral.com.ar\/author\/gonzalo\/"}]}},"_links":{"self":[{"href":"https:\/\/informelitoral.com.ar\/%77%70%2d%6a%73%6f%6e\/wp\/v2\/posts\/400","targetHints":{"allow":["GET"]}}],"collection":[{"href":"https:\/\/informelitoral.com.ar\/%77%70%2d%6a%73%6f%6e\/wp\/v2\/posts"}],"about":[{"href":"https:\/\/informelitoral.com.ar\/%77%70%2d%6a%73%6f%6e\/wp\/v2\/types\/post"}],"author":[{"embeddable":true,"href":"https:\/\/informelitoral.com.ar\/%77%70%2d%6a%73%6f%6e\/wp\/v2\/users\/2"}],"replies":[{"embeddable":true,"href":"https:\/\/informelitoral.com.ar\/%77%70%2d%6a%73%6f%6e\/wp\/v2\/comments?post=400"}],"version-history":[{"count":0,"href":"https:\/\/informelitoral.com.ar\/%77%70%2d%6a%73%6f%6e\/wp\/v2\/posts\/400\/revisions"}],"wp:attachment":[{"href":"https:\/\/informelitoral.com.ar\/%77%70%2d%6a%73%6f%6e\/wp\/v2\/media?parent=400"}],"wp:term":[{"taxonomy":"category","embeddable":true,"href":"https:\/\/informelitoral.com.ar\/%77%70%2d%6a%73%6f%6e\/wp\/v2\/categories?post=400"},{"taxonomy":"post_tag","embeddable":true,"href":"https:\/\/informelitoral.com.ar\/%77%70%2d%6a%73%6f%6e\/wp\/v2\/tags?post=400"}],"curies":[{"name":"wp","href":"https:\/\/api.w.org\/{rel}","templated":true}]}}