{"id":39675,"date":"2020-01-29T09:30:25","date_gmt":"2020-01-29T12:30:25","guid":{"rendered":"https:\/\/www.isletasnoticias.com.ar\/?p=39675"},"modified":"2020-01-29T09:30:25","modified_gmt":"2020-01-29T12:30:25","slug":"duras-criticas-tras-la-designacion-de-macri-en-la-fifa","status":"publish","type":"post","link":"https:\/\/informelitoral.com.ar\/duras-criticas-tras-la-designacion-de-macri-en-la-fifa\/","title":{"rendered":"Duras cr\u00edticas tras la designaci\u00f3n de Macri en la FIFA"},"content":{"rendered":"<div class=\"row pb-content-type-text\">\n<div class=\"col-xs-12 col-print-12\">\n<p class=\"element element-paragraph\"><b>Rodolfo D\u2019Onofrio y Marcelo Tinelli fueron muy duros con la FIFA<\/b>\u00a0<b>luego de que<\/b>\u00a0el organismo mundial\u00a0<b>designara a\u00a0<\/b><b>Mauricio Macri<\/b>\u00a0como presidente ejecutivo de su\u00a0<b>Fundaci\u00f3n<\/b><b>.<\/b><\/p>\n<\/div>\n<\/div>\n<div class=\"row pb-content-type-text\">\n<div class=\"col-xs-12 col-print-12\">\n<p class=\"element element-paragraph\">Con duras publicaciones en sus cuentas de\u00a0<i>Twitter<\/i>, los presidentes de River y San Lorenzo, respectivamente,\u00a0<b>calificaron como \u201clamentable\u201d la decisi\u00f3n del \u00f3rgano que rige el f\u00fatbol mundial<\/b>\u00a0de elegir al ex mandatario de Argentina al frente de la organizaci\u00f3n creada en 2018 y que se encarga de impulsar diversas acciones ben\u00e9ficas alrededor del mundo.<\/p>\n<\/div>\n<\/div>\n<div class=\"row pb-content-type-text\">\n<div class=\"col-xs-12 col-print-12\">\n<p class=\"element element-paragraph\"><b>\u201cEs lamentable que el ex presidente que nos dej\u00f3 una deuda casi impagable, mas de 50% de pobreza&#8230; enemigo de las sociedades civiles en el f\u00fatbol&#8230; y responsable de los \u00faltimos 4 a\u00f1os en el manejo que vive el f\u00fatbol argentino, haya sido nombrado al frente de Fundaci\u00f3n FIFA\u201d<\/b>, escribi\u00f3 Rodolfo\u00a0<b>D\u2019Onofrio\u00a0<\/b>en su cuenta de la red social.<\/p>\n<\/div>\n<\/div>\n<div class=\"row pb-content-type-image\">\n<figure class=\"element element-image col-xs-12\">\n<div class=\"single-image\">\n<div class=\"shares\">\n<div class=\"share-button facebook\" data-url=\"https:\/\/www.infobae.com\/deportes-2\/2020\/01\/28\/dura-critica-de-rodolfo-donofrio-y-marcelo-tinelli-a-la-fifa-por-la-designacion-de-mauricio-macri-es-lamentable\/%23TOODCRTGQBGVPDVOMEXNYUWRTU\" data-original=\"https:\/\/arc-anglerfish-arc2-prod-infobae.s3.amazonaws.com\/public\/TOODCRTGQBGVPDVOMEXNYUWRTU.jpg\"><\/div>\n<\/div>\n<p><img decoding=\"async\" id=\"TOODCRTGQBGVPDVOMEXNYUWRTU\" class=\"image-lazy aligncenter\" src=\"https:\/\/www.infobae.com\/new-resizer\/CT0Ukyyp0_wZcJ8gDZTW1V1yHq8=\/750x0\/filters:quality(100)\/arc-anglerfish-arc2-prod-infobae.s3.amazonaws.com\/public\/TOODCRTGQBGVPDVOMEXNYUWRTU.jpg\" alt=\"\" width=\"750\" height=\"378.57142857142856\" data-url=\"https:\/\/www.infobae.com\/deportes-2\/2020\/01\/28\/dura-critica-de-rodolfo-donofrio-y-marcelo-tinelli-a-la-fifa-por-la-designacion-de-mauricio-macri-es-lamentable\/%23TOODCRTGQBGVPDVOMEXNYUWRTU\" data-original=\"https:\/\/www.infobae.com\/new-resizer\/CT0Ukyyp0_wZcJ8gDZTW1V1yHq8=\/750x0\/filters:quality(100)\/arc-anglerfish-arc2-prod-infobae.s3.amazonaws.com\/public\/TOODCRTGQBGVPDVOMEXNYUWRTU.jpg\" \/><\/div><figcaption class=\"\"><\/figcaption><\/figure>\n<\/div>\n<div class=\"row pb-content-type-text\">\n<div id=\"\" class=\"wrapper clearfix pb-feature pb-layout-item pb-f-ads-dfp left-align\">\n<div id=\"inline\" class=\"ad-slot\">\n<div id=\"inline_ad\" data-google-query-id=\"CPGovZXnqOcCFQQFuQYdd2kB7A\">\n<div id=\"google_ads_iframe_\/1058609\/infobae\/deportes\/nota\/inline_0__container__\"><\/div>\n<\/div>\n<\/div>\n<\/div>\n<div class=\"col-xs-12 col-print-12\">\n<p class=\"element element-paragraph\">Por su parte, Marcelo Tinelli public\u00f3:\u00a0<b>\u201cMe parece lamentable\u00a0<\/b>que una persona que sin ning\u00fan pudor y siendo PRESIDENTE, manifest\u00f3 que ven\u00eda dici\u00e9ndole a sus colaboradores que los mercados no nos iban a dar m\u00e1s plata y que nos \u00edbamos a la mierda\u201d, hoy sea distinguido en FIFA.<b>\u00a0Triste noticia para los que amamos el f\u00fatbol\u00bb.<\/b><\/p>\n<\/div>\n<\/div>\n<div class=\"row pb-content-type-image\">\n<figure class=\"element element-image col-xs-12\">\n<div class=\"single-image\">\n<div class=\"shares\">\n<div class=\"share-button facebook\" data-url=\"https:\/\/www.infobae.com\/deportes-2\/2020\/01\/28\/dura-critica-de-rodolfo-donofrio-y-marcelo-tinelli-a-la-fifa-por-la-designacion-de-mauricio-macri-es-lamentable\/%23TN7RQYZ6IFGFLCEOLQDME3VY6I\" data-original=\"https:\/\/arc-anglerfish-arc2-prod-infobae.s3.amazonaws.com\/public\/TN7RQYZ6IFGFLCEOLQDME3VY6I.jpg\"><\/div>\n<\/div>\n<p><img decoding=\"async\" id=\"TN7RQYZ6IFGFLCEOLQDME3VY6I\" class=\"image-lazy aligncenter\" src=\"https:\/\/www.infobae.com\/new-resizer\/pPLSX2AqNsWYoc7lbhYYlA6tmZc=\/750x0\/filters:quality(100)\/arc-anglerfish-arc2-prod-infobae.s3.amazonaws.com\/public\/TN7RQYZ6IFGFLCEOLQDME3VY6I.jpg\" alt=\"\" width=\"750\" height=\"338.9830508474576\" data-url=\"https:\/\/www.infobae.com\/deportes-2\/2020\/01\/28\/dura-critica-de-rodolfo-donofrio-y-marcelo-tinelli-a-la-fifa-por-la-designacion-de-mauricio-macri-es-lamentable\/%23TN7RQYZ6IFGFLCEOLQDME3VY6I\" data-original=\"https:\/\/www.infobae.com\/new-resizer\/pPLSX2AqNsWYoc7lbhYYlA6tmZc=\/750x0\/filters:quality(100)\/arc-anglerfish-arc2-prod-infobae.s3.amazonaws.com\/public\/TN7RQYZ6IFGFLCEOLQDME3VY6I.jpg\" \/><\/div><figcaption class=\"\"><\/figcaption><\/figure>\n<\/div>\n<div class=\"row pb-content-type-text\">\n<div class=\"col-xs-12 col-print-12\">\n<p class=\"element element-paragraph\">Otro presidente que habl\u00f3 sobre el nombramiento de Macri fue el flamante mandatario de\u00a0<b>Boca, Jorge Amor Ameal,\u00a0<\/b>que en di\u00e1logo con Radio Continental sostuvo:<b>\u00a0\u201cLa AFA est\u00e1 adherida a la FIFA, el presidente de FIFA tendr\u00eda que haber consultado con todos los clubes para que nosotros tomemos una decisi\u00f3n.<\/b>\u00a0<b>No estoy de acuerdo para nada con el nombramiento.<\/b>\u00a0Los dirigentes pol\u00edticos tienen que hacer pol\u00edtica y los dirigentes deportivos dedicarnos a los clubes, como lo hacemos. No se pueden mezclar las cosas y me parece que la FIFA no es un premio consuelo\u201d.<\/p>\n<\/div>\n<\/div>\n<div class=\"row pb-content-type-text\">\n<div class=\"col-xs-12 col-print-12\">\n<p class=\"element element-paragraph\">Tambi\u00e9n se expidi\u00f3 al respecto la\u00a0<b>Superliga Argentina de F\u00fatbol<\/b>, como entidad que regula el campeonato de Primera Divisi\u00f3n.\u00a0<b>\u201cLa SAF, como integrante del f\u00fatbol argentino, ve con preocupaci\u00f3n la reciente designaci\u00f3n de Mauricio Macri como Presidente Ejecutivo de la Fundaci\u00f3n FIFA, cuyo objetivo es contribuir a la promoci\u00f3n de un cambio social positivo<\/b>\u201d, expres\u00f3 el organismo en su cuenta oficial de Twitter.<\/p>\n<blockquote class=\"twitter-tweet\" data-width=\"550\" data-dnt=\"true\">\n<p lang=\"es\" dir=\"ltr\">La <a href=\"https:\/\/twitter.com\/hashtag\/SAF?src=hash&amp;ref_src=twsrc%5Etfw\">#SAF<\/a>, como integrante del f\u00fatbol argentino, ve con preocupaci\u00f3n la reciente designaci\u00f3n de Mauricio Macri como Presidente Ejecutivo de la Fundaci\u00f3n FIFA, cuyo objetivo es contribuir a la promoci\u00f3n de un cambio social positivo.<a href=\"https:\/\/t.co\/fmD96dq4T5\">https:\/\/t.co\/fmD96dq4T5<\/a><\/p>\n<p>&mdash; Superliga Argentina (@superliga) <a href=\"https:\/\/twitter.com\/superliga\/status\/1222197015892897799?ref_src=twsrc%5Etfw\">January 28, 2020<\/a><\/p><\/blockquote>\n<p><script async src=\"https:\/\/platform.twitter.com\/widgets.js\" charset=\"utf-8\"><\/script><\/p>\n<p>&nbsp;<\/p>\n<\/div>\n<\/div>\n<div class=\"row pb-content-type-oembed_response\">\n<div class=\"col-xs-12 col-print-12\">\n<div class=\"element element-oembed\">\n<div class=\"SandboxRoot env-bp-350\" data-twitter-event-id=\"0\">\n<div class=\"resize-sensor\">\n<div class=\"resize-sensor-expand\">\n<div>El nombramiento del ex presidente de la Rep\u00fablica Argentina, Mauricio Macri, como presidente ejecutivo de la Fundaci\u00f3n FIFA fue anunciado este martes. El organismo se cre\u00f3 en 2018 y se encarga de incentivar un cambio social positivo y de reconstruir infraestructuras deportivas da\u00f1adas alrededor del mundo.<\/div>\n<div><\/div>\n<\/div>\n<\/div>\n<\/div>\n<\/div>\n<\/div>\n<\/div>\n<div class=\"row pb-content-type-text\">\n<div class=\"col-xs-12 col-print-12\">\n<p class=\"element element-paragraph\"><b>\u201cEs un grand\u00edsimo placer y todo un honor poder anunciar que Mauricio Macri asumir\u00e1 este cargo al frente de la Fundaci\u00f3n FIFA<\/b>\u00a0\u2014destac\u00f3 el presidente de la FIFA y parte de la Junta de la Fundaci\u00f3n, Gianni Infantino\u2014.\u00a0<b>Mauricio tiene el perfil ideal para liderar este proyecto<\/b>, que quiere poner el f\u00fatbol al servicio de la sociedad. A trav\u00e9s de su experiencia como l\u00edder de una gran naci\u00f3n conoce el rol central que tiene la educaci\u00f3n para el futuro de nuestras sociedades y, como dirigente de uno de los clubes de f\u00fatbol de mayor \u00e9xito, sabe la fuerza y la pasi\u00f3n \u00fanicas que genera nuestro deporte. Su experiencia y visi\u00f3n de futuro permitir\u00e1n, sin duda, que nuestra fundaci\u00f3n intensifique su labor y ampl\u00ede su \u00e1mbito de acci\u00f3n para contribuir a mejoras sociales en todo el mundo\u201d.<\/p>\n<\/div>\n<\/div>\n<div class=\"row pb-content-type-text\">\n<div class=\"col-xs-12 col-print-12\">\n<p class=\"element element-paragraph\"><b>Macri<\/b>, por su parte,\u00a0<b>se mostr\u00f3 orgulloso<\/b>\u00a0de haber sido elegido para ese rol:\u00a0<b>\u201cEs un honor y una satisfacci\u00f3n enorme<\/b>\u00a0haber sido designado presidente ejecutivo de la Fundaci\u00f3n FIFA.\u00a0<b>Agradezco al presidente Infantino por esta muestra de confianza y por darme la oportunidad de combinar mis tres pasiones: la educaci\u00f3n, el f\u00fatbol y trabajar por los j\u00f3venes, para que tengan un mejor futuro\u00bb.<\/b><\/p>\n<\/div>\n<\/div>\n<div class=\"row pb-content-type-text\">\n<div class=\"col-xs-12 col-print-12\">\n<p class=\"element element-paragraph\">De esta manera,\u00a0<b>Macri volver\u00e1 a tener un rol activo en el mundo del f\u00fatbol luego de su extensa trayectoria como m\u00e1ximo directivo de Boca<\/b>\u00a0Juniors entre 1995 y 2007. Tras ese ciclo exitoso en uno de los clubes m\u00e1s importantes del pa\u00eds, inici\u00f3 su<b>\u00a0recorrido en la pol\u00edtica nacional: fue elegido jefe de Gobierno<\/b>\u00a0<b>de la Ciudad<\/b>\u00a0Aut\u00f3noma de Buenos Aires en el 2007 y permaneci\u00f3 en ese cargo hasta el 2015. Ese a\u00f1o gan\u00f3 las\u00a0<b>elecciones presidenciales de la Naci\u00f3n y lider\u00f3 al pa\u00eds entre 2015<\/b>\u00a0y 2019.<\/p>\n<\/div>\n<\/div>\n<div class=\"row pb-content-type-image\">\n<figure class=\"element element-image col-xs-12\">\n<div class=\"single-image\">\n<div class=\"shares\">\n<div class=\"share-button facebook\" data-url=\"https:\/\/www.infobae.com\/deportes-2\/2020\/01\/28\/dura-critica-de-rodolfo-donofrio-y-marcelo-tinelli-a-la-fifa-por-la-designacion-de-mauricio-macri-es-lamentable\/%235GNCESA62RHFNNUGJYEXX3FBE4\" data-original=\"https:\/\/arc-anglerfish-arc2-prod-infobae.s3.amazonaws.com\/public\/5GNCESA62RHFNNUGJYEXX3FBE4.jpg\"><\/div>\n<\/div>\n<p><img decoding=\"async\" id=\"5GNCESA62RHFNNUGJYEXX3FBE4\" class=\"image-lazy\" src=\"https:\/\/www.infobae.com\/new-resizer\/ytwl4eqv4akxcutVnH-RvOuXyXQ=\/750x0\/filters:quality(100)\/arc-anglerfish-arc2-prod-infobae.s3.amazonaws.com\/public\/5GNCESA62RHFNNUGJYEXX3FBE4.jpg\" alt=\"Mauricio Macri junto a Gianni Infatino (Prensa Presidencia)\" width=\"750\" height=\"421.875\" data-url=\"https:\/\/www.infobae.com\/deportes-2\/2020\/01\/28\/dura-critica-de-rodolfo-donofrio-y-marcelo-tinelli-a-la-fifa-por-la-designacion-de-mauricio-macri-es-lamentable\/%235GNCESA62RHFNNUGJYEXX3FBE4\" data-original=\"https:\/\/www.infobae.com\/new-resizer\/ytwl4eqv4akxcutVnH-RvOuXyXQ=\/750x0\/filters:quality(100)\/arc-anglerfish-arc2-prod-infobae.s3.amazonaws.com\/public\/5GNCESA62RHFNNUGJYEXX3FBE4.jpg\" \/><\/div><figcaption class=\"\"><em><span class=\"credit\">Mauricio Macri junto a Gianni Infatino (Prensa Presidencia)<\/span><\/em><\/figcaption><\/figure>\n<\/div>\n<div class=\"row pb-content-type-text\">\n<div class=\"col-xs-12 col-print-12\">\n<p class=\"element element-paragraph\"><b>La Fundaci\u00f3n FIFA naci\u00f3 en el 2018 como entidad independiente respaldada por la FIFA, con el objetivo de contribuir a la promoci\u00f3n de un cambio social positivo.\u00a0<\/b>Su director general es el ex futbolista franc\u00e9s \u2013y campe\u00f3n del mundo\u2013 Youri Djorkaeff y su enfoque prioritario es la educaci\u00f3n a trav\u00e9s del programa Football for Schools, que se lanz\u00f3 en 2019 y al que la FIFA ya ha asignado un presupuesto de 100 millones de d\u00f3lares. Adem\u00e1s, la FIFA tiene el objetivo de recaudar, junto con socios de todo el mundo y de diferentes sectores, mil millones de d\u00f3lares para invertirlos en programas educativos.<\/p>\n<\/div>\n<\/div>\n<div class=\"row pb-content-type-text\">\n<div class=\"col-xs-12 col-print-12\">\n<p class=\"element element-paragraph\"><b>La Fundaci\u00f3n FIFA cuenta con el apoyo econ\u00f3mico del ente que regula el f\u00fatbol a nivel mundial y tambi\u00e9n con la contribuci\u00f3n de las denominadas \u201cFIFA Legends\u201d,<\/b>\u00a0un programa que se dise\u00f1\u00f3 para reunir a los\u00a0<b>antiguos jugadores y entrenadores m\u00e1s reconocidos<\/b>\u00a0tanto en el f\u00fatbol femenino como el masculino con la idea de promover y apoyar al deporte en todo el planeta.<\/p>\n<\/div>\n<\/div>\n<div class=\"row pb-content-type-text\">\n<div class=\"col-xs-12 col-print-12\">\n<p class=\"element element-paragraph\"><b>\u201cEl f\u00fatbol tiene la ventaja de llegar a millones de j\u00f3venes y ense\u00f1arles valores y herramientas que les van a servir para toda la vida<\/b>\u00a0y para sus trabajos en el futuro, como el trabajo en equipo, el esfuerzo y el respeto por el otro. Adem\u00e1s,\u00a0<b>a trav\u00e9s del f\u00fatbol, se pueden abordar tem\u00e1ticas m\u00e1s complejas, como la violencia, el uso de drogas o la obesidad\u201d<\/b>, analiz\u00f3 el flamante presidente ejecutivo de la FIFA.<\/p>\n<\/div>\n<\/div>\n<div class=\"row pb-content-type-text\">\n<div class=\"col-xs-12 col-print-12\">\n<p class=\"element element-paragraph\"><b>\u201cTal como lo plante\u00e9 durante mi presidencia del G-20, la educaci\u00f3n es una herramienta igualadora de oportunidades<\/b>\u00a0<b>y, de la mano del f\u00fatbol, puede ayudar a construir puentes<\/b>\u00a0y contribuir al progreso global. Esta designaci\u00f3n es tambi\u00e9n gracias a la Argentina, que le dio y le da a este maravilloso deporte leyendas \u00fanicas, an\u00e9cdotas que se marcan para siempre en la historia del f\u00fatbol y una hinchada que se hace sentir en todo el planeta\u00bb,\u00a0<b>agreg\u00f3 Macri.<\/b><\/p>\n<\/div>\n<\/div>\n<div class=\"row pb-content-type-text\">\n<div class=\"col-xs-12 col-print-12\">\n<p class=\"element element-paragraph\">Cabe destacar que en junio del 2019,\u00a0<b>la FIFA le entreg\u00f3 el premio Living Football Award a Macri<\/b>\u00a0en Zurich (Suiza). Fue la\u00a0<b>primera edici\u00f3n de un reconocimiento<\/b>\u00a0que el m\u00e1ximo organismo del f\u00fatbol le entregar\u00e1\u00a0<b>a personalidades destacadas del mundo<\/b> por las acciones que desarrollaron en el f\u00fatbol. <em>(Fuente: Infobae)<\/em><\/p>\n<\/div>\n<\/div>\n","protected":false},"excerpt":{"rendered":"<p>Los presidentes de River, San Lorenzo y Boca, respectivamente, fueron muy duros tras confirmarse que ex mandatario de Argentina estar\u00e1 al frente de la Fundaci\u00f3n FIFA. Tambi\u00e9n la Superliga Argentina de F\u00fatbol se expidi\u00f3 al respecto<\/p>\n","protected":false},"author":2,"featured_media":39676,"comment_status":"open","ping_status":"open","sticky":false,"template":"","format":"standard","meta":{"fifu_image_url":"","fifu_image_alt":"","footnotes":""},"categories":[13],"tags":[504,705,57,80],"class_list":{"0":"post-39675","1":"post","2":"type-post","3":"status-publish","4":"format-standard","5":"has-post-thumbnail","7":"category-deportes","8":"tag-afa","9":"tag-fifa","10":"tag-futbol","11":"tag-mauricio-macri"},"yoast_head":"<title>Duras cr\u00edticas tras la designaci\u00f3n de Macri en la FIFA - Informe Litoral<\/title>\n<meta name=\"robots\" content=\"index, follow, max-snippet:-1, max-image-preview:large, max-video-preview:-1\" \/>\n<link rel=\"canonical\" href=\"https:\/\/informelitoral.com.ar\/duras-criticas-tras-la-designacion-de-macri-en-la-fifa\/\" \/>\n<meta property=\"og:locale\" content=\"es_ES\" \/>\n<meta property=\"og:type\" content=\"article\" \/>\n<meta property=\"og:title\" content=\"Duras cr\u00edticas tras la designaci\u00f3n de Macri en la FIFA - Informe Litoral\" \/>\n<meta property=\"og:description\" content=\"Los presidentes de River, San Lorenzo y Boca, respectivamente, fueron muy duros tras confirmarse que ex mandatario de Argentina estar\u00e1 al frente de la Fundaci\u00f3n FIFA. Tambi\u00e9n la Superliga Argentina de F\u00fatbol se expidi\u00f3 al respecto\" \/>\n<meta property=\"og:url\" content=\"https:\/\/informelitoral.com.ar\/duras-criticas-tras-la-designacion-de-macri-en-la-fifa\/\" \/>\n<meta property=\"og:site_name\" content=\"Informe Litoral\" \/>\n<meta property=\"article:publisher\" content=\"https:\/\/www.facebook.com\/informelitoral\/\" \/>\n<meta property=\"article:published_time\" content=\"2020-01-29T12:30:25+00:00\" \/>\n<meta property=\"og:image\" content=\"https:\/\/informelitoral.com.ar\/%77%70%2d%63%6f%6e%74%65%6e%74\/uploads\/2020\/01\/MAURICIO-MACRI-FIFA.jpg\" \/>\n\t<meta property=\"og:image:width\" content=\"1440\" \/>\n\t<meta property=\"og:image:height\" content=\"630\" \/>\n\t<meta property=\"og:image:type\" content=\"image\/jpeg\" \/>\n<meta name=\"author\" content=\"Gonzalo Schmidt\" \/>\n<meta name=\"twitter:card\" content=\"summary_large_image\" \/>\n<meta name=\"twitter:creator\" content=\"@InformeLitoral\" \/>\n<meta name=\"twitter:site\" content=\"@InformeLitoral\" \/>\n<meta name=\"twitter:label1\" content=\"Escrito por\" \/>\n\t<meta name=\"twitter:data1\" content=\"Gonzalo Schmidt\" \/>\n\t<meta name=\"twitter:label2\" content=\"Tiempo de lectura\" \/>\n\t<meta name=\"twitter:data2\" content=\"6 minutos\" \/>\n<script type=\"application\/ld+json\" class=\"yoast-schema-graph\">{\"@context\":\"https:\\\/\\\/schema.org\",\"@graph\":[{\"@type\":\"Article\",\"@id\":\"https:\\\/\\\/informelitoral.com.ar\\\/duras-criticas-tras-la-designacion-de-macri-en-la-fifa\\\/#article\",\"isPartOf\":{\"@id\":\"https:\\\/\\\/informelitoral.com.ar\\\/duras-criticas-tras-la-designacion-de-macri-en-la-fifa\\\/\"},\"author\":{\"name\":\"Gonzalo Schmidt\",\"@id\":\"https:\\\/\\\/informelitoral.com.ar\\\/#\\\/schema\\\/person\\\/b9d00407c836482871ef1d57bf8e3180\"},\"headline\":\"Duras cr\u00edticas tras la designaci\u00f3n de Macri en la FIFA\",\"datePublished\":\"2020-01-29T12:30:25+00:00\",\"mainEntityOfPage\":{\"@id\":\"https:\\\/\\\/informelitoral.com.ar\\\/duras-criticas-tras-la-designacion-de-macri-en-la-fifa\\\/\"},\"wordCount\":1165,\"commentCount\":0,\"publisher\":{\"@id\":\"https:\\\/\\\/informelitoral.com.ar\\\/#organization\"},\"image\":{\"@id\":\"https:\\\/\\\/informelitoral.com.ar\\\/duras-criticas-tras-la-designacion-de-macri-en-la-fifa\\\/#primaryimage\"},\"thumbnailUrl\":\"https:\\\/\\\/informelitoral.com.ar\\\/%77%70%2d%63%6f%6e%74%65%6e%74\\\/uploads\\\/2020\\\/01\\\/MAURICIO-MACRI-FIFA.jpg\",\"keywords\":[\"AFA\",\"FIFA\",\"F\u00fatbol\",\"Mauricio Macri\"],\"articleSection\":[\"Deportes\"],\"inLanguage\":\"es\",\"potentialAction\":[{\"@type\":\"CommentAction\",\"name\":\"Comment\",\"target\":[\"https:\\\/\\\/informelitoral.com.ar\\\/duras-criticas-tras-la-designacion-de-macri-en-la-fifa\\\/#respond\"]}]},{\"@type\":\"WebPage\",\"@id\":\"https:\\\/\\\/informelitoral.com.ar\\\/duras-criticas-tras-la-designacion-de-macri-en-la-fifa\\\/\",\"url\":\"https:\\\/\\\/informelitoral.com.ar\\\/duras-criticas-tras-la-designacion-de-macri-en-la-fifa\\\/\",\"name\":\"Duras cr\u00edticas tras la designaci\u00f3n de Macri en la FIFA - Informe Litoral\",\"isPartOf\":{\"@id\":\"https:\\\/\\\/informelitoral.com.ar\\\/#website\"},\"primaryImageOfPage\":{\"@id\":\"https:\\\/\\\/informelitoral.com.ar\\\/duras-criticas-tras-la-designacion-de-macri-en-la-fifa\\\/#primaryimage\"},\"image\":{\"@id\":\"https:\\\/\\\/informelitoral.com.ar\\\/duras-criticas-tras-la-designacion-de-macri-en-la-fifa\\\/#primaryimage\"},\"thumbnailUrl\":\"https:\\\/\\\/informelitoral.com.ar\\\/%77%70%2d%63%6f%6e%74%65%6e%74\\\/uploads\\\/2020\\\/01\\\/MAURICIO-MACRI-FIFA.jpg\",\"datePublished\":\"2020-01-29T12:30:25+00:00\",\"breadcrumb\":{\"@id\":\"https:\\\/\\\/informelitoral.com.ar\\\/duras-criticas-tras-la-designacion-de-macri-en-la-fifa\\\/#breadcrumb\"},\"inLanguage\":\"es\",\"potentialAction\":[{\"@type\":\"ReadAction\",\"target\":[\"https:\\\/\\\/informelitoral.com.ar\\\/duras-criticas-tras-la-designacion-de-macri-en-la-fifa\\\/\"]}]},{\"@type\":\"ImageObject\",\"inLanguage\":\"es\",\"@id\":\"https:\\\/\\\/informelitoral.com.ar\\\/duras-criticas-tras-la-designacion-de-macri-en-la-fifa\\\/#primaryimage\",\"url\":\"https:\\\/\\\/informelitoral.com.ar\\\/%77%70%2d%63%6f%6e%74%65%6e%74\\\/uploads\\\/2020\\\/01\\\/MAURICIO-MACRI-FIFA.jpg\",\"contentUrl\":\"https:\\\/\\\/informelitoral.com.ar\\\/%77%70%2d%63%6f%6e%74%65%6e%74\\\/uploads\\\/2020\\\/01\\\/MAURICIO-MACRI-FIFA.jpg\",\"width\":1440,\"height\":630},{\"@type\":\"BreadcrumbList\",\"@id\":\"https:\\\/\\\/informelitoral.com.ar\\\/duras-criticas-tras-la-designacion-de-macri-en-la-fifa\\\/#breadcrumb\",\"itemListElement\":[{\"@type\":\"ListItem\",\"position\":1,\"name\":\"Portada\",\"item\":\"https:\\\/\\\/informelitoral.com.ar\\\/\"},{\"@type\":\"ListItem\",\"position\":2,\"name\":\"Duras cr\u00edticas tras la designaci\u00f3n de Macri en la FIFA\"}]},{\"@type\":\"WebSite\",\"@id\":\"https:\\\/\\\/informelitoral.com.ar\\\/#website\",\"url\":\"https:\\\/\\\/informelitoral.com.ar\\\/\",\"name\":\"Informe Litoral\",\"description\":\"&quot;Nos informamos&quot; \",\"publisher\":{\"@id\":\"https:\\\/\\\/informelitoral.com.ar\\\/#organization\"},\"potentialAction\":[{\"@type\":\"SearchAction\",\"target\":{\"@type\":\"EntryPoint\",\"urlTemplate\":\"https:\\\/\\\/informelitoral.com.ar\\\/?s={search_term_string}\"},\"query-input\":{\"@type\":\"PropertyValueSpecification\",\"valueRequired\":true,\"valueName\":\"search_term_string\"}}],\"inLanguage\":\"es\"},{\"@type\":\"Organization\",\"@id\":\"https:\\\/\\\/informelitoral.com.ar\\\/#organization\",\"name\":\"Informe Litoral\",\"url\":\"https:\\\/\\\/informelitoral.com.ar\\\/\",\"logo\":{\"@type\":\"ImageObject\",\"inLanguage\":\"es\",\"@id\":\"https:\\\/\\\/informelitoral.com.ar\\\/#\\\/schema\\\/logo\\\/image\\\/\",\"url\":\"https:\\\/\\\/informelitoral.com.ar\\\/%77%70%2d%63%6f%6e%74%65%6e%74\\\/uploads\\\/2021\\\/01\\\/circulo.png\",\"contentUrl\":\"https:\\\/\\\/informelitoral.com.ar\\\/%77%70%2d%63%6f%6e%74%65%6e%74\\\/uploads\\\/2021\\\/01\\\/circulo.png\",\"width\":723,\"height\":731,\"caption\":\"Informe Litoral\"},\"image\":{\"@id\":\"https:\\\/\\\/informelitoral.com.ar\\\/#\\\/schema\\\/logo\\\/image\\\/\"},\"sameAs\":[\"https:\\\/\\\/www.facebook.com\\\/informelitoral\\\/\",\"https:\\\/\\\/x.com\\\/InformeLitoral\",\"https:\\\/\\\/www.instagram.com\\\/informelitoral\\\/\",\"https:\\\/\\\/www.youtube.com\\\/channel\\\/UCua4Qvz8Icb6MYqhoq9xLXw\"]},{\"@type\":\"Person\",\"@id\":\"https:\\\/\\\/informelitoral.com.ar\\\/#\\\/schema\\\/person\\\/b9d00407c836482871ef1d57bf8e3180\",\"name\":\"Gonzalo Schmidt\",\"image\":{\"@type\":\"ImageObject\",\"inLanguage\":\"es\",\"@id\":\"https:\\\/\\\/secure.gravatar.com\\\/avatar\\\/31a1a7b66ff2de83bd0e9fd79d026630d2d99e55e8bfe501287647b4fd9743de?s=96&d=mm&r=g\",\"url\":\"https:\\\/\\\/secure.gravatar.com\\\/avatar\\\/31a1a7b66ff2de83bd0e9fd79d026630d2d99e55e8bfe501287647b4fd9743de?s=96&d=mm&r=g\",\"contentUrl\":\"https:\\\/\\\/secure.gravatar.com\\\/avatar\\\/31a1a7b66ff2de83bd0e9fd79d026630d2d99e55e8bfe501287647b4fd9743de?s=96&d=mm&r=g\",\"caption\":\"Gonzalo Schmidt\"},\"description\":\"Sitio web de noticias de la provincia de Entre R\u00edos, Argentina. Informaci\u00f3n y entretenimiento. Informe Litoral, nos informamos.\",\"sameAs\":[\"http:\\\/\\\/www.isletasnoticias.com.ar\"],\"url\":\"https:\\\/\\\/informelitoral.com.ar\\\/author\\\/gonzalo\\\/\"}]}<\/script>","yoast_head_json":{"title":"Duras cr\u00edticas tras la designaci\u00f3n de Macri en la FIFA - Informe Litoral","robots":{"index":"index","follow":"follow","max-snippet":"max-snippet:-1","max-image-preview":"max-image-preview:large","max-video-preview":"max-video-preview:-1"},"canonical":"https:\/\/informelitoral.com.ar\/duras-criticas-tras-la-designacion-de-macri-en-la-fifa\/","og_locale":"es_ES","og_type":"article","og_title":"Duras cr\u00edticas tras la designaci\u00f3n de Macri en la FIFA - Informe Litoral","og_description":"Los presidentes de River, San Lorenzo y Boca, respectivamente, fueron muy duros tras confirmarse que ex mandatario de Argentina estar\u00e1 al frente de la Fundaci\u00f3n FIFA. Tambi\u00e9n la Superliga Argentina de F\u00fatbol se expidi\u00f3 al respecto","og_url":"https:\/\/informelitoral.com.ar\/duras-criticas-tras-la-designacion-de-macri-en-la-fifa\/","og_site_name":"Informe Litoral","article_publisher":"https:\/\/www.facebook.com\/informelitoral\/","article_published_time":"2020-01-29T12:30:25+00:00","og_image":[{"width":1440,"height":630,"url":"https:\/\/informelitoral.com.ar\/%77%70%2d%63%6f%6e%74%65%6e%74\/uploads\/2020\/01\/MAURICIO-MACRI-FIFA.jpg","type":"image\/jpeg"}],"author":"Gonzalo Schmidt","twitter_card":"summary_large_image","twitter_creator":"@InformeLitoral","twitter_site":"@InformeLitoral","twitter_misc":{"Escrito por":"Gonzalo Schmidt","Tiempo de lectura":"6 minutos"},"schema":{"@context":"https:\/\/schema.org","@graph":[{"@type":"Article","@id":"https:\/\/informelitoral.com.ar\/duras-criticas-tras-la-designacion-de-macri-en-la-fifa\/#article","isPartOf":{"@id":"https:\/\/informelitoral.com.ar\/duras-criticas-tras-la-designacion-de-macri-en-la-fifa\/"},"author":{"name":"Gonzalo Schmidt","@id":"https:\/\/informelitoral.com.ar\/#\/schema\/person\/b9d00407c836482871ef1d57bf8e3180"},"headline":"Duras cr\u00edticas tras la designaci\u00f3n de Macri en la FIFA","datePublished":"2020-01-29T12:30:25+00:00","mainEntityOfPage":{"@id":"https:\/\/informelitoral.com.ar\/duras-criticas-tras-la-designacion-de-macri-en-la-fifa\/"},"wordCount":1165,"commentCount":0,"publisher":{"@id":"https:\/\/informelitoral.com.ar\/#organization"},"image":{"@id":"https:\/\/informelitoral.com.ar\/duras-criticas-tras-la-designacion-de-macri-en-la-fifa\/#primaryimage"},"thumbnailUrl":"https:\/\/informelitoral.com.ar\/%77%70%2d%63%6f%6e%74%65%6e%74\/uploads\/2020\/01\/MAURICIO-MACRI-FIFA.jpg","keywords":["AFA","FIFA","F\u00fatbol","Mauricio Macri"],"articleSection":["Deportes"],"inLanguage":"es","potentialAction":[{"@type":"CommentAction","name":"Comment","target":["https:\/\/informelitoral.com.ar\/duras-criticas-tras-la-designacion-de-macri-en-la-fifa\/#respond"]}]},{"@type":"WebPage","@id":"https:\/\/informelitoral.com.ar\/duras-criticas-tras-la-designacion-de-macri-en-la-fifa\/","url":"https:\/\/informelitoral.com.ar\/duras-criticas-tras-la-designacion-de-macri-en-la-fifa\/","name":"Duras cr\u00edticas tras la designaci\u00f3n de Macri en la FIFA - Informe Litoral","isPartOf":{"@id":"https:\/\/informelitoral.com.ar\/#website"},"primaryImageOfPage":{"@id":"https:\/\/informelitoral.com.ar\/duras-criticas-tras-la-designacion-de-macri-en-la-fifa\/#primaryimage"},"image":{"@id":"https:\/\/informelitoral.com.ar\/duras-criticas-tras-la-designacion-de-macri-en-la-fifa\/#primaryimage"},"thumbnailUrl":"https:\/\/informelitoral.com.ar\/%77%70%2d%63%6f%6e%74%65%6e%74\/uploads\/2020\/01\/MAURICIO-MACRI-FIFA.jpg","datePublished":"2020-01-29T12:30:25+00:00","breadcrumb":{"@id":"https:\/\/informelitoral.com.ar\/duras-criticas-tras-la-designacion-de-macri-en-la-fifa\/#breadcrumb"},"inLanguage":"es","potentialAction":[{"@type":"ReadAction","target":["https:\/\/informelitoral.com.ar\/duras-criticas-tras-la-designacion-de-macri-en-la-fifa\/"]}]},{"@type":"ImageObject","inLanguage":"es","@id":"https:\/\/informelitoral.com.ar\/duras-criticas-tras-la-designacion-de-macri-en-la-fifa\/#primaryimage","url":"https:\/\/informelitoral.com.ar\/%77%70%2d%63%6f%6e%74%65%6e%74\/uploads\/2020\/01\/MAURICIO-MACRI-FIFA.jpg","contentUrl":"https:\/\/informelitoral.com.ar\/%77%70%2d%63%6f%6e%74%65%6e%74\/uploads\/2020\/01\/MAURICIO-MACRI-FIFA.jpg","width":1440,"height":630},{"@type":"BreadcrumbList","@id":"https:\/\/informelitoral.com.ar\/duras-criticas-tras-la-designacion-de-macri-en-la-fifa\/#breadcrumb","itemListElement":[{"@type":"ListItem","position":1,"name":"Portada","item":"https:\/\/informelitoral.com.ar\/"},{"@type":"ListItem","position":2,"name":"Duras cr\u00edticas tras la designaci\u00f3n de Macri en la FIFA"}]},{"@type":"WebSite","@id":"https:\/\/informelitoral.com.ar\/#website","url":"https:\/\/informelitoral.com.ar\/","name":"Informe Litoral","description":"&quot;Nos informamos&quot; ","publisher":{"@id":"https:\/\/informelitoral.com.ar\/#organization"},"potentialAction":[{"@type":"SearchAction","target":{"@type":"EntryPoint","urlTemplate":"https:\/\/informelitoral.com.ar\/?s={search_term_string}"},"query-input":{"@type":"PropertyValueSpecification","valueRequired":true,"valueName":"search_term_string"}}],"inLanguage":"es"},{"@type":"Organization","@id":"https:\/\/informelitoral.com.ar\/#organization","name":"Informe Litoral","url":"https:\/\/informelitoral.com.ar\/","logo":{"@type":"ImageObject","inLanguage":"es","@id":"https:\/\/informelitoral.com.ar\/#\/schema\/logo\/image\/","url":"https:\/\/informelitoral.com.ar\/%77%70%2d%63%6f%6e%74%65%6e%74\/uploads\/2021\/01\/circulo.png","contentUrl":"https:\/\/informelitoral.com.ar\/%77%70%2d%63%6f%6e%74%65%6e%74\/uploads\/2021\/01\/circulo.png","width":723,"height":731,"caption":"Informe Litoral"},"image":{"@id":"https:\/\/informelitoral.com.ar\/#\/schema\/logo\/image\/"},"sameAs":["https:\/\/www.facebook.com\/informelitoral\/","https:\/\/x.com\/InformeLitoral","https:\/\/www.instagram.com\/informelitoral\/","https:\/\/www.youtube.com\/channel\/UCua4Qvz8Icb6MYqhoq9xLXw"]},{"@type":"Person","@id":"https:\/\/informelitoral.com.ar\/#\/schema\/person\/b9d00407c836482871ef1d57bf8e3180","name":"Gonzalo Schmidt","image":{"@type":"ImageObject","inLanguage":"es","@id":"https:\/\/secure.gravatar.com\/avatar\/31a1a7b66ff2de83bd0e9fd79d026630d2d99e55e8bfe501287647b4fd9743de?s=96&d=mm&r=g","url":"https:\/\/secure.gravatar.com\/avatar\/31a1a7b66ff2de83bd0e9fd79d026630d2d99e55e8bfe501287647b4fd9743de?s=96&d=mm&r=g","contentUrl":"https:\/\/secure.gravatar.com\/avatar\/31a1a7b66ff2de83bd0e9fd79d026630d2d99e55e8bfe501287647b4fd9743de?s=96&d=mm&r=g","caption":"Gonzalo Schmidt"},"description":"Sitio web de noticias de la provincia de Entre R\u00edos, Argentina. Informaci\u00f3n y entretenimiento. Informe Litoral, nos informamos.","sameAs":["http:\/\/www.isletasnoticias.com.ar"],"url":"https:\/\/informelitoral.com.ar\/author\/gonzalo\/"}]}},"_links":{"self":[{"href":"https:\/\/informelitoral.com.ar\/%77%70%2d%6a%73%6f%6e\/wp\/v2\/posts\/39675","targetHints":{"allow":["GET"]}}],"collection":[{"href":"https:\/\/informelitoral.com.ar\/%77%70%2d%6a%73%6f%6e\/wp\/v2\/posts"}],"about":[{"href":"https:\/\/informelitoral.com.ar\/%77%70%2d%6a%73%6f%6e\/wp\/v2\/types\/post"}],"author":[{"embeddable":true,"href":"https:\/\/informelitoral.com.ar\/%77%70%2d%6a%73%6f%6e\/wp\/v2\/users\/2"}],"replies":[{"embeddable":true,"href":"https:\/\/informelitoral.com.ar\/%77%70%2d%6a%73%6f%6e\/wp\/v2\/comments?post=39675"}],"version-history":[{"count":0,"href":"https:\/\/informelitoral.com.ar\/%77%70%2d%6a%73%6f%6e\/wp\/v2\/posts\/39675\/revisions"}],"wp:featuredmedia":[{"embeddable":true,"href":"https:\/\/informelitoral.com.ar\/%77%70%2d%6a%73%6f%6e\/wp\/v2\/media\/39676"}],"wp:attachment":[{"href":"https:\/\/informelitoral.com.ar\/%77%70%2d%6a%73%6f%6e\/wp\/v2\/media?parent=39675"}],"wp:term":[{"taxonomy":"category","embeddable":true,"href":"https:\/\/informelitoral.com.ar\/%77%70%2d%6a%73%6f%6e\/wp\/v2\/categories?post=39675"},{"taxonomy":"post_tag","embeddable":true,"href":"https:\/\/informelitoral.com.ar\/%77%70%2d%6a%73%6f%6e\/wp\/v2\/tags?post=39675"}],"curies":[{"name":"wp","href":"https:\/\/api.w.org\/{rel}","templated":true}]}}