{"id":39669,"date":"2020-01-29T07:57:09","date_gmt":"2020-01-29T10:57:09","guid":{"rendered":"https:\/\/www.isletasnoticias.com.ar\/?p=39669"},"modified":"2020-01-29T08:48:56","modified_gmt":"2020-01-29T11:48:56","slug":"recuerdan-que-rige-la-veda-del-surubi-en-entre-rios","status":"publish","type":"post","link":"https:\/\/informelitoral.com.ar\/recuerdan-que-rige-la-veda-del-surubi-en-entre-rios\/","title":{"rendered":"Recuerdan que rige la veda del surub\u00ed en Entre R\u00edos"},"content":{"rendered":"<p>La pesca deportiva est\u00e1 regulada por la resoluci\u00f3n N\u00ba 276 del a\u00f1o 2007 que\u00a0<strong>dispone la veda del surub\u00ed en todo el \u00e1mbito de la provincia desde el 15 de agosto al 15 de marzo de cada a\u00f1o<\/strong>. As\u00ed se inform\u00f3 desde el Ministerio de Producci\u00f3n.<\/p>\n<p>Sin embargo se permite la pesca con devoluci\u00f3n inmediata desde el 16 de marzo al 14 de agosto.\u00a0<strong>Las especies habilitadas son: armado, pat\u00ed, bagre amarillo, pejerrey, boga, dorado, manduvi, tararira y moncholo.\u00a0<\/strong>Asimismo, existen\u00a0<strong>especies cuya captura se encuentra sujeta a una veda absoluta como son manguruyu y pac\u00fa.<\/strong>\u00a0Respecto al\u00a0<strong>dorado su captura se encuentra habilitada s\u00f3lo desde el 1\u00ba de enero hasta el 31 de agosto de cada a\u00f1o.<\/strong><\/p>\n<p>En cuanto a<strong>\u00a0cantidades de piezas cuya captura se permite<\/strong>, s\u00f3lo es posible tomar un ejemplar por d\u00eda y por pescador de las especies boga, dorado, pat\u00ed y surub\u00ed. En tanto, autorizan dos ejemplares de bagre, amarillo, manduv\u00ed, moncholo, pejerey y tararia. Las normas fijan que las cantidades indicadas no son acumulativas y que en tr\u00e1nsito y por veh\u00edculo se permiten solamente las autorizadas por d\u00eda, independientemente del n\u00famero de pescadores habilitados transportados.<\/p>\n<h3><strong>Normas que definen la pesca comercial<\/strong><\/h3>\n<p>En Entre R\u00edos la pesca comercial est\u00e1 regulada no s\u00f3lo por la Ley Provincial de Pesca, sino tambi\u00e9n por resoluciones particulares. En especial se destaca la resoluci\u00f3n 01 del a\u00f1o 2003 que establece los requisitos que deben cumplimentar los interesados en obtener licencia de acopio de pescado, como as\u00ed tambi\u00e9n las caracter\u00edsticas y recaudos que deben respetar los veh\u00edculos en los cuales se efect\u00faa el transporte de los mismos. Respecto a la pesca comercial y las acciones de control que llevan adelante las direcciones de Recursos Naturales y de Fiscalizaci\u00f3n, se destaca la funci\u00f3n de los llamados puertos de fiscalizaci\u00f3n cuyo r\u00e9gimen est\u00e1 dado por la Ley N\u00ba 7156.<\/p>\n<p><span style=\"text-align: center;\">En materia de <\/span><strong style=\"text-align: center;\">acciones de protecci\u00f3n<\/strong><span style=\"text-align: center;\">, el personal t\u00e9cnico trabaja en la elaboraci\u00f3n de un Programa de Registro Biom\u00e9trico de los desembarcos de las capturas comerciales en los puertos de Fiscalizaci\u00f3n de la Provincia de Entre R\u00edos, lo que permitir\u00e1 aportar informaci\u00f3n al Estado de la pesquer\u00eda en la provincia y elaborar planes de manejo, como as\u00ed tambi\u00e9n proyectar las adecuaciones normativas que resulten pertinentes para asegurar la sustentabilidad de la actividad. Esto implica asimismo un trabajo conjunto con los municipios intervinientes.<\/span><\/p>\n<p>En lo relativo a la\u00a0<strong>acciones de control,<\/strong>\u00a0espec\u00edficamente se trabaja con inspectores propios de la Direcci\u00f3n de Fiscalizaci\u00f3n mediante controles de rutina en los frigor\u00edficos, lugares de acopio y desembarco como as\u00ed tambi\u00e9n en los puntos de comercializaci\u00f3n. Asimismo se articula con la fuerza de seguridad provincial fundamentalmente a trav\u00e9s de la Direcci\u00f3n de Abigeato de la Polic\u00eda de la provincia como as\u00ed tambi\u00e9n en forma conjunta con fuerzas federales como Gendarmer\u00eda y Prefectura.<\/p>\n<blockquote class=\"wp-embedded-content\" data-secret=\"xjt7zeN9qG\"><p><a href=\"https:\/\/www.isletasnoticias.com.ar\/denuncian-devastacion-en-el-rio-parana-se-extraen-unos-50-mil-surubies-por-dia\/\">Denuncian devastaci\u00f3n en el r\u00edo Paran\u00e1: se extraen unos 50 mil surub\u00edes por d\u00eda<\/a><\/p><\/blockquote>\n<p><iframe loading=\"lazy\" title=\"&#171;Denuncian devastaci\u00f3n en el r\u00edo Paran\u00e1: se extraen unos 50 mil surub\u00edes por d\u00eda&#187; &#8212; Isletas Noticias\" class=\"wp-embedded-content\" sandbox=\"allow-scripts\" security=\"restricted\" style=\"position: absolute; clip: rect(1px, 1px, 1px, 1px);\" src=\"https:\/\/www.isletasnoticias.com.ar\/denuncian-devastacion-en-el-rio-parana-se-extraen-unos-50-mil-surubies-por-dia\/embed\/#?secret=xjt7zeN9qG\" data-secret=\"xjt7zeN9qG\" width=\"600\" height=\"338\" frameborder=\"0\" marginwidth=\"0\" marginheight=\"0\" scrolling=\"no\"><\/iframe><\/p>\n","protected":false},"excerpt":{"rendered":"<p>Es en todo el \u00e1mbito de la provincia desde el 15 de agosto al 15 de marzo de cada a\u00f1o. Tambi\u00e9n detallan las medidas vigentes para otras especies.<\/p>\n","protected":false},"author":2,"featured_media":39670,"comment_status":"open","ping_status":"open","sticky":false,"template":"","format":"standard","meta":{"fifu_image_url":"","fifu_image_alt":"","footnotes":""},"categories":[6],"tags":[81,249,778,777],"class_list":{"0":"post-39669","1":"post","2":"type-post","3":"status-publish","4":"format-standard","5":"has-post-thumbnail","7":"category-entre-rios","8":"tag-entre-rios","9":"tag-gobierno-provincial","10":"tag-pesca","11":"tag-rio-parana"},"yoast_head":"<title>Recuerdan que rige la veda del surub\u00ed en Entre R\u00edos - Informe Litoral<\/title>\n<meta name=\"robots\" content=\"index, follow, max-snippet:-1, max-image-preview:large, max-video-preview:-1\" \/>\n<link rel=\"canonical\" href=\"https:\/\/informelitoral.com.ar\/recuerdan-que-rige-la-veda-del-surubi-en-entre-rios\/\" \/>\n<meta property=\"og:locale\" content=\"es_ES\" \/>\n<meta property=\"og:type\" content=\"article\" \/>\n<meta property=\"og:title\" content=\"Recuerdan que rige la veda del surub\u00ed en Entre R\u00edos - Informe Litoral\" \/>\n<meta property=\"og:description\" content=\"Es en todo el \u00e1mbito de la provincia desde el 15 de agosto al 15 de marzo de cada a\u00f1o. Tambi\u00e9n detallan las medidas vigentes para otras especies.\" \/>\n<meta property=\"og:url\" content=\"https:\/\/informelitoral.com.ar\/recuerdan-que-rige-la-veda-del-surubi-en-entre-rios\/\" \/>\n<meta property=\"og:site_name\" content=\"Informe Litoral\" \/>\n<meta property=\"article:publisher\" content=\"https:\/\/www.facebook.com\/informelitoral\/\" \/>\n<meta property=\"article:published_time\" content=\"2020-01-29T10:57:09+00:00\" \/>\n<meta property=\"article:modified_time\" content=\"2020-01-29T11:48:56+00:00\" \/>\n<meta property=\"og:image\" content=\"https:\/\/informelitoral.com.ar\/%77%70%2d%63%6f%6e%74%65%6e%74\/uploads\/2020\/01\/1580226547jpg.jpg\" \/>\n\t<meta property=\"og:image:width\" content=\"1920\" \/>\n\t<meta property=\"og:image:height\" content=\"1280\" \/>\n\t<meta property=\"og:image:type\" content=\"image\/jpeg\" \/>\n<meta name=\"author\" content=\"Gonzalo Schmidt\" \/>\n<meta name=\"twitter:card\" content=\"summary_large_image\" \/>\n<meta name=\"twitter:creator\" content=\"@InformeLitoral\" \/>\n<meta name=\"twitter:site\" content=\"@InformeLitoral\" \/>\n<meta name=\"twitter:label1\" content=\"Escrito por\" \/>\n\t<meta name=\"twitter:data1\" content=\"Gonzalo Schmidt\" \/>\n\t<meta name=\"twitter:label2\" content=\"Tiempo de lectura\" \/>\n\t<meta name=\"twitter:data2\" content=\"3 minutos\" \/>\n<script type=\"application\/ld+json\" class=\"yoast-schema-graph\">{\"@context\":\"https:\\\/\\\/schema.org\",\"@graph\":[{\"@type\":\"Article\",\"@id\":\"https:\\\/\\\/informelitoral.com.ar\\\/recuerdan-que-rige-la-veda-del-surubi-en-entre-rios\\\/#article\",\"isPartOf\":{\"@id\":\"https:\\\/\\\/informelitoral.com.ar\\\/recuerdan-que-rige-la-veda-del-surubi-en-entre-rios\\\/\"},\"author\":{\"name\":\"Gonzalo Schmidt\",\"@id\":\"https:\\\/\\\/informelitoral.com.ar\\\/#\\\/schema\\\/person\\\/b9d00407c836482871ef1d57bf8e3180\"},\"headline\":\"Recuerdan que rige la veda del surub\u00ed en Entre R\u00edos\",\"datePublished\":\"2020-01-29T10:57:09+00:00\",\"dateModified\":\"2020-01-29T11:48:56+00:00\",\"mainEntityOfPage\":{\"@id\":\"https:\\\/\\\/informelitoral.com.ar\\\/recuerdan-que-rige-la-veda-del-surubi-en-entre-rios\\\/\"},\"wordCount\":516,\"commentCount\":0,\"publisher\":{\"@id\":\"https:\\\/\\\/informelitoral.com.ar\\\/#organization\"},\"image\":{\"@id\":\"https:\\\/\\\/informelitoral.com.ar\\\/recuerdan-que-rige-la-veda-del-surubi-en-entre-rios\\\/#primaryimage\"},\"thumbnailUrl\":\"https:\\\/\\\/informelitoral.com.ar\\\/%77%70%2d%63%6f%6e%74%65%6e%74\\\/uploads\\\/2020\\\/01\\\/1580226547jpg.jpg\",\"keywords\":[\"Entre R\u00edos\",\"Gobierno provincial\",\"Pesca\",\"R\u00edo Paran\u00e1\"],\"articleSection\":[\"Entre R\u00edos\"],\"inLanguage\":\"es\",\"potentialAction\":[{\"@type\":\"CommentAction\",\"name\":\"Comment\",\"target\":[\"https:\\\/\\\/informelitoral.com.ar\\\/recuerdan-que-rige-la-veda-del-surubi-en-entre-rios\\\/#respond\"]}]},{\"@type\":\"WebPage\",\"@id\":\"https:\\\/\\\/informelitoral.com.ar\\\/recuerdan-que-rige-la-veda-del-surubi-en-entre-rios\\\/\",\"url\":\"https:\\\/\\\/informelitoral.com.ar\\\/recuerdan-que-rige-la-veda-del-surubi-en-entre-rios\\\/\",\"name\":\"Recuerdan que rige la veda del surub\u00ed en Entre R\u00edos - Informe Litoral\",\"isPartOf\":{\"@id\":\"https:\\\/\\\/informelitoral.com.ar\\\/#website\"},\"primaryImageOfPage\":{\"@id\":\"https:\\\/\\\/informelitoral.com.ar\\\/recuerdan-que-rige-la-veda-del-surubi-en-entre-rios\\\/#primaryimage\"},\"image\":{\"@id\":\"https:\\\/\\\/informelitoral.com.ar\\\/recuerdan-que-rige-la-veda-del-surubi-en-entre-rios\\\/#primaryimage\"},\"thumbnailUrl\":\"https:\\\/\\\/informelitoral.com.ar\\\/%77%70%2d%63%6f%6e%74%65%6e%74\\\/uploads\\\/2020\\\/01\\\/1580226547jpg.jpg\",\"datePublished\":\"2020-01-29T10:57:09+00:00\",\"dateModified\":\"2020-01-29T11:48:56+00:00\",\"breadcrumb\":{\"@id\":\"https:\\\/\\\/informelitoral.com.ar\\\/recuerdan-que-rige-la-veda-del-surubi-en-entre-rios\\\/#breadcrumb\"},\"inLanguage\":\"es\",\"potentialAction\":[{\"@type\":\"ReadAction\",\"target\":[\"https:\\\/\\\/informelitoral.com.ar\\\/recuerdan-que-rige-la-veda-del-surubi-en-entre-rios\\\/\"]}]},{\"@type\":\"ImageObject\",\"inLanguage\":\"es\",\"@id\":\"https:\\\/\\\/informelitoral.com.ar\\\/recuerdan-que-rige-la-veda-del-surubi-en-entre-rios\\\/#primaryimage\",\"url\":\"https:\\\/\\\/informelitoral.com.ar\\\/%77%70%2d%63%6f%6e%74%65%6e%74\\\/uploads\\\/2020\\\/01\\\/1580226547jpg.jpg\",\"contentUrl\":\"https:\\\/\\\/informelitoral.com.ar\\\/%77%70%2d%63%6f%6e%74%65%6e%74\\\/uploads\\\/2020\\\/01\\\/1580226547jpg.jpg\",\"width\":1920,\"height\":1280},{\"@type\":\"BreadcrumbList\",\"@id\":\"https:\\\/\\\/informelitoral.com.ar\\\/recuerdan-que-rige-la-veda-del-surubi-en-entre-rios\\\/#breadcrumb\",\"itemListElement\":[{\"@type\":\"ListItem\",\"position\":1,\"name\":\"Portada\",\"item\":\"https:\\\/\\\/informelitoral.com.ar\\\/\"},{\"@type\":\"ListItem\",\"position\":2,\"name\":\"Recuerdan que rige la veda del surub\u00ed en Entre R\u00edos\"}]},{\"@type\":\"WebSite\",\"@id\":\"https:\\\/\\\/informelitoral.com.ar\\\/#website\",\"url\":\"https:\\\/\\\/informelitoral.com.ar\\\/\",\"name\":\"Informe Litoral\",\"description\":\"&quot;Nos informamos&quot; \",\"publisher\":{\"@id\":\"https:\\\/\\\/informelitoral.com.ar\\\/#organization\"},\"potentialAction\":[{\"@type\":\"SearchAction\",\"target\":{\"@type\":\"EntryPoint\",\"urlTemplate\":\"https:\\\/\\\/informelitoral.com.ar\\\/?s={search_term_string}\"},\"query-input\":{\"@type\":\"PropertyValueSpecification\",\"valueRequired\":true,\"valueName\":\"search_term_string\"}}],\"inLanguage\":\"es\"},{\"@type\":\"Organization\",\"@id\":\"https:\\\/\\\/informelitoral.com.ar\\\/#organization\",\"name\":\"Informe Litoral\",\"url\":\"https:\\\/\\\/informelitoral.com.ar\\\/\",\"logo\":{\"@type\":\"ImageObject\",\"inLanguage\":\"es\",\"@id\":\"https:\\\/\\\/informelitoral.com.ar\\\/#\\\/schema\\\/logo\\\/image\\\/\",\"url\":\"https:\\\/\\\/informelitoral.com.ar\\\/%77%70%2d%63%6f%6e%74%65%6e%74\\\/uploads\\\/2021\\\/01\\\/circulo.png\",\"contentUrl\":\"https:\\\/\\\/informelitoral.com.ar\\\/%77%70%2d%63%6f%6e%74%65%6e%74\\\/uploads\\\/2021\\\/01\\\/circulo.png\",\"width\":723,\"height\":731,\"caption\":\"Informe Litoral\"},\"image\":{\"@id\":\"https:\\\/\\\/informelitoral.com.ar\\\/#\\\/schema\\\/logo\\\/image\\\/\"},\"sameAs\":[\"https:\\\/\\\/www.facebook.com\\\/informelitoral\\\/\",\"https:\\\/\\\/x.com\\\/InformeLitoral\",\"https:\\\/\\\/www.instagram.com\\\/informelitoral\\\/\",\"https:\\\/\\\/www.youtube.com\\\/channel\\\/UCua4Qvz8Icb6MYqhoq9xLXw\"]},{\"@type\":\"Person\",\"@id\":\"https:\\\/\\\/informelitoral.com.ar\\\/#\\\/schema\\\/person\\\/b9d00407c836482871ef1d57bf8e3180\",\"name\":\"Gonzalo Schmidt\",\"image\":{\"@type\":\"ImageObject\",\"inLanguage\":\"es\",\"@id\":\"https:\\\/\\\/secure.gravatar.com\\\/avatar\\\/31a1a7b66ff2de83bd0e9fd79d026630d2d99e55e8bfe501287647b4fd9743de?s=96&d=mm&r=g\",\"url\":\"https:\\\/\\\/secure.gravatar.com\\\/avatar\\\/31a1a7b66ff2de83bd0e9fd79d026630d2d99e55e8bfe501287647b4fd9743de?s=96&d=mm&r=g\",\"contentUrl\":\"https:\\\/\\\/secure.gravatar.com\\\/avatar\\\/31a1a7b66ff2de83bd0e9fd79d026630d2d99e55e8bfe501287647b4fd9743de?s=96&d=mm&r=g\",\"caption\":\"Gonzalo Schmidt\"},\"description\":\"Sitio web de noticias de la provincia de Entre R\u00edos, Argentina. Informaci\u00f3n y entretenimiento. Informe Litoral, nos informamos.\",\"sameAs\":[\"http:\\\/\\\/www.isletasnoticias.com.ar\"],\"url\":\"https:\\\/\\\/informelitoral.com.ar\\\/author\\\/gonzalo\\\/\"}]}<\/script>","yoast_head_json":{"title":"Recuerdan que rige la veda del surub\u00ed en Entre R\u00edos - Informe Litoral","robots":{"index":"index","follow":"follow","max-snippet":"max-snippet:-1","max-image-preview":"max-image-preview:large","max-video-preview":"max-video-preview:-1"},"canonical":"https:\/\/informelitoral.com.ar\/recuerdan-que-rige-la-veda-del-surubi-en-entre-rios\/","og_locale":"es_ES","og_type":"article","og_title":"Recuerdan que rige la veda del surub\u00ed en Entre R\u00edos - Informe Litoral","og_description":"Es en todo el \u00e1mbito de la provincia desde el 15 de agosto al 15 de marzo de cada a\u00f1o. Tambi\u00e9n detallan las medidas vigentes para otras especies.","og_url":"https:\/\/informelitoral.com.ar\/recuerdan-que-rige-la-veda-del-surubi-en-entre-rios\/","og_site_name":"Informe Litoral","article_publisher":"https:\/\/www.facebook.com\/informelitoral\/","article_published_time":"2020-01-29T10:57:09+00:00","article_modified_time":"2020-01-29T11:48:56+00:00","og_image":[{"width":1920,"height":1280,"url":"https:\/\/informelitoral.com.ar\/%77%70%2d%63%6f%6e%74%65%6e%74\/uploads\/2020\/01\/1580226547jpg.jpg","type":"image\/jpeg"}],"author":"Gonzalo Schmidt","twitter_card":"summary_large_image","twitter_creator":"@InformeLitoral","twitter_site":"@InformeLitoral","twitter_misc":{"Escrito por":"Gonzalo Schmidt","Tiempo de lectura":"3 minutos"},"schema":{"@context":"https:\/\/schema.org","@graph":[{"@type":"Article","@id":"https:\/\/informelitoral.com.ar\/recuerdan-que-rige-la-veda-del-surubi-en-entre-rios\/#article","isPartOf":{"@id":"https:\/\/informelitoral.com.ar\/recuerdan-que-rige-la-veda-del-surubi-en-entre-rios\/"},"author":{"name":"Gonzalo Schmidt","@id":"https:\/\/informelitoral.com.ar\/#\/schema\/person\/b9d00407c836482871ef1d57bf8e3180"},"headline":"Recuerdan que rige la veda del surub\u00ed en Entre R\u00edos","datePublished":"2020-01-29T10:57:09+00:00","dateModified":"2020-01-29T11:48:56+00:00","mainEntityOfPage":{"@id":"https:\/\/informelitoral.com.ar\/recuerdan-que-rige-la-veda-del-surubi-en-entre-rios\/"},"wordCount":516,"commentCount":0,"publisher":{"@id":"https:\/\/informelitoral.com.ar\/#organization"},"image":{"@id":"https:\/\/informelitoral.com.ar\/recuerdan-que-rige-la-veda-del-surubi-en-entre-rios\/#primaryimage"},"thumbnailUrl":"https:\/\/informelitoral.com.ar\/%77%70%2d%63%6f%6e%74%65%6e%74\/uploads\/2020\/01\/1580226547jpg.jpg","keywords":["Entre R\u00edos","Gobierno provincial","Pesca","R\u00edo Paran\u00e1"],"articleSection":["Entre R\u00edos"],"inLanguage":"es","potentialAction":[{"@type":"CommentAction","name":"Comment","target":["https:\/\/informelitoral.com.ar\/recuerdan-que-rige-la-veda-del-surubi-en-entre-rios\/#respond"]}]},{"@type":"WebPage","@id":"https:\/\/informelitoral.com.ar\/recuerdan-que-rige-la-veda-del-surubi-en-entre-rios\/","url":"https:\/\/informelitoral.com.ar\/recuerdan-que-rige-la-veda-del-surubi-en-entre-rios\/","name":"Recuerdan que rige la veda del surub\u00ed en Entre R\u00edos - Informe Litoral","isPartOf":{"@id":"https:\/\/informelitoral.com.ar\/#website"},"primaryImageOfPage":{"@id":"https:\/\/informelitoral.com.ar\/recuerdan-que-rige-la-veda-del-surubi-en-entre-rios\/#primaryimage"},"image":{"@id":"https:\/\/informelitoral.com.ar\/recuerdan-que-rige-la-veda-del-surubi-en-entre-rios\/#primaryimage"},"thumbnailUrl":"https:\/\/informelitoral.com.ar\/%77%70%2d%63%6f%6e%74%65%6e%74\/uploads\/2020\/01\/1580226547jpg.jpg","datePublished":"2020-01-29T10:57:09+00:00","dateModified":"2020-01-29T11:48:56+00:00","breadcrumb":{"@id":"https:\/\/informelitoral.com.ar\/recuerdan-que-rige-la-veda-del-surubi-en-entre-rios\/#breadcrumb"},"inLanguage":"es","potentialAction":[{"@type":"ReadAction","target":["https:\/\/informelitoral.com.ar\/recuerdan-que-rige-la-veda-del-surubi-en-entre-rios\/"]}]},{"@type":"ImageObject","inLanguage":"es","@id":"https:\/\/informelitoral.com.ar\/recuerdan-que-rige-la-veda-del-surubi-en-entre-rios\/#primaryimage","url":"https:\/\/informelitoral.com.ar\/%77%70%2d%63%6f%6e%74%65%6e%74\/uploads\/2020\/01\/1580226547jpg.jpg","contentUrl":"https:\/\/informelitoral.com.ar\/%77%70%2d%63%6f%6e%74%65%6e%74\/uploads\/2020\/01\/1580226547jpg.jpg","width":1920,"height":1280},{"@type":"BreadcrumbList","@id":"https:\/\/informelitoral.com.ar\/recuerdan-que-rige-la-veda-del-surubi-en-entre-rios\/#breadcrumb","itemListElement":[{"@type":"ListItem","position":1,"name":"Portada","item":"https:\/\/informelitoral.com.ar\/"},{"@type":"ListItem","position":2,"name":"Recuerdan que rige la veda del surub\u00ed en Entre R\u00edos"}]},{"@type":"WebSite","@id":"https:\/\/informelitoral.com.ar\/#website","url":"https:\/\/informelitoral.com.ar\/","name":"Informe Litoral","description":"&quot;Nos informamos&quot; ","publisher":{"@id":"https:\/\/informelitoral.com.ar\/#organization"},"potentialAction":[{"@type":"SearchAction","target":{"@type":"EntryPoint","urlTemplate":"https:\/\/informelitoral.com.ar\/?s={search_term_string}"},"query-input":{"@type":"PropertyValueSpecification","valueRequired":true,"valueName":"search_term_string"}}],"inLanguage":"es"},{"@type":"Organization","@id":"https:\/\/informelitoral.com.ar\/#organization","name":"Informe Litoral","url":"https:\/\/informelitoral.com.ar\/","logo":{"@type":"ImageObject","inLanguage":"es","@id":"https:\/\/informelitoral.com.ar\/#\/schema\/logo\/image\/","url":"https:\/\/informelitoral.com.ar\/%77%70%2d%63%6f%6e%74%65%6e%74\/uploads\/2021\/01\/circulo.png","contentUrl":"https:\/\/informelitoral.com.ar\/%77%70%2d%63%6f%6e%74%65%6e%74\/uploads\/2021\/01\/circulo.png","width":723,"height":731,"caption":"Informe Litoral"},"image":{"@id":"https:\/\/informelitoral.com.ar\/#\/schema\/logo\/image\/"},"sameAs":["https:\/\/www.facebook.com\/informelitoral\/","https:\/\/x.com\/InformeLitoral","https:\/\/www.instagram.com\/informelitoral\/","https:\/\/www.youtube.com\/channel\/UCua4Qvz8Icb6MYqhoq9xLXw"]},{"@type":"Person","@id":"https:\/\/informelitoral.com.ar\/#\/schema\/person\/b9d00407c836482871ef1d57bf8e3180","name":"Gonzalo Schmidt","image":{"@type":"ImageObject","inLanguage":"es","@id":"https:\/\/secure.gravatar.com\/avatar\/31a1a7b66ff2de83bd0e9fd79d026630d2d99e55e8bfe501287647b4fd9743de?s=96&d=mm&r=g","url":"https:\/\/secure.gravatar.com\/avatar\/31a1a7b66ff2de83bd0e9fd79d026630d2d99e55e8bfe501287647b4fd9743de?s=96&d=mm&r=g","contentUrl":"https:\/\/secure.gravatar.com\/avatar\/31a1a7b66ff2de83bd0e9fd79d026630d2d99e55e8bfe501287647b4fd9743de?s=96&d=mm&r=g","caption":"Gonzalo Schmidt"},"description":"Sitio web de noticias de la provincia de Entre R\u00edos, Argentina. Informaci\u00f3n y entretenimiento. Informe Litoral, nos informamos.","sameAs":["http:\/\/www.isletasnoticias.com.ar"],"url":"https:\/\/informelitoral.com.ar\/author\/gonzalo\/"}]}},"_links":{"self":[{"href":"https:\/\/informelitoral.com.ar\/%77%70%2d%6a%73%6f%6e\/wp\/v2\/posts\/39669","targetHints":{"allow":["GET"]}}],"collection":[{"href":"https:\/\/informelitoral.com.ar\/%77%70%2d%6a%73%6f%6e\/wp\/v2\/posts"}],"about":[{"href":"https:\/\/informelitoral.com.ar\/%77%70%2d%6a%73%6f%6e\/wp\/v2\/types\/post"}],"author":[{"embeddable":true,"href":"https:\/\/informelitoral.com.ar\/%77%70%2d%6a%73%6f%6e\/wp\/v2\/users\/2"}],"replies":[{"embeddable":true,"href":"https:\/\/informelitoral.com.ar\/%77%70%2d%6a%73%6f%6e\/wp\/v2\/comments?post=39669"}],"version-history":[{"count":0,"href":"https:\/\/informelitoral.com.ar\/%77%70%2d%6a%73%6f%6e\/wp\/v2\/posts\/39669\/revisions"}],"wp:featuredmedia":[{"embeddable":true,"href":"https:\/\/informelitoral.com.ar\/%77%70%2d%6a%73%6f%6e\/wp\/v2\/media\/39670"}],"wp:attachment":[{"href":"https:\/\/informelitoral.com.ar\/%77%70%2d%6a%73%6f%6e\/wp\/v2\/media?parent=39669"}],"wp:term":[{"taxonomy":"category","embeddable":true,"href":"https:\/\/informelitoral.com.ar\/%77%70%2d%6a%73%6f%6e\/wp\/v2\/categories?post=39669"},{"taxonomy":"post_tag","embeddable":true,"href":"https:\/\/informelitoral.com.ar\/%77%70%2d%6a%73%6f%6e\/wp\/v2\/tags?post=39669"}],"curies":[{"name":"wp","href":"https:\/\/api.w.org\/{rel}","templated":true}]}}