{"id":39599,"date":"2020-01-27T18:05:31","date_gmt":"2020-01-27T21:05:31","guid":{"rendered":"https:\/\/www.isletasnoticias.com.ar\/?p=39599"},"modified":"2020-01-28T06:05:11","modified_gmt":"2020-01-28T09:05:11","slug":"santa-fe-puso-en-marcha-la-denominada-ley-de-jarra","status":"publish","type":"post","link":"https:\/\/informelitoral.com.ar\/santa-fe-puso-en-marcha-la-denominada-ley-de-jarra\/","title":{"rendered":"Santa Fe puso en marcha la denominada \u00abLey de Jarra\u00bb"},"content":{"rendered":"<p>La ley 13.935, de derecho de jarra, fue promulgada por el Poder Ejecutivo provincial y publicada ayer en el Bolet\u00edn Oficial. Es decir que ya est\u00e1 en plena vigencia.<\/p>\n<p>La iniciativa de la C\u00e1tedra del Agua de la Universidad Nacional de Rosario es in\u00e9dita para la Argentina y para Am\u00e9rica latina y, de este modo, Santa Fe es pionera para sus 365 localidades: en sus bares y restaurantes, donde tengan agua potable, est\u00e1n obligados a entregar jarras de agua a los consumidores.<\/p>\n<p>Adem\u00e1s, la cuesti\u00f3n tiene su correlato en las escuelas p\u00fablicas. \u201cEs decir, agua potable, libre y gratuita para ciudadanas y ciudadanos. Para ni\u00f1as y ni\u00f1os\u201d, dijo el titular de la C\u00e1tedra del Agua, An\u00edbal Faccendini.<\/p>\n<p>\u201cPensemos que en Argentina s\u00f3lo el 5 por ciento de los 60.000 establecimientos educativos, seg\u00fan la Encuesta Mundial de Educaci\u00f3n vinculada con la Unesco, tiene bebederos p\u00fablicos. Lograr que la infancia acceda al agua potable y gratuita es lograr que evitemos los casi 15 chupetines diarios que consumen con aguas saborizadas, lo cual, de suyo, son much\u00edsimas y excesivas calor\u00edas\u201d, a\u00f1adi\u00f3.<\/p>\n<p>\u201cOtra cuesti\u00f3n para hacer notar de la ley es que se trata de la primera vez que la autoridad de aplicaci\u00f3n es \u00e1mbito de la salud, es decir, el Ministerio de Salud de la provincia de Santa Fe. Algo que venimos bregando desde hace mucho desde la C\u00e1tedra del Agua y el Centro Interdisciplinario del Agua de la UNR\u201d, sigui\u00f3 Faccendini.<\/p>\n<p>Antes de la promulgaci\u00f3n en la provincia, el \u201cderecho de jarra\u201d estaba vigente en la ciudad por medio de una ordenanza municipal de 2015, que obliga a bares y restaurantes a ofrecer sin cargo a sus clientes un jarra de agua apta para el consumo, public\u00f3 Uno Santa Fe.<\/p>\n<p>Un a\u00f1o despu\u00e9s, la propuesta se ampli\u00f3 a lugares bailables y espect\u00e1culos p\u00fablicos; y el a\u00f1o pasado lleg\u00f3 a las \u00e1reas comerciales de m\u00e1s de 1.200 metros cuadrados.<\/p>\n<p>En octubre de este a\u00f1o ingres\u00f3 al Consejo Superior de la Universidad Nacional de Rosario una propuesta para que el \u201cderecho de jarra\u201d se haga efectivo tambi\u00e9n en las casas de altos estudios.<\/p>\n<p>\u201cVamos por una cultura ambiental que nos permita ver no s\u00f3lo que el otro existe, sino que tambi\u00e9n importa. Necesitamos que lo distinto y lo igual puedan convivir y tambi\u00e9n potenciarse. Se necesita de todas las personas; hay que participar, no mirando sino actuando.<\/p>\n","protected":false},"excerpt":{"rendered":"<p>Bares y restaurantes, est\u00e1n obligados a entregar y\/o dejar a disposici\u00f3n jarras de agua gratis a los consumidores. Ya entr\u00f3 en vigencia la normativa que fue iniciativa de una Universidad y que es in\u00e9dita para la Argentina.<\/p>\n","protected":false},"author":8,"featured_media":39600,"comment_status":"open","ping_status":"open","sticky":false,"template":"","format":"standard","meta":{"fifu_image_url":"","fifu_image_alt":"","footnotes":""},"categories":[9],"tags":[477,497,246,1383,1382,134,1381],"class_list":{"0":"post-39599","1":"post","2":"type-post","3":"status-publish","4":"format-standard","5":"has-post-thumbnail","7":"category-sociedad","8":"tag-agua","9":"tag-agua-potable","10":"tag-argentina","11":"tag-ley-de-jarra","12":"tag-provincia-de-santa-fe","13":"tag-santa-fe","14":"tag-unr"},"yoast_head":"<title>Santa Fe puso en marcha la denominada &quot;Ley de Jarra&quot; - Informe Litoral<\/title>\n<meta name=\"robots\" content=\"index, follow, max-snippet:-1, max-image-preview:large, max-video-preview:-1\" \/>\n<link rel=\"canonical\" href=\"https:\/\/informelitoral.com.ar\/santa-fe-puso-en-marcha-la-denominada-ley-de-jarra\/\" \/>\n<meta property=\"og:locale\" content=\"es_ES\" \/>\n<meta property=\"og:type\" content=\"article\" \/>\n<meta property=\"og:title\" content=\"Santa Fe puso en marcha la denominada &quot;Ley de Jarra&quot; - Informe Litoral\" \/>\n<meta property=\"og:description\" content=\"Bares y restaurantes, est\u00e1n obligados a entregar y\/o dejar a disposici\u00f3n jarras de agua gratis a los consumidores. Ya entr\u00f3 en vigencia la normativa que fue iniciativa de una Universidad y que es in\u00e9dita para la Argentina.\" \/>\n<meta property=\"og:url\" content=\"https:\/\/informelitoral.com.ar\/santa-fe-puso-en-marcha-la-denominada-ley-de-jarra\/\" \/>\n<meta property=\"og:site_name\" content=\"Informe Litoral\" \/>\n<meta property=\"article:publisher\" content=\"https:\/\/www.facebook.com\/informelitoral\/\" \/>\n<meta property=\"article:published_time\" content=\"2020-01-27T21:05:31+00:00\" \/>\n<meta property=\"article:modified_time\" content=\"2020-01-28T09:05:11+00:00\" \/>\n<meta property=\"og:image\" content=\"https:\/\/informelitoral.com.ar\/%77%70%2d%63%6f%6e%74%65%6e%74\/uploads\/2020\/01\/0027660466.jpg\" \/>\n\t<meta property=\"og:image:width\" content=\"642\" \/>\n\t<meta property=\"og:image:height\" content=\"361\" \/>\n\t<meta property=\"og:image:type\" content=\"image\/jpeg\" \/>\n<meta name=\"author\" content=\"Sebastian\" \/>\n<meta name=\"twitter:card\" content=\"summary_large_image\" \/>\n<meta name=\"twitter:creator\" content=\"@InformeLitoral\" \/>\n<meta name=\"twitter:site\" content=\"@InformeLitoral\" \/>\n<meta name=\"twitter:label1\" content=\"Escrito por\" \/>\n\t<meta name=\"twitter:data1\" content=\"Sebastian\" \/>\n\t<meta name=\"twitter:label2\" content=\"Tiempo de lectura\" \/>\n\t<meta name=\"twitter:data2\" content=\"2 minutos\" \/>\n<script type=\"application\/ld+json\" class=\"yoast-schema-graph\">{\"@context\":\"https:\\\/\\\/schema.org\",\"@graph\":[{\"@type\":\"Article\",\"@id\":\"https:\\\/\\\/informelitoral.com.ar\\\/santa-fe-puso-en-marcha-la-denominada-ley-de-jarra\\\/#article\",\"isPartOf\":{\"@id\":\"https:\\\/\\\/informelitoral.com.ar\\\/santa-fe-puso-en-marcha-la-denominada-ley-de-jarra\\\/\"},\"author\":{\"name\":\"Sebastian\",\"@id\":\"https:\\\/\\\/informelitoral.com.ar\\\/#\\\/schema\\\/person\\\/f05f9f461677119578717524b127d6d5\"},\"headline\":\"Santa Fe puso en marcha la denominada \u00abLey de Jarra\u00bb\",\"datePublished\":\"2020-01-27T21:05:31+00:00\",\"dateModified\":\"2020-01-28T09:05:11+00:00\",\"mainEntityOfPage\":{\"@id\":\"https:\\\/\\\/informelitoral.com.ar\\\/santa-fe-puso-en-marcha-la-denominada-ley-de-jarra\\\/\"},\"wordCount\":430,\"commentCount\":0,\"publisher\":{\"@id\":\"https:\\\/\\\/informelitoral.com.ar\\\/#organization\"},\"image\":{\"@id\":\"https:\\\/\\\/informelitoral.com.ar\\\/santa-fe-puso-en-marcha-la-denominada-ley-de-jarra\\\/#primaryimage\"},\"thumbnailUrl\":\"https:\\\/\\\/informelitoral.com.ar\\\/%77%70%2d%63%6f%6e%74%65%6e%74\\\/uploads\\\/2020\\\/01\\\/0027660466.jpg\",\"keywords\":[\"Agua\",\"Agua potable\",\"Argentina\",\"Ley de Jarra\",\"Provincia de Santa Fe\",\"Santa Fe\",\"UNR\"],\"articleSection\":[\"Sociedad\"],\"inLanguage\":\"es\",\"potentialAction\":[{\"@type\":\"CommentAction\",\"name\":\"Comment\",\"target\":[\"https:\\\/\\\/informelitoral.com.ar\\\/santa-fe-puso-en-marcha-la-denominada-ley-de-jarra\\\/#respond\"]}]},{\"@type\":\"WebPage\",\"@id\":\"https:\\\/\\\/informelitoral.com.ar\\\/santa-fe-puso-en-marcha-la-denominada-ley-de-jarra\\\/\",\"url\":\"https:\\\/\\\/informelitoral.com.ar\\\/santa-fe-puso-en-marcha-la-denominada-ley-de-jarra\\\/\",\"name\":\"Santa Fe puso en marcha la denominada \\\"Ley de Jarra\\\" - Informe Litoral\",\"isPartOf\":{\"@id\":\"https:\\\/\\\/informelitoral.com.ar\\\/#website\"},\"primaryImageOfPage\":{\"@id\":\"https:\\\/\\\/informelitoral.com.ar\\\/santa-fe-puso-en-marcha-la-denominada-ley-de-jarra\\\/#primaryimage\"},\"image\":{\"@id\":\"https:\\\/\\\/informelitoral.com.ar\\\/santa-fe-puso-en-marcha-la-denominada-ley-de-jarra\\\/#primaryimage\"},\"thumbnailUrl\":\"https:\\\/\\\/informelitoral.com.ar\\\/%77%70%2d%63%6f%6e%74%65%6e%74\\\/uploads\\\/2020\\\/01\\\/0027660466.jpg\",\"datePublished\":\"2020-01-27T21:05:31+00:00\",\"dateModified\":\"2020-01-28T09:05:11+00:00\",\"breadcrumb\":{\"@id\":\"https:\\\/\\\/informelitoral.com.ar\\\/santa-fe-puso-en-marcha-la-denominada-ley-de-jarra\\\/#breadcrumb\"},\"inLanguage\":\"es\",\"potentialAction\":[{\"@type\":\"ReadAction\",\"target\":[\"https:\\\/\\\/informelitoral.com.ar\\\/santa-fe-puso-en-marcha-la-denominada-ley-de-jarra\\\/\"]}]},{\"@type\":\"ImageObject\",\"inLanguage\":\"es\",\"@id\":\"https:\\\/\\\/informelitoral.com.ar\\\/santa-fe-puso-en-marcha-la-denominada-ley-de-jarra\\\/#primaryimage\",\"url\":\"https:\\\/\\\/informelitoral.com.ar\\\/%77%70%2d%63%6f%6e%74%65%6e%74\\\/uploads\\\/2020\\\/01\\\/0027660466.jpg\",\"contentUrl\":\"https:\\\/\\\/informelitoral.com.ar\\\/%77%70%2d%63%6f%6e%74%65%6e%74\\\/uploads\\\/2020\\\/01\\\/0027660466.jpg\",\"width\":642,\"height\":361},{\"@type\":\"BreadcrumbList\",\"@id\":\"https:\\\/\\\/informelitoral.com.ar\\\/santa-fe-puso-en-marcha-la-denominada-ley-de-jarra\\\/#breadcrumb\",\"itemListElement\":[{\"@type\":\"ListItem\",\"position\":1,\"name\":\"Portada\",\"item\":\"https:\\\/\\\/informelitoral.com.ar\\\/\"},{\"@type\":\"ListItem\",\"position\":2,\"name\":\"Santa Fe puso en marcha la denominada \u00abLey de Jarra\u00bb\"}]},{\"@type\":\"WebSite\",\"@id\":\"https:\\\/\\\/informelitoral.com.ar\\\/#website\",\"url\":\"https:\\\/\\\/informelitoral.com.ar\\\/\",\"name\":\"Informe Litoral\",\"description\":\"&quot;Nos informamos&quot; \",\"publisher\":{\"@id\":\"https:\\\/\\\/informelitoral.com.ar\\\/#organization\"},\"potentialAction\":[{\"@type\":\"SearchAction\",\"target\":{\"@type\":\"EntryPoint\",\"urlTemplate\":\"https:\\\/\\\/informelitoral.com.ar\\\/?s={search_term_string}\"},\"query-input\":{\"@type\":\"PropertyValueSpecification\",\"valueRequired\":true,\"valueName\":\"search_term_string\"}}],\"inLanguage\":\"es\"},{\"@type\":\"Organization\",\"@id\":\"https:\\\/\\\/informelitoral.com.ar\\\/#organization\",\"name\":\"Informe Litoral\",\"url\":\"https:\\\/\\\/informelitoral.com.ar\\\/\",\"logo\":{\"@type\":\"ImageObject\",\"inLanguage\":\"es\",\"@id\":\"https:\\\/\\\/informelitoral.com.ar\\\/#\\\/schema\\\/logo\\\/image\\\/\",\"url\":\"https:\\\/\\\/informelitoral.com.ar\\\/%77%70%2d%63%6f%6e%74%65%6e%74\\\/uploads\\\/2021\\\/01\\\/circulo.png\",\"contentUrl\":\"https:\\\/\\\/informelitoral.com.ar\\\/%77%70%2d%63%6f%6e%74%65%6e%74\\\/uploads\\\/2021\\\/01\\\/circulo.png\",\"width\":723,\"height\":731,\"caption\":\"Informe Litoral\"},\"image\":{\"@id\":\"https:\\\/\\\/informelitoral.com.ar\\\/#\\\/schema\\\/logo\\\/image\\\/\"},\"sameAs\":[\"https:\\\/\\\/www.facebook.com\\\/informelitoral\\\/\",\"https:\\\/\\\/x.com\\\/InformeLitoral\",\"https:\\\/\\\/www.instagram.com\\\/informelitoral\\\/\",\"https:\\\/\\\/www.youtube.com\\\/channel\\\/UCua4Qvz8Icb6MYqhoq9xLXw\"]},{\"@type\":\"Person\",\"@id\":\"https:\\\/\\\/informelitoral.com.ar\\\/#\\\/schema\\\/person\\\/f05f9f461677119578717524b127d6d5\",\"name\":\"Sebastian\",\"image\":{\"@type\":\"ImageObject\",\"inLanguage\":\"es\",\"@id\":\"https:\\\/\\\/secure.gravatar.com\\\/avatar\\\/b71bf7481d447dfb9583c7f2798e7cc64de6efb9067b74633ed8c31059a3bd82?s=96&d=mm&r=g\",\"url\":\"https:\\\/\\\/secure.gravatar.com\\\/avatar\\\/b71bf7481d447dfb9583c7f2798e7cc64de6efb9067b74633ed8c31059a3bd82?s=96&d=mm&r=g\",\"contentUrl\":\"https:\\\/\\\/secure.gravatar.com\\\/avatar\\\/b71bf7481d447dfb9583c7f2798e7cc64de6efb9067b74633ed8c31059a3bd82?s=96&d=mm&r=g\",\"caption\":\"Sebastian\"},\"url\":\"https:\\\/\\\/informelitoral.com.ar\\\/author\\\/sebastian\\\/\"}]}<\/script>","yoast_head_json":{"title":"Santa Fe puso en marcha la denominada \"Ley de Jarra\" - Informe Litoral","robots":{"index":"index","follow":"follow","max-snippet":"max-snippet:-1","max-image-preview":"max-image-preview:large","max-video-preview":"max-video-preview:-1"},"canonical":"https:\/\/informelitoral.com.ar\/santa-fe-puso-en-marcha-la-denominada-ley-de-jarra\/","og_locale":"es_ES","og_type":"article","og_title":"Santa Fe puso en marcha la denominada \"Ley de Jarra\" - Informe Litoral","og_description":"Bares y restaurantes, est\u00e1n obligados a entregar y\/o dejar a disposici\u00f3n jarras de agua gratis a los consumidores. Ya entr\u00f3 en vigencia la normativa que fue iniciativa de una Universidad y que es in\u00e9dita para la Argentina.","og_url":"https:\/\/informelitoral.com.ar\/santa-fe-puso-en-marcha-la-denominada-ley-de-jarra\/","og_site_name":"Informe Litoral","article_publisher":"https:\/\/www.facebook.com\/informelitoral\/","article_published_time":"2020-01-27T21:05:31+00:00","article_modified_time":"2020-01-28T09:05:11+00:00","og_image":[{"width":642,"height":361,"url":"https:\/\/informelitoral.com.ar\/%77%70%2d%63%6f%6e%74%65%6e%74\/uploads\/2020\/01\/0027660466.jpg","type":"image\/jpeg"}],"author":"Sebastian","twitter_card":"summary_large_image","twitter_creator":"@InformeLitoral","twitter_site":"@InformeLitoral","twitter_misc":{"Escrito por":"Sebastian","Tiempo de lectura":"2 minutos"},"schema":{"@context":"https:\/\/schema.org","@graph":[{"@type":"Article","@id":"https:\/\/informelitoral.com.ar\/santa-fe-puso-en-marcha-la-denominada-ley-de-jarra\/#article","isPartOf":{"@id":"https:\/\/informelitoral.com.ar\/santa-fe-puso-en-marcha-la-denominada-ley-de-jarra\/"},"author":{"name":"Sebastian","@id":"https:\/\/informelitoral.com.ar\/#\/schema\/person\/f05f9f461677119578717524b127d6d5"},"headline":"Santa Fe puso en marcha la denominada \u00abLey de Jarra\u00bb","datePublished":"2020-01-27T21:05:31+00:00","dateModified":"2020-01-28T09:05:11+00:00","mainEntityOfPage":{"@id":"https:\/\/informelitoral.com.ar\/santa-fe-puso-en-marcha-la-denominada-ley-de-jarra\/"},"wordCount":430,"commentCount":0,"publisher":{"@id":"https:\/\/informelitoral.com.ar\/#organization"},"image":{"@id":"https:\/\/informelitoral.com.ar\/santa-fe-puso-en-marcha-la-denominada-ley-de-jarra\/#primaryimage"},"thumbnailUrl":"https:\/\/informelitoral.com.ar\/%77%70%2d%63%6f%6e%74%65%6e%74\/uploads\/2020\/01\/0027660466.jpg","keywords":["Agua","Agua potable","Argentina","Ley de Jarra","Provincia de Santa Fe","Santa Fe","UNR"],"articleSection":["Sociedad"],"inLanguage":"es","potentialAction":[{"@type":"CommentAction","name":"Comment","target":["https:\/\/informelitoral.com.ar\/santa-fe-puso-en-marcha-la-denominada-ley-de-jarra\/#respond"]}]},{"@type":"WebPage","@id":"https:\/\/informelitoral.com.ar\/santa-fe-puso-en-marcha-la-denominada-ley-de-jarra\/","url":"https:\/\/informelitoral.com.ar\/santa-fe-puso-en-marcha-la-denominada-ley-de-jarra\/","name":"Santa Fe puso en marcha la denominada \"Ley de Jarra\" - Informe Litoral","isPartOf":{"@id":"https:\/\/informelitoral.com.ar\/#website"},"primaryImageOfPage":{"@id":"https:\/\/informelitoral.com.ar\/santa-fe-puso-en-marcha-la-denominada-ley-de-jarra\/#primaryimage"},"image":{"@id":"https:\/\/informelitoral.com.ar\/santa-fe-puso-en-marcha-la-denominada-ley-de-jarra\/#primaryimage"},"thumbnailUrl":"https:\/\/informelitoral.com.ar\/%77%70%2d%63%6f%6e%74%65%6e%74\/uploads\/2020\/01\/0027660466.jpg","datePublished":"2020-01-27T21:05:31+00:00","dateModified":"2020-01-28T09:05:11+00:00","breadcrumb":{"@id":"https:\/\/informelitoral.com.ar\/santa-fe-puso-en-marcha-la-denominada-ley-de-jarra\/#breadcrumb"},"inLanguage":"es","potentialAction":[{"@type":"ReadAction","target":["https:\/\/informelitoral.com.ar\/santa-fe-puso-en-marcha-la-denominada-ley-de-jarra\/"]}]},{"@type":"ImageObject","inLanguage":"es","@id":"https:\/\/informelitoral.com.ar\/santa-fe-puso-en-marcha-la-denominada-ley-de-jarra\/#primaryimage","url":"https:\/\/informelitoral.com.ar\/%77%70%2d%63%6f%6e%74%65%6e%74\/uploads\/2020\/01\/0027660466.jpg","contentUrl":"https:\/\/informelitoral.com.ar\/%77%70%2d%63%6f%6e%74%65%6e%74\/uploads\/2020\/01\/0027660466.jpg","width":642,"height":361},{"@type":"BreadcrumbList","@id":"https:\/\/informelitoral.com.ar\/santa-fe-puso-en-marcha-la-denominada-ley-de-jarra\/#breadcrumb","itemListElement":[{"@type":"ListItem","position":1,"name":"Portada","item":"https:\/\/informelitoral.com.ar\/"},{"@type":"ListItem","position":2,"name":"Santa Fe puso en marcha la denominada \u00abLey de Jarra\u00bb"}]},{"@type":"WebSite","@id":"https:\/\/informelitoral.com.ar\/#website","url":"https:\/\/informelitoral.com.ar\/","name":"Informe Litoral","description":"&quot;Nos informamos&quot; ","publisher":{"@id":"https:\/\/informelitoral.com.ar\/#organization"},"potentialAction":[{"@type":"SearchAction","target":{"@type":"EntryPoint","urlTemplate":"https:\/\/informelitoral.com.ar\/?s={search_term_string}"},"query-input":{"@type":"PropertyValueSpecification","valueRequired":true,"valueName":"search_term_string"}}],"inLanguage":"es"},{"@type":"Organization","@id":"https:\/\/informelitoral.com.ar\/#organization","name":"Informe Litoral","url":"https:\/\/informelitoral.com.ar\/","logo":{"@type":"ImageObject","inLanguage":"es","@id":"https:\/\/informelitoral.com.ar\/#\/schema\/logo\/image\/","url":"https:\/\/informelitoral.com.ar\/%77%70%2d%63%6f%6e%74%65%6e%74\/uploads\/2021\/01\/circulo.png","contentUrl":"https:\/\/informelitoral.com.ar\/%77%70%2d%63%6f%6e%74%65%6e%74\/uploads\/2021\/01\/circulo.png","width":723,"height":731,"caption":"Informe Litoral"},"image":{"@id":"https:\/\/informelitoral.com.ar\/#\/schema\/logo\/image\/"},"sameAs":["https:\/\/www.facebook.com\/informelitoral\/","https:\/\/x.com\/InformeLitoral","https:\/\/www.instagram.com\/informelitoral\/","https:\/\/www.youtube.com\/channel\/UCua4Qvz8Icb6MYqhoq9xLXw"]},{"@type":"Person","@id":"https:\/\/informelitoral.com.ar\/#\/schema\/person\/f05f9f461677119578717524b127d6d5","name":"Sebastian","image":{"@type":"ImageObject","inLanguage":"es","@id":"https:\/\/secure.gravatar.com\/avatar\/b71bf7481d447dfb9583c7f2798e7cc64de6efb9067b74633ed8c31059a3bd82?s=96&d=mm&r=g","url":"https:\/\/secure.gravatar.com\/avatar\/b71bf7481d447dfb9583c7f2798e7cc64de6efb9067b74633ed8c31059a3bd82?s=96&d=mm&r=g","contentUrl":"https:\/\/secure.gravatar.com\/avatar\/b71bf7481d447dfb9583c7f2798e7cc64de6efb9067b74633ed8c31059a3bd82?s=96&d=mm&r=g","caption":"Sebastian"},"url":"https:\/\/informelitoral.com.ar\/author\/sebastian\/"}]}},"_links":{"self":[{"href":"https:\/\/informelitoral.com.ar\/%77%70%2d%6a%73%6f%6e\/wp\/v2\/posts\/39599","targetHints":{"allow":["GET"]}}],"collection":[{"href":"https:\/\/informelitoral.com.ar\/%77%70%2d%6a%73%6f%6e\/wp\/v2\/posts"}],"about":[{"href":"https:\/\/informelitoral.com.ar\/%77%70%2d%6a%73%6f%6e\/wp\/v2\/types\/post"}],"author":[{"embeddable":true,"href":"https:\/\/informelitoral.com.ar\/%77%70%2d%6a%73%6f%6e\/wp\/v2\/users\/8"}],"replies":[{"embeddable":true,"href":"https:\/\/informelitoral.com.ar\/%77%70%2d%6a%73%6f%6e\/wp\/v2\/comments?post=39599"}],"version-history":[{"count":0,"href":"https:\/\/informelitoral.com.ar\/%77%70%2d%6a%73%6f%6e\/wp\/v2\/posts\/39599\/revisions"}],"wp:featuredmedia":[{"embeddable":true,"href":"https:\/\/informelitoral.com.ar\/%77%70%2d%6a%73%6f%6e\/wp\/v2\/media\/39600"}],"wp:attachment":[{"href":"https:\/\/informelitoral.com.ar\/%77%70%2d%6a%73%6f%6e\/wp\/v2\/media?parent=39599"}],"wp:term":[{"taxonomy":"category","embeddable":true,"href":"https:\/\/informelitoral.com.ar\/%77%70%2d%6a%73%6f%6e\/wp\/v2\/categories?post=39599"},{"taxonomy":"post_tag","embeddable":true,"href":"https:\/\/informelitoral.com.ar\/%77%70%2d%6a%73%6f%6e\/wp\/v2\/tags?post=39599"}],"curies":[{"name":"wp","href":"https:\/\/api.w.org\/{rel}","templated":true}]}}