{"id":39506,"date":"2020-01-24T13:50:21","date_gmt":"2020-01-24T16:50:21","guid":{"rendered":"https:\/\/www.isletasnoticias.com.ar\/?p=39506"},"modified":"2020-02-07T07:32:37","modified_gmt":"2020-02-07T10:32:37","slug":"gustavo-vergara-se-reunio-con-el-intendente-de-aranguren","status":"publish","type":"post","link":"https:\/\/informelitoral.com.ar\/gustavo-vergara-se-reunio-con-el-intendente-de-aranguren\/","title":{"rendered":"Gustavo Vergara se reuni\u00f3 con el intendente de Aranguren"},"content":{"rendered":"<p>El intendente de General Ram\u00edrez, <strong>Gustavo Vergara<\/strong> (Alianza Ramirense &#8211; Juntos por el Cambio), visit\u00f3 a su par de la localidad de Aranguren, <strong>Luis Siebenlist<\/strong> (Creer Entre R\u00edos).<\/p>\n<p><a href=\"https:\/\/www.isletasnoticias.com.ar\/%77%70%2d%63%6f%6e%74%65%6e%74\/uploads\/2020\/01\/82765659_1514276842056566_6174790712417058816_o.jpg\"><img loading=\"lazy\" decoding=\"async\" class=\"aligncenter wp-image-39509 size-full\" src=\"https:\/\/www.isletasnoticias.com.ar\/%77%70%2d%63%6f%6e%74%65%6e%74\/uploads\/2020\/01\/82765659_1514276842056566_6174790712417058816_o.jpg\" alt=\"\" width=\"960\" height=\"640\" srcset=\"https:\/\/informelitoral.com.ar\/%77%70%2d%63%6f%6e%74%65%6e%74\/uploads\/2020\/01\/82765659_1514276842056566_6174790712417058816_o.jpg 960w, https:\/\/informelitoral.com.ar\/%77%70%2d%63%6f%6e%74%65%6e%74\/uploads\/2020\/01\/82765659_1514276842056566_6174790712417058816_o-300x200.jpg 300w, https:\/\/informelitoral.com.ar\/%77%70%2d%63%6f%6e%74%65%6e%74\/uploads\/2020\/01\/82765659_1514276842056566_6174790712417058816_o-768x512.jpg 768w, https:\/\/informelitoral.com.ar\/%77%70%2d%63%6f%6e%74%65%6e%74\/uploads\/2020\/01\/82765659_1514276842056566_6174790712417058816_o-696x464.jpg 696w, https:\/\/informelitoral.com.ar\/%77%70%2d%63%6f%6e%74%65%6e%74\/uploads\/2020\/01\/82765659_1514276842056566_6174790712417058816_o-630x420.jpg 630w\" sizes=\"auto, (max-width: 960px) 100vw, 960px\" \/><\/a><\/p>\n<p>Seg\u00fan pudo conocer <em><strong>IN<\/strong><\/em>, el mandatario ramirense junto a parte de su gabinete, entre ellos la vice intendenta <strong>Flavia Pamberger<\/strong>, fue recibido en el municipio el jueves por la ma\u00f1ana, donde <strong>abordaron \u00abdiversas tem\u00e1ticas inherentes a ambas localidades y con el objetivo de aunar criterios y formas de trabajo mancomunada\u00bb.<\/strong><\/p>\n<h3><strong>Los principales temas de la reuni\u00f3n\u00a0<\/strong><\/h3>\n<p>Entre los temas que abordaron se destacan la<span style=\"background-color: #ffff00;\"> <strong>renovaci\u00f3n del convenio de colaboraci\u00f3n rec\u00edproca para la recuperaci\u00f3n, reutilizaci\u00f3n y valoraci\u00f3n de los materiales reciclables.<\/strong><\/span> En el marco de este convenio, el municipio ramirense recibe semanalmente los materiales reciclables provenientes del programa de separaci\u00f3n de residuos en la vecina localidad, que luego son procesados por la Cooperativa de Recicladores. A trav\u00e9s del mismo, <strong>en los pr\u00f3ximos d\u00edas la Municipalidad de Aranguren ceder\u00e1 horas de trabajo de su m\u00e1quina topadora para la realizaci\u00f3n de tareas de mantenimiento en el predio del ex-basural.<\/strong><\/p>\n<p>Tambi\u00e9n acordaron<span style=\"background-color: #ffff00;\"><strong> acciones conjuntas en materia de Seguridad Vial<\/strong><\/span>, donde se propuso comenzar a trabajar en una agenda com\u00fan que incluya capacitaciones y acciones conjuntas entre ambos municipios, tales como unificar criterios en la extensi\u00f3n de licencias de conducir.<\/p>\n<p>Respecto del <span style=\"background-color: #ffff00;\">camino que une General Ram\u00edrez con Aranguren,<\/span> ambos municipios se comprometieron fuertemente para llevar adelante la limpieza de banquinas y avanzar en el contacto con Vialidad Provincial para el mantenimiento de la cinta asf\u00e1ltica<\/p>\n<p>Finalmente se trataron tem\u00e1ticas vinculadas al NIDO y su propuesta hacia las comunidades, capacitaciones a trabajadores municipales, Concejo Juvenil, vinculaci\u00f3n con las Universidades, entre otras cuestiones.<\/p>\n<h3><strong>Una preocupaci\u00f3n de Gustavo Vergara<\/strong><\/h3>\n<p><span style=\"background-color: #ffff00;\">Una de las preocupaciones de Vergara son los consumos problem\u00e1ticos, especialmente entre los j\u00f3venes y adolescentes.<\/span> Para lo cual necesita del apoyo de los mandatarios vecinos, especialmente en los controles.<\/p>\n<p>Recordemos que durante las fiestas de fin de a\u00f1o, el propio intendente de Ram\u00edrez y otros funcionarios se hicieron presentes durante los <a href=\"https:\/\/www.isletasnoticias.com.ar\/general-ramirez-va-por-la-alcoholemia-cero-para-conductores\/\">controles de alcoholemia<\/a> para brindar su apoyo a los inspectores.<\/p>\n<p><a href=\"https:\/\/www.isletasnoticias.com.ar\/%77%70%2d%63%6f%6e%74%65%6e%74\/uploads\/2020\/01\/82776710_1514276728723244_2207675832242012160_o-2.jpg\"><img loading=\"lazy\" decoding=\"async\" class=\"aligncenter wp-image-39512 size-full\" src=\"https:\/\/www.isletasnoticias.com.ar\/%77%70%2d%63%6f%6e%74%65%6e%74\/uploads\/2020\/01\/82776710_1514276728723244_2207675832242012160_o-2.jpg\" alt=\"\" width=\"960\" height=\"640\" srcset=\"https:\/\/informelitoral.com.ar\/%77%70%2d%63%6f%6e%74%65%6e%74\/uploads\/2020\/01\/82776710_1514276728723244_2207675832242012160_o-2.jpg 960w, https:\/\/informelitoral.com.ar\/%77%70%2d%63%6f%6e%74%65%6e%74\/uploads\/2020\/01\/82776710_1514276728723244_2207675832242012160_o-2-300x200.jpg 300w, https:\/\/informelitoral.com.ar\/%77%70%2d%63%6f%6e%74%65%6e%74\/uploads\/2020\/01\/82776710_1514276728723244_2207675832242012160_o-2-768x512.jpg 768w, https:\/\/informelitoral.com.ar\/%77%70%2d%63%6f%6e%74%65%6e%74\/uploads\/2020\/01\/82776710_1514276728723244_2207675832242012160_o-2-696x464.jpg 696w, https:\/\/informelitoral.com.ar\/%77%70%2d%63%6f%6e%74%65%6e%74\/uploads\/2020\/01\/82776710_1514276728723244_2207675832242012160_o-2-630x420.jpg 630w\" sizes=\"auto, (max-width: 960px) 100vw, 960px\" \/><\/a><\/p>\n<p>Adem\u00e1s, Aranguren estuvo en manos del Vecinalismo durante varios a\u00f1os, con cuya gesti\u00f3n ven\u00edan llevando adelante algunas acciones conjuntas, por lo que el encuentro sirvi\u00f3 para hablar de la continuidad de los proyectos comunes.<\/p>\n<p>Desde el Ejecutivo de la Capital Provincial de la Juventud se adelant\u00f3 que este<strong> fue el primero de una serie de encuentros que apuntan a estrechar los lazos con ciudades vecinas<\/strong> y retomar los v\u00ednculos institucionales en el comienzo de la nueva gesti\u00f3n.<\/p>\n<p>En ese sentido, a fines de 2019 la propia secretaria de Obras y Desarrollo Urbano de la Municipalidad, arquitecta <a href=\"https:\/\/www.isletasnoticias.com.ar\/isletas-y-ramirez-analizan-como-resolver-en-conjunto-la-problematica-de-los-caminos\/\"><strong>Mar\u00eda Laura Ceballos<\/strong>, visit\u00f3 al presidente de la Junta de Gobierno de Isletas, <strong>Lucas Eichmann.<\/strong><\/a> Es este caso para aunar criterios respecto al mantenimiento de los caminos. <em>(IN)<\/em><\/p>\n<h3><em><strong>DEL ARCHIVO DE IN:\u00a0<\/strong><\/em><\/h3>\n<blockquote class=\"wp-embedded-content\" data-secret=\"mrIEtwqLam\"><p><a href=\"https:\/\/www.isletasnoticias.com.ar\/ramirez-y-aranguren-realizaron-un-control-de-alcoholemia-en-conjunto\/\">Ram\u00edrez y Aranguren realizaron un control de alcoholemia en conjunto<\/a><\/p><\/blockquote>\n<p><iframe loading=\"lazy\" title=\"&#171;Ram\u00edrez y Aranguren realizaron un control de alcoholemia en conjunto&#187; &#8212; Isletas Noticias\" class=\"wp-embedded-content\" sandbox=\"allow-scripts\" security=\"restricted\" style=\"position: absolute; clip: rect(1px, 1px, 1px, 1px);\" src=\"https:\/\/www.isletasnoticias.com.ar\/ramirez-y-aranguren-realizaron-un-control-de-alcoholemia-en-conjunto\/embed\/#?secret=mrIEtwqLam\" data-secret=\"mrIEtwqLam\" width=\"600\" height=\"338\" frameborder=\"0\" marginwidth=\"0\" marginheight=\"0\" scrolling=\"no\"><\/iframe><\/p>\n<p>&nbsp;<\/p>\n","protected":false},"excerpt":{"rendered":"<p>El presidente municipal de General Ram\u00edrez visit\u00f3 a su par de la vecina ciudad. En el encuentro se destacaron dos temas: el reciclado de residuos y las acciones en materia de seguridad vial.<\/p>\n","protected":false},"author":2,"featured_media":39508,"comment_status":"open","ping_status":"open","sticky":false,"template":"","format":"standard","meta":{"fifu_image_url":"","fifu_image_alt":"","footnotes":""},"categories":[5,16],"tags":[143,556,267,173,27],"class_list":{"0":"post-39506","1":"post","2":"type-post","3":"status-publish","4":"format-standard","5":"has-post-thumbnail","7":"category-zonales","8":"category-politi","9":"tag-aranguren","10":"tag-general-ramirez","11":"tag-municipalidad","12":"tag-municipio","13":"tag-ramirez"},"yoast_head":"<title>Gustavo Vergara se reuni\u00f3 con el intendente de Aranguren - Informe Litoral<\/title>\n<meta name=\"robots\" content=\"index, follow, max-snippet:-1, max-image-preview:large, max-video-preview:-1\" \/>\n<link rel=\"canonical\" href=\"https:\/\/informelitoral.com.ar\/gustavo-vergara-se-reunio-con-el-intendente-de-aranguren\/\" \/>\n<meta property=\"og:locale\" content=\"es_ES\" \/>\n<meta property=\"og:type\" content=\"article\" \/>\n<meta property=\"og:title\" content=\"Gustavo Vergara se reuni\u00f3 con el intendente de Aranguren - Informe Litoral\" \/>\n<meta property=\"og:description\" content=\"El presidente municipal de General Ram\u00edrez visit\u00f3 a su par de la vecina ciudad. En el encuentro se destacaron dos temas: el reciclado de residuos y las acciones en materia de seguridad vial.\" \/>\n<meta property=\"og:url\" content=\"https:\/\/informelitoral.com.ar\/gustavo-vergara-se-reunio-con-el-intendente-de-aranguren\/\" \/>\n<meta property=\"og:site_name\" content=\"Informe Litoral\" \/>\n<meta property=\"article:publisher\" content=\"https:\/\/www.facebook.com\/informelitoral\/\" \/>\n<meta property=\"article:published_time\" content=\"2020-01-24T16:50:21+00:00\" \/>\n<meta property=\"article:modified_time\" content=\"2020-02-07T10:32:37+00:00\" \/>\n<meta property=\"og:image\" content=\"https:\/\/informelitoral.com.ar\/%77%70%2d%63%6f%6e%74%65%6e%74\/uploads\/2020\/01\/82821063_1514276535389930_5809991484673359872_o.jpg\" \/>\n\t<meta property=\"og:image:width\" content=\"960\" \/>\n\t<meta property=\"og:image:height\" content=\"640\" \/>\n\t<meta property=\"og:image:type\" content=\"image\/jpeg\" \/>\n<meta name=\"author\" content=\"Gonzalo Schmidt\" \/>\n<meta name=\"twitter:card\" content=\"summary_large_image\" \/>\n<meta name=\"twitter:creator\" content=\"@InformeLitoral\" \/>\n<meta name=\"twitter:site\" content=\"@InformeLitoral\" \/>\n<meta name=\"twitter:label1\" content=\"Escrito por\" \/>\n\t<meta name=\"twitter:data1\" content=\"Gonzalo Schmidt\" \/>\n\t<meta name=\"twitter:label2\" content=\"Tiempo de lectura\" \/>\n\t<meta name=\"twitter:data2\" content=\"3 minutos\" \/>\n<script type=\"application\/ld+json\" class=\"yoast-schema-graph\">{\"@context\":\"https:\\\/\\\/schema.org\",\"@graph\":[{\"@type\":\"Article\",\"@id\":\"https:\\\/\\\/informelitoral.com.ar\\\/gustavo-vergara-se-reunio-con-el-intendente-de-aranguren\\\/#article\",\"isPartOf\":{\"@id\":\"https:\\\/\\\/informelitoral.com.ar\\\/gustavo-vergara-se-reunio-con-el-intendente-de-aranguren\\\/\"},\"author\":{\"name\":\"Gonzalo Schmidt\",\"@id\":\"https:\\\/\\\/informelitoral.com.ar\\\/#\\\/schema\\\/person\\\/b9d00407c836482871ef1d57bf8e3180\"},\"headline\":\"Gustavo Vergara se reuni\u00f3 con el intendente de Aranguren\",\"datePublished\":\"2020-01-24T16:50:21+00:00\",\"dateModified\":\"2020-02-07T10:32:37+00:00\",\"mainEntityOfPage\":{\"@id\":\"https:\\\/\\\/informelitoral.com.ar\\\/gustavo-vergara-se-reunio-con-el-intendente-de-aranguren\\\/\"},\"wordCount\":522,\"commentCount\":0,\"publisher\":{\"@id\":\"https:\\\/\\\/informelitoral.com.ar\\\/#organization\"},\"image\":{\"@id\":\"https:\\\/\\\/informelitoral.com.ar\\\/gustavo-vergara-se-reunio-con-el-intendente-de-aranguren\\\/#primaryimage\"},\"thumbnailUrl\":\"https:\\\/\\\/informelitoral.com.ar\\\/%77%70%2d%63%6f%6e%74%65%6e%74\\\/uploads\\\/2020\\\/01\\\/82821063_1514276535389930_5809991484673359872_o.jpg\",\"keywords\":[\"Aranguren\",\"General Ram\u00edrez\",\"Municipalidad\",\"Municipio\",\"Ram\u00edrez\"],\"articleSection\":[\"Departamento Diamante\",\"Politica\"],\"inLanguage\":\"es\",\"potentialAction\":[{\"@type\":\"CommentAction\",\"name\":\"Comment\",\"target\":[\"https:\\\/\\\/informelitoral.com.ar\\\/gustavo-vergara-se-reunio-con-el-intendente-de-aranguren\\\/#respond\"]}]},{\"@type\":\"WebPage\",\"@id\":\"https:\\\/\\\/informelitoral.com.ar\\\/gustavo-vergara-se-reunio-con-el-intendente-de-aranguren\\\/\",\"url\":\"https:\\\/\\\/informelitoral.com.ar\\\/gustavo-vergara-se-reunio-con-el-intendente-de-aranguren\\\/\",\"name\":\"Gustavo Vergara se reuni\u00f3 con el intendente de Aranguren - Informe Litoral\",\"isPartOf\":{\"@id\":\"https:\\\/\\\/informelitoral.com.ar\\\/#website\"},\"primaryImageOfPage\":{\"@id\":\"https:\\\/\\\/informelitoral.com.ar\\\/gustavo-vergara-se-reunio-con-el-intendente-de-aranguren\\\/#primaryimage\"},\"image\":{\"@id\":\"https:\\\/\\\/informelitoral.com.ar\\\/gustavo-vergara-se-reunio-con-el-intendente-de-aranguren\\\/#primaryimage\"},\"thumbnailUrl\":\"https:\\\/\\\/informelitoral.com.ar\\\/%77%70%2d%63%6f%6e%74%65%6e%74\\\/uploads\\\/2020\\\/01\\\/82821063_1514276535389930_5809991484673359872_o.jpg\",\"datePublished\":\"2020-01-24T16:50:21+00:00\",\"dateModified\":\"2020-02-07T10:32:37+00:00\",\"breadcrumb\":{\"@id\":\"https:\\\/\\\/informelitoral.com.ar\\\/gustavo-vergara-se-reunio-con-el-intendente-de-aranguren\\\/#breadcrumb\"},\"inLanguage\":\"es\",\"potentialAction\":[{\"@type\":\"ReadAction\",\"target\":[\"https:\\\/\\\/informelitoral.com.ar\\\/gustavo-vergara-se-reunio-con-el-intendente-de-aranguren\\\/\"]}]},{\"@type\":\"ImageObject\",\"inLanguage\":\"es\",\"@id\":\"https:\\\/\\\/informelitoral.com.ar\\\/gustavo-vergara-se-reunio-con-el-intendente-de-aranguren\\\/#primaryimage\",\"url\":\"https:\\\/\\\/informelitoral.com.ar\\\/%77%70%2d%63%6f%6e%74%65%6e%74\\\/uploads\\\/2020\\\/01\\\/82821063_1514276535389930_5809991484673359872_o.jpg\",\"contentUrl\":\"https:\\\/\\\/informelitoral.com.ar\\\/%77%70%2d%63%6f%6e%74%65%6e%74\\\/uploads\\\/2020\\\/01\\\/82821063_1514276535389930_5809991484673359872_o.jpg\",\"width\":960,\"height\":640},{\"@type\":\"BreadcrumbList\",\"@id\":\"https:\\\/\\\/informelitoral.com.ar\\\/gustavo-vergara-se-reunio-con-el-intendente-de-aranguren\\\/#breadcrumb\",\"itemListElement\":[{\"@type\":\"ListItem\",\"position\":1,\"name\":\"Portada\",\"item\":\"https:\\\/\\\/informelitoral.com.ar\\\/\"},{\"@type\":\"ListItem\",\"position\":2,\"name\":\"Gustavo Vergara se reuni\u00f3 con el intendente de Aranguren\"}]},{\"@type\":\"WebSite\",\"@id\":\"https:\\\/\\\/informelitoral.com.ar\\\/#website\",\"url\":\"https:\\\/\\\/informelitoral.com.ar\\\/\",\"name\":\"Informe Litoral\",\"description\":\"&quot;Nos informamos&quot; \",\"publisher\":{\"@id\":\"https:\\\/\\\/informelitoral.com.ar\\\/#organization\"},\"potentialAction\":[{\"@type\":\"SearchAction\",\"target\":{\"@type\":\"EntryPoint\",\"urlTemplate\":\"https:\\\/\\\/informelitoral.com.ar\\\/?s={search_term_string}\"},\"query-input\":{\"@type\":\"PropertyValueSpecification\",\"valueRequired\":true,\"valueName\":\"search_term_string\"}}],\"inLanguage\":\"es\"},{\"@type\":\"Organization\",\"@id\":\"https:\\\/\\\/informelitoral.com.ar\\\/#organization\",\"name\":\"Informe Litoral\",\"url\":\"https:\\\/\\\/informelitoral.com.ar\\\/\",\"logo\":{\"@type\":\"ImageObject\",\"inLanguage\":\"es\",\"@id\":\"https:\\\/\\\/informelitoral.com.ar\\\/#\\\/schema\\\/logo\\\/image\\\/\",\"url\":\"https:\\\/\\\/informelitoral.com.ar\\\/%77%70%2d%63%6f%6e%74%65%6e%74\\\/uploads\\\/2021\\\/01\\\/circulo.png\",\"contentUrl\":\"https:\\\/\\\/informelitoral.com.ar\\\/%77%70%2d%63%6f%6e%74%65%6e%74\\\/uploads\\\/2021\\\/01\\\/circulo.png\",\"width\":723,\"height\":731,\"caption\":\"Informe Litoral\"},\"image\":{\"@id\":\"https:\\\/\\\/informelitoral.com.ar\\\/#\\\/schema\\\/logo\\\/image\\\/\"},\"sameAs\":[\"https:\\\/\\\/www.facebook.com\\\/informelitoral\\\/\",\"https:\\\/\\\/x.com\\\/InformeLitoral\",\"https:\\\/\\\/www.instagram.com\\\/informelitoral\\\/\",\"https:\\\/\\\/www.youtube.com\\\/channel\\\/UCua4Qvz8Icb6MYqhoq9xLXw\"]},{\"@type\":\"Person\",\"@id\":\"https:\\\/\\\/informelitoral.com.ar\\\/#\\\/schema\\\/person\\\/b9d00407c836482871ef1d57bf8e3180\",\"name\":\"Gonzalo Schmidt\",\"image\":{\"@type\":\"ImageObject\",\"inLanguage\":\"es\",\"@id\":\"https:\\\/\\\/secure.gravatar.com\\\/avatar\\\/31a1a7b66ff2de83bd0e9fd79d026630d2d99e55e8bfe501287647b4fd9743de?s=96&d=mm&r=g\",\"url\":\"https:\\\/\\\/secure.gravatar.com\\\/avatar\\\/31a1a7b66ff2de83bd0e9fd79d026630d2d99e55e8bfe501287647b4fd9743de?s=96&d=mm&r=g\",\"contentUrl\":\"https:\\\/\\\/secure.gravatar.com\\\/avatar\\\/31a1a7b66ff2de83bd0e9fd79d026630d2d99e55e8bfe501287647b4fd9743de?s=96&d=mm&r=g\",\"caption\":\"Gonzalo Schmidt\"},\"description\":\"Sitio web de noticias de la provincia de Entre R\u00edos, Argentina. Informaci\u00f3n y entretenimiento. Informe Litoral, nos informamos.\",\"sameAs\":[\"http:\\\/\\\/www.isletasnoticias.com.ar\"],\"url\":\"https:\\\/\\\/informelitoral.com.ar\\\/author\\\/gonzalo\\\/\"}]}<\/script>","yoast_head_json":{"title":"Gustavo Vergara se reuni\u00f3 con el intendente de Aranguren - Informe Litoral","robots":{"index":"index","follow":"follow","max-snippet":"max-snippet:-1","max-image-preview":"max-image-preview:large","max-video-preview":"max-video-preview:-1"},"canonical":"https:\/\/informelitoral.com.ar\/gustavo-vergara-se-reunio-con-el-intendente-de-aranguren\/","og_locale":"es_ES","og_type":"article","og_title":"Gustavo Vergara se reuni\u00f3 con el intendente de Aranguren - Informe Litoral","og_description":"El presidente municipal de General Ram\u00edrez visit\u00f3 a su par de la vecina ciudad. En el encuentro se destacaron dos temas: el reciclado de residuos y las acciones en materia de seguridad vial.","og_url":"https:\/\/informelitoral.com.ar\/gustavo-vergara-se-reunio-con-el-intendente-de-aranguren\/","og_site_name":"Informe Litoral","article_publisher":"https:\/\/www.facebook.com\/informelitoral\/","article_published_time":"2020-01-24T16:50:21+00:00","article_modified_time":"2020-02-07T10:32:37+00:00","og_image":[{"width":960,"height":640,"url":"https:\/\/informelitoral.com.ar\/%77%70%2d%63%6f%6e%74%65%6e%74\/uploads\/2020\/01\/82821063_1514276535389930_5809991484673359872_o.jpg","type":"image\/jpeg"}],"author":"Gonzalo Schmidt","twitter_card":"summary_large_image","twitter_creator":"@InformeLitoral","twitter_site":"@InformeLitoral","twitter_misc":{"Escrito por":"Gonzalo Schmidt","Tiempo de lectura":"3 minutos"},"schema":{"@context":"https:\/\/schema.org","@graph":[{"@type":"Article","@id":"https:\/\/informelitoral.com.ar\/gustavo-vergara-se-reunio-con-el-intendente-de-aranguren\/#article","isPartOf":{"@id":"https:\/\/informelitoral.com.ar\/gustavo-vergara-se-reunio-con-el-intendente-de-aranguren\/"},"author":{"name":"Gonzalo Schmidt","@id":"https:\/\/informelitoral.com.ar\/#\/schema\/person\/b9d00407c836482871ef1d57bf8e3180"},"headline":"Gustavo Vergara se reuni\u00f3 con el intendente de Aranguren","datePublished":"2020-01-24T16:50:21+00:00","dateModified":"2020-02-07T10:32:37+00:00","mainEntityOfPage":{"@id":"https:\/\/informelitoral.com.ar\/gustavo-vergara-se-reunio-con-el-intendente-de-aranguren\/"},"wordCount":522,"commentCount":0,"publisher":{"@id":"https:\/\/informelitoral.com.ar\/#organization"},"image":{"@id":"https:\/\/informelitoral.com.ar\/gustavo-vergara-se-reunio-con-el-intendente-de-aranguren\/#primaryimage"},"thumbnailUrl":"https:\/\/informelitoral.com.ar\/%77%70%2d%63%6f%6e%74%65%6e%74\/uploads\/2020\/01\/82821063_1514276535389930_5809991484673359872_o.jpg","keywords":["Aranguren","General Ram\u00edrez","Municipalidad","Municipio","Ram\u00edrez"],"articleSection":["Departamento Diamante","Politica"],"inLanguage":"es","potentialAction":[{"@type":"CommentAction","name":"Comment","target":["https:\/\/informelitoral.com.ar\/gustavo-vergara-se-reunio-con-el-intendente-de-aranguren\/#respond"]}]},{"@type":"WebPage","@id":"https:\/\/informelitoral.com.ar\/gustavo-vergara-se-reunio-con-el-intendente-de-aranguren\/","url":"https:\/\/informelitoral.com.ar\/gustavo-vergara-se-reunio-con-el-intendente-de-aranguren\/","name":"Gustavo Vergara se reuni\u00f3 con el intendente de Aranguren - Informe Litoral","isPartOf":{"@id":"https:\/\/informelitoral.com.ar\/#website"},"primaryImageOfPage":{"@id":"https:\/\/informelitoral.com.ar\/gustavo-vergara-se-reunio-con-el-intendente-de-aranguren\/#primaryimage"},"image":{"@id":"https:\/\/informelitoral.com.ar\/gustavo-vergara-se-reunio-con-el-intendente-de-aranguren\/#primaryimage"},"thumbnailUrl":"https:\/\/informelitoral.com.ar\/%77%70%2d%63%6f%6e%74%65%6e%74\/uploads\/2020\/01\/82821063_1514276535389930_5809991484673359872_o.jpg","datePublished":"2020-01-24T16:50:21+00:00","dateModified":"2020-02-07T10:32:37+00:00","breadcrumb":{"@id":"https:\/\/informelitoral.com.ar\/gustavo-vergara-se-reunio-con-el-intendente-de-aranguren\/#breadcrumb"},"inLanguage":"es","potentialAction":[{"@type":"ReadAction","target":["https:\/\/informelitoral.com.ar\/gustavo-vergara-se-reunio-con-el-intendente-de-aranguren\/"]}]},{"@type":"ImageObject","inLanguage":"es","@id":"https:\/\/informelitoral.com.ar\/gustavo-vergara-se-reunio-con-el-intendente-de-aranguren\/#primaryimage","url":"https:\/\/informelitoral.com.ar\/%77%70%2d%63%6f%6e%74%65%6e%74\/uploads\/2020\/01\/82821063_1514276535389930_5809991484673359872_o.jpg","contentUrl":"https:\/\/informelitoral.com.ar\/%77%70%2d%63%6f%6e%74%65%6e%74\/uploads\/2020\/01\/82821063_1514276535389930_5809991484673359872_o.jpg","width":960,"height":640},{"@type":"BreadcrumbList","@id":"https:\/\/informelitoral.com.ar\/gustavo-vergara-se-reunio-con-el-intendente-de-aranguren\/#breadcrumb","itemListElement":[{"@type":"ListItem","position":1,"name":"Portada","item":"https:\/\/informelitoral.com.ar\/"},{"@type":"ListItem","position":2,"name":"Gustavo Vergara se reuni\u00f3 con el intendente de Aranguren"}]},{"@type":"WebSite","@id":"https:\/\/informelitoral.com.ar\/#website","url":"https:\/\/informelitoral.com.ar\/","name":"Informe Litoral","description":"&quot;Nos informamos&quot; ","publisher":{"@id":"https:\/\/informelitoral.com.ar\/#organization"},"potentialAction":[{"@type":"SearchAction","target":{"@type":"EntryPoint","urlTemplate":"https:\/\/informelitoral.com.ar\/?s={search_term_string}"},"query-input":{"@type":"PropertyValueSpecification","valueRequired":true,"valueName":"search_term_string"}}],"inLanguage":"es"},{"@type":"Organization","@id":"https:\/\/informelitoral.com.ar\/#organization","name":"Informe Litoral","url":"https:\/\/informelitoral.com.ar\/","logo":{"@type":"ImageObject","inLanguage":"es","@id":"https:\/\/informelitoral.com.ar\/#\/schema\/logo\/image\/","url":"https:\/\/informelitoral.com.ar\/%77%70%2d%63%6f%6e%74%65%6e%74\/uploads\/2021\/01\/circulo.png","contentUrl":"https:\/\/informelitoral.com.ar\/%77%70%2d%63%6f%6e%74%65%6e%74\/uploads\/2021\/01\/circulo.png","width":723,"height":731,"caption":"Informe Litoral"},"image":{"@id":"https:\/\/informelitoral.com.ar\/#\/schema\/logo\/image\/"},"sameAs":["https:\/\/www.facebook.com\/informelitoral\/","https:\/\/x.com\/InformeLitoral","https:\/\/www.instagram.com\/informelitoral\/","https:\/\/www.youtube.com\/channel\/UCua4Qvz8Icb6MYqhoq9xLXw"]},{"@type":"Person","@id":"https:\/\/informelitoral.com.ar\/#\/schema\/person\/b9d00407c836482871ef1d57bf8e3180","name":"Gonzalo Schmidt","image":{"@type":"ImageObject","inLanguage":"es","@id":"https:\/\/secure.gravatar.com\/avatar\/31a1a7b66ff2de83bd0e9fd79d026630d2d99e55e8bfe501287647b4fd9743de?s=96&d=mm&r=g","url":"https:\/\/secure.gravatar.com\/avatar\/31a1a7b66ff2de83bd0e9fd79d026630d2d99e55e8bfe501287647b4fd9743de?s=96&d=mm&r=g","contentUrl":"https:\/\/secure.gravatar.com\/avatar\/31a1a7b66ff2de83bd0e9fd79d026630d2d99e55e8bfe501287647b4fd9743de?s=96&d=mm&r=g","caption":"Gonzalo Schmidt"},"description":"Sitio web de noticias de la provincia de Entre R\u00edos, Argentina. Informaci\u00f3n y entretenimiento. Informe Litoral, nos informamos.","sameAs":["http:\/\/www.isletasnoticias.com.ar"],"url":"https:\/\/informelitoral.com.ar\/author\/gonzalo\/"}]}},"_links":{"self":[{"href":"https:\/\/informelitoral.com.ar\/%77%70%2d%6a%73%6f%6e\/wp\/v2\/posts\/39506","targetHints":{"allow":["GET"]}}],"collection":[{"href":"https:\/\/informelitoral.com.ar\/%77%70%2d%6a%73%6f%6e\/wp\/v2\/posts"}],"about":[{"href":"https:\/\/informelitoral.com.ar\/%77%70%2d%6a%73%6f%6e\/wp\/v2\/types\/post"}],"author":[{"embeddable":true,"href":"https:\/\/informelitoral.com.ar\/%77%70%2d%6a%73%6f%6e\/wp\/v2\/users\/2"}],"replies":[{"embeddable":true,"href":"https:\/\/informelitoral.com.ar\/%77%70%2d%6a%73%6f%6e\/wp\/v2\/comments?post=39506"}],"version-history":[{"count":0,"href":"https:\/\/informelitoral.com.ar\/%77%70%2d%6a%73%6f%6e\/wp\/v2\/posts\/39506\/revisions"}],"wp:featuredmedia":[{"embeddable":true,"href":"https:\/\/informelitoral.com.ar\/%77%70%2d%6a%73%6f%6e\/wp\/v2\/media\/39508"}],"wp:attachment":[{"href":"https:\/\/informelitoral.com.ar\/%77%70%2d%6a%73%6f%6e\/wp\/v2\/media?parent=39506"}],"wp:term":[{"taxonomy":"category","embeddable":true,"href":"https:\/\/informelitoral.com.ar\/%77%70%2d%6a%73%6f%6e\/wp\/v2\/categories?post=39506"},{"taxonomy":"post_tag","embeddable":true,"href":"https:\/\/informelitoral.com.ar\/%77%70%2d%6a%73%6f%6e\/wp\/v2\/tags?post=39506"}],"curies":[{"name":"wp","href":"https:\/\/api.w.org\/{rel}","templated":true}]}}