{"id":39502,"date":"2020-01-24T11:58:05","date_gmt":"2020-01-24T14:58:05","guid":{"rendered":"https:\/\/www.isletasnoticias.com.ar\/?p=39502"},"modified":"2020-01-24T11:59:12","modified_gmt":"2020-01-24T14:59:12","slug":"durante-la-gestion-macrista-vicentin-recibio-prestamos-por-mas-de-18-000-millones-del-banco-nacion","status":"publish","type":"post","link":"https:\/\/informelitoral.com.ar\/durante-la-gestion-macrista-vicentin-recibio-prestamos-por-mas-de-18-000-millones-del-banco-nacion\/","title":{"rendered":"Durante la gesti\u00f3n macrista, Vicentin recibi\u00f3 pr\u00e9stamos por m\u00e1s de $18.000 millones del Banco Naci\u00f3n"},"content":{"rendered":"<p>Las nuevas autoridades del\u00a0Banco Naci\u00f3n\u00a0iniciaron un sumario administrativo luego de detectar que<strong>\u00a0durante la gesti\u00f3n de\u00a0Cambiemos\u00a0el Banco Naci\u00f3n le otorg\u00f3 pr\u00e9stamos por $18.700 millones a la firma agroindustrial\u00a0Vicentin, que se declar\u00f3 en \u201cestr\u00e9s financiero\u201d el 5 de diciembre pasado, sin que hasta el momento la empresa haya presentado propuesta de pago alguna.<\/strong><\/p>\n<p>El vocero de la entidad bancaria,\u00a0<strong>Sergio Resumil<\/strong>, relat\u00f3 que al asumir la nueva conducci\u00f3n \u201cse hizo un an\u00e1lisis de la situaci\u00f3n y se advirti\u00f3 la existencia de este cr\u00e9dito llamativo por los vol\u00famenes y que no se hab\u00edan cumplido la mejoras pr\u00e1cticas en su otorgamiento. Entonces se dispuso iniciar un sumario administrativo\u201d.<\/p>\n<p>Seg\u00fan detall\u00f3, la deuda por los pr\u00e9stamos, que tuvieron lugar durante la gesti\u00f3n de\u00a0<strong>Javier Gonz\u00e1lez Fraga<\/strong>, fue renegociada varias veces ante las irregularidades en los pagos y luego se fue ampliando por la evoluci\u00f3n del tipo de cambio.\u00a0<strong>\u201cEn estos casos el banco activa unos controles que ac\u00e1 no se activaron\u201d<\/strong>, a\u00f1adi\u00f3.<\/p>\n<p>\u201cLa empresa estaba en categor\u00eda 1, es decir que aunque estaba incumpliendo sus pagos era considerada una empresa normal. Se la pas\u00f3 a categor\u00eda 4, que quiere decir que tiene alta probabilidad de incobrabilidad, el paso previo a la quiebra o a una convocatoria de acreedores\u201d, agreg\u00f3 en declaraciones al programa\u00a0<em>Ma\u00f1ana Sylvestre<\/em>\u00a0por<em>\u00a0Radio 10.<\/em><\/p>\n<p>Resumil afirm\u00f3 que desde ese momento \u201cse suspendi\u00f3 el flujo de recursos a la empresa\u201d, pero la preocupaci\u00f3n radica en que\u00a0<strong>hasta el momento Vicentin no present\u00f3 al banco ninguna propuesta de pago<\/strong>: \u201cLo que ocurre habitualmente es que abran una v\u00eda de negociaci\u00f3n con su cadena producci\u00f3n o entidades financieras. Pero no se advierte ninguna voluntad. En 2018 factur\u00f3 118.000 millones, es decir que la deuda era el 15% de esa facturaci\u00f3n. Para el banco no es grato que una empresa quiebre, pero estamos obligados a proteger nuestros activos, porque tenemos ocho millones de clientes\u201d.<\/p>\n<p><strong style=\"text-align: center;\">\u201cNo podemos tolerar que los recursos que depositan los argentinos sean objeto de este tipo de maniobras. Lo ideal ser\u00eda que la empresa no vaya a la quiebra en la situaci\u00f3n actual, pero queremos recuperar el dinero. Por eso si no hay oferta de pago se tomar\u00e1n otras acciones\u201d<\/strong><span style=\"text-align: center;\">, concluy\u00f3.<\/span><\/p>\n<h3><strong>Deuda con sistema financiero y productores<\/strong><\/h3>\n<p>Seg\u00fan se desprende de la central de deudores del BCRA, a la fecha la empresa tiene una deuda bancaria total de poco m\u00e1s de $23.500 millones, entre ellos los $18.000 millones tomados con el Banco Naci\u00f3n. Adem\u00e1s la firma tiene cheques rechazados por un total de $60 millones.<\/p>\n<p>Pero adem\u00e1s\u00a0<strong>acumul\u00f3 deudas con el sector productivo<\/strong>\u00a0y durante las \u00faltimas horas se reuni\u00f3 con representantes del sector para intentar esquivar la apertura del concurso de acreedores, que ser\u00eda inminente con el fin de la feria judicial. En este contexto, durante el encuentro esboz\u00f3 un posible plan de pagos que ser\u00eda presentado oficialmente durante los primeros d\u00edas de febrero.<\/p>\n<p>Actualmente,\u00a0<strong>la compa\u00f1\u00eda comandada por la familia Padoan tiene una deuda total superior a los u$s1.000 millones<\/strong>, de los cuales u$s350 millones est\u00e1 contra\u00edda con productores, acopios y cooperativas por la compra de materia prima y justamente este sector es el que viene presionando desde hace semanas para que la firma presente en el corto plazo un plan de pagos concreto o, caso contrario, se dar\u00eda de baja a la firma para operar en el mercado granario local.<\/p>\n<p>Luego de que la empresa se declarara en \u201cestr\u00e9s financiero\u201d el 5 de diciembre pasado, se baraj\u00f3 la posibilidad de que venda parte o alguno de sus cuantiosos activos y tambi\u00e9n se especul\u00f3 con que sumar\u00eda alg\u00fan socio local para conseguir un espaldarazo y dejar atr\u00e1s este\u00a0<strong>default sin precedentes en sus 90 a\u00f1os de trayectoria<\/strong>.<em>\u00a0(Fuente: \u00c1mbito)<\/em><\/p>\n","protected":false},"excerpt":{"rendered":"<p>Se inici\u00f3 un sumario administrativo. \u00abEn estos casos el banco activa unos controles que ac\u00e1 no se activaron\u00bb, afirm\u00f3 el vocero de la entidad bancaria. Hasta el momento Vicentin no present\u00f3 al banco ninguna propuesta de pago.<\/p>\n","protected":false},"author":2,"featured_media":39503,"comment_status":"open","ping_status":"open","sticky":false,"template":"","format":"standard","meta":{"fifu_image_url":"","fifu_image_alt":"","footnotes":""},"categories":[16],"tags":[],"class_list":{"0":"post-39502","1":"post","2":"type-post","3":"status-publish","4":"format-standard","5":"has-post-thumbnail","7":"category-politi"},"yoast_head":"<title>Durante la gesti\u00f3n macrista, Vicentin recibi\u00f3 pr\u00e9stamos por m\u00e1s de $18.000 millones del Banco Naci\u00f3n - Informe Litoral<\/title>\n<meta name=\"robots\" content=\"index, follow, max-snippet:-1, max-image-preview:large, max-video-preview:-1\" \/>\n<link rel=\"canonical\" href=\"https:\/\/informelitoral.com.ar\/durante-la-gestion-macrista-vicentin-recibio-prestamos-por-mas-de-18-000-millones-del-banco-nacion\/\" \/>\n<meta property=\"og:locale\" content=\"es_ES\" \/>\n<meta property=\"og:type\" content=\"article\" \/>\n<meta property=\"og:title\" content=\"Durante la gesti\u00f3n macrista, Vicentin recibi\u00f3 pr\u00e9stamos por m\u00e1s de $18.000 millones del Banco Naci\u00f3n - Informe Litoral\" \/>\n<meta property=\"og:description\" content=\"Se inici\u00f3 un sumario administrativo. &quot;En estos casos el banco activa unos controles que ac\u00e1 no se activaron&quot;, afirm\u00f3 el vocero de la entidad bancaria. Hasta el momento Vicentin no present\u00f3 al banco ninguna propuesta de pago.\" \/>\n<meta property=\"og:url\" content=\"https:\/\/informelitoral.com.ar\/durante-la-gestion-macrista-vicentin-recibio-prestamos-por-mas-de-18-000-millones-del-banco-nacion\/\" \/>\n<meta property=\"og:site_name\" content=\"Informe Litoral\" \/>\n<meta property=\"article:publisher\" content=\"https:\/\/www.facebook.com\/informelitoral\/\" \/>\n<meta property=\"article:published_time\" content=\"2020-01-24T14:58:05+00:00\" \/>\n<meta property=\"article:modified_time\" content=\"2020-01-24T14:59:12+00:00\" \/>\n<meta property=\"og:image\" content=\"https:\/\/informelitoral.com.ar\/%77%70%2d%63%6f%6e%74%65%6e%74\/uploads\/2020\/01\/eozz952woai9hb1.jpg_258117318.jpg\" \/>\n\t<meta property=\"og:image:width\" content=\"829\" \/>\n\t<meta property=\"og:image:height\" content=\"466\" \/>\n\t<meta property=\"og:image:type\" content=\"image\/jpeg\" \/>\n<meta name=\"author\" content=\"Gonzalo Schmidt\" \/>\n<meta name=\"twitter:card\" content=\"summary_large_image\" \/>\n<meta name=\"twitter:creator\" content=\"@InformeLitoral\" \/>\n<meta name=\"twitter:site\" content=\"@InformeLitoral\" \/>\n<meta name=\"twitter:label1\" content=\"Escrito por\" \/>\n\t<meta name=\"twitter:data1\" content=\"Gonzalo Schmidt\" \/>\n\t<meta name=\"twitter:label2\" content=\"Tiempo de lectura\" \/>\n\t<meta name=\"twitter:data2\" content=\"3 minutos\" \/>\n<script type=\"application\/ld+json\" class=\"yoast-schema-graph\">{\"@context\":\"https:\\\/\\\/schema.org\",\"@graph\":[{\"@type\":\"Article\",\"@id\":\"https:\\\/\\\/informelitoral.com.ar\\\/durante-la-gestion-macrista-vicentin-recibio-prestamos-por-mas-de-18-000-millones-del-banco-nacion\\\/#article\",\"isPartOf\":{\"@id\":\"https:\\\/\\\/informelitoral.com.ar\\\/durante-la-gestion-macrista-vicentin-recibio-prestamos-por-mas-de-18-000-millones-del-banco-nacion\\\/\"},\"author\":{\"name\":\"Gonzalo Schmidt\",\"@id\":\"https:\\\/\\\/informelitoral.com.ar\\\/#\\\/schema\\\/person\\\/b9d00407c836482871ef1d57bf8e3180\"},\"headline\":\"Durante la gesti\u00f3n macrista, Vicentin recibi\u00f3 pr\u00e9stamos por m\u00e1s de $18.000 millones del Banco Naci\u00f3n\",\"datePublished\":\"2020-01-24T14:58:05+00:00\",\"dateModified\":\"2020-01-24T14:59:12+00:00\",\"mainEntityOfPage\":{\"@id\":\"https:\\\/\\\/informelitoral.com.ar\\\/durante-la-gestion-macrista-vicentin-recibio-prestamos-por-mas-de-18-000-millones-del-banco-nacion\\\/\"},\"wordCount\":668,\"commentCount\":0,\"publisher\":{\"@id\":\"https:\\\/\\\/informelitoral.com.ar\\\/#organization\"},\"image\":{\"@id\":\"https:\\\/\\\/informelitoral.com.ar\\\/durante-la-gestion-macrista-vicentin-recibio-prestamos-por-mas-de-18-000-millones-del-banco-nacion\\\/#primaryimage\"},\"thumbnailUrl\":\"https:\\\/\\\/informelitoral.com.ar\\\/%77%70%2d%63%6f%6e%74%65%6e%74\\\/uploads\\\/2020\\\/01\\\/eozz952woai9hb1.jpg_258117318.jpg\",\"articleSection\":[\"Politica\"],\"inLanguage\":\"es\",\"potentialAction\":[{\"@type\":\"CommentAction\",\"name\":\"Comment\",\"target\":[\"https:\\\/\\\/informelitoral.com.ar\\\/durante-la-gestion-macrista-vicentin-recibio-prestamos-por-mas-de-18-000-millones-del-banco-nacion\\\/#respond\"]}]},{\"@type\":\"WebPage\",\"@id\":\"https:\\\/\\\/informelitoral.com.ar\\\/durante-la-gestion-macrista-vicentin-recibio-prestamos-por-mas-de-18-000-millones-del-banco-nacion\\\/\",\"url\":\"https:\\\/\\\/informelitoral.com.ar\\\/durante-la-gestion-macrista-vicentin-recibio-prestamos-por-mas-de-18-000-millones-del-banco-nacion\\\/\",\"name\":\"Durante la gesti\u00f3n macrista, Vicentin recibi\u00f3 pr\u00e9stamos por m\u00e1s de $18.000 millones del Banco Naci\u00f3n - Informe Litoral\",\"isPartOf\":{\"@id\":\"https:\\\/\\\/informelitoral.com.ar\\\/#website\"},\"primaryImageOfPage\":{\"@id\":\"https:\\\/\\\/informelitoral.com.ar\\\/durante-la-gestion-macrista-vicentin-recibio-prestamos-por-mas-de-18-000-millones-del-banco-nacion\\\/#primaryimage\"},\"image\":{\"@id\":\"https:\\\/\\\/informelitoral.com.ar\\\/durante-la-gestion-macrista-vicentin-recibio-prestamos-por-mas-de-18-000-millones-del-banco-nacion\\\/#primaryimage\"},\"thumbnailUrl\":\"https:\\\/\\\/informelitoral.com.ar\\\/%77%70%2d%63%6f%6e%74%65%6e%74\\\/uploads\\\/2020\\\/01\\\/eozz952woai9hb1.jpg_258117318.jpg\",\"datePublished\":\"2020-01-24T14:58:05+00:00\",\"dateModified\":\"2020-01-24T14:59:12+00:00\",\"breadcrumb\":{\"@id\":\"https:\\\/\\\/informelitoral.com.ar\\\/durante-la-gestion-macrista-vicentin-recibio-prestamos-por-mas-de-18-000-millones-del-banco-nacion\\\/#breadcrumb\"},\"inLanguage\":\"es\",\"potentialAction\":[{\"@type\":\"ReadAction\",\"target\":[\"https:\\\/\\\/informelitoral.com.ar\\\/durante-la-gestion-macrista-vicentin-recibio-prestamos-por-mas-de-18-000-millones-del-banco-nacion\\\/\"]}]},{\"@type\":\"ImageObject\",\"inLanguage\":\"es\",\"@id\":\"https:\\\/\\\/informelitoral.com.ar\\\/durante-la-gestion-macrista-vicentin-recibio-prestamos-por-mas-de-18-000-millones-del-banco-nacion\\\/#primaryimage\",\"url\":\"https:\\\/\\\/informelitoral.com.ar\\\/%77%70%2d%63%6f%6e%74%65%6e%74\\\/uploads\\\/2020\\\/01\\\/eozz952woai9hb1.jpg_258117318.jpg\",\"contentUrl\":\"https:\\\/\\\/informelitoral.com.ar\\\/%77%70%2d%63%6f%6e%74%65%6e%74\\\/uploads\\\/2020\\\/01\\\/eozz952woai9hb1.jpg_258117318.jpg\",\"width\":829,\"height\":466},{\"@type\":\"BreadcrumbList\",\"@id\":\"https:\\\/\\\/informelitoral.com.ar\\\/durante-la-gestion-macrista-vicentin-recibio-prestamos-por-mas-de-18-000-millones-del-banco-nacion\\\/#breadcrumb\",\"itemListElement\":[{\"@type\":\"ListItem\",\"position\":1,\"name\":\"Portada\",\"item\":\"https:\\\/\\\/informelitoral.com.ar\\\/\"},{\"@type\":\"ListItem\",\"position\":2,\"name\":\"Durante la gesti\u00f3n macrista, Vicentin recibi\u00f3 pr\u00e9stamos por m\u00e1s de $18.000 millones del Banco Naci\u00f3n\"}]},{\"@type\":\"WebSite\",\"@id\":\"https:\\\/\\\/informelitoral.com.ar\\\/#website\",\"url\":\"https:\\\/\\\/informelitoral.com.ar\\\/\",\"name\":\"Informe Litoral\",\"description\":\"&quot;Nos informamos&quot; \",\"publisher\":{\"@id\":\"https:\\\/\\\/informelitoral.com.ar\\\/#organization\"},\"potentialAction\":[{\"@type\":\"SearchAction\",\"target\":{\"@type\":\"EntryPoint\",\"urlTemplate\":\"https:\\\/\\\/informelitoral.com.ar\\\/?s={search_term_string}\"},\"query-input\":{\"@type\":\"PropertyValueSpecification\",\"valueRequired\":true,\"valueName\":\"search_term_string\"}}],\"inLanguage\":\"es\"},{\"@type\":\"Organization\",\"@id\":\"https:\\\/\\\/informelitoral.com.ar\\\/#organization\",\"name\":\"Informe Litoral\",\"url\":\"https:\\\/\\\/informelitoral.com.ar\\\/\",\"logo\":{\"@type\":\"ImageObject\",\"inLanguage\":\"es\",\"@id\":\"https:\\\/\\\/informelitoral.com.ar\\\/#\\\/schema\\\/logo\\\/image\\\/\",\"url\":\"https:\\\/\\\/informelitoral.com.ar\\\/%77%70%2d%63%6f%6e%74%65%6e%74\\\/uploads\\\/2021\\\/01\\\/circulo.png\",\"contentUrl\":\"https:\\\/\\\/informelitoral.com.ar\\\/%77%70%2d%63%6f%6e%74%65%6e%74\\\/uploads\\\/2021\\\/01\\\/circulo.png\",\"width\":723,\"height\":731,\"caption\":\"Informe Litoral\"},\"image\":{\"@id\":\"https:\\\/\\\/informelitoral.com.ar\\\/#\\\/schema\\\/logo\\\/image\\\/\"},\"sameAs\":[\"https:\\\/\\\/www.facebook.com\\\/informelitoral\\\/\",\"https:\\\/\\\/x.com\\\/InformeLitoral\",\"https:\\\/\\\/www.instagram.com\\\/informelitoral\\\/\",\"https:\\\/\\\/www.youtube.com\\\/channel\\\/UCua4Qvz8Icb6MYqhoq9xLXw\"]},{\"@type\":\"Person\",\"@id\":\"https:\\\/\\\/informelitoral.com.ar\\\/#\\\/schema\\\/person\\\/b9d00407c836482871ef1d57bf8e3180\",\"name\":\"Gonzalo Schmidt\",\"image\":{\"@type\":\"ImageObject\",\"inLanguage\":\"es\",\"@id\":\"https:\\\/\\\/secure.gravatar.com\\\/avatar\\\/31a1a7b66ff2de83bd0e9fd79d026630d2d99e55e8bfe501287647b4fd9743de?s=96&d=mm&r=g\",\"url\":\"https:\\\/\\\/secure.gravatar.com\\\/avatar\\\/31a1a7b66ff2de83bd0e9fd79d026630d2d99e55e8bfe501287647b4fd9743de?s=96&d=mm&r=g\",\"contentUrl\":\"https:\\\/\\\/secure.gravatar.com\\\/avatar\\\/31a1a7b66ff2de83bd0e9fd79d026630d2d99e55e8bfe501287647b4fd9743de?s=96&d=mm&r=g\",\"caption\":\"Gonzalo Schmidt\"},\"description\":\"Sitio web de noticias de la provincia de Entre R\u00edos, Argentina. Informaci\u00f3n y entretenimiento. Informe Litoral, nos informamos.\",\"sameAs\":[\"http:\\\/\\\/www.isletasnoticias.com.ar\"],\"url\":\"https:\\\/\\\/informelitoral.com.ar\\\/author\\\/gonzalo\\\/\"}]}<\/script>","yoast_head_json":{"title":"Durante la gesti\u00f3n macrista, Vicentin recibi\u00f3 pr\u00e9stamos por m\u00e1s de $18.000 millones del Banco Naci\u00f3n - Informe Litoral","robots":{"index":"index","follow":"follow","max-snippet":"max-snippet:-1","max-image-preview":"max-image-preview:large","max-video-preview":"max-video-preview:-1"},"canonical":"https:\/\/informelitoral.com.ar\/durante-la-gestion-macrista-vicentin-recibio-prestamos-por-mas-de-18-000-millones-del-banco-nacion\/","og_locale":"es_ES","og_type":"article","og_title":"Durante la gesti\u00f3n macrista, Vicentin recibi\u00f3 pr\u00e9stamos por m\u00e1s de $18.000 millones del Banco Naci\u00f3n - Informe Litoral","og_description":"Se inici\u00f3 un sumario administrativo. \"En estos casos el banco activa unos controles que ac\u00e1 no se activaron\", afirm\u00f3 el vocero de la entidad bancaria. Hasta el momento Vicentin no present\u00f3 al banco ninguna propuesta de pago.","og_url":"https:\/\/informelitoral.com.ar\/durante-la-gestion-macrista-vicentin-recibio-prestamos-por-mas-de-18-000-millones-del-banco-nacion\/","og_site_name":"Informe Litoral","article_publisher":"https:\/\/www.facebook.com\/informelitoral\/","article_published_time":"2020-01-24T14:58:05+00:00","article_modified_time":"2020-01-24T14:59:12+00:00","og_image":[{"width":829,"height":466,"url":"https:\/\/informelitoral.com.ar\/%77%70%2d%63%6f%6e%74%65%6e%74\/uploads\/2020\/01\/eozz952woai9hb1.jpg_258117318.jpg","type":"image\/jpeg"}],"author":"Gonzalo Schmidt","twitter_card":"summary_large_image","twitter_creator":"@InformeLitoral","twitter_site":"@InformeLitoral","twitter_misc":{"Escrito por":"Gonzalo Schmidt","Tiempo de lectura":"3 minutos"},"schema":{"@context":"https:\/\/schema.org","@graph":[{"@type":"Article","@id":"https:\/\/informelitoral.com.ar\/durante-la-gestion-macrista-vicentin-recibio-prestamos-por-mas-de-18-000-millones-del-banco-nacion\/#article","isPartOf":{"@id":"https:\/\/informelitoral.com.ar\/durante-la-gestion-macrista-vicentin-recibio-prestamos-por-mas-de-18-000-millones-del-banco-nacion\/"},"author":{"name":"Gonzalo Schmidt","@id":"https:\/\/informelitoral.com.ar\/#\/schema\/person\/b9d00407c836482871ef1d57bf8e3180"},"headline":"Durante la gesti\u00f3n macrista, Vicentin recibi\u00f3 pr\u00e9stamos por m\u00e1s de $18.000 millones del Banco Naci\u00f3n","datePublished":"2020-01-24T14:58:05+00:00","dateModified":"2020-01-24T14:59:12+00:00","mainEntityOfPage":{"@id":"https:\/\/informelitoral.com.ar\/durante-la-gestion-macrista-vicentin-recibio-prestamos-por-mas-de-18-000-millones-del-banco-nacion\/"},"wordCount":668,"commentCount":0,"publisher":{"@id":"https:\/\/informelitoral.com.ar\/#organization"},"image":{"@id":"https:\/\/informelitoral.com.ar\/durante-la-gestion-macrista-vicentin-recibio-prestamos-por-mas-de-18-000-millones-del-banco-nacion\/#primaryimage"},"thumbnailUrl":"https:\/\/informelitoral.com.ar\/%77%70%2d%63%6f%6e%74%65%6e%74\/uploads\/2020\/01\/eozz952woai9hb1.jpg_258117318.jpg","articleSection":["Politica"],"inLanguage":"es","potentialAction":[{"@type":"CommentAction","name":"Comment","target":["https:\/\/informelitoral.com.ar\/durante-la-gestion-macrista-vicentin-recibio-prestamos-por-mas-de-18-000-millones-del-banco-nacion\/#respond"]}]},{"@type":"WebPage","@id":"https:\/\/informelitoral.com.ar\/durante-la-gestion-macrista-vicentin-recibio-prestamos-por-mas-de-18-000-millones-del-banco-nacion\/","url":"https:\/\/informelitoral.com.ar\/durante-la-gestion-macrista-vicentin-recibio-prestamos-por-mas-de-18-000-millones-del-banco-nacion\/","name":"Durante la gesti\u00f3n macrista, Vicentin recibi\u00f3 pr\u00e9stamos por m\u00e1s de $18.000 millones del Banco Naci\u00f3n - Informe Litoral","isPartOf":{"@id":"https:\/\/informelitoral.com.ar\/#website"},"primaryImageOfPage":{"@id":"https:\/\/informelitoral.com.ar\/durante-la-gestion-macrista-vicentin-recibio-prestamos-por-mas-de-18-000-millones-del-banco-nacion\/#primaryimage"},"image":{"@id":"https:\/\/informelitoral.com.ar\/durante-la-gestion-macrista-vicentin-recibio-prestamos-por-mas-de-18-000-millones-del-banco-nacion\/#primaryimage"},"thumbnailUrl":"https:\/\/informelitoral.com.ar\/%77%70%2d%63%6f%6e%74%65%6e%74\/uploads\/2020\/01\/eozz952woai9hb1.jpg_258117318.jpg","datePublished":"2020-01-24T14:58:05+00:00","dateModified":"2020-01-24T14:59:12+00:00","breadcrumb":{"@id":"https:\/\/informelitoral.com.ar\/durante-la-gestion-macrista-vicentin-recibio-prestamos-por-mas-de-18-000-millones-del-banco-nacion\/#breadcrumb"},"inLanguage":"es","potentialAction":[{"@type":"ReadAction","target":["https:\/\/informelitoral.com.ar\/durante-la-gestion-macrista-vicentin-recibio-prestamos-por-mas-de-18-000-millones-del-banco-nacion\/"]}]},{"@type":"ImageObject","inLanguage":"es","@id":"https:\/\/informelitoral.com.ar\/durante-la-gestion-macrista-vicentin-recibio-prestamos-por-mas-de-18-000-millones-del-banco-nacion\/#primaryimage","url":"https:\/\/informelitoral.com.ar\/%77%70%2d%63%6f%6e%74%65%6e%74\/uploads\/2020\/01\/eozz952woai9hb1.jpg_258117318.jpg","contentUrl":"https:\/\/informelitoral.com.ar\/%77%70%2d%63%6f%6e%74%65%6e%74\/uploads\/2020\/01\/eozz952woai9hb1.jpg_258117318.jpg","width":829,"height":466},{"@type":"BreadcrumbList","@id":"https:\/\/informelitoral.com.ar\/durante-la-gestion-macrista-vicentin-recibio-prestamos-por-mas-de-18-000-millones-del-banco-nacion\/#breadcrumb","itemListElement":[{"@type":"ListItem","position":1,"name":"Portada","item":"https:\/\/informelitoral.com.ar\/"},{"@type":"ListItem","position":2,"name":"Durante la gesti\u00f3n macrista, Vicentin recibi\u00f3 pr\u00e9stamos por m\u00e1s de $18.000 millones del Banco Naci\u00f3n"}]},{"@type":"WebSite","@id":"https:\/\/informelitoral.com.ar\/#website","url":"https:\/\/informelitoral.com.ar\/","name":"Informe Litoral","description":"&quot;Nos informamos&quot; ","publisher":{"@id":"https:\/\/informelitoral.com.ar\/#organization"},"potentialAction":[{"@type":"SearchAction","target":{"@type":"EntryPoint","urlTemplate":"https:\/\/informelitoral.com.ar\/?s={search_term_string}"},"query-input":{"@type":"PropertyValueSpecification","valueRequired":true,"valueName":"search_term_string"}}],"inLanguage":"es"},{"@type":"Organization","@id":"https:\/\/informelitoral.com.ar\/#organization","name":"Informe Litoral","url":"https:\/\/informelitoral.com.ar\/","logo":{"@type":"ImageObject","inLanguage":"es","@id":"https:\/\/informelitoral.com.ar\/#\/schema\/logo\/image\/","url":"https:\/\/informelitoral.com.ar\/%77%70%2d%63%6f%6e%74%65%6e%74\/uploads\/2021\/01\/circulo.png","contentUrl":"https:\/\/informelitoral.com.ar\/%77%70%2d%63%6f%6e%74%65%6e%74\/uploads\/2021\/01\/circulo.png","width":723,"height":731,"caption":"Informe Litoral"},"image":{"@id":"https:\/\/informelitoral.com.ar\/#\/schema\/logo\/image\/"},"sameAs":["https:\/\/www.facebook.com\/informelitoral\/","https:\/\/x.com\/InformeLitoral","https:\/\/www.instagram.com\/informelitoral\/","https:\/\/www.youtube.com\/channel\/UCua4Qvz8Icb6MYqhoq9xLXw"]},{"@type":"Person","@id":"https:\/\/informelitoral.com.ar\/#\/schema\/person\/b9d00407c836482871ef1d57bf8e3180","name":"Gonzalo Schmidt","image":{"@type":"ImageObject","inLanguage":"es","@id":"https:\/\/secure.gravatar.com\/avatar\/31a1a7b66ff2de83bd0e9fd79d026630d2d99e55e8bfe501287647b4fd9743de?s=96&d=mm&r=g","url":"https:\/\/secure.gravatar.com\/avatar\/31a1a7b66ff2de83bd0e9fd79d026630d2d99e55e8bfe501287647b4fd9743de?s=96&d=mm&r=g","contentUrl":"https:\/\/secure.gravatar.com\/avatar\/31a1a7b66ff2de83bd0e9fd79d026630d2d99e55e8bfe501287647b4fd9743de?s=96&d=mm&r=g","caption":"Gonzalo Schmidt"},"description":"Sitio web de noticias de la provincia de Entre R\u00edos, Argentina. Informaci\u00f3n y entretenimiento. Informe Litoral, nos informamos.","sameAs":["http:\/\/www.isletasnoticias.com.ar"],"url":"https:\/\/informelitoral.com.ar\/author\/gonzalo\/"}]}},"_links":{"self":[{"href":"https:\/\/informelitoral.com.ar\/%77%70%2d%6a%73%6f%6e\/wp\/v2\/posts\/39502","targetHints":{"allow":["GET"]}}],"collection":[{"href":"https:\/\/informelitoral.com.ar\/%77%70%2d%6a%73%6f%6e\/wp\/v2\/posts"}],"about":[{"href":"https:\/\/informelitoral.com.ar\/%77%70%2d%6a%73%6f%6e\/wp\/v2\/types\/post"}],"author":[{"embeddable":true,"href":"https:\/\/informelitoral.com.ar\/%77%70%2d%6a%73%6f%6e\/wp\/v2\/users\/2"}],"replies":[{"embeddable":true,"href":"https:\/\/informelitoral.com.ar\/%77%70%2d%6a%73%6f%6e\/wp\/v2\/comments?post=39502"}],"version-history":[{"count":0,"href":"https:\/\/informelitoral.com.ar\/%77%70%2d%6a%73%6f%6e\/wp\/v2\/posts\/39502\/revisions"}],"wp:featuredmedia":[{"embeddable":true,"href":"https:\/\/informelitoral.com.ar\/%77%70%2d%6a%73%6f%6e\/wp\/v2\/media\/39503"}],"wp:attachment":[{"href":"https:\/\/informelitoral.com.ar\/%77%70%2d%6a%73%6f%6e\/wp\/v2\/media?parent=39502"}],"wp:term":[{"taxonomy":"category","embeddable":true,"href":"https:\/\/informelitoral.com.ar\/%77%70%2d%6a%73%6f%6e\/wp\/v2\/categories?post=39502"},{"taxonomy":"post_tag","embeddable":true,"href":"https:\/\/informelitoral.com.ar\/%77%70%2d%6a%73%6f%6e\/wp\/v2\/tags?post=39502"}],"curies":[{"name":"wp","href":"https:\/\/api.w.org\/{rel}","templated":true}]}}