{"id":3947,"date":"2013-10-29T22:03:15","date_gmt":"2013-10-30T01:03:15","guid":{"rendered":"http:\/\/www.isletasnoticias.com.ar\/?p=3947"},"modified":"2013-10-29T22:03:15","modified_gmt":"2013-10-30T01:03:15","slug":"en-santa-fe-habra-un-intendente-de-apenas-22-anos","status":"publish","type":"post","link":"https:\/\/informelitoral.com.ar\/en-santa-fe-habra-un-intendente-de-apenas-22-anos\/","title":{"rendered":"En Santa Fe habr\u00e1 un intendente de apenas 22 a\u00f1os"},"content":{"rendered":"<p><strong>Alex Sabbatini gan\u00f3 el domingo los comicios locales en Uranga, un pueblo de apenas mil habitantes cercano a Rosario; super\u00f3 al kirchnerismo por 186 votos.<\/strong><\/p>\n<p style=\"text-align: center;\">Por\u00a0<b itemprop=\"name\">Jos\u00e9 E. Bord\u00f3n<\/b>, para\u00a0La Naci\u00f3n<a href=\"http:\/\/www.isletasnoticias.com.ar\/%77%70%2d%63%6f%6e%74%65%6e%74\/uploads\/2013\/10\/elecciones-2013-1790636w300.jpg\"><img loading=\"lazy\" decoding=\"async\" class=\"size-full wp-image-3948 aligncenter\" alt=\"elecciones-2013-1790636w300\" src=\"http:\/\/www.isletasnoticias.com.ar\/%77%70%2d%63%6f%6e%74%65%6e%74\/uploads\/2013\/10\/elecciones-2013-1790636w300.jpg\" width=\"300\" height=\"200\" \/><\/a><\/p>\n<p>\u00a0No es muy habitual en esta provincia, pero sucede. El domingo, y por segunda vez en 22 a\u00f1os, otro joven de 22 a\u00f1os fue electo jefe comunal. Se trata de\u00a0<strong>Alex Sabbatini<\/strong><a href=\"https:\/\/www.facebook.com\/alex.sabbatini.5?fref=ts\" target=\"_blank\">,<\/a>\u00a0que tuvo el respaldo del 60 por ciento de los votos en el peque\u00f1o pueblo rural de Uranga, departamento Rosario, a 30 kil\u00f3metros de esa ciudad y a 210 kil\u00f3metros al sur de esta capital.<\/p>\n<p>Sabbatini represent\u00f3 al Frente Progresista C\u00edvico y Social, que a nivel provincial encabeza<strong>\u00a0Hermes Binner<\/strong>\u00a0-diputado nacional electo-. De los 844 electores, el domingo votaron 685 (81,16% del padr\u00f3n). De ese total, 411 (60%) apoyaron al joven recientemente ingresado a la pol\u00edtica. En segundo t\u00e9rmino se ubic\u00f3 Juan Jos\u00e9 Soler, del Frente para la Victoria, que consigui\u00f3 la adhesi\u00f3n de 225 electores (32,85%).<\/p>\n<p>El joven presidente comunal, que asumir\u00e1 sus funciones en diciembre, coment\u00f3 ante la prensa que su intenci\u00f3n es \u00abcambiarle el perfil al pueblo\u00bb. Para ello, dijo, \u00abdebemos generar atractivos\u00bb, aunque no los\u00a0enumer\u00f3.<\/p>\n<p>Ante una consulta, Alex reconoci\u00f3 que \u00abla campa\u00f1a no fue f\u00e1cil\u00bb y admiti\u00f3 que recibi\u00f3 \u00abmuchas descalificaciones\u00bb por el atrevimiento de ingresar a la pol\u00edtica a tan corta edad, en un pueblo de caracter\u00edsticas sociales conservadoras. \u00abA pesar de todo eso, nuestra propuesta fue la que m\u00e1s lleg\u00f3 a la gente\u00bb, concluy\u00f3.<\/p>\n<p>El caso de Sabbatini recuerda al de Adri\u00e1n Techtermann, un joven de apenas 22 a\u00f1os, que militaba en el Partido Dem\u00f3crata Progresista (PDP) santafecino. El 8 de septiembre de 1991 fue electo nuevo presidente\u00a0comunal de la localidad de Las Tunas, departamento Las Colonias, 46 kil\u00f3metros al oeste de esta capital.<\/p>\n<p>Techtermann estuvo al frente del gobierno comunal a los largo de 10 a\u00f1os. Posteriormente se desempe\u00f1\u00f3 como secretario de Bloque del Partido Dem\u00f3crata Progresista en la C\u00e1mara de Diputados de la provincia y es miembro de la Junta Ejecutiva Provincial del PDP.<\/p>\n<p>\u00abEste es un pueblito de mil habitantes, as\u00ed que en la campa\u00f1a tocamos la puerta de cada casa\u00bb, cont\u00f3 Sabbatini, explicando su estrategia de campa\u00f1a. Y enumer\u00f3 los principales reclamos de sus vecinos: arreglo de calles, m\u00e1s iluminaci\u00f3n, separaci\u00f3n de residuo, m\u00e1s actividades culturales y recuperaci\u00f3n de espacios p\u00fablicos.<\/p>\n","protected":false},"excerpt":{"rendered":"<p>Alex Sabbatini gan&oacute; el domingo los comicios locales en Uranga, un pueblo de apenas mil habitantes cercano a Rosario; super&oacute; al kirchnerismo por 186 votos. Por&nbsp;Jos&eacute; E. Bord&oacute;n, para&nbsp;La Naci&oacute;n &nbsp;No es muy habitual en esta provincia, pero sucede. El domingo, y por segunda vez en 22 a&ntilde;os, otro joven de 22 a&ntilde;os fue electo [&hellip;]<\/p>\n","protected":false},"author":2,"featured_media":0,"comment_status":"open","ping_status":"open","sticky":false,"template":"","format":"standard","meta":{"fifu_image_url":"","fifu_image_alt":"","footnotes":""},"categories":[7,16],"tags":[],"class_list":{"0":"post-3947","1":"post","2":"type-post","3":"status-publish","4":"format-standard","6":"category-nacionales","7":"category-politi"},"yoast_head":"<title>En Santa Fe habr\u00e1 un intendente de apenas 22 a\u00f1os - Informe Litoral<\/title>\n<meta name=\"robots\" content=\"index, follow, max-snippet:-1, max-image-preview:large, max-video-preview:-1\" \/>\n<link rel=\"canonical\" href=\"https:\/\/informelitoral.com.ar\/en-santa-fe-habra-un-intendente-de-apenas-22-anos\/\" \/>\n<meta property=\"og:locale\" content=\"es_ES\" \/>\n<meta property=\"og:type\" content=\"article\" \/>\n<meta property=\"og:title\" content=\"En Santa Fe habr\u00e1 un intendente de apenas 22 a\u00f1os - Informe Litoral\" \/>\n<meta property=\"og:description\" content=\"Alex Sabbatini gan&oacute; el domingo los comicios locales en Uranga, un pueblo de apenas mil habitantes cercano a Rosario; super&oacute; al kirchnerismo por 186 votos. Por&nbsp;Jos&eacute; E. Bord&oacute;n, para&nbsp;La Naci&oacute;n &nbsp;No es muy habitual en esta provincia, pero sucede. El domingo, y por segunda vez en 22 a&ntilde;os, otro joven de 22 a&ntilde;os fue electo [&hellip;]\" \/>\n<meta property=\"og:url\" content=\"https:\/\/informelitoral.com.ar\/en-santa-fe-habra-un-intendente-de-apenas-22-anos\/\" \/>\n<meta property=\"og:site_name\" content=\"Informe Litoral\" \/>\n<meta property=\"article:publisher\" content=\"https:\/\/www.facebook.com\/informelitoral\/\" \/>\n<meta property=\"article:published_time\" content=\"2013-10-30T01:03:15+00:00\" \/>\n<meta property=\"og:image\" content=\"https:\/\/informelitoral.com.ar\/%77%70%2d%63%6f%6e%74%65%6e%74\/uploads\/2013\/10\/elecciones-2013-1790636w300.jpg\" \/>\n\t<meta property=\"og:image:width\" content=\"300\" \/>\n\t<meta property=\"og:image:height\" content=\"200\" \/>\n\t<meta property=\"og:image:type\" content=\"image\/jpeg\" \/>\n<meta name=\"author\" content=\"Gonzalo Schmidt\" \/>\n<meta name=\"twitter:card\" content=\"summary_large_image\" \/>\n<meta name=\"twitter:creator\" content=\"@InformeLitoral\" \/>\n<meta name=\"twitter:site\" content=\"@InformeLitoral\" \/>\n<meta name=\"twitter:label1\" content=\"Escrito por\" \/>\n\t<meta name=\"twitter:data1\" content=\"Gonzalo Schmidt\" \/>\n\t<meta name=\"twitter:label2\" content=\"Tiempo de lectura\" \/>\n\t<meta name=\"twitter:data2\" content=\"2 minutos\" \/>\n<script type=\"application\/ld+json\" class=\"yoast-schema-graph\">{\"@context\":\"https:\\\/\\\/schema.org\",\"@graph\":[{\"@type\":\"Article\",\"@id\":\"https:\\\/\\\/informelitoral.com.ar\\\/en-santa-fe-habra-un-intendente-de-apenas-22-anos\\\/#article\",\"isPartOf\":{\"@id\":\"https:\\\/\\\/informelitoral.com.ar\\\/en-santa-fe-habra-un-intendente-de-apenas-22-anos\\\/\"},\"author\":{\"name\":\"Gonzalo Schmidt\",\"@id\":\"https:\\\/\\\/informelitoral.com.ar\\\/#\\\/schema\\\/person\\\/b9d00407c836482871ef1d57bf8e3180\"},\"headline\":\"En Santa Fe habr\u00e1 un intendente de apenas 22 a\u00f1os\",\"datePublished\":\"2013-10-30T01:03:15+00:00\",\"mainEntityOfPage\":{\"@id\":\"https:\\\/\\\/informelitoral.com.ar\\\/en-santa-fe-habra-un-intendente-de-apenas-22-anos\\\/\"},\"wordCount\":414,\"commentCount\":0,\"publisher\":{\"@id\":\"https:\\\/\\\/informelitoral.com.ar\\\/#organization\"},\"image\":{\"@id\":\"https:\\\/\\\/informelitoral.com.ar\\\/en-santa-fe-habra-un-intendente-de-apenas-22-anos\\\/#primaryimage\"},\"thumbnailUrl\":\"http:\\\/\\\/www.isletasnoticias.com.ar\\\/%77%70%2d%63%6f%6e%74%65%6e%74\\\/uploads\\\/2013\\\/10\\\/elecciones-2013-1790636w300.jpg\",\"articleSection\":[\"Nacionales\",\"Politica\"],\"inLanguage\":\"es\",\"potentialAction\":[{\"@type\":\"CommentAction\",\"name\":\"Comment\",\"target\":[\"https:\\\/\\\/informelitoral.com.ar\\\/en-santa-fe-habra-un-intendente-de-apenas-22-anos\\\/#respond\"]}]},{\"@type\":\"WebPage\",\"@id\":\"https:\\\/\\\/informelitoral.com.ar\\\/en-santa-fe-habra-un-intendente-de-apenas-22-anos\\\/\",\"url\":\"https:\\\/\\\/informelitoral.com.ar\\\/en-santa-fe-habra-un-intendente-de-apenas-22-anos\\\/\",\"name\":\"En Santa Fe habr\u00e1 un intendente de apenas 22 a\u00f1os - Informe Litoral\",\"isPartOf\":{\"@id\":\"https:\\\/\\\/informelitoral.com.ar\\\/#website\"},\"primaryImageOfPage\":{\"@id\":\"https:\\\/\\\/informelitoral.com.ar\\\/en-santa-fe-habra-un-intendente-de-apenas-22-anos\\\/#primaryimage\"},\"image\":{\"@id\":\"https:\\\/\\\/informelitoral.com.ar\\\/en-santa-fe-habra-un-intendente-de-apenas-22-anos\\\/#primaryimage\"},\"thumbnailUrl\":\"http:\\\/\\\/www.isletasnoticias.com.ar\\\/%77%70%2d%63%6f%6e%74%65%6e%74\\\/uploads\\\/2013\\\/10\\\/elecciones-2013-1790636w300.jpg\",\"datePublished\":\"2013-10-30T01:03:15+00:00\",\"breadcrumb\":{\"@id\":\"https:\\\/\\\/informelitoral.com.ar\\\/en-santa-fe-habra-un-intendente-de-apenas-22-anos\\\/#breadcrumb\"},\"inLanguage\":\"es\",\"potentialAction\":[{\"@type\":\"ReadAction\",\"target\":[\"https:\\\/\\\/informelitoral.com.ar\\\/en-santa-fe-habra-un-intendente-de-apenas-22-anos\\\/\"]}]},{\"@type\":\"ImageObject\",\"inLanguage\":\"es\",\"@id\":\"https:\\\/\\\/informelitoral.com.ar\\\/en-santa-fe-habra-un-intendente-de-apenas-22-anos\\\/#primaryimage\",\"url\":\"http:\\\/\\\/www.isletasnoticias.com.ar\\\/%77%70%2d%63%6f%6e%74%65%6e%74\\\/uploads\\\/2013\\\/10\\\/elecciones-2013-1790636w300.jpg\",\"contentUrl\":\"http:\\\/\\\/www.isletasnoticias.com.ar\\\/%77%70%2d%63%6f%6e%74%65%6e%74\\\/uploads\\\/2013\\\/10\\\/elecciones-2013-1790636w300.jpg\"},{\"@type\":\"BreadcrumbList\",\"@id\":\"https:\\\/\\\/informelitoral.com.ar\\\/en-santa-fe-habra-un-intendente-de-apenas-22-anos\\\/#breadcrumb\",\"itemListElement\":[{\"@type\":\"ListItem\",\"position\":1,\"name\":\"Portada\",\"item\":\"https:\\\/\\\/informelitoral.com.ar\\\/\"},{\"@type\":\"ListItem\",\"position\":2,\"name\":\"En Santa Fe habr\u00e1 un intendente de apenas 22 a\u00f1os\"}]},{\"@type\":\"WebSite\",\"@id\":\"https:\\\/\\\/informelitoral.com.ar\\\/#website\",\"url\":\"https:\\\/\\\/informelitoral.com.ar\\\/\",\"name\":\"Informe Litoral\",\"description\":\"&quot;Nos informamos&quot; \",\"publisher\":{\"@id\":\"https:\\\/\\\/informelitoral.com.ar\\\/#organization\"},\"potentialAction\":[{\"@type\":\"SearchAction\",\"target\":{\"@type\":\"EntryPoint\",\"urlTemplate\":\"https:\\\/\\\/informelitoral.com.ar\\\/?s={search_term_string}\"},\"query-input\":{\"@type\":\"PropertyValueSpecification\",\"valueRequired\":true,\"valueName\":\"search_term_string\"}}],\"inLanguage\":\"es\"},{\"@type\":\"Organization\",\"@id\":\"https:\\\/\\\/informelitoral.com.ar\\\/#organization\",\"name\":\"Informe Litoral\",\"url\":\"https:\\\/\\\/informelitoral.com.ar\\\/\",\"logo\":{\"@type\":\"ImageObject\",\"inLanguage\":\"es\",\"@id\":\"https:\\\/\\\/informelitoral.com.ar\\\/#\\\/schema\\\/logo\\\/image\\\/\",\"url\":\"https:\\\/\\\/informelitoral.com.ar\\\/%77%70%2d%63%6f%6e%74%65%6e%74\\\/uploads\\\/2021\\\/01\\\/circulo.png\",\"contentUrl\":\"https:\\\/\\\/informelitoral.com.ar\\\/%77%70%2d%63%6f%6e%74%65%6e%74\\\/uploads\\\/2021\\\/01\\\/circulo.png\",\"width\":723,\"height\":731,\"caption\":\"Informe Litoral\"},\"image\":{\"@id\":\"https:\\\/\\\/informelitoral.com.ar\\\/#\\\/schema\\\/logo\\\/image\\\/\"},\"sameAs\":[\"https:\\\/\\\/www.facebook.com\\\/informelitoral\\\/\",\"https:\\\/\\\/x.com\\\/InformeLitoral\",\"https:\\\/\\\/www.instagram.com\\\/informelitoral\\\/\",\"https:\\\/\\\/www.youtube.com\\\/channel\\\/UCua4Qvz8Icb6MYqhoq9xLXw\"]},{\"@type\":\"Person\",\"@id\":\"https:\\\/\\\/informelitoral.com.ar\\\/#\\\/schema\\\/person\\\/b9d00407c836482871ef1d57bf8e3180\",\"name\":\"Gonzalo Schmidt\",\"image\":{\"@type\":\"ImageObject\",\"inLanguage\":\"es\",\"@id\":\"https:\\\/\\\/secure.gravatar.com\\\/avatar\\\/31a1a7b66ff2de83bd0e9fd79d026630d2d99e55e8bfe501287647b4fd9743de?s=96&d=mm&r=g\",\"url\":\"https:\\\/\\\/secure.gravatar.com\\\/avatar\\\/31a1a7b66ff2de83bd0e9fd79d026630d2d99e55e8bfe501287647b4fd9743de?s=96&d=mm&r=g\",\"contentUrl\":\"https:\\\/\\\/secure.gravatar.com\\\/avatar\\\/31a1a7b66ff2de83bd0e9fd79d026630d2d99e55e8bfe501287647b4fd9743de?s=96&d=mm&r=g\",\"caption\":\"Gonzalo Schmidt\"},\"description\":\"Sitio web de noticias de la provincia de Entre R\u00edos, Argentina. Informaci\u00f3n y entretenimiento. Informe Litoral, nos informamos.\",\"sameAs\":[\"http:\\\/\\\/www.isletasnoticias.com.ar\"],\"url\":\"https:\\\/\\\/informelitoral.com.ar\\\/author\\\/gonzalo\\\/\"}]}<\/script>","yoast_head_json":{"title":"En Santa Fe habr\u00e1 un intendente de apenas 22 a\u00f1os - Informe Litoral","robots":{"index":"index","follow":"follow","max-snippet":"max-snippet:-1","max-image-preview":"max-image-preview:large","max-video-preview":"max-video-preview:-1"},"canonical":"https:\/\/informelitoral.com.ar\/en-santa-fe-habra-un-intendente-de-apenas-22-anos\/","og_locale":"es_ES","og_type":"article","og_title":"En Santa Fe habr\u00e1 un intendente de apenas 22 a\u00f1os - Informe Litoral","og_description":"Alex Sabbatini gan&oacute; el domingo los comicios locales en Uranga, un pueblo de apenas mil habitantes cercano a Rosario; super&oacute; al kirchnerismo por 186 votos. Por&nbsp;Jos&eacute; E. Bord&oacute;n, para&nbsp;La Naci&oacute;n &nbsp;No es muy habitual en esta provincia, pero sucede. El domingo, y por segunda vez en 22 a&ntilde;os, otro joven de 22 a&ntilde;os fue electo [&hellip;]","og_url":"https:\/\/informelitoral.com.ar\/en-santa-fe-habra-un-intendente-de-apenas-22-anos\/","og_site_name":"Informe Litoral","article_publisher":"https:\/\/www.facebook.com\/informelitoral\/","article_published_time":"2013-10-30T01:03:15+00:00","og_image":[{"width":300,"height":200,"url":"https:\/\/informelitoral.com.ar\/%77%70%2d%63%6f%6e%74%65%6e%74\/uploads\/2013\/10\/elecciones-2013-1790636w300.jpg","type":"image\/jpeg"}],"author":"Gonzalo Schmidt","twitter_card":"summary_large_image","twitter_creator":"@InformeLitoral","twitter_site":"@InformeLitoral","twitter_misc":{"Escrito por":"Gonzalo Schmidt","Tiempo de lectura":"2 minutos"},"schema":{"@context":"https:\/\/schema.org","@graph":[{"@type":"Article","@id":"https:\/\/informelitoral.com.ar\/en-santa-fe-habra-un-intendente-de-apenas-22-anos\/#article","isPartOf":{"@id":"https:\/\/informelitoral.com.ar\/en-santa-fe-habra-un-intendente-de-apenas-22-anos\/"},"author":{"name":"Gonzalo Schmidt","@id":"https:\/\/informelitoral.com.ar\/#\/schema\/person\/b9d00407c836482871ef1d57bf8e3180"},"headline":"En Santa Fe habr\u00e1 un intendente de apenas 22 a\u00f1os","datePublished":"2013-10-30T01:03:15+00:00","mainEntityOfPage":{"@id":"https:\/\/informelitoral.com.ar\/en-santa-fe-habra-un-intendente-de-apenas-22-anos\/"},"wordCount":414,"commentCount":0,"publisher":{"@id":"https:\/\/informelitoral.com.ar\/#organization"},"image":{"@id":"https:\/\/informelitoral.com.ar\/en-santa-fe-habra-un-intendente-de-apenas-22-anos\/#primaryimage"},"thumbnailUrl":"http:\/\/www.isletasnoticias.com.ar\/%77%70%2d%63%6f%6e%74%65%6e%74\/uploads\/2013\/10\/elecciones-2013-1790636w300.jpg","articleSection":["Nacionales","Politica"],"inLanguage":"es","potentialAction":[{"@type":"CommentAction","name":"Comment","target":["https:\/\/informelitoral.com.ar\/en-santa-fe-habra-un-intendente-de-apenas-22-anos\/#respond"]}]},{"@type":"WebPage","@id":"https:\/\/informelitoral.com.ar\/en-santa-fe-habra-un-intendente-de-apenas-22-anos\/","url":"https:\/\/informelitoral.com.ar\/en-santa-fe-habra-un-intendente-de-apenas-22-anos\/","name":"En Santa Fe habr\u00e1 un intendente de apenas 22 a\u00f1os - Informe Litoral","isPartOf":{"@id":"https:\/\/informelitoral.com.ar\/#website"},"primaryImageOfPage":{"@id":"https:\/\/informelitoral.com.ar\/en-santa-fe-habra-un-intendente-de-apenas-22-anos\/#primaryimage"},"image":{"@id":"https:\/\/informelitoral.com.ar\/en-santa-fe-habra-un-intendente-de-apenas-22-anos\/#primaryimage"},"thumbnailUrl":"http:\/\/www.isletasnoticias.com.ar\/%77%70%2d%63%6f%6e%74%65%6e%74\/uploads\/2013\/10\/elecciones-2013-1790636w300.jpg","datePublished":"2013-10-30T01:03:15+00:00","breadcrumb":{"@id":"https:\/\/informelitoral.com.ar\/en-santa-fe-habra-un-intendente-de-apenas-22-anos\/#breadcrumb"},"inLanguage":"es","potentialAction":[{"@type":"ReadAction","target":["https:\/\/informelitoral.com.ar\/en-santa-fe-habra-un-intendente-de-apenas-22-anos\/"]}]},{"@type":"ImageObject","inLanguage":"es","@id":"https:\/\/informelitoral.com.ar\/en-santa-fe-habra-un-intendente-de-apenas-22-anos\/#primaryimage","url":"http:\/\/www.isletasnoticias.com.ar\/%77%70%2d%63%6f%6e%74%65%6e%74\/uploads\/2013\/10\/elecciones-2013-1790636w300.jpg","contentUrl":"http:\/\/www.isletasnoticias.com.ar\/%77%70%2d%63%6f%6e%74%65%6e%74\/uploads\/2013\/10\/elecciones-2013-1790636w300.jpg"},{"@type":"BreadcrumbList","@id":"https:\/\/informelitoral.com.ar\/en-santa-fe-habra-un-intendente-de-apenas-22-anos\/#breadcrumb","itemListElement":[{"@type":"ListItem","position":1,"name":"Portada","item":"https:\/\/informelitoral.com.ar\/"},{"@type":"ListItem","position":2,"name":"En Santa Fe habr\u00e1 un intendente de apenas 22 a\u00f1os"}]},{"@type":"WebSite","@id":"https:\/\/informelitoral.com.ar\/#website","url":"https:\/\/informelitoral.com.ar\/","name":"Informe Litoral","description":"&quot;Nos informamos&quot; ","publisher":{"@id":"https:\/\/informelitoral.com.ar\/#organization"},"potentialAction":[{"@type":"SearchAction","target":{"@type":"EntryPoint","urlTemplate":"https:\/\/informelitoral.com.ar\/?s={search_term_string}"},"query-input":{"@type":"PropertyValueSpecification","valueRequired":true,"valueName":"search_term_string"}}],"inLanguage":"es"},{"@type":"Organization","@id":"https:\/\/informelitoral.com.ar\/#organization","name":"Informe Litoral","url":"https:\/\/informelitoral.com.ar\/","logo":{"@type":"ImageObject","inLanguage":"es","@id":"https:\/\/informelitoral.com.ar\/#\/schema\/logo\/image\/","url":"https:\/\/informelitoral.com.ar\/%77%70%2d%63%6f%6e%74%65%6e%74\/uploads\/2021\/01\/circulo.png","contentUrl":"https:\/\/informelitoral.com.ar\/%77%70%2d%63%6f%6e%74%65%6e%74\/uploads\/2021\/01\/circulo.png","width":723,"height":731,"caption":"Informe Litoral"},"image":{"@id":"https:\/\/informelitoral.com.ar\/#\/schema\/logo\/image\/"},"sameAs":["https:\/\/www.facebook.com\/informelitoral\/","https:\/\/x.com\/InformeLitoral","https:\/\/www.instagram.com\/informelitoral\/","https:\/\/www.youtube.com\/channel\/UCua4Qvz8Icb6MYqhoq9xLXw"]},{"@type":"Person","@id":"https:\/\/informelitoral.com.ar\/#\/schema\/person\/b9d00407c836482871ef1d57bf8e3180","name":"Gonzalo Schmidt","image":{"@type":"ImageObject","inLanguage":"es","@id":"https:\/\/secure.gravatar.com\/avatar\/31a1a7b66ff2de83bd0e9fd79d026630d2d99e55e8bfe501287647b4fd9743de?s=96&d=mm&r=g","url":"https:\/\/secure.gravatar.com\/avatar\/31a1a7b66ff2de83bd0e9fd79d026630d2d99e55e8bfe501287647b4fd9743de?s=96&d=mm&r=g","contentUrl":"https:\/\/secure.gravatar.com\/avatar\/31a1a7b66ff2de83bd0e9fd79d026630d2d99e55e8bfe501287647b4fd9743de?s=96&d=mm&r=g","caption":"Gonzalo Schmidt"},"description":"Sitio web de noticias de la provincia de Entre R\u00edos, Argentina. Informaci\u00f3n y entretenimiento. Informe Litoral, nos informamos.","sameAs":["http:\/\/www.isletasnoticias.com.ar"],"url":"https:\/\/informelitoral.com.ar\/author\/gonzalo\/"}]}},"_links":{"self":[{"href":"https:\/\/informelitoral.com.ar\/%77%70%2d%6a%73%6f%6e\/wp\/v2\/posts\/3947","targetHints":{"allow":["GET"]}}],"collection":[{"href":"https:\/\/informelitoral.com.ar\/%77%70%2d%6a%73%6f%6e\/wp\/v2\/posts"}],"about":[{"href":"https:\/\/informelitoral.com.ar\/%77%70%2d%6a%73%6f%6e\/wp\/v2\/types\/post"}],"author":[{"embeddable":true,"href":"https:\/\/informelitoral.com.ar\/%77%70%2d%6a%73%6f%6e\/wp\/v2\/users\/2"}],"replies":[{"embeddable":true,"href":"https:\/\/informelitoral.com.ar\/%77%70%2d%6a%73%6f%6e\/wp\/v2\/comments?post=3947"}],"version-history":[{"count":0,"href":"https:\/\/informelitoral.com.ar\/%77%70%2d%6a%73%6f%6e\/wp\/v2\/posts\/3947\/revisions"}],"wp:attachment":[{"href":"https:\/\/informelitoral.com.ar\/%77%70%2d%6a%73%6f%6e\/wp\/v2\/media?parent=3947"}],"wp:term":[{"taxonomy":"category","embeddable":true,"href":"https:\/\/informelitoral.com.ar\/%77%70%2d%6a%73%6f%6e\/wp\/v2\/categories?post=3947"},{"taxonomy":"post_tag","embeddable":true,"href":"https:\/\/informelitoral.com.ar\/%77%70%2d%6a%73%6f%6e\/wp\/v2\/tags?post=3947"}],"curies":[{"name":"wp","href":"https:\/\/api.w.org\/{rel}","templated":true}]}}