{"id":3929,"date":"2013-10-29T08:19:34","date_gmt":"2013-10-29T11:19:34","guid":{"rendered":"http:\/\/www.isletasnoticias.com.ar\/?p=3929"},"modified":"2013-10-29T08:19:34","modified_gmt":"2013-10-29T11:19:34","slug":"este-miercoles-urribarri-presenta-la-nueva-temporada-turistica-para-entre-rios","status":"publish","type":"post","link":"https:\/\/informelitoral.com.ar\/este-miercoles-urribarri-presenta-la-nueva-temporada-turistica-para-entre-rios\/","title":{"rendered":"Este mi\u00e9rcoles Urribarri presenta la nueva temporada tur\u00edstica para Entre R\u00edos"},"content":{"rendered":"<p style=\"text-align: left;\"><strong>Este mi\u00e9rcoles el gobernador de <em>Sergio Urribarri<\/em> presentar\u00e1 oficialmente a Entre R\u00edos como la provincia del verano 2013-2014 con la oferta tur\u00edstica de esta nueva temporada. Teatro de revistas, la comedia y los musicales, termas y playas, fiestas populares, carnavales, actividades deportivas, pesca y turismo rural, entre otras, ser\u00e1n las propuestas que se presentar\u00e1n en el Tattersall<strong>de Palermo, en Capital Federal.<\/strong> <a href=\"http:\/\/www.isletasnoticias.com.ar\/%77%70%2d%63%6f%6e%74%65%6e%74\/uploads\/2013\/10\/turismo1.jpg\"><img loading=\"lazy\" decoding=\"async\" class=\"size-medium wp-image-3930 aligncenter\" alt=\"turismo1\" src=\"http:\/\/www.isletasnoticias.com.ar\/%77%70%2d%63%6f%6e%74%65%6e%74\/uploads\/2013\/10\/turismo1-300x198.jpg\" width=\"300\" height=\"198\" srcset=\"https:\/\/informelitoral.com.ar\/%77%70%2d%63%6f%6e%74%65%6e%74\/uploads\/2013\/10\/turismo1-300x198.jpg 300w, https:\/\/informelitoral.com.ar\/%77%70%2d%63%6f%6e%74%65%6e%74\/uploads\/2013\/10\/turismo1.jpg 492w\" sizes=\"auto, (max-width: 300px) 100vw, 300px\" \/><\/a><\/strong><\/p>\n<p>Adem\u00e1s, el empresario teatral<strong> Daniel Comba<\/strong> dar\u00e1 a conocer los espect\u00e1culos que presentar\u00e1 en las distintas ciudades y salas teatrales. El verano pasado, Entre R\u00edos se inaugur\u00f3 como plaza teatral. Este a\u00f1o redobla la apuesta con m\u00e1s novedades en las ciudades de Col\u00f3n, Victoria, Mar\u00eda Grande, Chajar\u00ed y Concordia.<\/p>\n<p>La presentaci\u00f3n ser\u00e1 conducida por <strong>Viviana Canosa<\/strong> y se anunciar\u00e1n los nombres que estar\u00e1n a partir del mes de diciembre en Entre R\u00edos, y que se har\u00e1n presentes en el Tattersall.<\/p>\n<p>Entre otros. confirmaron su presencia <strong>Karina Jelinek, Raul Lavi\u00e9, Marcos \u201cBicho\u201d G\u00f3mez, Emilio Disi, Anita Mart\u00ednez, Panam, Hern\u00e1n Piqu\u00edn, Ver\u00f3nica Perdomo, Luis Ventura, Lucho Avil\u00e9s, Marcela Tauro, Marcelo Polino, Eduardo Feinmann, Evangelina Carrozo, Floppy Tesouro, M\u00f3nica Farro, Claudia Ciardone, Noelia Parra, Jean Francois Casanovas, Silvina Scheffler, Paola Miranda, Diego Reinhold, Fernando Cerolini, Carlos Sanchez, Manuel Navarrete<\/strong> y <strong>Gonzalo Urtizberea.<\/strong><\/p>\n<p>El teatro de revistas, la comedia y los musicales volver\u00e1n a ser parte de la oferta disponible en Entre R\u00edos esta temporada de verano. El \u00e9xito de la temporada pasada hizo que por segundo a\u00f1o consecutivo se decida llegar con espect\u00e1culos y figuras de primer nivel que se presentar\u00e1n en distintos escenarios. La provincia se consolida como plaza teatral permanente.<\/p>\n<p>Lo que tambi\u00e9n se replicar\u00e1 es la experiencia de federalizar los espect\u00e1culos por el interior entrerriano. En este sentido, ya est\u00e1n avanzadas las conversaciones con intendentes cuyas localidades tienen una sala o un teatro que permita que las figuras del teatro de revista y la comedia nacional puedan llevar adelante las funciones con la jerarqu\u00eda que se merece el p\u00fablico local.<\/p>\n<p>El a\u00f1o pasado fueron tres las obras que se presentaron: La noche de las pistolas fr\u00edas, Noche de astros y el infantil Panam y circo. Este a\u00f1o ser\u00e1n cinco en total y se agregar\u00e1n otros n\u00fameros art\u00edsticos rotativos y espect\u00e1culos musicales con cantantes invitados. La funci\u00f3n inaugural ser\u00e1 el 25 de diciembre en el nuevo teatro de Col\u00f3n.<\/p>\n<p>El crecimiento sostenido sigue registrando Entre R\u00edos en materia de infraestructura tur\u00edstica integral alienta a redoblar la apuesta en materia cultural. De esta manera la calidad de los establecimientos hoteleros y complejos turisticos han elevado su categor\u00eda y mayor cantidad de plazas esperan una afluencia r\u00e9cord nuevamente para la pr\u00f3xima temporada. En un a\u00f1o los alojamientos se incrementaron en un 8 por ciento.<\/p>\n<p>Entre R\u00edos se instal\u00f3 en 2013 una vez m\u00e1s, como uno de los destinos preferidos por los argentinos para descansar. La provincia ofreci\u00f3 durante la temporada una gran variedad de espect\u00e1culos culturales y fiestas populares, y mostr\u00f3 por primera vez el teatro de revista al igual que los destinos tradicionales. La calidad en los servicios, la seguridad conseguida mediante un operativo especial preparado por el gobierno y una estrategia de comunicaci\u00f3n y difusi\u00f3n que permiti\u00f3 a los potenciales turistas conocer y optar, fueron puntos fuertes que dieron como resultado un balance exitoso en materia tur\u00edstica.<\/p>\n<p>Los datos registrados en materia de ingreso econ\u00f3mico son elocuentes al respecto: en enero y febrero de 2013 la actividad tur\u00edstica dej\u00f3 m\u00e1s de 1.300 millones de pesos en Entre R\u00edos. Las cifras surgieron tras cerrar el balance de febrero que alcanz\u00f3 los 567 millones de pesos, lo que se suma a los 750 millones ingresados en enero. La proyecci\u00f3n de este a\u00f1o indica que las cifras se duplicar\u00e1n.<\/p>\n","protected":false},"excerpt":{"rendered":"<p>Este mi&eacute;rcoles el gobernador de Sergio Urribarri presentar&aacute; oficialmente a Entre R&iacute;os como la provincia del verano 2013-2014 con la oferta tur&iacute;stica de esta nueva temporada. Teatro de revistas, la comedia y los musicales, termas y playas, fiestas populares, carnavales, actividades deportivas, pesca y turismo rural, entre otras, ser&aacute;n las propuestas que se presentar&aacute;n en [&hellip;]<\/p>\n","protected":false},"author":2,"featured_media":0,"comment_status":"open","ping_status":"open","sticky":false,"template":"","format":"standard","meta":{"fifu_image_url":"","fifu_image_alt":"","footnotes":""},"categories":[6],"tags":[],"class_list":{"0":"post-3929","1":"post","2":"type-post","3":"status-publish","4":"format-standard","6":"category-entre-rios"},"yoast_head":"<title>Este mi\u00e9rcoles Urribarri presenta la nueva temporada tur\u00edstica para Entre R\u00edos - Informe Litoral<\/title>\n<meta name=\"robots\" content=\"index, follow, max-snippet:-1, max-image-preview:large, max-video-preview:-1\" \/>\n<link rel=\"canonical\" href=\"https:\/\/informelitoral.com.ar\/este-miercoles-urribarri-presenta-la-nueva-temporada-turistica-para-entre-rios\/\" \/>\n<meta property=\"og:locale\" content=\"es_ES\" \/>\n<meta property=\"og:type\" content=\"article\" \/>\n<meta property=\"og:title\" content=\"Este mi\u00e9rcoles Urribarri presenta la nueva temporada tur\u00edstica para Entre R\u00edos - Informe Litoral\" \/>\n<meta property=\"og:description\" content=\"Este mi&eacute;rcoles el gobernador de Sergio Urribarri presentar&aacute; oficialmente a Entre R&iacute;os como la provincia del verano 2013-2014 con la oferta tur&iacute;stica de esta nueva temporada. Teatro de revistas, la comedia y los musicales, termas y playas, fiestas populares, carnavales, actividades deportivas, pesca y turismo rural, entre otras, ser&aacute;n las propuestas que se presentar&aacute;n en [&hellip;]\" \/>\n<meta property=\"og:url\" content=\"https:\/\/informelitoral.com.ar\/este-miercoles-urribarri-presenta-la-nueva-temporada-turistica-para-entre-rios\/\" \/>\n<meta property=\"og:site_name\" content=\"Informe Litoral\" \/>\n<meta property=\"article:publisher\" content=\"https:\/\/www.facebook.com\/informelitoral\/\" \/>\n<meta property=\"article:published_time\" content=\"2013-10-29T11:19:34+00:00\" \/>\n<meta property=\"og:image\" content=\"https:\/\/informelitoral.com.ar\/%77%70%2d%63%6f%6e%74%65%6e%74\/uploads\/2013\/10\/turismo1.jpg\" \/>\n\t<meta property=\"og:image:width\" content=\"492\" \/>\n\t<meta property=\"og:image:height\" content=\"326\" \/>\n\t<meta property=\"og:image:type\" content=\"image\/jpeg\" \/>\n<meta name=\"author\" content=\"Gonzalo Schmidt\" \/>\n<meta name=\"twitter:card\" content=\"summary_large_image\" \/>\n<meta name=\"twitter:creator\" content=\"@InformeLitoral\" \/>\n<meta name=\"twitter:site\" content=\"@InformeLitoral\" \/>\n<meta name=\"twitter:label1\" content=\"Escrito por\" \/>\n\t<meta name=\"twitter:data1\" content=\"Gonzalo Schmidt\" \/>\n\t<meta name=\"twitter:label2\" content=\"Tiempo de lectura\" \/>\n\t<meta name=\"twitter:data2\" content=\"3 minutos\" \/>\n<script type=\"application\/ld+json\" class=\"yoast-schema-graph\">{\"@context\":\"https:\\\/\\\/schema.org\",\"@graph\":[{\"@type\":\"Article\",\"@id\":\"https:\\\/\\\/informelitoral.com.ar\\\/este-miercoles-urribarri-presenta-la-nueva-temporada-turistica-para-entre-rios\\\/#article\",\"isPartOf\":{\"@id\":\"https:\\\/\\\/informelitoral.com.ar\\\/este-miercoles-urribarri-presenta-la-nueva-temporada-turistica-para-entre-rios\\\/\"},\"author\":{\"name\":\"Gonzalo Schmidt\",\"@id\":\"https:\\\/\\\/informelitoral.com.ar\\\/#\\\/schema\\\/person\\\/b9d00407c836482871ef1d57bf8e3180\"},\"headline\":\"Este mi\u00e9rcoles Urribarri presenta la nueva temporada tur\u00edstica para Entre R\u00edos\",\"datePublished\":\"2013-10-29T11:19:34+00:00\",\"mainEntityOfPage\":{\"@id\":\"https:\\\/\\\/informelitoral.com.ar\\\/este-miercoles-urribarri-presenta-la-nueva-temporada-turistica-para-entre-rios\\\/\"},\"wordCount\":676,\"commentCount\":0,\"publisher\":{\"@id\":\"https:\\\/\\\/informelitoral.com.ar\\\/#organization\"},\"image\":{\"@id\":\"https:\\\/\\\/informelitoral.com.ar\\\/este-miercoles-urribarri-presenta-la-nueva-temporada-turistica-para-entre-rios\\\/#primaryimage\"},\"thumbnailUrl\":\"http:\\\/\\\/www.isletasnoticias.com.ar\\\/%77%70%2d%63%6f%6e%74%65%6e%74\\\/uploads\\\/2013\\\/10\\\/turismo1-300x198.jpg\",\"articleSection\":[\"Entre R\u00edos\"],\"inLanguage\":\"es\",\"potentialAction\":[{\"@type\":\"CommentAction\",\"name\":\"Comment\",\"target\":[\"https:\\\/\\\/informelitoral.com.ar\\\/este-miercoles-urribarri-presenta-la-nueva-temporada-turistica-para-entre-rios\\\/#respond\"]}]},{\"@type\":\"WebPage\",\"@id\":\"https:\\\/\\\/informelitoral.com.ar\\\/este-miercoles-urribarri-presenta-la-nueva-temporada-turistica-para-entre-rios\\\/\",\"url\":\"https:\\\/\\\/informelitoral.com.ar\\\/este-miercoles-urribarri-presenta-la-nueva-temporada-turistica-para-entre-rios\\\/\",\"name\":\"Este mi\u00e9rcoles Urribarri presenta la nueva temporada tur\u00edstica para Entre R\u00edos - Informe Litoral\",\"isPartOf\":{\"@id\":\"https:\\\/\\\/informelitoral.com.ar\\\/#website\"},\"primaryImageOfPage\":{\"@id\":\"https:\\\/\\\/informelitoral.com.ar\\\/este-miercoles-urribarri-presenta-la-nueva-temporada-turistica-para-entre-rios\\\/#primaryimage\"},\"image\":{\"@id\":\"https:\\\/\\\/informelitoral.com.ar\\\/este-miercoles-urribarri-presenta-la-nueva-temporada-turistica-para-entre-rios\\\/#primaryimage\"},\"thumbnailUrl\":\"http:\\\/\\\/www.isletasnoticias.com.ar\\\/%77%70%2d%63%6f%6e%74%65%6e%74\\\/uploads\\\/2013\\\/10\\\/turismo1-300x198.jpg\",\"datePublished\":\"2013-10-29T11:19:34+00:00\",\"breadcrumb\":{\"@id\":\"https:\\\/\\\/informelitoral.com.ar\\\/este-miercoles-urribarri-presenta-la-nueva-temporada-turistica-para-entre-rios\\\/#breadcrumb\"},\"inLanguage\":\"es\",\"potentialAction\":[{\"@type\":\"ReadAction\",\"target\":[\"https:\\\/\\\/informelitoral.com.ar\\\/este-miercoles-urribarri-presenta-la-nueva-temporada-turistica-para-entre-rios\\\/\"]}]},{\"@type\":\"ImageObject\",\"inLanguage\":\"es\",\"@id\":\"https:\\\/\\\/informelitoral.com.ar\\\/este-miercoles-urribarri-presenta-la-nueva-temporada-turistica-para-entre-rios\\\/#primaryimage\",\"url\":\"http:\\\/\\\/www.isletasnoticias.com.ar\\\/%77%70%2d%63%6f%6e%74%65%6e%74\\\/uploads\\\/2013\\\/10\\\/turismo1-300x198.jpg\",\"contentUrl\":\"http:\\\/\\\/www.isletasnoticias.com.ar\\\/%77%70%2d%63%6f%6e%74%65%6e%74\\\/uploads\\\/2013\\\/10\\\/turismo1-300x198.jpg\"},{\"@type\":\"BreadcrumbList\",\"@id\":\"https:\\\/\\\/informelitoral.com.ar\\\/este-miercoles-urribarri-presenta-la-nueva-temporada-turistica-para-entre-rios\\\/#breadcrumb\",\"itemListElement\":[{\"@type\":\"ListItem\",\"position\":1,\"name\":\"Portada\",\"item\":\"https:\\\/\\\/informelitoral.com.ar\\\/\"},{\"@type\":\"ListItem\",\"position\":2,\"name\":\"Este mi\u00e9rcoles Urribarri presenta la nueva temporada tur\u00edstica para Entre R\u00edos\"}]},{\"@type\":\"WebSite\",\"@id\":\"https:\\\/\\\/informelitoral.com.ar\\\/#website\",\"url\":\"https:\\\/\\\/informelitoral.com.ar\\\/\",\"name\":\"Informe Litoral\",\"description\":\"&quot;Nos informamos&quot; \",\"publisher\":{\"@id\":\"https:\\\/\\\/informelitoral.com.ar\\\/#organization\"},\"potentialAction\":[{\"@type\":\"SearchAction\",\"target\":{\"@type\":\"EntryPoint\",\"urlTemplate\":\"https:\\\/\\\/informelitoral.com.ar\\\/?s={search_term_string}\"},\"query-input\":{\"@type\":\"PropertyValueSpecification\",\"valueRequired\":true,\"valueName\":\"search_term_string\"}}],\"inLanguage\":\"es\"},{\"@type\":\"Organization\",\"@id\":\"https:\\\/\\\/informelitoral.com.ar\\\/#organization\",\"name\":\"Informe Litoral\",\"url\":\"https:\\\/\\\/informelitoral.com.ar\\\/\",\"logo\":{\"@type\":\"ImageObject\",\"inLanguage\":\"es\",\"@id\":\"https:\\\/\\\/informelitoral.com.ar\\\/#\\\/schema\\\/logo\\\/image\\\/\",\"url\":\"https:\\\/\\\/informelitoral.com.ar\\\/%77%70%2d%63%6f%6e%74%65%6e%74\\\/uploads\\\/2021\\\/01\\\/circulo.png\",\"contentUrl\":\"https:\\\/\\\/informelitoral.com.ar\\\/%77%70%2d%63%6f%6e%74%65%6e%74\\\/uploads\\\/2021\\\/01\\\/circulo.png\",\"width\":723,\"height\":731,\"caption\":\"Informe Litoral\"},\"image\":{\"@id\":\"https:\\\/\\\/informelitoral.com.ar\\\/#\\\/schema\\\/logo\\\/image\\\/\"},\"sameAs\":[\"https:\\\/\\\/www.facebook.com\\\/informelitoral\\\/\",\"https:\\\/\\\/x.com\\\/InformeLitoral\",\"https:\\\/\\\/www.instagram.com\\\/informelitoral\\\/\",\"https:\\\/\\\/www.youtube.com\\\/channel\\\/UCua4Qvz8Icb6MYqhoq9xLXw\"]},{\"@type\":\"Person\",\"@id\":\"https:\\\/\\\/informelitoral.com.ar\\\/#\\\/schema\\\/person\\\/b9d00407c836482871ef1d57bf8e3180\",\"name\":\"Gonzalo Schmidt\",\"image\":{\"@type\":\"ImageObject\",\"inLanguage\":\"es\",\"@id\":\"https:\\\/\\\/secure.gravatar.com\\\/avatar\\\/31a1a7b66ff2de83bd0e9fd79d026630d2d99e55e8bfe501287647b4fd9743de?s=96&d=mm&r=g\",\"url\":\"https:\\\/\\\/secure.gravatar.com\\\/avatar\\\/31a1a7b66ff2de83bd0e9fd79d026630d2d99e55e8bfe501287647b4fd9743de?s=96&d=mm&r=g\",\"contentUrl\":\"https:\\\/\\\/secure.gravatar.com\\\/avatar\\\/31a1a7b66ff2de83bd0e9fd79d026630d2d99e55e8bfe501287647b4fd9743de?s=96&d=mm&r=g\",\"caption\":\"Gonzalo Schmidt\"},\"description\":\"Sitio web de noticias de la provincia de Entre R\u00edos, Argentina. Informaci\u00f3n y entretenimiento. Informe Litoral, nos informamos.\",\"sameAs\":[\"http:\\\/\\\/www.isletasnoticias.com.ar\"],\"url\":\"https:\\\/\\\/informelitoral.com.ar\\\/author\\\/gonzalo\\\/\"}]}<\/script>","yoast_head_json":{"title":"Este mi\u00e9rcoles Urribarri presenta la nueva temporada tur\u00edstica para Entre R\u00edos - Informe Litoral","robots":{"index":"index","follow":"follow","max-snippet":"max-snippet:-1","max-image-preview":"max-image-preview:large","max-video-preview":"max-video-preview:-1"},"canonical":"https:\/\/informelitoral.com.ar\/este-miercoles-urribarri-presenta-la-nueva-temporada-turistica-para-entre-rios\/","og_locale":"es_ES","og_type":"article","og_title":"Este mi\u00e9rcoles Urribarri presenta la nueva temporada tur\u00edstica para Entre R\u00edos - Informe Litoral","og_description":"Este mi&eacute;rcoles el gobernador de Sergio Urribarri presentar&aacute; oficialmente a Entre R&iacute;os como la provincia del verano 2013-2014 con la oferta tur&iacute;stica de esta nueva temporada. Teatro de revistas, la comedia y los musicales, termas y playas, fiestas populares, carnavales, actividades deportivas, pesca y turismo rural, entre otras, ser&aacute;n las propuestas que se presentar&aacute;n en [&hellip;]","og_url":"https:\/\/informelitoral.com.ar\/este-miercoles-urribarri-presenta-la-nueva-temporada-turistica-para-entre-rios\/","og_site_name":"Informe Litoral","article_publisher":"https:\/\/www.facebook.com\/informelitoral\/","article_published_time":"2013-10-29T11:19:34+00:00","og_image":[{"width":492,"height":326,"url":"https:\/\/informelitoral.com.ar\/%77%70%2d%63%6f%6e%74%65%6e%74\/uploads\/2013\/10\/turismo1.jpg","type":"image\/jpeg"}],"author":"Gonzalo Schmidt","twitter_card":"summary_large_image","twitter_creator":"@InformeLitoral","twitter_site":"@InformeLitoral","twitter_misc":{"Escrito por":"Gonzalo Schmidt","Tiempo de lectura":"3 minutos"},"schema":{"@context":"https:\/\/schema.org","@graph":[{"@type":"Article","@id":"https:\/\/informelitoral.com.ar\/este-miercoles-urribarri-presenta-la-nueva-temporada-turistica-para-entre-rios\/#article","isPartOf":{"@id":"https:\/\/informelitoral.com.ar\/este-miercoles-urribarri-presenta-la-nueva-temporada-turistica-para-entre-rios\/"},"author":{"name":"Gonzalo Schmidt","@id":"https:\/\/informelitoral.com.ar\/#\/schema\/person\/b9d00407c836482871ef1d57bf8e3180"},"headline":"Este mi\u00e9rcoles Urribarri presenta la nueva temporada tur\u00edstica para Entre R\u00edos","datePublished":"2013-10-29T11:19:34+00:00","mainEntityOfPage":{"@id":"https:\/\/informelitoral.com.ar\/este-miercoles-urribarri-presenta-la-nueva-temporada-turistica-para-entre-rios\/"},"wordCount":676,"commentCount":0,"publisher":{"@id":"https:\/\/informelitoral.com.ar\/#organization"},"image":{"@id":"https:\/\/informelitoral.com.ar\/este-miercoles-urribarri-presenta-la-nueva-temporada-turistica-para-entre-rios\/#primaryimage"},"thumbnailUrl":"http:\/\/www.isletasnoticias.com.ar\/%77%70%2d%63%6f%6e%74%65%6e%74\/uploads\/2013\/10\/turismo1-300x198.jpg","articleSection":["Entre R\u00edos"],"inLanguage":"es","potentialAction":[{"@type":"CommentAction","name":"Comment","target":["https:\/\/informelitoral.com.ar\/este-miercoles-urribarri-presenta-la-nueva-temporada-turistica-para-entre-rios\/#respond"]}]},{"@type":"WebPage","@id":"https:\/\/informelitoral.com.ar\/este-miercoles-urribarri-presenta-la-nueva-temporada-turistica-para-entre-rios\/","url":"https:\/\/informelitoral.com.ar\/este-miercoles-urribarri-presenta-la-nueva-temporada-turistica-para-entre-rios\/","name":"Este mi\u00e9rcoles Urribarri presenta la nueva temporada tur\u00edstica para Entre R\u00edos - Informe Litoral","isPartOf":{"@id":"https:\/\/informelitoral.com.ar\/#website"},"primaryImageOfPage":{"@id":"https:\/\/informelitoral.com.ar\/este-miercoles-urribarri-presenta-la-nueva-temporada-turistica-para-entre-rios\/#primaryimage"},"image":{"@id":"https:\/\/informelitoral.com.ar\/este-miercoles-urribarri-presenta-la-nueva-temporada-turistica-para-entre-rios\/#primaryimage"},"thumbnailUrl":"http:\/\/www.isletasnoticias.com.ar\/%77%70%2d%63%6f%6e%74%65%6e%74\/uploads\/2013\/10\/turismo1-300x198.jpg","datePublished":"2013-10-29T11:19:34+00:00","breadcrumb":{"@id":"https:\/\/informelitoral.com.ar\/este-miercoles-urribarri-presenta-la-nueva-temporada-turistica-para-entre-rios\/#breadcrumb"},"inLanguage":"es","potentialAction":[{"@type":"ReadAction","target":["https:\/\/informelitoral.com.ar\/este-miercoles-urribarri-presenta-la-nueva-temporada-turistica-para-entre-rios\/"]}]},{"@type":"ImageObject","inLanguage":"es","@id":"https:\/\/informelitoral.com.ar\/este-miercoles-urribarri-presenta-la-nueva-temporada-turistica-para-entre-rios\/#primaryimage","url":"http:\/\/www.isletasnoticias.com.ar\/%77%70%2d%63%6f%6e%74%65%6e%74\/uploads\/2013\/10\/turismo1-300x198.jpg","contentUrl":"http:\/\/www.isletasnoticias.com.ar\/%77%70%2d%63%6f%6e%74%65%6e%74\/uploads\/2013\/10\/turismo1-300x198.jpg"},{"@type":"BreadcrumbList","@id":"https:\/\/informelitoral.com.ar\/este-miercoles-urribarri-presenta-la-nueva-temporada-turistica-para-entre-rios\/#breadcrumb","itemListElement":[{"@type":"ListItem","position":1,"name":"Portada","item":"https:\/\/informelitoral.com.ar\/"},{"@type":"ListItem","position":2,"name":"Este mi\u00e9rcoles Urribarri presenta la nueva temporada tur\u00edstica para Entre R\u00edos"}]},{"@type":"WebSite","@id":"https:\/\/informelitoral.com.ar\/#website","url":"https:\/\/informelitoral.com.ar\/","name":"Informe Litoral","description":"&quot;Nos informamos&quot; ","publisher":{"@id":"https:\/\/informelitoral.com.ar\/#organization"},"potentialAction":[{"@type":"SearchAction","target":{"@type":"EntryPoint","urlTemplate":"https:\/\/informelitoral.com.ar\/?s={search_term_string}"},"query-input":{"@type":"PropertyValueSpecification","valueRequired":true,"valueName":"search_term_string"}}],"inLanguage":"es"},{"@type":"Organization","@id":"https:\/\/informelitoral.com.ar\/#organization","name":"Informe Litoral","url":"https:\/\/informelitoral.com.ar\/","logo":{"@type":"ImageObject","inLanguage":"es","@id":"https:\/\/informelitoral.com.ar\/#\/schema\/logo\/image\/","url":"https:\/\/informelitoral.com.ar\/%77%70%2d%63%6f%6e%74%65%6e%74\/uploads\/2021\/01\/circulo.png","contentUrl":"https:\/\/informelitoral.com.ar\/%77%70%2d%63%6f%6e%74%65%6e%74\/uploads\/2021\/01\/circulo.png","width":723,"height":731,"caption":"Informe Litoral"},"image":{"@id":"https:\/\/informelitoral.com.ar\/#\/schema\/logo\/image\/"},"sameAs":["https:\/\/www.facebook.com\/informelitoral\/","https:\/\/x.com\/InformeLitoral","https:\/\/www.instagram.com\/informelitoral\/","https:\/\/www.youtube.com\/channel\/UCua4Qvz8Icb6MYqhoq9xLXw"]},{"@type":"Person","@id":"https:\/\/informelitoral.com.ar\/#\/schema\/person\/b9d00407c836482871ef1d57bf8e3180","name":"Gonzalo Schmidt","image":{"@type":"ImageObject","inLanguage":"es","@id":"https:\/\/secure.gravatar.com\/avatar\/31a1a7b66ff2de83bd0e9fd79d026630d2d99e55e8bfe501287647b4fd9743de?s=96&d=mm&r=g","url":"https:\/\/secure.gravatar.com\/avatar\/31a1a7b66ff2de83bd0e9fd79d026630d2d99e55e8bfe501287647b4fd9743de?s=96&d=mm&r=g","contentUrl":"https:\/\/secure.gravatar.com\/avatar\/31a1a7b66ff2de83bd0e9fd79d026630d2d99e55e8bfe501287647b4fd9743de?s=96&d=mm&r=g","caption":"Gonzalo Schmidt"},"description":"Sitio web de noticias de la provincia de Entre R\u00edos, Argentina. Informaci\u00f3n y entretenimiento. Informe Litoral, nos informamos.","sameAs":["http:\/\/www.isletasnoticias.com.ar"],"url":"https:\/\/informelitoral.com.ar\/author\/gonzalo\/"}]}},"_links":{"self":[{"href":"https:\/\/informelitoral.com.ar\/%77%70%2d%6a%73%6f%6e\/wp\/v2\/posts\/3929","targetHints":{"allow":["GET"]}}],"collection":[{"href":"https:\/\/informelitoral.com.ar\/%77%70%2d%6a%73%6f%6e\/wp\/v2\/posts"}],"about":[{"href":"https:\/\/informelitoral.com.ar\/%77%70%2d%6a%73%6f%6e\/wp\/v2\/types\/post"}],"author":[{"embeddable":true,"href":"https:\/\/informelitoral.com.ar\/%77%70%2d%6a%73%6f%6e\/wp\/v2\/users\/2"}],"replies":[{"embeddable":true,"href":"https:\/\/informelitoral.com.ar\/%77%70%2d%6a%73%6f%6e\/wp\/v2\/comments?post=3929"}],"version-history":[{"count":0,"href":"https:\/\/informelitoral.com.ar\/%77%70%2d%6a%73%6f%6e\/wp\/v2\/posts\/3929\/revisions"}],"wp:attachment":[{"href":"https:\/\/informelitoral.com.ar\/%77%70%2d%6a%73%6f%6e\/wp\/v2\/media?parent=3929"}],"wp:term":[{"taxonomy":"category","embeddable":true,"href":"https:\/\/informelitoral.com.ar\/%77%70%2d%6a%73%6f%6e\/wp\/v2\/categories?post=3929"},{"taxonomy":"post_tag","embeddable":true,"href":"https:\/\/informelitoral.com.ar\/%77%70%2d%6a%73%6f%6e\/wp\/v2\/tags?post=3929"}],"curies":[{"name":"wp","href":"https:\/\/api.w.org\/{rel}","templated":true}]}}