{"id":39212,"date":"2020-01-14T16:19:26","date_gmt":"2020-01-14T19:19:26","guid":{"rendered":"https:\/\/www.isletasnoticias.com.ar\/?p=39212"},"modified":"2020-01-14T16:19:26","modified_gmt":"2020-01-14T19:19:26","slug":"monotributo-hay-malestar-por-el-aumento-del-51","status":"publish","type":"post","link":"https:\/\/informelitoral.com.ar\/monotributo-hay-malestar-por-el-aumento-del-51\/","title":{"rendered":"Monotributo: hay malestar por el aumento del 51%"},"content":{"rendered":"<p>Trabajadoras y trabajadores nucleados en la agrupaci\u00f3n<em> \u201cMonotributistas organizadxs\u201d<\/em> marcharon el jueves a la sede AFIP en Buenos Aires, en reclamo del incremento de los impuestos, que comenzaron a regir con el nuevo a\u00f1o.<\/p>\n<p>Bajo la consigna \u201c<strong>frente al brutal aumento del 51% en el monotributo<\/strong>\u201d, los trabajadores concentraron desde las 10 frente a la sede ubicada en Hip\u00f3lito Yrigoyen 370.<\/p>\n<p>\u201c<strong>Representamos el 49% de la poblaci\u00f3n activa abarcando diversas modalidades de trabajo com\u00fanmente denominadas \u2018independientes\u2019 o \u2018prestaciones de servicios\u2019<\/strong> que en realidad se trata de un r\u00e9gimen de contratos precarios realizadas por privados e incluso por el propio Estado\u201d, indicaron.<\/p>\n<p>\u201cEl monotributismo significa la vulneraci\u00f3n de nuestros derechos y la legitimaci\u00f3n por parte del Estado de esta modalidad de trabajo en negro encubierto donde los y las trabajadoras <strong>no contamos con un convenio que rija nuestros salarios; no tenemos licencias, vacaciones, ni feriados pagos; no tenemos antig\u00fcedad, paritarias, aguinaldo o representaci\u00f3n gremial, todo lo cual constituye un piso b\u00e1sico de derechos<\/strong>\u201d, explicaron a trav\u00e9s de un comunicado.<\/p>\n<p>\u201c<strong><span style=\"background-color: #ffff00;\">Estos contratos nos condenan a una jubilaci\u00f3n m\u00ednima y se firman peri\u00f3dicamente (con suerte), dej\u00e1ndonos ante la incertidumbre constante de su no renovaci\u00f3n sin ning\u00fan tipo de indemnizaci\u00f3n<\/span><\/strong>\u201d, a\u00f1adieron.<\/p>\n<p>El objetivo del reclamo es <strong>\u201clograr la suspensi\u00f3n inmediata del incremento del 51% del pago del monotributo, impuesto por el gobierno saliente y sostenido por el entrante, que comenzar\u00e1 a regir a partir del mes de enero<\/strong>\u201d. Ante este panorama, reclaman la \u201csuspensi\u00f3n inmediata por seis meses del aumento de la cuota del monotributo, extensi\u00f3n de la tarifa social de servicios p\u00fablicos para las categor\u00edas m\u00e1s bajas, aquellas que no alcanzan a cubrir una canasta b\u00e1sica de pobreza, bonificaci\u00f3n del pago del componente impositivo del Monotributo durante los meses de enero y febrero, para aliviar la carga tributaria de quienes no contamos con vacaciones pagas, aguinaldo ni bono de fin de a\u00f1o, y pase a planta bajo convenio colectivo para todos los trabajadores en relaci\u00f3n de dependencia encubierta, sean estatales o privados\u201d.<\/p>\n<p>Desde este primero de enero de 2020 est\u00e1n vigentes los nuevos valores de las escalas para cada una de las 11 categor\u00edas del R\u00e9gimen de Monotributo. Los montos fueron publicados en la web de la AFIP y afectan a unos 3 millones de personas inscriptas. Los topes de facturaci\u00f3n y el aporte en cada una de las categor\u00edas aumentar\u00e1n poco m\u00e1s del 51%, seg\u00fan la actualizaci\u00f3n anual.<\/p>\n<h3><em><strong>NOTA RELACIONADA:\u00a0<\/strong><\/em><\/h3>\n<blockquote class=\"wp-embedded-content\" data-secret=\"J4I2WAQenQ\"><p><a href=\"https:\/\/www.isletasnoticias.com.ar\/monotributo-cuanto-pagara-cada-categoria-en-2020\/\">Monotributo: cu\u00e1nto pagar\u00e1 cada categor\u00eda en 2020<\/a><\/p><\/blockquote>\n<p><iframe loading=\"lazy\" title=\"&#171;Monotributo: cu\u00e1nto pagar\u00e1 cada categor\u00eda en 2020&#187; &#8212; Isletas Noticias\" class=\"wp-embedded-content\" sandbox=\"allow-scripts\" security=\"restricted\" style=\"position: absolute; clip: rect(1px, 1px, 1px, 1px);\" src=\"https:\/\/www.isletasnoticias.com.ar\/monotributo-cuanto-pagara-cada-categoria-en-2020\/embed\/#?secret=J4I2WAQenQ\" data-secret=\"J4I2WAQenQ\" width=\"600\" height=\"338\" frameborder=\"0\" marginwidth=\"0\" marginheight=\"0\" scrolling=\"no\"><\/iframe><\/p>\n","protected":false},"excerpt":{"rendered":"<p>Agrupaciones que nuclean a trabajadores monotributistas exigen la marcha atr\u00e1s del incremento del 51%. <\/p>\n","protected":false},"author":2,"featured_media":19875,"comment_status":"open","ping_status":"open","sticky":false,"template":"","format":"standard","meta":{"fifu_image_url":"","fifu_image_alt":"","footnotes":""},"categories":[7],"tags":[158,605],"class_list":{"0":"post-39212","1":"post","2":"type-post","3":"status-publish","4":"format-standard","5":"has-post-thumbnail","7":"category-nacionales","8":"tag-afip","9":"tag-monotributo"},"yoast_head":"<title>Monotributo: hay malestar por el aumento del 51% - Informe Litoral<\/title>\n<meta name=\"robots\" content=\"index, follow, max-snippet:-1, max-image-preview:large, max-video-preview:-1\" \/>\n<link rel=\"canonical\" href=\"https:\/\/informelitoral.com.ar\/monotributo-hay-malestar-por-el-aumento-del-51\/\" \/>\n<meta property=\"og:locale\" content=\"es_ES\" \/>\n<meta property=\"og:type\" content=\"article\" \/>\n<meta property=\"og:title\" content=\"Monotributo: hay malestar por el aumento del 51% - Informe Litoral\" \/>\n<meta property=\"og:description\" content=\"Agrupaciones que nuclean a trabajadores monotributistas exigen la marcha atr\u00e1s del incremento del 51%.\" \/>\n<meta property=\"og:url\" content=\"https:\/\/informelitoral.com.ar\/monotributo-hay-malestar-por-el-aumento-del-51\/\" \/>\n<meta property=\"og:site_name\" content=\"Informe Litoral\" \/>\n<meta property=\"article:publisher\" content=\"https:\/\/www.facebook.com\/informelitoral\/\" \/>\n<meta property=\"article:published_time\" content=\"2020-01-14T19:19:26+00:00\" \/>\n<meta property=\"og:image\" content=\"https:\/\/informelitoral.com.ar\/%77%70%2d%63%6f%6e%74%65%6e%74\/uploads\/2017\/01\/monotributo.jpg_258117318.jpg\" \/>\n\t<meta property=\"og:image:width\" content=\"829\" \/>\n\t<meta property=\"og:image:height\" content=\"466\" \/>\n\t<meta property=\"og:image:type\" content=\"image\/jpeg\" \/>\n<meta name=\"author\" content=\"Gonzalo Schmidt\" \/>\n<meta name=\"twitter:card\" content=\"summary_large_image\" \/>\n<meta name=\"twitter:creator\" content=\"@InformeLitoral\" \/>\n<meta name=\"twitter:site\" content=\"@InformeLitoral\" \/>\n<meta name=\"twitter:label1\" content=\"Escrito por\" \/>\n\t<meta name=\"twitter:data1\" content=\"Gonzalo Schmidt\" \/>\n\t<meta name=\"twitter:label2\" content=\"Tiempo de lectura\" \/>\n\t<meta name=\"twitter:data2\" content=\"2 minutos\" \/>\n<script type=\"application\/ld+json\" class=\"yoast-schema-graph\">{\"@context\":\"https:\\\/\\\/schema.org\",\"@graph\":[{\"@type\":\"Article\",\"@id\":\"https:\\\/\\\/informelitoral.com.ar\\\/monotributo-hay-malestar-por-el-aumento-del-51\\\/#article\",\"isPartOf\":{\"@id\":\"https:\\\/\\\/informelitoral.com.ar\\\/monotributo-hay-malestar-por-el-aumento-del-51\\\/\"},\"author\":{\"name\":\"Gonzalo Schmidt\",\"@id\":\"https:\\\/\\\/informelitoral.com.ar\\\/#\\\/schema\\\/person\\\/b9d00407c836482871ef1d57bf8e3180\"},\"headline\":\"Monotributo: hay malestar por el aumento del 51%\",\"datePublished\":\"2020-01-14T19:19:26+00:00\",\"mainEntityOfPage\":{\"@id\":\"https:\\\/\\\/informelitoral.com.ar\\\/monotributo-hay-malestar-por-el-aumento-del-51\\\/\"},\"wordCount\":441,\"commentCount\":0,\"publisher\":{\"@id\":\"https:\\\/\\\/informelitoral.com.ar\\\/#organization\"},\"image\":{\"@id\":\"https:\\\/\\\/informelitoral.com.ar\\\/monotributo-hay-malestar-por-el-aumento-del-51\\\/#primaryimage\"},\"thumbnailUrl\":\"https:\\\/\\\/informelitoral.com.ar\\\/%77%70%2d%63%6f%6e%74%65%6e%74\\\/uploads\\\/2017\\\/01\\\/monotributo.jpg_258117318.jpg\",\"keywords\":[\"AFIP\",\"Monotributo\"],\"articleSection\":[\"Nacionales\"],\"inLanguage\":\"es\",\"potentialAction\":[{\"@type\":\"CommentAction\",\"name\":\"Comment\",\"target\":[\"https:\\\/\\\/informelitoral.com.ar\\\/monotributo-hay-malestar-por-el-aumento-del-51\\\/#respond\"]}]},{\"@type\":\"WebPage\",\"@id\":\"https:\\\/\\\/informelitoral.com.ar\\\/monotributo-hay-malestar-por-el-aumento-del-51\\\/\",\"url\":\"https:\\\/\\\/informelitoral.com.ar\\\/monotributo-hay-malestar-por-el-aumento-del-51\\\/\",\"name\":\"Monotributo: hay malestar por el aumento del 51% - Informe Litoral\",\"isPartOf\":{\"@id\":\"https:\\\/\\\/informelitoral.com.ar\\\/#website\"},\"primaryImageOfPage\":{\"@id\":\"https:\\\/\\\/informelitoral.com.ar\\\/monotributo-hay-malestar-por-el-aumento-del-51\\\/#primaryimage\"},\"image\":{\"@id\":\"https:\\\/\\\/informelitoral.com.ar\\\/monotributo-hay-malestar-por-el-aumento-del-51\\\/#primaryimage\"},\"thumbnailUrl\":\"https:\\\/\\\/informelitoral.com.ar\\\/%77%70%2d%63%6f%6e%74%65%6e%74\\\/uploads\\\/2017\\\/01\\\/monotributo.jpg_258117318.jpg\",\"datePublished\":\"2020-01-14T19:19:26+00:00\",\"breadcrumb\":{\"@id\":\"https:\\\/\\\/informelitoral.com.ar\\\/monotributo-hay-malestar-por-el-aumento-del-51\\\/#breadcrumb\"},\"inLanguage\":\"es\",\"potentialAction\":[{\"@type\":\"ReadAction\",\"target\":[\"https:\\\/\\\/informelitoral.com.ar\\\/monotributo-hay-malestar-por-el-aumento-del-51\\\/\"]}]},{\"@type\":\"ImageObject\",\"inLanguage\":\"es\",\"@id\":\"https:\\\/\\\/informelitoral.com.ar\\\/monotributo-hay-malestar-por-el-aumento-del-51\\\/#primaryimage\",\"url\":\"https:\\\/\\\/informelitoral.com.ar\\\/%77%70%2d%63%6f%6e%74%65%6e%74\\\/uploads\\\/2017\\\/01\\\/monotributo.jpg_258117318.jpg\",\"contentUrl\":\"https:\\\/\\\/informelitoral.com.ar\\\/%77%70%2d%63%6f%6e%74%65%6e%74\\\/uploads\\\/2017\\\/01\\\/monotributo.jpg_258117318.jpg\",\"width\":829,\"height\":466},{\"@type\":\"BreadcrumbList\",\"@id\":\"https:\\\/\\\/informelitoral.com.ar\\\/monotributo-hay-malestar-por-el-aumento-del-51\\\/#breadcrumb\",\"itemListElement\":[{\"@type\":\"ListItem\",\"position\":1,\"name\":\"Portada\",\"item\":\"https:\\\/\\\/informelitoral.com.ar\\\/\"},{\"@type\":\"ListItem\",\"position\":2,\"name\":\"Monotributo: hay malestar por el aumento del 51%\"}]},{\"@type\":\"WebSite\",\"@id\":\"https:\\\/\\\/informelitoral.com.ar\\\/#website\",\"url\":\"https:\\\/\\\/informelitoral.com.ar\\\/\",\"name\":\"Informe Litoral\",\"description\":\"&quot;Nos informamos&quot; \",\"publisher\":{\"@id\":\"https:\\\/\\\/informelitoral.com.ar\\\/#organization\"},\"potentialAction\":[{\"@type\":\"SearchAction\",\"target\":{\"@type\":\"EntryPoint\",\"urlTemplate\":\"https:\\\/\\\/informelitoral.com.ar\\\/?s={search_term_string}\"},\"query-input\":{\"@type\":\"PropertyValueSpecification\",\"valueRequired\":true,\"valueName\":\"search_term_string\"}}],\"inLanguage\":\"es\"},{\"@type\":\"Organization\",\"@id\":\"https:\\\/\\\/informelitoral.com.ar\\\/#organization\",\"name\":\"Informe Litoral\",\"url\":\"https:\\\/\\\/informelitoral.com.ar\\\/\",\"logo\":{\"@type\":\"ImageObject\",\"inLanguage\":\"es\",\"@id\":\"https:\\\/\\\/informelitoral.com.ar\\\/#\\\/schema\\\/logo\\\/image\\\/\",\"url\":\"https:\\\/\\\/informelitoral.com.ar\\\/%77%70%2d%63%6f%6e%74%65%6e%74\\\/uploads\\\/2021\\\/01\\\/circulo.png\",\"contentUrl\":\"https:\\\/\\\/informelitoral.com.ar\\\/%77%70%2d%63%6f%6e%74%65%6e%74\\\/uploads\\\/2021\\\/01\\\/circulo.png\",\"width\":723,\"height\":731,\"caption\":\"Informe Litoral\"},\"image\":{\"@id\":\"https:\\\/\\\/informelitoral.com.ar\\\/#\\\/schema\\\/logo\\\/image\\\/\"},\"sameAs\":[\"https:\\\/\\\/www.facebook.com\\\/informelitoral\\\/\",\"https:\\\/\\\/x.com\\\/InformeLitoral\",\"https:\\\/\\\/www.instagram.com\\\/informelitoral\\\/\",\"https:\\\/\\\/www.youtube.com\\\/channel\\\/UCua4Qvz8Icb6MYqhoq9xLXw\"]},{\"@type\":\"Person\",\"@id\":\"https:\\\/\\\/informelitoral.com.ar\\\/#\\\/schema\\\/person\\\/b9d00407c836482871ef1d57bf8e3180\",\"name\":\"Gonzalo Schmidt\",\"image\":{\"@type\":\"ImageObject\",\"inLanguage\":\"es\",\"@id\":\"https:\\\/\\\/secure.gravatar.com\\\/avatar\\\/31a1a7b66ff2de83bd0e9fd79d026630d2d99e55e8bfe501287647b4fd9743de?s=96&d=mm&r=g\",\"url\":\"https:\\\/\\\/secure.gravatar.com\\\/avatar\\\/31a1a7b66ff2de83bd0e9fd79d026630d2d99e55e8bfe501287647b4fd9743de?s=96&d=mm&r=g\",\"contentUrl\":\"https:\\\/\\\/secure.gravatar.com\\\/avatar\\\/31a1a7b66ff2de83bd0e9fd79d026630d2d99e55e8bfe501287647b4fd9743de?s=96&d=mm&r=g\",\"caption\":\"Gonzalo Schmidt\"},\"description\":\"Sitio web de noticias de la provincia de Entre R\u00edos, Argentina. Informaci\u00f3n y entretenimiento. Informe Litoral, nos informamos.\",\"sameAs\":[\"http:\\\/\\\/www.isletasnoticias.com.ar\"],\"url\":\"https:\\\/\\\/informelitoral.com.ar\\\/author\\\/gonzalo\\\/\"}]}<\/script>","yoast_head_json":{"title":"Monotributo: hay malestar por el aumento del 51% - Informe Litoral","robots":{"index":"index","follow":"follow","max-snippet":"max-snippet:-1","max-image-preview":"max-image-preview:large","max-video-preview":"max-video-preview:-1"},"canonical":"https:\/\/informelitoral.com.ar\/monotributo-hay-malestar-por-el-aumento-del-51\/","og_locale":"es_ES","og_type":"article","og_title":"Monotributo: hay malestar por el aumento del 51% - Informe Litoral","og_description":"Agrupaciones que nuclean a trabajadores monotributistas exigen la marcha atr\u00e1s del incremento del 51%.","og_url":"https:\/\/informelitoral.com.ar\/monotributo-hay-malestar-por-el-aumento-del-51\/","og_site_name":"Informe Litoral","article_publisher":"https:\/\/www.facebook.com\/informelitoral\/","article_published_time":"2020-01-14T19:19:26+00:00","og_image":[{"width":829,"height":466,"url":"https:\/\/informelitoral.com.ar\/%77%70%2d%63%6f%6e%74%65%6e%74\/uploads\/2017\/01\/monotributo.jpg_258117318.jpg","type":"image\/jpeg"}],"author":"Gonzalo Schmidt","twitter_card":"summary_large_image","twitter_creator":"@InformeLitoral","twitter_site":"@InformeLitoral","twitter_misc":{"Escrito por":"Gonzalo Schmidt","Tiempo de lectura":"2 minutos"},"schema":{"@context":"https:\/\/schema.org","@graph":[{"@type":"Article","@id":"https:\/\/informelitoral.com.ar\/monotributo-hay-malestar-por-el-aumento-del-51\/#article","isPartOf":{"@id":"https:\/\/informelitoral.com.ar\/monotributo-hay-malestar-por-el-aumento-del-51\/"},"author":{"name":"Gonzalo Schmidt","@id":"https:\/\/informelitoral.com.ar\/#\/schema\/person\/b9d00407c836482871ef1d57bf8e3180"},"headline":"Monotributo: hay malestar por el aumento del 51%","datePublished":"2020-01-14T19:19:26+00:00","mainEntityOfPage":{"@id":"https:\/\/informelitoral.com.ar\/monotributo-hay-malestar-por-el-aumento-del-51\/"},"wordCount":441,"commentCount":0,"publisher":{"@id":"https:\/\/informelitoral.com.ar\/#organization"},"image":{"@id":"https:\/\/informelitoral.com.ar\/monotributo-hay-malestar-por-el-aumento-del-51\/#primaryimage"},"thumbnailUrl":"https:\/\/informelitoral.com.ar\/%77%70%2d%63%6f%6e%74%65%6e%74\/uploads\/2017\/01\/monotributo.jpg_258117318.jpg","keywords":["AFIP","Monotributo"],"articleSection":["Nacionales"],"inLanguage":"es","potentialAction":[{"@type":"CommentAction","name":"Comment","target":["https:\/\/informelitoral.com.ar\/monotributo-hay-malestar-por-el-aumento-del-51\/#respond"]}]},{"@type":"WebPage","@id":"https:\/\/informelitoral.com.ar\/monotributo-hay-malestar-por-el-aumento-del-51\/","url":"https:\/\/informelitoral.com.ar\/monotributo-hay-malestar-por-el-aumento-del-51\/","name":"Monotributo: hay malestar por el aumento del 51% - Informe Litoral","isPartOf":{"@id":"https:\/\/informelitoral.com.ar\/#website"},"primaryImageOfPage":{"@id":"https:\/\/informelitoral.com.ar\/monotributo-hay-malestar-por-el-aumento-del-51\/#primaryimage"},"image":{"@id":"https:\/\/informelitoral.com.ar\/monotributo-hay-malestar-por-el-aumento-del-51\/#primaryimage"},"thumbnailUrl":"https:\/\/informelitoral.com.ar\/%77%70%2d%63%6f%6e%74%65%6e%74\/uploads\/2017\/01\/monotributo.jpg_258117318.jpg","datePublished":"2020-01-14T19:19:26+00:00","breadcrumb":{"@id":"https:\/\/informelitoral.com.ar\/monotributo-hay-malestar-por-el-aumento-del-51\/#breadcrumb"},"inLanguage":"es","potentialAction":[{"@type":"ReadAction","target":["https:\/\/informelitoral.com.ar\/monotributo-hay-malestar-por-el-aumento-del-51\/"]}]},{"@type":"ImageObject","inLanguage":"es","@id":"https:\/\/informelitoral.com.ar\/monotributo-hay-malestar-por-el-aumento-del-51\/#primaryimage","url":"https:\/\/informelitoral.com.ar\/%77%70%2d%63%6f%6e%74%65%6e%74\/uploads\/2017\/01\/monotributo.jpg_258117318.jpg","contentUrl":"https:\/\/informelitoral.com.ar\/%77%70%2d%63%6f%6e%74%65%6e%74\/uploads\/2017\/01\/monotributo.jpg_258117318.jpg","width":829,"height":466},{"@type":"BreadcrumbList","@id":"https:\/\/informelitoral.com.ar\/monotributo-hay-malestar-por-el-aumento-del-51\/#breadcrumb","itemListElement":[{"@type":"ListItem","position":1,"name":"Portada","item":"https:\/\/informelitoral.com.ar\/"},{"@type":"ListItem","position":2,"name":"Monotributo: hay malestar por el aumento del 51%"}]},{"@type":"WebSite","@id":"https:\/\/informelitoral.com.ar\/#website","url":"https:\/\/informelitoral.com.ar\/","name":"Informe Litoral","description":"&quot;Nos informamos&quot; ","publisher":{"@id":"https:\/\/informelitoral.com.ar\/#organization"},"potentialAction":[{"@type":"SearchAction","target":{"@type":"EntryPoint","urlTemplate":"https:\/\/informelitoral.com.ar\/?s={search_term_string}"},"query-input":{"@type":"PropertyValueSpecification","valueRequired":true,"valueName":"search_term_string"}}],"inLanguage":"es"},{"@type":"Organization","@id":"https:\/\/informelitoral.com.ar\/#organization","name":"Informe Litoral","url":"https:\/\/informelitoral.com.ar\/","logo":{"@type":"ImageObject","inLanguage":"es","@id":"https:\/\/informelitoral.com.ar\/#\/schema\/logo\/image\/","url":"https:\/\/informelitoral.com.ar\/%77%70%2d%63%6f%6e%74%65%6e%74\/uploads\/2021\/01\/circulo.png","contentUrl":"https:\/\/informelitoral.com.ar\/%77%70%2d%63%6f%6e%74%65%6e%74\/uploads\/2021\/01\/circulo.png","width":723,"height":731,"caption":"Informe Litoral"},"image":{"@id":"https:\/\/informelitoral.com.ar\/#\/schema\/logo\/image\/"},"sameAs":["https:\/\/www.facebook.com\/informelitoral\/","https:\/\/x.com\/InformeLitoral","https:\/\/www.instagram.com\/informelitoral\/","https:\/\/www.youtube.com\/channel\/UCua4Qvz8Icb6MYqhoq9xLXw"]},{"@type":"Person","@id":"https:\/\/informelitoral.com.ar\/#\/schema\/person\/b9d00407c836482871ef1d57bf8e3180","name":"Gonzalo Schmidt","image":{"@type":"ImageObject","inLanguage":"es","@id":"https:\/\/secure.gravatar.com\/avatar\/31a1a7b66ff2de83bd0e9fd79d026630d2d99e55e8bfe501287647b4fd9743de?s=96&d=mm&r=g","url":"https:\/\/secure.gravatar.com\/avatar\/31a1a7b66ff2de83bd0e9fd79d026630d2d99e55e8bfe501287647b4fd9743de?s=96&d=mm&r=g","contentUrl":"https:\/\/secure.gravatar.com\/avatar\/31a1a7b66ff2de83bd0e9fd79d026630d2d99e55e8bfe501287647b4fd9743de?s=96&d=mm&r=g","caption":"Gonzalo Schmidt"},"description":"Sitio web de noticias de la provincia de Entre R\u00edos, Argentina. Informaci\u00f3n y entretenimiento. Informe Litoral, nos informamos.","sameAs":["http:\/\/www.isletasnoticias.com.ar"],"url":"https:\/\/informelitoral.com.ar\/author\/gonzalo\/"}]}},"_links":{"self":[{"href":"https:\/\/informelitoral.com.ar\/%77%70%2d%6a%73%6f%6e\/wp\/v2\/posts\/39212","targetHints":{"allow":["GET"]}}],"collection":[{"href":"https:\/\/informelitoral.com.ar\/%77%70%2d%6a%73%6f%6e\/wp\/v2\/posts"}],"about":[{"href":"https:\/\/informelitoral.com.ar\/%77%70%2d%6a%73%6f%6e\/wp\/v2\/types\/post"}],"author":[{"embeddable":true,"href":"https:\/\/informelitoral.com.ar\/%77%70%2d%6a%73%6f%6e\/wp\/v2\/users\/2"}],"replies":[{"embeddable":true,"href":"https:\/\/informelitoral.com.ar\/%77%70%2d%6a%73%6f%6e\/wp\/v2\/comments?post=39212"}],"version-history":[{"count":0,"href":"https:\/\/informelitoral.com.ar\/%77%70%2d%6a%73%6f%6e\/wp\/v2\/posts\/39212\/revisions"}],"wp:featuredmedia":[{"embeddable":true,"href":"https:\/\/informelitoral.com.ar\/%77%70%2d%6a%73%6f%6e\/wp\/v2\/media\/19875"}],"wp:attachment":[{"href":"https:\/\/informelitoral.com.ar\/%77%70%2d%6a%73%6f%6e\/wp\/v2\/media?parent=39212"}],"wp:term":[{"taxonomy":"category","embeddable":true,"href":"https:\/\/informelitoral.com.ar\/%77%70%2d%6a%73%6f%6e\/wp\/v2\/categories?post=39212"},{"taxonomy":"post_tag","embeddable":true,"href":"https:\/\/informelitoral.com.ar\/%77%70%2d%6a%73%6f%6e\/wp\/v2\/tags?post=39212"}],"curies":[{"name":"wp","href":"https:\/\/api.w.org\/{rel}","templated":true}]}}