{"id":39166,"date":"2020-01-13T08:24:34","date_gmt":"2020-01-13T11:24:34","guid":{"rendered":"https:\/\/www.isletasnoticias.com.ar\/?p=39166"},"modified":"2020-01-13T08:24:34","modified_gmt":"2020-01-13T11:24:34","slug":"el-chaqueno-palavecino-corono-la-quinta-luna-del-festival-de-diamante","status":"publish","type":"post","link":"https:\/\/informelitoral.com.ar\/el-chaqueno-palavecino-corono-la-quinta-luna-del-festival-de-diamante\/","title":{"rendered":"El Chaque\u00f1o Palavecino coron\u00f3 la quinta luna del Festival de Diamante"},"content":{"rendered":"<p>Otra cifra record para la edici\u00f3n 49 del Festival de Diamante. Seg\u00fan los organizadores, asistieron m\u00e1s de 13.000 espectadores durante la noche del domingo.<\/p>\n<p><a href=\"https:\/\/www.isletasnoticias.com.ar\/%77%70%2d%63%6f%6e%74%65%6e%74\/uploads\/2020\/01\/o_1578899352.jpg\"><img loading=\"lazy\" decoding=\"async\" class=\"aligncenter wp-image-39168 size-full\" src=\"https:\/\/www.isletasnoticias.com.ar\/%77%70%2d%63%6f%6e%74%65%6e%74\/uploads\/2020\/01\/o_1578899352.jpg\" alt=\"\" width=\"800\" height=\"450\" srcset=\"https:\/\/informelitoral.com.ar\/%77%70%2d%63%6f%6e%74%65%6e%74\/uploads\/2020\/01\/o_1578899352.jpg 800w, https:\/\/informelitoral.com.ar\/%77%70%2d%63%6f%6e%74%65%6e%74\/uploads\/2020\/01\/o_1578899352-300x169.jpg 300w, https:\/\/informelitoral.com.ar\/%77%70%2d%63%6f%6e%74%65%6e%74\/uploads\/2020\/01\/o_1578899352-768x432.jpg 768w, https:\/\/informelitoral.com.ar\/%77%70%2d%63%6f%6e%74%65%6e%74\/uploads\/2020\/01\/o_1578899352-696x392.jpg 696w, https:\/\/informelitoral.com.ar\/%77%70%2d%63%6f%6e%74%65%6e%74\/uploads\/2020\/01\/o_1578899352-747x420.jpg 747w\" sizes=\"auto, (max-width: 800px) 100vw, 800px\" \/><\/a><\/p>\n<p><strong>Jineteada y entrevero de entabladas<\/strong><br \/>\nComenzaron a encenderse las luces del Campo Lisardo Gieco y todo indicaba que la Reina de la Jineteada, estaba por comenzar. En el Mangrullo Don Rafael Bueno, esperaban los animadores y payadores de la Fiesta, para entregar sus mejores floreos.<\/p>\n<p>La maroma ya estaba lista y los tropilleros, bandera en alto, se luc\u00edan con sus mejores potros en camino a los palenques.<\/p>\n<p><a href=\"https:\/\/www.isletasnoticias.com.ar\/%77%70%2d%63%6f%6e%74%65%6e%74\/uploads\/2020\/01\/o_1578899349.jpg\"><img loading=\"lazy\" decoding=\"async\" class=\"aligncenter wp-image-39169 size-full\" src=\"https:\/\/www.isletasnoticias.com.ar\/%77%70%2d%63%6f%6e%74%65%6e%74\/uploads\/2020\/01\/o_1578899349.jpg\" alt=\"\" width=\"800\" height=\"450\" srcset=\"https:\/\/informelitoral.com.ar\/%77%70%2d%63%6f%6e%74%65%6e%74\/uploads\/2020\/01\/o_1578899349.jpg 800w, https:\/\/informelitoral.com.ar\/%77%70%2d%63%6f%6e%74%65%6e%74\/uploads\/2020\/01\/o_1578899349-300x169.jpg 300w, https:\/\/informelitoral.com.ar\/%77%70%2d%63%6f%6e%74%65%6e%74\/uploads\/2020\/01\/o_1578899349-768x432.jpg 768w, https:\/\/informelitoral.com.ar\/%77%70%2d%63%6f%6e%74%65%6e%74\/uploads\/2020\/01\/o_1578899349-696x392.jpg 696w, https:\/\/informelitoral.com.ar\/%77%70%2d%63%6f%6e%74%65%6e%74\/uploads\/2020\/01\/o_1578899349-747x420.jpg 747w\" sizes=\"auto, (max-width: 800px) 100vw, 800px\" \/><\/a><\/p>\n<p>Hombres de a caballo, palenquereros y apadrinadores comenzaban su tarea. 44 montas en bastos y 34 en crines, entregaron la clasificaci\u00f3n de la noche. En el reservado de Pizolato, \u201cEl Tosquito\u201d, Mauricio Zarazaga se qued\u00f3 con el primer puesto en los bastos. En tanto, Juan De Los Santos, en la monta, El Taita, de Pollio, se qued\u00f3 con el primer puesto en la clina limpia.<\/p>\n<p><strong>Clasificaci\u00f3n Bastos<\/strong><br \/>\n1 &#8211; Mauricio Zarazaga &#8211; El Tosquito &#8211; Pizolato<br \/>\n2 &#8211; Diego Zarate &#8211; La Cotorra &#8211; Mendizabal<br \/>\n3 &#8211; Jos\u00e9 Eloisa &#8211; El Jab\u00f3n &#8211; N\u00e9stor Sosa<br \/>\n4 &#8211; Adri\u00e1n Fern\u00e1ndez &#8211; El Comentario &#8211; Jorge Sap<br \/>\n5 &#8211; Leandro Mohr &#8211; El Puntero &#8211; Jorge Saap<\/p>\n<p><strong>Clasificaci\u00f3n Crines<\/strong><br \/>\n1 &#8211; Juan De Los Santos &#8211; El Taita &#8211; Pollio<br \/>\n2 &#8211; David Ben\u00edtez &#8211; El Centinela &#8211; Cugat<br \/>\n3 &#8211; Diego Segovia &#8211; La Primavera &#8211; Viganoni<br \/>\n4 -.Cristian Ferradas &#8211; La Cantora &#8211; Sosa<br \/>\n5 &#8211; Ricardo Pucheta &#8211; La Golondrina &#8211; Jorge Saap<\/p>\n<p>Al finalizar la primera ronda de jineteada se realiz\u00f3 el entrevero de 13 tropillas entabladas. Un espect\u00e1culo de gran atractivo de destreza criolla.<\/p>\n<p>El entrevero se caracteriza por presentar caballos del mismo pelaje o color, que se mezclan unos con otros y se los encierra con una lona. Luego se los suelta al campo y aparecen las yeguas madrinas, encargadas de juntarlos.<\/p>\n<p>La tropilla ganadora fue la de Julio Costamagna, de San Francisco C\u00f3rdoba. Diez animales de pelaje bayo. El premio fue realizado por el escultor diamantino Bruno Ponti.<\/p>\n<p><strong>Actuaciones de la noche<\/strong><\/p>\n<p>Sobre el escenario Carlos Santa Mar\u00eda, la danza de Emover\u00e9 le puso ritmo litorale\u00f1o a su segunda presentaci\u00f3n en esta edici\u00f3n. Bajo la direcci\u00f3n de Emanuel Urristre, las parejas presentaron un cuadro coreogr\u00e1fico entre samba, chacarera y gato. \u201cHicimos un folclore m\u00e1s contempor\u00e1neo, m\u00e1s moderno, esta vez\u201d.<\/p>\n<p>Con una presentaci\u00f3n impecable, Mario Bofill volvi\u00f3 a Diamante. Due\u00f1o de un estilo propio, que conquista distintas generaciones, con sus composiciones, su m\u00fasica y su sensibilidad por los problemas sociales, el cantautor correntino brind\u00f3 lo mejor de su cancionero.<\/p>\n<p>Fiel a sus costumbres y a sus ra\u00edces, Bofill refleja en sus canciones un contenido testimonial. \u00abLa verdad que siempre me ha costado armar una lista de canciones. Con el grupo sabemos que depende de la gente, de lo que se contagie y de lo que sentimos\u00bb. Y agreg\u00f3: \u201cnos acercamos con un grupo hermoso de m\u00fasicos, que sabr\u00e1n mostrar lo mejor de nuestro repertorio\u00bb.<\/p>\n<p>Viva la pepa, Conjunto pena y olvido, Cantalicio, vendi\u00f3 su acorde\u00f3n y Estudiante del interior, fueron algunas de las canciones elegidas.<\/p>\n<p>\u00abDe Diamante tengo un recuerdo muy fuerte. Hicimos un show y escuchamos desde atr\u00e1s un murmullo; era la gente de la jineteada queriendo ver nuestra presentaci\u00f3n, pero hab\u00eda un tel\u00f3n que no permit\u00eda. Hoy, veo una organizaci\u00f3n distinta y con esa pantalla, todo el p\u00fablico podr\u00e1 disfrutar de los artistas\u00bb. Para finalizar, agradeci\u00f3 la invitaci\u00f3n para participar en este Festival.<\/p>\n<p>Lleg\u00f3 el tiempo chamarritero y con acordes de acorde\u00f3n, guitarras y canto entrerriano, R\u00f3mulo Acosta repas\u00f3 su repertorio entre chamam\u00e9s, rasguidos dobles y chamarrita. En su actuaci\u00f3n no faltaron Mi novia, la chamarrita, La mentirosa y se despidieron con Yo soy el chamarritero.<\/p>\n<p>Con 35 a\u00f1os de trayectoria reci\u00e9n cumplidos, Los Chamarriteros, representan al canto entrerriano, son bien nuestros y diamantinos.<\/p>\n<p><strong>\u201cMe encontr\u00e9 con un Festival enorme, con mucha gente\u201d<\/strong><\/p>\n<p>Tras la presentaci\u00f3n de J\u00e9sica Roth, el cantor del Chaco salte\u00f1o, despleg\u00f3 sus primeras melod\u00edas. Las palmas y la ovaci\u00f3n del p\u00fablico no se hicieron esperar, el Chaque\u00f1o Palavecino, conjugaba sus mejores acordes para el p\u00fablico de Diamante. \u00abMuy feliz de volver, me encontr\u00e9 con un Festival enorme, con mucha gente\u201d expres\u00f3.<\/p>\n<p>Con 35 a\u00f1os de trayectoria, el \u201cChaque\u00f1o\u201d se define con orgullo \u201cun criollo argentino\u201d. Eligi\u00f3 para Diamante, un vasto repertorio donde no faltaron chamarritas, chamam\u00e9s, chacareras y sus canciones de siempre.<\/p>\n<p>Con el tema \u201cSoy\u201d de su obra m\u00e1s reciente \u201cSoy y Ser\u00e9\u201d comenz\u00f3 su show. Lleg\u00f3 Chaque\u00f1o, Mataco D\u00edaz, Tale\u00f1ita, Cuando llora mi guitarra, Piel chaque\u00f1a, Para cantar chamarritas, y un sentido homenaje con La Villerita, Piel morena y Alto Verde, al cantor de cantores, Horacio Guaran\u00ed.<\/p>\n<p>El p\u00fablico de pie coreaba y aplaud\u00eda, hubo baile en el escenario y todo el cari\u00f1o de la gente que no lo dejaba ir.<\/p>\n<p>Comenz\u00f3 a despedirse poco a poco, Amor salvaje, La ley y la trampa y Con el dedo en la llaga, pusieron el broche de oro, a la actuaci\u00f3n de Palavecino. \u201cEl Festival es grande, disfruten esto, valoren lo que tienen y sigan de la mano de la m\u00fasica y la tradici\u00f3n\u201d.<\/p>\n<p>Record\u00f3 que hace 12 a\u00f1os que no ven\u00eda y que es su tercera vez en Diamante.<\/p>\n<p><strong>A puro chamame y baile cerr\u00f3 la noche<\/strong><\/p>\n<p>Bien chamamecera fue el cierre de la quinta luna de Diamante. Los entrerrianos al grito de sapucay comenzaron su actuaci\u00f3n en la madrugada del lunes. Los Majestuosos del Chamam\u00e9 hicieron bailar y cantar con sus ritmos litorale\u00f1os a toda. Chamam\u00e9 maceta, para la gran bailanta que se arm\u00f3 en el campo de jineteada.<\/p>\n<p><strong>Venta de entradas para el lunes<\/strong><br \/>\nLos organizadores del Festival informan que las entradas para la noche del lunes, se vender\u00e1n en el horario de 10 a 12 y a las 17, en el sector de boleter\u00edas, ubicado en la entrada del predio.<\/p>\n<p><strong>Los artistas del lunes<\/strong><br \/>\nSergio Galleguillo, Los del Gualey\u00e1n, Marcos Pereyra, Grupo Encuentro, Banda Tambor de Tacuar\u00ed y Diamante Baila.<\/p>\n","protected":false},"excerpt":{"rendered":"<p>La actuaci\u00f3n del Chaque\u00f1o Palavecino, en la quinta luna diamantina, coron\u00f3 una noche exitosa. Ritmos litorale\u00f1os se escucharon de la mano de Mario Bofill, Los Chamarriteros y para el cierre, la bailanta chamamecera de Los Majestuosos del Chamam\u00e9. La Reina de la Jineteada present\u00f3 78 montas. La danza estuvo presente con Emover\u00e9.<\/p>\n","protected":false},"author":2,"featured_media":39167,"comment_status":"open","ping_status":"open","sticky":false,"template":"","format":"standard","meta":{"fifu_image_url":"","fifu_image_alt":"","footnotes":""},"categories":[5,12],"tags":[34,1087],"class_list":{"0":"post-39166","1":"post","2":"type-post","3":"status-publish","4":"format-standard","5":"has-post-thumbnail","7":"category-zonales","8":"category-espectaculos","9":"tag-diamante","10":"tag-festival-de-diamante"},"yoast_head":"<title>El Chaque\u00f1o Palavecino coron\u00f3 la quinta luna del Festival de Diamante - Informe Litoral<\/title>\n<meta name=\"robots\" content=\"index, follow, max-snippet:-1, max-image-preview:large, max-video-preview:-1\" \/>\n<link rel=\"canonical\" href=\"https:\/\/informelitoral.com.ar\/el-chaqueno-palavecino-corono-la-quinta-luna-del-festival-de-diamante\/\" \/>\n<meta property=\"og:locale\" content=\"es_ES\" \/>\n<meta property=\"og:type\" content=\"article\" \/>\n<meta property=\"og:title\" content=\"El Chaque\u00f1o Palavecino coron\u00f3 la quinta luna del Festival de Diamante - Informe Litoral\" \/>\n<meta property=\"og:description\" content=\"La actuaci\u00f3n del Chaque\u00f1o Palavecino, en la quinta luna diamantina, coron\u00f3 una noche exitosa. Ritmos litorale\u00f1os se escucharon de la mano de Mario Bofill, Los Chamarriteros y para el cierre, la bailanta chamamecera de Los Majestuosos del Chamam\u00e9. La Reina de la Jineteada present\u00f3 78 montas. La danza estuvo presente con Emover\u00e9.\" \/>\n<meta property=\"og:url\" content=\"https:\/\/informelitoral.com.ar\/el-chaqueno-palavecino-corono-la-quinta-luna-del-festival-de-diamante\/\" \/>\n<meta property=\"og:site_name\" content=\"Informe Litoral\" \/>\n<meta property=\"article:publisher\" content=\"https:\/\/www.facebook.com\/informelitoral\/\" \/>\n<meta property=\"article:published_time\" content=\"2020-01-13T11:24:34+00:00\" \/>\n<meta property=\"og:image\" content=\"https:\/\/informelitoral.com.ar\/%77%70%2d%63%6f%6e%74%65%6e%74\/uploads\/2020\/01\/o_1578899351.jpg\" \/>\n\t<meta property=\"og:image:width\" content=\"800\" \/>\n\t<meta property=\"og:image:height\" content=\"450\" \/>\n\t<meta property=\"og:image:type\" content=\"image\/jpeg\" \/>\n<meta name=\"author\" content=\"Gonzalo Schmidt\" \/>\n<meta name=\"twitter:card\" content=\"summary_large_image\" \/>\n<meta name=\"twitter:creator\" content=\"@InformeLitoral\" \/>\n<meta name=\"twitter:site\" content=\"@InformeLitoral\" \/>\n<meta name=\"twitter:label1\" content=\"Escrito por\" \/>\n\t<meta name=\"twitter:data1\" content=\"Gonzalo Schmidt\" \/>\n\t<meta name=\"twitter:label2\" content=\"Tiempo de lectura\" \/>\n\t<meta name=\"twitter:data2\" content=\"5 minutos\" \/>\n<script type=\"application\/ld+json\" class=\"yoast-schema-graph\">{\"@context\":\"https:\\\/\\\/schema.org\",\"@graph\":[{\"@type\":\"Article\",\"@id\":\"https:\\\/\\\/informelitoral.com.ar\\\/el-chaqueno-palavecino-corono-la-quinta-luna-del-festival-de-diamante\\\/#article\",\"isPartOf\":{\"@id\":\"https:\\\/\\\/informelitoral.com.ar\\\/el-chaqueno-palavecino-corono-la-quinta-luna-del-festival-de-diamante\\\/\"},\"author\":{\"name\":\"Gonzalo Schmidt\",\"@id\":\"https:\\\/\\\/informelitoral.com.ar\\\/#\\\/schema\\\/person\\\/b9d00407c836482871ef1d57bf8e3180\"},\"headline\":\"El Chaque\u00f1o Palavecino coron\u00f3 la quinta luna del Festival de Diamante\",\"datePublished\":\"2020-01-13T11:24:34+00:00\",\"mainEntityOfPage\":{\"@id\":\"https:\\\/\\\/informelitoral.com.ar\\\/el-chaqueno-palavecino-corono-la-quinta-luna-del-festival-de-diamante\\\/\"},\"wordCount\":1060,\"commentCount\":0,\"publisher\":{\"@id\":\"https:\\\/\\\/informelitoral.com.ar\\\/#organization\"},\"image\":{\"@id\":\"https:\\\/\\\/informelitoral.com.ar\\\/el-chaqueno-palavecino-corono-la-quinta-luna-del-festival-de-diamante\\\/#primaryimage\"},\"thumbnailUrl\":\"https:\\\/\\\/informelitoral.com.ar\\\/%77%70%2d%63%6f%6e%74%65%6e%74\\\/uploads\\\/2020\\\/01\\\/o_1578899351.jpg\",\"keywords\":[\"Diamante\",\"Festival de Diamante\"],\"articleSection\":[\"Departamento Diamante\",\"Espect\u00e1culos\"],\"inLanguage\":\"es\",\"potentialAction\":[{\"@type\":\"CommentAction\",\"name\":\"Comment\",\"target\":[\"https:\\\/\\\/informelitoral.com.ar\\\/el-chaqueno-palavecino-corono-la-quinta-luna-del-festival-de-diamante\\\/#respond\"]}]},{\"@type\":\"WebPage\",\"@id\":\"https:\\\/\\\/informelitoral.com.ar\\\/el-chaqueno-palavecino-corono-la-quinta-luna-del-festival-de-diamante\\\/\",\"url\":\"https:\\\/\\\/informelitoral.com.ar\\\/el-chaqueno-palavecino-corono-la-quinta-luna-del-festival-de-diamante\\\/\",\"name\":\"El Chaque\u00f1o Palavecino coron\u00f3 la quinta luna del Festival de Diamante - Informe Litoral\",\"isPartOf\":{\"@id\":\"https:\\\/\\\/informelitoral.com.ar\\\/#website\"},\"primaryImageOfPage\":{\"@id\":\"https:\\\/\\\/informelitoral.com.ar\\\/el-chaqueno-palavecino-corono-la-quinta-luna-del-festival-de-diamante\\\/#primaryimage\"},\"image\":{\"@id\":\"https:\\\/\\\/informelitoral.com.ar\\\/el-chaqueno-palavecino-corono-la-quinta-luna-del-festival-de-diamante\\\/#primaryimage\"},\"thumbnailUrl\":\"https:\\\/\\\/informelitoral.com.ar\\\/%77%70%2d%63%6f%6e%74%65%6e%74\\\/uploads\\\/2020\\\/01\\\/o_1578899351.jpg\",\"datePublished\":\"2020-01-13T11:24:34+00:00\",\"breadcrumb\":{\"@id\":\"https:\\\/\\\/informelitoral.com.ar\\\/el-chaqueno-palavecino-corono-la-quinta-luna-del-festival-de-diamante\\\/#breadcrumb\"},\"inLanguage\":\"es\",\"potentialAction\":[{\"@type\":\"ReadAction\",\"target\":[\"https:\\\/\\\/informelitoral.com.ar\\\/el-chaqueno-palavecino-corono-la-quinta-luna-del-festival-de-diamante\\\/\"]}]},{\"@type\":\"ImageObject\",\"inLanguage\":\"es\",\"@id\":\"https:\\\/\\\/informelitoral.com.ar\\\/el-chaqueno-palavecino-corono-la-quinta-luna-del-festival-de-diamante\\\/#primaryimage\",\"url\":\"https:\\\/\\\/informelitoral.com.ar\\\/%77%70%2d%63%6f%6e%74%65%6e%74\\\/uploads\\\/2020\\\/01\\\/o_1578899351.jpg\",\"contentUrl\":\"https:\\\/\\\/informelitoral.com.ar\\\/%77%70%2d%63%6f%6e%74%65%6e%74\\\/uploads\\\/2020\\\/01\\\/o_1578899351.jpg\",\"width\":800,\"height\":450},{\"@type\":\"BreadcrumbList\",\"@id\":\"https:\\\/\\\/informelitoral.com.ar\\\/el-chaqueno-palavecino-corono-la-quinta-luna-del-festival-de-diamante\\\/#breadcrumb\",\"itemListElement\":[{\"@type\":\"ListItem\",\"position\":1,\"name\":\"Portada\",\"item\":\"https:\\\/\\\/informelitoral.com.ar\\\/\"},{\"@type\":\"ListItem\",\"position\":2,\"name\":\"El Chaque\u00f1o Palavecino coron\u00f3 la quinta luna del Festival de Diamante\"}]},{\"@type\":\"WebSite\",\"@id\":\"https:\\\/\\\/informelitoral.com.ar\\\/#website\",\"url\":\"https:\\\/\\\/informelitoral.com.ar\\\/\",\"name\":\"Informe Litoral\",\"description\":\"&quot;Nos informamos&quot; \",\"publisher\":{\"@id\":\"https:\\\/\\\/informelitoral.com.ar\\\/#organization\"},\"potentialAction\":[{\"@type\":\"SearchAction\",\"target\":{\"@type\":\"EntryPoint\",\"urlTemplate\":\"https:\\\/\\\/informelitoral.com.ar\\\/?s={search_term_string}\"},\"query-input\":{\"@type\":\"PropertyValueSpecification\",\"valueRequired\":true,\"valueName\":\"search_term_string\"}}],\"inLanguage\":\"es\"},{\"@type\":\"Organization\",\"@id\":\"https:\\\/\\\/informelitoral.com.ar\\\/#organization\",\"name\":\"Informe Litoral\",\"url\":\"https:\\\/\\\/informelitoral.com.ar\\\/\",\"logo\":{\"@type\":\"ImageObject\",\"inLanguage\":\"es\",\"@id\":\"https:\\\/\\\/informelitoral.com.ar\\\/#\\\/schema\\\/logo\\\/image\\\/\",\"url\":\"https:\\\/\\\/informelitoral.com.ar\\\/%77%70%2d%63%6f%6e%74%65%6e%74\\\/uploads\\\/2021\\\/01\\\/circulo.png\",\"contentUrl\":\"https:\\\/\\\/informelitoral.com.ar\\\/%77%70%2d%63%6f%6e%74%65%6e%74\\\/uploads\\\/2021\\\/01\\\/circulo.png\",\"width\":723,\"height\":731,\"caption\":\"Informe Litoral\"},\"image\":{\"@id\":\"https:\\\/\\\/informelitoral.com.ar\\\/#\\\/schema\\\/logo\\\/image\\\/\"},\"sameAs\":[\"https:\\\/\\\/www.facebook.com\\\/informelitoral\\\/\",\"https:\\\/\\\/x.com\\\/InformeLitoral\",\"https:\\\/\\\/www.instagram.com\\\/informelitoral\\\/\",\"https:\\\/\\\/www.youtube.com\\\/channel\\\/UCua4Qvz8Icb6MYqhoq9xLXw\"]},{\"@type\":\"Person\",\"@id\":\"https:\\\/\\\/informelitoral.com.ar\\\/#\\\/schema\\\/person\\\/b9d00407c836482871ef1d57bf8e3180\",\"name\":\"Gonzalo Schmidt\",\"image\":{\"@type\":\"ImageObject\",\"inLanguage\":\"es\",\"@id\":\"https:\\\/\\\/secure.gravatar.com\\\/avatar\\\/31a1a7b66ff2de83bd0e9fd79d026630d2d99e55e8bfe501287647b4fd9743de?s=96&d=mm&r=g\",\"url\":\"https:\\\/\\\/secure.gravatar.com\\\/avatar\\\/31a1a7b66ff2de83bd0e9fd79d026630d2d99e55e8bfe501287647b4fd9743de?s=96&d=mm&r=g\",\"contentUrl\":\"https:\\\/\\\/secure.gravatar.com\\\/avatar\\\/31a1a7b66ff2de83bd0e9fd79d026630d2d99e55e8bfe501287647b4fd9743de?s=96&d=mm&r=g\",\"caption\":\"Gonzalo Schmidt\"},\"description\":\"Sitio web de noticias de la provincia de Entre R\u00edos, Argentina. Informaci\u00f3n y entretenimiento. Informe Litoral, nos informamos.\",\"sameAs\":[\"http:\\\/\\\/www.isletasnoticias.com.ar\"],\"url\":\"https:\\\/\\\/informelitoral.com.ar\\\/author\\\/gonzalo\\\/\"}]}<\/script>","yoast_head_json":{"title":"El Chaque\u00f1o Palavecino coron\u00f3 la quinta luna del Festival de Diamante - Informe Litoral","robots":{"index":"index","follow":"follow","max-snippet":"max-snippet:-1","max-image-preview":"max-image-preview:large","max-video-preview":"max-video-preview:-1"},"canonical":"https:\/\/informelitoral.com.ar\/el-chaqueno-palavecino-corono-la-quinta-luna-del-festival-de-diamante\/","og_locale":"es_ES","og_type":"article","og_title":"El Chaque\u00f1o Palavecino coron\u00f3 la quinta luna del Festival de Diamante - Informe Litoral","og_description":"La actuaci\u00f3n del Chaque\u00f1o Palavecino, en la quinta luna diamantina, coron\u00f3 una noche exitosa. Ritmos litorale\u00f1os se escucharon de la mano de Mario Bofill, Los Chamarriteros y para el cierre, la bailanta chamamecera de Los Majestuosos del Chamam\u00e9. La Reina de la Jineteada present\u00f3 78 montas. La danza estuvo presente con Emover\u00e9.","og_url":"https:\/\/informelitoral.com.ar\/el-chaqueno-palavecino-corono-la-quinta-luna-del-festival-de-diamante\/","og_site_name":"Informe Litoral","article_publisher":"https:\/\/www.facebook.com\/informelitoral\/","article_published_time":"2020-01-13T11:24:34+00:00","og_image":[{"width":800,"height":450,"url":"https:\/\/informelitoral.com.ar\/%77%70%2d%63%6f%6e%74%65%6e%74\/uploads\/2020\/01\/o_1578899351.jpg","type":"image\/jpeg"}],"author":"Gonzalo Schmidt","twitter_card":"summary_large_image","twitter_creator":"@InformeLitoral","twitter_site":"@InformeLitoral","twitter_misc":{"Escrito por":"Gonzalo Schmidt","Tiempo de lectura":"5 minutos"},"schema":{"@context":"https:\/\/schema.org","@graph":[{"@type":"Article","@id":"https:\/\/informelitoral.com.ar\/el-chaqueno-palavecino-corono-la-quinta-luna-del-festival-de-diamante\/#article","isPartOf":{"@id":"https:\/\/informelitoral.com.ar\/el-chaqueno-palavecino-corono-la-quinta-luna-del-festival-de-diamante\/"},"author":{"name":"Gonzalo Schmidt","@id":"https:\/\/informelitoral.com.ar\/#\/schema\/person\/b9d00407c836482871ef1d57bf8e3180"},"headline":"El Chaque\u00f1o Palavecino coron\u00f3 la quinta luna del Festival de Diamante","datePublished":"2020-01-13T11:24:34+00:00","mainEntityOfPage":{"@id":"https:\/\/informelitoral.com.ar\/el-chaqueno-palavecino-corono-la-quinta-luna-del-festival-de-diamante\/"},"wordCount":1060,"commentCount":0,"publisher":{"@id":"https:\/\/informelitoral.com.ar\/#organization"},"image":{"@id":"https:\/\/informelitoral.com.ar\/el-chaqueno-palavecino-corono-la-quinta-luna-del-festival-de-diamante\/#primaryimage"},"thumbnailUrl":"https:\/\/informelitoral.com.ar\/%77%70%2d%63%6f%6e%74%65%6e%74\/uploads\/2020\/01\/o_1578899351.jpg","keywords":["Diamante","Festival de Diamante"],"articleSection":["Departamento Diamante","Espect\u00e1culos"],"inLanguage":"es","potentialAction":[{"@type":"CommentAction","name":"Comment","target":["https:\/\/informelitoral.com.ar\/el-chaqueno-palavecino-corono-la-quinta-luna-del-festival-de-diamante\/#respond"]}]},{"@type":"WebPage","@id":"https:\/\/informelitoral.com.ar\/el-chaqueno-palavecino-corono-la-quinta-luna-del-festival-de-diamante\/","url":"https:\/\/informelitoral.com.ar\/el-chaqueno-palavecino-corono-la-quinta-luna-del-festival-de-diamante\/","name":"El Chaque\u00f1o Palavecino coron\u00f3 la quinta luna del Festival de Diamante - Informe Litoral","isPartOf":{"@id":"https:\/\/informelitoral.com.ar\/#website"},"primaryImageOfPage":{"@id":"https:\/\/informelitoral.com.ar\/el-chaqueno-palavecino-corono-la-quinta-luna-del-festival-de-diamante\/#primaryimage"},"image":{"@id":"https:\/\/informelitoral.com.ar\/el-chaqueno-palavecino-corono-la-quinta-luna-del-festival-de-diamante\/#primaryimage"},"thumbnailUrl":"https:\/\/informelitoral.com.ar\/%77%70%2d%63%6f%6e%74%65%6e%74\/uploads\/2020\/01\/o_1578899351.jpg","datePublished":"2020-01-13T11:24:34+00:00","breadcrumb":{"@id":"https:\/\/informelitoral.com.ar\/el-chaqueno-palavecino-corono-la-quinta-luna-del-festival-de-diamante\/#breadcrumb"},"inLanguage":"es","potentialAction":[{"@type":"ReadAction","target":["https:\/\/informelitoral.com.ar\/el-chaqueno-palavecino-corono-la-quinta-luna-del-festival-de-diamante\/"]}]},{"@type":"ImageObject","inLanguage":"es","@id":"https:\/\/informelitoral.com.ar\/el-chaqueno-palavecino-corono-la-quinta-luna-del-festival-de-diamante\/#primaryimage","url":"https:\/\/informelitoral.com.ar\/%77%70%2d%63%6f%6e%74%65%6e%74\/uploads\/2020\/01\/o_1578899351.jpg","contentUrl":"https:\/\/informelitoral.com.ar\/%77%70%2d%63%6f%6e%74%65%6e%74\/uploads\/2020\/01\/o_1578899351.jpg","width":800,"height":450},{"@type":"BreadcrumbList","@id":"https:\/\/informelitoral.com.ar\/el-chaqueno-palavecino-corono-la-quinta-luna-del-festival-de-diamante\/#breadcrumb","itemListElement":[{"@type":"ListItem","position":1,"name":"Portada","item":"https:\/\/informelitoral.com.ar\/"},{"@type":"ListItem","position":2,"name":"El Chaque\u00f1o Palavecino coron\u00f3 la quinta luna del Festival de Diamante"}]},{"@type":"WebSite","@id":"https:\/\/informelitoral.com.ar\/#website","url":"https:\/\/informelitoral.com.ar\/","name":"Informe Litoral","description":"&quot;Nos informamos&quot; ","publisher":{"@id":"https:\/\/informelitoral.com.ar\/#organization"},"potentialAction":[{"@type":"SearchAction","target":{"@type":"EntryPoint","urlTemplate":"https:\/\/informelitoral.com.ar\/?s={search_term_string}"},"query-input":{"@type":"PropertyValueSpecification","valueRequired":true,"valueName":"search_term_string"}}],"inLanguage":"es"},{"@type":"Organization","@id":"https:\/\/informelitoral.com.ar\/#organization","name":"Informe Litoral","url":"https:\/\/informelitoral.com.ar\/","logo":{"@type":"ImageObject","inLanguage":"es","@id":"https:\/\/informelitoral.com.ar\/#\/schema\/logo\/image\/","url":"https:\/\/informelitoral.com.ar\/%77%70%2d%63%6f%6e%74%65%6e%74\/uploads\/2021\/01\/circulo.png","contentUrl":"https:\/\/informelitoral.com.ar\/%77%70%2d%63%6f%6e%74%65%6e%74\/uploads\/2021\/01\/circulo.png","width":723,"height":731,"caption":"Informe Litoral"},"image":{"@id":"https:\/\/informelitoral.com.ar\/#\/schema\/logo\/image\/"},"sameAs":["https:\/\/www.facebook.com\/informelitoral\/","https:\/\/x.com\/InformeLitoral","https:\/\/www.instagram.com\/informelitoral\/","https:\/\/www.youtube.com\/channel\/UCua4Qvz8Icb6MYqhoq9xLXw"]},{"@type":"Person","@id":"https:\/\/informelitoral.com.ar\/#\/schema\/person\/b9d00407c836482871ef1d57bf8e3180","name":"Gonzalo Schmidt","image":{"@type":"ImageObject","inLanguage":"es","@id":"https:\/\/secure.gravatar.com\/avatar\/31a1a7b66ff2de83bd0e9fd79d026630d2d99e55e8bfe501287647b4fd9743de?s=96&d=mm&r=g","url":"https:\/\/secure.gravatar.com\/avatar\/31a1a7b66ff2de83bd0e9fd79d026630d2d99e55e8bfe501287647b4fd9743de?s=96&d=mm&r=g","contentUrl":"https:\/\/secure.gravatar.com\/avatar\/31a1a7b66ff2de83bd0e9fd79d026630d2d99e55e8bfe501287647b4fd9743de?s=96&d=mm&r=g","caption":"Gonzalo Schmidt"},"description":"Sitio web de noticias de la provincia de Entre R\u00edos, Argentina. Informaci\u00f3n y entretenimiento. Informe Litoral, nos informamos.","sameAs":["http:\/\/www.isletasnoticias.com.ar"],"url":"https:\/\/informelitoral.com.ar\/author\/gonzalo\/"}]}},"_links":{"self":[{"href":"https:\/\/informelitoral.com.ar\/%77%70%2d%6a%73%6f%6e\/wp\/v2\/posts\/39166","targetHints":{"allow":["GET"]}}],"collection":[{"href":"https:\/\/informelitoral.com.ar\/%77%70%2d%6a%73%6f%6e\/wp\/v2\/posts"}],"about":[{"href":"https:\/\/informelitoral.com.ar\/%77%70%2d%6a%73%6f%6e\/wp\/v2\/types\/post"}],"author":[{"embeddable":true,"href":"https:\/\/informelitoral.com.ar\/%77%70%2d%6a%73%6f%6e\/wp\/v2\/users\/2"}],"replies":[{"embeddable":true,"href":"https:\/\/informelitoral.com.ar\/%77%70%2d%6a%73%6f%6e\/wp\/v2\/comments?post=39166"}],"version-history":[{"count":0,"href":"https:\/\/informelitoral.com.ar\/%77%70%2d%6a%73%6f%6e\/wp\/v2\/posts\/39166\/revisions"}],"wp:featuredmedia":[{"embeddable":true,"href":"https:\/\/informelitoral.com.ar\/%77%70%2d%6a%73%6f%6e\/wp\/v2\/media\/39167"}],"wp:attachment":[{"href":"https:\/\/informelitoral.com.ar\/%77%70%2d%6a%73%6f%6e\/wp\/v2\/media?parent=39166"}],"wp:term":[{"taxonomy":"category","embeddable":true,"href":"https:\/\/informelitoral.com.ar\/%77%70%2d%6a%73%6f%6e\/wp\/v2\/categories?post=39166"},{"taxonomy":"post_tag","embeddable":true,"href":"https:\/\/informelitoral.com.ar\/%77%70%2d%6a%73%6f%6e\/wp\/v2\/tags?post=39166"}],"curies":[{"name":"wp","href":"https:\/\/api.w.org\/{rel}","templated":true}]}}