{"id":39152,"date":"2020-01-13T07:50:14","date_gmt":"2020-01-13T10:50:14","guid":{"rendered":"https:\/\/www.isletasnoticias.com.ar\/?p=39152"},"modified":"2020-01-13T07:51:41","modified_gmt":"2020-01-13T10:51:41","slug":"productores-entrerrianos-pidieron-que-se-reglamente-la-segmentacion-de-las-retenciones","status":"publish","type":"post","link":"https:\/\/informelitoral.com.ar\/productores-entrerrianos-pidieron-que-se-reglamente-la-segmentacion-de-las-retenciones\/","title":{"rendered":"Productores entrerrianos pidieron que se reglamente la segmentaci\u00f3n de las retenciones"},"content":{"rendered":"<p>Los productores agropecuarios entrerrianos, reunidos en asamblea en Villaguay, volvieron a rechazar de manera tajante el sistema de retenciones a las exportaciones, y reclamaron \u201cla urgente reglamentaci\u00f3n del Art\u00edculo 52\u201d de la Ley de Solidaridad Social y Reactivaci\u00f3n Productiva, de segmentaci\u00f3n, sobre la base de \u201cun sistema de m\u00ednimo no imponible, en forma autom\u00e1tica, transparente, sin crear nuevos organismos o fondos especiales\u201d. Tambi\u00e9n le exigieron al Gobierno nacional que establezca un cronograma de eliminaci\u00f3n total de las retenciones, \u201ccomo fue el compromiso del presidente Alberto Fern\u00e1ndez\u201d.<\/p>\n<p>El m\u00e1s de medio millar de productores que se hizo presente en el predio de la Sociedad Rural Villaguay para debatir la realidad del sector agropecuario \u2013agobiado por la creciente presi\u00f3n fiscal, entre otros problemas\u2013, de esta manera, reiter\u00f3 su hist\u00f3rica postura de rechazo a las retenciones. Ratific\u00f3, adem\u00e1s, el estado de alerta y movilizaci\u00f3n, al tiempo que facult\u00f3 a las entidades del campo \u201ca realizar todas las gestiones y acciones gremiales necesarias, en pos de la defensa de los productores agropecuarios y sus familias\u201d.<\/p>\n<p>En la pr\u00e1ctica, sin embargo, sin aceptar el esquema de retenciones, los productores entrerrianos terminan dando su acuerdo a la segmentaci\u00f3n transitoria de las mismas, con la esperanza \u2013\u00bfo ingenuidad?\u2013 de que Fern\u00e1ndez cumpla su palabra y elimine los derechos de exportaci\u00f3n cuando termine la situaci\u00f3n de emergencia, algo que dif\u00edcilmente se concrete en el presente per\u00edodo constitucional.<\/p>\n<p><strong>Qu\u00e9 dice el Art\u00edculo 52<\/strong><\/p>\n<p>El Art\u00edculo 52 de la Ley de Solidaridad Social y Reactivaci\u00f3n Productiva, que los productores exigen se reglamente en forma urgente, se\u00f1ala: \u201cEl Poder Ejecutivo Nacional deber\u00e1 establecer mecanismos de segmentaci\u00f3n y est\u00edmulo tendientes a mejorar la rentabilidad y competitividad de los peque\u00f1os productores y cooperativas cuyas actividades se encuentren alcanzadas por el eventual aumento de la al\u00edcuota de los derechos de exportaci\u00f3n y establecer\u00e1 criterios que estimulen la competitividad de la producci\u00f3n federal en funci\u00f3n de las distancias entre los centros de producci\u00f3n y los de efectiva comercializaci\u00f3n. Las modificaciones de las al\u00edcuotas en el marco de las facultades acordadas en el presente art\u00edculo deber\u00e1n ser informadas por el Poder Ejecutivo Nacional ante una comisi\u00f3n integrada por miembros del Poder Legislativo, del Consejo Federal Agropecuario y representantes de las entidades y organizaciones representativas del sector agropecuario para que se expidan al respecto. Las al\u00edcuotas que sean aumentadas en el marco de las facultades acordadas en el marco del presente art\u00edculo no ser\u00e1n aplicadas a los distritos que sean declarados en emergencia agropecuaria de conformidad con la Ley 26.509 Sistema Nacional para la Prevenci\u00f3n y Mitigaci\u00f3n de emergencias y desastres agropecuarios\u201d.<\/p>\n<p><strong>Declaraci\u00f3n p\u00fablica<\/strong><\/p>\n<p>En el marco de la asamblea realizada en Villaguay, la Mesa de enlace de Entre R\u00edos, emiti\u00f3 una declaraci\u00f3n p\u00fablica con las siguientes definiciones:<\/p>\n<p>Manifestamos nuestro compromiso con el trabajo, con nuestra vocaci\u00f3n productiva, transformadora de la realidad, generando riqueza genuina, base de todo desarrollo econ\u00f3mico que permite lograr sociedades prosperas y sin desequilibrios.<\/p>\n<p>Rechazamos el aumento de la presi\u00f3n fiscal, tanto en los derechos de exportaci\u00f3n, como lo establecido por la ley de solidaridad social, y tambi\u00e9n por la ca\u00edda del consenso fiscal en nuestra provincia.<\/p>\n<p>Esta nueva transferencia de recursos del sector productivo, hacia el estado, solo traer\u00e1 m\u00e1s productores expulsados, representado un claro retroceso social, econ\u00f3mico e incluso ambiental.<\/p>\n<p>No vemos hasta el presente que semejante sacrificio solicitado al sector, sea acompa\u00f1ado por los poderes del estado, ni en el ejecutivo, legislativo o judicial vemos proyectos reales que permitan terminar con privilegios o gastos superfluos, sino solo maquillajes o vagas promesas.<\/p>\n<p>Rechazamos todos los intentos de algunos sectores de la pol\u00edtica o de la sociedad de imponer un relato sobre que el sector tiene rentas extraordinarias o no es solidario, lo que no solo lleva a posturas muy alejadas de la realidad, sino que estimula el enfrentamiento entre los argentinos.<\/p>\n<p>Como provincia diversificada en su producci\u00f3n planteamos la grave situaci\u00f3n de todos los sectores: ganader\u00eda, tambo, arroz, citricultura, etc. en donde debe haber reglas claras de parte de los gobiernos nacional y provincial.<\/p>\n<p>Que adem\u00e1s del enorme peso que se soporta por la desmedida presi\u00f3n fiscal, se debe resolver el impacto negativo de las tasas inter\u00e9s en los productores endeudados.<\/p>\n<p>El hambre en nuestro pa\u00eds no la generaron los sectores productivos, sino que es responsabilidad de quienes han administrado los millones de d\u00f3lares que el sector ha transferido en retenciones por ejemplo, en m\u00e1s de 180 mil millones en los \u00faltimos 17 a\u00f1os, y nunca explicaron en que se gastaron.<\/p>\n<p>Solicitamos la urgente reglamentaci\u00f3n del Art\u00edculo 52 de la Ley de Solidaridad Social de segmentaci\u00f3n, sobre la base de un sistema de m\u00ednimo no imponible, en forma autom\u00e1tica, transparente, sin crear nuevos organismos o fondos especiales, que debe se transitoria, hasta tanto el gobierno nacional establezca el cronograma de eliminaci\u00f3n total de las retenciones, como fue el compromiso del presidente Alberto Fern\u00e1ndez.<\/p>\n<p>Por \u00faltimo mantenemos nuestro estado de alerta y movilizaci\u00f3n, facultado a nuestras entidades a realizar todas las gestiones y acciones gremiales necesarias, en pos de la defensa de los productores agropecuarios y sus familias.<\/p>\n<p><strong>\u201cRepartir es f\u00e1cil\u201d<\/strong><\/p>\n<p>El presidente de Confederaciones Rurales Argentinas (CRA), Jorge Chemes, se\u00f1al\u00f3 en Villaguay que \u201cnos espera un a\u00f1o largo, de lucha. El campo ha puesto siempre, con y sin crisis, y no tenemos ninguna se\u00f1al para el productor, que tambi\u00e9n est\u00e1 endeudado y sin posibilidad de trabajar\u201d.<\/p>\n<p>\u201cNo aguantamos m\u00e1s impuestos\u201d, remarc\u00f3, y subray\u00f3 que \u201chay mucha tensi\u00f3n en el campo. Y esa tensa calma es el principio de las cosas y el com\u00fan denominador de estos d\u00edas y en cada Rural que recorremos\u201d, agreg\u00f3.<\/p>\n<p>\u201cTodos saben c\u00f3mo repartirla pero el desaf\u00edo es generar los recursos para los que est\u00e1n en situaci\u00f3n de vulnerabilidad, pero tambi\u00e9n para los que trabajan, los que producen y los que todos los d\u00edas invierten su tiempo, su formaci\u00f3n, y su vida en hacer crecer el pa\u00eds. La pol\u00edtica tiene que pensar nuevas f\u00f3rmulas porque si todos siempre sacan del mismo bolsillo, todos vamos a poder un poco menos cada d\u00eda\u201d, concluy\u00f3 Chemes.<\/p>\n<p><em>Fuente: Dos Florines<\/em><\/p>\n","protected":false},"excerpt":{"rendered":"<p>En Villaguay se volvieron a rechazar los derechos de exportaci\u00f3n. En la pr\u00e1ctica, sin embargo, se acept\u00f3 la segmentaci\u00f3n \u2013transitoria, aclaran\u2013 establecida por ley hasta que el Presidente \u201ccumpla su compromiso\u201d de eliminar las retenciones.<\/p>\n","protected":false},"author":2,"featured_media":39153,"comment_status":"open","ping_status":"open","sticky":false,"template":"","format":"standard","meta":{"fifu_image_url":"","fifu_image_alt":"","footnotes":""},"categories":[10],"tags":[191,71,120,818,157,1331],"class_list":{"0":"post-39152","1":"post","2":"type-post","3":"status-publish","4":"format-standard","5":"has-post-thumbnail","7":"category-campo","8":"tag-agricultura","9":"tag-campo","10":"tag-produccion","11":"tag-productores","12":"tag-retenciones","13":"tag-villaguay"},"yoast_head":"<title>Productores entrerrianos pidieron que se reglamente la segmentaci\u00f3n de las retenciones - Informe Litoral<\/title>\n<meta name=\"robots\" content=\"index, follow, max-snippet:-1, max-image-preview:large, max-video-preview:-1\" \/>\n<link rel=\"canonical\" href=\"https:\/\/informelitoral.com.ar\/productores-entrerrianos-pidieron-que-se-reglamente-la-segmentacion-de-las-retenciones\/\" \/>\n<meta property=\"og:locale\" content=\"es_ES\" \/>\n<meta property=\"og:type\" content=\"article\" \/>\n<meta property=\"og:title\" content=\"Productores entrerrianos pidieron que se reglamente la segmentaci\u00f3n de las retenciones - Informe Litoral\" \/>\n<meta property=\"og:description\" content=\"En Villaguay se volvieron a rechazar los derechos de exportaci\u00f3n. En la pr\u00e1ctica, sin embargo, se acept\u00f3 la segmentaci\u00f3n \u2013transitoria, aclaran\u2013 establecida por ley hasta que el Presidente \u201ccumpla su compromiso\u201d de eliminar las retenciones.\" \/>\n<meta property=\"og:url\" content=\"https:\/\/informelitoral.com.ar\/productores-entrerrianos-pidieron-que-se-reglamente-la-segmentacion-de-las-retenciones\/\" \/>\n<meta property=\"og:site_name\" content=\"Informe Litoral\" \/>\n<meta property=\"article:publisher\" content=\"https:\/\/www.facebook.com\/informelitoral\/\" \/>\n<meta property=\"article:published_time\" content=\"2020-01-13T10:50:14+00:00\" \/>\n<meta property=\"article:modified_time\" content=\"2020-01-13T10:51:41+00:00\" \/>\n<meta property=\"og:image\" content=\"https:\/\/informelitoral.com.ar\/%77%70%2d%63%6f%6e%74%65%6e%74\/uploads\/2020\/01\/f_1578788186.jpeg\" \/>\n\t<meta property=\"og:image:width\" content=\"1032\" \/>\n\t<meta property=\"og:image:height\" content=\"688\" \/>\n\t<meta property=\"og:image:type\" content=\"image\/jpeg\" \/>\n<meta name=\"author\" content=\"Gonzalo Schmidt\" \/>\n<meta name=\"twitter:card\" content=\"summary_large_image\" \/>\n<meta name=\"twitter:creator\" content=\"@InformeLitoral\" \/>\n<meta name=\"twitter:site\" content=\"@InformeLitoral\" \/>\n<meta name=\"twitter:label1\" content=\"Escrito por\" \/>\n\t<meta name=\"twitter:data1\" content=\"Gonzalo Schmidt\" \/>\n\t<meta name=\"twitter:label2\" content=\"Tiempo de lectura\" \/>\n\t<meta name=\"twitter:data2\" content=\"5 minutos\" \/>\n<script type=\"application\/ld+json\" class=\"yoast-schema-graph\">{\"@context\":\"https:\\\/\\\/schema.org\",\"@graph\":[{\"@type\":\"Article\",\"@id\":\"https:\\\/\\\/informelitoral.com.ar\\\/productores-entrerrianos-pidieron-que-se-reglamente-la-segmentacion-de-las-retenciones\\\/#article\",\"isPartOf\":{\"@id\":\"https:\\\/\\\/informelitoral.com.ar\\\/productores-entrerrianos-pidieron-que-se-reglamente-la-segmentacion-de-las-retenciones\\\/\"},\"author\":{\"name\":\"Gonzalo Schmidt\",\"@id\":\"https:\\\/\\\/informelitoral.com.ar\\\/#\\\/schema\\\/person\\\/b9d00407c836482871ef1d57bf8e3180\"},\"headline\":\"Productores entrerrianos pidieron que se reglamente la segmentaci\u00f3n de las retenciones\",\"datePublished\":\"2020-01-13T10:50:14+00:00\",\"dateModified\":\"2020-01-13T10:51:41+00:00\",\"mainEntityOfPage\":{\"@id\":\"https:\\\/\\\/informelitoral.com.ar\\\/productores-entrerrianos-pidieron-que-se-reglamente-la-segmentacion-de-las-retenciones\\\/\"},\"wordCount\":1100,\"commentCount\":0,\"publisher\":{\"@id\":\"https:\\\/\\\/informelitoral.com.ar\\\/#organization\"},\"image\":{\"@id\":\"https:\\\/\\\/informelitoral.com.ar\\\/productores-entrerrianos-pidieron-que-se-reglamente-la-segmentacion-de-las-retenciones\\\/#primaryimage\"},\"thumbnailUrl\":\"https:\\\/\\\/informelitoral.com.ar\\\/%77%70%2d%63%6f%6e%74%65%6e%74\\\/uploads\\\/2020\\\/01\\\/f_1578788186.jpeg\",\"keywords\":[\"Agricultura\",\"Campo\",\"Producci\u00f3n\",\"Productores\",\"Retenciones\",\"Villaguay\"],\"articleSection\":[\"Campo\"],\"inLanguage\":\"es\",\"potentialAction\":[{\"@type\":\"CommentAction\",\"name\":\"Comment\",\"target\":[\"https:\\\/\\\/informelitoral.com.ar\\\/productores-entrerrianos-pidieron-que-se-reglamente-la-segmentacion-de-las-retenciones\\\/#respond\"]}]},{\"@type\":\"WebPage\",\"@id\":\"https:\\\/\\\/informelitoral.com.ar\\\/productores-entrerrianos-pidieron-que-se-reglamente-la-segmentacion-de-las-retenciones\\\/\",\"url\":\"https:\\\/\\\/informelitoral.com.ar\\\/productores-entrerrianos-pidieron-que-se-reglamente-la-segmentacion-de-las-retenciones\\\/\",\"name\":\"Productores entrerrianos pidieron que se reglamente la segmentaci\u00f3n de las retenciones - Informe Litoral\",\"isPartOf\":{\"@id\":\"https:\\\/\\\/informelitoral.com.ar\\\/#website\"},\"primaryImageOfPage\":{\"@id\":\"https:\\\/\\\/informelitoral.com.ar\\\/productores-entrerrianos-pidieron-que-se-reglamente-la-segmentacion-de-las-retenciones\\\/#primaryimage\"},\"image\":{\"@id\":\"https:\\\/\\\/informelitoral.com.ar\\\/productores-entrerrianos-pidieron-que-se-reglamente-la-segmentacion-de-las-retenciones\\\/#primaryimage\"},\"thumbnailUrl\":\"https:\\\/\\\/informelitoral.com.ar\\\/%77%70%2d%63%6f%6e%74%65%6e%74\\\/uploads\\\/2020\\\/01\\\/f_1578788186.jpeg\",\"datePublished\":\"2020-01-13T10:50:14+00:00\",\"dateModified\":\"2020-01-13T10:51:41+00:00\",\"breadcrumb\":{\"@id\":\"https:\\\/\\\/informelitoral.com.ar\\\/productores-entrerrianos-pidieron-que-se-reglamente-la-segmentacion-de-las-retenciones\\\/#breadcrumb\"},\"inLanguage\":\"es\",\"potentialAction\":[{\"@type\":\"ReadAction\",\"target\":[\"https:\\\/\\\/informelitoral.com.ar\\\/productores-entrerrianos-pidieron-que-se-reglamente-la-segmentacion-de-las-retenciones\\\/\"]}]},{\"@type\":\"ImageObject\",\"inLanguage\":\"es\",\"@id\":\"https:\\\/\\\/informelitoral.com.ar\\\/productores-entrerrianos-pidieron-que-se-reglamente-la-segmentacion-de-las-retenciones\\\/#primaryimage\",\"url\":\"https:\\\/\\\/informelitoral.com.ar\\\/%77%70%2d%63%6f%6e%74%65%6e%74\\\/uploads\\\/2020\\\/01\\\/f_1578788186.jpeg\",\"contentUrl\":\"https:\\\/\\\/informelitoral.com.ar\\\/%77%70%2d%63%6f%6e%74%65%6e%74\\\/uploads\\\/2020\\\/01\\\/f_1578788186.jpeg\",\"width\":1032,\"height\":688},{\"@type\":\"BreadcrumbList\",\"@id\":\"https:\\\/\\\/informelitoral.com.ar\\\/productores-entrerrianos-pidieron-que-se-reglamente-la-segmentacion-de-las-retenciones\\\/#breadcrumb\",\"itemListElement\":[{\"@type\":\"ListItem\",\"position\":1,\"name\":\"Portada\",\"item\":\"https:\\\/\\\/informelitoral.com.ar\\\/\"},{\"@type\":\"ListItem\",\"position\":2,\"name\":\"Productores entrerrianos pidieron que se reglamente la segmentaci\u00f3n de las retenciones\"}]},{\"@type\":\"WebSite\",\"@id\":\"https:\\\/\\\/informelitoral.com.ar\\\/#website\",\"url\":\"https:\\\/\\\/informelitoral.com.ar\\\/\",\"name\":\"Informe Litoral\",\"description\":\"&quot;Nos informamos&quot; \",\"publisher\":{\"@id\":\"https:\\\/\\\/informelitoral.com.ar\\\/#organization\"},\"potentialAction\":[{\"@type\":\"SearchAction\",\"target\":{\"@type\":\"EntryPoint\",\"urlTemplate\":\"https:\\\/\\\/informelitoral.com.ar\\\/?s={search_term_string}\"},\"query-input\":{\"@type\":\"PropertyValueSpecification\",\"valueRequired\":true,\"valueName\":\"search_term_string\"}}],\"inLanguage\":\"es\"},{\"@type\":\"Organization\",\"@id\":\"https:\\\/\\\/informelitoral.com.ar\\\/#organization\",\"name\":\"Informe Litoral\",\"url\":\"https:\\\/\\\/informelitoral.com.ar\\\/\",\"logo\":{\"@type\":\"ImageObject\",\"inLanguage\":\"es\",\"@id\":\"https:\\\/\\\/informelitoral.com.ar\\\/#\\\/schema\\\/logo\\\/image\\\/\",\"url\":\"https:\\\/\\\/informelitoral.com.ar\\\/%77%70%2d%63%6f%6e%74%65%6e%74\\\/uploads\\\/2021\\\/01\\\/circulo.png\",\"contentUrl\":\"https:\\\/\\\/informelitoral.com.ar\\\/%77%70%2d%63%6f%6e%74%65%6e%74\\\/uploads\\\/2021\\\/01\\\/circulo.png\",\"width\":723,\"height\":731,\"caption\":\"Informe Litoral\"},\"image\":{\"@id\":\"https:\\\/\\\/informelitoral.com.ar\\\/#\\\/schema\\\/logo\\\/image\\\/\"},\"sameAs\":[\"https:\\\/\\\/www.facebook.com\\\/informelitoral\\\/\",\"https:\\\/\\\/x.com\\\/InformeLitoral\",\"https:\\\/\\\/www.instagram.com\\\/informelitoral\\\/\",\"https:\\\/\\\/www.youtube.com\\\/channel\\\/UCua4Qvz8Icb6MYqhoq9xLXw\"]},{\"@type\":\"Person\",\"@id\":\"https:\\\/\\\/informelitoral.com.ar\\\/#\\\/schema\\\/person\\\/b9d00407c836482871ef1d57bf8e3180\",\"name\":\"Gonzalo Schmidt\",\"image\":{\"@type\":\"ImageObject\",\"inLanguage\":\"es\",\"@id\":\"https:\\\/\\\/secure.gravatar.com\\\/avatar\\\/31a1a7b66ff2de83bd0e9fd79d026630d2d99e55e8bfe501287647b4fd9743de?s=96&d=mm&r=g\",\"url\":\"https:\\\/\\\/secure.gravatar.com\\\/avatar\\\/31a1a7b66ff2de83bd0e9fd79d026630d2d99e55e8bfe501287647b4fd9743de?s=96&d=mm&r=g\",\"contentUrl\":\"https:\\\/\\\/secure.gravatar.com\\\/avatar\\\/31a1a7b66ff2de83bd0e9fd79d026630d2d99e55e8bfe501287647b4fd9743de?s=96&d=mm&r=g\",\"caption\":\"Gonzalo Schmidt\"},\"description\":\"Sitio web de noticias de la provincia de Entre R\u00edos, Argentina. Informaci\u00f3n y entretenimiento. Informe Litoral, nos informamos.\",\"sameAs\":[\"http:\\\/\\\/www.isletasnoticias.com.ar\"],\"url\":\"https:\\\/\\\/informelitoral.com.ar\\\/author\\\/gonzalo\\\/\"}]}<\/script>","yoast_head_json":{"title":"Productores entrerrianos pidieron que se reglamente la segmentaci\u00f3n de las retenciones - Informe Litoral","robots":{"index":"index","follow":"follow","max-snippet":"max-snippet:-1","max-image-preview":"max-image-preview:large","max-video-preview":"max-video-preview:-1"},"canonical":"https:\/\/informelitoral.com.ar\/productores-entrerrianos-pidieron-que-se-reglamente-la-segmentacion-de-las-retenciones\/","og_locale":"es_ES","og_type":"article","og_title":"Productores entrerrianos pidieron que se reglamente la segmentaci\u00f3n de las retenciones - Informe Litoral","og_description":"En Villaguay se volvieron a rechazar los derechos de exportaci\u00f3n. En la pr\u00e1ctica, sin embargo, se acept\u00f3 la segmentaci\u00f3n \u2013transitoria, aclaran\u2013 establecida por ley hasta que el Presidente \u201ccumpla su compromiso\u201d de eliminar las retenciones.","og_url":"https:\/\/informelitoral.com.ar\/productores-entrerrianos-pidieron-que-se-reglamente-la-segmentacion-de-las-retenciones\/","og_site_name":"Informe Litoral","article_publisher":"https:\/\/www.facebook.com\/informelitoral\/","article_published_time":"2020-01-13T10:50:14+00:00","article_modified_time":"2020-01-13T10:51:41+00:00","og_image":[{"width":1032,"height":688,"url":"https:\/\/informelitoral.com.ar\/%77%70%2d%63%6f%6e%74%65%6e%74\/uploads\/2020\/01\/f_1578788186.jpeg","type":"image\/jpeg"}],"author":"Gonzalo Schmidt","twitter_card":"summary_large_image","twitter_creator":"@InformeLitoral","twitter_site":"@InformeLitoral","twitter_misc":{"Escrito por":"Gonzalo Schmidt","Tiempo de lectura":"5 minutos"},"schema":{"@context":"https:\/\/schema.org","@graph":[{"@type":"Article","@id":"https:\/\/informelitoral.com.ar\/productores-entrerrianos-pidieron-que-se-reglamente-la-segmentacion-de-las-retenciones\/#article","isPartOf":{"@id":"https:\/\/informelitoral.com.ar\/productores-entrerrianos-pidieron-que-se-reglamente-la-segmentacion-de-las-retenciones\/"},"author":{"name":"Gonzalo Schmidt","@id":"https:\/\/informelitoral.com.ar\/#\/schema\/person\/b9d00407c836482871ef1d57bf8e3180"},"headline":"Productores entrerrianos pidieron que se reglamente la segmentaci\u00f3n de las retenciones","datePublished":"2020-01-13T10:50:14+00:00","dateModified":"2020-01-13T10:51:41+00:00","mainEntityOfPage":{"@id":"https:\/\/informelitoral.com.ar\/productores-entrerrianos-pidieron-que-se-reglamente-la-segmentacion-de-las-retenciones\/"},"wordCount":1100,"commentCount":0,"publisher":{"@id":"https:\/\/informelitoral.com.ar\/#organization"},"image":{"@id":"https:\/\/informelitoral.com.ar\/productores-entrerrianos-pidieron-que-se-reglamente-la-segmentacion-de-las-retenciones\/#primaryimage"},"thumbnailUrl":"https:\/\/informelitoral.com.ar\/%77%70%2d%63%6f%6e%74%65%6e%74\/uploads\/2020\/01\/f_1578788186.jpeg","keywords":["Agricultura","Campo","Producci\u00f3n","Productores","Retenciones","Villaguay"],"articleSection":["Campo"],"inLanguage":"es","potentialAction":[{"@type":"CommentAction","name":"Comment","target":["https:\/\/informelitoral.com.ar\/productores-entrerrianos-pidieron-que-se-reglamente-la-segmentacion-de-las-retenciones\/#respond"]}]},{"@type":"WebPage","@id":"https:\/\/informelitoral.com.ar\/productores-entrerrianos-pidieron-que-se-reglamente-la-segmentacion-de-las-retenciones\/","url":"https:\/\/informelitoral.com.ar\/productores-entrerrianos-pidieron-que-se-reglamente-la-segmentacion-de-las-retenciones\/","name":"Productores entrerrianos pidieron que se reglamente la segmentaci\u00f3n de las retenciones - Informe Litoral","isPartOf":{"@id":"https:\/\/informelitoral.com.ar\/#website"},"primaryImageOfPage":{"@id":"https:\/\/informelitoral.com.ar\/productores-entrerrianos-pidieron-que-se-reglamente-la-segmentacion-de-las-retenciones\/#primaryimage"},"image":{"@id":"https:\/\/informelitoral.com.ar\/productores-entrerrianos-pidieron-que-se-reglamente-la-segmentacion-de-las-retenciones\/#primaryimage"},"thumbnailUrl":"https:\/\/informelitoral.com.ar\/%77%70%2d%63%6f%6e%74%65%6e%74\/uploads\/2020\/01\/f_1578788186.jpeg","datePublished":"2020-01-13T10:50:14+00:00","dateModified":"2020-01-13T10:51:41+00:00","breadcrumb":{"@id":"https:\/\/informelitoral.com.ar\/productores-entrerrianos-pidieron-que-se-reglamente-la-segmentacion-de-las-retenciones\/#breadcrumb"},"inLanguage":"es","potentialAction":[{"@type":"ReadAction","target":["https:\/\/informelitoral.com.ar\/productores-entrerrianos-pidieron-que-se-reglamente-la-segmentacion-de-las-retenciones\/"]}]},{"@type":"ImageObject","inLanguage":"es","@id":"https:\/\/informelitoral.com.ar\/productores-entrerrianos-pidieron-que-se-reglamente-la-segmentacion-de-las-retenciones\/#primaryimage","url":"https:\/\/informelitoral.com.ar\/%77%70%2d%63%6f%6e%74%65%6e%74\/uploads\/2020\/01\/f_1578788186.jpeg","contentUrl":"https:\/\/informelitoral.com.ar\/%77%70%2d%63%6f%6e%74%65%6e%74\/uploads\/2020\/01\/f_1578788186.jpeg","width":1032,"height":688},{"@type":"BreadcrumbList","@id":"https:\/\/informelitoral.com.ar\/productores-entrerrianos-pidieron-que-se-reglamente-la-segmentacion-de-las-retenciones\/#breadcrumb","itemListElement":[{"@type":"ListItem","position":1,"name":"Portada","item":"https:\/\/informelitoral.com.ar\/"},{"@type":"ListItem","position":2,"name":"Productores entrerrianos pidieron que se reglamente la segmentaci\u00f3n de las retenciones"}]},{"@type":"WebSite","@id":"https:\/\/informelitoral.com.ar\/#website","url":"https:\/\/informelitoral.com.ar\/","name":"Informe Litoral","description":"&quot;Nos informamos&quot; ","publisher":{"@id":"https:\/\/informelitoral.com.ar\/#organization"},"potentialAction":[{"@type":"SearchAction","target":{"@type":"EntryPoint","urlTemplate":"https:\/\/informelitoral.com.ar\/?s={search_term_string}"},"query-input":{"@type":"PropertyValueSpecification","valueRequired":true,"valueName":"search_term_string"}}],"inLanguage":"es"},{"@type":"Organization","@id":"https:\/\/informelitoral.com.ar\/#organization","name":"Informe Litoral","url":"https:\/\/informelitoral.com.ar\/","logo":{"@type":"ImageObject","inLanguage":"es","@id":"https:\/\/informelitoral.com.ar\/#\/schema\/logo\/image\/","url":"https:\/\/informelitoral.com.ar\/%77%70%2d%63%6f%6e%74%65%6e%74\/uploads\/2021\/01\/circulo.png","contentUrl":"https:\/\/informelitoral.com.ar\/%77%70%2d%63%6f%6e%74%65%6e%74\/uploads\/2021\/01\/circulo.png","width":723,"height":731,"caption":"Informe Litoral"},"image":{"@id":"https:\/\/informelitoral.com.ar\/#\/schema\/logo\/image\/"},"sameAs":["https:\/\/www.facebook.com\/informelitoral\/","https:\/\/x.com\/InformeLitoral","https:\/\/www.instagram.com\/informelitoral\/","https:\/\/www.youtube.com\/channel\/UCua4Qvz8Icb6MYqhoq9xLXw"]},{"@type":"Person","@id":"https:\/\/informelitoral.com.ar\/#\/schema\/person\/b9d00407c836482871ef1d57bf8e3180","name":"Gonzalo Schmidt","image":{"@type":"ImageObject","inLanguage":"es","@id":"https:\/\/secure.gravatar.com\/avatar\/31a1a7b66ff2de83bd0e9fd79d026630d2d99e55e8bfe501287647b4fd9743de?s=96&d=mm&r=g","url":"https:\/\/secure.gravatar.com\/avatar\/31a1a7b66ff2de83bd0e9fd79d026630d2d99e55e8bfe501287647b4fd9743de?s=96&d=mm&r=g","contentUrl":"https:\/\/secure.gravatar.com\/avatar\/31a1a7b66ff2de83bd0e9fd79d026630d2d99e55e8bfe501287647b4fd9743de?s=96&d=mm&r=g","caption":"Gonzalo Schmidt"},"description":"Sitio web de noticias de la provincia de Entre R\u00edos, Argentina. Informaci\u00f3n y entretenimiento. Informe Litoral, nos informamos.","sameAs":["http:\/\/www.isletasnoticias.com.ar"],"url":"https:\/\/informelitoral.com.ar\/author\/gonzalo\/"}]}},"_links":{"self":[{"href":"https:\/\/informelitoral.com.ar\/%77%70%2d%6a%73%6f%6e\/wp\/v2\/posts\/39152","targetHints":{"allow":["GET"]}}],"collection":[{"href":"https:\/\/informelitoral.com.ar\/%77%70%2d%6a%73%6f%6e\/wp\/v2\/posts"}],"about":[{"href":"https:\/\/informelitoral.com.ar\/%77%70%2d%6a%73%6f%6e\/wp\/v2\/types\/post"}],"author":[{"embeddable":true,"href":"https:\/\/informelitoral.com.ar\/%77%70%2d%6a%73%6f%6e\/wp\/v2\/users\/2"}],"replies":[{"embeddable":true,"href":"https:\/\/informelitoral.com.ar\/%77%70%2d%6a%73%6f%6e\/wp\/v2\/comments?post=39152"}],"version-history":[{"count":0,"href":"https:\/\/informelitoral.com.ar\/%77%70%2d%6a%73%6f%6e\/wp\/v2\/posts\/39152\/revisions"}],"wp:featuredmedia":[{"embeddable":true,"href":"https:\/\/informelitoral.com.ar\/%77%70%2d%6a%73%6f%6e\/wp\/v2\/media\/39153"}],"wp:attachment":[{"href":"https:\/\/informelitoral.com.ar\/%77%70%2d%6a%73%6f%6e\/wp\/v2\/media?parent=39152"}],"wp:term":[{"taxonomy":"category","embeddable":true,"href":"https:\/\/informelitoral.com.ar\/%77%70%2d%6a%73%6f%6e\/wp\/v2\/categories?post=39152"},{"taxonomy":"post_tag","embeddable":true,"href":"https:\/\/informelitoral.com.ar\/%77%70%2d%6a%73%6f%6e\/wp\/v2\/tags?post=39152"}],"curies":[{"name":"wp","href":"https:\/\/api.w.org\/{rel}","templated":true}]}}