{"id":39041,"date":"2020-01-10T09:16:43","date_gmt":"2020-01-10T12:16:43","guid":{"rendered":"https:\/\/www.isletasnoticias.com.ar\/?p=39041"},"modified":"2020-01-10T09:19:22","modified_gmt":"2020-01-10T12:19:22","slug":"39041-2","status":"publish","type":"post","link":"https:\/\/informelitoral.com.ar\/39041-2\/","title":{"rendered":"Anses: empieza el pago de jubilaciones y AUH"},"content":{"rendered":"<p>La Anses public\u00f3 en su sitio oficial las fecha de pago de las prestaciones correspondientes a enero que incluyen jubilaciones y pensiones, asignaciones familiares, Asignaci\u00f3n Universal por Hijo (AUH), Asignaci\u00f3n por Embarazo, Prenatal y Maternidad, y de Desempleo, entre otras.<\/p>\n<p>La Administraci\u00f3n Nacional de la Seguridad Social (ANSES) record\u00f3 que este mes se cobra la segunda parte del bono extraordinario de hasta 5.000 pesos.<\/p>\n<p><b>A qui\u00e9nes alcanza<\/b><br \/>\nLos jubilados y pensionados cobrar\u00e1n este mes la segunda parte del bono extraordinario que el Gobierno Nacional decidi\u00f3 otorgar en el marco de la pol\u00edtica de \u00absolidaridad social y de apoyo a los sectores de menores ingresos\u00bb.<\/p>\n<p>Este pago extraordinario est\u00e1 destinado a quienes cobran una sola prestaci\u00f3n. Esto significa que <b>una persona que percibe un haber jubilatorio y otro por pensi\u00f3n no est\u00e1 incluida<\/b>\u00a0en el pago del bono extraordinario.<\/p>\n<p>De esta manera, los jubilados y pensionados que cobran el haber m\u00ednimo, que actualmente es de $14.068, cobrar\u00e1n $5000.<\/p>\n<p>El valor del bono extraordinario ir\u00e1 variando de acuerdo al haber percibido por el jubilado o pensionado beneficiado, hasta llegar a un m\u00e1ximo de $19.068, una cifra que surge de sumar la jubilaci\u00f3n m\u00ednima m\u00e1s $5.000.<\/p>\n<figure class=\"embed\"><img decoding=\"async\" title=\"\" src=\"https:\/\/elonce-media.elonce.com.ar\/fotos-nuevo\/2020\/01\/08\/o_1578474458.jpg\" alt=\"\" width=\"640\" \/><\/figure>\n<p><b>QU\u00c9 PASA CON LAS ASIGNACIONES UNIVERSALES<\/b><\/p>\n<p>Beneficiario de la Asignaci\u00f3n Universal por Hijo, Asignaci\u00f3n Universal por Hijo con discapacidad y Asignaci\u00f3n por Embarazo para Protecci\u00f3n Social cobraron $2000 por cada hijo o hija (hasta 5)\u00a0<b>por \u00fanica vez en el mes de diciembre de 2019<\/b>, por lo que\u00a0<b>este mes no tienen bono<\/b>.<\/p>\n<h5><strong>CRONOGRAMAS<\/strong><\/h5>\n<p><b>Jubilados que no superan la suma mensual de $15.091<\/b><\/p>\n<p>10 de enero terminaci\u00f3n en 0<\/p>\n<p>13 de enero terminaciones en 1<\/p>\n<p>14 de enero terminaciones en 2<\/p>\n<p>15 de enero terminaciones en 3<\/p>\n<p>16 de enero terminaciones en 4<\/p>\n<p>17 de enero terminaciones en 5<\/p>\n<p>20 de enero terminaciones en 6<\/p>\n<p>21 de enero terminaciones en 7<\/p>\n<p>22 de enero terminaciones en 8<\/p>\n<p>23 de enero terminaciones en 9<\/p>\n<p>Fecha l\u00edmite para cobrar 10 de febrero del 2020<\/p>\n<p><b>Jubilados que superan la suma de $15.091<\/b><\/p>\n<p>24 de enero terminaciones 0 y 1<\/p>\n<p>27 de enero terminaci\u00f3n en 2 y 3<\/p>\n<p>28 de enero terminaci\u00f3n en 4 y 5<\/p>\n<p>29 de enero terminaci\u00f3n en 6 y 7<\/p>\n<p>30 de enero terminaci\u00f3n en 8 y 9<\/p>\n<p>Fecha l\u00edmite para cobrar 10 de febrero del 2020<\/p>\n<p><b>Asignaci\u00f3n familiar por hijo y asignaci\u00f3n universal por hijo (pago en bancos)<\/b><\/p>\n<p>10 de enero terminaci\u00f3n en 0<\/p>\n<p>13 de enero terminaci\u00f3n en 1<\/p>\n<p>14 de enero terminaci\u00f3n en 2<\/p>\n<p>15 de enero terminaci\u00f3n en 3<\/p>\n<p>16 de enero terminaci\u00f3n en 4<\/p>\n<p>17 de enero terminaci\u00f3n en 5<\/p>\n<p>20 de enero terminaci\u00f3n en 6<\/p>\n<p>21 de enero terminaci\u00f3n en 7<\/p>\n<p>22 de enero terminaci\u00f3n en 8<\/p>\n<p>23 de enero terminaci\u00f3n en 9<\/p>\n<p>Fecha l\u00edmite para cobrar: 10 de febrero 2020<\/p>\n<p><b>Asignaci\u00f3n familiar por hijo y asignaci\u00f3n universal por hijo (pago en el Correo)<\/b><\/p>\n<p>14 de enero terminaci\u00f3n en 0<\/p>\n<p>15 de enero terminaci\u00f3n en 1<\/p>\n<p>16 de enero terminaci\u00f3n en 2<\/p>\n<p>17 de enero terminaci\u00f3n en 3<\/p>\n<p>20 de enero terminaci\u00f3n en 4<\/p>\n<p>21 de enero terminaci\u00f3n en 5<\/p>\n<p>22 de enero terminaci\u00f3n en 6<\/p>\n<p>22 de enero terminaci\u00f3n en 7<\/p>\n<p>23 de enero terminaci\u00f3n en 8<\/p>\n<p>23 de enero terminaci\u00f3n en 9<\/p>\n<p>Fecha l\u00edmite para cobrar 10 de febrero de 2020<\/p>\n<p><b>Asignaci\u00f3n por embarazo<\/b><\/p>\n<p>10 de enero terminaci\u00f3n en 0<\/p>\n<p>13 de enero terminaci\u00f3n en 1<\/p>\n<p>14 de enero terminaci\u00f3n en 2<\/p>\n<p>15 de enero terminaci\u00f3n en 3<\/p>\n<p>16 de enero terminaci\u00f3n en 4<\/p>\n<p>17 de enero terminaci\u00f3n en 5<\/p>\n<p>20 de enero terminaci\u00f3n en 6<\/p>\n<p>21 de enero terminaci\u00f3n en 7<\/p>\n<p>22 de enero terminaci\u00f3n en 8<\/p>\n<p>23 de enero terminaci\u00f3n en 9<\/p>\n<p>Fecha l\u00edmite para cobrar 10 de febrero de 2020<\/p>\n<p><b>Asignaci\u00f3n por prenatal y maternidad<\/b><\/p>\n<p>10 de enero terminaci\u00f3n en 0 y 1<\/p>\n<p>13 de enero terminaci\u00f3n 2 y 3<\/p>\n<p>14 de enero terminaci\u00f3n en 4 y 5<\/p>\n<p>15 de enero terminaci\u00f3n en 6 y 7<\/p>\n<p>16 de enero terminaci\u00f3n en 8 y 9<\/p>\n<p>Fecha l\u00edmite de cobro 10 de febrero 2020<\/p>\n<p><b>Asignaciones pago \u00fanico matrimonio, nacimiento, adopci\u00f3n<\/b><\/p>\n<p>Todos los documentos<\/p>\n<p>9 de enero &#8211; primera quincena<\/p>\n<p>22 de enero &#8211; segunda quincena<\/p>\n<p>Plazo para pagar 10 de febrero de 2020<\/p>\n<p><b>Pensiones no contributivas<\/b><\/p>\n<p>3 de enero terminaciones 0 y 1<\/p>\n<p>6 de enero terminaciones 2 y 3<\/p>\n<p>7 de enero terminaci\u00f3n 4 y 5<\/p>\n<p>8 de enero terminaci\u00f3n 6 y 7<\/p>\n<p>9 de enero terminaci\u00f3n 8 y 9<\/p>\n<p>Plazo para cobrar 10 de febrero de 2020<\/p>\n<p><b>Asignaciones familiares de pensiones no contributivas (pago en bancos)<\/b><\/p>\n<p>6 de enero terminaci\u00f3n en 0 y 1<\/p>\n<p>6 de enero terminaciones 2 y 3<\/p>\n<p>7 de enero terminaci\u00f3n en 4 y 5<\/p>\n<p>8 de enero terminaci\u00f3n 6 y 7<\/p>\n<p>9 de enero terminaci\u00f3n 8 y 9<\/p>\n<p>Plazo para cobrar 10 de febrero de 2020<\/p>\n<p><b>Asignaciones familiares de pensiones no contributivas (pago en Correo)<\/b><\/p>\n<p>8 de enero terminaci\u00f3n en 0 y 1<\/p>\n<p>8 de enero terminaci\u00f3n 2 y 3<\/p>\n<p>8 de enero terminaciones en 4 y 5<\/p>\n<p>9 de enero terminaci\u00f3n en 6 y 7<\/p>\n<p>9 de enero terminaci\u00f3n 8 y 9<\/p>\n<p>Plazo para cobrar 10 de febrero de 2020<\/p>\n<p><b>Desempleo plan 1<\/b><\/p>\n<p>23 de enero terminaci\u00f3n 0 y 1<\/p>\n<p>24 de enero terminaci\u00f3n 2 y 3<\/p>\n<p>27 de enero terminaci\u00f3n 4 y 5<\/p>\n<p>28 de enero terminaci\u00f3n 6 y 7<\/p>\n<p>29 de enero terminaci\u00f3n 8 y 9<\/p>\n<p>Plazo para cobrar 10 de febrero de 2020<\/p>\n<p><b>Desempleo Planes 2 y 3<\/b><\/p>\n<p>Todas las terminaciones Del 3 al 9 de enero.<\/p>\n","protected":false},"excerpt":{"rendered":"<p>Este viernes empieza el pago a jubilados nacionales y otros beneficios de Anses. El detalle de las fechas de pago de asignaciones y otros beneficios sociales del mes de enero como el bono de hasta $5.000.<\/p>\n","protected":false},"author":2,"featured_media":20018,"comment_status":"open","ping_status":"open","sticky":false,"template":"","format":"standard","meta":{"fifu_image_url":"","fifu_image_alt":"","footnotes":""},"categories":[7],"tags":[269,122],"class_list":{"0":"post-39041","1":"post","2":"type-post","3":"status-publish","4":"format-standard","5":"has-post-thumbnail","7":"category-nacionales","8":"tag-anses","9":"tag-cronograma-de-pagos"},"yoast_head":"<title>Anses: empieza el pago de jubilaciones y AUH - Informe Litoral<\/title>\n<meta name=\"robots\" content=\"index, follow, max-snippet:-1, max-image-preview:large, max-video-preview:-1\" \/>\n<link rel=\"canonical\" href=\"https:\/\/informelitoral.com.ar\/39041-2\/\" \/>\n<meta property=\"og:locale\" content=\"es_ES\" \/>\n<meta property=\"og:type\" content=\"article\" \/>\n<meta property=\"og:title\" content=\"Anses: empieza el pago de jubilaciones y AUH - Informe Litoral\" \/>\n<meta property=\"og:description\" content=\"Este viernes empieza el pago a jubilados nacionales y otros beneficios de Anses. El detalle de las fechas de pago de asignaciones y otros beneficios sociales del mes de enero como el bono de hasta $5.000.\" \/>\n<meta property=\"og:url\" content=\"https:\/\/informelitoral.com.ar\/39041-2\/\" \/>\n<meta property=\"og:site_name\" content=\"Informe Litoral\" \/>\n<meta property=\"article:publisher\" content=\"https:\/\/www.facebook.com\/informelitoral\/\" \/>\n<meta property=\"article:published_time\" content=\"2020-01-10T12:16:43+00:00\" \/>\n<meta property=\"article:modified_time\" content=\"2020-01-10T12:19:22+00:00\" \/>\n<meta property=\"og:image\" content=\"https:\/\/informelitoral.com.ar\/%77%70%2d%63%6f%6e%74%65%6e%74\/uploads\/2017\/01\/agmer-pago-sueldos-complementaria.jpg\" \/>\n\t<meta property=\"og:image:width\" content=\"300\" \/>\n\t<meta property=\"og:image:height\" content=\"168\" \/>\n\t<meta property=\"og:image:type\" content=\"image\/jpeg\" \/>\n<meta name=\"author\" content=\"Gonzalo Schmidt\" \/>\n<meta name=\"twitter:card\" content=\"summary_large_image\" \/>\n<meta name=\"twitter:creator\" content=\"@InformeLitoral\" \/>\n<meta name=\"twitter:site\" content=\"@InformeLitoral\" \/>\n<meta name=\"twitter:label1\" content=\"Escrito por\" \/>\n\t<meta name=\"twitter:data1\" content=\"Gonzalo Schmidt\" \/>\n\t<meta name=\"twitter:label2\" content=\"Tiempo de lectura\" \/>\n\t<meta name=\"twitter:data2\" content=\"4 minutos\" \/>\n<script type=\"application\/ld+json\" class=\"yoast-schema-graph\">{\"@context\":\"https:\\\/\\\/schema.org\",\"@graph\":[{\"@type\":\"Article\",\"@id\":\"https:\\\/\\\/informelitoral.com.ar\\\/39041-2\\\/#article\",\"isPartOf\":{\"@id\":\"https:\\\/\\\/informelitoral.com.ar\\\/39041-2\\\/\"},\"author\":{\"name\":\"Gonzalo Schmidt\",\"@id\":\"https:\\\/\\\/informelitoral.com.ar\\\/#\\\/schema\\\/person\\\/b9d00407c836482871ef1d57bf8e3180\"},\"headline\":\"Anses: empieza el pago de jubilaciones y AUH\",\"datePublished\":\"2020-01-10T12:16:43+00:00\",\"dateModified\":\"2020-01-10T12:19:22+00:00\",\"mainEntityOfPage\":{\"@id\":\"https:\\\/\\\/informelitoral.com.ar\\\/39041-2\\\/\"},\"wordCount\":796,\"commentCount\":0,\"publisher\":{\"@id\":\"https:\\\/\\\/informelitoral.com.ar\\\/#organization\"},\"image\":{\"@id\":\"https:\\\/\\\/informelitoral.com.ar\\\/39041-2\\\/#primaryimage\"},\"thumbnailUrl\":\"https:\\\/\\\/informelitoral.com.ar\\\/%77%70%2d%63%6f%6e%74%65%6e%74\\\/uploads\\\/2017\\\/01\\\/agmer-pago-sueldos-complementaria.jpg\",\"keywords\":[\"Anses\",\"Cronograma de pagos\"],\"articleSection\":[\"Nacionales\"],\"inLanguage\":\"es\",\"potentialAction\":[{\"@type\":\"CommentAction\",\"name\":\"Comment\",\"target\":[\"https:\\\/\\\/informelitoral.com.ar\\\/39041-2\\\/#respond\"]}]},{\"@type\":\"WebPage\",\"@id\":\"https:\\\/\\\/informelitoral.com.ar\\\/39041-2\\\/\",\"url\":\"https:\\\/\\\/informelitoral.com.ar\\\/39041-2\\\/\",\"name\":\"Anses: empieza el pago de jubilaciones y AUH - Informe Litoral\",\"isPartOf\":{\"@id\":\"https:\\\/\\\/informelitoral.com.ar\\\/#website\"},\"primaryImageOfPage\":{\"@id\":\"https:\\\/\\\/informelitoral.com.ar\\\/39041-2\\\/#primaryimage\"},\"image\":{\"@id\":\"https:\\\/\\\/informelitoral.com.ar\\\/39041-2\\\/#primaryimage\"},\"thumbnailUrl\":\"https:\\\/\\\/informelitoral.com.ar\\\/%77%70%2d%63%6f%6e%74%65%6e%74\\\/uploads\\\/2017\\\/01\\\/agmer-pago-sueldos-complementaria.jpg\",\"datePublished\":\"2020-01-10T12:16:43+00:00\",\"dateModified\":\"2020-01-10T12:19:22+00:00\",\"breadcrumb\":{\"@id\":\"https:\\\/\\\/informelitoral.com.ar\\\/39041-2\\\/#breadcrumb\"},\"inLanguage\":\"es\",\"potentialAction\":[{\"@type\":\"ReadAction\",\"target\":[\"https:\\\/\\\/informelitoral.com.ar\\\/39041-2\\\/\"]}]},{\"@type\":\"ImageObject\",\"inLanguage\":\"es\",\"@id\":\"https:\\\/\\\/informelitoral.com.ar\\\/39041-2\\\/#primaryimage\",\"url\":\"https:\\\/\\\/informelitoral.com.ar\\\/%77%70%2d%63%6f%6e%74%65%6e%74\\\/uploads\\\/2017\\\/01\\\/agmer-pago-sueldos-complementaria.jpg\",\"contentUrl\":\"https:\\\/\\\/informelitoral.com.ar\\\/%77%70%2d%63%6f%6e%74%65%6e%74\\\/uploads\\\/2017\\\/01\\\/agmer-pago-sueldos-complementaria.jpg\",\"width\":300,\"height\":168},{\"@type\":\"BreadcrumbList\",\"@id\":\"https:\\\/\\\/informelitoral.com.ar\\\/39041-2\\\/#breadcrumb\",\"itemListElement\":[{\"@type\":\"ListItem\",\"position\":1,\"name\":\"Portada\",\"item\":\"https:\\\/\\\/informelitoral.com.ar\\\/\"},{\"@type\":\"ListItem\",\"position\":2,\"name\":\"Anses: empieza el pago de jubilaciones y AUH\"}]},{\"@type\":\"WebSite\",\"@id\":\"https:\\\/\\\/informelitoral.com.ar\\\/#website\",\"url\":\"https:\\\/\\\/informelitoral.com.ar\\\/\",\"name\":\"Informe Litoral\",\"description\":\"&quot;Nos informamos&quot; \",\"publisher\":{\"@id\":\"https:\\\/\\\/informelitoral.com.ar\\\/#organization\"},\"potentialAction\":[{\"@type\":\"SearchAction\",\"target\":{\"@type\":\"EntryPoint\",\"urlTemplate\":\"https:\\\/\\\/informelitoral.com.ar\\\/?s={search_term_string}\"},\"query-input\":{\"@type\":\"PropertyValueSpecification\",\"valueRequired\":true,\"valueName\":\"search_term_string\"}}],\"inLanguage\":\"es\"},{\"@type\":\"Organization\",\"@id\":\"https:\\\/\\\/informelitoral.com.ar\\\/#organization\",\"name\":\"Informe Litoral\",\"url\":\"https:\\\/\\\/informelitoral.com.ar\\\/\",\"logo\":{\"@type\":\"ImageObject\",\"inLanguage\":\"es\",\"@id\":\"https:\\\/\\\/informelitoral.com.ar\\\/#\\\/schema\\\/logo\\\/image\\\/\",\"url\":\"https:\\\/\\\/informelitoral.com.ar\\\/%77%70%2d%63%6f%6e%74%65%6e%74\\\/uploads\\\/2021\\\/01\\\/circulo.png\",\"contentUrl\":\"https:\\\/\\\/informelitoral.com.ar\\\/%77%70%2d%63%6f%6e%74%65%6e%74\\\/uploads\\\/2021\\\/01\\\/circulo.png\",\"width\":723,\"height\":731,\"caption\":\"Informe Litoral\"},\"image\":{\"@id\":\"https:\\\/\\\/informelitoral.com.ar\\\/#\\\/schema\\\/logo\\\/image\\\/\"},\"sameAs\":[\"https:\\\/\\\/www.facebook.com\\\/informelitoral\\\/\",\"https:\\\/\\\/x.com\\\/InformeLitoral\",\"https:\\\/\\\/www.instagram.com\\\/informelitoral\\\/\",\"https:\\\/\\\/www.youtube.com\\\/channel\\\/UCua4Qvz8Icb6MYqhoq9xLXw\"]},{\"@type\":\"Person\",\"@id\":\"https:\\\/\\\/informelitoral.com.ar\\\/#\\\/schema\\\/person\\\/b9d00407c836482871ef1d57bf8e3180\",\"name\":\"Gonzalo Schmidt\",\"image\":{\"@type\":\"ImageObject\",\"inLanguage\":\"es\",\"@id\":\"https:\\\/\\\/secure.gravatar.com\\\/avatar\\\/31a1a7b66ff2de83bd0e9fd79d026630d2d99e55e8bfe501287647b4fd9743de?s=96&d=mm&r=g\",\"url\":\"https:\\\/\\\/secure.gravatar.com\\\/avatar\\\/31a1a7b66ff2de83bd0e9fd79d026630d2d99e55e8bfe501287647b4fd9743de?s=96&d=mm&r=g\",\"contentUrl\":\"https:\\\/\\\/secure.gravatar.com\\\/avatar\\\/31a1a7b66ff2de83bd0e9fd79d026630d2d99e55e8bfe501287647b4fd9743de?s=96&d=mm&r=g\",\"caption\":\"Gonzalo Schmidt\"},\"description\":\"Sitio web de noticias de la provincia de Entre R\u00edos, Argentina. Informaci\u00f3n y entretenimiento. Informe Litoral, nos informamos.\",\"sameAs\":[\"http:\\\/\\\/www.isletasnoticias.com.ar\"],\"url\":\"https:\\\/\\\/informelitoral.com.ar\\\/author\\\/gonzalo\\\/\"}]}<\/script>","yoast_head_json":{"title":"Anses: empieza el pago de jubilaciones y AUH - Informe Litoral","robots":{"index":"index","follow":"follow","max-snippet":"max-snippet:-1","max-image-preview":"max-image-preview:large","max-video-preview":"max-video-preview:-1"},"canonical":"https:\/\/informelitoral.com.ar\/39041-2\/","og_locale":"es_ES","og_type":"article","og_title":"Anses: empieza el pago de jubilaciones y AUH - Informe Litoral","og_description":"Este viernes empieza el pago a jubilados nacionales y otros beneficios de Anses. El detalle de las fechas de pago de asignaciones y otros beneficios sociales del mes de enero como el bono de hasta $5.000.","og_url":"https:\/\/informelitoral.com.ar\/39041-2\/","og_site_name":"Informe Litoral","article_publisher":"https:\/\/www.facebook.com\/informelitoral\/","article_published_time":"2020-01-10T12:16:43+00:00","article_modified_time":"2020-01-10T12:19:22+00:00","og_image":[{"width":300,"height":168,"url":"https:\/\/informelitoral.com.ar\/%77%70%2d%63%6f%6e%74%65%6e%74\/uploads\/2017\/01\/agmer-pago-sueldos-complementaria.jpg","type":"image\/jpeg"}],"author":"Gonzalo Schmidt","twitter_card":"summary_large_image","twitter_creator":"@InformeLitoral","twitter_site":"@InformeLitoral","twitter_misc":{"Escrito por":"Gonzalo Schmidt","Tiempo de lectura":"4 minutos"},"schema":{"@context":"https:\/\/schema.org","@graph":[{"@type":"Article","@id":"https:\/\/informelitoral.com.ar\/39041-2\/#article","isPartOf":{"@id":"https:\/\/informelitoral.com.ar\/39041-2\/"},"author":{"name":"Gonzalo Schmidt","@id":"https:\/\/informelitoral.com.ar\/#\/schema\/person\/b9d00407c836482871ef1d57bf8e3180"},"headline":"Anses: empieza el pago de jubilaciones y AUH","datePublished":"2020-01-10T12:16:43+00:00","dateModified":"2020-01-10T12:19:22+00:00","mainEntityOfPage":{"@id":"https:\/\/informelitoral.com.ar\/39041-2\/"},"wordCount":796,"commentCount":0,"publisher":{"@id":"https:\/\/informelitoral.com.ar\/#organization"},"image":{"@id":"https:\/\/informelitoral.com.ar\/39041-2\/#primaryimage"},"thumbnailUrl":"https:\/\/informelitoral.com.ar\/%77%70%2d%63%6f%6e%74%65%6e%74\/uploads\/2017\/01\/agmer-pago-sueldos-complementaria.jpg","keywords":["Anses","Cronograma de pagos"],"articleSection":["Nacionales"],"inLanguage":"es","potentialAction":[{"@type":"CommentAction","name":"Comment","target":["https:\/\/informelitoral.com.ar\/39041-2\/#respond"]}]},{"@type":"WebPage","@id":"https:\/\/informelitoral.com.ar\/39041-2\/","url":"https:\/\/informelitoral.com.ar\/39041-2\/","name":"Anses: empieza el pago de jubilaciones y AUH - Informe Litoral","isPartOf":{"@id":"https:\/\/informelitoral.com.ar\/#website"},"primaryImageOfPage":{"@id":"https:\/\/informelitoral.com.ar\/39041-2\/#primaryimage"},"image":{"@id":"https:\/\/informelitoral.com.ar\/39041-2\/#primaryimage"},"thumbnailUrl":"https:\/\/informelitoral.com.ar\/%77%70%2d%63%6f%6e%74%65%6e%74\/uploads\/2017\/01\/agmer-pago-sueldos-complementaria.jpg","datePublished":"2020-01-10T12:16:43+00:00","dateModified":"2020-01-10T12:19:22+00:00","breadcrumb":{"@id":"https:\/\/informelitoral.com.ar\/39041-2\/#breadcrumb"},"inLanguage":"es","potentialAction":[{"@type":"ReadAction","target":["https:\/\/informelitoral.com.ar\/39041-2\/"]}]},{"@type":"ImageObject","inLanguage":"es","@id":"https:\/\/informelitoral.com.ar\/39041-2\/#primaryimage","url":"https:\/\/informelitoral.com.ar\/%77%70%2d%63%6f%6e%74%65%6e%74\/uploads\/2017\/01\/agmer-pago-sueldos-complementaria.jpg","contentUrl":"https:\/\/informelitoral.com.ar\/%77%70%2d%63%6f%6e%74%65%6e%74\/uploads\/2017\/01\/agmer-pago-sueldos-complementaria.jpg","width":300,"height":168},{"@type":"BreadcrumbList","@id":"https:\/\/informelitoral.com.ar\/39041-2\/#breadcrumb","itemListElement":[{"@type":"ListItem","position":1,"name":"Portada","item":"https:\/\/informelitoral.com.ar\/"},{"@type":"ListItem","position":2,"name":"Anses: empieza el pago de jubilaciones y AUH"}]},{"@type":"WebSite","@id":"https:\/\/informelitoral.com.ar\/#website","url":"https:\/\/informelitoral.com.ar\/","name":"Informe Litoral","description":"&quot;Nos informamos&quot; ","publisher":{"@id":"https:\/\/informelitoral.com.ar\/#organization"},"potentialAction":[{"@type":"SearchAction","target":{"@type":"EntryPoint","urlTemplate":"https:\/\/informelitoral.com.ar\/?s={search_term_string}"},"query-input":{"@type":"PropertyValueSpecification","valueRequired":true,"valueName":"search_term_string"}}],"inLanguage":"es"},{"@type":"Organization","@id":"https:\/\/informelitoral.com.ar\/#organization","name":"Informe Litoral","url":"https:\/\/informelitoral.com.ar\/","logo":{"@type":"ImageObject","inLanguage":"es","@id":"https:\/\/informelitoral.com.ar\/#\/schema\/logo\/image\/","url":"https:\/\/informelitoral.com.ar\/%77%70%2d%63%6f%6e%74%65%6e%74\/uploads\/2021\/01\/circulo.png","contentUrl":"https:\/\/informelitoral.com.ar\/%77%70%2d%63%6f%6e%74%65%6e%74\/uploads\/2021\/01\/circulo.png","width":723,"height":731,"caption":"Informe Litoral"},"image":{"@id":"https:\/\/informelitoral.com.ar\/#\/schema\/logo\/image\/"},"sameAs":["https:\/\/www.facebook.com\/informelitoral\/","https:\/\/x.com\/InformeLitoral","https:\/\/www.instagram.com\/informelitoral\/","https:\/\/www.youtube.com\/channel\/UCua4Qvz8Icb6MYqhoq9xLXw"]},{"@type":"Person","@id":"https:\/\/informelitoral.com.ar\/#\/schema\/person\/b9d00407c836482871ef1d57bf8e3180","name":"Gonzalo Schmidt","image":{"@type":"ImageObject","inLanguage":"es","@id":"https:\/\/secure.gravatar.com\/avatar\/31a1a7b66ff2de83bd0e9fd79d026630d2d99e55e8bfe501287647b4fd9743de?s=96&d=mm&r=g","url":"https:\/\/secure.gravatar.com\/avatar\/31a1a7b66ff2de83bd0e9fd79d026630d2d99e55e8bfe501287647b4fd9743de?s=96&d=mm&r=g","contentUrl":"https:\/\/secure.gravatar.com\/avatar\/31a1a7b66ff2de83bd0e9fd79d026630d2d99e55e8bfe501287647b4fd9743de?s=96&d=mm&r=g","caption":"Gonzalo Schmidt"},"description":"Sitio web de noticias de la provincia de Entre R\u00edos, Argentina. Informaci\u00f3n y entretenimiento. Informe Litoral, nos informamos.","sameAs":["http:\/\/www.isletasnoticias.com.ar"],"url":"https:\/\/informelitoral.com.ar\/author\/gonzalo\/"}]}},"_links":{"self":[{"href":"https:\/\/informelitoral.com.ar\/%77%70%2d%6a%73%6f%6e\/wp\/v2\/posts\/39041","targetHints":{"allow":["GET"]}}],"collection":[{"href":"https:\/\/informelitoral.com.ar\/%77%70%2d%6a%73%6f%6e\/wp\/v2\/posts"}],"about":[{"href":"https:\/\/informelitoral.com.ar\/%77%70%2d%6a%73%6f%6e\/wp\/v2\/types\/post"}],"author":[{"embeddable":true,"href":"https:\/\/informelitoral.com.ar\/%77%70%2d%6a%73%6f%6e\/wp\/v2\/users\/2"}],"replies":[{"embeddable":true,"href":"https:\/\/informelitoral.com.ar\/%77%70%2d%6a%73%6f%6e\/wp\/v2\/comments?post=39041"}],"version-history":[{"count":0,"href":"https:\/\/informelitoral.com.ar\/%77%70%2d%6a%73%6f%6e\/wp\/v2\/posts\/39041\/revisions"}],"wp:featuredmedia":[{"embeddable":true,"href":"https:\/\/informelitoral.com.ar\/%77%70%2d%6a%73%6f%6e\/wp\/v2\/media\/20018"}],"wp:attachment":[{"href":"https:\/\/informelitoral.com.ar\/%77%70%2d%6a%73%6f%6e\/wp\/v2\/media?parent=39041"}],"wp:term":[{"taxonomy":"category","embeddable":true,"href":"https:\/\/informelitoral.com.ar\/%77%70%2d%6a%73%6f%6e\/wp\/v2\/categories?post=39041"},{"taxonomy":"post_tag","embeddable":true,"href":"https:\/\/informelitoral.com.ar\/%77%70%2d%6a%73%6f%6e\/wp\/v2\/tags?post=39041"}],"curies":[{"name":"wp","href":"https:\/\/api.w.org\/{rel}","templated":true}]}}