{"id":38993,"date":"2019-12-31T11:28:25","date_gmt":"2019-12-31T14:28:25","guid":{"rendered":"https:\/\/www.isletasnoticias.com.ar\/?p=38993"},"modified":"2019-12-31T11:28:25","modified_gmt":"2019-12-31T14:28:25","slug":"este-jueves-comienza-el-pago-de-los-sueldos-de-la-administracion-publica","status":"publish","type":"post","link":"https:\/\/informelitoral.com.ar\/este-jueves-comienza-el-pago-de-los-sueldos-de-la-administracion-publica\/","title":{"rendered":"Este jueves comienza el pago de los sueldos de la administraci\u00f3n p\u00fablica"},"content":{"rendered":"<p><strong>El cronograma se desarrolla seg\u00fan el siguiente detalle:<\/strong><\/p>\n<p>Jueves 2 de enero: Sueldos y jubilaciones hasta 25.000 pesos.<br \/>\nViernes 3 de enero: Sueldos y jubilaciones de 25.001pesos a 35.000 pesos.<br \/>\nS\u00e1bado 4 de enero: Sueldos y jubilaciones de 35.001 pesos a 45.000 pesos.<br \/>\nMartes 7 de enero: Sueldos y jubilaciones de 45.001 pesos a 55.000 pesos.<br \/>\nMi\u00e9rcoles 8 de enero: Sueldos y jubilaciones de 55.001 pesos a 65.000 pesos.<br \/>\nJueves 9 de enero: Sueldos y jubilaciones de 65.001 pesos a 75.000 pesos.<br \/>\nViernes 10 de enero: Sueldos y jubilaciones de 75.001 pesos a 85.000 pesos.<br \/>\nS\u00e1bado 11 de enero: Sueldos y jubilaciones de 85.001 pesos a 95.000 pesos.<br \/>\nMartes 14 de enero: Sueldos y jubilaciones de 95.001 a 105.000 pesos.<br \/>\nMi\u00e9rcoles 15 de enero: Funcionarios.<br \/>\nSueldos y jubilaciones de m\u00e1s de 105.001 pesos.<\/p>\n","protected":false},"excerpt":{"rendered":"<p>Este jueves 2 de enero comienzan a pagarse los haberes correspondientes al mes de diciembre, a los empleados y jubilados de la provincia, de acuerdo a lo informado por la Secretar\u00eda de Hacienda provincial.<\/p>\n","protected":false},"author":2,"featured_media":38994,"comment_status":"open","ping_status":"open","sticky":false,"template":"","format":"standard","meta":{"fifu_image_url":"","fifu_image_alt":"","footnotes":""},"categories":[6],"tags":[122,1263,81,211,249,385],"class_list":{"0":"post-38993","1":"post","2":"type-post","3":"status-publish","4":"format-standard","5":"has-post-thumbnail","7":"category-entre-rios","8":"tag-cronograma-de-pagos","9":"tag-enero","10":"tag-entre-rios","11":"tag-estatales","12":"tag-gobierno-provincial","13":"tag-trabajadores"},"yoast_head":"<title>Este jueves comienza el pago de los sueldos de la administraci\u00f3n p\u00fablica - Informe Litoral<\/title>\n<meta name=\"robots\" content=\"index, follow, max-snippet:-1, max-image-preview:large, max-video-preview:-1\" \/>\n<link rel=\"canonical\" href=\"https:\/\/informelitoral.com.ar\/este-jueves-comienza-el-pago-de-los-sueldos-de-la-administracion-publica\/\" \/>\n<meta property=\"og:locale\" content=\"es_ES\" \/>\n<meta property=\"og:type\" content=\"article\" \/>\n<meta property=\"og:title\" content=\"Este jueves comienza el pago de los sueldos de la administraci\u00f3n p\u00fablica - Informe Litoral\" \/>\n<meta property=\"og:description\" content=\"Este jueves 2 de enero comienzan a pagarse los haberes correspondientes al mes de diciembre, a los empleados y jubilados de la provincia, de acuerdo a lo informado por la Secretar\u00eda de Hacienda provincial.\" \/>\n<meta property=\"og:url\" content=\"https:\/\/informelitoral.com.ar\/este-jueves-comienza-el-pago-de-los-sueldos-de-la-administracion-publica\/\" \/>\n<meta property=\"og:site_name\" content=\"Informe Litoral\" \/>\n<meta property=\"article:publisher\" content=\"https:\/\/www.facebook.com\/informelitoral\/\" \/>\n<meta property=\"article:published_time\" content=\"2019-12-31T14:28:25+00:00\" \/>\n<meta property=\"og:image\" content=\"https:\/\/informelitoral.com.ar\/%77%70%2d%63%6f%6e%74%65%6e%74\/uploads\/2019\/12\/1577737817jpg.jpg\" \/>\n\t<meta property=\"og:image:width\" content=\"3000\" \/>\n\t<meta property=\"og:image:height\" content=\"2003\" \/>\n\t<meta property=\"og:image:type\" content=\"image\/jpeg\" \/>\n<meta name=\"author\" content=\"Gonzalo Schmidt\" \/>\n<meta name=\"twitter:card\" content=\"summary_large_image\" \/>\n<meta name=\"twitter:creator\" content=\"@InformeLitoral\" \/>\n<meta name=\"twitter:site\" content=\"@InformeLitoral\" \/>\n<meta name=\"twitter:label1\" content=\"Escrito por\" \/>\n\t<meta name=\"twitter:data1\" content=\"Gonzalo Schmidt\" \/>\n\t<meta name=\"twitter:label2\" content=\"Tiempo de lectura\" \/>\n\t<meta name=\"twitter:data2\" content=\"1 minuto\" \/>\n<script type=\"application\/ld+json\" class=\"yoast-schema-graph\">{\"@context\":\"https:\\\/\\\/schema.org\",\"@graph\":[{\"@type\":\"Article\",\"@id\":\"https:\\\/\\\/informelitoral.com.ar\\\/este-jueves-comienza-el-pago-de-los-sueldos-de-la-administracion-publica\\\/#article\",\"isPartOf\":{\"@id\":\"https:\\\/\\\/informelitoral.com.ar\\\/este-jueves-comienza-el-pago-de-los-sueldos-de-la-administracion-publica\\\/\"},\"author\":{\"name\":\"Gonzalo Schmidt\",\"@id\":\"https:\\\/\\\/informelitoral.com.ar\\\/#\\\/schema\\\/person\\\/b9d00407c836482871ef1d57bf8e3180\"},\"headline\":\"Este jueves comienza el pago de los sueldos de la administraci\u00f3n p\u00fablica\",\"datePublished\":\"2019-12-31T14:28:25+00:00\",\"mainEntityOfPage\":{\"@id\":\"https:\\\/\\\/informelitoral.com.ar\\\/este-jueves-comienza-el-pago-de-los-sueldos-de-la-administracion-publica\\\/\"},\"wordCount\":126,\"commentCount\":0,\"publisher\":{\"@id\":\"https:\\\/\\\/informelitoral.com.ar\\\/#organization\"},\"image\":{\"@id\":\"https:\\\/\\\/informelitoral.com.ar\\\/este-jueves-comienza-el-pago-de-los-sueldos-de-la-administracion-publica\\\/#primaryimage\"},\"thumbnailUrl\":\"https:\\\/\\\/informelitoral.com.ar\\\/%77%70%2d%63%6f%6e%74%65%6e%74\\\/uploads\\\/2019\\\/12\\\/1577737817jpg.jpg\",\"keywords\":[\"Cronograma de pagos\",\"Enero\",\"Entre R\u00edos\",\"Estatales\",\"Gobierno provincial\",\"Trabajadores\"],\"articleSection\":[\"Entre R\u00edos\"],\"inLanguage\":\"es\",\"potentialAction\":[{\"@type\":\"CommentAction\",\"name\":\"Comment\",\"target\":[\"https:\\\/\\\/informelitoral.com.ar\\\/este-jueves-comienza-el-pago-de-los-sueldos-de-la-administracion-publica\\\/#respond\"]}]},{\"@type\":\"WebPage\",\"@id\":\"https:\\\/\\\/informelitoral.com.ar\\\/este-jueves-comienza-el-pago-de-los-sueldos-de-la-administracion-publica\\\/\",\"url\":\"https:\\\/\\\/informelitoral.com.ar\\\/este-jueves-comienza-el-pago-de-los-sueldos-de-la-administracion-publica\\\/\",\"name\":\"Este jueves comienza el pago de los sueldos de la administraci\u00f3n p\u00fablica - Informe Litoral\",\"isPartOf\":{\"@id\":\"https:\\\/\\\/informelitoral.com.ar\\\/#website\"},\"primaryImageOfPage\":{\"@id\":\"https:\\\/\\\/informelitoral.com.ar\\\/este-jueves-comienza-el-pago-de-los-sueldos-de-la-administracion-publica\\\/#primaryimage\"},\"image\":{\"@id\":\"https:\\\/\\\/informelitoral.com.ar\\\/este-jueves-comienza-el-pago-de-los-sueldos-de-la-administracion-publica\\\/#primaryimage\"},\"thumbnailUrl\":\"https:\\\/\\\/informelitoral.com.ar\\\/%77%70%2d%63%6f%6e%74%65%6e%74\\\/uploads\\\/2019\\\/12\\\/1577737817jpg.jpg\",\"datePublished\":\"2019-12-31T14:28:25+00:00\",\"breadcrumb\":{\"@id\":\"https:\\\/\\\/informelitoral.com.ar\\\/este-jueves-comienza-el-pago-de-los-sueldos-de-la-administracion-publica\\\/#breadcrumb\"},\"inLanguage\":\"es\",\"potentialAction\":[{\"@type\":\"ReadAction\",\"target\":[\"https:\\\/\\\/informelitoral.com.ar\\\/este-jueves-comienza-el-pago-de-los-sueldos-de-la-administracion-publica\\\/\"]}]},{\"@type\":\"ImageObject\",\"inLanguage\":\"es\",\"@id\":\"https:\\\/\\\/informelitoral.com.ar\\\/este-jueves-comienza-el-pago-de-los-sueldos-de-la-administracion-publica\\\/#primaryimage\",\"url\":\"https:\\\/\\\/informelitoral.com.ar\\\/%77%70%2d%63%6f%6e%74%65%6e%74\\\/uploads\\\/2019\\\/12\\\/1577737817jpg.jpg\",\"contentUrl\":\"https:\\\/\\\/informelitoral.com.ar\\\/%77%70%2d%63%6f%6e%74%65%6e%74\\\/uploads\\\/2019\\\/12\\\/1577737817jpg.jpg\",\"width\":3000,\"height\":2003},{\"@type\":\"BreadcrumbList\",\"@id\":\"https:\\\/\\\/informelitoral.com.ar\\\/este-jueves-comienza-el-pago-de-los-sueldos-de-la-administracion-publica\\\/#breadcrumb\",\"itemListElement\":[{\"@type\":\"ListItem\",\"position\":1,\"name\":\"Portada\",\"item\":\"https:\\\/\\\/informelitoral.com.ar\\\/\"},{\"@type\":\"ListItem\",\"position\":2,\"name\":\"Este jueves comienza el pago de los sueldos de la administraci\u00f3n p\u00fablica\"}]},{\"@type\":\"WebSite\",\"@id\":\"https:\\\/\\\/informelitoral.com.ar\\\/#website\",\"url\":\"https:\\\/\\\/informelitoral.com.ar\\\/\",\"name\":\"Informe Litoral\",\"description\":\"&quot;Nos informamos&quot; \",\"publisher\":{\"@id\":\"https:\\\/\\\/informelitoral.com.ar\\\/#organization\"},\"potentialAction\":[{\"@type\":\"SearchAction\",\"target\":{\"@type\":\"EntryPoint\",\"urlTemplate\":\"https:\\\/\\\/informelitoral.com.ar\\\/?s={search_term_string}\"},\"query-input\":{\"@type\":\"PropertyValueSpecification\",\"valueRequired\":true,\"valueName\":\"search_term_string\"}}],\"inLanguage\":\"es\"},{\"@type\":\"Organization\",\"@id\":\"https:\\\/\\\/informelitoral.com.ar\\\/#organization\",\"name\":\"Informe Litoral\",\"url\":\"https:\\\/\\\/informelitoral.com.ar\\\/\",\"logo\":{\"@type\":\"ImageObject\",\"inLanguage\":\"es\",\"@id\":\"https:\\\/\\\/informelitoral.com.ar\\\/#\\\/schema\\\/logo\\\/image\\\/\",\"url\":\"https:\\\/\\\/informelitoral.com.ar\\\/%77%70%2d%63%6f%6e%74%65%6e%74\\\/uploads\\\/2021\\\/01\\\/circulo.png\",\"contentUrl\":\"https:\\\/\\\/informelitoral.com.ar\\\/%77%70%2d%63%6f%6e%74%65%6e%74\\\/uploads\\\/2021\\\/01\\\/circulo.png\",\"width\":723,\"height\":731,\"caption\":\"Informe Litoral\"},\"image\":{\"@id\":\"https:\\\/\\\/informelitoral.com.ar\\\/#\\\/schema\\\/logo\\\/image\\\/\"},\"sameAs\":[\"https:\\\/\\\/www.facebook.com\\\/informelitoral\\\/\",\"https:\\\/\\\/x.com\\\/InformeLitoral\",\"https:\\\/\\\/www.instagram.com\\\/informelitoral\\\/\",\"https:\\\/\\\/www.youtube.com\\\/channel\\\/UCua4Qvz8Icb6MYqhoq9xLXw\"]},{\"@type\":\"Person\",\"@id\":\"https:\\\/\\\/informelitoral.com.ar\\\/#\\\/schema\\\/person\\\/b9d00407c836482871ef1d57bf8e3180\",\"name\":\"Gonzalo Schmidt\",\"image\":{\"@type\":\"ImageObject\",\"inLanguage\":\"es\",\"@id\":\"https:\\\/\\\/secure.gravatar.com\\\/avatar\\\/31a1a7b66ff2de83bd0e9fd79d026630d2d99e55e8bfe501287647b4fd9743de?s=96&d=mm&r=g\",\"url\":\"https:\\\/\\\/secure.gravatar.com\\\/avatar\\\/31a1a7b66ff2de83bd0e9fd79d026630d2d99e55e8bfe501287647b4fd9743de?s=96&d=mm&r=g\",\"contentUrl\":\"https:\\\/\\\/secure.gravatar.com\\\/avatar\\\/31a1a7b66ff2de83bd0e9fd79d026630d2d99e55e8bfe501287647b4fd9743de?s=96&d=mm&r=g\",\"caption\":\"Gonzalo Schmidt\"},\"description\":\"Sitio web de noticias de la provincia de Entre R\u00edos, Argentina. Informaci\u00f3n y entretenimiento. Informe Litoral, nos informamos.\",\"sameAs\":[\"http:\\\/\\\/www.isletasnoticias.com.ar\"],\"url\":\"https:\\\/\\\/informelitoral.com.ar\\\/author\\\/gonzalo\\\/\"}]}<\/script>","yoast_head_json":{"title":"Este jueves comienza el pago de los sueldos de la administraci\u00f3n p\u00fablica - Informe Litoral","robots":{"index":"index","follow":"follow","max-snippet":"max-snippet:-1","max-image-preview":"max-image-preview:large","max-video-preview":"max-video-preview:-1"},"canonical":"https:\/\/informelitoral.com.ar\/este-jueves-comienza-el-pago-de-los-sueldos-de-la-administracion-publica\/","og_locale":"es_ES","og_type":"article","og_title":"Este jueves comienza el pago de los sueldos de la administraci\u00f3n p\u00fablica - Informe Litoral","og_description":"Este jueves 2 de enero comienzan a pagarse los haberes correspondientes al mes de diciembre, a los empleados y jubilados de la provincia, de acuerdo a lo informado por la Secretar\u00eda de Hacienda provincial.","og_url":"https:\/\/informelitoral.com.ar\/este-jueves-comienza-el-pago-de-los-sueldos-de-la-administracion-publica\/","og_site_name":"Informe Litoral","article_publisher":"https:\/\/www.facebook.com\/informelitoral\/","article_published_time":"2019-12-31T14:28:25+00:00","og_image":[{"width":3000,"height":2003,"url":"https:\/\/informelitoral.com.ar\/%77%70%2d%63%6f%6e%74%65%6e%74\/uploads\/2019\/12\/1577737817jpg.jpg","type":"image\/jpeg"}],"author":"Gonzalo Schmidt","twitter_card":"summary_large_image","twitter_creator":"@InformeLitoral","twitter_site":"@InformeLitoral","twitter_misc":{"Escrito por":"Gonzalo Schmidt","Tiempo de lectura":"1 minuto"},"schema":{"@context":"https:\/\/schema.org","@graph":[{"@type":"Article","@id":"https:\/\/informelitoral.com.ar\/este-jueves-comienza-el-pago-de-los-sueldos-de-la-administracion-publica\/#article","isPartOf":{"@id":"https:\/\/informelitoral.com.ar\/este-jueves-comienza-el-pago-de-los-sueldos-de-la-administracion-publica\/"},"author":{"name":"Gonzalo Schmidt","@id":"https:\/\/informelitoral.com.ar\/#\/schema\/person\/b9d00407c836482871ef1d57bf8e3180"},"headline":"Este jueves comienza el pago de los sueldos de la administraci\u00f3n p\u00fablica","datePublished":"2019-12-31T14:28:25+00:00","mainEntityOfPage":{"@id":"https:\/\/informelitoral.com.ar\/este-jueves-comienza-el-pago-de-los-sueldos-de-la-administracion-publica\/"},"wordCount":126,"commentCount":0,"publisher":{"@id":"https:\/\/informelitoral.com.ar\/#organization"},"image":{"@id":"https:\/\/informelitoral.com.ar\/este-jueves-comienza-el-pago-de-los-sueldos-de-la-administracion-publica\/#primaryimage"},"thumbnailUrl":"https:\/\/informelitoral.com.ar\/%77%70%2d%63%6f%6e%74%65%6e%74\/uploads\/2019\/12\/1577737817jpg.jpg","keywords":["Cronograma de pagos","Enero","Entre R\u00edos","Estatales","Gobierno provincial","Trabajadores"],"articleSection":["Entre R\u00edos"],"inLanguage":"es","potentialAction":[{"@type":"CommentAction","name":"Comment","target":["https:\/\/informelitoral.com.ar\/este-jueves-comienza-el-pago-de-los-sueldos-de-la-administracion-publica\/#respond"]}]},{"@type":"WebPage","@id":"https:\/\/informelitoral.com.ar\/este-jueves-comienza-el-pago-de-los-sueldos-de-la-administracion-publica\/","url":"https:\/\/informelitoral.com.ar\/este-jueves-comienza-el-pago-de-los-sueldos-de-la-administracion-publica\/","name":"Este jueves comienza el pago de los sueldos de la administraci\u00f3n p\u00fablica - Informe Litoral","isPartOf":{"@id":"https:\/\/informelitoral.com.ar\/#website"},"primaryImageOfPage":{"@id":"https:\/\/informelitoral.com.ar\/este-jueves-comienza-el-pago-de-los-sueldos-de-la-administracion-publica\/#primaryimage"},"image":{"@id":"https:\/\/informelitoral.com.ar\/este-jueves-comienza-el-pago-de-los-sueldos-de-la-administracion-publica\/#primaryimage"},"thumbnailUrl":"https:\/\/informelitoral.com.ar\/%77%70%2d%63%6f%6e%74%65%6e%74\/uploads\/2019\/12\/1577737817jpg.jpg","datePublished":"2019-12-31T14:28:25+00:00","breadcrumb":{"@id":"https:\/\/informelitoral.com.ar\/este-jueves-comienza-el-pago-de-los-sueldos-de-la-administracion-publica\/#breadcrumb"},"inLanguage":"es","potentialAction":[{"@type":"ReadAction","target":["https:\/\/informelitoral.com.ar\/este-jueves-comienza-el-pago-de-los-sueldos-de-la-administracion-publica\/"]}]},{"@type":"ImageObject","inLanguage":"es","@id":"https:\/\/informelitoral.com.ar\/este-jueves-comienza-el-pago-de-los-sueldos-de-la-administracion-publica\/#primaryimage","url":"https:\/\/informelitoral.com.ar\/%77%70%2d%63%6f%6e%74%65%6e%74\/uploads\/2019\/12\/1577737817jpg.jpg","contentUrl":"https:\/\/informelitoral.com.ar\/%77%70%2d%63%6f%6e%74%65%6e%74\/uploads\/2019\/12\/1577737817jpg.jpg","width":3000,"height":2003},{"@type":"BreadcrumbList","@id":"https:\/\/informelitoral.com.ar\/este-jueves-comienza-el-pago-de-los-sueldos-de-la-administracion-publica\/#breadcrumb","itemListElement":[{"@type":"ListItem","position":1,"name":"Portada","item":"https:\/\/informelitoral.com.ar\/"},{"@type":"ListItem","position":2,"name":"Este jueves comienza el pago de los sueldos de la administraci\u00f3n p\u00fablica"}]},{"@type":"WebSite","@id":"https:\/\/informelitoral.com.ar\/#website","url":"https:\/\/informelitoral.com.ar\/","name":"Informe Litoral","description":"&quot;Nos informamos&quot; ","publisher":{"@id":"https:\/\/informelitoral.com.ar\/#organization"},"potentialAction":[{"@type":"SearchAction","target":{"@type":"EntryPoint","urlTemplate":"https:\/\/informelitoral.com.ar\/?s={search_term_string}"},"query-input":{"@type":"PropertyValueSpecification","valueRequired":true,"valueName":"search_term_string"}}],"inLanguage":"es"},{"@type":"Organization","@id":"https:\/\/informelitoral.com.ar\/#organization","name":"Informe Litoral","url":"https:\/\/informelitoral.com.ar\/","logo":{"@type":"ImageObject","inLanguage":"es","@id":"https:\/\/informelitoral.com.ar\/#\/schema\/logo\/image\/","url":"https:\/\/informelitoral.com.ar\/%77%70%2d%63%6f%6e%74%65%6e%74\/uploads\/2021\/01\/circulo.png","contentUrl":"https:\/\/informelitoral.com.ar\/%77%70%2d%63%6f%6e%74%65%6e%74\/uploads\/2021\/01\/circulo.png","width":723,"height":731,"caption":"Informe Litoral"},"image":{"@id":"https:\/\/informelitoral.com.ar\/#\/schema\/logo\/image\/"},"sameAs":["https:\/\/www.facebook.com\/informelitoral\/","https:\/\/x.com\/InformeLitoral","https:\/\/www.instagram.com\/informelitoral\/","https:\/\/www.youtube.com\/channel\/UCua4Qvz8Icb6MYqhoq9xLXw"]},{"@type":"Person","@id":"https:\/\/informelitoral.com.ar\/#\/schema\/person\/b9d00407c836482871ef1d57bf8e3180","name":"Gonzalo Schmidt","image":{"@type":"ImageObject","inLanguage":"es","@id":"https:\/\/secure.gravatar.com\/avatar\/31a1a7b66ff2de83bd0e9fd79d026630d2d99e55e8bfe501287647b4fd9743de?s=96&d=mm&r=g","url":"https:\/\/secure.gravatar.com\/avatar\/31a1a7b66ff2de83bd0e9fd79d026630d2d99e55e8bfe501287647b4fd9743de?s=96&d=mm&r=g","contentUrl":"https:\/\/secure.gravatar.com\/avatar\/31a1a7b66ff2de83bd0e9fd79d026630d2d99e55e8bfe501287647b4fd9743de?s=96&d=mm&r=g","caption":"Gonzalo Schmidt"},"description":"Sitio web de noticias de la provincia de Entre R\u00edos, Argentina. Informaci\u00f3n y entretenimiento. Informe Litoral, nos informamos.","sameAs":["http:\/\/www.isletasnoticias.com.ar"],"url":"https:\/\/informelitoral.com.ar\/author\/gonzalo\/"}]}},"_links":{"self":[{"href":"https:\/\/informelitoral.com.ar\/%77%70%2d%6a%73%6f%6e\/wp\/v2\/posts\/38993","targetHints":{"allow":["GET"]}}],"collection":[{"href":"https:\/\/informelitoral.com.ar\/%77%70%2d%6a%73%6f%6e\/wp\/v2\/posts"}],"about":[{"href":"https:\/\/informelitoral.com.ar\/%77%70%2d%6a%73%6f%6e\/wp\/v2\/types\/post"}],"author":[{"embeddable":true,"href":"https:\/\/informelitoral.com.ar\/%77%70%2d%6a%73%6f%6e\/wp\/v2\/users\/2"}],"replies":[{"embeddable":true,"href":"https:\/\/informelitoral.com.ar\/%77%70%2d%6a%73%6f%6e\/wp\/v2\/comments?post=38993"}],"version-history":[{"count":0,"href":"https:\/\/informelitoral.com.ar\/%77%70%2d%6a%73%6f%6e\/wp\/v2\/posts\/38993\/revisions"}],"wp:featuredmedia":[{"embeddable":true,"href":"https:\/\/informelitoral.com.ar\/%77%70%2d%6a%73%6f%6e\/wp\/v2\/media\/38994"}],"wp:attachment":[{"href":"https:\/\/informelitoral.com.ar\/%77%70%2d%6a%73%6f%6e\/wp\/v2\/media?parent=38993"}],"wp:term":[{"taxonomy":"category","embeddable":true,"href":"https:\/\/informelitoral.com.ar\/%77%70%2d%6a%73%6f%6e\/wp\/v2\/categories?post=38993"},{"taxonomy":"post_tag","embeddable":true,"href":"https:\/\/informelitoral.com.ar\/%77%70%2d%6a%73%6f%6e\/wp\/v2\/tags?post=38993"}],"curies":[{"name":"wp","href":"https:\/\/api.w.org\/{rel}","templated":true}]}}