{"id":38962,"date":"2019-12-30T09:21:35","date_gmt":"2019-12-30T12:21:35","guid":{"rendered":"https:\/\/www.isletasnoticias.com.ar\/?p=38962"},"modified":"2019-12-30T09:21:35","modified_gmt":"2019-12-30T12:21:35","slug":"la-mesa-de-enlace-no-firmara-el-compromiso-de-solidaridad","status":"publish","type":"post","link":"https:\/\/informelitoral.com.ar\/la-mesa-de-enlace-no-firmara-el-compromiso-de-solidaridad\/","title":{"rendered":"La Mesa de Enlace no firmar\u00e1 el Compromiso de Solidaridad"},"content":{"rendered":"<p>La Mesa de Enlace explic\u00f3 en un comunicado por qu\u00e9 no firmar\u00e1 el \u201cCompromiso Argentino de Solidaridad\u201d, del que participar\u00e1n representantes de trabajadores, empresarios, movimientos sociales y funcionarios.<\/p>\n<p>Sociedad Rural Argentina (SRA), Federaci\u00f3n Agraria Argentina (FAA), Coninagro y Confederaciones Rurales Argentinas (CRA) destacan que \u00ablas instancias de di\u00e1logo entre el sector p\u00fablico y el privado son imprescindibles y se debe lograr capacidad de acci\u00f3n concreta y respuestas a los problemas de la realidad\u00bb.<\/p>\n<p>\u00abEs necesario en estos tiempos de Argentina un Consejo Econ\u00f3mico y Social amplio, en el que se involucren todos los sectores en consensos que trasciendan los per\u00edodos de gobierno, que se plasmen en verdaderas pol\u00edticas p\u00fablicas y donde todos los niveles del Estado deban tambi\u00e9n contribuir positivamente con ellas. Pero tambi\u00e9n considera que estas convocatorias deben hacerse respetando los naturales tiempos institucionales\u00bb, agrega.<\/p>\n<p>Desde FAA comentaron: \u00abHoy no podemos firmar este documento debido a que no hemos podido ponerlo a consideraci\u00f3n de nuestras instancias org\u00e1nicas, por la poca antelaci\u00f3n con la que lo hemos recibido\u00bb.<\/p>\n<p>La Mesa de Enlace asegur\u00f3 que \u00abest\u00e1 convencida de que Naci\u00f3n, Provincias y Municipios, en sus esferas de acci\u00f3n, deben ser protagonistas del desarrollo federal de la Argentina, junto con la potencia del sector privado, los trabajadores y los emprendedores. Y todo esto es lo que ha sostenido en el documento \u201cPropuestas del campo y la producci\u00f3n\u00bb.<\/p>\n<p>Adem\u00e1s, las entidades del campo agregan que han acercado sus posturas y propuestas, que fueron elaboradas y acordadas entre las cuatro entidades que la conforman, \u00aben pos del desarrollo arm\u00f3nico de todo nuestro pa\u00eds, de la producci\u00f3n, el empleo, la reducci\u00f3n de la pobreza, la alimentaci\u00f3n de nuestro pueblo y la vinculaci\u00f3n inteligente con el mundo\u00bb.<\/p>\n","protected":false},"excerpt":{"rendered":"<p>Las entidades del campo recibieron la convocatoria de parte del gobierno nacional para firmar el \u201cCompromiso Argentino de Solidaridad\u201d.<\/p>\n","protected":false},"author":2,"featured_media":38963,"comment_status":"open","ping_status":"open","sticky":false,"template":"","format":"standard","meta":{"fifu_image_url":"","fifu_image_alt":"","footnotes":""},"categories":[10],"tags":[191,71,162,233,195,120],"class_list":{"0":"post-38962","1":"post","2":"type-post","3":"status-publish","4":"format-standard","5":"has-post-thumbnail","7":"category-campo","8":"tag-agricultura","9":"tag-campo","10":"tag-ganaderia","11":"tag-gobierno-nacional","12":"tag-mesa-de-enlace","13":"tag-produccion"},"yoast_head":"<title>La Mesa de Enlace no firmar\u00e1 el Compromiso de Solidaridad - Informe Litoral<\/title>\n<meta name=\"robots\" content=\"index, follow, max-snippet:-1, max-image-preview:large, max-video-preview:-1\" \/>\n<link rel=\"canonical\" href=\"https:\/\/informelitoral.com.ar\/la-mesa-de-enlace-no-firmara-el-compromiso-de-solidaridad\/\" \/>\n<meta property=\"og:locale\" content=\"es_ES\" \/>\n<meta property=\"og:type\" content=\"article\" \/>\n<meta property=\"og:title\" content=\"La Mesa de Enlace no firmar\u00e1 el Compromiso de Solidaridad - Informe Litoral\" \/>\n<meta property=\"og:description\" content=\"Las entidades del campo recibieron la convocatoria de parte del gobierno nacional para firmar el \u201cCompromiso Argentino de Solidaridad\u201d.\" \/>\n<meta property=\"og:url\" content=\"https:\/\/informelitoral.com.ar\/la-mesa-de-enlace-no-firmara-el-compromiso-de-solidaridad\/\" \/>\n<meta property=\"og:site_name\" content=\"Informe Litoral\" \/>\n<meta property=\"article:publisher\" content=\"https:\/\/www.facebook.com\/informelitoral\/\" \/>\n<meta property=\"article:published_time\" content=\"2019-12-30T12:21:35+00:00\" \/>\n<meta property=\"og:image\" content=\"https:\/\/informelitoral.com.ar\/%77%70%2d%63%6f%6e%74%65%6e%74\/uploads\/2019\/12\/f_1577477203.jpg\" \/>\n\t<meta property=\"og:image:width\" content=\"1032\" \/>\n\t<meta property=\"og:image:height\" content=\"688\" \/>\n\t<meta property=\"og:image:type\" content=\"image\/jpeg\" \/>\n<meta name=\"author\" content=\"Gonzalo Schmidt\" \/>\n<meta name=\"twitter:card\" content=\"summary_large_image\" \/>\n<meta name=\"twitter:creator\" content=\"@InformeLitoral\" \/>\n<meta name=\"twitter:site\" content=\"@InformeLitoral\" \/>\n<meta name=\"twitter:label1\" content=\"Escrito por\" \/>\n\t<meta name=\"twitter:data1\" content=\"Gonzalo Schmidt\" \/>\n\t<meta name=\"twitter:label2\" content=\"Tiempo de lectura\" \/>\n\t<meta name=\"twitter:data2\" content=\"2 minutos\" \/>\n<script type=\"application\/ld+json\" class=\"yoast-schema-graph\">{\"@context\":\"https:\\\/\\\/schema.org\",\"@graph\":[{\"@type\":\"Article\",\"@id\":\"https:\\\/\\\/informelitoral.com.ar\\\/la-mesa-de-enlace-no-firmara-el-compromiso-de-solidaridad\\\/#article\",\"isPartOf\":{\"@id\":\"https:\\\/\\\/informelitoral.com.ar\\\/la-mesa-de-enlace-no-firmara-el-compromiso-de-solidaridad\\\/\"},\"author\":{\"name\":\"Gonzalo Schmidt\",\"@id\":\"https:\\\/\\\/informelitoral.com.ar\\\/#\\\/schema\\\/person\\\/b9d00407c836482871ef1d57bf8e3180\"},\"headline\":\"La Mesa de Enlace no firmar\u00e1 el Compromiso de Solidaridad\",\"datePublished\":\"2019-12-30T12:21:35+00:00\",\"mainEntityOfPage\":{\"@id\":\"https:\\\/\\\/informelitoral.com.ar\\\/la-mesa-de-enlace-no-firmara-el-compromiso-de-solidaridad\\\/\"},\"wordCount\":315,\"commentCount\":0,\"publisher\":{\"@id\":\"https:\\\/\\\/informelitoral.com.ar\\\/#organization\"},\"image\":{\"@id\":\"https:\\\/\\\/informelitoral.com.ar\\\/la-mesa-de-enlace-no-firmara-el-compromiso-de-solidaridad\\\/#primaryimage\"},\"thumbnailUrl\":\"https:\\\/\\\/informelitoral.com.ar\\\/%77%70%2d%63%6f%6e%74%65%6e%74\\\/uploads\\\/2019\\\/12\\\/f_1577477203.jpg\",\"keywords\":[\"Agricultura\",\"Campo\",\"Ganader\u00eda\",\"Gobierno nacional\",\"Mesa de Enlace\",\"Producci\u00f3n\"],\"articleSection\":[\"Campo\"],\"inLanguage\":\"es\",\"potentialAction\":[{\"@type\":\"CommentAction\",\"name\":\"Comment\",\"target\":[\"https:\\\/\\\/informelitoral.com.ar\\\/la-mesa-de-enlace-no-firmara-el-compromiso-de-solidaridad\\\/#respond\"]}]},{\"@type\":\"WebPage\",\"@id\":\"https:\\\/\\\/informelitoral.com.ar\\\/la-mesa-de-enlace-no-firmara-el-compromiso-de-solidaridad\\\/\",\"url\":\"https:\\\/\\\/informelitoral.com.ar\\\/la-mesa-de-enlace-no-firmara-el-compromiso-de-solidaridad\\\/\",\"name\":\"La Mesa de Enlace no firmar\u00e1 el Compromiso de Solidaridad - Informe Litoral\",\"isPartOf\":{\"@id\":\"https:\\\/\\\/informelitoral.com.ar\\\/#website\"},\"primaryImageOfPage\":{\"@id\":\"https:\\\/\\\/informelitoral.com.ar\\\/la-mesa-de-enlace-no-firmara-el-compromiso-de-solidaridad\\\/#primaryimage\"},\"image\":{\"@id\":\"https:\\\/\\\/informelitoral.com.ar\\\/la-mesa-de-enlace-no-firmara-el-compromiso-de-solidaridad\\\/#primaryimage\"},\"thumbnailUrl\":\"https:\\\/\\\/informelitoral.com.ar\\\/%77%70%2d%63%6f%6e%74%65%6e%74\\\/uploads\\\/2019\\\/12\\\/f_1577477203.jpg\",\"datePublished\":\"2019-12-30T12:21:35+00:00\",\"breadcrumb\":{\"@id\":\"https:\\\/\\\/informelitoral.com.ar\\\/la-mesa-de-enlace-no-firmara-el-compromiso-de-solidaridad\\\/#breadcrumb\"},\"inLanguage\":\"es\",\"potentialAction\":[{\"@type\":\"ReadAction\",\"target\":[\"https:\\\/\\\/informelitoral.com.ar\\\/la-mesa-de-enlace-no-firmara-el-compromiso-de-solidaridad\\\/\"]}]},{\"@type\":\"ImageObject\",\"inLanguage\":\"es\",\"@id\":\"https:\\\/\\\/informelitoral.com.ar\\\/la-mesa-de-enlace-no-firmara-el-compromiso-de-solidaridad\\\/#primaryimage\",\"url\":\"https:\\\/\\\/informelitoral.com.ar\\\/%77%70%2d%63%6f%6e%74%65%6e%74\\\/uploads\\\/2019\\\/12\\\/f_1577477203.jpg\",\"contentUrl\":\"https:\\\/\\\/informelitoral.com.ar\\\/%77%70%2d%63%6f%6e%74%65%6e%74\\\/uploads\\\/2019\\\/12\\\/f_1577477203.jpg\",\"width\":1032,\"height\":688},{\"@type\":\"BreadcrumbList\",\"@id\":\"https:\\\/\\\/informelitoral.com.ar\\\/la-mesa-de-enlace-no-firmara-el-compromiso-de-solidaridad\\\/#breadcrumb\",\"itemListElement\":[{\"@type\":\"ListItem\",\"position\":1,\"name\":\"Portada\",\"item\":\"https:\\\/\\\/informelitoral.com.ar\\\/\"},{\"@type\":\"ListItem\",\"position\":2,\"name\":\"La Mesa de Enlace no firmar\u00e1 el Compromiso de Solidaridad\"}]},{\"@type\":\"WebSite\",\"@id\":\"https:\\\/\\\/informelitoral.com.ar\\\/#website\",\"url\":\"https:\\\/\\\/informelitoral.com.ar\\\/\",\"name\":\"Informe Litoral\",\"description\":\"&quot;Nos informamos&quot; \",\"publisher\":{\"@id\":\"https:\\\/\\\/informelitoral.com.ar\\\/#organization\"},\"potentialAction\":[{\"@type\":\"SearchAction\",\"target\":{\"@type\":\"EntryPoint\",\"urlTemplate\":\"https:\\\/\\\/informelitoral.com.ar\\\/?s={search_term_string}\"},\"query-input\":{\"@type\":\"PropertyValueSpecification\",\"valueRequired\":true,\"valueName\":\"search_term_string\"}}],\"inLanguage\":\"es\"},{\"@type\":\"Organization\",\"@id\":\"https:\\\/\\\/informelitoral.com.ar\\\/#organization\",\"name\":\"Informe Litoral\",\"url\":\"https:\\\/\\\/informelitoral.com.ar\\\/\",\"logo\":{\"@type\":\"ImageObject\",\"inLanguage\":\"es\",\"@id\":\"https:\\\/\\\/informelitoral.com.ar\\\/#\\\/schema\\\/logo\\\/image\\\/\",\"url\":\"https:\\\/\\\/informelitoral.com.ar\\\/%77%70%2d%63%6f%6e%74%65%6e%74\\\/uploads\\\/2021\\\/01\\\/circulo.png\",\"contentUrl\":\"https:\\\/\\\/informelitoral.com.ar\\\/%77%70%2d%63%6f%6e%74%65%6e%74\\\/uploads\\\/2021\\\/01\\\/circulo.png\",\"width\":723,\"height\":731,\"caption\":\"Informe Litoral\"},\"image\":{\"@id\":\"https:\\\/\\\/informelitoral.com.ar\\\/#\\\/schema\\\/logo\\\/image\\\/\"},\"sameAs\":[\"https:\\\/\\\/www.facebook.com\\\/informelitoral\\\/\",\"https:\\\/\\\/x.com\\\/InformeLitoral\",\"https:\\\/\\\/www.instagram.com\\\/informelitoral\\\/\",\"https:\\\/\\\/www.youtube.com\\\/channel\\\/UCua4Qvz8Icb6MYqhoq9xLXw\"]},{\"@type\":\"Person\",\"@id\":\"https:\\\/\\\/informelitoral.com.ar\\\/#\\\/schema\\\/person\\\/b9d00407c836482871ef1d57bf8e3180\",\"name\":\"Gonzalo Schmidt\",\"image\":{\"@type\":\"ImageObject\",\"inLanguage\":\"es\",\"@id\":\"https:\\\/\\\/secure.gravatar.com\\\/avatar\\\/31a1a7b66ff2de83bd0e9fd79d026630d2d99e55e8bfe501287647b4fd9743de?s=96&d=mm&r=g\",\"url\":\"https:\\\/\\\/secure.gravatar.com\\\/avatar\\\/31a1a7b66ff2de83bd0e9fd79d026630d2d99e55e8bfe501287647b4fd9743de?s=96&d=mm&r=g\",\"contentUrl\":\"https:\\\/\\\/secure.gravatar.com\\\/avatar\\\/31a1a7b66ff2de83bd0e9fd79d026630d2d99e55e8bfe501287647b4fd9743de?s=96&d=mm&r=g\",\"caption\":\"Gonzalo Schmidt\"},\"description\":\"Sitio web de noticias de la provincia de Entre R\u00edos, Argentina. Informaci\u00f3n y entretenimiento. Informe Litoral, nos informamos.\",\"sameAs\":[\"http:\\\/\\\/www.isletasnoticias.com.ar\"],\"url\":\"https:\\\/\\\/informelitoral.com.ar\\\/author\\\/gonzalo\\\/\"}]}<\/script>","yoast_head_json":{"title":"La Mesa de Enlace no firmar\u00e1 el Compromiso de Solidaridad - Informe Litoral","robots":{"index":"index","follow":"follow","max-snippet":"max-snippet:-1","max-image-preview":"max-image-preview:large","max-video-preview":"max-video-preview:-1"},"canonical":"https:\/\/informelitoral.com.ar\/la-mesa-de-enlace-no-firmara-el-compromiso-de-solidaridad\/","og_locale":"es_ES","og_type":"article","og_title":"La Mesa de Enlace no firmar\u00e1 el Compromiso de Solidaridad - Informe Litoral","og_description":"Las entidades del campo recibieron la convocatoria de parte del gobierno nacional para firmar el \u201cCompromiso Argentino de Solidaridad\u201d.","og_url":"https:\/\/informelitoral.com.ar\/la-mesa-de-enlace-no-firmara-el-compromiso-de-solidaridad\/","og_site_name":"Informe Litoral","article_publisher":"https:\/\/www.facebook.com\/informelitoral\/","article_published_time":"2019-12-30T12:21:35+00:00","og_image":[{"width":1032,"height":688,"url":"https:\/\/informelitoral.com.ar\/%77%70%2d%63%6f%6e%74%65%6e%74\/uploads\/2019\/12\/f_1577477203.jpg","type":"image\/jpeg"}],"author":"Gonzalo Schmidt","twitter_card":"summary_large_image","twitter_creator":"@InformeLitoral","twitter_site":"@InformeLitoral","twitter_misc":{"Escrito por":"Gonzalo Schmidt","Tiempo de lectura":"2 minutos"},"schema":{"@context":"https:\/\/schema.org","@graph":[{"@type":"Article","@id":"https:\/\/informelitoral.com.ar\/la-mesa-de-enlace-no-firmara-el-compromiso-de-solidaridad\/#article","isPartOf":{"@id":"https:\/\/informelitoral.com.ar\/la-mesa-de-enlace-no-firmara-el-compromiso-de-solidaridad\/"},"author":{"name":"Gonzalo Schmidt","@id":"https:\/\/informelitoral.com.ar\/#\/schema\/person\/b9d00407c836482871ef1d57bf8e3180"},"headline":"La Mesa de Enlace no firmar\u00e1 el Compromiso de Solidaridad","datePublished":"2019-12-30T12:21:35+00:00","mainEntityOfPage":{"@id":"https:\/\/informelitoral.com.ar\/la-mesa-de-enlace-no-firmara-el-compromiso-de-solidaridad\/"},"wordCount":315,"commentCount":0,"publisher":{"@id":"https:\/\/informelitoral.com.ar\/#organization"},"image":{"@id":"https:\/\/informelitoral.com.ar\/la-mesa-de-enlace-no-firmara-el-compromiso-de-solidaridad\/#primaryimage"},"thumbnailUrl":"https:\/\/informelitoral.com.ar\/%77%70%2d%63%6f%6e%74%65%6e%74\/uploads\/2019\/12\/f_1577477203.jpg","keywords":["Agricultura","Campo","Ganader\u00eda","Gobierno nacional","Mesa de Enlace","Producci\u00f3n"],"articleSection":["Campo"],"inLanguage":"es","potentialAction":[{"@type":"CommentAction","name":"Comment","target":["https:\/\/informelitoral.com.ar\/la-mesa-de-enlace-no-firmara-el-compromiso-de-solidaridad\/#respond"]}]},{"@type":"WebPage","@id":"https:\/\/informelitoral.com.ar\/la-mesa-de-enlace-no-firmara-el-compromiso-de-solidaridad\/","url":"https:\/\/informelitoral.com.ar\/la-mesa-de-enlace-no-firmara-el-compromiso-de-solidaridad\/","name":"La Mesa de Enlace no firmar\u00e1 el Compromiso de Solidaridad - Informe Litoral","isPartOf":{"@id":"https:\/\/informelitoral.com.ar\/#website"},"primaryImageOfPage":{"@id":"https:\/\/informelitoral.com.ar\/la-mesa-de-enlace-no-firmara-el-compromiso-de-solidaridad\/#primaryimage"},"image":{"@id":"https:\/\/informelitoral.com.ar\/la-mesa-de-enlace-no-firmara-el-compromiso-de-solidaridad\/#primaryimage"},"thumbnailUrl":"https:\/\/informelitoral.com.ar\/%77%70%2d%63%6f%6e%74%65%6e%74\/uploads\/2019\/12\/f_1577477203.jpg","datePublished":"2019-12-30T12:21:35+00:00","breadcrumb":{"@id":"https:\/\/informelitoral.com.ar\/la-mesa-de-enlace-no-firmara-el-compromiso-de-solidaridad\/#breadcrumb"},"inLanguage":"es","potentialAction":[{"@type":"ReadAction","target":["https:\/\/informelitoral.com.ar\/la-mesa-de-enlace-no-firmara-el-compromiso-de-solidaridad\/"]}]},{"@type":"ImageObject","inLanguage":"es","@id":"https:\/\/informelitoral.com.ar\/la-mesa-de-enlace-no-firmara-el-compromiso-de-solidaridad\/#primaryimage","url":"https:\/\/informelitoral.com.ar\/%77%70%2d%63%6f%6e%74%65%6e%74\/uploads\/2019\/12\/f_1577477203.jpg","contentUrl":"https:\/\/informelitoral.com.ar\/%77%70%2d%63%6f%6e%74%65%6e%74\/uploads\/2019\/12\/f_1577477203.jpg","width":1032,"height":688},{"@type":"BreadcrumbList","@id":"https:\/\/informelitoral.com.ar\/la-mesa-de-enlace-no-firmara-el-compromiso-de-solidaridad\/#breadcrumb","itemListElement":[{"@type":"ListItem","position":1,"name":"Portada","item":"https:\/\/informelitoral.com.ar\/"},{"@type":"ListItem","position":2,"name":"La Mesa de Enlace no firmar\u00e1 el Compromiso de Solidaridad"}]},{"@type":"WebSite","@id":"https:\/\/informelitoral.com.ar\/#website","url":"https:\/\/informelitoral.com.ar\/","name":"Informe Litoral","description":"&quot;Nos informamos&quot; ","publisher":{"@id":"https:\/\/informelitoral.com.ar\/#organization"},"potentialAction":[{"@type":"SearchAction","target":{"@type":"EntryPoint","urlTemplate":"https:\/\/informelitoral.com.ar\/?s={search_term_string}"},"query-input":{"@type":"PropertyValueSpecification","valueRequired":true,"valueName":"search_term_string"}}],"inLanguage":"es"},{"@type":"Organization","@id":"https:\/\/informelitoral.com.ar\/#organization","name":"Informe Litoral","url":"https:\/\/informelitoral.com.ar\/","logo":{"@type":"ImageObject","inLanguage":"es","@id":"https:\/\/informelitoral.com.ar\/#\/schema\/logo\/image\/","url":"https:\/\/informelitoral.com.ar\/%77%70%2d%63%6f%6e%74%65%6e%74\/uploads\/2021\/01\/circulo.png","contentUrl":"https:\/\/informelitoral.com.ar\/%77%70%2d%63%6f%6e%74%65%6e%74\/uploads\/2021\/01\/circulo.png","width":723,"height":731,"caption":"Informe Litoral"},"image":{"@id":"https:\/\/informelitoral.com.ar\/#\/schema\/logo\/image\/"},"sameAs":["https:\/\/www.facebook.com\/informelitoral\/","https:\/\/x.com\/InformeLitoral","https:\/\/www.instagram.com\/informelitoral\/","https:\/\/www.youtube.com\/channel\/UCua4Qvz8Icb6MYqhoq9xLXw"]},{"@type":"Person","@id":"https:\/\/informelitoral.com.ar\/#\/schema\/person\/b9d00407c836482871ef1d57bf8e3180","name":"Gonzalo Schmidt","image":{"@type":"ImageObject","inLanguage":"es","@id":"https:\/\/secure.gravatar.com\/avatar\/31a1a7b66ff2de83bd0e9fd79d026630d2d99e55e8bfe501287647b4fd9743de?s=96&d=mm&r=g","url":"https:\/\/secure.gravatar.com\/avatar\/31a1a7b66ff2de83bd0e9fd79d026630d2d99e55e8bfe501287647b4fd9743de?s=96&d=mm&r=g","contentUrl":"https:\/\/secure.gravatar.com\/avatar\/31a1a7b66ff2de83bd0e9fd79d026630d2d99e55e8bfe501287647b4fd9743de?s=96&d=mm&r=g","caption":"Gonzalo Schmidt"},"description":"Sitio web de noticias de la provincia de Entre R\u00edos, Argentina. Informaci\u00f3n y entretenimiento. Informe Litoral, nos informamos.","sameAs":["http:\/\/www.isletasnoticias.com.ar"],"url":"https:\/\/informelitoral.com.ar\/author\/gonzalo\/"}]}},"_links":{"self":[{"href":"https:\/\/informelitoral.com.ar\/%77%70%2d%6a%73%6f%6e\/wp\/v2\/posts\/38962","targetHints":{"allow":["GET"]}}],"collection":[{"href":"https:\/\/informelitoral.com.ar\/%77%70%2d%6a%73%6f%6e\/wp\/v2\/posts"}],"about":[{"href":"https:\/\/informelitoral.com.ar\/%77%70%2d%6a%73%6f%6e\/wp\/v2\/types\/post"}],"author":[{"embeddable":true,"href":"https:\/\/informelitoral.com.ar\/%77%70%2d%6a%73%6f%6e\/wp\/v2\/users\/2"}],"replies":[{"embeddable":true,"href":"https:\/\/informelitoral.com.ar\/%77%70%2d%6a%73%6f%6e\/wp\/v2\/comments?post=38962"}],"version-history":[{"count":0,"href":"https:\/\/informelitoral.com.ar\/%77%70%2d%6a%73%6f%6e\/wp\/v2\/posts\/38962\/revisions"}],"wp:featuredmedia":[{"embeddable":true,"href":"https:\/\/informelitoral.com.ar\/%77%70%2d%6a%73%6f%6e\/wp\/v2\/media\/38963"}],"wp:attachment":[{"href":"https:\/\/informelitoral.com.ar\/%77%70%2d%6a%73%6f%6e\/wp\/v2\/media?parent=38962"}],"wp:term":[{"taxonomy":"category","embeddable":true,"href":"https:\/\/informelitoral.com.ar\/%77%70%2d%6a%73%6f%6e\/wp\/v2\/categories?post=38962"},{"taxonomy":"post_tag","embeddable":true,"href":"https:\/\/informelitoral.com.ar\/%77%70%2d%6a%73%6f%6e\/wp\/v2\/tags?post=38962"}],"curies":[{"name":"wp","href":"https:\/\/api.w.org\/{rel}","templated":true}]}}