{"id":38827,"date":"2019-12-20T07:58:43","date_gmt":"2019-12-20T10:58:43","guid":{"rendered":"https:\/\/www.isletasnoticias.com.ar\/?p=38827"},"modified":"2019-12-20T10:00:21","modified_gmt":"2019-12-20T13:00:21","slug":"los-artistas-que-estaran-en-el-festival-nacional-de-jineteada-y-folclore-de-diamante","status":"publish","type":"post","link":"https:\/\/informelitoral.com.ar\/los-artistas-que-estaran-en-el-festival-nacional-de-jineteada-y-folclore-de-diamante\/","title":{"rendered":"Los artistas que estar\u00e1n en el Festival Nacional de Jineteada y Folclore de Diamante"},"content":{"rendered":"<p>El <strong>Festival Nacional de Jineteada y Folclore de Diamante<\/strong> se realizar\u00e1 del<strong> 8 al 13 de enero de 2020.<\/strong> Esta semana se present\u00f3 oficialmente y se conocieron detalles sobre los artistas convocados para la 49\u00aa edici\u00f3n y el valor de las entradas.<\/p>\n<h3><strong>Cartelera art\u00edstica<\/strong><\/h3>\n<p><strong>Mi\u00e9rcoles 8 de enero<\/strong><br \/>\nFinal Pre Diamante, Ballet Haciendo Patria; Daniel Orellano; Diana Zapata; Julio Galarza; Litoral Tag\u00fc\u00e9; Mi Sue\u00f1o Chamam\u00e9; Beto Can\u00e9 y sus Chamameceros.<\/p>\n<p><strong>Jueves 9 de enero<\/strong><br \/>\nDestino San Javier; Monchito Merlo; Saurio Mart\u00ednez; Pocho Gait\u00e1n; Banda Tambor de Tacuar\u00ed; Ganador Pre Diamante.<\/p>\n<p><strong>Viernes 10 de enero<\/strong><br \/>\nLos Tekis; Nahuel Pennisi; Rub\u00e9n Gim\u00e9nez; Tolato Trio; Ganador Pre Diamante; Ballet Emover\u00e9.<\/p>\n<p><strong>S\u00e1bado 11 de enero<\/strong><br \/>\nLucio Rojas; Orlando Vera Cruz; Las Voces de Montiel; Padularrosa Romero y Terru\u00f1eros; Ganador Pre Diamante; Diamante Baila; Elecci\u00f3n de la Paisana Nacional<\/p>\n<p><strong>Domingo 12 de enero<\/strong><br \/>\nChaque\u00f1o Palavecino; Mario Bofill; Los Chamarriteros; Los Majestuosos del Chamam\u00e9; Ballet Emover\u00e9.<\/p>\n<p><strong>Lunes 13 de enero<\/strong><br \/>\nSergio Galleguillo; Los del Gualey\u00e1n; Marcos Pereyra; Grupo Encuentro; Banda Tambor de Tacuar\u00ed; Diamante Baila.<\/p>\n<h3><strong>Valores de las entradas<\/strong><\/h3>\n<p><strong>Entradas general:<\/strong><br \/>\nMi\u00e9rcoles 100 pesos; jueves y viernes 400 pesos; s\u00e1bado, domingo y lunes 500 pesos. La entrada del Buen Contribuyente ser\u00e1 v\u00e1lida para el d\u00eda jueves.<\/p>\n<p><strong>Jubilados<\/strong><br \/>\nJueves y viernes 200 pesos; S\u00e1bado, domingo y lunes $300.<\/p>\n<p>Plateas 100 pesos. Sector sillones 50 pesos. Menores de 12 a\u00f1os no abonan.<\/p>\n<h3><strong>Tropillas<\/strong><\/h3>\n<p>La Bochinchera de Marcelo Cugat, Santa Luc\u00eda, Buenos Aires<br \/>\nLos Bonitos de N\u00e9stor Sosa, La Plata, Buenos Aires<br \/>\nLa Surera de Jorge Sap, Ibicuy, Entre R\u00edos<br \/>\nEl Cencerro de Franco Piccione, Arruf\u00f3, Santa Fe<br \/>\nEl Lamento del Gauchaje, de Jos\u00e9 Luis Perret, Capibara, Santa Fe<br \/>\nLa Costera de Juan Carlos Viganoni, Concepci\u00f3n del Uruguay, Entre R\u00edos<br \/>\nLos De Fierro de Marcelo Bovati, Lober\u00edas, Buenos Aires<br \/>\nLa Mochilera de Horacio Vel\u00e1zquez, Gualeguay, Entre R\u00edos<br \/>\nEl Entrevero de \u00c1ngel Ecclesia, Costa Grande, Entre R\u00edos<br \/>\nLa Cautiva de Ra\u00fal Antonio Pizzolato, Santa Clara de Conlara, San Luis<br \/>\nLos Taitas de Julio Mendiz\u00e1bal, Rauch, Buenos Aires<br \/>\nFort\u00edn de Los Ranchos, de Juan Pollio, Ranchos, Buenos Aires<br \/>\nLos Diablos Negros de Laureano Papper, Urdinarrain, Entre R\u00edos<br \/>\nEl Revuelo de C\u00e9sar Zapata, Oro Verde, Entre R\u00edos<br \/>\nLa Cerda Brava de Orestes Pergolesi, Tostado, Santa Fe<br \/>\nLos Humildes, de Juan Carlos Acosta, Las Cuevas, Entre R\u00edos<\/p>\n<h3><strong>Animadores<\/strong><\/h3>\n<p>Chano Izaguirre; Indio Pampa; Miguel G\u00f3mez<\/p>\n<h3><strong>Payadores<\/strong><\/h3>\n<p>Tape Chana; Uberfil Concepci\u00f3n; Iv\u00e1n Hofstetter; Juan Carlos Rivero.<\/p>\n","protected":false},"excerpt":{"rendered":"<p>Se realizar\u00e1 del 8 al 13 de enero. La 49\u00aa edici\u00f3n contar\u00e1 con una importante cartelera art\u00edstica. Los detalles en esta nota. <\/p>\n","protected":false},"author":2,"featured_media":24421,"comment_status":"open","ping_status":"open","sticky":false,"template":"","format":"standard","meta":{"fifu_image_url":"","fifu_image_alt":"","footnotes":""},"categories":[5,12],"tags":[34,1087,788],"class_list":{"0":"post-38827","1":"post","2":"type-post","3":"status-publish","4":"format-standard","5":"has-post-thumbnail","7":"category-zonales","8":"category-espectaculos","9":"tag-diamante","10":"tag-festival-de-diamante","11":"tag-folklore"},"yoast_head":"<title>Los artistas que estar\u00e1n en el Festival Nacional de Jineteada y Folclore de Diamante - Informe Litoral<\/title>\n<meta name=\"robots\" content=\"index, follow, max-snippet:-1, max-image-preview:large, max-video-preview:-1\" \/>\n<link rel=\"canonical\" href=\"https:\/\/informelitoral.com.ar\/los-artistas-que-estaran-en-el-festival-nacional-de-jineteada-y-folclore-de-diamante\/\" \/>\n<meta property=\"og:locale\" content=\"es_ES\" \/>\n<meta property=\"og:type\" content=\"article\" \/>\n<meta property=\"og:title\" content=\"Los artistas que estar\u00e1n en el Festival Nacional de Jineteada y Folclore de Diamante - Informe Litoral\" \/>\n<meta property=\"og:description\" content=\"Se realizar\u00e1 del 8 al 13 de enero. La 49\u00aa edici\u00f3n contar\u00e1 con una importante cartelera art\u00edstica. Los detalles en esta nota.\" \/>\n<meta property=\"og:url\" content=\"https:\/\/informelitoral.com.ar\/los-artistas-que-estaran-en-el-festival-nacional-de-jineteada-y-folclore-de-diamante\/\" \/>\n<meta property=\"og:site_name\" content=\"Informe Litoral\" \/>\n<meta property=\"article:publisher\" content=\"https:\/\/www.facebook.com\/informelitoral\/\" \/>\n<meta property=\"article:published_time\" content=\"2019-12-20T10:58:43+00:00\" \/>\n<meta property=\"article:modified_time\" content=\"2019-12-20T13:00:21+00:00\" \/>\n<meta property=\"og:image\" content=\"https:\/\/informelitoral.com.ar\/%77%70%2d%63%6f%6e%74%65%6e%74\/uploads\/2018\/01\/festival-diamante.jpg\" \/>\n\t<meta property=\"og:image:width\" content=\"630\" \/>\n\t<meta property=\"og:image:height\" content=\"300\" \/>\n\t<meta property=\"og:image:type\" content=\"image\/jpeg\" \/>\n<meta name=\"author\" content=\"Gonzalo Schmidt\" \/>\n<meta name=\"twitter:card\" content=\"summary_large_image\" \/>\n<meta name=\"twitter:creator\" content=\"@InformeLitoral\" \/>\n<meta name=\"twitter:site\" content=\"@InformeLitoral\" \/>\n<meta name=\"twitter:label1\" content=\"Escrito por\" \/>\n\t<meta name=\"twitter:data1\" content=\"Gonzalo Schmidt\" \/>\n\t<meta name=\"twitter:label2\" content=\"Tiempo de lectura\" \/>\n\t<meta name=\"twitter:data2\" content=\"2 minutos\" \/>\n<script type=\"application\/ld+json\" class=\"yoast-schema-graph\">{\"@context\":\"https:\\\/\\\/schema.org\",\"@graph\":[{\"@type\":\"Article\",\"@id\":\"https:\\\/\\\/informelitoral.com.ar\\\/los-artistas-que-estaran-en-el-festival-nacional-de-jineteada-y-folclore-de-diamante\\\/#article\",\"isPartOf\":{\"@id\":\"https:\\\/\\\/informelitoral.com.ar\\\/los-artistas-que-estaran-en-el-festival-nacional-de-jineteada-y-folclore-de-diamante\\\/\"},\"author\":{\"name\":\"Gonzalo Schmidt\",\"@id\":\"https:\\\/\\\/informelitoral.com.ar\\\/#\\\/schema\\\/person\\\/b9d00407c836482871ef1d57bf8e3180\"},\"headline\":\"Los artistas que estar\u00e1n en el Festival Nacional de Jineteada y Folclore de Diamante\",\"datePublished\":\"2019-12-20T10:58:43+00:00\",\"dateModified\":\"2019-12-20T13:00:21+00:00\",\"mainEntityOfPage\":{\"@id\":\"https:\\\/\\\/informelitoral.com.ar\\\/los-artistas-que-estaran-en-el-festival-nacional-de-jineteada-y-folclore-de-diamante\\\/\"},\"wordCount\":426,\"commentCount\":0,\"publisher\":{\"@id\":\"https:\\\/\\\/informelitoral.com.ar\\\/#organization\"},\"image\":{\"@id\":\"https:\\\/\\\/informelitoral.com.ar\\\/los-artistas-que-estaran-en-el-festival-nacional-de-jineteada-y-folclore-de-diamante\\\/#primaryimage\"},\"thumbnailUrl\":\"https:\\\/\\\/informelitoral.com.ar\\\/%77%70%2d%63%6f%6e%74%65%6e%74\\\/uploads\\\/2018\\\/01\\\/festival-diamante.jpg\",\"keywords\":[\"Diamante\",\"Festival de Diamante\",\"Folklore\"],\"articleSection\":[\"Departamento Diamante\",\"Espect\u00e1culos\"],\"inLanguage\":\"es\",\"potentialAction\":[{\"@type\":\"CommentAction\",\"name\":\"Comment\",\"target\":[\"https:\\\/\\\/informelitoral.com.ar\\\/los-artistas-que-estaran-en-el-festival-nacional-de-jineteada-y-folclore-de-diamante\\\/#respond\"]}]},{\"@type\":\"WebPage\",\"@id\":\"https:\\\/\\\/informelitoral.com.ar\\\/los-artistas-que-estaran-en-el-festival-nacional-de-jineteada-y-folclore-de-diamante\\\/\",\"url\":\"https:\\\/\\\/informelitoral.com.ar\\\/los-artistas-que-estaran-en-el-festival-nacional-de-jineteada-y-folclore-de-diamante\\\/\",\"name\":\"Los artistas que estar\u00e1n en el Festival Nacional de Jineteada y Folclore de Diamante - Informe Litoral\",\"isPartOf\":{\"@id\":\"https:\\\/\\\/informelitoral.com.ar\\\/#website\"},\"primaryImageOfPage\":{\"@id\":\"https:\\\/\\\/informelitoral.com.ar\\\/los-artistas-que-estaran-en-el-festival-nacional-de-jineteada-y-folclore-de-diamante\\\/#primaryimage\"},\"image\":{\"@id\":\"https:\\\/\\\/informelitoral.com.ar\\\/los-artistas-que-estaran-en-el-festival-nacional-de-jineteada-y-folclore-de-diamante\\\/#primaryimage\"},\"thumbnailUrl\":\"https:\\\/\\\/informelitoral.com.ar\\\/%77%70%2d%63%6f%6e%74%65%6e%74\\\/uploads\\\/2018\\\/01\\\/festival-diamante.jpg\",\"datePublished\":\"2019-12-20T10:58:43+00:00\",\"dateModified\":\"2019-12-20T13:00:21+00:00\",\"breadcrumb\":{\"@id\":\"https:\\\/\\\/informelitoral.com.ar\\\/los-artistas-que-estaran-en-el-festival-nacional-de-jineteada-y-folclore-de-diamante\\\/#breadcrumb\"},\"inLanguage\":\"es\",\"potentialAction\":[{\"@type\":\"ReadAction\",\"target\":[\"https:\\\/\\\/informelitoral.com.ar\\\/los-artistas-que-estaran-en-el-festival-nacional-de-jineteada-y-folclore-de-diamante\\\/\"]}]},{\"@type\":\"ImageObject\",\"inLanguage\":\"es\",\"@id\":\"https:\\\/\\\/informelitoral.com.ar\\\/los-artistas-que-estaran-en-el-festival-nacional-de-jineteada-y-folclore-de-diamante\\\/#primaryimage\",\"url\":\"https:\\\/\\\/informelitoral.com.ar\\\/%77%70%2d%63%6f%6e%74%65%6e%74\\\/uploads\\\/2018\\\/01\\\/festival-diamante.jpg\",\"contentUrl\":\"https:\\\/\\\/informelitoral.com.ar\\\/%77%70%2d%63%6f%6e%74%65%6e%74\\\/uploads\\\/2018\\\/01\\\/festival-diamante.jpg\",\"width\":630,\"height\":300},{\"@type\":\"BreadcrumbList\",\"@id\":\"https:\\\/\\\/informelitoral.com.ar\\\/los-artistas-que-estaran-en-el-festival-nacional-de-jineteada-y-folclore-de-diamante\\\/#breadcrumb\",\"itemListElement\":[{\"@type\":\"ListItem\",\"position\":1,\"name\":\"Portada\",\"item\":\"https:\\\/\\\/informelitoral.com.ar\\\/\"},{\"@type\":\"ListItem\",\"position\":2,\"name\":\"Los artistas que estar\u00e1n en el Festival Nacional de Jineteada y Folclore de Diamante\"}]},{\"@type\":\"WebSite\",\"@id\":\"https:\\\/\\\/informelitoral.com.ar\\\/#website\",\"url\":\"https:\\\/\\\/informelitoral.com.ar\\\/\",\"name\":\"Informe Litoral\",\"description\":\"&quot;Nos informamos&quot; \",\"publisher\":{\"@id\":\"https:\\\/\\\/informelitoral.com.ar\\\/#organization\"},\"potentialAction\":[{\"@type\":\"SearchAction\",\"target\":{\"@type\":\"EntryPoint\",\"urlTemplate\":\"https:\\\/\\\/informelitoral.com.ar\\\/?s={search_term_string}\"},\"query-input\":{\"@type\":\"PropertyValueSpecification\",\"valueRequired\":true,\"valueName\":\"search_term_string\"}}],\"inLanguage\":\"es\"},{\"@type\":\"Organization\",\"@id\":\"https:\\\/\\\/informelitoral.com.ar\\\/#organization\",\"name\":\"Informe Litoral\",\"url\":\"https:\\\/\\\/informelitoral.com.ar\\\/\",\"logo\":{\"@type\":\"ImageObject\",\"inLanguage\":\"es\",\"@id\":\"https:\\\/\\\/informelitoral.com.ar\\\/#\\\/schema\\\/logo\\\/image\\\/\",\"url\":\"https:\\\/\\\/informelitoral.com.ar\\\/%77%70%2d%63%6f%6e%74%65%6e%74\\\/uploads\\\/2021\\\/01\\\/circulo.png\",\"contentUrl\":\"https:\\\/\\\/informelitoral.com.ar\\\/%77%70%2d%63%6f%6e%74%65%6e%74\\\/uploads\\\/2021\\\/01\\\/circulo.png\",\"width\":723,\"height\":731,\"caption\":\"Informe Litoral\"},\"image\":{\"@id\":\"https:\\\/\\\/informelitoral.com.ar\\\/#\\\/schema\\\/logo\\\/image\\\/\"},\"sameAs\":[\"https:\\\/\\\/www.facebook.com\\\/informelitoral\\\/\",\"https:\\\/\\\/x.com\\\/InformeLitoral\",\"https:\\\/\\\/www.instagram.com\\\/informelitoral\\\/\",\"https:\\\/\\\/www.youtube.com\\\/channel\\\/UCua4Qvz8Icb6MYqhoq9xLXw\"]},{\"@type\":\"Person\",\"@id\":\"https:\\\/\\\/informelitoral.com.ar\\\/#\\\/schema\\\/person\\\/b9d00407c836482871ef1d57bf8e3180\",\"name\":\"Gonzalo Schmidt\",\"image\":{\"@type\":\"ImageObject\",\"inLanguage\":\"es\",\"@id\":\"https:\\\/\\\/secure.gravatar.com\\\/avatar\\\/31a1a7b66ff2de83bd0e9fd79d026630d2d99e55e8bfe501287647b4fd9743de?s=96&d=mm&r=g\",\"url\":\"https:\\\/\\\/secure.gravatar.com\\\/avatar\\\/31a1a7b66ff2de83bd0e9fd79d026630d2d99e55e8bfe501287647b4fd9743de?s=96&d=mm&r=g\",\"contentUrl\":\"https:\\\/\\\/secure.gravatar.com\\\/avatar\\\/31a1a7b66ff2de83bd0e9fd79d026630d2d99e55e8bfe501287647b4fd9743de?s=96&d=mm&r=g\",\"caption\":\"Gonzalo Schmidt\"},\"description\":\"Sitio web de noticias de la provincia de Entre R\u00edos, Argentina. Informaci\u00f3n y entretenimiento. Informe Litoral, nos informamos.\",\"sameAs\":[\"http:\\\/\\\/www.isletasnoticias.com.ar\"],\"url\":\"https:\\\/\\\/informelitoral.com.ar\\\/author\\\/gonzalo\\\/\"}]}<\/script>","yoast_head_json":{"title":"Los artistas que estar\u00e1n en el Festival Nacional de Jineteada y Folclore de Diamante - Informe Litoral","robots":{"index":"index","follow":"follow","max-snippet":"max-snippet:-1","max-image-preview":"max-image-preview:large","max-video-preview":"max-video-preview:-1"},"canonical":"https:\/\/informelitoral.com.ar\/los-artistas-que-estaran-en-el-festival-nacional-de-jineteada-y-folclore-de-diamante\/","og_locale":"es_ES","og_type":"article","og_title":"Los artistas que estar\u00e1n en el Festival Nacional de Jineteada y Folclore de Diamante - Informe Litoral","og_description":"Se realizar\u00e1 del 8 al 13 de enero. La 49\u00aa edici\u00f3n contar\u00e1 con una importante cartelera art\u00edstica. Los detalles en esta nota.","og_url":"https:\/\/informelitoral.com.ar\/los-artistas-que-estaran-en-el-festival-nacional-de-jineteada-y-folclore-de-diamante\/","og_site_name":"Informe Litoral","article_publisher":"https:\/\/www.facebook.com\/informelitoral\/","article_published_time":"2019-12-20T10:58:43+00:00","article_modified_time":"2019-12-20T13:00:21+00:00","og_image":[{"width":630,"height":300,"url":"https:\/\/informelitoral.com.ar\/%77%70%2d%63%6f%6e%74%65%6e%74\/uploads\/2018\/01\/festival-diamante.jpg","type":"image\/jpeg"}],"author":"Gonzalo Schmidt","twitter_card":"summary_large_image","twitter_creator":"@InformeLitoral","twitter_site":"@InformeLitoral","twitter_misc":{"Escrito por":"Gonzalo Schmidt","Tiempo de lectura":"2 minutos"},"schema":{"@context":"https:\/\/schema.org","@graph":[{"@type":"Article","@id":"https:\/\/informelitoral.com.ar\/los-artistas-que-estaran-en-el-festival-nacional-de-jineteada-y-folclore-de-diamante\/#article","isPartOf":{"@id":"https:\/\/informelitoral.com.ar\/los-artistas-que-estaran-en-el-festival-nacional-de-jineteada-y-folclore-de-diamante\/"},"author":{"name":"Gonzalo Schmidt","@id":"https:\/\/informelitoral.com.ar\/#\/schema\/person\/b9d00407c836482871ef1d57bf8e3180"},"headline":"Los artistas que estar\u00e1n en el Festival Nacional de Jineteada y Folclore de Diamante","datePublished":"2019-12-20T10:58:43+00:00","dateModified":"2019-12-20T13:00:21+00:00","mainEntityOfPage":{"@id":"https:\/\/informelitoral.com.ar\/los-artistas-que-estaran-en-el-festival-nacional-de-jineteada-y-folclore-de-diamante\/"},"wordCount":426,"commentCount":0,"publisher":{"@id":"https:\/\/informelitoral.com.ar\/#organization"},"image":{"@id":"https:\/\/informelitoral.com.ar\/los-artistas-que-estaran-en-el-festival-nacional-de-jineteada-y-folclore-de-diamante\/#primaryimage"},"thumbnailUrl":"https:\/\/informelitoral.com.ar\/%77%70%2d%63%6f%6e%74%65%6e%74\/uploads\/2018\/01\/festival-diamante.jpg","keywords":["Diamante","Festival de Diamante","Folklore"],"articleSection":["Departamento Diamante","Espect\u00e1culos"],"inLanguage":"es","potentialAction":[{"@type":"CommentAction","name":"Comment","target":["https:\/\/informelitoral.com.ar\/los-artistas-que-estaran-en-el-festival-nacional-de-jineteada-y-folclore-de-diamante\/#respond"]}]},{"@type":"WebPage","@id":"https:\/\/informelitoral.com.ar\/los-artistas-que-estaran-en-el-festival-nacional-de-jineteada-y-folclore-de-diamante\/","url":"https:\/\/informelitoral.com.ar\/los-artistas-que-estaran-en-el-festival-nacional-de-jineteada-y-folclore-de-diamante\/","name":"Los artistas que estar\u00e1n en el Festival Nacional de Jineteada y Folclore de Diamante - Informe Litoral","isPartOf":{"@id":"https:\/\/informelitoral.com.ar\/#website"},"primaryImageOfPage":{"@id":"https:\/\/informelitoral.com.ar\/los-artistas-que-estaran-en-el-festival-nacional-de-jineteada-y-folclore-de-diamante\/#primaryimage"},"image":{"@id":"https:\/\/informelitoral.com.ar\/los-artistas-que-estaran-en-el-festival-nacional-de-jineteada-y-folclore-de-diamante\/#primaryimage"},"thumbnailUrl":"https:\/\/informelitoral.com.ar\/%77%70%2d%63%6f%6e%74%65%6e%74\/uploads\/2018\/01\/festival-diamante.jpg","datePublished":"2019-12-20T10:58:43+00:00","dateModified":"2019-12-20T13:00:21+00:00","breadcrumb":{"@id":"https:\/\/informelitoral.com.ar\/los-artistas-que-estaran-en-el-festival-nacional-de-jineteada-y-folclore-de-diamante\/#breadcrumb"},"inLanguage":"es","potentialAction":[{"@type":"ReadAction","target":["https:\/\/informelitoral.com.ar\/los-artistas-que-estaran-en-el-festival-nacional-de-jineteada-y-folclore-de-diamante\/"]}]},{"@type":"ImageObject","inLanguage":"es","@id":"https:\/\/informelitoral.com.ar\/los-artistas-que-estaran-en-el-festival-nacional-de-jineteada-y-folclore-de-diamante\/#primaryimage","url":"https:\/\/informelitoral.com.ar\/%77%70%2d%63%6f%6e%74%65%6e%74\/uploads\/2018\/01\/festival-diamante.jpg","contentUrl":"https:\/\/informelitoral.com.ar\/%77%70%2d%63%6f%6e%74%65%6e%74\/uploads\/2018\/01\/festival-diamante.jpg","width":630,"height":300},{"@type":"BreadcrumbList","@id":"https:\/\/informelitoral.com.ar\/los-artistas-que-estaran-en-el-festival-nacional-de-jineteada-y-folclore-de-diamante\/#breadcrumb","itemListElement":[{"@type":"ListItem","position":1,"name":"Portada","item":"https:\/\/informelitoral.com.ar\/"},{"@type":"ListItem","position":2,"name":"Los artistas que estar\u00e1n en el Festival Nacional de Jineteada y Folclore de Diamante"}]},{"@type":"WebSite","@id":"https:\/\/informelitoral.com.ar\/#website","url":"https:\/\/informelitoral.com.ar\/","name":"Informe Litoral","description":"&quot;Nos informamos&quot; ","publisher":{"@id":"https:\/\/informelitoral.com.ar\/#organization"},"potentialAction":[{"@type":"SearchAction","target":{"@type":"EntryPoint","urlTemplate":"https:\/\/informelitoral.com.ar\/?s={search_term_string}"},"query-input":{"@type":"PropertyValueSpecification","valueRequired":true,"valueName":"search_term_string"}}],"inLanguage":"es"},{"@type":"Organization","@id":"https:\/\/informelitoral.com.ar\/#organization","name":"Informe Litoral","url":"https:\/\/informelitoral.com.ar\/","logo":{"@type":"ImageObject","inLanguage":"es","@id":"https:\/\/informelitoral.com.ar\/#\/schema\/logo\/image\/","url":"https:\/\/informelitoral.com.ar\/%77%70%2d%63%6f%6e%74%65%6e%74\/uploads\/2021\/01\/circulo.png","contentUrl":"https:\/\/informelitoral.com.ar\/%77%70%2d%63%6f%6e%74%65%6e%74\/uploads\/2021\/01\/circulo.png","width":723,"height":731,"caption":"Informe Litoral"},"image":{"@id":"https:\/\/informelitoral.com.ar\/#\/schema\/logo\/image\/"},"sameAs":["https:\/\/www.facebook.com\/informelitoral\/","https:\/\/x.com\/InformeLitoral","https:\/\/www.instagram.com\/informelitoral\/","https:\/\/www.youtube.com\/channel\/UCua4Qvz8Icb6MYqhoq9xLXw"]},{"@type":"Person","@id":"https:\/\/informelitoral.com.ar\/#\/schema\/person\/b9d00407c836482871ef1d57bf8e3180","name":"Gonzalo Schmidt","image":{"@type":"ImageObject","inLanguage":"es","@id":"https:\/\/secure.gravatar.com\/avatar\/31a1a7b66ff2de83bd0e9fd79d026630d2d99e55e8bfe501287647b4fd9743de?s=96&d=mm&r=g","url":"https:\/\/secure.gravatar.com\/avatar\/31a1a7b66ff2de83bd0e9fd79d026630d2d99e55e8bfe501287647b4fd9743de?s=96&d=mm&r=g","contentUrl":"https:\/\/secure.gravatar.com\/avatar\/31a1a7b66ff2de83bd0e9fd79d026630d2d99e55e8bfe501287647b4fd9743de?s=96&d=mm&r=g","caption":"Gonzalo Schmidt"},"description":"Sitio web de noticias de la provincia de Entre R\u00edos, Argentina. Informaci\u00f3n y entretenimiento. Informe Litoral, nos informamos.","sameAs":["http:\/\/www.isletasnoticias.com.ar"],"url":"https:\/\/informelitoral.com.ar\/author\/gonzalo\/"}]}},"_links":{"self":[{"href":"https:\/\/informelitoral.com.ar\/%77%70%2d%6a%73%6f%6e\/wp\/v2\/posts\/38827","targetHints":{"allow":["GET"]}}],"collection":[{"href":"https:\/\/informelitoral.com.ar\/%77%70%2d%6a%73%6f%6e\/wp\/v2\/posts"}],"about":[{"href":"https:\/\/informelitoral.com.ar\/%77%70%2d%6a%73%6f%6e\/wp\/v2\/types\/post"}],"author":[{"embeddable":true,"href":"https:\/\/informelitoral.com.ar\/%77%70%2d%6a%73%6f%6e\/wp\/v2\/users\/2"}],"replies":[{"embeddable":true,"href":"https:\/\/informelitoral.com.ar\/%77%70%2d%6a%73%6f%6e\/wp\/v2\/comments?post=38827"}],"version-history":[{"count":0,"href":"https:\/\/informelitoral.com.ar\/%77%70%2d%6a%73%6f%6e\/wp\/v2\/posts\/38827\/revisions"}],"wp:featuredmedia":[{"embeddable":true,"href":"https:\/\/informelitoral.com.ar\/%77%70%2d%6a%73%6f%6e\/wp\/v2\/media\/24421"}],"wp:attachment":[{"href":"https:\/\/informelitoral.com.ar\/%77%70%2d%6a%73%6f%6e\/wp\/v2\/media?parent=38827"}],"wp:term":[{"taxonomy":"category","embeddable":true,"href":"https:\/\/informelitoral.com.ar\/%77%70%2d%6a%73%6f%6e\/wp\/v2\/categories?post=38827"},{"taxonomy":"post_tag","embeddable":true,"href":"https:\/\/informelitoral.com.ar\/%77%70%2d%6a%73%6f%6e\/wp\/v2\/tags?post=38827"}],"curies":[{"name":"wp","href":"https:\/\/api.w.org\/{rel}","templated":true}]}}