{"id":38812,"date":"2019-12-20T08:43:50","date_gmt":"2019-12-20T11:43:50","guid":{"rendered":"https:\/\/www.isletasnoticias.com.ar\/?p=38812"},"modified":"2019-12-20T08:43:50","modified_gmt":"2019-12-20T11:43:50","slug":"se-masturbo-en-el-colectivo-que-va-de-diamante-a-parana-y-lo-detuvieron-en-oro-verde","status":"publish","type":"post","link":"https:\/\/informelitoral.com.ar\/se-masturbo-en-el-colectivo-que-va-de-diamante-a-parana-y-lo-detuvieron-en-oro-verde\/","title":{"rendered":"Se masturb\u00f3 en el colectivo que va de Diamante a Paran\u00e1 y lo detuvieron en Oro Verde"},"content":{"rendered":"<p>Un hombre de 55 a\u00f1os fue detenido en la madrugada de este jueves en la comisar\u00eda de Oro Verde, luego de que una adolescente de 16 a\u00f1os alertara que un pasajero del micro en el que ella tambi\u00e9n viajaba, se masturb\u00f3 y la acos\u00f3 sexualmente.<\/p>\n<p>El hecho fue confirmado por el ch\u00f3fer del micro de la empresa de Diamante, que alert\u00f3 al personal policial de la comisaria de Oro Verde.<\/p>\n<p>Todo se inici\u00f3 con el viaje del micro entre Diamante y Paran\u00e1. Desde la Ciudad Blanca regresaba cerca de las 23 a su casa en Aldea Brasilera.<\/p>\n<p>Lo cierto es que al sentarse en uno de los asientos, observ\u00f3 que a corta distancia ocup\u00f3 otro lugar un hombre.<\/p>\n<p>A los pocos minutos, y ya en viaje por la ruta 11, el micro qued\u00f3 con las luces m\u00ednimas. El hombre estaba a la misma altura de los asientos, pasillo de por medio, y no hab\u00eda otras personas en ese sector.<\/p>\n<p>Esta persona comenz\u00f3 a mirarla y sacarle la lengua y tras esto, se desprendi\u00f3 el pantal\u00f3n y comenz\u00f3 a tocarse sus genitales. No conforme con esto, se los exhibi\u00f3 a la menor que qued\u00f3 muy inc\u00f3moda con la situaci\u00f3n.<\/p>\n<p>Asustada y shoqueada, no pidi\u00f3 ayuda en ese momento, pero debi\u00f3 seguir sufriendo las insinuaciones y groser\u00edas del pasajero que se masturb\u00f3.<\/p>\n<p>La adolescente al llegar al ingreso a Brasilera, baj\u00f3 del micro, no sin antes contarle al ch\u00f3fer lo que hab\u00eda sucedido. All\u00ed tom\u00f3 fuerza y le indic\u00f3 cu\u00e1l era el pasajero que la hab\u00eda afectado con su accionar.<\/p>\n<p>El conductor del colectivo sigui\u00f3 con el recorrido y al llegar a la comisar\u00eda de Oro Verde, ubicada sobre la ruta 11, par\u00f3 la marcha del micro y puso en conocimiento del incidente al personal policial.<\/p>\n<p>Notificada la fiscal\u00eda de violencia de g\u00e9nero en turno, dispuso la inmediata detenci\u00f3n del acusado y su traslado hacia la Alcaid\u00eda de Tribunales, a quien se le inici\u00f3 una causa por el delito de abuso sexual simple.<\/p>\n<p><em>Fuente: UNO<\/em><\/p>\n","protected":false},"excerpt":{"rendered":"<p>Una adolescente se quej\u00f3 del hombre que la acos\u00f3 en el viaje entre Diamante y Aldea Brasilera. Qued\u00f3 preso por el abuso sexual simple.<\/p>\n","protected":false},"author":2,"featured_media":38813,"comment_status":"open","ping_status":"open","sticky":false,"template":"","format":"standard","meta":{"fifu_image_url":"","fifu_image_alt":"","footnotes":""},"categories":[14],"tags":[56,133,307,34,174,94],"class_list":{"0":"post-38812","1":"post","2":"type-post","3":"status-publish","4":"format-standard","5":"has-post-thumbnail","7":"category-policiales","8":"tag-abuso","9":"tag-colectivos","10":"tag-detenido","11":"tag-diamante","12":"tag-oro-verde","13":"tag-policia"},"yoast_head":"<title>Se masturb\u00f3 en el colectivo que va de Diamante a Paran\u00e1 y lo detuvieron en Oro Verde - Informe Litoral<\/title>\n<meta name=\"robots\" content=\"index, follow, max-snippet:-1, max-image-preview:large, max-video-preview:-1\" \/>\n<link rel=\"canonical\" href=\"https:\/\/informelitoral.com.ar\/se-masturbo-en-el-colectivo-que-va-de-diamante-a-parana-y-lo-detuvieron-en-oro-verde\/\" \/>\n<meta property=\"og:locale\" content=\"es_ES\" \/>\n<meta property=\"og:type\" content=\"article\" \/>\n<meta property=\"og:title\" content=\"Se masturb\u00f3 en el colectivo que va de Diamante a Paran\u00e1 y lo detuvieron en Oro Verde - Informe Litoral\" \/>\n<meta property=\"og:description\" content=\"Una adolescente se quej\u00f3 del hombre que la acos\u00f3 en el viaje entre Diamante y Aldea Brasilera. Qued\u00f3 preso por el abuso sexual simple.\" \/>\n<meta property=\"og:url\" content=\"https:\/\/informelitoral.com.ar\/se-masturbo-en-el-colectivo-que-va-de-diamante-a-parana-y-lo-detuvieron-en-oro-verde\/\" \/>\n<meta property=\"og:site_name\" content=\"Informe Litoral\" \/>\n<meta property=\"article:publisher\" content=\"https:\/\/www.facebook.com\/informelitoral\/\" \/>\n<meta property=\"article:published_time\" content=\"2019-12-20T11:43:50+00:00\" \/>\n<meta property=\"og:image\" content=\"https:\/\/informelitoral.com.ar\/%77%70%2d%63%6f%6e%74%65%6e%74\/uploads\/2019\/12\/comisaria-oro-verde.png\" \/>\n\t<meta property=\"og:image:width\" content=\"500\" \/>\n\t<meta property=\"og:image:height\" content=\"375\" \/>\n\t<meta property=\"og:image:type\" content=\"image\/png\" \/>\n<meta name=\"author\" content=\"Gonzalo Schmidt\" \/>\n<meta name=\"twitter:card\" content=\"summary_large_image\" \/>\n<meta name=\"twitter:creator\" content=\"@InformeLitoral\" \/>\n<meta name=\"twitter:site\" content=\"@InformeLitoral\" \/>\n<meta name=\"twitter:label1\" content=\"Escrito por\" \/>\n\t<meta name=\"twitter:data1\" content=\"Gonzalo Schmidt\" \/>\n\t<meta name=\"twitter:label2\" content=\"Tiempo de lectura\" \/>\n\t<meta name=\"twitter:data2\" content=\"2 minutos\" \/>\n<script type=\"application\/ld+json\" class=\"yoast-schema-graph\">{\"@context\":\"https:\\\/\\\/schema.org\",\"@graph\":[{\"@type\":\"Article\",\"@id\":\"https:\\\/\\\/informelitoral.com.ar\\\/se-masturbo-en-el-colectivo-que-va-de-diamante-a-parana-y-lo-detuvieron-en-oro-verde\\\/#article\",\"isPartOf\":{\"@id\":\"https:\\\/\\\/informelitoral.com.ar\\\/se-masturbo-en-el-colectivo-que-va-de-diamante-a-parana-y-lo-detuvieron-en-oro-verde\\\/\"},\"author\":{\"name\":\"Gonzalo Schmidt\",\"@id\":\"https:\\\/\\\/informelitoral.com.ar\\\/#\\\/schema\\\/person\\\/b9d00407c836482871ef1d57bf8e3180\"},\"headline\":\"Se masturb\u00f3 en el colectivo que va de Diamante a Paran\u00e1 y lo detuvieron en Oro Verde\",\"datePublished\":\"2019-12-20T11:43:50+00:00\",\"mainEntityOfPage\":{\"@id\":\"https:\\\/\\\/informelitoral.com.ar\\\/se-masturbo-en-el-colectivo-que-va-de-diamante-a-parana-y-lo-detuvieron-en-oro-verde\\\/\"},\"wordCount\":365,\"commentCount\":0,\"publisher\":{\"@id\":\"https:\\\/\\\/informelitoral.com.ar\\\/#organization\"},\"image\":{\"@id\":\"https:\\\/\\\/informelitoral.com.ar\\\/se-masturbo-en-el-colectivo-que-va-de-diamante-a-parana-y-lo-detuvieron-en-oro-verde\\\/#primaryimage\"},\"thumbnailUrl\":\"https:\\\/\\\/informelitoral.com.ar\\\/%77%70%2d%63%6f%6e%74%65%6e%74\\\/uploads\\\/2019\\\/12\\\/comisaria-oro-verde.png\",\"keywords\":[\"Abuso\",\"Colectivos\",\"Detenido\",\"Diamante\",\"Oro Verde\",\"Polic\u00eda\"],\"articleSection\":[\"Policiales\"],\"inLanguage\":\"es\",\"potentialAction\":[{\"@type\":\"CommentAction\",\"name\":\"Comment\",\"target\":[\"https:\\\/\\\/informelitoral.com.ar\\\/se-masturbo-en-el-colectivo-que-va-de-diamante-a-parana-y-lo-detuvieron-en-oro-verde\\\/#respond\"]}]},{\"@type\":\"WebPage\",\"@id\":\"https:\\\/\\\/informelitoral.com.ar\\\/se-masturbo-en-el-colectivo-que-va-de-diamante-a-parana-y-lo-detuvieron-en-oro-verde\\\/\",\"url\":\"https:\\\/\\\/informelitoral.com.ar\\\/se-masturbo-en-el-colectivo-que-va-de-diamante-a-parana-y-lo-detuvieron-en-oro-verde\\\/\",\"name\":\"Se masturb\u00f3 en el colectivo que va de Diamante a Paran\u00e1 y lo detuvieron en Oro Verde - Informe Litoral\",\"isPartOf\":{\"@id\":\"https:\\\/\\\/informelitoral.com.ar\\\/#website\"},\"primaryImageOfPage\":{\"@id\":\"https:\\\/\\\/informelitoral.com.ar\\\/se-masturbo-en-el-colectivo-que-va-de-diamante-a-parana-y-lo-detuvieron-en-oro-verde\\\/#primaryimage\"},\"image\":{\"@id\":\"https:\\\/\\\/informelitoral.com.ar\\\/se-masturbo-en-el-colectivo-que-va-de-diamante-a-parana-y-lo-detuvieron-en-oro-verde\\\/#primaryimage\"},\"thumbnailUrl\":\"https:\\\/\\\/informelitoral.com.ar\\\/%77%70%2d%63%6f%6e%74%65%6e%74\\\/uploads\\\/2019\\\/12\\\/comisaria-oro-verde.png\",\"datePublished\":\"2019-12-20T11:43:50+00:00\",\"breadcrumb\":{\"@id\":\"https:\\\/\\\/informelitoral.com.ar\\\/se-masturbo-en-el-colectivo-que-va-de-diamante-a-parana-y-lo-detuvieron-en-oro-verde\\\/#breadcrumb\"},\"inLanguage\":\"es\",\"potentialAction\":[{\"@type\":\"ReadAction\",\"target\":[\"https:\\\/\\\/informelitoral.com.ar\\\/se-masturbo-en-el-colectivo-que-va-de-diamante-a-parana-y-lo-detuvieron-en-oro-verde\\\/\"]}]},{\"@type\":\"ImageObject\",\"inLanguage\":\"es\",\"@id\":\"https:\\\/\\\/informelitoral.com.ar\\\/se-masturbo-en-el-colectivo-que-va-de-diamante-a-parana-y-lo-detuvieron-en-oro-verde\\\/#primaryimage\",\"url\":\"https:\\\/\\\/informelitoral.com.ar\\\/%77%70%2d%63%6f%6e%74%65%6e%74\\\/uploads\\\/2019\\\/12\\\/comisaria-oro-verde.png\",\"contentUrl\":\"https:\\\/\\\/informelitoral.com.ar\\\/%77%70%2d%63%6f%6e%74%65%6e%74\\\/uploads\\\/2019\\\/12\\\/comisaria-oro-verde.png\",\"width\":500,\"height\":375},{\"@type\":\"BreadcrumbList\",\"@id\":\"https:\\\/\\\/informelitoral.com.ar\\\/se-masturbo-en-el-colectivo-que-va-de-diamante-a-parana-y-lo-detuvieron-en-oro-verde\\\/#breadcrumb\",\"itemListElement\":[{\"@type\":\"ListItem\",\"position\":1,\"name\":\"Portada\",\"item\":\"https:\\\/\\\/informelitoral.com.ar\\\/\"},{\"@type\":\"ListItem\",\"position\":2,\"name\":\"Se masturb\u00f3 en el colectivo que va de Diamante a Paran\u00e1 y lo detuvieron en Oro Verde\"}]},{\"@type\":\"WebSite\",\"@id\":\"https:\\\/\\\/informelitoral.com.ar\\\/#website\",\"url\":\"https:\\\/\\\/informelitoral.com.ar\\\/\",\"name\":\"Informe Litoral\",\"description\":\"&quot;Nos informamos&quot; \",\"publisher\":{\"@id\":\"https:\\\/\\\/informelitoral.com.ar\\\/#organization\"},\"potentialAction\":[{\"@type\":\"SearchAction\",\"target\":{\"@type\":\"EntryPoint\",\"urlTemplate\":\"https:\\\/\\\/informelitoral.com.ar\\\/?s={search_term_string}\"},\"query-input\":{\"@type\":\"PropertyValueSpecification\",\"valueRequired\":true,\"valueName\":\"search_term_string\"}}],\"inLanguage\":\"es\"},{\"@type\":\"Organization\",\"@id\":\"https:\\\/\\\/informelitoral.com.ar\\\/#organization\",\"name\":\"Informe Litoral\",\"url\":\"https:\\\/\\\/informelitoral.com.ar\\\/\",\"logo\":{\"@type\":\"ImageObject\",\"inLanguage\":\"es\",\"@id\":\"https:\\\/\\\/informelitoral.com.ar\\\/#\\\/schema\\\/logo\\\/image\\\/\",\"url\":\"https:\\\/\\\/informelitoral.com.ar\\\/%77%70%2d%63%6f%6e%74%65%6e%74\\\/uploads\\\/2021\\\/01\\\/circulo.png\",\"contentUrl\":\"https:\\\/\\\/informelitoral.com.ar\\\/%77%70%2d%63%6f%6e%74%65%6e%74\\\/uploads\\\/2021\\\/01\\\/circulo.png\",\"width\":723,\"height\":731,\"caption\":\"Informe Litoral\"},\"image\":{\"@id\":\"https:\\\/\\\/informelitoral.com.ar\\\/#\\\/schema\\\/logo\\\/image\\\/\"},\"sameAs\":[\"https:\\\/\\\/www.facebook.com\\\/informelitoral\\\/\",\"https:\\\/\\\/x.com\\\/InformeLitoral\",\"https:\\\/\\\/www.instagram.com\\\/informelitoral\\\/\",\"https:\\\/\\\/www.youtube.com\\\/channel\\\/UCua4Qvz8Icb6MYqhoq9xLXw\"]},{\"@type\":\"Person\",\"@id\":\"https:\\\/\\\/informelitoral.com.ar\\\/#\\\/schema\\\/person\\\/b9d00407c836482871ef1d57bf8e3180\",\"name\":\"Gonzalo Schmidt\",\"image\":{\"@type\":\"ImageObject\",\"inLanguage\":\"es\",\"@id\":\"https:\\\/\\\/secure.gravatar.com\\\/avatar\\\/31a1a7b66ff2de83bd0e9fd79d026630d2d99e55e8bfe501287647b4fd9743de?s=96&d=mm&r=g\",\"url\":\"https:\\\/\\\/secure.gravatar.com\\\/avatar\\\/31a1a7b66ff2de83bd0e9fd79d026630d2d99e55e8bfe501287647b4fd9743de?s=96&d=mm&r=g\",\"contentUrl\":\"https:\\\/\\\/secure.gravatar.com\\\/avatar\\\/31a1a7b66ff2de83bd0e9fd79d026630d2d99e55e8bfe501287647b4fd9743de?s=96&d=mm&r=g\",\"caption\":\"Gonzalo Schmidt\"},\"description\":\"Sitio web de noticias de la provincia de Entre R\u00edos, Argentina. Informaci\u00f3n y entretenimiento. Informe Litoral, nos informamos.\",\"sameAs\":[\"http:\\\/\\\/www.isletasnoticias.com.ar\"],\"url\":\"https:\\\/\\\/informelitoral.com.ar\\\/author\\\/gonzalo\\\/\"}]}<\/script>","yoast_head_json":{"title":"Se masturb\u00f3 en el colectivo que va de Diamante a Paran\u00e1 y lo detuvieron en Oro Verde - Informe Litoral","robots":{"index":"index","follow":"follow","max-snippet":"max-snippet:-1","max-image-preview":"max-image-preview:large","max-video-preview":"max-video-preview:-1"},"canonical":"https:\/\/informelitoral.com.ar\/se-masturbo-en-el-colectivo-que-va-de-diamante-a-parana-y-lo-detuvieron-en-oro-verde\/","og_locale":"es_ES","og_type":"article","og_title":"Se masturb\u00f3 en el colectivo que va de Diamante a Paran\u00e1 y lo detuvieron en Oro Verde - Informe Litoral","og_description":"Una adolescente se quej\u00f3 del hombre que la acos\u00f3 en el viaje entre Diamante y Aldea Brasilera. Qued\u00f3 preso por el abuso sexual simple.","og_url":"https:\/\/informelitoral.com.ar\/se-masturbo-en-el-colectivo-que-va-de-diamante-a-parana-y-lo-detuvieron-en-oro-verde\/","og_site_name":"Informe Litoral","article_publisher":"https:\/\/www.facebook.com\/informelitoral\/","article_published_time":"2019-12-20T11:43:50+00:00","og_image":[{"width":500,"height":375,"url":"https:\/\/informelitoral.com.ar\/%77%70%2d%63%6f%6e%74%65%6e%74\/uploads\/2019\/12\/comisaria-oro-verde.png","type":"image\/png"}],"author":"Gonzalo Schmidt","twitter_card":"summary_large_image","twitter_creator":"@InformeLitoral","twitter_site":"@InformeLitoral","twitter_misc":{"Escrito por":"Gonzalo Schmidt","Tiempo de lectura":"2 minutos"},"schema":{"@context":"https:\/\/schema.org","@graph":[{"@type":"Article","@id":"https:\/\/informelitoral.com.ar\/se-masturbo-en-el-colectivo-que-va-de-diamante-a-parana-y-lo-detuvieron-en-oro-verde\/#article","isPartOf":{"@id":"https:\/\/informelitoral.com.ar\/se-masturbo-en-el-colectivo-que-va-de-diamante-a-parana-y-lo-detuvieron-en-oro-verde\/"},"author":{"name":"Gonzalo Schmidt","@id":"https:\/\/informelitoral.com.ar\/#\/schema\/person\/b9d00407c836482871ef1d57bf8e3180"},"headline":"Se masturb\u00f3 en el colectivo que va de Diamante a Paran\u00e1 y lo detuvieron en Oro Verde","datePublished":"2019-12-20T11:43:50+00:00","mainEntityOfPage":{"@id":"https:\/\/informelitoral.com.ar\/se-masturbo-en-el-colectivo-que-va-de-diamante-a-parana-y-lo-detuvieron-en-oro-verde\/"},"wordCount":365,"commentCount":0,"publisher":{"@id":"https:\/\/informelitoral.com.ar\/#organization"},"image":{"@id":"https:\/\/informelitoral.com.ar\/se-masturbo-en-el-colectivo-que-va-de-diamante-a-parana-y-lo-detuvieron-en-oro-verde\/#primaryimage"},"thumbnailUrl":"https:\/\/informelitoral.com.ar\/%77%70%2d%63%6f%6e%74%65%6e%74\/uploads\/2019\/12\/comisaria-oro-verde.png","keywords":["Abuso","Colectivos","Detenido","Diamante","Oro Verde","Polic\u00eda"],"articleSection":["Policiales"],"inLanguage":"es","potentialAction":[{"@type":"CommentAction","name":"Comment","target":["https:\/\/informelitoral.com.ar\/se-masturbo-en-el-colectivo-que-va-de-diamante-a-parana-y-lo-detuvieron-en-oro-verde\/#respond"]}]},{"@type":"WebPage","@id":"https:\/\/informelitoral.com.ar\/se-masturbo-en-el-colectivo-que-va-de-diamante-a-parana-y-lo-detuvieron-en-oro-verde\/","url":"https:\/\/informelitoral.com.ar\/se-masturbo-en-el-colectivo-que-va-de-diamante-a-parana-y-lo-detuvieron-en-oro-verde\/","name":"Se masturb\u00f3 en el colectivo que va de Diamante a Paran\u00e1 y lo detuvieron en Oro Verde - Informe Litoral","isPartOf":{"@id":"https:\/\/informelitoral.com.ar\/#website"},"primaryImageOfPage":{"@id":"https:\/\/informelitoral.com.ar\/se-masturbo-en-el-colectivo-que-va-de-diamante-a-parana-y-lo-detuvieron-en-oro-verde\/#primaryimage"},"image":{"@id":"https:\/\/informelitoral.com.ar\/se-masturbo-en-el-colectivo-que-va-de-diamante-a-parana-y-lo-detuvieron-en-oro-verde\/#primaryimage"},"thumbnailUrl":"https:\/\/informelitoral.com.ar\/%77%70%2d%63%6f%6e%74%65%6e%74\/uploads\/2019\/12\/comisaria-oro-verde.png","datePublished":"2019-12-20T11:43:50+00:00","breadcrumb":{"@id":"https:\/\/informelitoral.com.ar\/se-masturbo-en-el-colectivo-que-va-de-diamante-a-parana-y-lo-detuvieron-en-oro-verde\/#breadcrumb"},"inLanguage":"es","potentialAction":[{"@type":"ReadAction","target":["https:\/\/informelitoral.com.ar\/se-masturbo-en-el-colectivo-que-va-de-diamante-a-parana-y-lo-detuvieron-en-oro-verde\/"]}]},{"@type":"ImageObject","inLanguage":"es","@id":"https:\/\/informelitoral.com.ar\/se-masturbo-en-el-colectivo-que-va-de-diamante-a-parana-y-lo-detuvieron-en-oro-verde\/#primaryimage","url":"https:\/\/informelitoral.com.ar\/%77%70%2d%63%6f%6e%74%65%6e%74\/uploads\/2019\/12\/comisaria-oro-verde.png","contentUrl":"https:\/\/informelitoral.com.ar\/%77%70%2d%63%6f%6e%74%65%6e%74\/uploads\/2019\/12\/comisaria-oro-verde.png","width":500,"height":375},{"@type":"BreadcrumbList","@id":"https:\/\/informelitoral.com.ar\/se-masturbo-en-el-colectivo-que-va-de-diamante-a-parana-y-lo-detuvieron-en-oro-verde\/#breadcrumb","itemListElement":[{"@type":"ListItem","position":1,"name":"Portada","item":"https:\/\/informelitoral.com.ar\/"},{"@type":"ListItem","position":2,"name":"Se masturb\u00f3 en el colectivo que va de Diamante a Paran\u00e1 y lo detuvieron en Oro Verde"}]},{"@type":"WebSite","@id":"https:\/\/informelitoral.com.ar\/#website","url":"https:\/\/informelitoral.com.ar\/","name":"Informe Litoral","description":"&quot;Nos informamos&quot; ","publisher":{"@id":"https:\/\/informelitoral.com.ar\/#organization"},"potentialAction":[{"@type":"SearchAction","target":{"@type":"EntryPoint","urlTemplate":"https:\/\/informelitoral.com.ar\/?s={search_term_string}"},"query-input":{"@type":"PropertyValueSpecification","valueRequired":true,"valueName":"search_term_string"}}],"inLanguage":"es"},{"@type":"Organization","@id":"https:\/\/informelitoral.com.ar\/#organization","name":"Informe Litoral","url":"https:\/\/informelitoral.com.ar\/","logo":{"@type":"ImageObject","inLanguage":"es","@id":"https:\/\/informelitoral.com.ar\/#\/schema\/logo\/image\/","url":"https:\/\/informelitoral.com.ar\/%77%70%2d%63%6f%6e%74%65%6e%74\/uploads\/2021\/01\/circulo.png","contentUrl":"https:\/\/informelitoral.com.ar\/%77%70%2d%63%6f%6e%74%65%6e%74\/uploads\/2021\/01\/circulo.png","width":723,"height":731,"caption":"Informe Litoral"},"image":{"@id":"https:\/\/informelitoral.com.ar\/#\/schema\/logo\/image\/"},"sameAs":["https:\/\/www.facebook.com\/informelitoral\/","https:\/\/x.com\/InformeLitoral","https:\/\/www.instagram.com\/informelitoral\/","https:\/\/www.youtube.com\/channel\/UCua4Qvz8Icb6MYqhoq9xLXw"]},{"@type":"Person","@id":"https:\/\/informelitoral.com.ar\/#\/schema\/person\/b9d00407c836482871ef1d57bf8e3180","name":"Gonzalo Schmidt","image":{"@type":"ImageObject","inLanguage":"es","@id":"https:\/\/secure.gravatar.com\/avatar\/31a1a7b66ff2de83bd0e9fd79d026630d2d99e55e8bfe501287647b4fd9743de?s=96&d=mm&r=g","url":"https:\/\/secure.gravatar.com\/avatar\/31a1a7b66ff2de83bd0e9fd79d026630d2d99e55e8bfe501287647b4fd9743de?s=96&d=mm&r=g","contentUrl":"https:\/\/secure.gravatar.com\/avatar\/31a1a7b66ff2de83bd0e9fd79d026630d2d99e55e8bfe501287647b4fd9743de?s=96&d=mm&r=g","caption":"Gonzalo Schmidt"},"description":"Sitio web de noticias de la provincia de Entre R\u00edos, Argentina. Informaci\u00f3n y entretenimiento. Informe Litoral, nos informamos.","sameAs":["http:\/\/www.isletasnoticias.com.ar"],"url":"https:\/\/informelitoral.com.ar\/author\/gonzalo\/"}]}},"_links":{"self":[{"href":"https:\/\/informelitoral.com.ar\/%77%70%2d%6a%73%6f%6e\/wp\/v2\/posts\/38812","targetHints":{"allow":["GET"]}}],"collection":[{"href":"https:\/\/informelitoral.com.ar\/%77%70%2d%6a%73%6f%6e\/wp\/v2\/posts"}],"about":[{"href":"https:\/\/informelitoral.com.ar\/%77%70%2d%6a%73%6f%6e\/wp\/v2\/types\/post"}],"author":[{"embeddable":true,"href":"https:\/\/informelitoral.com.ar\/%77%70%2d%6a%73%6f%6e\/wp\/v2\/users\/2"}],"replies":[{"embeddable":true,"href":"https:\/\/informelitoral.com.ar\/%77%70%2d%6a%73%6f%6e\/wp\/v2\/comments?post=38812"}],"version-history":[{"count":0,"href":"https:\/\/informelitoral.com.ar\/%77%70%2d%6a%73%6f%6e\/wp\/v2\/posts\/38812\/revisions"}],"wp:featuredmedia":[{"embeddable":true,"href":"https:\/\/informelitoral.com.ar\/%77%70%2d%6a%73%6f%6e\/wp\/v2\/media\/38813"}],"wp:attachment":[{"href":"https:\/\/informelitoral.com.ar\/%77%70%2d%6a%73%6f%6e\/wp\/v2\/media?parent=38812"}],"wp:term":[{"taxonomy":"category","embeddable":true,"href":"https:\/\/informelitoral.com.ar\/%77%70%2d%6a%73%6f%6e\/wp\/v2\/categories?post=38812"},{"taxonomy":"post_tag","embeddable":true,"href":"https:\/\/informelitoral.com.ar\/%77%70%2d%6a%73%6f%6e\/wp\/v2\/tags?post=38812"}],"curies":[{"name":"wp","href":"https:\/\/api.w.org\/{rel}","templated":true}]}}