{"id":38766,"date":"2019-12-18T06:43:42","date_gmt":"2019-12-18T09:43:42","guid":{"rendered":"https:\/\/www.isletasnoticias.com.ar\/?p=38766"},"modified":"2019-12-18T11:49:49","modified_gmt":"2019-12-18T14:49:49","slug":"cuando-se-paga-el-bono-de-5-000-para-jubilados-y-quienes-lo-van-a-cobrar","status":"publish","type":"post","link":"https:\/\/informelitoral.com.ar\/cuando-se-paga-el-bono-de-5-000-para-jubilados-y-quienes-lo-van-a-cobrar\/","title":{"rendered":"Cu\u00e1ndo se paga el bono de $5.000 para jubilados y qui\u00e9nes lo van a cobrar"},"content":{"rendered":"<div class=\"row pb-content-type-text\">\n<div class=\"col-xs-12 col-print-12\">\n<p class=\"element element-paragraph\"><mark class=\"hl_yellow\"><b>El bono de $5000 anunciado por el Gobierno para jubilados y pensionados tiene fecha de pago. Es el lunes 30 de diciembre<\/b>. Pero no alcanza a todos los jubilados, sino a quienes cobran la m\u00ednima y a quienes no superan los $ 19.068 de haber mensual.<\/mark>\u00a0Esto es porque la iniciativa oficial fij\u00f3 un \u201c<mark class=\"hl_yellow\">piso garantizado<\/mark>\u201d en ese nivel hasta el cual todos los beneficiarios recibir\u00e1n el plus de fin de a\u00f1o.\u00a0<b>El mismo d\u00eda tambi\u00e9n se pagar\u00e1 un plus de $2000 para los beneficiarios de la Asignaci\u00f3n Universal por Hijo<\/b> (AUH).<\/p>\n<p class=\"element element-paragraph\">El presidente Alberto Fern\u00e1ndez anunci\u00f3 el pago de dos bonos de $5.000 para jubilados y pensionados, uno en diciembre y otro en enero, m\u00e1s un plus para beneficiarios de la AUH como compensaci\u00f3n ante la interrupci\u00f3n de la actualizaci\u00f3n autom\u00e1tica de los haberes.<\/p>\n<\/div>\n<\/div>\n<div class=\"row pb-content-type-text\">\n<div class=\"col-xs-12 col-print-12\">\n<p class=\"element element-paragraph\">El esquema abarca a alrededor de\u00a0<b>4,5 millones de jubilados y pensionados<\/b>, m\u00e1s\u00a0<b>2,2 millones de padres de ni\u00f1os que perciben la AUH<\/b>. El pago del bono en enero se har\u00e1 junto con el de los haberes.\u00a0<b>Son pagos por \u00fanica vez.<\/b><\/p>\n<p class=\"element element-paragraph\"><span style=\"text-align: center;\">El 30 <\/span><mark class=\"hl_yellow\" style=\"font-style: italic; text-align: center;\">cobrar\u00e1n el bono todos los jubilados y pensionados que tengan\u00a0<b>haberes mensuales por $ 14.068 brutos -la m\u00ednima- o menos<\/b>. T<b>ambi\u00e9n quienes cobren entre esa cifra y $ 19.068 mensuales<\/b>, las jubilaciones m\u00e1s bajas, aunque\u00a0<b>en ese caso ser\u00e1 por montos menores<\/b><\/mark><span style=\"text-align: center;\">. Esto es para evitar que algunos beneficiarios salgan perjudicados por cobrar apenas por encima de la m\u00ednima.<\/span><\/p>\n<\/div>\n<\/div>\n<div class=\"row pb-content-type-text\">\n<div class=\"col-xs-12 col-print-12\">\n<p class=\"element element-paragraph\">Por dar un ejemplo,\u00a0<mark class=\"hl_yellow\">un jubilado que cobra la m\u00ednima recibir\u00e1 el bono entero el d\u00eda 30. Mientras tanto, otro que cobrara habitualmente unos $1.000 por encima de la m\u00ednima, $15.068 brutos, percibir\u00e1 un bono de $ 4.000. Quienes ganan $ 16.068, $ 3.000. As\u00ed, hasta garantizar el piso de $ 19.068 en diciembre<\/mark>.<\/p>\n<\/div>\n<\/div>\n<div class=\"row pb-content-type-text\">\n<div class=\"col-xs-12 col-print-12\">\n<p class=\"element element-paragraph\">En el caso de los beneficiarios de la AUH, mientras tanto, el plus de $ 2000 abarca a todos.<\/p>\n<\/div>\n<\/div>\n<div class=\"row pb-content-type-text\">\n<div class=\"col-xs-12 col-print-12\">\n<p class=\"element element-paragraph\">De esta manera,\u00a0<mark class=\"hl_yellow\"><b>el esquema deja afuera a unos 3 millones de jubilados y pensionados que perciben haberes por encima del piso garantizado<\/b> que no tendr\u00e1n acceso a un plus en diciembre y enero. <span style=\"background-color: #ffffff;\"><em>(Infobae)<\/em><\/span><\/mark><\/p>\n<\/div>\n<\/div>\n","protected":false},"excerpt":{"rendered":"<p>Es para todo jubilado y pensionado cuyo haber mensual llegue hasta $19.067, ya que se fij\u00f3 un \u201cpiso garantizado\u201d. Tambi\u00e9n habr\u00e1 $2000 para beneficiarios de la AUH. Se paga el lunes 30 de diciembre.<\/p>\n","protected":false},"author":2,"featured_media":27200,"comment_status":"open","ping_status":"open","sticky":false,"template":"","format":"standard","meta":{"fifu_image_url":"","fifu_image_alt":"","footnotes":""},"categories":[7],"tags":[102],"class_list":{"0":"post-38766","1":"post","2":"type-post","3":"status-publish","4":"format-standard","5":"has-post-thumbnail","7":"category-nacionales","8":"tag-jubilados"},"yoast_head":"<title>Cu\u00e1ndo se paga el bono de $5.000 para jubilados y qui\u00e9nes lo van a cobrar - Informe Litoral<\/title>\n<meta name=\"robots\" content=\"index, follow, max-snippet:-1, max-image-preview:large, max-video-preview:-1\" \/>\n<link rel=\"canonical\" href=\"https:\/\/informelitoral.com.ar\/cuando-se-paga-el-bono-de-5-000-para-jubilados-y-quienes-lo-van-a-cobrar\/\" \/>\n<meta property=\"og:locale\" content=\"es_ES\" \/>\n<meta property=\"og:type\" content=\"article\" \/>\n<meta property=\"og:title\" content=\"Cu\u00e1ndo se paga el bono de $5.000 para jubilados y qui\u00e9nes lo van a cobrar - Informe Litoral\" \/>\n<meta property=\"og:description\" content=\"Es para todo jubilado y pensionado cuyo haber mensual llegue hasta $19.067, ya que se fij\u00f3 un \u201cpiso garantizado\u201d. Tambi\u00e9n habr\u00e1 $2000 para beneficiarios de la AUH. Se paga el lunes 30 de diciembre.\" \/>\n<meta property=\"og:url\" content=\"https:\/\/informelitoral.com.ar\/cuando-se-paga-el-bono-de-5-000-para-jubilados-y-quienes-lo-van-a-cobrar\/\" \/>\n<meta property=\"og:site_name\" content=\"Informe Litoral\" \/>\n<meta property=\"article:publisher\" content=\"https:\/\/www.facebook.com\/informelitoral\/\" \/>\n<meta property=\"article:published_time\" content=\"2019-12-18T09:43:42+00:00\" \/>\n<meta property=\"article:modified_time\" content=\"2019-12-18T14:49:49+00:00\" \/>\n<meta property=\"og:image\" content=\"https:\/\/informelitoral.com.ar\/%77%70%2d%63%6f%6e%74%65%6e%74\/uploads\/2018\/06\/jubilados.jpeg\" \/>\n\t<meta property=\"og:image:width\" content=\"975\" \/>\n\t<meta property=\"og:image:height\" content=\"650\" \/>\n\t<meta property=\"og:image:type\" content=\"image\/jpeg\" \/>\n<meta name=\"author\" content=\"Gonzalo Schmidt\" \/>\n<meta name=\"twitter:card\" content=\"summary_large_image\" \/>\n<meta name=\"twitter:creator\" content=\"@InformeLitoral\" \/>\n<meta name=\"twitter:site\" content=\"@InformeLitoral\" \/>\n<meta name=\"twitter:label1\" content=\"Escrito por\" \/>\n\t<meta name=\"twitter:data1\" content=\"Gonzalo Schmidt\" \/>\n\t<meta name=\"twitter:label2\" content=\"Tiempo de lectura\" \/>\n\t<meta name=\"twitter:data2\" content=\"2 minutos\" \/>\n<script type=\"application\/ld+json\" class=\"yoast-schema-graph\">{\"@context\":\"https:\\\/\\\/schema.org\",\"@graph\":[{\"@type\":\"Article\",\"@id\":\"https:\\\/\\\/informelitoral.com.ar\\\/cuando-se-paga-el-bono-de-5-000-para-jubilados-y-quienes-lo-van-a-cobrar\\\/#article\",\"isPartOf\":{\"@id\":\"https:\\\/\\\/informelitoral.com.ar\\\/cuando-se-paga-el-bono-de-5-000-para-jubilados-y-quienes-lo-van-a-cobrar\\\/\"},\"author\":{\"name\":\"Gonzalo Schmidt\",\"@id\":\"https:\\\/\\\/informelitoral.com.ar\\\/#\\\/schema\\\/person\\\/b9d00407c836482871ef1d57bf8e3180\"},\"headline\":\"Cu\u00e1ndo se paga el bono de $5.000 para jubilados y qui\u00e9nes lo van a cobrar\",\"datePublished\":\"2019-12-18T09:43:42+00:00\",\"dateModified\":\"2019-12-18T14:49:49+00:00\",\"mainEntityOfPage\":{\"@id\":\"https:\\\/\\\/informelitoral.com.ar\\\/cuando-se-paga-el-bono-de-5-000-para-jubilados-y-quienes-lo-van-a-cobrar\\\/\"},\"wordCount\":358,\"commentCount\":0,\"publisher\":{\"@id\":\"https:\\\/\\\/informelitoral.com.ar\\\/#organization\"},\"image\":{\"@id\":\"https:\\\/\\\/informelitoral.com.ar\\\/cuando-se-paga-el-bono-de-5-000-para-jubilados-y-quienes-lo-van-a-cobrar\\\/#primaryimage\"},\"thumbnailUrl\":\"https:\\\/\\\/informelitoral.com.ar\\\/%77%70%2d%63%6f%6e%74%65%6e%74\\\/uploads\\\/2018\\\/06\\\/jubilados.jpeg\",\"keywords\":[\"Jubilados\"],\"articleSection\":[\"Nacionales\"],\"inLanguage\":\"es\",\"potentialAction\":[{\"@type\":\"CommentAction\",\"name\":\"Comment\",\"target\":[\"https:\\\/\\\/informelitoral.com.ar\\\/cuando-se-paga-el-bono-de-5-000-para-jubilados-y-quienes-lo-van-a-cobrar\\\/#respond\"]}]},{\"@type\":\"WebPage\",\"@id\":\"https:\\\/\\\/informelitoral.com.ar\\\/cuando-se-paga-el-bono-de-5-000-para-jubilados-y-quienes-lo-van-a-cobrar\\\/\",\"url\":\"https:\\\/\\\/informelitoral.com.ar\\\/cuando-se-paga-el-bono-de-5-000-para-jubilados-y-quienes-lo-van-a-cobrar\\\/\",\"name\":\"Cu\u00e1ndo se paga el bono de $5.000 para jubilados y qui\u00e9nes lo van a cobrar - Informe Litoral\",\"isPartOf\":{\"@id\":\"https:\\\/\\\/informelitoral.com.ar\\\/#website\"},\"primaryImageOfPage\":{\"@id\":\"https:\\\/\\\/informelitoral.com.ar\\\/cuando-se-paga-el-bono-de-5-000-para-jubilados-y-quienes-lo-van-a-cobrar\\\/#primaryimage\"},\"image\":{\"@id\":\"https:\\\/\\\/informelitoral.com.ar\\\/cuando-se-paga-el-bono-de-5-000-para-jubilados-y-quienes-lo-van-a-cobrar\\\/#primaryimage\"},\"thumbnailUrl\":\"https:\\\/\\\/informelitoral.com.ar\\\/%77%70%2d%63%6f%6e%74%65%6e%74\\\/uploads\\\/2018\\\/06\\\/jubilados.jpeg\",\"datePublished\":\"2019-12-18T09:43:42+00:00\",\"dateModified\":\"2019-12-18T14:49:49+00:00\",\"breadcrumb\":{\"@id\":\"https:\\\/\\\/informelitoral.com.ar\\\/cuando-se-paga-el-bono-de-5-000-para-jubilados-y-quienes-lo-van-a-cobrar\\\/#breadcrumb\"},\"inLanguage\":\"es\",\"potentialAction\":[{\"@type\":\"ReadAction\",\"target\":[\"https:\\\/\\\/informelitoral.com.ar\\\/cuando-se-paga-el-bono-de-5-000-para-jubilados-y-quienes-lo-van-a-cobrar\\\/\"]}]},{\"@type\":\"ImageObject\",\"inLanguage\":\"es\",\"@id\":\"https:\\\/\\\/informelitoral.com.ar\\\/cuando-se-paga-el-bono-de-5-000-para-jubilados-y-quienes-lo-van-a-cobrar\\\/#primaryimage\",\"url\":\"https:\\\/\\\/informelitoral.com.ar\\\/%77%70%2d%63%6f%6e%74%65%6e%74\\\/uploads\\\/2018\\\/06\\\/jubilados.jpeg\",\"contentUrl\":\"https:\\\/\\\/informelitoral.com.ar\\\/%77%70%2d%63%6f%6e%74%65%6e%74\\\/uploads\\\/2018\\\/06\\\/jubilados.jpeg\",\"width\":975,\"height\":650},{\"@type\":\"BreadcrumbList\",\"@id\":\"https:\\\/\\\/informelitoral.com.ar\\\/cuando-se-paga-el-bono-de-5-000-para-jubilados-y-quienes-lo-van-a-cobrar\\\/#breadcrumb\",\"itemListElement\":[{\"@type\":\"ListItem\",\"position\":1,\"name\":\"Portada\",\"item\":\"https:\\\/\\\/informelitoral.com.ar\\\/\"},{\"@type\":\"ListItem\",\"position\":2,\"name\":\"Cu\u00e1ndo se paga el bono de $5.000 para jubilados y qui\u00e9nes lo van a cobrar\"}]},{\"@type\":\"WebSite\",\"@id\":\"https:\\\/\\\/informelitoral.com.ar\\\/#website\",\"url\":\"https:\\\/\\\/informelitoral.com.ar\\\/\",\"name\":\"Informe Litoral\",\"description\":\"&quot;Nos informamos&quot; \",\"publisher\":{\"@id\":\"https:\\\/\\\/informelitoral.com.ar\\\/#organization\"},\"potentialAction\":[{\"@type\":\"SearchAction\",\"target\":{\"@type\":\"EntryPoint\",\"urlTemplate\":\"https:\\\/\\\/informelitoral.com.ar\\\/?s={search_term_string}\"},\"query-input\":{\"@type\":\"PropertyValueSpecification\",\"valueRequired\":true,\"valueName\":\"search_term_string\"}}],\"inLanguage\":\"es\"},{\"@type\":\"Organization\",\"@id\":\"https:\\\/\\\/informelitoral.com.ar\\\/#organization\",\"name\":\"Informe Litoral\",\"url\":\"https:\\\/\\\/informelitoral.com.ar\\\/\",\"logo\":{\"@type\":\"ImageObject\",\"inLanguage\":\"es\",\"@id\":\"https:\\\/\\\/informelitoral.com.ar\\\/#\\\/schema\\\/logo\\\/image\\\/\",\"url\":\"https:\\\/\\\/informelitoral.com.ar\\\/%77%70%2d%63%6f%6e%74%65%6e%74\\\/uploads\\\/2021\\\/01\\\/circulo.png\",\"contentUrl\":\"https:\\\/\\\/informelitoral.com.ar\\\/%77%70%2d%63%6f%6e%74%65%6e%74\\\/uploads\\\/2021\\\/01\\\/circulo.png\",\"width\":723,\"height\":731,\"caption\":\"Informe Litoral\"},\"image\":{\"@id\":\"https:\\\/\\\/informelitoral.com.ar\\\/#\\\/schema\\\/logo\\\/image\\\/\"},\"sameAs\":[\"https:\\\/\\\/www.facebook.com\\\/informelitoral\\\/\",\"https:\\\/\\\/x.com\\\/InformeLitoral\",\"https:\\\/\\\/www.instagram.com\\\/informelitoral\\\/\",\"https:\\\/\\\/www.youtube.com\\\/channel\\\/UCua4Qvz8Icb6MYqhoq9xLXw\"]},{\"@type\":\"Person\",\"@id\":\"https:\\\/\\\/informelitoral.com.ar\\\/#\\\/schema\\\/person\\\/b9d00407c836482871ef1d57bf8e3180\",\"name\":\"Gonzalo Schmidt\",\"image\":{\"@type\":\"ImageObject\",\"inLanguage\":\"es\",\"@id\":\"https:\\\/\\\/secure.gravatar.com\\\/avatar\\\/31a1a7b66ff2de83bd0e9fd79d026630d2d99e55e8bfe501287647b4fd9743de?s=96&d=mm&r=g\",\"url\":\"https:\\\/\\\/secure.gravatar.com\\\/avatar\\\/31a1a7b66ff2de83bd0e9fd79d026630d2d99e55e8bfe501287647b4fd9743de?s=96&d=mm&r=g\",\"contentUrl\":\"https:\\\/\\\/secure.gravatar.com\\\/avatar\\\/31a1a7b66ff2de83bd0e9fd79d026630d2d99e55e8bfe501287647b4fd9743de?s=96&d=mm&r=g\",\"caption\":\"Gonzalo Schmidt\"},\"description\":\"Sitio web de noticias de la provincia de Entre R\u00edos, Argentina. Informaci\u00f3n y entretenimiento. Informe Litoral, nos informamos.\",\"sameAs\":[\"http:\\\/\\\/www.isletasnoticias.com.ar\"],\"url\":\"https:\\\/\\\/informelitoral.com.ar\\\/author\\\/gonzalo\\\/\"}]}<\/script>","yoast_head_json":{"title":"Cu\u00e1ndo se paga el bono de $5.000 para jubilados y qui\u00e9nes lo van a cobrar - Informe Litoral","robots":{"index":"index","follow":"follow","max-snippet":"max-snippet:-1","max-image-preview":"max-image-preview:large","max-video-preview":"max-video-preview:-1"},"canonical":"https:\/\/informelitoral.com.ar\/cuando-se-paga-el-bono-de-5-000-para-jubilados-y-quienes-lo-van-a-cobrar\/","og_locale":"es_ES","og_type":"article","og_title":"Cu\u00e1ndo se paga el bono de $5.000 para jubilados y qui\u00e9nes lo van a cobrar - Informe Litoral","og_description":"Es para todo jubilado y pensionado cuyo haber mensual llegue hasta $19.067, ya que se fij\u00f3 un \u201cpiso garantizado\u201d. Tambi\u00e9n habr\u00e1 $2000 para beneficiarios de la AUH. Se paga el lunes 30 de diciembre.","og_url":"https:\/\/informelitoral.com.ar\/cuando-se-paga-el-bono-de-5-000-para-jubilados-y-quienes-lo-van-a-cobrar\/","og_site_name":"Informe Litoral","article_publisher":"https:\/\/www.facebook.com\/informelitoral\/","article_published_time":"2019-12-18T09:43:42+00:00","article_modified_time":"2019-12-18T14:49:49+00:00","og_image":[{"width":975,"height":650,"url":"https:\/\/informelitoral.com.ar\/%77%70%2d%63%6f%6e%74%65%6e%74\/uploads\/2018\/06\/jubilados.jpeg","type":"image\/jpeg"}],"author":"Gonzalo Schmidt","twitter_card":"summary_large_image","twitter_creator":"@InformeLitoral","twitter_site":"@InformeLitoral","twitter_misc":{"Escrito por":"Gonzalo Schmidt","Tiempo de lectura":"2 minutos"},"schema":{"@context":"https:\/\/schema.org","@graph":[{"@type":"Article","@id":"https:\/\/informelitoral.com.ar\/cuando-se-paga-el-bono-de-5-000-para-jubilados-y-quienes-lo-van-a-cobrar\/#article","isPartOf":{"@id":"https:\/\/informelitoral.com.ar\/cuando-se-paga-el-bono-de-5-000-para-jubilados-y-quienes-lo-van-a-cobrar\/"},"author":{"name":"Gonzalo Schmidt","@id":"https:\/\/informelitoral.com.ar\/#\/schema\/person\/b9d00407c836482871ef1d57bf8e3180"},"headline":"Cu\u00e1ndo se paga el bono de $5.000 para jubilados y qui\u00e9nes lo van a cobrar","datePublished":"2019-12-18T09:43:42+00:00","dateModified":"2019-12-18T14:49:49+00:00","mainEntityOfPage":{"@id":"https:\/\/informelitoral.com.ar\/cuando-se-paga-el-bono-de-5-000-para-jubilados-y-quienes-lo-van-a-cobrar\/"},"wordCount":358,"commentCount":0,"publisher":{"@id":"https:\/\/informelitoral.com.ar\/#organization"},"image":{"@id":"https:\/\/informelitoral.com.ar\/cuando-se-paga-el-bono-de-5-000-para-jubilados-y-quienes-lo-van-a-cobrar\/#primaryimage"},"thumbnailUrl":"https:\/\/informelitoral.com.ar\/%77%70%2d%63%6f%6e%74%65%6e%74\/uploads\/2018\/06\/jubilados.jpeg","keywords":["Jubilados"],"articleSection":["Nacionales"],"inLanguage":"es","potentialAction":[{"@type":"CommentAction","name":"Comment","target":["https:\/\/informelitoral.com.ar\/cuando-se-paga-el-bono-de-5-000-para-jubilados-y-quienes-lo-van-a-cobrar\/#respond"]}]},{"@type":"WebPage","@id":"https:\/\/informelitoral.com.ar\/cuando-se-paga-el-bono-de-5-000-para-jubilados-y-quienes-lo-van-a-cobrar\/","url":"https:\/\/informelitoral.com.ar\/cuando-se-paga-el-bono-de-5-000-para-jubilados-y-quienes-lo-van-a-cobrar\/","name":"Cu\u00e1ndo se paga el bono de $5.000 para jubilados y qui\u00e9nes lo van a cobrar - Informe Litoral","isPartOf":{"@id":"https:\/\/informelitoral.com.ar\/#website"},"primaryImageOfPage":{"@id":"https:\/\/informelitoral.com.ar\/cuando-se-paga-el-bono-de-5-000-para-jubilados-y-quienes-lo-van-a-cobrar\/#primaryimage"},"image":{"@id":"https:\/\/informelitoral.com.ar\/cuando-se-paga-el-bono-de-5-000-para-jubilados-y-quienes-lo-van-a-cobrar\/#primaryimage"},"thumbnailUrl":"https:\/\/informelitoral.com.ar\/%77%70%2d%63%6f%6e%74%65%6e%74\/uploads\/2018\/06\/jubilados.jpeg","datePublished":"2019-12-18T09:43:42+00:00","dateModified":"2019-12-18T14:49:49+00:00","breadcrumb":{"@id":"https:\/\/informelitoral.com.ar\/cuando-se-paga-el-bono-de-5-000-para-jubilados-y-quienes-lo-van-a-cobrar\/#breadcrumb"},"inLanguage":"es","potentialAction":[{"@type":"ReadAction","target":["https:\/\/informelitoral.com.ar\/cuando-se-paga-el-bono-de-5-000-para-jubilados-y-quienes-lo-van-a-cobrar\/"]}]},{"@type":"ImageObject","inLanguage":"es","@id":"https:\/\/informelitoral.com.ar\/cuando-se-paga-el-bono-de-5-000-para-jubilados-y-quienes-lo-van-a-cobrar\/#primaryimage","url":"https:\/\/informelitoral.com.ar\/%77%70%2d%63%6f%6e%74%65%6e%74\/uploads\/2018\/06\/jubilados.jpeg","contentUrl":"https:\/\/informelitoral.com.ar\/%77%70%2d%63%6f%6e%74%65%6e%74\/uploads\/2018\/06\/jubilados.jpeg","width":975,"height":650},{"@type":"BreadcrumbList","@id":"https:\/\/informelitoral.com.ar\/cuando-se-paga-el-bono-de-5-000-para-jubilados-y-quienes-lo-van-a-cobrar\/#breadcrumb","itemListElement":[{"@type":"ListItem","position":1,"name":"Portada","item":"https:\/\/informelitoral.com.ar\/"},{"@type":"ListItem","position":2,"name":"Cu\u00e1ndo se paga el bono de $5.000 para jubilados y qui\u00e9nes lo van a cobrar"}]},{"@type":"WebSite","@id":"https:\/\/informelitoral.com.ar\/#website","url":"https:\/\/informelitoral.com.ar\/","name":"Informe Litoral","description":"&quot;Nos informamos&quot; ","publisher":{"@id":"https:\/\/informelitoral.com.ar\/#organization"},"potentialAction":[{"@type":"SearchAction","target":{"@type":"EntryPoint","urlTemplate":"https:\/\/informelitoral.com.ar\/?s={search_term_string}"},"query-input":{"@type":"PropertyValueSpecification","valueRequired":true,"valueName":"search_term_string"}}],"inLanguage":"es"},{"@type":"Organization","@id":"https:\/\/informelitoral.com.ar\/#organization","name":"Informe Litoral","url":"https:\/\/informelitoral.com.ar\/","logo":{"@type":"ImageObject","inLanguage":"es","@id":"https:\/\/informelitoral.com.ar\/#\/schema\/logo\/image\/","url":"https:\/\/informelitoral.com.ar\/%77%70%2d%63%6f%6e%74%65%6e%74\/uploads\/2021\/01\/circulo.png","contentUrl":"https:\/\/informelitoral.com.ar\/%77%70%2d%63%6f%6e%74%65%6e%74\/uploads\/2021\/01\/circulo.png","width":723,"height":731,"caption":"Informe Litoral"},"image":{"@id":"https:\/\/informelitoral.com.ar\/#\/schema\/logo\/image\/"},"sameAs":["https:\/\/www.facebook.com\/informelitoral\/","https:\/\/x.com\/InformeLitoral","https:\/\/www.instagram.com\/informelitoral\/","https:\/\/www.youtube.com\/channel\/UCua4Qvz8Icb6MYqhoq9xLXw"]},{"@type":"Person","@id":"https:\/\/informelitoral.com.ar\/#\/schema\/person\/b9d00407c836482871ef1d57bf8e3180","name":"Gonzalo Schmidt","image":{"@type":"ImageObject","inLanguage":"es","@id":"https:\/\/secure.gravatar.com\/avatar\/31a1a7b66ff2de83bd0e9fd79d026630d2d99e55e8bfe501287647b4fd9743de?s=96&d=mm&r=g","url":"https:\/\/secure.gravatar.com\/avatar\/31a1a7b66ff2de83bd0e9fd79d026630d2d99e55e8bfe501287647b4fd9743de?s=96&d=mm&r=g","contentUrl":"https:\/\/secure.gravatar.com\/avatar\/31a1a7b66ff2de83bd0e9fd79d026630d2d99e55e8bfe501287647b4fd9743de?s=96&d=mm&r=g","caption":"Gonzalo Schmidt"},"description":"Sitio web de noticias de la provincia de Entre R\u00edos, Argentina. Informaci\u00f3n y entretenimiento. Informe Litoral, nos informamos.","sameAs":["http:\/\/www.isletasnoticias.com.ar"],"url":"https:\/\/informelitoral.com.ar\/author\/gonzalo\/"}]}},"_links":{"self":[{"href":"https:\/\/informelitoral.com.ar\/%77%70%2d%6a%73%6f%6e\/wp\/v2\/posts\/38766","targetHints":{"allow":["GET"]}}],"collection":[{"href":"https:\/\/informelitoral.com.ar\/%77%70%2d%6a%73%6f%6e\/wp\/v2\/posts"}],"about":[{"href":"https:\/\/informelitoral.com.ar\/%77%70%2d%6a%73%6f%6e\/wp\/v2\/types\/post"}],"author":[{"embeddable":true,"href":"https:\/\/informelitoral.com.ar\/%77%70%2d%6a%73%6f%6e\/wp\/v2\/users\/2"}],"replies":[{"embeddable":true,"href":"https:\/\/informelitoral.com.ar\/%77%70%2d%6a%73%6f%6e\/wp\/v2\/comments?post=38766"}],"version-history":[{"count":0,"href":"https:\/\/informelitoral.com.ar\/%77%70%2d%6a%73%6f%6e\/wp\/v2\/posts\/38766\/revisions"}],"wp:featuredmedia":[{"embeddable":true,"href":"https:\/\/informelitoral.com.ar\/%77%70%2d%6a%73%6f%6e\/wp\/v2\/media\/27200"}],"wp:attachment":[{"href":"https:\/\/informelitoral.com.ar\/%77%70%2d%6a%73%6f%6e\/wp\/v2\/media?parent=38766"}],"wp:term":[{"taxonomy":"category","embeddable":true,"href":"https:\/\/informelitoral.com.ar\/%77%70%2d%6a%73%6f%6e\/wp\/v2\/categories?post=38766"},{"taxonomy":"post_tag","embeddable":true,"href":"https:\/\/informelitoral.com.ar\/%77%70%2d%6a%73%6f%6e\/wp\/v2\/tags?post=38766"}],"curies":[{"name":"wp","href":"https:\/\/api.w.org\/{rel}","templated":true}]}}