{"id":38750,"date":"2019-12-18T08:38:15","date_gmt":"2019-12-18T11:38:15","guid":{"rendered":"https:\/\/www.isletasnoticias.com.ar\/?p=38750"},"modified":"2019-12-18T08:38:15","modified_gmt":"2019-12-18T11:38:15","slug":"la-mesa-de-enlace-entrerriana-se-declaro-en-estado-de-alerta-y-movilizacion","status":"publish","type":"post","link":"https:\/\/informelitoral.com.ar\/la-mesa-de-enlace-entrerriana-se-declaro-en-estado-de-alerta-y-movilizacion\/","title":{"rendered":"La Mesa de Enlace entrerriana se declar\u00f3 en estado de alerta y movilizaci\u00f3n"},"content":{"rendered":"<p>La Mesa de Enlace de Entre R\u00edos rechaz\u00f3 \u201cen todos sus t\u00e9rminos\u201d el incremento de las retenciones al sector agropecuario en su conjunto, medida que, seg\u00fan entienden, fue adoptada \u201cde manera unilateral e inconsulta\u201d por las nuevas autoridades nacionales. \u201cSe da en clara contradicci\u00f3n con sus compromisos pre electorales asumidos ante toda la sociedad, y perjudica y distorsiona de manera directa al conjunto de la econom\u00eda productiva argentina\u201d, aseguraron.<\/p>\n<p>A trav\u00e9s de un comunicado, la Mesa se manifest\u00f3 en contra \u201cdel incumplimiento del pacto fiscal firmado por nuestra provincia y de sus consecuencias, que no ser\u00e1n otras que el mantenimiento de altas tasas impositivas y grav\u00e1menes distorsivos locales como lo son Ingresos Brutos\u201d. El nucleamiento, en este sentido, record\u00f3 que Entre R\u00edos \u201crecibi\u00f3 a cambio de la eliminaci\u00f3n de dichos tributos el reconocimiento de importantes fondos nacionales, los que ya fueron percibidos en gran parte por nuestra provincia\u201d.<\/p>\n<p><b>Pedido a los legisladores<\/b><\/p>\n<p>Por otra parte, los presidentes de las entidades que conforman la Mesa de Enlace solicitaron \u201ca nuestros representantes ante el Congreso Nacional no delegar las facultades propias de sus funciones, para las cu\u00e1les fueron elegidos por el electorado entrerriano, al Poder Ejecutivo, para que las mismas no sean usadas en contra de los intereses federales y republicanos que rigen en nuestra Constituci\u00f3n\u201d.<\/p>\n<p>Los dirigentes agropecuarios, asimismo, instaron a las autoridades nacionales, provinciales y municipales a reducir sus gastos, \u201cgeneralmente improductivos, dando de este modo un ejemplo de la austeridad que predican para los ajenos y no para los propios\u201d.<\/p>\n<p>Recordaron tambi\u00e9n que Argentina \u201ces uno de los pa\u00edses con mayor presi\u00f3n tributaria del mundo\u201d, y, por lo tanto, \u201csus habitantes sus mayores contribuyentes, es por ello que el problema de \u2018emergencia nacional\u2019 no es producto de recaudaci\u00f3n impositiva sino del elevado gasto p\u00fablico descontrolado de nuestros gobernantes\u201d.<\/p>\n<p><b>Asamblea<\/b><\/p>\n<p>Ante este escenario, la Mesa de Enlace de Entre R\u00edos se declar\u00f3 en estado de alerta y movilizaci\u00f3n, e inform\u00f3 que adhiere y estar\u00e1 presente en la asamblea provincial de productores que se realizar\u00e1 este mi\u00e9rcoles 18 de diciembre, a las 18, en la Ruta 14, kil\u00f3metro 53, a la vera del camino, en el departamento Gualeguaych\u00fa.<\/p>\n<p>Mientras, desde Confederaciones Rurales Argentinas (CRA) expresaron su \u201cprofunda preocupaci\u00f3n\u201d por las \u00faltimas medidas tomadas por el Gobierno nacional y \u201clas declaraciones vertidas luego del encuentro que se mantuvo el lunes con funcionarios del gabinete nacional\u201d.<\/p>\n<p>La CRA remarc\u00f3: \u201cAgotaremos los canales de di\u00e1logo con el Gobierno. En la entidad, muchos dirigentes y presidentes de Confederaciones se mostraron sorprendidos por el r\u00e1pido tr\u00e1mite y lo inconsulto de la medida, pese a las gestiones realizadas por la entidad al respecto\u201d.<\/p>\n<p>Asimismo, los directivos se encuentran en contacto permanente por medidas a llevar a cabo y las asambleas que se est\u00e1n realizando en distintos puntos del pa\u00eds.<\/p>\n<p>Por todo esto, la CRA tambi\u00e9n se declar\u00f3 en estado de alerta y movilizaci\u00f3n.<\/p>\n<p><em>Fuente: El Entre Rios<\/em><\/p>\n","protected":false},"excerpt":{"rendered":"<p>Es tras el anuncio del aumento de retenciones por parte del Gobierno Nacional. Este mi\u00e9rcoles habr\u00e1 una asamblea provincial en la Ruta 14.<\/p>\n","protected":false},"author":2,"featured_media":38751,"comment_status":"open","ping_status":"open","sticky":false,"template":"","format":"standard","meta":{"fifu_image_url":"","fifu_image_alt":"","footnotes":""},"categories":[10],"tags":[71,81,195,120],"class_list":{"0":"post-38750","1":"post","2":"type-post","3":"status-publish","4":"format-standard","5":"has-post-thumbnail","7":"category-campo","8":"tag-campo","9":"tag-entre-rios","10":"tag-mesa-de-enlace","11":"tag-produccion"},"yoast_head":"<title>La Mesa de Enlace entrerriana se declar\u00f3 en estado de alerta y movilizaci\u00f3n - Informe Litoral<\/title>\n<meta name=\"robots\" content=\"index, follow, max-snippet:-1, max-image-preview:large, max-video-preview:-1\" \/>\n<link rel=\"canonical\" href=\"https:\/\/informelitoral.com.ar\/la-mesa-de-enlace-entrerriana-se-declaro-en-estado-de-alerta-y-movilizacion\/\" \/>\n<meta property=\"og:locale\" content=\"es_ES\" \/>\n<meta property=\"og:type\" content=\"article\" \/>\n<meta property=\"og:title\" content=\"La Mesa de Enlace entrerriana se declar\u00f3 en estado de alerta y movilizaci\u00f3n - Informe Litoral\" \/>\n<meta property=\"og:description\" content=\"Es tras el anuncio del aumento de retenciones por parte del Gobierno Nacional. Este mi\u00e9rcoles habr\u00e1 una asamblea provincial en la Ruta 14.\" \/>\n<meta property=\"og:url\" content=\"https:\/\/informelitoral.com.ar\/la-mesa-de-enlace-entrerriana-se-declaro-en-estado-de-alerta-y-movilizacion\/\" \/>\n<meta property=\"og:site_name\" content=\"Informe Litoral\" \/>\n<meta property=\"article:publisher\" content=\"https:\/\/www.facebook.com\/informelitoral\/\" \/>\n<meta property=\"article:published_time\" content=\"2019-12-18T11:38:15+00:00\" \/>\n<meta property=\"og:image\" content=\"https:\/\/informelitoral.com.ar\/%77%70%2d%63%6f%6e%74%65%6e%74\/uploads\/2019\/12\/f_1576610893.jpg\" \/>\n\t<meta property=\"og:image:width\" content=\"1032\" \/>\n\t<meta property=\"og:image:height\" content=\"688\" \/>\n\t<meta property=\"og:image:type\" content=\"image\/jpeg\" \/>\n<meta name=\"author\" content=\"Gonzalo Schmidt\" \/>\n<meta name=\"twitter:card\" content=\"summary_large_image\" \/>\n<meta name=\"twitter:creator\" content=\"@InformeLitoral\" \/>\n<meta name=\"twitter:site\" content=\"@InformeLitoral\" \/>\n<meta name=\"twitter:label1\" content=\"Escrito por\" \/>\n\t<meta name=\"twitter:data1\" content=\"Gonzalo Schmidt\" \/>\n\t<meta name=\"twitter:label2\" content=\"Tiempo de lectura\" \/>\n\t<meta name=\"twitter:data2\" content=\"3 minutos\" \/>\n<script type=\"application\/ld+json\" class=\"yoast-schema-graph\">{\"@context\":\"https:\\\/\\\/schema.org\",\"@graph\":[{\"@type\":\"Article\",\"@id\":\"https:\\\/\\\/informelitoral.com.ar\\\/la-mesa-de-enlace-entrerriana-se-declaro-en-estado-de-alerta-y-movilizacion\\\/#article\",\"isPartOf\":{\"@id\":\"https:\\\/\\\/informelitoral.com.ar\\\/la-mesa-de-enlace-entrerriana-se-declaro-en-estado-de-alerta-y-movilizacion\\\/\"},\"author\":{\"name\":\"Gonzalo Schmidt\",\"@id\":\"https:\\\/\\\/informelitoral.com.ar\\\/#\\\/schema\\\/person\\\/b9d00407c836482871ef1d57bf8e3180\"},\"headline\":\"La Mesa de Enlace entrerriana se declar\u00f3 en estado de alerta y movilizaci\u00f3n\",\"datePublished\":\"2019-12-18T11:38:15+00:00\",\"mainEntityOfPage\":{\"@id\":\"https:\\\/\\\/informelitoral.com.ar\\\/la-mesa-de-enlace-entrerriana-se-declaro-en-estado-de-alerta-y-movilizacion\\\/\"},\"wordCount\":519,\"commentCount\":0,\"publisher\":{\"@id\":\"https:\\\/\\\/informelitoral.com.ar\\\/#organization\"},\"image\":{\"@id\":\"https:\\\/\\\/informelitoral.com.ar\\\/la-mesa-de-enlace-entrerriana-se-declaro-en-estado-de-alerta-y-movilizacion\\\/#primaryimage\"},\"thumbnailUrl\":\"https:\\\/\\\/informelitoral.com.ar\\\/%77%70%2d%63%6f%6e%74%65%6e%74\\\/uploads\\\/2019\\\/12\\\/f_1576610893.jpg\",\"keywords\":[\"Campo\",\"Entre R\u00edos\",\"Mesa de Enlace\",\"Producci\u00f3n\"],\"articleSection\":[\"Campo\"],\"inLanguage\":\"es\",\"potentialAction\":[{\"@type\":\"CommentAction\",\"name\":\"Comment\",\"target\":[\"https:\\\/\\\/informelitoral.com.ar\\\/la-mesa-de-enlace-entrerriana-se-declaro-en-estado-de-alerta-y-movilizacion\\\/#respond\"]}]},{\"@type\":\"WebPage\",\"@id\":\"https:\\\/\\\/informelitoral.com.ar\\\/la-mesa-de-enlace-entrerriana-se-declaro-en-estado-de-alerta-y-movilizacion\\\/\",\"url\":\"https:\\\/\\\/informelitoral.com.ar\\\/la-mesa-de-enlace-entrerriana-se-declaro-en-estado-de-alerta-y-movilizacion\\\/\",\"name\":\"La Mesa de Enlace entrerriana se declar\u00f3 en estado de alerta y movilizaci\u00f3n - Informe Litoral\",\"isPartOf\":{\"@id\":\"https:\\\/\\\/informelitoral.com.ar\\\/#website\"},\"primaryImageOfPage\":{\"@id\":\"https:\\\/\\\/informelitoral.com.ar\\\/la-mesa-de-enlace-entrerriana-se-declaro-en-estado-de-alerta-y-movilizacion\\\/#primaryimage\"},\"image\":{\"@id\":\"https:\\\/\\\/informelitoral.com.ar\\\/la-mesa-de-enlace-entrerriana-se-declaro-en-estado-de-alerta-y-movilizacion\\\/#primaryimage\"},\"thumbnailUrl\":\"https:\\\/\\\/informelitoral.com.ar\\\/%77%70%2d%63%6f%6e%74%65%6e%74\\\/uploads\\\/2019\\\/12\\\/f_1576610893.jpg\",\"datePublished\":\"2019-12-18T11:38:15+00:00\",\"breadcrumb\":{\"@id\":\"https:\\\/\\\/informelitoral.com.ar\\\/la-mesa-de-enlace-entrerriana-se-declaro-en-estado-de-alerta-y-movilizacion\\\/#breadcrumb\"},\"inLanguage\":\"es\",\"potentialAction\":[{\"@type\":\"ReadAction\",\"target\":[\"https:\\\/\\\/informelitoral.com.ar\\\/la-mesa-de-enlace-entrerriana-se-declaro-en-estado-de-alerta-y-movilizacion\\\/\"]}]},{\"@type\":\"ImageObject\",\"inLanguage\":\"es\",\"@id\":\"https:\\\/\\\/informelitoral.com.ar\\\/la-mesa-de-enlace-entrerriana-se-declaro-en-estado-de-alerta-y-movilizacion\\\/#primaryimage\",\"url\":\"https:\\\/\\\/informelitoral.com.ar\\\/%77%70%2d%63%6f%6e%74%65%6e%74\\\/uploads\\\/2019\\\/12\\\/f_1576610893.jpg\",\"contentUrl\":\"https:\\\/\\\/informelitoral.com.ar\\\/%77%70%2d%63%6f%6e%74%65%6e%74\\\/uploads\\\/2019\\\/12\\\/f_1576610893.jpg\",\"width\":1032,\"height\":688},{\"@type\":\"BreadcrumbList\",\"@id\":\"https:\\\/\\\/informelitoral.com.ar\\\/la-mesa-de-enlace-entrerriana-se-declaro-en-estado-de-alerta-y-movilizacion\\\/#breadcrumb\",\"itemListElement\":[{\"@type\":\"ListItem\",\"position\":1,\"name\":\"Portada\",\"item\":\"https:\\\/\\\/informelitoral.com.ar\\\/\"},{\"@type\":\"ListItem\",\"position\":2,\"name\":\"La Mesa de Enlace entrerriana se declar\u00f3 en estado de alerta y movilizaci\u00f3n\"}]},{\"@type\":\"WebSite\",\"@id\":\"https:\\\/\\\/informelitoral.com.ar\\\/#website\",\"url\":\"https:\\\/\\\/informelitoral.com.ar\\\/\",\"name\":\"Informe Litoral\",\"description\":\"&quot;Nos informamos&quot; \",\"publisher\":{\"@id\":\"https:\\\/\\\/informelitoral.com.ar\\\/#organization\"},\"potentialAction\":[{\"@type\":\"SearchAction\",\"target\":{\"@type\":\"EntryPoint\",\"urlTemplate\":\"https:\\\/\\\/informelitoral.com.ar\\\/?s={search_term_string}\"},\"query-input\":{\"@type\":\"PropertyValueSpecification\",\"valueRequired\":true,\"valueName\":\"search_term_string\"}}],\"inLanguage\":\"es\"},{\"@type\":\"Organization\",\"@id\":\"https:\\\/\\\/informelitoral.com.ar\\\/#organization\",\"name\":\"Informe Litoral\",\"url\":\"https:\\\/\\\/informelitoral.com.ar\\\/\",\"logo\":{\"@type\":\"ImageObject\",\"inLanguage\":\"es\",\"@id\":\"https:\\\/\\\/informelitoral.com.ar\\\/#\\\/schema\\\/logo\\\/image\\\/\",\"url\":\"https:\\\/\\\/informelitoral.com.ar\\\/%77%70%2d%63%6f%6e%74%65%6e%74\\\/uploads\\\/2021\\\/01\\\/circulo.png\",\"contentUrl\":\"https:\\\/\\\/informelitoral.com.ar\\\/%77%70%2d%63%6f%6e%74%65%6e%74\\\/uploads\\\/2021\\\/01\\\/circulo.png\",\"width\":723,\"height\":731,\"caption\":\"Informe Litoral\"},\"image\":{\"@id\":\"https:\\\/\\\/informelitoral.com.ar\\\/#\\\/schema\\\/logo\\\/image\\\/\"},\"sameAs\":[\"https:\\\/\\\/www.facebook.com\\\/informelitoral\\\/\",\"https:\\\/\\\/x.com\\\/InformeLitoral\",\"https:\\\/\\\/www.instagram.com\\\/informelitoral\\\/\",\"https:\\\/\\\/www.youtube.com\\\/channel\\\/UCua4Qvz8Icb6MYqhoq9xLXw\"]},{\"@type\":\"Person\",\"@id\":\"https:\\\/\\\/informelitoral.com.ar\\\/#\\\/schema\\\/person\\\/b9d00407c836482871ef1d57bf8e3180\",\"name\":\"Gonzalo Schmidt\",\"image\":{\"@type\":\"ImageObject\",\"inLanguage\":\"es\",\"@id\":\"https:\\\/\\\/secure.gravatar.com\\\/avatar\\\/31a1a7b66ff2de83bd0e9fd79d026630d2d99e55e8bfe501287647b4fd9743de?s=96&d=mm&r=g\",\"url\":\"https:\\\/\\\/secure.gravatar.com\\\/avatar\\\/31a1a7b66ff2de83bd0e9fd79d026630d2d99e55e8bfe501287647b4fd9743de?s=96&d=mm&r=g\",\"contentUrl\":\"https:\\\/\\\/secure.gravatar.com\\\/avatar\\\/31a1a7b66ff2de83bd0e9fd79d026630d2d99e55e8bfe501287647b4fd9743de?s=96&d=mm&r=g\",\"caption\":\"Gonzalo Schmidt\"},\"description\":\"Sitio web de noticias de la provincia de Entre R\u00edos, Argentina. Informaci\u00f3n y entretenimiento. Informe Litoral, nos informamos.\",\"sameAs\":[\"http:\\\/\\\/www.isletasnoticias.com.ar\"],\"url\":\"https:\\\/\\\/informelitoral.com.ar\\\/author\\\/gonzalo\\\/\"}]}<\/script>","yoast_head_json":{"title":"La Mesa de Enlace entrerriana se declar\u00f3 en estado de alerta y movilizaci\u00f3n - Informe Litoral","robots":{"index":"index","follow":"follow","max-snippet":"max-snippet:-1","max-image-preview":"max-image-preview:large","max-video-preview":"max-video-preview:-1"},"canonical":"https:\/\/informelitoral.com.ar\/la-mesa-de-enlace-entrerriana-se-declaro-en-estado-de-alerta-y-movilizacion\/","og_locale":"es_ES","og_type":"article","og_title":"La Mesa de Enlace entrerriana se declar\u00f3 en estado de alerta y movilizaci\u00f3n - Informe Litoral","og_description":"Es tras el anuncio del aumento de retenciones por parte del Gobierno Nacional. Este mi\u00e9rcoles habr\u00e1 una asamblea provincial en la Ruta 14.","og_url":"https:\/\/informelitoral.com.ar\/la-mesa-de-enlace-entrerriana-se-declaro-en-estado-de-alerta-y-movilizacion\/","og_site_name":"Informe Litoral","article_publisher":"https:\/\/www.facebook.com\/informelitoral\/","article_published_time":"2019-12-18T11:38:15+00:00","og_image":[{"width":1032,"height":688,"url":"https:\/\/informelitoral.com.ar\/%77%70%2d%63%6f%6e%74%65%6e%74\/uploads\/2019\/12\/f_1576610893.jpg","type":"image\/jpeg"}],"author":"Gonzalo Schmidt","twitter_card":"summary_large_image","twitter_creator":"@InformeLitoral","twitter_site":"@InformeLitoral","twitter_misc":{"Escrito por":"Gonzalo Schmidt","Tiempo de lectura":"3 minutos"},"schema":{"@context":"https:\/\/schema.org","@graph":[{"@type":"Article","@id":"https:\/\/informelitoral.com.ar\/la-mesa-de-enlace-entrerriana-se-declaro-en-estado-de-alerta-y-movilizacion\/#article","isPartOf":{"@id":"https:\/\/informelitoral.com.ar\/la-mesa-de-enlace-entrerriana-se-declaro-en-estado-de-alerta-y-movilizacion\/"},"author":{"name":"Gonzalo Schmidt","@id":"https:\/\/informelitoral.com.ar\/#\/schema\/person\/b9d00407c836482871ef1d57bf8e3180"},"headline":"La Mesa de Enlace entrerriana se declar\u00f3 en estado de alerta y movilizaci\u00f3n","datePublished":"2019-12-18T11:38:15+00:00","mainEntityOfPage":{"@id":"https:\/\/informelitoral.com.ar\/la-mesa-de-enlace-entrerriana-se-declaro-en-estado-de-alerta-y-movilizacion\/"},"wordCount":519,"commentCount":0,"publisher":{"@id":"https:\/\/informelitoral.com.ar\/#organization"},"image":{"@id":"https:\/\/informelitoral.com.ar\/la-mesa-de-enlace-entrerriana-se-declaro-en-estado-de-alerta-y-movilizacion\/#primaryimage"},"thumbnailUrl":"https:\/\/informelitoral.com.ar\/%77%70%2d%63%6f%6e%74%65%6e%74\/uploads\/2019\/12\/f_1576610893.jpg","keywords":["Campo","Entre R\u00edos","Mesa de Enlace","Producci\u00f3n"],"articleSection":["Campo"],"inLanguage":"es","potentialAction":[{"@type":"CommentAction","name":"Comment","target":["https:\/\/informelitoral.com.ar\/la-mesa-de-enlace-entrerriana-se-declaro-en-estado-de-alerta-y-movilizacion\/#respond"]}]},{"@type":"WebPage","@id":"https:\/\/informelitoral.com.ar\/la-mesa-de-enlace-entrerriana-se-declaro-en-estado-de-alerta-y-movilizacion\/","url":"https:\/\/informelitoral.com.ar\/la-mesa-de-enlace-entrerriana-se-declaro-en-estado-de-alerta-y-movilizacion\/","name":"La Mesa de Enlace entrerriana se declar\u00f3 en estado de alerta y movilizaci\u00f3n - Informe Litoral","isPartOf":{"@id":"https:\/\/informelitoral.com.ar\/#website"},"primaryImageOfPage":{"@id":"https:\/\/informelitoral.com.ar\/la-mesa-de-enlace-entrerriana-se-declaro-en-estado-de-alerta-y-movilizacion\/#primaryimage"},"image":{"@id":"https:\/\/informelitoral.com.ar\/la-mesa-de-enlace-entrerriana-se-declaro-en-estado-de-alerta-y-movilizacion\/#primaryimage"},"thumbnailUrl":"https:\/\/informelitoral.com.ar\/%77%70%2d%63%6f%6e%74%65%6e%74\/uploads\/2019\/12\/f_1576610893.jpg","datePublished":"2019-12-18T11:38:15+00:00","breadcrumb":{"@id":"https:\/\/informelitoral.com.ar\/la-mesa-de-enlace-entrerriana-se-declaro-en-estado-de-alerta-y-movilizacion\/#breadcrumb"},"inLanguage":"es","potentialAction":[{"@type":"ReadAction","target":["https:\/\/informelitoral.com.ar\/la-mesa-de-enlace-entrerriana-se-declaro-en-estado-de-alerta-y-movilizacion\/"]}]},{"@type":"ImageObject","inLanguage":"es","@id":"https:\/\/informelitoral.com.ar\/la-mesa-de-enlace-entrerriana-se-declaro-en-estado-de-alerta-y-movilizacion\/#primaryimage","url":"https:\/\/informelitoral.com.ar\/%77%70%2d%63%6f%6e%74%65%6e%74\/uploads\/2019\/12\/f_1576610893.jpg","contentUrl":"https:\/\/informelitoral.com.ar\/%77%70%2d%63%6f%6e%74%65%6e%74\/uploads\/2019\/12\/f_1576610893.jpg","width":1032,"height":688},{"@type":"BreadcrumbList","@id":"https:\/\/informelitoral.com.ar\/la-mesa-de-enlace-entrerriana-se-declaro-en-estado-de-alerta-y-movilizacion\/#breadcrumb","itemListElement":[{"@type":"ListItem","position":1,"name":"Portada","item":"https:\/\/informelitoral.com.ar\/"},{"@type":"ListItem","position":2,"name":"La Mesa de Enlace entrerriana se declar\u00f3 en estado de alerta y movilizaci\u00f3n"}]},{"@type":"WebSite","@id":"https:\/\/informelitoral.com.ar\/#website","url":"https:\/\/informelitoral.com.ar\/","name":"Informe Litoral","description":"&quot;Nos informamos&quot; ","publisher":{"@id":"https:\/\/informelitoral.com.ar\/#organization"},"potentialAction":[{"@type":"SearchAction","target":{"@type":"EntryPoint","urlTemplate":"https:\/\/informelitoral.com.ar\/?s={search_term_string}"},"query-input":{"@type":"PropertyValueSpecification","valueRequired":true,"valueName":"search_term_string"}}],"inLanguage":"es"},{"@type":"Organization","@id":"https:\/\/informelitoral.com.ar\/#organization","name":"Informe Litoral","url":"https:\/\/informelitoral.com.ar\/","logo":{"@type":"ImageObject","inLanguage":"es","@id":"https:\/\/informelitoral.com.ar\/#\/schema\/logo\/image\/","url":"https:\/\/informelitoral.com.ar\/%77%70%2d%63%6f%6e%74%65%6e%74\/uploads\/2021\/01\/circulo.png","contentUrl":"https:\/\/informelitoral.com.ar\/%77%70%2d%63%6f%6e%74%65%6e%74\/uploads\/2021\/01\/circulo.png","width":723,"height":731,"caption":"Informe Litoral"},"image":{"@id":"https:\/\/informelitoral.com.ar\/#\/schema\/logo\/image\/"},"sameAs":["https:\/\/www.facebook.com\/informelitoral\/","https:\/\/x.com\/InformeLitoral","https:\/\/www.instagram.com\/informelitoral\/","https:\/\/www.youtube.com\/channel\/UCua4Qvz8Icb6MYqhoq9xLXw"]},{"@type":"Person","@id":"https:\/\/informelitoral.com.ar\/#\/schema\/person\/b9d00407c836482871ef1d57bf8e3180","name":"Gonzalo Schmidt","image":{"@type":"ImageObject","inLanguage":"es","@id":"https:\/\/secure.gravatar.com\/avatar\/31a1a7b66ff2de83bd0e9fd79d026630d2d99e55e8bfe501287647b4fd9743de?s=96&d=mm&r=g","url":"https:\/\/secure.gravatar.com\/avatar\/31a1a7b66ff2de83bd0e9fd79d026630d2d99e55e8bfe501287647b4fd9743de?s=96&d=mm&r=g","contentUrl":"https:\/\/secure.gravatar.com\/avatar\/31a1a7b66ff2de83bd0e9fd79d026630d2d99e55e8bfe501287647b4fd9743de?s=96&d=mm&r=g","caption":"Gonzalo Schmidt"},"description":"Sitio web de noticias de la provincia de Entre R\u00edos, Argentina. Informaci\u00f3n y entretenimiento. Informe Litoral, nos informamos.","sameAs":["http:\/\/www.isletasnoticias.com.ar"],"url":"https:\/\/informelitoral.com.ar\/author\/gonzalo\/"}]}},"_links":{"self":[{"href":"https:\/\/informelitoral.com.ar\/%77%70%2d%6a%73%6f%6e\/wp\/v2\/posts\/38750","targetHints":{"allow":["GET"]}}],"collection":[{"href":"https:\/\/informelitoral.com.ar\/%77%70%2d%6a%73%6f%6e\/wp\/v2\/posts"}],"about":[{"href":"https:\/\/informelitoral.com.ar\/%77%70%2d%6a%73%6f%6e\/wp\/v2\/types\/post"}],"author":[{"embeddable":true,"href":"https:\/\/informelitoral.com.ar\/%77%70%2d%6a%73%6f%6e\/wp\/v2\/users\/2"}],"replies":[{"embeddable":true,"href":"https:\/\/informelitoral.com.ar\/%77%70%2d%6a%73%6f%6e\/wp\/v2\/comments?post=38750"}],"version-history":[{"count":0,"href":"https:\/\/informelitoral.com.ar\/%77%70%2d%6a%73%6f%6e\/wp\/v2\/posts\/38750\/revisions"}],"wp:featuredmedia":[{"embeddable":true,"href":"https:\/\/informelitoral.com.ar\/%77%70%2d%6a%73%6f%6e\/wp\/v2\/media\/38751"}],"wp:attachment":[{"href":"https:\/\/informelitoral.com.ar\/%77%70%2d%6a%73%6f%6e\/wp\/v2\/media?parent=38750"}],"wp:term":[{"taxonomy":"category","embeddable":true,"href":"https:\/\/informelitoral.com.ar\/%77%70%2d%6a%73%6f%6e\/wp\/v2\/categories?post=38750"},{"taxonomy":"post_tag","embeddable":true,"href":"https:\/\/informelitoral.com.ar\/%77%70%2d%6a%73%6f%6e\/wp\/v2\/tags?post=38750"}],"curies":[{"name":"wp","href":"https:\/\/api.w.org\/{rel}","templated":true}]}}