{"id":38744,"date":"2019-12-17T09:21:47","date_gmt":"2019-12-17T12:21:47","guid":{"rendered":"https:\/\/www.isletasnoticias.com.ar\/?p=38744"},"modified":"2019-12-17T09:21:47","modified_gmt":"2019-12-17T12:21:47","slug":"en-el-comienzo-del-fin-de-semana-volveria-a-llover","status":"publish","type":"post","link":"https:\/\/informelitoral.com.ar\/en-el-comienzo-del-fin-de-semana-volveria-a-llover\/","title":{"rendered":"En el comienzo del fin de semana volver\u00eda a llover"},"content":{"rendered":"<p>Las condiciones de tiempo se presentar\u00e1n mayormente estables para el centro y norte del pa\u00eds, con viento que estar\u00e1 soplando del sector norte, lo que se traducir\u00e1 en el aumento de la temperatura en la mayor parte de la Argentina.<\/p>\n<p>En el caso de <strong>Entre R\u00edos, se prev\u00e9 para hoy m\u00e1ximas que podr\u00edan rondar los 31 grados.<\/strong><\/p>\n<p>Las lluvias se mantendr\u00e1n ausentes en esta zona por algunos d\u00edas. Reci\u00e9n para finalizar la semana se esperan precipitaciones para la porci\u00f3n central del pa\u00eds, indica el siti<em>o Infoclima.<\/em> Y <span style=\"background-color: #ffff00;\">en el caso de Entre R\u00edos, se advierte sobre la posibilidad de que se produzcan tormentas. No obstante, para el s\u00e1bado ya no se pronostican lluvias, aunque estar\u00eda bastante m\u00e1s fresco.<\/span><\/p>\n<h3><strong>El pron\u00f3stico para diferentes ciudades entrerrianas:\u00a0<\/strong><\/h3>\n<div id=\"6120468-Libre-2043938125_wrap\" class=\"embed_cont type_imagen\">\n<div id=\"6120468-Libre-2043938125_content\" class=\"embed_content\"><img decoding=\"async\" id=\"6120468-Libre-2043938125_embed\" src=\"https:\/\/media.ahora.com.ar\/adjuntos\/226\/imagenes\/002\/918\/0002918686.jpg?0000-00-00-00-00-00\" alt=\"\" longdesc=\"https:\/\/media.ahora.com.ar\/adjuntos\/226\/imagenes\/002\/918\/0002918686.jpg?0000-00-00-00-00-00\" \/><\/div>\n<\/div>\n<p>&nbsp;<\/p>\n<div id=\"6120467-Libre-672125641_wrap\" class=\"embed_cont type_imagen\">\n<div id=\"6120467-Libre-672125641_content\" class=\"embed_content\"><img decoding=\"async\" id=\"6120467-Libre-672125641_embed\" src=\"https:\/\/media.ahora.com.ar\/adjuntos\/226\/imagenes\/002\/918\/0002918684.jpg?0000-00-00-00-00-00\" alt=\"\" longdesc=\"https:\/\/media.ahora.com.ar\/adjuntos\/226\/imagenes\/002\/918\/0002918684.jpg?0000-00-00-00-00-00\" \/><\/div>\n<\/div>\n<p>&nbsp;<\/p>\n<div id=\"6120464-Libre-1173059600_wrap\" class=\"embed_cont type_imagen\">\n<div id=\"6120464-Libre-1173059600_content\" class=\"embed_content\"><img decoding=\"async\" id=\"6120464-Libre-1173059600_embed\" src=\"https:\/\/media.ahora.com.ar\/adjuntos\/226\/imagenes\/002\/918\/0002918678.jpg?0000-00-00-00-00-00\" alt=\"\" longdesc=\"https:\/\/media.ahora.com.ar\/adjuntos\/226\/imagenes\/002\/918\/0002918678.jpg?0000-00-00-00-00-00\" \/><\/div>\n<\/div>\n<p>&nbsp;<\/p>\n<div id=\"6120463-Libre-876655303_wrap\" class=\"embed_cont type_imagen\">\n<div id=\"6120463-Libre-876655303_content\" class=\"embed_content\"><img decoding=\"async\" id=\"6120463-Libre-876655303_embed\" src=\"https:\/\/media.ahora.com.ar\/adjuntos\/226\/imagenes\/002\/918\/0002918676.jpg?0000-00-00-00-00-00\" alt=\"\" longdesc=\"https:\/\/media.ahora.com.ar\/adjuntos\/226\/imagenes\/002\/918\/0002918676.jpg?0000-00-00-00-00-00\" \/><\/div>\n<\/div>\n<p>&nbsp;<\/p>\n<div id=\"6120466-Libre-854782112_wrap\" class=\"embed_cont type_imagen\">\n<div id=\"6120466-Libre-854782112_content\" class=\"embed_content\"><img decoding=\"async\" id=\"6120466-Libre-854782112_embed\" src=\"https:\/\/media.ahora.com.ar\/adjuntos\/226\/imagenes\/002\/918\/0002918682.jpg?0000-00-00-00-00-00\" alt=\"\" longdesc=\"https:\/\/media.ahora.com.ar\/adjuntos\/226\/imagenes\/002\/918\/0002918682.jpg?0000-00-00-00-00-00\" \/><\/div>\n<\/div>\n<p>&nbsp;<\/p>\n<div id=\"6120465-Libre-1389718679_wrap\" class=\"embed_cont type_imagen\">\n<div id=\"6120465-Libre-1389718679_content\" class=\"embed_content\"><img decoding=\"async\" id=\"6120465-Libre-1389718679_embed\" src=\"https:\/\/media.ahora.com.ar\/adjuntos\/226\/imagenes\/002\/918\/0002918680.jpg?0000-00-00-00-00-00\" alt=\"\" longdesc=\"https:\/\/media.ahora.com.ar\/adjuntos\/226\/imagenes\/002\/918\/0002918680.jpg?0000-00-00-00-00-00\" \/><\/div>\n<\/div>\n<p>&nbsp;<\/p>\n<div id=\"6120469-Libre-1018578305_wrap\" class=\"embed_cont type_imagen\">\n<div id=\"6120469-Libre-1018578305_content\" class=\"embed_content\"><img decoding=\"async\" id=\"6120469-Libre-1018578305_embed\" src=\"https:\/\/media.ahora.com.ar\/adjuntos\/226\/imagenes\/002\/918\/0002918688.jpg?0000-00-00-00-00-00\" alt=\"\" longdesc=\"https:\/\/media.ahora.com.ar\/adjuntos\/226\/imagenes\/002\/918\/0002918688.jpg?0000-00-00-00-00-00\" \/><\/div>\n<\/div>\n","protected":false},"excerpt":{"rendered":"<p>Desde este martes las temperaturas comenzar\u00e1n a aumentar. El viernes podr\u00eda llover pero el s\u00e1bado ya se anuncia buen tiempo con descenso de temperatura. <\/p>\n","protected":false},"author":2,"featured_media":23128,"comment_status":"open","ping_status":"open","sticky":false,"template":"","format":"standard","meta":{"fifu_image_url":"","fifu_image_alt":"","footnotes":""},"categories":[6],"tags":[889,38,81,480,112,1008,114,113],"class_list":{"0":"post-38744","1":"post","2":"type-post","3":"status-publish","4":"format-standard","5":"has-post-thumbnail","7":"category-entre-rios","8":"tag-calor","9":"tag-el-tiempo","10":"tag-entre-rios","11":"tag-fin-de-semana","12":"tag-lluvias","13":"tag-primavera","14":"tag-pronostico","15":"tag-smn"},"yoast_head":"<title>En el comienzo del fin de semana volver\u00eda a llover - Informe Litoral<\/title>\n<meta name=\"robots\" content=\"index, follow, max-snippet:-1, max-image-preview:large, max-video-preview:-1\" \/>\n<link rel=\"canonical\" href=\"https:\/\/informelitoral.com.ar\/en-el-comienzo-del-fin-de-semana-volveria-a-llover\/\" \/>\n<meta property=\"og:locale\" content=\"es_ES\" \/>\n<meta property=\"og:type\" content=\"article\" \/>\n<meta property=\"og:title\" content=\"En el comienzo del fin de semana volver\u00eda a llover - Informe Litoral\" \/>\n<meta property=\"og:description\" content=\"Desde este martes las temperaturas comenzar\u00e1n a aumentar. El viernes podr\u00eda llover pero el s\u00e1bado ya se anuncia buen tiempo con descenso de temperatura.\" \/>\n<meta property=\"og:url\" content=\"https:\/\/informelitoral.com.ar\/en-el-comienzo-del-fin-de-semana-volveria-a-llover\/\" \/>\n<meta property=\"og:site_name\" content=\"Informe Litoral\" \/>\n<meta property=\"article:publisher\" content=\"https:\/\/www.facebook.com\/informelitoral\/\" \/>\n<meta property=\"article:published_time\" content=\"2019-12-17T12:21:47+00:00\" \/>\n<meta property=\"og:image\" content=\"https:\/\/informelitoral.com.ar\/%77%70%2d%63%6f%6e%74%65%6e%74\/uploads\/2017\/09\/lluvia.hoja_.primavera.jpg\" \/>\n\t<meta property=\"og:image:width\" content=\"2747\" \/>\n\t<meta property=\"og:image:height\" content=\"2158\" \/>\n\t<meta property=\"og:image:type\" content=\"image\/jpeg\" \/>\n<meta name=\"author\" content=\"Gonzalo Schmidt\" \/>\n<meta name=\"twitter:card\" content=\"summary_large_image\" \/>\n<meta name=\"twitter:creator\" content=\"@InformeLitoral\" \/>\n<meta name=\"twitter:site\" content=\"@InformeLitoral\" \/>\n<meta name=\"twitter:label1\" content=\"Escrito por\" \/>\n\t<meta name=\"twitter:data1\" content=\"Gonzalo Schmidt\" \/>\n\t<meta name=\"twitter:label2\" content=\"Tiempo de lectura\" \/>\n\t<meta name=\"twitter:data2\" content=\"1 minuto\" \/>\n<script type=\"application\/ld+json\" class=\"yoast-schema-graph\">{\"@context\":\"https:\\\/\\\/schema.org\",\"@graph\":[{\"@type\":\"Article\",\"@id\":\"https:\\\/\\\/informelitoral.com.ar\\\/en-el-comienzo-del-fin-de-semana-volveria-a-llover\\\/#article\",\"isPartOf\":{\"@id\":\"https:\\\/\\\/informelitoral.com.ar\\\/en-el-comienzo-del-fin-de-semana-volveria-a-llover\\\/\"},\"author\":{\"name\":\"Gonzalo Schmidt\",\"@id\":\"https:\\\/\\\/informelitoral.com.ar\\\/#\\\/schema\\\/person\\\/b9d00407c836482871ef1d57bf8e3180\"},\"headline\":\"En el comienzo del fin de semana volver\u00eda a llover\",\"datePublished\":\"2019-12-17T12:21:47+00:00\",\"mainEntityOfPage\":{\"@id\":\"https:\\\/\\\/informelitoral.com.ar\\\/en-el-comienzo-del-fin-de-semana-volveria-a-llover\\\/\"},\"wordCount\":155,\"commentCount\":0,\"publisher\":{\"@id\":\"https:\\\/\\\/informelitoral.com.ar\\\/#organization\"},\"image\":{\"@id\":\"https:\\\/\\\/informelitoral.com.ar\\\/en-el-comienzo-del-fin-de-semana-volveria-a-llover\\\/#primaryimage\"},\"thumbnailUrl\":\"https:\\\/\\\/informelitoral.com.ar\\\/%77%70%2d%63%6f%6e%74%65%6e%74\\\/uploads\\\/2017\\\/09\\\/lluvia.hoja_.primavera.jpg\",\"keywords\":[\"Calor\",\"El tiempo\",\"Entre R\u00edos\",\"Fin de semana\",\"Lluvias\",\"Primavera\",\"Pron\u00f3stico\",\"SMN\"],\"articleSection\":[\"Entre R\u00edos\"],\"inLanguage\":\"es\",\"potentialAction\":[{\"@type\":\"CommentAction\",\"name\":\"Comment\",\"target\":[\"https:\\\/\\\/informelitoral.com.ar\\\/en-el-comienzo-del-fin-de-semana-volveria-a-llover\\\/#respond\"]}]},{\"@type\":\"WebPage\",\"@id\":\"https:\\\/\\\/informelitoral.com.ar\\\/en-el-comienzo-del-fin-de-semana-volveria-a-llover\\\/\",\"url\":\"https:\\\/\\\/informelitoral.com.ar\\\/en-el-comienzo-del-fin-de-semana-volveria-a-llover\\\/\",\"name\":\"En el comienzo del fin de semana volver\u00eda a llover - Informe Litoral\",\"isPartOf\":{\"@id\":\"https:\\\/\\\/informelitoral.com.ar\\\/#website\"},\"primaryImageOfPage\":{\"@id\":\"https:\\\/\\\/informelitoral.com.ar\\\/en-el-comienzo-del-fin-de-semana-volveria-a-llover\\\/#primaryimage\"},\"image\":{\"@id\":\"https:\\\/\\\/informelitoral.com.ar\\\/en-el-comienzo-del-fin-de-semana-volveria-a-llover\\\/#primaryimage\"},\"thumbnailUrl\":\"https:\\\/\\\/informelitoral.com.ar\\\/%77%70%2d%63%6f%6e%74%65%6e%74\\\/uploads\\\/2017\\\/09\\\/lluvia.hoja_.primavera.jpg\",\"datePublished\":\"2019-12-17T12:21:47+00:00\",\"breadcrumb\":{\"@id\":\"https:\\\/\\\/informelitoral.com.ar\\\/en-el-comienzo-del-fin-de-semana-volveria-a-llover\\\/#breadcrumb\"},\"inLanguage\":\"es\",\"potentialAction\":[{\"@type\":\"ReadAction\",\"target\":[\"https:\\\/\\\/informelitoral.com.ar\\\/en-el-comienzo-del-fin-de-semana-volveria-a-llover\\\/\"]}]},{\"@type\":\"ImageObject\",\"inLanguage\":\"es\",\"@id\":\"https:\\\/\\\/informelitoral.com.ar\\\/en-el-comienzo-del-fin-de-semana-volveria-a-llover\\\/#primaryimage\",\"url\":\"https:\\\/\\\/informelitoral.com.ar\\\/%77%70%2d%63%6f%6e%74%65%6e%74\\\/uploads\\\/2017\\\/09\\\/lluvia.hoja_.primavera.jpg\",\"contentUrl\":\"https:\\\/\\\/informelitoral.com.ar\\\/%77%70%2d%63%6f%6e%74%65%6e%74\\\/uploads\\\/2017\\\/09\\\/lluvia.hoja_.primavera.jpg\",\"width\":2747,\"height\":2158},{\"@type\":\"BreadcrumbList\",\"@id\":\"https:\\\/\\\/informelitoral.com.ar\\\/en-el-comienzo-del-fin-de-semana-volveria-a-llover\\\/#breadcrumb\",\"itemListElement\":[{\"@type\":\"ListItem\",\"position\":1,\"name\":\"Portada\",\"item\":\"https:\\\/\\\/informelitoral.com.ar\\\/\"},{\"@type\":\"ListItem\",\"position\":2,\"name\":\"En el comienzo del fin de semana volver\u00eda a llover\"}]},{\"@type\":\"WebSite\",\"@id\":\"https:\\\/\\\/informelitoral.com.ar\\\/#website\",\"url\":\"https:\\\/\\\/informelitoral.com.ar\\\/\",\"name\":\"Informe Litoral\",\"description\":\"&quot;Nos informamos&quot; \",\"publisher\":{\"@id\":\"https:\\\/\\\/informelitoral.com.ar\\\/#organization\"},\"potentialAction\":[{\"@type\":\"SearchAction\",\"target\":{\"@type\":\"EntryPoint\",\"urlTemplate\":\"https:\\\/\\\/informelitoral.com.ar\\\/?s={search_term_string}\"},\"query-input\":{\"@type\":\"PropertyValueSpecification\",\"valueRequired\":true,\"valueName\":\"search_term_string\"}}],\"inLanguage\":\"es\"},{\"@type\":\"Organization\",\"@id\":\"https:\\\/\\\/informelitoral.com.ar\\\/#organization\",\"name\":\"Informe Litoral\",\"url\":\"https:\\\/\\\/informelitoral.com.ar\\\/\",\"logo\":{\"@type\":\"ImageObject\",\"inLanguage\":\"es\",\"@id\":\"https:\\\/\\\/informelitoral.com.ar\\\/#\\\/schema\\\/logo\\\/image\\\/\",\"url\":\"https:\\\/\\\/informelitoral.com.ar\\\/%77%70%2d%63%6f%6e%74%65%6e%74\\\/uploads\\\/2021\\\/01\\\/circulo.png\",\"contentUrl\":\"https:\\\/\\\/informelitoral.com.ar\\\/%77%70%2d%63%6f%6e%74%65%6e%74\\\/uploads\\\/2021\\\/01\\\/circulo.png\",\"width\":723,\"height\":731,\"caption\":\"Informe Litoral\"},\"image\":{\"@id\":\"https:\\\/\\\/informelitoral.com.ar\\\/#\\\/schema\\\/logo\\\/image\\\/\"},\"sameAs\":[\"https:\\\/\\\/www.facebook.com\\\/informelitoral\\\/\",\"https:\\\/\\\/x.com\\\/InformeLitoral\",\"https:\\\/\\\/www.instagram.com\\\/informelitoral\\\/\",\"https:\\\/\\\/www.youtube.com\\\/channel\\\/UCua4Qvz8Icb6MYqhoq9xLXw\"]},{\"@type\":\"Person\",\"@id\":\"https:\\\/\\\/informelitoral.com.ar\\\/#\\\/schema\\\/person\\\/b9d00407c836482871ef1d57bf8e3180\",\"name\":\"Gonzalo Schmidt\",\"image\":{\"@type\":\"ImageObject\",\"inLanguage\":\"es\",\"@id\":\"https:\\\/\\\/secure.gravatar.com\\\/avatar\\\/31a1a7b66ff2de83bd0e9fd79d026630d2d99e55e8bfe501287647b4fd9743de?s=96&d=mm&r=g\",\"url\":\"https:\\\/\\\/secure.gravatar.com\\\/avatar\\\/31a1a7b66ff2de83bd0e9fd79d026630d2d99e55e8bfe501287647b4fd9743de?s=96&d=mm&r=g\",\"contentUrl\":\"https:\\\/\\\/secure.gravatar.com\\\/avatar\\\/31a1a7b66ff2de83bd0e9fd79d026630d2d99e55e8bfe501287647b4fd9743de?s=96&d=mm&r=g\",\"caption\":\"Gonzalo Schmidt\"},\"description\":\"Sitio web de noticias de la provincia de Entre R\u00edos, Argentina. Informaci\u00f3n y entretenimiento. Informe Litoral, nos informamos.\",\"sameAs\":[\"http:\\\/\\\/www.isletasnoticias.com.ar\"],\"url\":\"https:\\\/\\\/informelitoral.com.ar\\\/author\\\/gonzalo\\\/\"}]}<\/script>","yoast_head_json":{"title":"En el comienzo del fin de semana volver\u00eda a llover - Informe Litoral","robots":{"index":"index","follow":"follow","max-snippet":"max-snippet:-1","max-image-preview":"max-image-preview:large","max-video-preview":"max-video-preview:-1"},"canonical":"https:\/\/informelitoral.com.ar\/en-el-comienzo-del-fin-de-semana-volveria-a-llover\/","og_locale":"es_ES","og_type":"article","og_title":"En el comienzo del fin de semana volver\u00eda a llover - Informe Litoral","og_description":"Desde este martes las temperaturas comenzar\u00e1n a aumentar. El viernes podr\u00eda llover pero el s\u00e1bado ya se anuncia buen tiempo con descenso de temperatura.","og_url":"https:\/\/informelitoral.com.ar\/en-el-comienzo-del-fin-de-semana-volveria-a-llover\/","og_site_name":"Informe Litoral","article_publisher":"https:\/\/www.facebook.com\/informelitoral\/","article_published_time":"2019-12-17T12:21:47+00:00","og_image":[{"width":2747,"height":2158,"url":"https:\/\/informelitoral.com.ar\/%77%70%2d%63%6f%6e%74%65%6e%74\/uploads\/2017\/09\/lluvia.hoja_.primavera.jpg","type":"image\/jpeg"}],"author":"Gonzalo Schmidt","twitter_card":"summary_large_image","twitter_creator":"@InformeLitoral","twitter_site":"@InformeLitoral","twitter_misc":{"Escrito por":"Gonzalo Schmidt","Tiempo de lectura":"1 minuto"},"schema":{"@context":"https:\/\/schema.org","@graph":[{"@type":"Article","@id":"https:\/\/informelitoral.com.ar\/en-el-comienzo-del-fin-de-semana-volveria-a-llover\/#article","isPartOf":{"@id":"https:\/\/informelitoral.com.ar\/en-el-comienzo-del-fin-de-semana-volveria-a-llover\/"},"author":{"name":"Gonzalo Schmidt","@id":"https:\/\/informelitoral.com.ar\/#\/schema\/person\/b9d00407c836482871ef1d57bf8e3180"},"headline":"En el comienzo del fin de semana volver\u00eda a llover","datePublished":"2019-12-17T12:21:47+00:00","mainEntityOfPage":{"@id":"https:\/\/informelitoral.com.ar\/en-el-comienzo-del-fin-de-semana-volveria-a-llover\/"},"wordCount":155,"commentCount":0,"publisher":{"@id":"https:\/\/informelitoral.com.ar\/#organization"},"image":{"@id":"https:\/\/informelitoral.com.ar\/en-el-comienzo-del-fin-de-semana-volveria-a-llover\/#primaryimage"},"thumbnailUrl":"https:\/\/informelitoral.com.ar\/%77%70%2d%63%6f%6e%74%65%6e%74\/uploads\/2017\/09\/lluvia.hoja_.primavera.jpg","keywords":["Calor","El tiempo","Entre R\u00edos","Fin de semana","Lluvias","Primavera","Pron\u00f3stico","SMN"],"articleSection":["Entre R\u00edos"],"inLanguage":"es","potentialAction":[{"@type":"CommentAction","name":"Comment","target":["https:\/\/informelitoral.com.ar\/en-el-comienzo-del-fin-de-semana-volveria-a-llover\/#respond"]}]},{"@type":"WebPage","@id":"https:\/\/informelitoral.com.ar\/en-el-comienzo-del-fin-de-semana-volveria-a-llover\/","url":"https:\/\/informelitoral.com.ar\/en-el-comienzo-del-fin-de-semana-volveria-a-llover\/","name":"En el comienzo del fin de semana volver\u00eda a llover - Informe Litoral","isPartOf":{"@id":"https:\/\/informelitoral.com.ar\/#website"},"primaryImageOfPage":{"@id":"https:\/\/informelitoral.com.ar\/en-el-comienzo-del-fin-de-semana-volveria-a-llover\/#primaryimage"},"image":{"@id":"https:\/\/informelitoral.com.ar\/en-el-comienzo-del-fin-de-semana-volveria-a-llover\/#primaryimage"},"thumbnailUrl":"https:\/\/informelitoral.com.ar\/%77%70%2d%63%6f%6e%74%65%6e%74\/uploads\/2017\/09\/lluvia.hoja_.primavera.jpg","datePublished":"2019-12-17T12:21:47+00:00","breadcrumb":{"@id":"https:\/\/informelitoral.com.ar\/en-el-comienzo-del-fin-de-semana-volveria-a-llover\/#breadcrumb"},"inLanguage":"es","potentialAction":[{"@type":"ReadAction","target":["https:\/\/informelitoral.com.ar\/en-el-comienzo-del-fin-de-semana-volveria-a-llover\/"]}]},{"@type":"ImageObject","inLanguage":"es","@id":"https:\/\/informelitoral.com.ar\/en-el-comienzo-del-fin-de-semana-volveria-a-llover\/#primaryimage","url":"https:\/\/informelitoral.com.ar\/%77%70%2d%63%6f%6e%74%65%6e%74\/uploads\/2017\/09\/lluvia.hoja_.primavera.jpg","contentUrl":"https:\/\/informelitoral.com.ar\/%77%70%2d%63%6f%6e%74%65%6e%74\/uploads\/2017\/09\/lluvia.hoja_.primavera.jpg","width":2747,"height":2158},{"@type":"BreadcrumbList","@id":"https:\/\/informelitoral.com.ar\/en-el-comienzo-del-fin-de-semana-volveria-a-llover\/#breadcrumb","itemListElement":[{"@type":"ListItem","position":1,"name":"Portada","item":"https:\/\/informelitoral.com.ar\/"},{"@type":"ListItem","position":2,"name":"En el comienzo del fin de semana volver\u00eda a llover"}]},{"@type":"WebSite","@id":"https:\/\/informelitoral.com.ar\/#website","url":"https:\/\/informelitoral.com.ar\/","name":"Informe Litoral","description":"&quot;Nos informamos&quot; ","publisher":{"@id":"https:\/\/informelitoral.com.ar\/#organization"},"potentialAction":[{"@type":"SearchAction","target":{"@type":"EntryPoint","urlTemplate":"https:\/\/informelitoral.com.ar\/?s={search_term_string}"},"query-input":{"@type":"PropertyValueSpecification","valueRequired":true,"valueName":"search_term_string"}}],"inLanguage":"es"},{"@type":"Organization","@id":"https:\/\/informelitoral.com.ar\/#organization","name":"Informe Litoral","url":"https:\/\/informelitoral.com.ar\/","logo":{"@type":"ImageObject","inLanguage":"es","@id":"https:\/\/informelitoral.com.ar\/#\/schema\/logo\/image\/","url":"https:\/\/informelitoral.com.ar\/%77%70%2d%63%6f%6e%74%65%6e%74\/uploads\/2021\/01\/circulo.png","contentUrl":"https:\/\/informelitoral.com.ar\/%77%70%2d%63%6f%6e%74%65%6e%74\/uploads\/2021\/01\/circulo.png","width":723,"height":731,"caption":"Informe Litoral"},"image":{"@id":"https:\/\/informelitoral.com.ar\/#\/schema\/logo\/image\/"},"sameAs":["https:\/\/www.facebook.com\/informelitoral\/","https:\/\/x.com\/InformeLitoral","https:\/\/www.instagram.com\/informelitoral\/","https:\/\/www.youtube.com\/channel\/UCua4Qvz8Icb6MYqhoq9xLXw"]},{"@type":"Person","@id":"https:\/\/informelitoral.com.ar\/#\/schema\/person\/b9d00407c836482871ef1d57bf8e3180","name":"Gonzalo Schmidt","image":{"@type":"ImageObject","inLanguage":"es","@id":"https:\/\/secure.gravatar.com\/avatar\/31a1a7b66ff2de83bd0e9fd79d026630d2d99e55e8bfe501287647b4fd9743de?s=96&d=mm&r=g","url":"https:\/\/secure.gravatar.com\/avatar\/31a1a7b66ff2de83bd0e9fd79d026630d2d99e55e8bfe501287647b4fd9743de?s=96&d=mm&r=g","contentUrl":"https:\/\/secure.gravatar.com\/avatar\/31a1a7b66ff2de83bd0e9fd79d026630d2d99e55e8bfe501287647b4fd9743de?s=96&d=mm&r=g","caption":"Gonzalo Schmidt"},"description":"Sitio web de noticias de la provincia de Entre R\u00edos, Argentina. Informaci\u00f3n y entretenimiento. Informe Litoral, nos informamos.","sameAs":["http:\/\/www.isletasnoticias.com.ar"],"url":"https:\/\/informelitoral.com.ar\/author\/gonzalo\/"}]}},"_links":{"self":[{"href":"https:\/\/informelitoral.com.ar\/%77%70%2d%6a%73%6f%6e\/wp\/v2\/posts\/38744","targetHints":{"allow":["GET"]}}],"collection":[{"href":"https:\/\/informelitoral.com.ar\/%77%70%2d%6a%73%6f%6e\/wp\/v2\/posts"}],"about":[{"href":"https:\/\/informelitoral.com.ar\/%77%70%2d%6a%73%6f%6e\/wp\/v2\/types\/post"}],"author":[{"embeddable":true,"href":"https:\/\/informelitoral.com.ar\/%77%70%2d%6a%73%6f%6e\/wp\/v2\/users\/2"}],"replies":[{"embeddable":true,"href":"https:\/\/informelitoral.com.ar\/%77%70%2d%6a%73%6f%6e\/wp\/v2\/comments?post=38744"}],"version-history":[{"count":0,"href":"https:\/\/informelitoral.com.ar\/%77%70%2d%6a%73%6f%6e\/wp\/v2\/posts\/38744\/revisions"}],"wp:featuredmedia":[{"embeddable":true,"href":"https:\/\/informelitoral.com.ar\/%77%70%2d%6a%73%6f%6e\/wp\/v2\/media\/23128"}],"wp:attachment":[{"href":"https:\/\/informelitoral.com.ar\/%77%70%2d%6a%73%6f%6e\/wp\/v2\/media?parent=38744"}],"wp:term":[{"taxonomy":"category","embeddable":true,"href":"https:\/\/informelitoral.com.ar\/%77%70%2d%6a%73%6f%6e\/wp\/v2\/categories?post=38744"},{"taxonomy":"post_tag","embeddable":true,"href":"https:\/\/informelitoral.com.ar\/%77%70%2d%6a%73%6f%6e\/wp\/v2\/tags?post=38744"}],"curies":[{"name":"wp","href":"https:\/\/api.w.org\/{rel}","templated":true}]}}