{"id":38742,"date":"2019-12-17T09:14:41","date_gmt":"2019-12-17T12:14:41","guid":{"rendered":"https:\/\/www.isletasnoticias.com.ar\/?p=38742"},"modified":"2019-12-17T09:14:41","modified_gmt":"2019-12-17T12:14:41","slug":"nacion-pedira-al-congreso-autorizacion-para-aumentar-3-mas-las-retenciones","status":"publish","type":"post","link":"https:\/\/informelitoral.com.ar\/nacion-pedira-al-congreso-autorizacion-para-aumentar-3-mas-las-retenciones\/","title":{"rendered":"Naci\u00f3n pedir\u00e1 al Congreso autorizaci\u00f3n para aumentar 3% m\u00e1s las retenciones"},"content":{"rendered":"<article id=\"article-post\" class=\"first\">\n<div class=\"cuerpo\" data-twitter-link=\"https:\/\/twitter.com\/intent\/tweet?url=https:\/\/ahora.com.ar\/c4194122&amp;via=PlataformaAhora&amp;related=Ahora&amp;text=\">\n<p class=\"capital\">El Poder Ejecutivo le pedir\u00e1 al Congreso en el proyecto de\u00a0<strong>ley de emergencia econ\u00f3mica<\/strong>\u00a0la delegaci\u00f3n de la facultad para aumentar en tres puntos porcentuales los\u00a0<strong>derechos de exportaci\u00f3n<\/strong> a los principales productos agropecuarios.<\/p>\n<\/div>\n<\/article>\n<article id=\"article-post\">\n<div class=\"cuerpo\" data-twitter-link=\"https:\/\/twitter.com\/intent\/tweet?url=https:\/\/ahora.com.ar\/c4194122&amp;via=PlataformaAhora&amp;related=Ahora&amp;text=\">\n<p>As\u00ed lo inform\u00f3 ayer el presidente\u00a0<strong>Alberto Fern\u00e1ndez<\/strong>\u00a0en una entrevista que le concedi\u00f3 al programa<em> Telef\u00e9 Noticias.<\/em> \u00ab<strong>Estamos pidiendo la facultad para aumentar tres puntos las retenciones<\/strong>\u00ab, dijo, aunque subray\u00f3: \u00abPero he dicho en campa\u00f1a que vamos a tomar las medidas en conjunto; aspiro a que en los primeros d\u00edas de enero podamos constituir la\u00a0<strong>mesa del di\u00e1logo social<\/strong>, y la gente del campo es muy importante y tiene que estar integrada en esa mesa\u00bb.<\/p>\n<p><span id=\"saysCMSEmphasisbk3uqjahqfg\" class=\"saysCMSEmphasis\">De concretarse esa suba, la soja pasar\u00eda de tributar de 30 a 33 por ciento, en tanto que el ma\u00edz y el trigo se incrementar\u00edan de 12 a 15 por ciento<\/span>.<\/p>\n<p>Hasta ahora, el Congreso le hab\u00eda concedido al gobierno de Mauricio Macri la potestad de incrementar hasta un 30% los derechos de exportaci\u00f3n a la soja y un m\u00e1ximo de 12% los del trigo, el ma\u00edz y el girasol. Cuando, en septiembre de 2018, el gobierno dispuso que se terminara la baja de 0,5 puntos porcentuales por mes para la soja y quedara en un esquema de 18% m\u00e1s $4 por tonelada, estableci\u00f3 que el m\u00e1ximo pod\u00eda alcanzar un 30% para la oleaginosa. Eso pod\u00eda suceder si se apreciaba el tipo de cambio, lo que finalmente no sucedi\u00f3.<\/p>\n<p>Con el ma\u00edz y el trigo, cultivos que siguen en orden de importancia a la soja, se llev\u00f3 de cero por ciento a $4 por tonelada que, al tipo de cambio de septiembre de 2018 implicaba una al\u00edcuota de 10%. Con la devaluaci\u00f3n, ese valor se licu\u00f3 a 6,7 por ciento hasta el viernes pasado.<\/p>\n<p><strong>La decisi\u00f3n de pedir autorizaci\u00f3n al Congreso para subir tres puntos porcentuales los derechos de exportaci\u00f3n naci\u00f3 en el Ministerio de Econom\u00eda, que conduce Mart\u00edn Guzm\u00e1n<\/strong>. Durante el fin de semana, hubo rumores en la cadena agroindustrial de que, en verdad, el pedido de aumento iba a ser de cinco puntos para la soja, con lo cual iba a quedar en 35%, el mismo porcentaje que ten\u00eda hasta diciembre de 2015.<\/p>\n<p>En el Ministerio de Agricultura, a su vez, hubo cierta resistencia a esa medida y se advirti\u00f3 sobre la necesidad de trabajar en un nuevo esquema para\u00a0<strong>reducir las al\u00edcuotas de los productos con m\u00e1s industrializaci\u00f3n<\/strong>. Para ello habr\u00e1 una convocatoria sectorial con el prop\u00f3sito de favorecer el \u00abagregado de valor\u00bb.<\/p>\n<p>El presidente Fern\u00e1ndez dijo que \u00ab<strong>las retenciones que hoy existen son las que dej\u00f3 el gobierno anterior<\/strong>\u00bb y consider\u00f3: \u00abLa verdad es que lo que hoy se paga son las retenciones que estaban dispuestas\u00bb.<\/p>\n<p>En tanto, la\u00a0<strong>Mesa de Enlace<\/strong>\u00a0de entidades agropecuarias se reuni\u00f3 ayer y dijo que\u00a0<strong>no tomar\u00e1 medidas de fuerza luego del incremento de los derechos de exportaci\u00f3n<\/strong>\u00a0que resolvi\u00f3 el Gobierno y, en cambio, apelar\u00e1 al di\u00e1logo para lograr un entendimiento. Lo hizo tras las concentraciones de productores en distintos puntos del pa\u00eds.<\/p>\n<p>Adem\u00e1s, la\u00a0<strong>Mesa de Enlace<\/strong>, que forman Daniel Pelegrina (SRA), Carlos Achetoni (FAA), Jorge Chemes (CRA) y Carlos Iannizzotto (Coninagro), se reuni\u00f3 ayer con el presidente de la C\u00e1mara de Diputados, Sergio Massa, y con el ministro de Agricultura, Luis Basterra, en las oficinas que el titular de la C\u00e1mara baja tiene en Avenida del Libertador al 800, en la Capital. Seg\u00fan pudo reconstruir La Naci\u00f3n, los funcionarios b\u00e1sicamente escucharon los planteos de los ruralistas y ofrecieron mantener el di\u00e1logo.<\/p>\n<p><em>Fuente: La Naci\u00f3n<\/em><\/p>\n<\/div>\n<\/article>\n","protected":false},"excerpt":{"rendered":"<p>\u00abEstamos pidiendo la facultad para aumentar tres puntos las retenciones\u00bb, dijo Fern\u00e1ndez. De concretarse esa suba, la soja pasar\u00eda de tributar de 30 a 33%, en tanto que el ma\u00edz y el trigo se incrementar\u00edan de 12 a 15%.<\/p>\n","protected":false},"author":2,"featured_media":27247,"comment_status":"open","ping_status":"open","sticky":false,"template":"","format":"standard","meta":{"fifu_image_url":"","fifu_image_alt":"","footnotes":""},"categories":[10],"tags":[1311,71,233,120,157],"class_list":{"0":"post-38742","1":"post","2":"type-post","3":"status-publish","4":"format-standard","5":"has-post-thumbnail","7":"category-campo","8":"tag-alberto-fernandez","9":"tag-campo","10":"tag-gobierno-nacional","11":"tag-produccion","12":"tag-retenciones"},"yoast_head":"<title>Naci\u00f3n pedir\u00e1 al Congreso autorizaci\u00f3n para aumentar 3% m\u00e1s las retenciones - Informe Litoral<\/title>\n<meta name=\"robots\" content=\"index, follow, max-snippet:-1, max-image-preview:large, max-video-preview:-1\" \/>\n<link rel=\"canonical\" href=\"https:\/\/informelitoral.com.ar\/nacion-pedira-al-congreso-autorizacion-para-aumentar-3-mas-las-retenciones\/\" \/>\n<meta property=\"og:locale\" content=\"es_ES\" \/>\n<meta property=\"og:type\" content=\"article\" \/>\n<meta property=\"og:title\" content=\"Naci\u00f3n pedir\u00e1 al Congreso autorizaci\u00f3n para aumentar 3% m\u00e1s las retenciones - Informe Litoral\" \/>\n<meta property=\"og:description\" content=\"&quot;Estamos pidiendo la facultad para aumentar tres puntos las retenciones&quot;, dijo Fern\u00e1ndez. De concretarse esa suba, la soja pasar\u00eda de tributar de 30 a 33%, en tanto que el ma\u00edz y el trigo se incrementar\u00edan de 12 a 15%.\" \/>\n<meta property=\"og:url\" content=\"https:\/\/informelitoral.com.ar\/nacion-pedira-al-congreso-autorizacion-para-aumentar-3-mas-las-retenciones\/\" \/>\n<meta property=\"og:site_name\" content=\"Informe Litoral\" \/>\n<meta property=\"article:publisher\" content=\"https:\/\/www.facebook.com\/informelitoral\/\" \/>\n<meta property=\"article:published_time\" content=\"2019-12-17T12:14:41+00:00\" \/>\n<meta property=\"og:image\" content=\"https:\/\/informelitoral.com.ar\/%77%70%2d%63%6f%6e%74%65%6e%74\/uploads\/2018\/06\/Cosecha-soja-w.jpg\" \/>\n\t<meta property=\"og:image:width\" content=\"650\" \/>\n\t<meta property=\"og:image:height\" content=\"405\" \/>\n\t<meta property=\"og:image:type\" content=\"image\/jpeg\" \/>\n<meta name=\"author\" content=\"Gonzalo Schmidt\" \/>\n<meta name=\"twitter:card\" content=\"summary_large_image\" \/>\n<meta name=\"twitter:creator\" content=\"@InformeLitoral\" \/>\n<meta name=\"twitter:site\" content=\"@InformeLitoral\" \/>\n<meta name=\"twitter:label1\" content=\"Escrito por\" \/>\n\t<meta name=\"twitter:data1\" content=\"Gonzalo Schmidt\" \/>\n\t<meta name=\"twitter:label2\" content=\"Tiempo de lectura\" \/>\n\t<meta name=\"twitter:data2\" content=\"3 minutos\" \/>\n<script type=\"application\/ld+json\" class=\"yoast-schema-graph\">{\"@context\":\"https:\\\/\\\/schema.org\",\"@graph\":[{\"@type\":\"Article\",\"@id\":\"https:\\\/\\\/informelitoral.com.ar\\\/nacion-pedira-al-congreso-autorizacion-para-aumentar-3-mas-las-retenciones\\\/#article\",\"isPartOf\":{\"@id\":\"https:\\\/\\\/informelitoral.com.ar\\\/nacion-pedira-al-congreso-autorizacion-para-aumentar-3-mas-las-retenciones\\\/\"},\"author\":{\"name\":\"Gonzalo Schmidt\",\"@id\":\"https:\\\/\\\/informelitoral.com.ar\\\/#\\\/schema\\\/person\\\/b9d00407c836482871ef1d57bf8e3180\"},\"headline\":\"Naci\u00f3n pedir\u00e1 al Congreso autorizaci\u00f3n para aumentar 3% m\u00e1s las retenciones\",\"datePublished\":\"2019-12-17T12:14:41+00:00\",\"mainEntityOfPage\":{\"@id\":\"https:\\\/\\\/informelitoral.com.ar\\\/nacion-pedira-al-congreso-autorizacion-para-aumentar-3-mas-las-retenciones\\\/\"},\"wordCount\":627,\"commentCount\":0,\"publisher\":{\"@id\":\"https:\\\/\\\/informelitoral.com.ar\\\/#organization\"},\"image\":{\"@id\":\"https:\\\/\\\/informelitoral.com.ar\\\/nacion-pedira-al-congreso-autorizacion-para-aumentar-3-mas-las-retenciones\\\/#primaryimage\"},\"thumbnailUrl\":\"https:\\\/\\\/informelitoral.com.ar\\\/%77%70%2d%63%6f%6e%74%65%6e%74\\\/uploads\\\/2018\\\/06\\\/Cosecha-soja-w.jpg\",\"keywords\":[\"Alberto Fern\u00e1ndez\",\"Campo\",\"Gobierno nacional\",\"Producci\u00f3n\",\"Retenciones\"],\"articleSection\":[\"Campo\"],\"inLanguage\":\"es\",\"potentialAction\":[{\"@type\":\"CommentAction\",\"name\":\"Comment\",\"target\":[\"https:\\\/\\\/informelitoral.com.ar\\\/nacion-pedira-al-congreso-autorizacion-para-aumentar-3-mas-las-retenciones\\\/#respond\"]}]},{\"@type\":\"WebPage\",\"@id\":\"https:\\\/\\\/informelitoral.com.ar\\\/nacion-pedira-al-congreso-autorizacion-para-aumentar-3-mas-las-retenciones\\\/\",\"url\":\"https:\\\/\\\/informelitoral.com.ar\\\/nacion-pedira-al-congreso-autorizacion-para-aumentar-3-mas-las-retenciones\\\/\",\"name\":\"Naci\u00f3n pedir\u00e1 al Congreso autorizaci\u00f3n para aumentar 3% m\u00e1s las retenciones - Informe Litoral\",\"isPartOf\":{\"@id\":\"https:\\\/\\\/informelitoral.com.ar\\\/#website\"},\"primaryImageOfPage\":{\"@id\":\"https:\\\/\\\/informelitoral.com.ar\\\/nacion-pedira-al-congreso-autorizacion-para-aumentar-3-mas-las-retenciones\\\/#primaryimage\"},\"image\":{\"@id\":\"https:\\\/\\\/informelitoral.com.ar\\\/nacion-pedira-al-congreso-autorizacion-para-aumentar-3-mas-las-retenciones\\\/#primaryimage\"},\"thumbnailUrl\":\"https:\\\/\\\/informelitoral.com.ar\\\/%77%70%2d%63%6f%6e%74%65%6e%74\\\/uploads\\\/2018\\\/06\\\/Cosecha-soja-w.jpg\",\"datePublished\":\"2019-12-17T12:14:41+00:00\",\"breadcrumb\":{\"@id\":\"https:\\\/\\\/informelitoral.com.ar\\\/nacion-pedira-al-congreso-autorizacion-para-aumentar-3-mas-las-retenciones\\\/#breadcrumb\"},\"inLanguage\":\"es\",\"potentialAction\":[{\"@type\":\"ReadAction\",\"target\":[\"https:\\\/\\\/informelitoral.com.ar\\\/nacion-pedira-al-congreso-autorizacion-para-aumentar-3-mas-las-retenciones\\\/\"]}]},{\"@type\":\"ImageObject\",\"inLanguage\":\"es\",\"@id\":\"https:\\\/\\\/informelitoral.com.ar\\\/nacion-pedira-al-congreso-autorizacion-para-aumentar-3-mas-las-retenciones\\\/#primaryimage\",\"url\":\"https:\\\/\\\/informelitoral.com.ar\\\/%77%70%2d%63%6f%6e%74%65%6e%74\\\/uploads\\\/2018\\\/06\\\/Cosecha-soja-w.jpg\",\"contentUrl\":\"https:\\\/\\\/informelitoral.com.ar\\\/%77%70%2d%63%6f%6e%74%65%6e%74\\\/uploads\\\/2018\\\/06\\\/Cosecha-soja-w.jpg\",\"width\":650,\"height\":405},{\"@type\":\"BreadcrumbList\",\"@id\":\"https:\\\/\\\/informelitoral.com.ar\\\/nacion-pedira-al-congreso-autorizacion-para-aumentar-3-mas-las-retenciones\\\/#breadcrumb\",\"itemListElement\":[{\"@type\":\"ListItem\",\"position\":1,\"name\":\"Portada\",\"item\":\"https:\\\/\\\/informelitoral.com.ar\\\/\"},{\"@type\":\"ListItem\",\"position\":2,\"name\":\"Naci\u00f3n pedir\u00e1 al Congreso autorizaci\u00f3n para aumentar 3% m\u00e1s las retenciones\"}]},{\"@type\":\"WebSite\",\"@id\":\"https:\\\/\\\/informelitoral.com.ar\\\/#website\",\"url\":\"https:\\\/\\\/informelitoral.com.ar\\\/\",\"name\":\"Informe Litoral\",\"description\":\"&quot;Nos informamos&quot; \",\"publisher\":{\"@id\":\"https:\\\/\\\/informelitoral.com.ar\\\/#organization\"},\"potentialAction\":[{\"@type\":\"SearchAction\",\"target\":{\"@type\":\"EntryPoint\",\"urlTemplate\":\"https:\\\/\\\/informelitoral.com.ar\\\/?s={search_term_string}\"},\"query-input\":{\"@type\":\"PropertyValueSpecification\",\"valueRequired\":true,\"valueName\":\"search_term_string\"}}],\"inLanguage\":\"es\"},{\"@type\":\"Organization\",\"@id\":\"https:\\\/\\\/informelitoral.com.ar\\\/#organization\",\"name\":\"Informe Litoral\",\"url\":\"https:\\\/\\\/informelitoral.com.ar\\\/\",\"logo\":{\"@type\":\"ImageObject\",\"inLanguage\":\"es\",\"@id\":\"https:\\\/\\\/informelitoral.com.ar\\\/#\\\/schema\\\/logo\\\/image\\\/\",\"url\":\"https:\\\/\\\/informelitoral.com.ar\\\/%77%70%2d%63%6f%6e%74%65%6e%74\\\/uploads\\\/2021\\\/01\\\/circulo.png\",\"contentUrl\":\"https:\\\/\\\/informelitoral.com.ar\\\/%77%70%2d%63%6f%6e%74%65%6e%74\\\/uploads\\\/2021\\\/01\\\/circulo.png\",\"width\":723,\"height\":731,\"caption\":\"Informe Litoral\"},\"image\":{\"@id\":\"https:\\\/\\\/informelitoral.com.ar\\\/#\\\/schema\\\/logo\\\/image\\\/\"},\"sameAs\":[\"https:\\\/\\\/www.facebook.com\\\/informelitoral\\\/\",\"https:\\\/\\\/x.com\\\/InformeLitoral\",\"https:\\\/\\\/www.instagram.com\\\/informelitoral\\\/\",\"https:\\\/\\\/www.youtube.com\\\/channel\\\/UCua4Qvz8Icb6MYqhoq9xLXw\"]},{\"@type\":\"Person\",\"@id\":\"https:\\\/\\\/informelitoral.com.ar\\\/#\\\/schema\\\/person\\\/b9d00407c836482871ef1d57bf8e3180\",\"name\":\"Gonzalo Schmidt\",\"image\":{\"@type\":\"ImageObject\",\"inLanguage\":\"es\",\"@id\":\"https:\\\/\\\/secure.gravatar.com\\\/avatar\\\/31a1a7b66ff2de83bd0e9fd79d026630d2d99e55e8bfe501287647b4fd9743de?s=96&d=mm&r=g\",\"url\":\"https:\\\/\\\/secure.gravatar.com\\\/avatar\\\/31a1a7b66ff2de83bd0e9fd79d026630d2d99e55e8bfe501287647b4fd9743de?s=96&d=mm&r=g\",\"contentUrl\":\"https:\\\/\\\/secure.gravatar.com\\\/avatar\\\/31a1a7b66ff2de83bd0e9fd79d026630d2d99e55e8bfe501287647b4fd9743de?s=96&d=mm&r=g\",\"caption\":\"Gonzalo Schmidt\"},\"description\":\"Sitio web de noticias de la provincia de Entre R\u00edos, Argentina. Informaci\u00f3n y entretenimiento. Informe Litoral, nos informamos.\",\"sameAs\":[\"http:\\\/\\\/www.isletasnoticias.com.ar\"],\"url\":\"https:\\\/\\\/informelitoral.com.ar\\\/author\\\/gonzalo\\\/\"}]}<\/script>","yoast_head_json":{"title":"Naci\u00f3n pedir\u00e1 al Congreso autorizaci\u00f3n para aumentar 3% m\u00e1s las retenciones - Informe Litoral","robots":{"index":"index","follow":"follow","max-snippet":"max-snippet:-1","max-image-preview":"max-image-preview:large","max-video-preview":"max-video-preview:-1"},"canonical":"https:\/\/informelitoral.com.ar\/nacion-pedira-al-congreso-autorizacion-para-aumentar-3-mas-las-retenciones\/","og_locale":"es_ES","og_type":"article","og_title":"Naci\u00f3n pedir\u00e1 al Congreso autorizaci\u00f3n para aumentar 3% m\u00e1s las retenciones - Informe Litoral","og_description":"\"Estamos pidiendo la facultad para aumentar tres puntos las retenciones\", dijo Fern\u00e1ndez. De concretarse esa suba, la soja pasar\u00eda de tributar de 30 a 33%, en tanto que el ma\u00edz y el trigo se incrementar\u00edan de 12 a 15%.","og_url":"https:\/\/informelitoral.com.ar\/nacion-pedira-al-congreso-autorizacion-para-aumentar-3-mas-las-retenciones\/","og_site_name":"Informe Litoral","article_publisher":"https:\/\/www.facebook.com\/informelitoral\/","article_published_time":"2019-12-17T12:14:41+00:00","og_image":[{"width":650,"height":405,"url":"https:\/\/informelitoral.com.ar\/%77%70%2d%63%6f%6e%74%65%6e%74\/uploads\/2018\/06\/Cosecha-soja-w.jpg","type":"image\/jpeg"}],"author":"Gonzalo Schmidt","twitter_card":"summary_large_image","twitter_creator":"@InformeLitoral","twitter_site":"@InformeLitoral","twitter_misc":{"Escrito por":"Gonzalo Schmidt","Tiempo de lectura":"3 minutos"},"schema":{"@context":"https:\/\/schema.org","@graph":[{"@type":"Article","@id":"https:\/\/informelitoral.com.ar\/nacion-pedira-al-congreso-autorizacion-para-aumentar-3-mas-las-retenciones\/#article","isPartOf":{"@id":"https:\/\/informelitoral.com.ar\/nacion-pedira-al-congreso-autorizacion-para-aumentar-3-mas-las-retenciones\/"},"author":{"name":"Gonzalo Schmidt","@id":"https:\/\/informelitoral.com.ar\/#\/schema\/person\/b9d00407c836482871ef1d57bf8e3180"},"headline":"Naci\u00f3n pedir\u00e1 al Congreso autorizaci\u00f3n para aumentar 3% m\u00e1s las retenciones","datePublished":"2019-12-17T12:14:41+00:00","mainEntityOfPage":{"@id":"https:\/\/informelitoral.com.ar\/nacion-pedira-al-congreso-autorizacion-para-aumentar-3-mas-las-retenciones\/"},"wordCount":627,"commentCount":0,"publisher":{"@id":"https:\/\/informelitoral.com.ar\/#organization"},"image":{"@id":"https:\/\/informelitoral.com.ar\/nacion-pedira-al-congreso-autorizacion-para-aumentar-3-mas-las-retenciones\/#primaryimage"},"thumbnailUrl":"https:\/\/informelitoral.com.ar\/%77%70%2d%63%6f%6e%74%65%6e%74\/uploads\/2018\/06\/Cosecha-soja-w.jpg","keywords":["Alberto Fern\u00e1ndez","Campo","Gobierno nacional","Producci\u00f3n","Retenciones"],"articleSection":["Campo"],"inLanguage":"es","potentialAction":[{"@type":"CommentAction","name":"Comment","target":["https:\/\/informelitoral.com.ar\/nacion-pedira-al-congreso-autorizacion-para-aumentar-3-mas-las-retenciones\/#respond"]}]},{"@type":"WebPage","@id":"https:\/\/informelitoral.com.ar\/nacion-pedira-al-congreso-autorizacion-para-aumentar-3-mas-las-retenciones\/","url":"https:\/\/informelitoral.com.ar\/nacion-pedira-al-congreso-autorizacion-para-aumentar-3-mas-las-retenciones\/","name":"Naci\u00f3n pedir\u00e1 al Congreso autorizaci\u00f3n para aumentar 3% m\u00e1s las retenciones - Informe Litoral","isPartOf":{"@id":"https:\/\/informelitoral.com.ar\/#website"},"primaryImageOfPage":{"@id":"https:\/\/informelitoral.com.ar\/nacion-pedira-al-congreso-autorizacion-para-aumentar-3-mas-las-retenciones\/#primaryimage"},"image":{"@id":"https:\/\/informelitoral.com.ar\/nacion-pedira-al-congreso-autorizacion-para-aumentar-3-mas-las-retenciones\/#primaryimage"},"thumbnailUrl":"https:\/\/informelitoral.com.ar\/%77%70%2d%63%6f%6e%74%65%6e%74\/uploads\/2018\/06\/Cosecha-soja-w.jpg","datePublished":"2019-12-17T12:14:41+00:00","breadcrumb":{"@id":"https:\/\/informelitoral.com.ar\/nacion-pedira-al-congreso-autorizacion-para-aumentar-3-mas-las-retenciones\/#breadcrumb"},"inLanguage":"es","potentialAction":[{"@type":"ReadAction","target":["https:\/\/informelitoral.com.ar\/nacion-pedira-al-congreso-autorizacion-para-aumentar-3-mas-las-retenciones\/"]}]},{"@type":"ImageObject","inLanguage":"es","@id":"https:\/\/informelitoral.com.ar\/nacion-pedira-al-congreso-autorizacion-para-aumentar-3-mas-las-retenciones\/#primaryimage","url":"https:\/\/informelitoral.com.ar\/%77%70%2d%63%6f%6e%74%65%6e%74\/uploads\/2018\/06\/Cosecha-soja-w.jpg","contentUrl":"https:\/\/informelitoral.com.ar\/%77%70%2d%63%6f%6e%74%65%6e%74\/uploads\/2018\/06\/Cosecha-soja-w.jpg","width":650,"height":405},{"@type":"BreadcrumbList","@id":"https:\/\/informelitoral.com.ar\/nacion-pedira-al-congreso-autorizacion-para-aumentar-3-mas-las-retenciones\/#breadcrumb","itemListElement":[{"@type":"ListItem","position":1,"name":"Portada","item":"https:\/\/informelitoral.com.ar\/"},{"@type":"ListItem","position":2,"name":"Naci\u00f3n pedir\u00e1 al Congreso autorizaci\u00f3n para aumentar 3% m\u00e1s las retenciones"}]},{"@type":"WebSite","@id":"https:\/\/informelitoral.com.ar\/#website","url":"https:\/\/informelitoral.com.ar\/","name":"Informe Litoral","description":"&quot;Nos informamos&quot; ","publisher":{"@id":"https:\/\/informelitoral.com.ar\/#organization"},"potentialAction":[{"@type":"SearchAction","target":{"@type":"EntryPoint","urlTemplate":"https:\/\/informelitoral.com.ar\/?s={search_term_string}"},"query-input":{"@type":"PropertyValueSpecification","valueRequired":true,"valueName":"search_term_string"}}],"inLanguage":"es"},{"@type":"Organization","@id":"https:\/\/informelitoral.com.ar\/#organization","name":"Informe Litoral","url":"https:\/\/informelitoral.com.ar\/","logo":{"@type":"ImageObject","inLanguage":"es","@id":"https:\/\/informelitoral.com.ar\/#\/schema\/logo\/image\/","url":"https:\/\/informelitoral.com.ar\/%77%70%2d%63%6f%6e%74%65%6e%74\/uploads\/2021\/01\/circulo.png","contentUrl":"https:\/\/informelitoral.com.ar\/%77%70%2d%63%6f%6e%74%65%6e%74\/uploads\/2021\/01\/circulo.png","width":723,"height":731,"caption":"Informe Litoral"},"image":{"@id":"https:\/\/informelitoral.com.ar\/#\/schema\/logo\/image\/"},"sameAs":["https:\/\/www.facebook.com\/informelitoral\/","https:\/\/x.com\/InformeLitoral","https:\/\/www.instagram.com\/informelitoral\/","https:\/\/www.youtube.com\/channel\/UCua4Qvz8Icb6MYqhoq9xLXw"]},{"@type":"Person","@id":"https:\/\/informelitoral.com.ar\/#\/schema\/person\/b9d00407c836482871ef1d57bf8e3180","name":"Gonzalo Schmidt","image":{"@type":"ImageObject","inLanguage":"es","@id":"https:\/\/secure.gravatar.com\/avatar\/31a1a7b66ff2de83bd0e9fd79d026630d2d99e55e8bfe501287647b4fd9743de?s=96&d=mm&r=g","url":"https:\/\/secure.gravatar.com\/avatar\/31a1a7b66ff2de83bd0e9fd79d026630d2d99e55e8bfe501287647b4fd9743de?s=96&d=mm&r=g","contentUrl":"https:\/\/secure.gravatar.com\/avatar\/31a1a7b66ff2de83bd0e9fd79d026630d2d99e55e8bfe501287647b4fd9743de?s=96&d=mm&r=g","caption":"Gonzalo Schmidt"},"description":"Sitio web de noticias de la provincia de Entre R\u00edos, Argentina. Informaci\u00f3n y entretenimiento. Informe Litoral, nos informamos.","sameAs":["http:\/\/www.isletasnoticias.com.ar"],"url":"https:\/\/informelitoral.com.ar\/author\/gonzalo\/"}]}},"_links":{"self":[{"href":"https:\/\/informelitoral.com.ar\/%77%70%2d%6a%73%6f%6e\/wp\/v2\/posts\/38742","targetHints":{"allow":["GET"]}}],"collection":[{"href":"https:\/\/informelitoral.com.ar\/%77%70%2d%6a%73%6f%6e\/wp\/v2\/posts"}],"about":[{"href":"https:\/\/informelitoral.com.ar\/%77%70%2d%6a%73%6f%6e\/wp\/v2\/types\/post"}],"author":[{"embeddable":true,"href":"https:\/\/informelitoral.com.ar\/%77%70%2d%6a%73%6f%6e\/wp\/v2\/users\/2"}],"replies":[{"embeddable":true,"href":"https:\/\/informelitoral.com.ar\/%77%70%2d%6a%73%6f%6e\/wp\/v2\/comments?post=38742"}],"version-history":[{"count":0,"href":"https:\/\/informelitoral.com.ar\/%77%70%2d%6a%73%6f%6e\/wp\/v2\/posts\/38742\/revisions"}],"wp:featuredmedia":[{"embeddable":true,"href":"https:\/\/informelitoral.com.ar\/%77%70%2d%6a%73%6f%6e\/wp\/v2\/media\/27247"}],"wp:attachment":[{"href":"https:\/\/informelitoral.com.ar\/%77%70%2d%6a%73%6f%6e\/wp\/v2\/media?parent=38742"}],"wp:term":[{"taxonomy":"category","embeddable":true,"href":"https:\/\/informelitoral.com.ar\/%77%70%2d%6a%73%6f%6e\/wp\/v2\/categories?post=38742"},{"taxonomy":"post_tag","embeddable":true,"href":"https:\/\/informelitoral.com.ar\/%77%70%2d%6a%73%6f%6e\/wp\/v2\/tags?post=38742"}],"curies":[{"name":"wp","href":"https:\/\/api.w.org\/{rel}","templated":true}]}}