{"id":38664,"date":"2019-12-14T06:11:35","date_gmt":"2019-12-14T09:11:35","guid":{"rendered":"https:\/\/www.isletasnoticias.com.ar\/?p=38664"},"modified":"2019-12-14T12:15:18","modified_gmt":"2019-12-14T15:15:18","slug":"julio-de-vido-y-roberto-baratta-dejaron-la-carcel-y-ya-estan-en-sus-casas","status":"publish","type":"post","link":"https:\/\/informelitoral.com.ar\/julio-de-vido-y-roberto-baratta-dejaron-la-carcel-y-ya-estan-en-sus-casas\/","title":{"rendered":"Julio De Vido y Roberto Baratta dejaron la c\u00e1rcel y ya est\u00e1n en sus casas"},"content":{"rendered":"<div class=\"row pb-content-type-text\">\n<div class=\"col-xs-12 col-print-12\">\n<p class=\"element element-paragraph\">La libertad de ambos funcionarios en el marco de la causa de los Cuadernos fue ordenada el viernes 13 por la noche por el Tribunal Oral Federal (TOF 7) y\u00a0<b>se hizo efectiva en horas de la madrugada de este s\u00e1bado cuando tanto Julio De Vido como Roberto Baratta dejaron el penal de Ezeiza rumbo a sus respectivos hogares.<\/b><\/p>\n<\/div>\n<\/div>\n<div class=\"row pb-content-type-text\">\n<div class=\"col-xs-12 col-print-12\">\n<p class=\"element element-paragraph\">Persiste de todos modos una diferencia en la situaci\u00f3n procesal de cada uno, porque el ex Ministro de Planificaci\u00f3n de la era K seguir\u00e1 con\u00a0<b>detenci\u00f3n domiciliaria\u00a0<\/b>por la causa R\u00edo Turbio (administraci\u00f3n fraudulenta en el manejo de los fondos destinados a la remodelaci\u00f3n de la mina de carb\u00f3n), mientras que Baratta\u00a0<b>portar\u00e1 tobillera<\/b>, deber\u00e1 presentarse todos los meses ante el tribunal y no podr\u00e1 dejar el pa\u00eds.<\/p>\n<\/div>\n<\/div>\n<div class=\"row pb-content-type-text\">\n<div class=\"col-xs-12 col-print-12\">\n<p class=\"element element-paragraph\">El propio De Vido, al enterarse de Casaci\u00f3n hab\u00eda ordenado su inmediata libertad en la causa de los Cuadernos, explic\u00f3: \u00abEl TOF 7 orden\u00f3 mi liberaci\u00f3n, pero el TOF 1\u00a0<b>hab\u00eda dejado firme una domiciliaria que seguramente en la semana mis abogados buscar\u00e1n la forma de remover\u00a0<\/b>para darle valor a la decisi\u00f3n de Casaci\u00f3n\u201d<\/p>\n<\/div>\n<\/div>\n<div class=\"row pb-content-type-text\">\n<div class=\"col-xs-12 col-print-12\">\n<p class=\"element element-paragraph\">La decisi\u00f3n de excarcelar a De Vido y Baratta fue tomada por la Sala I de Casaci\u00f3n, a cargo de\u00a0<b>Diego Gustavo Barroetave\u00f1a, Daniel Petrone y Ana Mar\u00eda Figueroa<\/b>. Por mayor\u00eda, Barroetave\u00f1a y Petrone resolvieron aceptar el recurso de las defensas de los ex funcionarios de Planificaci\u00f3n y ordenar que el TOF 7 revise su decisi\u00f3n de no morigerar la situaci\u00f3n de los detenidos, a la luz de las nuevas normas del C\u00f3digo Procesal Penal que puso en vigencia la Comisi\u00f3n Bicameral, en los \u00faltimos d\u00edas del Gobierno de Mauricio Macri.<\/p>\n<\/div>\n<\/div>\n<div class=\"row pb-content-type-text\">\n<div class=\"col-xs-12 col-print-12\">\n<p class=\"element element-paragraph\">Los magistrados de Casaci\u00f3n coincidieron en que el TOF\u00a0<b>no analiz\u00f3 debidamente las distintas pautas alternativas al encarcelamiento.\u00a0<\/b>Ejemplo de estas morigeraciones del encierro son la prisi\u00f3n domiciliaria o la excarcelaci\u00f3n con tobillera para revenir riesgos de fuga.<\/p>\n<p class=\"element element-paragraph\">Antes de enterarse de que su prisi\u00f3n domiciliaria se concretar\u00eda finalmente, Julio De Vido hab\u00eda anunciado que iniciar\u00eda una huelga de hambre en Ezeiza, en protesta por la \u201cdespiadada persecuci\u00f3n\u201d por parte de \u201clos tres poderes del Estado\u00bb. <b>El ex funcionario se encuentra detenido desde octubre de 2017, por un pedido del fiscal Carlos Stornelli en el marco de la causa R\u00edo Turbio\u00a0<\/b>y en virtud de una interpretaci\u00f3n del uso de la prisi\u00f3n preventiva que fue bautizada como \u201cdoctrina Irurzun\u201d, por el magistrado que la formul\u00f3 por primera vez. Tras el pedido de prisi\u00f3n de Stornelli contra De Vido, el Congreso le quit\u00f3 los fueros al ex ministro.<\/p>\n<\/div>\n<\/div>\n<div class=\"row pb-content-type-text\">\n<div class=\"col-xs-12 col-print-12\">\n<p class=\"element element-paragraph\">En abril de 2018, se inici\u00f3 la llamada causa de los Cuadernos, cuando el periodista Diego Cabot, de La Naci\u00f3n, se present\u00f3 ante el fiscal Stornelli para aportarle fotocopias de cuadernos que conten\u00edan\u00a0<b>las anotaciones de Oscar Centeno, el chofer de Roberto Baratta, con el registro de los viajes que hac\u00edan recaudando dinero entre empresarios.<\/b>\u00a0En el marco de esa causa, se ordenaron detenciones que inclu\u00edan a la ex presidenta (con fueros como senadora), a De Vido, Baratta, ex funcionarios y empresarios. Tras las declaraciones de los arrepentidos y las revisiones de la C\u00e1mara Federal, actualmente<b>\u00a0los \u00fanicos detenidos por cuadernos eran De Vido, Baratta y el ex director de Yaciret\u00e1, Oscar Thomas,<\/b>\u00a0con prisi\u00f3n domiciliaria.<\/p>\n<\/div>\n<\/div>\n<div class=\"row pb-content-type-text\">\n<div class=\"col-xs-12 col-print-12\">\n<p class=\"element element-paragraph\">La excarcelaci\u00f3n de De Vido y Baratta tiene un alto impacto pol\u00edtico, en particular en momentos en que el presidente de la Naci\u00f3n,<b>\u00a0Alberto Fern\u00e1ndez, critic\u00f3 el abuso de las prisiones preventivas,<\/b>\u00a0tanto en campa\u00f1a como en su discurso de asunci\u00f3n en el Congreso, y despu\u00e9s de que la vicepresidente Cristina Kirchner hablara del lawfare de causas en su contra.<\/p>\n<\/div>\n<\/div>\n<div class=\"row pb-content-type-text\">\n<div class=\"col-xs-12 col-print-12\">\n<p class=\"element element-paragraph\">En la noche del jueves, De Vido hab\u00eda anunciado que iniciaba una huelga de hambre en prisi\u00f3n: asegur\u00f3 que no comer\u00eda los alimentos entregados por el Servicio Penitenciario como protesta por la \u201cdespiadada persecuci\u00f3n\u201d de que se considera v\u00edctima por parte de \u201clos tres poderes del Estado\u00bb. <em>(Fuente: Infobae)<\/em><\/p>\n<\/div>\n<\/div>\n","protected":false},"excerpt":{"rendered":"<p>El ex ministro cumple prisi\u00f3n domiciliaria por la causa R\u00edo Turbio, mientras que el ex secretario de Coordinaci\u00f3n del Ministerio de Planificaci\u00f3n Federal est\u00e1 excarcelado con tobillera.<\/p>\n","protected":false},"author":2,"featured_media":38665,"comment_status":"open","ping_status":"open","sticky":false,"template":"","format":"standard","meta":{"fifu_image_url":"","fifu_image_alt":"","footnotes":""},"categories":[16],"tags":[],"class_list":{"0":"post-38664","1":"post","2":"type-post","3":"status-publish","4":"format-standard","5":"has-post-thumbnail","7":"category-politi"},"yoast_head":"<title>Julio De Vido y Roberto Baratta dejaron la c\u00e1rcel y ya est\u00e1n en sus casas - Informe Litoral<\/title>\n<meta name=\"robots\" content=\"index, follow, max-snippet:-1, max-image-preview:large, max-video-preview:-1\" \/>\n<link rel=\"canonical\" href=\"https:\/\/informelitoral.com.ar\/julio-de-vido-y-roberto-baratta-dejaron-la-carcel-y-ya-estan-en-sus-casas\/\" \/>\n<meta property=\"og:locale\" content=\"es_ES\" \/>\n<meta property=\"og:type\" content=\"article\" \/>\n<meta property=\"og:title\" content=\"Julio De Vido y Roberto Baratta dejaron la c\u00e1rcel y ya est\u00e1n en sus casas - Informe Litoral\" \/>\n<meta property=\"og:description\" content=\"El ex ministro cumple prisi\u00f3n domiciliaria por la causa R\u00edo Turbio, mientras que el ex secretario de Coordinaci\u00f3n del Ministerio de Planificaci\u00f3n Federal est\u00e1 excarcelado con tobillera.\" \/>\n<meta property=\"og:url\" content=\"https:\/\/informelitoral.com.ar\/julio-de-vido-y-roberto-baratta-dejaron-la-carcel-y-ya-estan-en-sus-casas\/\" \/>\n<meta property=\"og:site_name\" content=\"Informe Litoral\" \/>\n<meta property=\"article:publisher\" content=\"https:\/\/www.facebook.com\/informelitoral\/\" \/>\n<meta property=\"article:published_time\" content=\"2019-12-14T09:11:35+00:00\" \/>\n<meta property=\"article:modified_time\" content=\"2019-12-14T15:15:18+00:00\" \/>\n<meta property=\"og:image\" content=\"https:\/\/informelitoral.com.ar\/%77%70%2d%63%6f%6e%74%65%6e%74\/uploads\/2019\/12\/julio-devido.jpg\" \/>\n\t<meta property=\"og:image:width\" content=\"800\" \/>\n\t<meta property=\"og:image:height\" content=\"450\" \/>\n\t<meta property=\"og:image:type\" content=\"image\/jpeg\" \/>\n<meta name=\"author\" content=\"Gonzalo Schmidt\" \/>\n<meta name=\"twitter:card\" content=\"summary_large_image\" \/>\n<meta name=\"twitter:creator\" content=\"@InformeLitoral\" \/>\n<meta name=\"twitter:site\" content=\"@InformeLitoral\" \/>\n<meta name=\"twitter:label1\" content=\"Escrito por\" \/>\n\t<meta name=\"twitter:data1\" content=\"Gonzalo Schmidt\" \/>\n\t<meta name=\"twitter:label2\" content=\"Tiempo de lectura\" \/>\n\t<meta name=\"twitter:data2\" content=\"3 minutos\" \/>\n<script type=\"application\/ld+json\" class=\"yoast-schema-graph\">{\"@context\":\"https:\\\/\\\/schema.org\",\"@graph\":[{\"@type\":\"Article\",\"@id\":\"https:\\\/\\\/informelitoral.com.ar\\\/julio-de-vido-y-roberto-baratta-dejaron-la-carcel-y-ya-estan-en-sus-casas\\\/#article\",\"isPartOf\":{\"@id\":\"https:\\\/\\\/informelitoral.com.ar\\\/julio-de-vido-y-roberto-baratta-dejaron-la-carcel-y-ya-estan-en-sus-casas\\\/\"},\"author\":{\"name\":\"Gonzalo Schmidt\",\"@id\":\"https:\\\/\\\/informelitoral.com.ar\\\/#\\\/schema\\\/person\\\/b9d00407c836482871ef1d57bf8e3180\"},\"headline\":\"Julio De Vido y Roberto Baratta dejaron la c\u00e1rcel y ya est\u00e1n en sus casas\",\"datePublished\":\"2019-12-14T09:11:35+00:00\",\"dateModified\":\"2019-12-14T15:15:18+00:00\",\"mainEntityOfPage\":{\"@id\":\"https:\\\/\\\/informelitoral.com.ar\\\/julio-de-vido-y-roberto-baratta-dejaron-la-carcel-y-ya-estan-en-sus-casas\\\/\"},\"wordCount\":713,\"commentCount\":0,\"publisher\":{\"@id\":\"https:\\\/\\\/informelitoral.com.ar\\\/#organization\"},\"image\":{\"@id\":\"https:\\\/\\\/informelitoral.com.ar\\\/julio-de-vido-y-roberto-baratta-dejaron-la-carcel-y-ya-estan-en-sus-casas\\\/#primaryimage\"},\"thumbnailUrl\":\"https:\\\/\\\/informelitoral.com.ar\\\/%77%70%2d%63%6f%6e%74%65%6e%74\\\/uploads\\\/2019\\\/12\\\/julio-devido.jpg\",\"articleSection\":[\"Politica\"],\"inLanguage\":\"es\",\"potentialAction\":[{\"@type\":\"CommentAction\",\"name\":\"Comment\",\"target\":[\"https:\\\/\\\/informelitoral.com.ar\\\/julio-de-vido-y-roberto-baratta-dejaron-la-carcel-y-ya-estan-en-sus-casas\\\/#respond\"]}]},{\"@type\":\"WebPage\",\"@id\":\"https:\\\/\\\/informelitoral.com.ar\\\/julio-de-vido-y-roberto-baratta-dejaron-la-carcel-y-ya-estan-en-sus-casas\\\/\",\"url\":\"https:\\\/\\\/informelitoral.com.ar\\\/julio-de-vido-y-roberto-baratta-dejaron-la-carcel-y-ya-estan-en-sus-casas\\\/\",\"name\":\"Julio De Vido y Roberto Baratta dejaron la c\u00e1rcel y ya est\u00e1n en sus casas - Informe Litoral\",\"isPartOf\":{\"@id\":\"https:\\\/\\\/informelitoral.com.ar\\\/#website\"},\"primaryImageOfPage\":{\"@id\":\"https:\\\/\\\/informelitoral.com.ar\\\/julio-de-vido-y-roberto-baratta-dejaron-la-carcel-y-ya-estan-en-sus-casas\\\/#primaryimage\"},\"image\":{\"@id\":\"https:\\\/\\\/informelitoral.com.ar\\\/julio-de-vido-y-roberto-baratta-dejaron-la-carcel-y-ya-estan-en-sus-casas\\\/#primaryimage\"},\"thumbnailUrl\":\"https:\\\/\\\/informelitoral.com.ar\\\/%77%70%2d%63%6f%6e%74%65%6e%74\\\/uploads\\\/2019\\\/12\\\/julio-devido.jpg\",\"datePublished\":\"2019-12-14T09:11:35+00:00\",\"dateModified\":\"2019-12-14T15:15:18+00:00\",\"breadcrumb\":{\"@id\":\"https:\\\/\\\/informelitoral.com.ar\\\/julio-de-vido-y-roberto-baratta-dejaron-la-carcel-y-ya-estan-en-sus-casas\\\/#breadcrumb\"},\"inLanguage\":\"es\",\"potentialAction\":[{\"@type\":\"ReadAction\",\"target\":[\"https:\\\/\\\/informelitoral.com.ar\\\/julio-de-vido-y-roberto-baratta-dejaron-la-carcel-y-ya-estan-en-sus-casas\\\/\"]}]},{\"@type\":\"ImageObject\",\"inLanguage\":\"es\",\"@id\":\"https:\\\/\\\/informelitoral.com.ar\\\/julio-de-vido-y-roberto-baratta-dejaron-la-carcel-y-ya-estan-en-sus-casas\\\/#primaryimage\",\"url\":\"https:\\\/\\\/informelitoral.com.ar\\\/%77%70%2d%63%6f%6e%74%65%6e%74\\\/uploads\\\/2019\\\/12\\\/julio-devido.jpg\",\"contentUrl\":\"https:\\\/\\\/informelitoral.com.ar\\\/%77%70%2d%63%6f%6e%74%65%6e%74\\\/uploads\\\/2019\\\/12\\\/julio-devido.jpg\",\"width\":800,\"height\":450},{\"@type\":\"BreadcrumbList\",\"@id\":\"https:\\\/\\\/informelitoral.com.ar\\\/julio-de-vido-y-roberto-baratta-dejaron-la-carcel-y-ya-estan-en-sus-casas\\\/#breadcrumb\",\"itemListElement\":[{\"@type\":\"ListItem\",\"position\":1,\"name\":\"Portada\",\"item\":\"https:\\\/\\\/informelitoral.com.ar\\\/\"},{\"@type\":\"ListItem\",\"position\":2,\"name\":\"Julio De Vido y Roberto Baratta dejaron la c\u00e1rcel y ya est\u00e1n en sus casas\"}]},{\"@type\":\"WebSite\",\"@id\":\"https:\\\/\\\/informelitoral.com.ar\\\/#website\",\"url\":\"https:\\\/\\\/informelitoral.com.ar\\\/\",\"name\":\"Informe Litoral\",\"description\":\"&quot;Nos informamos&quot; \",\"publisher\":{\"@id\":\"https:\\\/\\\/informelitoral.com.ar\\\/#organization\"},\"potentialAction\":[{\"@type\":\"SearchAction\",\"target\":{\"@type\":\"EntryPoint\",\"urlTemplate\":\"https:\\\/\\\/informelitoral.com.ar\\\/?s={search_term_string}\"},\"query-input\":{\"@type\":\"PropertyValueSpecification\",\"valueRequired\":true,\"valueName\":\"search_term_string\"}}],\"inLanguage\":\"es\"},{\"@type\":\"Organization\",\"@id\":\"https:\\\/\\\/informelitoral.com.ar\\\/#organization\",\"name\":\"Informe Litoral\",\"url\":\"https:\\\/\\\/informelitoral.com.ar\\\/\",\"logo\":{\"@type\":\"ImageObject\",\"inLanguage\":\"es\",\"@id\":\"https:\\\/\\\/informelitoral.com.ar\\\/#\\\/schema\\\/logo\\\/image\\\/\",\"url\":\"https:\\\/\\\/informelitoral.com.ar\\\/%77%70%2d%63%6f%6e%74%65%6e%74\\\/uploads\\\/2021\\\/01\\\/circulo.png\",\"contentUrl\":\"https:\\\/\\\/informelitoral.com.ar\\\/%77%70%2d%63%6f%6e%74%65%6e%74\\\/uploads\\\/2021\\\/01\\\/circulo.png\",\"width\":723,\"height\":731,\"caption\":\"Informe Litoral\"},\"image\":{\"@id\":\"https:\\\/\\\/informelitoral.com.ar\\\/#\\\/schema\\\/logo\\\/image\\\/\"},\"sameAs\":[\"https:\\\/\\\/www.facebook.com\\\/informelitoral\\\/\",\"https:\\\/\\\/x.com\\\/InformeLitoral\",\"https:\\\/\\\/www.instagram.com\\\/informelitoral\\\/\",\"https:\\\/\\\/www.youtube.com\\\/channel\\\/UCua4Qvz8Icb6MYqhoq9xLXw\"]},{\"@type\":\"Person\",\"@id\":\"https:\\\/\\\/informelitoral.com.ar\\\/#\\\/schema\\\/person\\\/b9d00407c836482871ef1d57bf8e3180\",\"name\":\"Gonzalo Schmidt\",\"image\":{\"@type\":\"ImageObject\",\"inLanguage\":\"es\",\"@id\":\"https:\\\/\\\/secure.gravatar.com\\\/avatar\\\/31a1a7b66ff2de83bd0e9fd79d026630d2d99e55e8bfe501287647b4fd9743de?s=96&d=mm&r=g\",\"url\":\"https:\\\/\\\/secure.gravatar.com\\\/avatar\\\/31a1a7b66ff2de83bd0e9fd79d026630d2d99e55e8bfe501287647b4fd9743de?s=96&d=mm&r=g\",\"contentUrl\":\"https:\\\/\\\/secure.gravatar.com\\\/avatar\\\/31a1a7b66ff2de83bd0e9fd79d026630d2d99e55e8bfe501287647b4fd9743de?s=96&d=mm&r=g\",\"caption\":\"Gonzalo Schmidt\"},\"description\":\"Sitio web de noticias de la provincia de Entre R\u00edos, Argentina. Informaci\u00f3n y entretenimiento. Informe Litoral, nos informamos.\",\"sameAs\":[\"http:\\\/\\\/www.isletasnoticias.com.ar\"],\"url\":\"https:\\\/\\\/informelitoral.com.ar\\\/author\\\/gonzalo\\\/\"}]}<\/script>","yoast_head_json":{"title":"Julio De Vido y Roberto Baratta dejaron la c\u00e1rcel y ya est\u00e1n en sus casas - Informe Litoral","robots":{"index":"index","follow":"follow","max-snippet":"max-snippet:-1","max-image-preview":"max-image-preview:large","max-video-preview":"max-video-preview:-1"},"canonical":"https:\/\/informelitoral.com.ar\/julio-de-vido-y-roberto-baratta-dejaron-la-carcel-y-ya-estan-en-sus-casas\/","og_locale":"es_ES","og_type":"article","og_title":"Julio De Vido y Roberto Baratta dejaron la c\u00e1rcel y ya est\u00e1n en sus casas - Informe Litoral","og_description":"El ex ministro cumple prisi\u00f3n domiciliaria por la causa R\u00edo Turbio, mientras que el ex secretario de Coordinaci\u00f3n del Ministerio de Planificaci\u00f3n Federal est\u00e1 excarcelado con tobillera.","og_url":"https:\/\/informelitoral.com.ar\/julio-de-vido-y-roberto-baratta-dejaron-la-carcel-y-ya-estan-en-sus-casas\/","og_site_name":"Informe Litoral","article_publisher":"https:\/\/www.facebook.com\/informelitoral\/","article_published_time":"2019-12-14T09:11:35+00:00","article_modified_time":"2019-12-14T15:15:18+00:00","og_image":[{"width":800,"height":450,"url":"https:\/\/informelitoral.com.ar\/%77%70%2d%63%6f%6e%74%65%6e%74\/uploads\/2019\/12\/julio-devido.jpg","type":"image\/jpeg"}],"author":"Gonzalo Schmidt","twitter_card":"summary_large_image","twitter_creator":"@InformeLitoral","twitter_site":"@InformeLitoral","twitter_misc":{"Escrito por":"Gonzalo Schmidt","Tiempo de lectura":"3 minutos"},"schema":{"@context":"https:\/\/schema.org","@graph":[{"@type":"Article","@id":"https:\/\/informelitoral.com.ar\/julio-de-vido-y-roberto-baratta-dejaron-la-carcel-y-ya-estan-en-sus-casas\/#article","isPartOf":{"@id":"https:\/\/informelitoral.com.ar\/julio-de-vido-y-roberto-baratta-dejaron-la-carcel-y-ya-estan-en-sus-casas\/"},"author":{"name":"Gonzalo Schmidt","@id":"https:\/\/informelitoral.com.ar\/#\/schema\/person\/b9d00407c836482871ef1d57bf8e3180"},"headline":"Julio De Vido y Roberto Baratta dejaron la c\u00e1rcel y ya est\u00e1n en sus casas","datePublished":"2019-12-14T09:11:35+00:00","dateModified":"2019-12-14T15:15:18+00:00","mainEntityOfPage":{"@id":"https:\/\/informelitoral.com.ar\/julio-de-vido-y-roberto-baratta-dejaron-la-carcel-y-ya-estan-en-sus-casas\/"},"wordCount":713,"commentCount":0,"publisher":{"@id":"https:\/\/informelitoral.com.ar\/#organization"},"image":{"@id":"https:\/\/informelitoral.com.ar\/julio-de-vido-y-roberto-baratta-dejaron-la-carcel-y-ya-estan-en-sus-casas\/#primaryimage"},"thumbnailUrl":"https:\/\/informelitoral.com.ar\/%77%70%2d%63%6f%6e%74%65%6e%74\/uploads\/2019\/12\/julio-devido.jpg","articleSection":["Politica"],"inLanguage":"es","potentialAction":[{"@type":"CommentAction","name":"Comment","target":["https:\/\/informelitoral.com.ar\/julio-de-vido-y-roberto-baratta-dejaron-la-carcel-y-ya-estan-en-sus-casas\/#respond"]}]},{"@type":"WebPage","@id":"https:\/\/informelitoral.com.ar\/julio-de-vido-y-roberto-baratta-dejaron-la-carcel-y-ya-estan-en-sus-casas\/","url":"https:\/\/informelitoral.com.ar\/julio-de-vido-y-roberto-baratta-dejaron-la-carcel-y-ya-estan-en-sus-casas\/","name":"Julio De Vido y Roberto Baratta dejaron la c\u00e1rcel y ya est\u00e1n en sus casas - Informe Litoral","isPartOf":{"@id":"https:\/\/informelitoral.com.ar\/#website"},"primaryImageOfPage":{"@id":"https:\/\/informelitoral.com.ar\/julio-de-vido-y-roberto-baratta-dejaron-la-carcel-y-ya-estan-en-sus-casas\/#primaryimage"},"image":{"@id":"https:\/\/informelitoral.com.ar\/julio-de-vido-y-roberto-baratta-dejaron-la-carcel-y-ya-estan-en-sus-casas\/#primaryimage"},"thumbnailUrl":"https:\/\/informelitoral.com.ar\/%77%70%2d%63%6f%6e%74%65%6e%74\/uploads\/2019\/12\/julio-devido.jpg","datePublished":"2019-12-14T09:11:35+00:00","dateModified":"2019-12-14T15:15:18+00:00","breadcrumb":{"@id":"https:\/\/informelitoral.com.ar\/julio-de-vido-y-roberto-baratta-dejaron-la-carcel-y-ya-estan-en-sus-casas\/#breadcrumb"},"inLanguage":"es","potentialAction":[{"@type":"ReadAction","target":["https:\/\/informelitoral.com.ar\/julio-de-vido-y-roberto-baratta-dejaron-la-carcel-y-ya-estan-en-sus-casas\/"]}]},{"@type":"ImageObject","inLanguage":"es","@id":"https:\/\/informelitoral.com.ar\/julio-de-vido-y-roberto-baratta-dejaron-la-carcel-y-ya-estan-en-sus-casas\/#primaryimage","url":"https:\/\/informelitoral.com.ar\/%77%70%2d%63%6f%6e%74%65%6e%74\/uploads\/2019\/12\/julio-devido.jpg","contentUrl":"https:\/\/informelitoral.com.ar\/%77%70%2d%63%6f%6e%74%65%6e%74\/uploads\/2019\/12\/julio-devido.jpg","width":800,"height":450},{"@type":"BreadcrumbList","@id":"https:\/\/informelitoral.com.ar\/julio-de-vido-y-roberto-baratta-dejaron-la-carcel-y-ya-estan-en-sus-casas\/#breadcrumb","itemListElement":[{"@type":"ListItem","position":1,"name":"Portada","item":"https:\/\/informelitoral.com.ar\/"},{"@type":"ListItem","position":2,"name":"Julio De Vido y Roberto Baratta dejaron la c\u00e1rcel y ya est\u00e1n en sus casas"}]},{"@type":"WebSite","@id":"https:\/\/informelitoral.com.ar\/#website","url":"https:\/\/informelitoral.com.ar\/","name":"Informe Litoral","description":"&quot;Nos informamos&quot; ","publisher":{"@id":"https:\/\/informelitoral.com.ar\/#organization"},"potentialAction":[{"@type":"SearchAction","target":{"@type":"EntryPoint","urlTemplate":"https:\/\/informelitoral.com.ar\/?s={search_term_string}"},"query-input":{"@type":"PropertyValueSpecification","valueRequired":true,"valueName":"search_term_string"}}],"inLanguage":"es"},{"@type":"Organization","@id":"https:\/\/informelitoral.com.ar\/#organization","name":"Informe Litoral","url":"https:\/\/informelitoral.com.ar\/","logo":{"@type":"ImageObject","inLanguage":"es","@id":"https:\/\/informelitoral.com.ar\/#\/schema\/logo\/image\/","url":"https:\/\/informelitoral.com.ar\/%77%70%2d%63%6f%6e%74%65%6e%74\/uploads\/2021\/01\/circulo.png","contentUrl":"https:\/\/informelitoral.com.ar\/%77%70%2d%63%6f%6e%74%65%6e%74\/uploads\/2021\/01\/circulo.png","width":723,"height":731,"caption":"Informe Litoral"},"image":{"@id":"https:\/\/informelitoral.com.ar\/#\/schema\/logo\/image\/"},"sameAs":["https:\/\/www.facebook.com\/informelitoral\/","https:\/\/x.com\/InformeLitoral","https:\/\/www.instagram.com\/informelitoral\/","https:\/\/www.youtube.com\/channel\/UCua4Qvz8Icb6MYqhoq9xLXw"]},{"@type":"Person","@id":"https:\/\/informelitoral.com.ar\/#\/schema\/person\/b9d00407c836482871ef1d57bf8e3180","name":"Gonzalo Schmidt","image":{"@type":"ImageObject","inLanguage":"es","@id":"https:\/\/secure.gravatar.com\/avatar\/31a1a7b66ff2de83bd0e9fd79d026630d2d99e55e8bfe501287647b4fd9743de?s=96&d=mm&r=g","url":"https:\/\/secure.gravatar.com\/avatar\/31a1a7b66ff2de83bd0e9fd79d026630d2d99e55e8bfe501287647b4fd9743de?s=96&d=mm&r=g","contentUrl":"https:\/\/secure.gravatar.com\/avatar\/31a1a7b66ff2de83bd0e9fd79d026630d2d99e55e8bfe501287647b4fd9743de?s=96&d=mm&r=g","caption":"Gonzalo Schmidt"},"description":"Sitio web de noticias de la provincia de Entre R\u00edos, Argentina. Informaci\u00f3n y entretenimiento. Informe Litoral, nos informamos.","sameAs":["http:\/\/www.isletasnoticias.com.ar"],"url":"https:\/\/informelitoral.com.ar\/author\/gonzalo\/"}]}},"_links":{"self":[{"href":"https:\/\/informelitoral.com.ar\/%77%70%2d%6a%73%6f%6e\/wp\/v2\/posts\/38664","targetHints":{"allow":["GET"]}}],"collection":[{"href":"https:\/\/informelitoral.com.ar\/%77%70%2d%6a%73%6f%6e\/wp\/v2\/posts"}],"about":[{"href":"https:\/\/informelitoral.com.ar\/%77%70%2d%6a%73%6f%6e\/wp\/v2\/types\/post"}],"author":[{"embeddable":true,"href":"https:\/\/informelitoral.com.ar\/%77%70%2d%6a%73%6f%6e\/wp\/v2\/users\/2"}],"replies":[{"embeddable":true,"href":"https:\/\/informelitoral.com.ar\/%77%70%2d%6a%73%6f%6e\/wp\/v2\/comments?post=38664"}],"version-history":[{"count":0,"href":"https:\/\/informelitoral.com.ar\/%77%70%2d%6a%73%6f%6e\/wp\/v2\/posts\/38664\/revisions"}],"wp:featuredmedia":[{"embeddable":true,"href":"https:\/\/informelitoral.com.ar\/%77%70%2d%6a%73%6f%6e\/wp\/v2\/media\/38665"}],"wp:attachment":[{"href":"https:\/\/informelitoral.com.ar\/%77%70%2d%6a%73%6f%6e\/wp\/v2\/media?parent=38664"}],"wp:term":[{"taxonomy":"category","embeddable":true,"href":"https:\/\/informelitoral.com.ar\/%77%70%2d%6a%73%6f%6e\/wp\/v2\/categories?post=38664"},{"taxonomy":"post_tag","embeddable":true,"href":"https:\/\/informelitoral.com.ar\/%77%70%2d%6a%73%6f%6e\/wp\/v2\/tags?post=38664"}],"curies":[{"name":"wp","href":"https:\/\/api.w.org\/{rel}","templated":true}]}}