{"id":3866,"date":"2013-10-24T09:26:06","date_gmt":"2013-10-24T12:26:06","guid":{"rendered":"http:\/\/www.isletasnoticias.com.ar\/?p=3866"},"modified":"2013-10-24T09:34:25","modified_gmt":"2013-10-24T12:34:25","slug":"lucas-eichmann-jr-los-jovenes-estamos-dispuestos-a-trabajar-por-el-bien-de-la-localidad","status":"publish","type":"post","link":"https:\/\/informelitoral.com.ar\/lucas-eichmann-jr-los-jovenes-estamos-dispuestos-a-trabajar-por-el-bien-de-la-localidad\/","title":{"rendered":"Lucas Eichmann (JR): \u201cLos j\u00f3venes estamos dispuestos a trabajar por el bien de la localidad\u201d"},"content":{"rendered":"<p><b>En declaraciones a <i>ISLETAS NOTICIAS<\/i>, el presidente de la Juventud Radical de Isletas, <i>Lucas Fabricio Eichmann<\/i>, sintetiz\u00f3 las actividades que vienen llevando a cabo. Adem\u00e1s, inst\u00f3 a que los j\u00f3venes \u201cse animen a participar\u201d, para \u201cproponer y decidir\u201d. El joven militante, tambi\u00e9n pidi\u00f3 que el domingo todos concurran a las urnas y se mostr\u00f3 confiado en que la UCR, ratif<b>icar\u00e1 el resultado obtenido en las PASO.<\/b><\/b><\/p>\n<p><img loading=\"lazy\" decoding=\"async\" class=\"size-medium wp-image-3868 aligncenter\" alt=\"51319_santa-fe\" src=\"http:\/\/www.isletasnoticias.com.ar\/%77%70%2d%63%6f%6e%74%65%6e%74\/uploads\/2013\/10\/51319_santa-fe-300x161.jpg\" width=\"300\" height=\"161\" srcset=\"https:\/\/informelitoral.com.ar\/%77%70%2d%63%6f%6e%74%65%6e%74\/uploads\/2013\/10\/51319_santa-fe-300x161.jpg 300w, https:\/\/informelitoral.com.ar\/%77%70%2d%63%6f%6e%74%65%6e%74\/uploads\/2013\/10\/51319_santa-fe.jpg 544w\" sizes=\"auto, (max-width: 300px) 100vw, 300px\" \/><\/p>\n<p style=\"text-align: left;\"><img loading=\"lazy\" decoding=\"async\" class=\"size-medium wp-image-3867 alignright\" title=\"Lucas Eichmann, presidente de la JR Isletas.\" alt=\"lucas eichman\" src=\"http:\/\/www.isletasnoticias.com.ar\/%77%70%2d%63%6f%6e%74%65%6e%74\/uploads\/2013\/10\/lucas-eichman-225x300.jpg\" width=\"225\" height=\"300\" srcset=\"https:\/\/informelitoral.com.ar\/%77%70%2d%63%6f%6e%74%65%6e%74\/uploads\/2013\/10\/lucas-eichman-225x300.jpg 225w, https:\/\/informelitoral.com.ar\/%77%70%2d%63%6f%6e%74%65%6e%74\/uploads\/2013\/10\/lucas-eichman-768x1024.jpg 768w, https:\/\/informelitoral.com.ar\/%77%70%2d%63%6f%6e%74%65%6e%74\/uploads\/2013\/10\/lucas-eichman.jpg 1200w\" sizes=\"auto, (max-width: 225px) 100vw, 225px\" \/><b>Lucas Eichmann<\/b>, en di\u00e1logo con\u00a0<b><i>IN<\/i><\/b>, enumer\u00f3 que \u201ca lo largo de estos dos a\u00f1os hemos trabajado junto con los vecinos y las instituciones, fundamentalmente en el \u00e1rea educativa. Estamos convencidos de que esto potencializa el desarrollo de nuestra comunidad, porque <span style=\"text-decoration: underline;\">creemos que la educaci\u00f3n constituye un pilar b\u00e1sico<\/span>\u201d; destac\u00f3 el joven, y en cuanto a la formaci\u00f3n pol\u00edtica coment\u00f3: \u201cConstantemente participamos de capacitaciones y ahora en los \u00faltimos meses nos dedicamos a la campa\u00f1a\u201d.<\/p>\n<p style=\"text-align: left;\">Eichmann, remarc\u00f3 que actualmente en Isletas, \u201chay mucha mayor militancia, y eso es bueno, porque es una manera de buscar el bien para la comunidad desde distintos \u00e1ngulos y <span style=\"text-decoration: underline;\">desde el radicalismo hemos demostrado que los j\u00f3venes\u00a0estamos dispuestos a trabajar por el bien de la localidad<\/span>\u201d.<\/p>\n<p style=\"text-align: left;\">\u00a0 El presidente de la JR, aprovech\u00f3 para dejar un claro mensaje a los j\u00f3venes: \u201cLo que nosotros esperamos es que se animen a participar, que se integren en la actividad pol\u00edtica, para proponer y decidir. <span style=\"text-decoration: underline;\">Sin dudas somos el futuro, pero tambi\u00e9n representamos el presente<\/span> y por orden l\u00f3gico en algunos a\u00f1os seremos los encargados de dirigir los destinos de nuestra rep\u00fablica y para eso hay que prepararse\u201d.<\/p>\n<p style=\"text-align: left;\">\u00a0 Al ser consultado sobre las expectativas para las elecciones de este domingo, Eichmann se mostr\u00f3 optimista. \u201c<span style=\"text-decoration: underline;\">Desde el radicalismo trabajamos intensamente para ratificar el resultado obtenido en las PASO<\/span> y desde ya instamos al electorado a que concurra a emitir su sufragio, haciendo valer su derecho y cumpliendo con su deber c\u00edvico. Cada uno es libre a la hora de emitir su voto. Nosotros deseamos que elijan pensando en el bien de la rep\u00fablica y garantizando la democracia\u201d; finaliz\u00f3 el presidente de la JR y seguramente el futuro referente del radicalismo local.<\/p>\n","protected":false},"excerpt":{"rendered":"<p>En declaraciones a ISLETAS NOTICIAS, el presidente de la Juventud Radical de Isletas, Lucas Fabricio Eichmann, sintetiz&oacute; las actividades que vienen llevando a cabo. Adem&aacute;s, inst&oacute; a que los j&oacute;venes &ldquo;se animen a participar&rdquo;, para &ldquo;proponer y decidir&rdquo;. El joven militante, tambi&eacute;n pidi&oacute; que el domingo todos concurran a las urnas y se mostr&oacute; confiado [&hellip;]<\/p>\n","protected":false},"author":2,"featured_media":0,"comment_status":"open","ping_status":"open","sticky":false,"template":"","format":"standard","meta":{"fifu_image_url":"","fifu_image_alt":"","footnotes":""},"categories":[4,16],"tags":[],"class_list":{"0":"post-3866","1":"post","2":"type-post","3":"status-publish","4":"format-standard","6":"category-locales","7":"category-politi"},"yoast_head":"<title>Lucas Eichmann (JR): \u201cLos j\u00f3venes estamos dispuestos a trabajar por el bien de la localidad\u201d - Informe Litoral<\/title>\n<meta name=\"robots\" content=\"index, follow, max-snippet:-1, max-image-preview:large, max-video-preview:-1\" \/>\n<link rel=\"canonical\" href=\"https:\/\/informelitoral.com.ar\/lucas-eichmann-jr-los-jovenes-estamos-dispuestos-a-trabajar-por-el-bien-de-la-localidad\/\" \/>\n<meta property=\"og:locale\" content=\"es_ES\" \/>\n<meta property=\"og:type\" content=\"article\" \/>\n<meta property=\"og:title\" content=\"Lucas Eichmann (JR): \u201cLos j\u00f3venes estamos dispuestos a trabajar por el bien de la localidad\u201d - Informe Litoral\" \/>\n<meta property=\"og:description\" content=\"En declaraciones a ISLETAS NOTICIAS, el presidente de la Juventud Radical de Isletas, Lucas Fabricio Eichmann, sintetiz&oacute; las actividades que vienen llevando a cabo. Adem&aacute;s, inst&oacute; a que los j&oacute;venes &ldquo;se animen a participar&rdquo;, para &ldquo;proponer y decidir&rdquo;. El joven militante, tambi&eacute;n pidi&oacute; que el domingo todos concurran a las urnas y se mostr&oacute; confiado [&hellip;]\" \/>\n<meta property=\"og:url\" content=\"https:\/\/informelitoral.com.ar\/lucas-eichmann-jr-los-jovenes-estamos-dispuestos-a-trabajar-por-el-bien-de-la-localidad\/\" \/>\n<meta property=\"og:site_name\" content=\"Informe Litoral\" \/>\n<meta property=\"article:publisher\" content=\"https:\/\/www.facebook.com\/informelitoral\/\" \/>\n<meta property=\"article:published_time\" content=\"2013-10-24T12:26:06+00:00\" \/>\n<meta property=\"article:modified_time\" content=\"2013-10-24T12:34:25+00:00\" \/>\n<meta property=\"og:image\" content=\"https:\/\/informelitoral.com.ar\/%77%70%2d%63%6f%6e%74%65%6e%74\/uploads\/2013\/10\/51319_santa-fe.jpg\" \/>\n\t<meta property=\"og:image:width\" content=\"544\" \/>\n\t<meta property=\"og:image:height\" content=\"293\" \/>\n\t<meta property=\"og:image:type\" content=\"image\/jpeg\" \/>\n<meta name=\"author\" content=\"Gonzalo Schmidt\" \/>\n<meta name=\"twitter:card\" content=\"summary_large_image\" \/>\n<meta name=\"twitter:creator\" content=\"@InformeLitoral\" \/>\n<meta name=\"twitter:site\" content=\"@InformeLitoral\" \/>\n<meta name=\"twitter:label1\" content=\"Escrito por\" \/>\n\t<meta name=\"twitter:data1\" content=\"Gonzalo Schmidt\" \/>\n\t<meta name=\"twitter:label2\" content=\"Tiempo de lectura\" \/>\n\t<meta name=\"twitter:data2\" content=\"2 minutos\" \/>\n<script type=\"application\/ld+json\" class=\"yoast-schema-graph\">{\"@context\":\"https:\\\/\\\/schema.org\",\"@graph\":[{\"@type\":\"Article\",\"@id\":\"https:\\\/\\\/informelitoral.com.ar\\\/lucas-eichmann-jr-los-jovenes-estamos-dispuestos-a-trabajar-por-el-bien-de-la-localidad\\\/#article\",\"isPartOf\":{\"@id\":\"https:\\\/\\\/informelitoral.com.ar\\\/lucas-eichmann-jr-los-jovenes-estamos-dispuestos-a-trabajar-por-el-bien-de-la-localidad\\\/\"},\"author\":{\"name\":\"Gonzalo Schmidt\",\"@id\":\"https:\\\/\\\/informelitoral.com.ar\\\/#\\\/schema\\\/person\\\/b9d00407c836482871ef1d57bf8e3180\"},\"headline\":\"Lucas Eichmann (JR): \u201cLos j\u00f3venes estamos dispuestos a trabajar por el bien de la localidad\u201d\",\"datePublished\":\"2013-10-24T12:26:06+00:00\",\"dateModified\":\"2013-10-24T12:34:25+00:00\",\"mainEntityOfPage\":{\"@id\":\"https:\\\/\\\/informelitoral.com.ar\\\/lucas-eichmann-jr-los-jovenes-estamos-dispuestos-a-trabajar-por-el-bien-de-la-localidad\\\/\"},\"wordCount\":383,\"commentCount\":0,\"publisher\":{\"@id\":\"https:\\\/\\\/informelitoral.com.ar\\\/#organization\"},\"image\":{\"@id\":\"https:\\\/\\\/informelitoral.com.ar\\\/lucas-eichmann-jr-los-jovenes-estamos-dispuestos-a-trabajar-por-el-bien-de-la-localidad\\\/#primaryimage\"},\"thumbnailUrl\":\"http:\\\/\\\/www.isletasnoticias.com.ar\\\/%77%70%2d%63%6f%6e%74%65%6e%74\\\/uploads\\\/2013\\\/10\\\/51319_santa-fe-300x161.jpg\",\"articleSection\":[\"Isletas\",\"Politica\"],\"inLanguage\":\"es\",\"potentialAction\":[{\"@type\":\"CommentAction\",\"name\":\"Comment\",\"target\":[\"https:\\\/\\\/informelitoral.com.ar\\\/lucas-eichmann-jr-los-jovenes-estamos-dispuestos-a-trabajar-por-el-bien-de-la-localidad\\\/#respond\"]}]},{\"@type\":\"WebPage\",\"@id\":\"https:\\\/\\\/informelitoral.com.ar\\\/lucas-eichmann-jr-los-jovenes-estamos-dispuestos-a-trabajar-por-el-bien-de-la-localidad\\\/\",\"url\":\"https:\\\/\\\/informelitoral.com.ar\\\/lucas-eichmann-jr-los-jovenes-estamos-dispuestos-a-trabajar-por-el-bien-de-la-localidad\\\/\",\"name\":\"Lucas Eichmann (JR): \u201cLos j\u00f3venes estamos dispuestos a trabajar por el bien de la localidad\u201d - Informe Litoral\",\"isPartOf\":{\"@id\":\"https:\\\/\\\/informelitoral.com.ar\\\/#website\"},\"primaryImageOfPage\":{\"@id\":\"https:\\\/\\\/informelitoral.com.ar\\\/lucas-eichmann-jr-los-jovenes-estamos-dispuestos-a-trabajar-por-el-bien-de-la-localidad\\\/#primaryimage\"},\"image\":{\"@id\":\"https:\\\/\\\/informelitoral.com.ar\\\/lucas-eichmann-jr-los-jovenes-estamos-dispuestos-a-trabajar-por-el-bien-de-la-localidad\\\/#primaryimage\"},\"thumbnailUrl\":\"http:\\\/\\\/www.isletasnoticias.com.ar\\\/%77%70%2d%63%6f%6e%74%65%6e%74\\\/uploads\\\/2013\\\/10\\\/51319_santa-fe-300x161.jpg\",\"datePublished\":\"2013-10-24T12:26:06+00:00\",\"dateModified\":\"2013-10-24T12:34:25+00:00\",\"breadcrumb\":{\"@id\":\"https:\\\/\\\/informelitoral.com.ar\\\/lucas-eichmann-jr-los-jovenes-estamos-dispuestos-a-trabajar-por-el-bien-de-la-localidad\\\/#breadcrumb\"},\"inLanguage\":\"es\",\"potentialAction\":[{\"@type\":\"ReadAction\",\"target\":[\"https:\\\/\\\/informelitoral.com.ar\\\/lucas-eichmann-jr-los-jovenes-estamos-dispuestos-a-trabajar-por-el-bien-de-la-localidad\\\/\"]}]},{\"@type\":\"ImageObject\",\"inLanguage\":\"es\",\"@id\":\"https:\\\/\\\/informelitoral.com.ar\\\/lucas-eichmann-jr-los-jovenes-estamos-dispuestos-a-trabajar-por-el-bien-de-la-localidad\\\/#primaryimage\",\"url\":\"http:\\\/\\\/www.isletasnoticias.com.ar\\\/%77%70%2d%63%6f%6e%74%65%6e%74\\\/uploads\\\/2013\\\/10\\\/51319_santa-fe-300x161.jpg\",\"contentUrl\":\"http:\\\/\\\/www.isletasnoticias.com.ar\\\/%77%70%2d%63%6f%6e%74%65%6e%74\\\/uploads\\\/2013\\\/10\\\/51319_santa-fe-300x161.jpg\"},{\"@type\":\"BreadcrumbList\",\"@id\":\"https:\\\/\\\/informelitoral.com.ar\\\/lucas-eichmann-jr-los-jovenes-estamos-dispuestos-a-trabajar-por-el-bien-de-la-localidad\\\/#breadcrumb\",\"itemListElement\":[{\"@type\":\"ListItem\",\"position\":1,\"name\":\"Portada\",\"item\":\"https:\\\/\\\/informelitoral.com.ar\\\/\"},{\"@type\":\"ListItem\",\"position\":2,\"name\":\"Lucas Eichmann (JR): \u201cLos j\u00f3venes estamos dispuestos a trabajar por el bien de la localidad\u201d\"}]},{\"@type\":\"WebSite\",\"@id\":\"https:\\\/\\\/informelitoral.com.ar\\\/#website\",\"url\":\"https:\\\/\\\/informelitoral.com.ar\\\/\",\"name\":\"Informe Litoral\",\"description\":\"&quot;Nos informamos&quot; \",\"publisher\":{\"@id\":\"https:\\\/\\\/informelitoral.com.ar\\\/#organization\"},\"potentialAction\":[{\"@type\":\"SearchAction\",\"target\":{\"@type\":\"EntryPoint\",\"urlTemplate\":\"https:\\\/\\\/informelitoral.com.ar\\\/?s={search_term_string}\"},\"query-input\":{\"@type\":\"PropertyValueSpecification\",\"valueRequired\":true,\"valueName\":\"search_term_string\"}}],\"inLanguage\":\"es\"},{\"@type\":\"Organization\",\"@id\":\"https:\\\/\\\/informelitoral.com.ar\\\/#organization\",\"name\":\"Informe Litoral\",\"url\":\"https:\\\/\\\/informelitoral.com.ar\\\/\",\"logo\":{\"@type\":\"ImageObject\",\"inLanguage\":\"es\",\"@id\":\"https:\\\/\\\/informelitoral.com.ar\\\/#\\\/schema\\\/logo\\\/image\\\/\",\"url\":\"https:\\\/\\\/informelitoral.com.ar\\\/%77%70%2d%63%6f%6e%74%65%6e%74\\\/uploads\\\/2021\\\/01\\\/circulo.png\",\"contentUrl\":\"https:\\\/\\\/informelitoral.com.ar\\\/%77%70%2d%63%6f%6e%74%65%6e%74\\\/uploads\\\/2021\\\/01\\\/circulo.png\",\"width\":723,\"height\":731,\"caption\":\"Informe Litoral\"},\"image\":{\"@id\":\"https:\\\/\\\/informelitoral.com.ar\\\/#\\\/schema\\\/logo\\\/image\\\/\"},\"sameAs\":[\"https:\\\/\\\/www.facebook.com\\\/informelitoral\\\/\",\"https:\\\/\\\/x.com\\\/InformeLitoral\",\"https:\\\/\\\/www.instagram.com\\\/informelitoral\\\/\",\"https:\\\/\\\/www.youtube.com\\\/channel\\\/UCua4Qvz8Icb6MYqhoq9xLXw\"]},{\"@type\":\"Person\",\"@id\":\"https:\\\/\\\/informelitoral.com.ar\\\/#\\\/schema\\\/person\\\/b9d00407c836482871ef1d57bf8e3180\",\"name\":\"Gonzalo Schmidt\",\"image\":{\"@type\":\"ImageObject\",\"inLanguage\":\"es\",\"@id\":\"https:\\\/\\\/secure.gravatar.com\\\/avatar\\\/31a1a7b66ff2de83bd0e9fd79d026630d2d99e55e8bfe501287647b4fd9743de?s=96&d=mm&r=g\",\"url\":\"https:\\\/\\\/secure.gravatar.com\\\/avatar\\\/31a1a7b66ff2de83bd0e9fd79d026630d2d99e55e8bfe501287647b4fd9743de?s=96&d=mm&r=g\",\"contentUrl\":\"https:\\\/\\\/secure.gravatar.com\\\/avatar\\\/31a1a7b66ff2de83bd0e9fd79d026630d2d99e55e8bfe501287647b4fd9743de?s=96&d=mm&r=g\",\"caption\":\"Gonzalo Schmidt\"},\"description\":\"Sitio web de noticias de la provincia de Entre R\u00edos, Argentina. Informaci\u00f3n y entretenimiento. Informe Litoral, nos informamos.\",\"sameAs\":[\"http:\\\/\\\/www.isletasnoticias.com.ar\"],\"url\":\"https:\\\/\\\/informelitoral.com.ar\\\/author\\\/gonzalo\\\/\"}]}<\/script>","yoast_head_json":{"title":"Lucas Eichmann (JR): \u201cLos j\u00f3venes estamos dispuestos a trabajar por el bien de la localidad\u201d - Informe Litoral","robots":{"index":"index","follow":"follow","max-snippet":"max-snippet:-1","max-image-preview":"max-image-preview:large","max-video-preview":"max-video-preview:-1"},"canonical":"https:\/\/informelitoral.com.ar\/lucas-eichmann-jr-los-jovenes-estamos-dispuestos-a-trabajar-por-el-bien-de-la-localidad\/","og_locale":"es_ES","og_type":"article","og_title":"Lucas Eichmann (JR): \u201cLos j\u00f3venes estamos dispuestos a trabajar por el bien de la localidad\u201d - Informe Litoral","og_description":"En declaraciones a ISLETAS NOTICIAS, el presidente de la Juventud Radical de Isletas, Lucas Fabricio Eichmann, sintetiz&oacute; las actividades que vienen llevando a cabo. Adem&aacute;s, inst&oacute; a que los j&oacute;venes &ldquo;se animen a participar&rdquo;, para &ldquo;proponer y decidir&rdquo;. El joven militante, tambi&eacute;n pidi&oacute; que el domingo todos concurran a las urnas y se mostr&oacute; confiado [&hellip;]","og_url":"https:\/\/informelitoral.com.ar\/lucas-eichmann-jr-los-jovenes-estamos-dispuestos-a-trabajar-por-el-bien-de-la-localidad\/","og_site_name":"Informe Litoral","article_publisher":"https:\/\/www.facebook.com\/informelitoral\/","article_published_time":"2013-10-24T12:26:06+00:00","article_modified_time":"2013-10-24T12:34:25+00:00","og_image":[{"width":544,"height":293,"url":"https:\/\/informelitoral.com.ar\/%77%70%2d%63%6f%6e%74%65%6e%74\/uploads\/2013\/10\/51319_santa-fe.jpg","type":"image\/jpeg"}],"author":"Gonzalo Schmidt","twitter_card":"summary_large_image","twitter_creator":"@InformeLitoral","twitter_site":"@InformeLitoral","twitter_misc":{"Escrito por":"Gonzalo Schmidt","Tiempo de lectura":"2 minutos"},"schema":{"@context":"https:\/\/schema.org","@graph":[{"@type":"Article","@id":"https:\/\/informelitoral.com.ar\/lucas-eichmann-jr-los-jovenes-estamos-dispuestos-a-trabajar-por-el-bien-de-la-localidad\/#article","isPartOf":{"@id":"https:\/\/informelitoral.com.ar\/lucas-eichmann-jr-los-jovenes-estamos-dispuestos-a-trabajar-por-el-bien-de-la-localidad\/"},"author":{"name":"Gonzalo Schmidt","@id":"https:\/\/informelitoral.com.ar\/#\/schema\/person\/b9d00407c836482871ef1d57bf8e3180"},"headline":"Lucas Eichmann (JR): \u201cLos j\u00f3venes estamos dispuestos a trabajar por el bien de la localidad\u201d","datePublished":"2013-10-24T12:26:06+00:00","dateModified":"2013-10-24T12:34:25+00:00","mainEntityOfPage":{"@id":"https:\/\/informelitoral.com.ar\/lucas-eichmann-jr-los-jovenes-estamos-dispuestos-a-trabajar-por-el-bien-de-la-localidad\/"},"wordCount":383,"commentCount":0,"publisher":{"@id":"https:\/\/informelitoral.com.ar\/#organization"},"image":{"@id":"https:\/\/informelitoral.com.ar\/lucas-eichmann-jr-los-jovenes-estamos-dispuestos-a-trabajar-por-el-bien-de-la-localidad\/#primaryimage"},"thumbnailUrl":"http:\/\/www.isletasnoticias.com.ar\/%77%70%2d%63%6f%6e%74%65%6e%74\/uploads\/2013\/10\/51319_santa-fe-300x161.jpg","articleSection":["Isletas","Politica"],"inLanguage":"es","potentialAction":[{"@type":"CommentAction","name":"Comment","target":["https:\/\/informelitoral.com.ar\/lucas-eichmann-jr-los-jovenes-estamos-dispuestos-a-trabajar-por-el-bien-de-la-localidad\/#respond"]}]},{"@type":"WebPage","@id":"https:\/\/informelitoral.com.ar\/lucas-eichmann-jr-los-jovenes-estamos-dispuestos-a-trabajar-por-el-bien-de-la-localidad\/","url":"https:\/\/informelitoral.com.ar\/lucas-eichmann-jr-los-jovenes-estamos-dispuestos-a-trabajar-por-el-bien-de-la-localidad\/","name":"Lucas Eichmann (JR): \u201cLos j\u00f3venes estamos dispuestos a trabajar por el bien de la localidad\u201d - Informe Litoral","isPartOf":{"@id":"https:\/\/informelitoral.com.ar\/#website"},"primaryImageOfPage":{"@id":"https:\/\/informelitoral.com.ar\/lucas-eichmann-jr-los-jovenes-estamos-dispuestos-a-trabajar-por-el-bien-de-la-localidad\/#primaryimage"},"image":{"@id":"https:\/\/informelitoral.com.ar\/lucas-eichmann-jr-los-jovenes-estamos-dispuestos-a-trabajar-por-el-bien-de-la-localidad\/#primaryimage"},"thumbnailUrl":"http:\/\/www.isletasnoticias.com.ar\/%77%70%2d%63%6f%6e%74%65%6e%74\/uploads\/2013\/10\/51319_santa-fe-300x161.jpg","datePublished":"2013-10-24T12:26:06+00:00","dateModified":"2013-10-24T12:34:25+00:00","breadcrumb":{"@id":"https:\/\/informelitoral.com.ar\/lucas-eichmann-jr-los-jovenes-estamos-dispuestos-a-trabajar-por-el-bien-de-la-localidad\/#breadcrumb"},"inLanguage":"es","potentialAction":[{"@type":"ReadAction","target":["https:\/\/informelitoral.com.ar\/lucas-eichmann-jr-los-jovenes-estamos-dispuestos-a-trabajar-por-el-bien-de-la-localidad\/"]}]},{"@type":"ImageObject","inLanguage":"es","@id":"https:\/\/informelitoral.com.ar\/lucas-eichmann-jr-los-jovenes-estamos-dispuestos-a-trabajar-por-el-bien-de-la-localidad\/#primaryimage","url":"http:\/\/www.isletasnoticias.com.ar\/%77%70%2d%63%6f%6e%74%65%6e%74\/uploads\/2013\/10\/51319_santa-fe-300x161.jpg","contentUrl":"http:\/\/www.isletasnoticias.com.ar\/%77%70%2d%63%6f%6e%74%65%6e%74\/uploads\/2013\/10\/51319_santa-fe-300x161.jpg"},{"@type":"BreadcrumbList","@id":"https:\/\/informelitoral.com.ar\/lucas-eichmann-jr-los-jovenes-estamos-dispuestos-a-trabajar-por-el-bien-de-la-localidad\/#breadcrumb","itemListElement":[{"@type":"ListItem","position":1,"name":"Portada","item":"https:\/\/informelitoral.com.ar\/"},{"@type":"ListItem","position":2,"name":"Lucas Eichmann (JR): \u201cLos j\u00f3venes estamos dispuestos a trabajar por el bien de la localidad\u201d"}]},{"@type":"WebSite","@id":"https:\/\/informelitoral.com.ar\/#website","url":"https:\/\/informelitoral.com.ar\/","name":"Informe Litoral","description":"&quot;Nos informamos&quot; ","publisher":{"@id":"https:\/\/informelitoral.com.ar\/#organization"},"potentialAction":[{"@type":"SearchAction","target":{"@type":"EntryPoint","urlTemplate":"https:\/\/informelitoral.com.ar\/?s={search_term_string}"},"query-input":{"@type":"PropertyValueSpecification","valueRequired":true,"valueName":"search_term_string"}}],"inLanguage":"es"},{"@type":"Organization","@id":"https:\/\/informelitoral.com.ar\/#organization","name":"Informe Litoral","url":"https:\/\/informelitoral.com.ar\/","logo":{"@type":"ImageObject","inLanguage":"es","@id":"https:\/\/informelitoral.com.ar\/#\/schema\/logo\/image\/","url":"https:\/\/informelitoral.com.ar\/%77%70%2d%63%6f%6e%74%65%6e%74\/uploads\/2021\/01\/circulo.png","contentUrl":"https:\/\/informelitoral.com.ar\/%77%70%2d%63%6f%6e%74%65%6e%74\/uploads\/2021\/01\/circulo.png","width":723,"height":731,"caption":"Informe Litoral"},"image":{"@id":"https:\/\/informelitoral.com.ar\/#\/schema\/logo\/image\/"},"sameAs":["https:\/\/www.facebook.com\/informelitoral\/","https:\/\/x.com\/InformeLitoral","https:\/\/www.instagram.com\/informelitoral\/","https:\/\/www.youtube.com\/channel\/UCua4Qvz8Icb6MYqhoq9xLXw"]},{"@type":"Person","@id":"https:\/\/informelitoral.com.ar\/#\/schema\/person\/b9d00407c836482871ef1d57bf8e3180","name":"Gonzalo Schmidt","image":{"@type":"ImageObject","inLanguage":"es","@id":"https:\/\/secure.gravatar.com\/avatar\/31a1a7b66ff2de83bd0e9fd79d026630d2d99e55e8bfe501287647b4fd9743de?s=96&d=mm&r=g","url":"https:\/\/secure.gravatar.com\/avatar\/31a1a7b66ff2de83bd0e9fd79d026630d2d99e55e8bfe501287647b4fd9743de?s=96&d=mm&r=g","contentUrl":"https:\/\/secure.gravatar.com\/avatar\/31a1a7b66ff2de83bd0e9fd79d026630d2d99e55e8bfe501287647b4fd9743de?s=96&d=mm&r=g","caption":"Gonzalo Schmidt"},"description":"Sitio web de noticias de la provincia de Entre R\u00edos, Argentina. Informaci\u00f3n y entretenimiento. Informe Litoral, nos informamos.","sameAs":["http:\/\/www.isletasnoticias.com.ar"],"url":"https:\/\/informelitoral.com.ar\/author\/gonzalo\/"}]}},"_links":{"self":[{"href":"https:\/\/informelitoral.com.ar\/%77%70%2d%6a%73%6f%6e\/wp\/v2\/posts\/3866","targetHints":{"allow":["GET"]}}],"collection":[{"href":"https:\/\/informelitoral.com.ar\/%77%70%2d%6a%73%6f%6e\/wp\/v2\/posts"}],"about":[{"href":"https:\/\/informelitoral.com.ar\/%77%70%2d%6a%73%6f%6e\/wp\/v2\/types\/post"}],"author":[{"embeddable":true,"href":"https:\/\/informelitoral.com.ar\/%77%70%2d%6a%73%6f%6e\/wp\/v2\/users\/2"}],"replies":[{"embeddable":true,"href":"https:\/\/informelitoral.com.ar\/%77%70%2d%6a%73%6f%6e\/wp\/v2\/comments?post=3866"}],"version-history":[{"count":0,"href":"https:\/\/informelitoral.com.ar\/%77%70%2d%6a%73%6f%6e\/wp\/v2\/posts\/3866\/revisions"}],"wp:attachment":[{"href":"https:\/\/informelitoral.com.ar\/%77%70%2d%6a%73%6f%6e\/wp\/v2\/media?parent=3866"}],"wp:term":[{"taxonomy":"category","embeddable":true,"href":"https:\/\/informelitoral.com.ar\/%77%70%2d%6a%73%6f%6e\/wp\/v2\/categories?post=3866"},{"taxonomy":"post_tag","embeddable":true,"href":"https:\/\/informelitoral.com.ar\/%77%70%2d%6a%73%6f%6e\/wp\/v2\/tags?post=3866"}],"curies":[{"name":"wp","href":"https:\/\/api.w.org\/{rel}","templated":true}]}}