{"id":3857,"date":"2013-10-23T20:50:02","date_gmt":"2013-10-23T23:50:02","guid":{"rendered":"http:\/\/www.isletasnoticias.com.ar\/?p=3857"},"modified":"2013-10-23T20:50:02","modified_gmt":"2013-10-23T23:50:02","slug":"parana-binner-pidio-votar-al-fap-para-introducir-ideas-diferentes-en-el-congreso","status":"publish","type":"post","link":"https:\/\/informelitoral.com.ar\/parana-binner-pidio-votar-al-fap-para-introducir-ideas-diferentes-en-el-congreso\/","title":{"rendered":"Paran\u00e1: Binner pidi\u00f3 votar al FAP para \u00abintroducir ideas diferentes\u00bb en el Congreso"},"content":{"rendered":"<p><strong>El ex gobernador de Santa Fe arrib\u00f3 a la ciudad para respaldar a Lisandro Viale y Am\u00e9rico Schvartzman. Adem\u00e1s evit\u00f3 declaraciones sobre una posible candidatura presidencia en 2015. Cuestion\u00f3 al gobierno nacional por la inseguridad.<\/strong><\/p>\n<p><img loading=\"lazy\" decoding=\"async\" class=\"size-medium wp-image-3858 aligncenter\" alt=\"bier\" src=\"http:\/\/www.isletasnoticias.com.ar\/%77%70%2d%63%6f%6e%74%65%6e%74\/uploads\/2013\/10\/bier-300x176.jpg\" width=\"300\" height=\"176\" srcset=\"https:\/\/informelitoral.com.ar\/%77%70%2d%63%6f%6e%74%65%6e%74\/uploads\/2013\/10\/bier-300x176.jpg 300w, https:\/\/informelitoral.com.ar\/%77%70%2d%63%6f%6e%74%65%6e%74\/uploads\/2013\/10\/bier.jpg 468w\" sizes=\"auto, (max-width: 300px) 100vw, 300px\" \/><\/p>\n<p style=\"text-align: left;\">El ex gobernador\u00a0de Santa Fe, <strong>Hermes\u00a0Binner<\/strong>, estuvo en Paran\u00e1 para darle el \u00faltimo envi\u00f3n en la campa\u00f1a electoral al Frente Amplio Progresista (FAP) entrerriano. Fue acompa\u00f1ado por <strong>Lisandro Viale<\/strong>, candidato a senador, y <strong>Am\u00e9rico Schvartzman<\/strong>, candidato a diputado.<\/p>\n<p style=\"text-align: left;\">En la conferencia de prensa en el Hotel Plaza Jard\u00edn, Binner cuestion\u00f3 al gobierno nacional por no ayudar a Santa Fe en la lucha contra la inseguridad e investigar el atentado contra el gobernador de esa provincia Antonio Bonfatti.<\/p>\n<p>Sobre el ataque a la vivienda de Bonfatti en Rosario, Binner asegur\u00f3 que se trata del primer atentado \u201cque se da en estos 30 a\u00f1os de democracia que estamos viviendo. Deber\u00eda haber una preocupaci\u00f3n del gobierno nacional para abordar este problema, lamentablemente no vemos una preocupaci\u00f3n para investigar las causas y los culpables del atentado\u201d<\/p>\n<p style=\"text-align: left;\">En relaci\u00f3n a la campa\u00f1a electoral del FAP coment\u00f3 que \u201cvamos como siempre, hablando a la poblaci\u00f3n, a decir lo que pensamos, a decirles que nos gustar\u00eda que nos acompa\u00f1en con su voto y tambi\u00e9n a decirles que cada vez que nos han confiado una responsabilidad en cualquier parte del pa\u00eds, hemos siempre respondido con trabajo, con decencia, jerarquizando la funci\u00f3n p\u00fablica, defendiendo la transparencia\u201d.<\/p>\n<p>\u201cEsto son valores que nosotros lo vamos a conservar porque hay una dedicaci\u00f3n fundamental a pensar en lo colectivo, a pensar en el Estado como un elemento del cual hay que recuperar valores, y pensar que podemos transitar por un camino de mayor responsabilidad, decencia, integraci\u00f3n, solidaridad entre todos los argentinos\u201d, subray\u00f3 Binner.<br \/>\n\u201cPor eso venimos aqu\u00ed a apoyar la campa\u00f1a electoral que tiene a Lisandro Viale como candidato a Senador nacional y al compa\u00f1ero Schvartzman como candidato a diputado\u201d, agreg\u00f3.<\/p>\n<p>En ese misma l\u00ednea se\u00f1al\u00f3 que desde el FAP \u201cestamos trabajando para que la poblaci\u00f3n de la argentina, y de Entre R\u00edos vean en ellos los candidatos necesarios para introducir una opini\u00f3n, una idea diferente, un concepto nuevo que piense la solidaridad, en lo humano, en los ni\u00f1os y los j\u00f3venes, que se puede pagar el 82 por ciento m\u00f3vil a los jubilados, como lo hacemos en la provincia de Santa Fe, que se han titularizado 23 mil docentes, que hoy tienen la paritaria y que tienen unos de los sueldos m\u00e1s altos del pa\u00eds en materia de educaci\u00f3n\u201d<br \/>\n\u201cPor eso vale la pena el esfuerzo y la dedicaci\u00f3n y ver que en esa representaci\u00f3n plural se podr\u00e1 dar en Entre R\u00edos un espacio para el socialismo en el senado y un espacio en la C\u00e1mara de Diputados de la Naci\u00f3n\u201d, postul\u00f3 Binner.<\/p>\n<p>Al ser consultado sobre hasta qu\u00e9 punto el Partido Socialista pod\u00eda ceder espacios, ante otras fuerzas que componen el FAP, para las presidencia de 2015, Binner evit\u00f3 una respuesta firme.<\/p>\n<p>\u201cEstamos dispuestos a cambiar el pa\u00eds, nos interesa mucho m\u00e1s que una candidatura, nos interesa ser parte de la transformaci\u00f3n porque creemos que hay posibilidades ciertas\u201d, asegur\u00f3.<\/p>\n<p><b>\u00bfPor qu\u00e9 un pa\u00eds n<\/b><b>ormal?<\/b><\/p>\n<p style=\"text-align: left;\">M\u00e1s adelante el ex gobernador de Santa Fe fue consultado por la consigna de campa\u00f1a del FAP, a la cual explic\u00f3 como \u201clo que tenemos que transitar en nuestro pa\u00eds, es el camino del respeto a las instituciones y a las leyes, como es nuestra Constituci\u00f3n Nacional, la necesidad de abordar el problema de la Rep\u00fablica, la independencia de los tres poderes, la necesidad de ahondar en el Federalismo, la necesidad de avanzar en la autonom\u00eda de los municipios\u201d.<\/p>\n<p>Y a\u00f1adi\u00f3: \u201cla necesidad de atender los derechos sociales de segunda generaci\u00f3n, que est\u00e1n en el art\u00edculo 14 bis de la Constituci\u00f3n, que habla precisamente del derecho a la alimentaci\u00f3n, a la salud, a la vivienda, al trabajo, a la jubilaci\u00f3n y por lo tanto es necesario avanzar en todos ellos para construir ese pa\u00eds normal que nos imaginamos\u201d.<\/p>\n<p>En cuanto a las prioridades del FAP para trabajar en el Congreso hizo hincapi\u00e9 en el tema de la seguridad. En ese marco record\u00f3 un proyecto de 2009, donde se propon\u00eda \u201cun acuerdo de la seguridad democr\u00e1tica\u201d y concluy\u00f3 que dicha iniciativa \u201cduerme en el parlamento nacional\u201d.<\/p>\n<p style=\"text-align: left;\">Fuente: Informe Digital<\/p>\n","protected":false},"excerpt":{"rendered":"<p>El ex gobernador de Santa Fe arrib&oacute; a la ciudad para respaldar a Lisandro Viale y Am&eacute;rico Schvartzman. Adem&aacute;s evit&oacute; declaraciones sobre una posible candidatura presidencia en 2015. Cuestion&oacute; al gobierno nacional por la inseguridad. El ex gobernador&nbsp;de Santa Fe, Hermes&nbsp;Binner, estuvo en Paran&aacute; para darle el &uacute;ltimo envi&oacute;n en la campa&ntilde;a electoral al Frente [&hellip;]<\/p>\n","protected":false},"author":2,"featured_media":0,"comment_status":"open","ping_status":"open","sticky":false,"template":"","format":"standard","meta":{"fifu_image_url":"","fifu_image_alt":"","footnotes":""},"categories":[6,16],"tags":[],"class_list":{"0":"post-3857","1":"post","2":"type-post","3":"status-publish","4":"format-standard","6":"category-entre-rios","7":"category-politi"},"yoast_head":"<title>Paran\u00e1: Binner pidi\u00f3 votar al FAP para &quot;introducir ideas diferentes&quot; en el Congreso - Informe Litoral<\/title>\n<meta name=\"robots\" content=\"index, follow, max-snippet:-1, max-image-preview:large, max-video-preview:-1\" \/>\n<link rel=\"canonical\" href=\"https:\/\/informelitoral.com.ar\/parana-binner-pidio-votar-al-fap-para-introducir-ideas-diferentes-en-el-congreso\/\" \/>\n<meta property=\"og:locale\" content=\"es_ES\" \/>\n<meta property=\"og:type\" content=\"article\" \/>\n<meta property=\"og:title\" content=\"Paran\u00e1: Binner pidi\u00f3 votar al FAP para &quot;introducir ideas diferentes&quot; en el Congreso - Informe Litoral\" \/>\n<meta property=\"og:description\" content=\"El ex gobernador de Santa Fe arrib&oacute; a la ciudad para respaldar a Lisandro Viale y Am&eacute;rico Schvartzman. Adem&aacute;s evit&oacute; declaraciones sobre una posible candidatura presidencia en 2015. Cuestion&oacute; al gobierno nacional por la inseguridad. El ex gobernador&nbsp;de Santa Fe, Hermes&nbsp;Binner, estuvo en Paran&aacute; para darle el &uacute;ltimo envi&oacute;n en la campa&ntilde;a electoral al Frente [&hellip;]\" \/>\n<meta property=\"og:url\" content=\"https:\/\/informelitoral.com.ar\/parana-binner-pidio-votar-al-fap-para-introducir-ideas-diferentes-en-el-congreso\/\" \/>\n<meta property=\"og:site_name\" content=\"Informe Litoral\" \/>\n<meta property=\"article:publisher\" content=\"https:\/\/www.facebook.com\/informelitoral\/\" \/>\n<meta property=\"article:published_time\" content=\"2013-10-23T23:50:02+00:00\" \/>\n<meta property=\"og:image\" content=\"https:\/\/informelitoral.com.ar\/%77%70%2d%63%6f%6e%74%65%6e%74\/uploads\/2013\/10\/bier.jpg\" \/>\n\t<meta property=\"og:image:width\" content=\"468\" \/>\n\t<meta property=\"og:image:height\" content=\"276\" \/>\n\t<meta property=\"og:image:type\" content=\"image\/jpeg\" \/>\n<meta name=\"author\" content=\"Gonzalo Schmidt\" \/>\n<meta name=\"twitter:card\" content=\"summary_large_image\" \/>\n<meta name=\"twitter:creator\" content=\"@InformeLitoral\" \/>\n<meta name=\"twitter:site\" content=\"@InformeLitoral\" \/>\n<meta name=\"twitter:label1\" content=\"Escrito por\" \/>\n\t<meta name=\"twitter:data1\" content=\"Gonzalo Schmidt\" \/>\n\t<meta name=\"twitter:label2\" content=\"Tiempo de lectura\" \/>\n\t<meta name=\"twitter:data2\" content=\"4 minutos\" \/>\n<script type=\"application\/ld+json\" class=\"yoast-schema-graph\">{\"@context\":\"https:\\\/\\\/schema.org\",\"@graph\":[{\"@type\":\"Article\",\"@id\":\"https:\\\/\\\/informelitoral.com.ar\\\/parana-binner-pidio-votar-al-fap-para-introducir-ideas-diferentes-en-el-congreso\\\/#article\",\"isPartOf\":{\"@id\":\"https:\\\/\\\/informelitoral.com.ar\\\/parana-binner-pidio-votar-al-fap-para-introducir-ideas-diferentes-en-el-congreso\\\/\"},\"author\":{\"name\":\"Gonzalo Schmidt\",\"@id\":\"https:\\\/\\\/informelitoral.com.ar\\\/#\\\/schema\\\/person\\\/b9d00407c836482871ef1d57bf8e3180\"},\"headline\":\"Paran\u00e1: Binner pidi\u00f3 votar al FAP para \u00abintroducir ideas diferentes\u00bb en el Congreso\",\"datePublished\":\"2013-10-23T23:50:02+00:00\",\"mainEntityOfPage\":{\"@id\":\"https:\\\/\\\/informelitoral.com.ar\\\/parana-binner-pidio-votar-al-fap-para-introducir-ideas-diferentes-en-el-congreso\\\/\"},\"wordCount\":776,\"commentCount\":0,\"publisher\":{\"@id\":\"https:\\\/\\\/informelitoral.com.ar\\\/#organization\"},\"image\":{\"@id\":\"https:\\\/\\\/informelitoral.com.ar\\\/parana-binner-pidio-votar-al-fap-para-introducir-ideas-diferentes-en-el-congreso\\\/#primaryimage\"},\"thumbnailUrl\":\"http:\\\/\\\/www.isletasnoticias.com.ar\\\/%77%70%2d%63%6f%6e%74%65%6e%74\\\/uploads\\\/2013\\\/10\\\/bier-300x176.jpg\",\"articleSection\":[\"Entre R\u00edos\",\"Politica\"],\"inLanguage\":\"es\",\"potentialAction\":[{\"@type\":\"CommentAction\",\"name\":\"Comment\",\"target\":[\"https:\\\/\\\/informelitoral.com.ar\\\/parana-binner-pidio-votar-al-fap-para-introducir-ideas-diferentes-en-el-congreso\\\/#respond\"]}]},{\"@type\":\"WebPage\",\"@id\":\"https:\\\/\\\/informelitoral.com.ar\\\/parana-binner-pidio-votar-al-fap-para-introducir-ideas-diferentes-en-el-congreso\\\/\",\"url\":\"https:\\\/\\\/informelitoral.com.ar\\\/parana-binner-pidio-votar-al-fap-para-introducir-ideas-diferentes-en-el-congreso\\\/\",\"name\":\"Paran\u00e1: Binner pidi\u00f3 votar al FAP para \\\"introducir ideas diferentes\\\" en el Congreso - Informe Litoral\",\"isPartOf\":{\"@id\":\"https:\\\/\\\/informelitoral.com.ar\\\/#website\"},\"primaryImageOfPage\":{\"@id\":\"https:\\\/\\\/informelitoral.com.ar\\\/parana-binner-pidio-votar-al-fap-para-introducir-ideas-diferentes-en-el-congreso\\\/#primaryimage\"},\"image\":{\"@id\":\"https:\\\/\\\/informelitoral.com.ar\\\/parana-binner-pidio-votar-al-fap-para-introducir-ideas-diferentes-en-el-congreso\\\/#primaryimage\"},\"thumbnailUrl\":\"http:\\\/\\\/www.isletasnoticias.com.ar\\\/%77%70%2d%63%6f%6e%74%65%6e%74\\\/uploads\\\/2013\\\/10\\\/bier-300x176.jpg\",\"datePublished\":\"2013-10-23T23:50:02+00:00\",\"breadcrumb\":{\"@id\":\"https:\\\/\\\/informelitoral.com.ar\\\/parana-binner-pidio-votar-al-fap-para-introducir-ideas-diferentes-en-el-congreso\\\/#breadcrumb\"},\"inLanguage\":\"es\",\"potentialAction\":[{\"@type\":\"ReadAction\",\"target\":[\"https:\\\/\\\/informelitoral.com.ar\\\/parana-binner-pidio-votar-al-fap-para-introducir-ideas-diferentes-en-el-congreso\\\/\"]}]},{\"@type\":\"ImageObject\",\"inLanguage\":\"es\",\"@id\":\"https:\\\/\\\/informelitoral.com.ar\\\/parana-binner-pidio-votar-al-fap-para-introducir-ideas-diferentes-en-el-congreso\\\/#primaryimage\",\"url\":\"http:\\\/\\\/www.isletasnoticias.com.ar\\\/%77%70%2d%63%6f%6e%74%65%6e%74\\\/uploads\\\/2013\\\/10\\\/bier-300x176.jpg\",\"contentUrl\":\"http:\\\/\\\/www.isletasnoticias.com.ar\\\/%77%70%2d%63%6f%6e%74%65%6e%74\\\/uploads\\\/2013\\\/10\\\/bier-300x176.jpg\"},{\"@type\":\"BreadcrumbList\",\"@id\":\"https:\\\/\\\/informelitoral.com.ar\\\/parana-binner-pidio-votar-al-fap-para-introducir-ideas-diferentes-en-el-congreso\\\/#breadcrumb\",\"itemListElement\":[{\"@type\":\"ListItem\",\"position\":1,\"name\":\"Portada\",\"item\":\"https:\\\/\\\/informelitoral.com.ar\\\/\"},{\"@type\":\"ListItem\",\"position\":2,\"name\":\"Paran\u00e1: Binner pidi\u00f3 votar al FAP para \u00abintroducir ideas diferentes\u00bb en el Congreso\"}]},{\"@type\":\"WebSite\",\"@id\":\"https:\\\/\\\/informelitoral.com.ar\\\/#website\",\"url\":\"https:\\\/\\\/informelitoral.com.ar\\\/\",\"name\":\"Informe Litoral\",\"description\":\"&quot;Nos informamos&quot; \",\"publisher\":{\"@id\":\"https:\\\/\\\/informelitoral.com.ar\\\/#organization\"},\"potentialAction\":[{\"@type\":\"SearchAction\",\"target\":{\"@type\":\"EntryPoint\",\"urlTemplate\":\"https:\\\/\\\/informelitoral.com.ar\\\/?s={search_term_string}\"},\"query-input\":{\"@type\":\"PropertyValueSpecification\",\"valueRequired\":true,\"valueName\":\"search_term_string\"}}],\"inLanguage\":\"es\"},{\"@type\":\"Organization\",\"@id\":\"https:\\\/\\\/informelitoral.com.ar\\\/#organization\",\"name\":\"Informe Litoral\",\"url\":\"https:\\\/\\\/informelitoral.com.ar\\\/\",\"logo\":{\"@type\":\"ImageObject\",\"inLanguage\":\"es\",\"@id\":\"https:\\\/\\\/informelitoral.com.ar\\\/#\\\/schema\\\/logo\\\/image\\\/\",\"url\":\"https:\\\/\\\/informelitoral.com.ar\\\/%77%70%2d%63%6f%6e%74%65%6e%74\\\/uploads\\\/2021\\\/01\\\/circulo.png\",\"contentUrl\":\"https:\\\/\\\/informelitoral.com.ar\\\/%77%70%2d%63%6f%6e%74%65%6e%74\\\/uploads\\\/2021\\\/01\\\/circulo.png\",\"width\":723,\"height\":731,\"caption\":\"Informe Litoral\"},\"image\":{\"@id\":\"https:\\\/\\\/informelitoral.com.ar\\\/#\\\/schema\\\/logo\\\/image\\\/\"},\"sameAs\":[\"https:\\\/\\\/www.facebook.com\\\/informelitoral\\\/\",\"https:\\\/\\\/x.com\\\/InformeLitoral\",\"https:\\\/\\\/www.instagram.com\\\/informelitoral\\\/\",\"https:\\\/\\\/www.youtube.com\\\/channel\\\/UCua4Qvz8Icb6MYqhoq9xLXw\"]},{\"@type\":\"Person\",\"@id\":\"https:\\\/\\\/informelitoral.com.ar\\\/#\\\/schema\\\/person\\\/b9d00407c836482871ef1d57bf8e3180\",\"name\":\"Gonzalo Schmidt\",\"image\":{\"@type\":\"ImageObject\",\"inLanguage\":\"es\",\"@id\":\"https:\\\/\\\/secure.gravatar.com\\\/avatar\\\/31a1a7b66ff2de83bd0e9fd79d026630d2d99e55e8bfe501287647b4fd9743de?s=96&d=mm&r=g\",\"url\":\"https:\\\/\\\/secure.gravatar.com\\\/avatar\\\/31a1a7b66ff2de83bd0e9fd79d026630d2d99e55e8bfe501287647b4fd9743de?s=96&d=mm&r=g\",\"contentUrl\":\"https:\\\/\\\/secure.gravatar.com\\\/avatar\\\/31a1a7b66ff2de83bd0e9fd79d026630d2d99e55e8bfe501287647b4fd9743de?s=96&d=mm&r=g\",\"caption\":\"Gonzalo Schmidt\"},\"description\":\"Sitio web de noticias de la provincia de Entre R\u00edos, Argentina. Informaci\u00f3n y entretenimiento. Informe Litoral, nos informamos.\",\"sameAs\":[\"http:\\\/\\\/www.isletasnoticias.com.ar\"],\"url\":\"https:\\\/\\\/informelitoral.com.ar\\\/author\\\/gonzalo\\\/\"}]}<\/script>","yoast_head_json":{"title":"Paran\u00e1: Binner pidi\u00f3 votar al FAP para \"introducir ideas diferentes\" en el Congreso - Informe Litoral","robots":{"index":"index","follow":"follow","max-snippet":"max-snippet:-1","max-image-preview":"max-image-preview:large","max-video-preview":"max-video-preview:-1"},"canonical":"https:\/\/informelitoral.com.ar\/parana-binner-pidio-votar-al-fap-para-introducir-ideas-diferentes-en-el-congreso\/","og_locale":"es_ES","og_type":"article","og_title":"Paran\u00e1: Binner pidi\u00f3 votar al FAP para \"introducir ideas diferentes\" en el Congreso - Informe Litoral","og_description":"El ex gobernador de Santa Fe arrib&oacute; a la ciudad para respaldar a Lisandro Viale y Am&eacute;rico Schvartzman. Adem&aacute;s evit&oacute; declaraciones sobre una posible candidatura presidencia en 2015. Cuestion&oacute; al gobierno nacional por la inseguridad. El ex gobernador&nbsp;de Santa Fe, Hermes&nbsp;Binner, estuvo en Paran&aacute; para darle el &uacute;ltimo envi&oacute;n en la campa&ntilde;a electoral al Frente [&hellip;]","og_url":"https:\/\/informelitoral.com.ar\/parana-binner-pidio-votar-al-fap-para-introducir-ideas-diferentes-en-el-congreso\/","og_site_name":"Informe Litoral","article_publisher":"https:\/\/www.facebook.com\/informelitoral\/","article_published_time":"2013-10-23T23:50:02+00:00","og_image":[{"width":468,"height":276,"url":"https:\/\/informelitoral.com.ar\/%77%70%2d%63%6f%6e%74%65%6e%74\/uploads\/2013\/10\/bier.jpg","type":"image\/jpeg"}],"author":"Gonzalo Schmidt","twitter_card":"summary_large_image","twitter_creator":"@InformeLitoral","twitter_site":"@InformeLitoral","twitter_misc":{"Escrito por":"Gonzalo Schmidt","Tiempo de lectura":"4 minutos"},"schema":{"@context":"https:\/\/schema.org","@graph":[{"@type":"Article","@id":"https:\/\/informelitoral.com.ar\/parana-binner-pidio-votar-al-fap-para-introducir-ideas-diferentes-en-el-congreso\/#article","isPartOf":{"@id":"https:\/\/informelitoral.com.ar\/parana-binner-pidio-votar-al-fap-para-introducir-ideas-diferentes-en-el-congreso\/"},"author":{"name":"Gonzalo Schmidt","@id":"https:\/\/informelitoral.com.ar\/#\/schema\/person\/b9d00407c836482871ef1d57bf8e3180"},"headline":"Paran\u00e1: Binner pidi\u00f3 votar al FAP para \u00abintroducir ideas diferentes\u00bb en el Congreso","datePublished":"2013-10-23T23:50:02+00:00","mainEntityOfPage":{"@id":"https:\/\/informelitoral.com.ar\/parana-binner-pidio-votar-al-fap-para-introducir-ideas-diferentes-en-el-congreso\/"},"wordCount":776,"commentCount":0,"publisher":{"@id":"https:\/\/informelitoral.com.ar\/#organization"},"image":{"@id":"https:\/\/informelitoral.com.ar\/parana-binner-pidio-votar-al-fap-para-introducir-ideas-diferentes-en-el-congreso\/#primaryimage"},"thumbnailUrl":"http:\/\/www.isletasnoticias.com.ar\/%77%70%2d%63%6f%6e%74%65%6e%74\/uploads\/2013\/10\/bier-300x176.jpg","articleSection":["Entre R\u00edos","Politica"],"inLanguage":"es","potentialAction":[{"@type":"CommentAction","name":"Comment","target":["https:\/\/informelitoral.com.ar\/parana-binner-pidio-votar-al-fap-para-introducir-ideas-diferentes-en-el-congreso\/#respond"]}]},{"@type":"WebPage","@id":"https:\/\/informelitoral.com.ar\/parana-binner-pidio-votar-al-fap-para-introducir-ideas-diferentes-en-el-congreso\/","url":"https:\/\/informelitoral.com.ar\/parana-binner-pidio-votar-al-fap-para-introducir-ideas-diferentes-en-el-congreso\/","name":"Paran\u00e1: Binner pidi\u00f3 votar al FAP para \"introducir ideas diferentes\" en el Congreso - Informe Litoral","isPartOf":{"@id":"https:\/\/informelitoral.com.ar\/#website"},"primaryImageOfPage":{"@id":"https:\/\/informelitoral.com.ar\/parana-binner-pidio-votar-al-fap-para-introducir-ideas-diferentes-en-el-congreso\/#primaryimage"},"image":{"@id":"https:\/\/informelitoral.com.ar\/parana-binner-pidio-votar-al-fap-para-introducir-ideas-diferentes-en-el-congreso\/#primaryimage"},"thumbnailUrl":"http:\/\/www.isletasnoticias.com.ar\/%77%70%2d%63%6f%6e%74%65%6e%74\/uploads\/2013\/10\/bier-300x176.jpg","datePublished":"2013-10-23T23:50:02+00:00","breadcrumb":{"@id":"https:\/\/informelitoral.com.ar\/parana-binner-pidio-votar-al-fap-para-introducir-ideas-diferentes-en-el-congreso\/#breadcrumb"},"inLanguage":"es","potentialAction":[{"@type":"ReadAction","target":["https:\/\/informelitoral.com.ar\/parana-binner-pidio-votar-al-fap-para-introducir-ideas-diferentes-en-el-congreso\/"]}]},{"@type":"ImageObject","inLanguage":"es","@id":"https:\/\/informelitoral.com.ar\/parana-binner-pidio-votar-al-fap-para-introducir-ideas-diferentes-en-el-congreso\/#primaryimage","url":"http:\/\/www.isletasnoticias.com.ar\/%77%70%2d%63%6f%6e%74%65%6e%74\/uploads\/2013\/10\/bier-300x176.jpg","contentUrl":"http:\/\/www.isletasnoticias.com.ar\/%77%70%2d%63%6f%6e%74%65%6e%74\/uploads\/2013\/10\/bier-300x176.jpg"},{"@type":"BreadcrumbList","@id":"https:\/\/informelitoral.com.ar\/parana-binner-pidio-votar-al-fap-para-introducir-ideas-diferentes-en-el-congreso\/#breadcrumb","itemListElement":[{"@type":"ListItem","position":1,"name":"Portada","item":"https:\/\/informelitoral.com.ar\/"},{"@type":"ListItem","position":2,"name":"Paran\u00e1: Binner pidi\u00f3 votar al FAP para \u00abintroducir ideas diferentes\u00bb en el Congreso"}]},{"@type":"WebSite","@id":"https:\/\/informelitoral.com.ar\/#website","url":"https:\/\/informelitoral.com.ar\/","name":"Informe Litoral","description":"&quot;Nos informamos&quot; ","publisher":{"@id":"https:\/\/informelitoral.com.ar\/#organization"},"potentialAction":[{"@type":"SearchAction","target":{"@type":"EntryPoint","urlTemplate":"https:\/\/informelitoral.com.ar\/?s={search_term_string}"},"query-input":{"@type":"PropertyValueSpecification","valueRequired":true,"valueName":"search_term_string"}}],"inLanguage":"es"},{"@type":"Organization","@id":"https:\/\/informelitoral.com.ar\/#organization","name":"Informe Litoral","url":"https:\/\/informelitoral.com.ar\/","logo":{"@type":"ImageObject","inLanguage":"es","@id":"https:\/\/informelitoral.com.ar\/#\/schema\/logo\/image\/","url":"https:\/\/informelitoral.com.ar\/%77%70%2d%63%6f%6e%74%65%6e%74\/uploads\/2021\/01\/circulo.png","contentUrl":"https:\/\/informelitoral.com.ar\/%77%70%2d%63%6f%6e%74%65%6e%74\/uploads\/2021\/01\/circulo.png","width":723,"height":731,"caption":"Informe Litoral"},"image":{"@id":"https:\/\/informelitoral.com.ar\/#\/schema\/logo\/image\/"},"sameAs":["https:\/\/www.facebook.com\/informelitoral\/","https:\/\/x.com\/InformeLitoral","https:\/\/www.instagram.com\/informelitoral\/","https:\/\/www.youtube.com\/channel\/UCua4Qvz8Icb6MYqhoq9xLXw"]},{"@type":"Person","@id":"https:\/\/informelitoral.com.ar\/#\/schema\/person\/b9d00407c836482871ef1d57bf8e3180","name":"Gonzalo Schmidt","image":{"@type":"ImageObject","inLanguage":"es","@id":"https:\/\/secure.gravatar.com\/avatar\/31a1a7b66ff2de83bd0e9fd79d026630d2d99e55e8bfe501287647b4fd9743de?s=96&d=mm&r=g","url":"https:\/\/secure.gravatar.com\/avatar\/31a1a7b66ff2de83bd0e9fd79d026630d2d99e55e8bfe501287647b4fd9743de?s=96&d=mm&r=g","contentUrl":"https:\/\/secure.gravatar.com\/avatar\/31a1a7b66ff2de83bd0e9fd79d026630d2d99e55e8bfe501287647b4fd9743de?s=96&d=mm&r=g","caption":"Gonzalo Schmidt"},"description":"Sitio web de noticias de la provincia de Entre R\u00edos, Argentina. Informaci\u00f3n y entretenimiento. Informe Litoral, nos informamos.","sameAs":["http:\/\/www.isletasnoticias.com.ar"],"url":"https:\/\/informelitoral.com.ar\/author\/gonzalo\/"}]}},"_links":{"self":[{"href":"https:\/\/informelitoral.com.ar\/%77%70%2d%6a%73%6f%6e\/wp\/v2\/posts\/3857","targetHints":{"allow":["GET"]}}],"collection":[{"href":"https:\/\/informelitoral.com.ar\/%77%70%2d%6a%73%6f%6e\/wp\/v2\/posts"}],"about":[{"href":"https:\/\/informelitoral.com.ar\/%77%70%2d%6a%73%6f%6e\/wp\/v2\/types\/post"}],"author":[{"embeddable":true,"href":"https:\/\/informelitoral.com.ar\/%77%70%2d%6a%73%6f%6e\/wp\/v2\/users\/2"}],"replies":[{"embeddable":true,"href":"https:\/\/informelitoral.com.ar\/%77%70%2d%6a%73%6f%6e\/wp\/v2\/comments?post=3857"}],"version-history":[{"count":0,"href":"https:\/\/informelitoral.com.ar\/%77%70%2d%6a%73%6f%6e\/wp\/v2\/posts\/3857\/revisions"}],"wp:attachment":[{"href":"https:\/\/informelitoral.com.ar\/%77%70%2d%6a%73%6f%6e\/wp\/v2\/media?parent=3857"}],"wp:term":[{"taxonomy":"category","embeddable":true,"href":"https:\/\/informelitoral.com.ar\/%77%70%2d%6a%73%6f%6e\/wp\/v2\/categories?post=3857"},{"taxonomy":"post_tag","embeddable":true,"href":"https:\/\/informelitoral.com.ar\/%77%70%2d%6a%73%6f%6e\/wp\/v2\/tags?post=3857"}],"curies":[{"name":"wp","href":"https:\/\/api.w.org\/{rel}","templated":true}]}}