{"id":38175,"date":"2019-11-22T08:34:42","date_gmt":"2019-11-22T11:34:42","guid":{"rendered":"https:\/\/www.isletasnoticias.com.ar\/?p=38175"},"modified":"2019-11-22T08:35:05","modified_gmt":"2019-11-22T11:35:05","slug":"alberto-fernandez-negociara-con-empresas-suba-general-de-salarios-y-planes","status":"publish","type":"post","link":"https:\/\/informelitoral.com.ar\/alberto-fernandez-negociara-con-empresas-suba-general-de-salarios-y-planes\/","title":{"rendered":"Alberto Fern\u00e1ndez negociar\u00e1 con empresas suba general de salarios y planes"},"content":{"rendered":"<section class=\"detail-body second-paragraph\">\n<section class=\"body-content note-body content-protected-false\">La <strong>suba generalizada de ingresos que planifica\u00a0Alberto Fern\u00e1ndez\u00a0para sectores postergados<\/strong> se intentar\u00e1 por consenso con el sector empresario. Ser\u00e1 una de las primeras medidas econ\u00f3micas del futuro presidente y demandar\u00e1, eventualmente, anticipar la convocatoria al Consejo Econ\u00f3mico y Social. La medida, <strong>apuntar\u00e1 a aumentar como m\u00ednimo los salarios de los trabajadores de las categor\u00edas m\u00e1s bajas, y estar\u00e1 acompa\u00f1ada de un refuerzo de las jubilaciones y del valor de los planes sociales.<\/strong><\/section>\n<\/section>\n<section class=\"detail-body\">\n<section class=\"body-content note-body content-protected-false\">El encargado primario de la ejecuci\u00f3n del plan es\u00a0<strong>Claudio Moroni<\/strong>, futuro ministro de Trabajo y dirigente de la m\u00e1xima confianza del mandatario. Moroni fue quien este martes se reuni\u00f3 con la mesa chica ampliada de la CGT y que, con el mismo objetivo, propiciar\u00e1 un encuentro en los pr\u00f3ximos d\u00edas con referentes del sector empresario. En esa l\u00ednea perdi\u00f3 fuerza la posibilidad de instrumentar la suba a trav\u00e9s de un decreto, a imagen y semejanza de los ajustes de sumas fijas no remunerativas que aplic\u00f3 en su interinato el expresidente Eduardo Duhalde y que continu\u00f3 su sucesor, N\u00e9stor Kirchner.<\/p>\n<div class=\"saysCMSEmphasis\">Descontado el apoyo del sindicalismo tradicional al plan, el pr\u00f3ximo paso de los futuros funcionarios ser\u00e1n las entidades gremiales empresarias. Para este segmento, donde adem\u00e1s de Moroni operar\u00e1 Santiago Cafiero, eventual jefe de Gabinete, se intentar\u00e1 un grado de formalidad en el compromiso para evitar nuevas frustraciones como las que representaron los \u201cpactos de caballeros\u201d establecidos por Mauricio Macri con las centrales patronales.<\/div>\n<div><\/div>\n<div class=\"saysCMSEmphasis\">El adelantamiento en el llamado del Consejo Econ\u00f3mico y Social, que estaba pensado en el dise\u00f1o original de Alberto Fern\u00e1ndez para una segunda etapa, sum\u00f3 argumentos como una soluci\u00f3n intermedia para darle m\u00e1s chances de \u00e9xito a la iniciativa. Para el equipo gubernamental un decreto representar\u00eda una se\u00f1al \u00e1spera hacia el empresariado -adem\u00e1s de remitir a un primer kirchnerismo- en tanto que un mero entendimiento sin formalidad alguna le quitar\u00eda efectividad. Otra opci\u00f3n, confiaron en el Frente de Todos, ser\u00e1 convocar al Consejo del\u00a0Salario M\u00ednimo\u00a0y ampliar de facto sus atribuciones, en general asociadas \u00fanicamente al ajuste en el piso de ingresos formales.<\/div>\n<div><\/div>\n<div class=\"saysCMSEmphasis\">El dise\u00f1o original de la medida contempla un alcance amplio aunque no universal. Adem\u00e1s de los salarios de los trabajadores formales del sector privado, jubilados y beneficiarios de planes, estar\u00e1n incluidos empleados estatales y eventualmente, municipales. Este \u00faltimo rubro demandar\u00e1, en boca de los responsables del plan, de una gesti\u00f3n artesanal con intendentes de todo el pa\u00eds en general acostumbrados a pagar sueldos por debajo del promedio de p\u00fablicos y privados.<\/div>\n<div><\/div>\n<div class=\"saysCMSEmphasis\">La iniciativa tal como es presentada aparece lejos de suplir las negociaciones salariales. De hecho las subas eventualmente acordadas en el \u00e1mbito de debate general deber\u00edan servir como anticipos a cuenta y base de debate para las paritarias del a\u00f1o que viene.\u00a0<strong>En cualquier caso la implementaci\u00f3n de la medida contemplar\u00e1 como excepciones los casos de trabajadores cuyas paritarias estuviesen en plena ejecuci\u00f3n y de gremios que hubiesen quedado en una situaci\u00f3n de paridad con la evoluci\u00f3n de la inflaci\u00f3n.<\/strong><\/div>\n<div><\/div>\n<div class=\"saysCMSEmphasis\">En la CGT alegaron que hay unos ocho sindicatos (como los alba\u00f1iles de UOCRA y la Asociaci\u00f3n Bancaria) cuyas paritarias fueron resueltas sin p\u00e9rdida de poder adquisitivo y con aumentos que se ajustaron en la misma l\u00ednea que el costo de vida. Y aclararon, ya desde el mismo d\u00eda en que Alberto Fern\u00e1ndez se impuso a Macri en primera vuelta, que har\u00eda falta una equiparaci\u00f3n de amplios sectores que hab\u00edan mermado su capacidad de compra en la ronda 2019 de negociaciones salariales contra una inflaci\u00f3n que apunta al 50 por ciento.<\/div>\n<div><\/div>\n<div class=\"saysCMSEmphasis\">El Consejo Econ\u00f3mico y Social que planifica el futuro gobierno deber\u00e1 tener independencia del Ministerio de Trabajo (se presume que para entonces recuperar\u00e1 esa denominaci\u00f3n) y una din\u00e1mica propia con resoluciones de car\u00e1cter consultivo pero cuyo peso, en caso de contar con consenso entre empresarios y gremialistas, deber\u00e1 hacerlas vinculantes.<\/div>\n<div><\/div>\n<div class=\"saysCMSEmphasis\">La reuni\u00f3n de Moroni con la mesa chica de la CGT cont\u00f3 con la presencia de los principales sectores de la central, y con sus dos secretarios generales, H\u00e9ctor Daer \u2013el sindicalista m\u00e1s cercano a Alberto Fern\u00e1ndez- y Carlos Acu\u00f1a. Entre otros participaron Antonio Cal\u00f3 (metal\u00fargicos, UOM), Jos\u00e9 Luis Lingeri (Obras Sanitarias), Omar Viviani (taxistas), V\u00edctor Santa Mar\u00eda (encargados de edificios), Sergio Sasia (Uni\u00f3n Ferroviaria), Sergio Romero (docentes de UDA) y Roberto Fern\u00e1ndez (colectiveros, UTA) entre otros. <em>(Fuente: Ambito.com)<\/em><\/div>\n<\/section>\n<\/section>\n","protected":false},"excerpt":{"rendered":"<p>El aumento del piso de ingresos que el futuro gobierno impulsar\u00e1 para trabajadores, jubilados y beneficiarios de planes podr\u00e1 discutirse en el Consejo Econ\u00f3mico y Social.<\/p>\n","protected":false},"author":2,"featured_media":38176,"comment_status":"open","ping_status":"open","sticky":false,"template":"","format":"standard","meta":{"fifu_image_url":"","fifu_image_alt":"","footnotes":""},"categories":[16],"tags":[1311,48],"class_list":{"0":"post-38175","1":"post","2":"type-post","3":"status-publish","4":"format-standard","5":"has-post-thumbnail","7":"category-politi","8":"tag-alberto-fernandez","9":"tag-salarios"},"yoast_head":"<title>Alberto Fern\u00e1ndez negociar\u00e1 con empresas suba general de salarios y planes - Informe Litoral<\/title>\n<meta name=\"robots\" content=\"index, follow, max-snippet:-1, max-image-preview:large, max-video-preview:-1\" \/>\n<link rel=\"canonical\" href=\"https:\/\/informelitoral.com.ar\/alberto-fernandez-negociara-con-empresas-suba-general-de-salarios-y-planes\/\" \/>\n<meta property=\"og:locale\" content=\"es_ES\" \/>\n<meta property=\"og:type\" content=\"article\" \/>\n<meta property=\"og:title\" content=\"Alberto Fern\u00e1ndez negociar\u00e1 con empresas suba general de salarios y planes - Informe Litoral\" \/>\n<meta property=\"og:description\" content=\"El aumento del piso de ingresos que el futuro gobierno impulsar\u00e1 para trabajadores, jubilados y beneficiarios de planes podr\u00e1 discutirse en el Consejo Econ\u00f3mico y Social.\" \/>\n<meta property=\"og:url\" content=\"https:\/\/informelitoral.com.ar\/alberto-fernandez-negociara-con-empresas-suba-general-de-salarios-y-planes\/\" \/>\n<meta property=\"og:site_name\" content=\"Informe Litoral\" \/>\n<meta property=\"article:publisher\" content=\"https:\/\/www.facebook.com\/informelitoral\/\" \/>\n<meta property=\"article:published_time\" content=\"2019-11-22T11:34:42+00:00\" \/>\n<meta property=\"article:modified_time\" content=\"2019-11-22T11:35:05+00:00\" \/>\n<meta property=\"og:image\" content=\"https:\/\/informelitoral.com.ar\/%77%70%2d%63%6f%6e%74%65%6e%74\/uploads\/2019\/11\/alberto-fernandez.jpg\" \/>\n\t<meta property=\"og:image:width\" content=\"770\" \/>\n\t<meta property=\"og:image:height\" content=\"433\" \/>\n\t<meta property=\"og:image:type\" content=\"image\/jpeg\" \/>\n<meta name=\"author\" content=\"Gonzalo Schmidt\" \/>\n<meta name=\"twitter:card\" content=\"summary_large_image\" \/>\n<meta name=\"twitter:creator\" content=\"@InformeLitoral\" \/>\n<meta name=\"twitter:site\" content=\"@InformeLitoral\" \/>\n<meta name=\"twitter:label1\" content=\"Escrito por\" \/>\n\t<meta name=\"twitter:data1\" content=\"Gonzalo Schmidt\" \/>\n\t<meta name=\"twitter:label2\" content=\"Tiempo de lectura\" \/>\n\t<meta name=\"twitter:data2\" content=\"4 minutos\" \/>\n<script type=\"application\/ld+json\" class=\"yoast-schema-graph\">{\"@context\":\"https:\\\/\\\/schema.org\",\"@graph\":[{\"@type\":\"Article\",\"@id\":\"https:\\\/\\\/informelitoral.com.ar\\\/alberto-fernandez-negociara-con-empresas-suba-general-de-salarios-y-planes\\\/#article\",\"isPartOf\":{\"@id\":\"https:\\\/\\\/informelitoral.com.ar\\\/alberto-fernandez-negociara-con-empresas-suba-general-de-salarios-y-planes\\\/\"},\"author\":{\"name\":\"Gonzalo Schmidt\",\"@id\":\"https:\\\/\\\/informelitoral.com.ar\\\/#\\\/schema\\\/person\\\/b9d00407c836482871ef1d57bf8e3180\"},\"headline\":\"Alberto Fern\u00e1ndez negociar\u00e1 con empresas suba general de salarios y planes\",\"datePublished\":\"2019-11-22T11:34:42+00:00\",\"dateModified\":\"2019-11-22T11:35:05+00:00\",\"mainEntityOfPage\":{\"@id\":\"https:\\\/\\\/informelitoral.com.ar\\\/alberto-fernandez-negociara-con-empresas-suba-general-de-salarios-y-planes\\\/\"},\"wordCount\":788,\"commentCount\":0,\"publisher\":{\"@id\":\"https:\\\/\\\/informelitoral.com.ar\\\/#organization\"},\"image\":{\"@id\":\"https:\\\/\\\/informelitoral.com.ar\\\/alberto-fernandez-negociara-con-empresas-suba-general-de-salarios-y-planes\\\/#primaryimage\"},\"thumbnailUrl\":\"https:\\\/\\\/informelitoral.com.ar\\\/%77%70%2d%63%6f%6e%74%65%6e%74\\\/uploads\\\/2019\\\/11\\\/alberto-fernandez.jpg\",\"keywords\":[\"Alberto Fern\u00e1ndez\",\"Salarios\"],\"articleSection\":[\"Politica\"],\"inLanguage\":\"es\",\"potentialAction\":[{\"@type\":\"CommentAction\",\"name\":\"Comment\",\"target\":[\"https:\\\/\\\/informelitoral.com.ar\\\/alberto-fernandez-negociara-con-empresas-suba-general-de-salarios-y-planes\\\/#respond\"]}]},{\"@type\":\"WebPage\",\"@id\":\"https:\\\/\\\/informelitoral.com.ar\\\/alberto-fernandez-negociara-con-empresas-suba-general-de-salarios-y-planes\\\/\",\"url\":\"https:\\\/\\\/informelitoral.com.ar\\\/alberto-fernandez-negociara-con-empresas-suba-general-de-salarios-y-planes\\\/\",\"name\":\"Alberto Fern\u00e1ndez negociar\u00e1 con empresas suba general de salarios y planes - Informe Litoral\",\"isPartOf\":{\"@id\":\"https:\\\/\\\/informelitoral.com.ar\\\/#website\"},\"primaryImageOfPage\":{\"@id\":\"https:\\\/\\\/informelitoral.com.ar\\\/alberto-fernandez-negociara-con-empresas-suba-general-de-salarios-y-planes\\\/#primaryimage\"},\"image\":{\"@id\":\"https:\\\/\\\/informelitoral.com.ar\\\/alberto-fernandez-negociara-con-empresas-suba-general-de-salarios-y-planes\\\/#primaryimage\"},\"thumbnailUrl\":\"https:\\\/\\\/informelitoral.com.ar\\\/%77%70%2d%63%6f%6e%74%65%6e%74\\\/uploads\\\/2019\\\/11\\\/alberto-fernandez.jpg\",\"datePublished\":\"2019-11-22T11:34:42+00:00\",\"dateModified\":\"2019-11-22T11:35:05+00:00\",\"breadcrumb\":{\"@id\":\"https:\\\/\\\/informelitoral.com.ar\\\/alberto-fernandez-negociara-con-empresas-suba-general-de-salarios-y-planes\\\/#breadcrumb\"},\"inLanguage\":\"es\",\"potentialAction\":[{\"@type\":\"ReadAction\",\"target\":[\"https:\\\/\\\/informelitoral.com.ar\\\/alberto-fernandez-negociara-con-empresas-suba-general-de-salarios-y-planes\\\/\"]}]},{\"@type\":\"ImageObject\",\"inLanguage\":\"es\",\"@id\":\"https:\\\/\\\/informelitoral.com.ar\\\/alberto-fernandez-negociara-con-empresas-suba-general-de-salarios-y-planes\\\/#primaryimage\",\"url\":\"https:\\\/\\\/informelitoral.com.ar\\\/%77%70%2d%63%6f%6e%74%65%6e%74\\\/uploads\\\/2019\\\/11\\\/alberto-fernandez.jpg\",\"contentUrl\":\"https:\\\/\\\/informelitoral.com.ar\\\/%77%70%2d%63%6f%6e%74%65%6e%74\\\/uploads\\\/2019\\\/11\\\/alberto-fernandez.jpg\",\"width\":770,\"height\":433},{\"@type\":\"BreadcrumbList\",\"@id\":\"https:\\\/\\\/informelitoral.com.ar\\\/alberto-fernandez-negociara-con-empresas-suba-general-de-salarios-y-planes\\\/#breadcrumb\",\"itemListElement\":[{\"@type\":\"ListItem\",\"position\":1,\"name\":\"Portada\",\"item\":\"https:\\\/\\\/informelitoral.com.ar\\\/\"},{\"@type\":\"ListItem\",\"position\":2,\"name\":\"Alberto Fern\u00e1ndez negociar\u00e1 con empresas suba general de salarios y planes\"}]},{\"@type\":\"WebSite\",\"@id\":\"https:\\\/\\\/informelitoral.com.ar\\\/#website\",\"url\":\"https:\\\/\\\/informelitoral.com.ar\\\/\",\"name\":\"Informe Litoral\",\"description\":\"&quot;Nos informamos&quot; \",\"publisher\":{\"@id\":\"https:\\\/\\\/informelitoral.com.ar\\\/#organization\"},\"potentialAction\":[{\"@type\":\"SearchAction\",\"target\":{\"@type\":\"EntryPoint\",\"urlTemplate\":\"https:\\\/\\\/informelitoral.com.ar\\\/?s={search_term_string}\"},\"query-input\":{\"@type\":\"PropertyValueSpecification\",\"valueRequired\":true,\"valueName\":\"search_term_string\"}}],\"inLanguage\":\"es\"},{\"@type\":\"Organization\",\"@id\":\"https:\\\/\\\/informelitoral.com.ar\\\/#organization\",\"name\":\"Informe Litoral\",\"url\":\"https:\\\/\\\/informelitoral.com.ar\\\/\",\"logo\":{\"@type\":\"ImageObject\",\"inLanguage\":\"es\",\"@id\":\"https:\\\/\\\/informelitoral.com.ar\\\/#\\\/schema\\\/logo\\\/image\\\/\",\"url\":\"https:\\\/\\\/informelitoral.com.ar\\\/%77%70%2d%63%6f%6e%74%65%6e%74\\\/uploads\\\/2021\\\/01\\\/circulo.png\",\"contentUrl\":\"https:\\\/\\\/informelitoral.com.ar\\\/%77%70%2d%63%6f%6e%74%65%6e%74\\\/uploads\\\/2021\\\/01\\\/circulo.png\",\"width\":723,\"height\":731,\"caption\":\"Informe Litoral\"},\"image\":{\"@id\":\"https:\\\/\\\/informelitoral.com.ar\\\/#\\\/schema\\\/logo\\\/image\\\/\"},\"sameAs\":[\"https:\\\/\\\/www.facebook.com\\\/informelitoral\\\/\",\"https:\\\/\\\/x.com\\\/InformeLitoral\",\"https:\\\/\\\/www.instagram.com\\\/informelitoral\\\/\",\"https:\\\/\\\/www.youtube.com\\\/channel\\\/UCua4Qvz8Icb6MYqhoq9xLXw\"]},{\"@type\":\"Person\",\"@id\":\"https:\\\/\\\/informelitoral.com.ar\\\/#\\\/schema\\\/person\\\/b9d00407c836482871ef1d57bf8e3180\",\"name\":\"Gonzalo Schmidt\",\"image\":{\"@type\":\"ImageObject\",\"inLanguage\":\"es\",\"@id\":\"https:\\\/\\\/secure.gravatar.com\\\/avatar\\\/31a1a7b66ff2de83bd0e9fd79d026630d2d99e55e8bfe501287647b4fd9743de?s=96&d=mm&r=g\",\"url\":\"https:\\\/\\\/secure.gravatar.com\\\/avatar\\\/31a1a7b66ff2de83bd0e9fd79d026630d2d99e55e8bfe501287647b4fd9743de?s=96&d=mm&r=g\",\"contentUrl\":\"https:\\\/\\\/secure.gravatar.com\\\/avatar\\\/31a1a7b66ff2de83bd0e9fd79d026630d2d99e55e8bfe501287647b4fd9743de?s=96&d=mm&r=g\",\"caption\":\"Gonzalo Schmidt\"},\"description\":\"Sitio web de noticias de la provincia de Entre R\u00edos, Argentina. Informaci\u00f3n y entretenimiento. Informe Litoral, nos informamos.\",\"sameAs\":[\"http:\\\/\\\/www.isletasnoticias.com.ar\"],\"url\":\"https:\\\/\\\/informelitoral.com.ar\\\/author\\\/gonzalo\\\/\"}]}<\/script>","yoast_head_json":{"title":"Alberto Fern\u00e1ndez negociar\u00e1 con empresas suba general de salarios y planes - Informe Litoral","robots":{"index":"index","follow":"follow","max-snippet":"max-snippet:-1","max-image-preview":"max-image-preview:large","max-video-preview":"max-video-preview:-1"},"canonical":"https:\/\/informelitoral.com.ar\/alberto-fernandez-negociara-con-empresas-suba-general-de-salarios-y-planes\/","og_locale":"es_ES","og_type":"article","og_title":"Alberto Fern\u00e1ndez negociar\u00e1 con empresas suba general de salarios y planes - Informe Litoral","og_description":"El aumento del piso de ingresos que el futuro gobierno impulsar\u00e1 para trabajadores, jubilados y beneficiarios de planes podr\u00e1 discutirse en el Consejo Econ\u00f3mico y Social.","og_url":"https:\/\/informelitoral.com.ar\/alberto-fernandez-negociara-con-empresas-suba-general-de-salarios-y-planes\/","og_site_name":"Informe Litoral","article_publisher":"https:\/\/www.facebook.com\/informelitoral\/","article_published_time":"2019-11-22T11:34:42+00:00","article_modified_time":"2019-11-22T11:35:05+00:00","og_image":[{"width":770,"height":433,"url":"https:\/\/informelitoral.com.ar\/%77%70%2d%63%6f%6e%74%65%6e%74\/uploads\/2019\/11\/alberto-fernandez.jpg","type":"image\/jpeg"}],"author":"Gonzalo Schmidt","twitter_card":"summary_large_image","twitter_creator":"@InformeLitoral","twitter_site":"@InformeLitoral","twitter_misc":{"Escrito por":"Gonzalo Schmidt","Tiempo de lectura":"4 minutos"},"schema":{"@context":"https:\/\/schema.org","@graph":[{"@type":"Article","@id":"https:\/\/informelitoral.com.ar\/alberto-fernandez-negociara-con-empresas-suba-general-de-salarios-y-planes\/#article","isPartOf":{"@id":"https:\/\/informelitoral.com.ar\/alberto-fernandez-negociara-con-empresas-suba-general-de-salarios-y-planes\/"},"author":{"name":"Gonzalo Schmidt","@id":"https:\/\/informelitoral.com.ar\/#\/schema\/person\/b9d00407c836482871ef1d57bf8e3180"},"headline":"Alberto Fern\u00e1ndez negociar\u00e1 con empresas suba general de salarios y planes","datePublished":"2019-11-22T11:34:42+00:00","dateModified":"2019-11-22T11:35:05+00:00","mainEntityOfPage":{"@id":"https:\/\/informelitoral.com.ar\/alberto-fernandez-negociara-con-empresas-suba-general-de-salarios-y-planes\/"},"wordCount":788,"commentCount":0,"publisher":{"@id":"https:\/\/informelitoral.com.ar\/#organization"},"image":{"@id":"https:\/\/informelitoral.com.ar\/alberto-fernandez-negociara-con-empresas-suba-general-de-salarios-y-planes\/#primaryimage"},"thumbnailUrl":"https:\/\/informelitoral.com.ar\/%77%70%2d%63%6f%6e%74%65%6e%74\/uploads\/2019\/11\/alberto-fernandez.jpg","keywords":["Alberto Fern\u00e1ndez","Salarios"],"articleSection":["Politica"],"inLanguage":"es","potentialAction":[{"@type":"CommentAction","name":"Comment","target":["https:\/\/informelitoral.com.ar\/alberto-fernandez-negociara-con-empresas-suba-general-de-salarios-y-planes\/#respond"]}]},{"@type":"WebPage","@id":"https:\/\/informelitoral.com.ar\/alberto-fernandez-negociara-con-empresas-suba-general-de-salarios-y-planes\/","url":"https:\/\/informelitoral.com.ar\/alberto-fernandez-negociara-con-empresas-suba-general-de-salarios-y-planes\/","name":"Alberto Fern\u00e1ndez negociar\u00e1 con empresas suba general de salarios y planes - Informe Litoral","isPartOf":{"@id":"https:\/\/informelitoral.com.ar\/#website"},"primaryImageOfPage":{"@id":"https:\/\/informelitoral.com.ar\/alberto-fernandez-negociara-con-empresas-suba-general-de-salarios-y-planes\/#primaryimage"},"image":{"@id":"https:\/\/informelitoral.com.ar\/alberto-fernandez-negociara-con-empresas-suba-general-de-salarios-y-planes\/#primaryimage"},"thumbnailUrl":"https:\/\/informelitoral.com.ar\/%77%70%2d%63%6f%6e%74%65%6e%74\/uploads\/2019\/11\/alberto-fernandez.jpg","datePublished":"2019-11-22T11:34:42+00:00","dateModified":"2019-11-22T11:35:05+00:00","breadcrumb":{"@id":"https:\/\/informelitoral.com.ar\/alberto-fernandez-negociara-con-empresas-suba-general-de-salarios-y-planes\/#breadcrumb"},"inLanguage":"es","potentialAction":[{"@type":"ReadAction","target":["https:\/\/informelitoral.com.ar\/alberto-fernandez-negociara-con-empresas-suba-general-de-salarios-y-planes\/"]}]},{"@type":"ImageObject","inLanguage":"es","@id":"https:\/\/informelitoral.com.ar\/alberto-fernandez-negociara-con-empresas-suba-general-de-salarios-y-planes\/#primaryimage","url":"https:\/\/informelitoral.com.ar\/%77%70%2d%63%6f%6e%74%65%6e%74\/uploads\/2019\/11\/alberto-fernandez.jpg","contentUrl":"https:\/\/informelitoral.com.ar\/%77%70%2d%63%6f%6e%74%65%6e%74\/uploads\/2019\/11\/alberto-fernandez.jpg","width":770,"height":433},{"@type":"BreadcrumbList","@id":"https:\/\/informelitoral.com.ar\/alberto-fernandez-negociara-con-empresas-suba-general-de-salarios-y-planes\/#breadcrumb","itemListElement":[{"@type":"ListItem","position":1,"name":"Portada","item":"https:\/\/informelitoral.com.ar\/"},{"@type":"ListItem","position":2,"name":"Alberto Fern\u00e1ndez negociar\u00e1 con empresas suba general de salarios y planes"}]},{"@type":"WebSite","@id":"https:\/\/informelitoral.com.ar\/#website","url":"https:\/\/informelitoral.com.ar\/","name":"Informe Litoral","description":"&quot;Nos informamos&quot; ","publisher":{"@id":"https:\/\/informelitoral.com.ar\/#organization"},"potentialAction":[{"@type":"SearchAction","target":{"@type":"EntryPoint","urlTemplate":"https:\/\/informelitoral.com.ar\/?s={search_term_string}"},"query-input":{"@type":"PropertyValueSpecification","valueRequired":true,"valueName":"search_term_string"}}],"inLanguage":"es"},{"@type":"Organization","@id":"https:\/\/informelitoral.com.ar\/#organization","name":"Informe Litoral","url":"https:\/\/informelitoral.com.ar\/","logo":{"@type":"ImageObject","inLanguage":"es","@id":"https:\/\/informelitoral.com.ar\/#\/schema\/logo\/image\/","url":"https:\/\/informelitoral.com.ar\/%77%70%2d%63%6f%6e%74%65%6e%74\/uploads\/2021\/01\/circulo.png","contentUrl":"https:\/\/informelitoral.com.ar\/%77%70%2d%63%6f%6e%74%65%6e%74\/uploads\/2021\/01\/circulo.png","width":723,"height":731,"caption":"Informe Litoral"},"image":{"@id":"https:\/\/informelitoral.com.ar\/#\/schema\/logo\/image\/"},"sameAs":["https:\/\/www.facebook.com\/informelitoral\/","https:\/\/x.com\/InformeLitoral","https:\/\/www.instagram.com\/informelitoral\/","https:\/\/www.youtube.com\/channel\/UCua4Qvz8Icb6MYqhoq9xLXw"]},{"@type":"Person","@id":"https:\/\/informelitoral.com.ar\/#\/schema\/person\/b9d00407c836482871ef1d57bf8e3180","name":"Gonzalo Schmidt","image":{"@type":"ImageObject","inLanguage":"es","@id":"https:\/\/secure.gravatar.com\/avatar\/31a1a7b66ff2de83bd0e9fd79d026630d2d99e55e8bfe501287647b4fd9743de?s=96&d=mm&r=g","url":"https:\/\/secure.gravatar.com\/avatar\/31a1a7b66ff2de83bd0e9fd79d026630d2d99e55e8bfe501287647b4fd9743de?s=96&d=mm&r=g","contentUrl":"https:\/\/secure.gravatar.com\/avatar\/31a1a7b66ff2de83bd0e9fd79d026630d2d99e55e8bfe501287647b4fd9743de?s=96&d=mm&r=g","caption":"Gonzalo Schmidt"},"description":"Sitio web de noticias de la provincia de Entre R\u00edos, Argentina. Informaci\u00f3n y entretenimiento. Informe Litoral, nos informamos.","sameAs":["http:\/\/www.isletasnoticias.com.ar"],"url":"https:\/\/informelitoral.com.ar\/author\/gonzalo\/"}]}},"_links":{"self":[{"href":"https:\/\/informelitoral.com.ar\/%77%70%2d%6a%73%6f%6e\/wp\/v2\/posts\/38175","targetHints":{"allow":["GET"]}}],"collection":[{"href":"https:\/\/informelitoral.com.ar\/%77%70%2d%6a%73%6f%6e\/wp\/v2\/posts"}],"about":[{"href":"https:\/\/informelitoral.com.ar\/%77%70%2d%6a%73%6f%6e\/wp\/v2\/types\/post"}],"author":[{"embeddable":true,"href":"https:\/\/informelitoral.com.ar\/%77%70%2d%6a%73%6f%6e\/wp\/v2\/users\/2"}],"replies":[{"embeddable":true,"href":"https:\/\/informelitoral.com.ar\/%77%70%2d%6a%73%6f%6e\/wp\/v2\/comments?post=38175"}],"version-history":[{"count":0,"href":"https:\/\/informelitoral.com.ar\/%77%70%2d%6a%73%6f%6e\/wp\/v2\/posts\/38175\/revisions"}],"wp:featuredmedia":[{"embeddable":true,"href":"https:\/\/informelitoral.com.ar\/%77%70%2d%6a%73%6f%6e\/wp\/v2\/media\/38176"}],"wp:attachment":[{"href":"https:\/\/informelitoral.com.ar\/%77%70%2d%6a%73%6f%6e\/wp\/v2\/media?parent=38175"}],"wp:term":[{"taxonomy":"category","embeddable":true,"href":"https:\/\/informelitoral.com.ar\/%77%70%2d%6a%73%6f%6e\/wp\/v2\/categories?post=38175"},{"taxonomy":"post_tag","embeddable":true,"href":"https:\/\/informelitoral.com.ar\/%77%70%2d%6a%73%6f%6e\/wp\/v2\/tags?post=38175"}],"curies":[{"name":"wp","href":"https:\/\/api.w.org\/{rel}","templated":true}]}}