{"id":38173,"date":"2019-11-22T08:25:37","date_gmt":"2019-11-22T11:25:37","guid":{"rendered":"https:\/\/www.isletasnoticias.com.ar\/?p=38173"},"modified":"2019-11-22T08:25:37","modified_gmt":"2019-11-22T11:25:37","slug":"sube-el-impuesto-a-los-combustibles-y-repercutira-en-el-precio-de-venta-al-publico","status":"publish","type":"post","link":"https:\/\/informelitoral.com.ar\/sube-el-impuesto-a-los-combustibles-y-repercutira-en-el-precio-de-venta-al-publico\/","title":{"rendered":"Sube el impuesto a los combustibles y repercutir\u00e1 en el precio de venta al p\u00fablico"},"content":{"rendered":"<p>El gobierno autorizar\u00e1 un incremento del 5 por ciento en el impuesto a los combustibles a partir de diciembre, se\u00f1alaron desde la Secretar\u00eda de Energ\u00eda.<\/p>\n<p>La AFIP estableci\u00f3 que ese impuesto se actualice en enero, abril, julio y octubre de cada a\u00f1o a partir de la variaci\u00f3n del \u00cdndice de Precios al Consumidor del INDEC.<\/p>\n<p>Pero esa actualizaci\u00f3n fue postergada durante el a\u00f1o para atenuar el impacto que provoc\u00f3 la devaluaci\u00f3n del peso en los surtidores y porque el gobierno quer\u00eda evitar un impacto negativo en la campa\u00f1a electoral.<\/p>\n<p>El gobierno autoriz\u00f3 a trav\u00e9s del decreto 753 que en dos meses se traslade a precios todo el componente del impuesto que qued\u00f3 pendiente a lo largo del a\u00f1o y en el art\u00edculo 2 se estableci\u00f3 que el ajuste correspond\u00eda hacerlo en noviembre y en diciembre.<\/p>\n<p>Para las empresas el ajuste impositivo pendiente llegar\u00eda al 20% con lo cual el pr\u00f3ximo gobierno deber\u00e1 decidir si aplica o no el 15% restante.<\/p>\n<p>El secretario de Energ\u00eda, Gustavo Lopetegui, durante la presentaci\u00f3n del balance de su gesti\u00f3n asegur\u00f3 que el impuesto no va a subir m\u00e1s de 5% en diciembre, con lo cual el proceso de actualizaci\u00f3n quedar\u00e1 para el pr\u00f3ximo gobierno.<\/p>\n<p>Ea ese aumento a partir de diciembre se sumar\u00e1 al que tienen previsto aplicar las compa\u00f1\u00edas petroleras, para reducir el atraso que estiman en torno al 10% respecto a la paridad de importaci\u00f3n.<\/p>\n<p>Al terminar la regulaci\u00f3n de precios y tras el aumento aplicado en noviembre las empresas hab\u00edan adelantado que habr\u00eda otro ajuste de precios en diciembre.<\/p>\n","protected":false},"excerpt":{"rendered":"<p>La decisi\u00f3n del aumento en el componente impositivo se da en momento en que el sector de combustibles atraviesa por un proceso de incremento de precios tras el descongelamiento iniciado el 14 de noviembre pasado.<\/p>\n","protected":false},"author":2,"featured_media":23524,"comment_status":"open","ping_status":"open","sticky":false,"template":"","format":"standard","meta":{"fifu_image_url":"","fifu_image_alt":"","footnotes":""},"categories":[7],"tags":[156,478],"class_list":{"0":"post-38173","1":"post","2":"type-post","3":"status-publish","4":"format-standard","5":"has-post-thumbnail","7":"category-nacionales","8":"tag-combustibles","9":"tag-naftas"},"yoast_head":"<title>Sube el impuesto a los combustibles y repercutir\u00e1 en el precio de venta al p\u00fablico - Informe Litoral<\/title>\n<meta name=\"robots\" content=\"index, follow, max-snippet:-1, max-image-preview:large, max-video-preview:-1\" \/>\n<link rel=\"canonical\" href=\"https:\/\/informelitoral.com.ar\/sube-el-impuesto-a-los-combustibles-y-repercutira-en-el-precio-de-venta-al-publico\/\" \/>\n<meta property=\"og:locale\" content=\"es_ES\" \/>\n<meta property=\"og:type\" content=\"article\" \/>\n<meta property=\"og:title\" content=\"Sube el impuesto a los combustibles y repercutir\u00e1 en el precio de venta al p\u00fablico - Informe Litoral\" \/>\n<meta property=\"og:description\" content=\"La decisi\u00f3n del aumento en el componente impositivo se da en momento en que el sector de combustibles atraviesa por un proceso de incremento de precios tras el descongelamiento iniciado el 14 de noviembre pasado.\" \/>\n<meta property=\"og:url\" content=\"https:\/\/informelitoral.com.ar\/sube-el-impuesto-a-los-combustibles-y-repercutira-en-el-precio-de-venta-al-publico\/\" \/>\n<meta property=\"og:site_name\" content=\"Informe Litoral\" \/>\n<meta property=\"article:publisher\" content=\"https:\/\/www.facebook.com\/informelitoral\/\" \/>\n<meta property=\"article:published_time\" content=\"2019-11-22T11:25:37+00:00\" \/>\n<meta property=\"og:image\" content=\"https:\/\/informelitoral.com.ar\/%77%70%2d%63%6f%6e%74%65%6e%74\/uploads\/2017\/10\/Combustibles.jpg\" \/>\n\t<meta property=\"og:image:width\" content=\"4288\" \/>\n\t<meta property=\"og:image:height\" content=\"2848\" \/>\n\t<meta property=\"og:image:type\" content=\"image\/jpeg\" \/>\n<meta name=\"author\" content=\"Gonzalo Schmidt\" \/>\n<meta name=\"twitter:card\" content=\"summary_large_image\" \/>\n<meta name=\"twitter:creator\" content=\"@InformeLitoral\" \/>\n<meta name=\"twitter:site\" content=\"@InformeLitoral\" \/>\n<meta name=\"twitter:label1\" content=\"Escrito por\" \/>\n\t<meta name=\"twitter:data1\" content=\"Gonzalo Schmidt\" \/>\n\t<meta name=\"twitter:label2\" content=\"Tiempo de lectura\" \/>\n\t<meta name=\"twitter:data2\" content=\"1 minuto\" \/>\n<script type=\"application\/ld+json\" class=\"yoast-schema-graph\">{\"@context\":\"https:\\\/\\\/schema.org\",\"@graph\":[{\"@type\":\"Article\",\"@id\":\"https:\\\/\\\/informelitoral.com.ar\\\/sube-el-impuesto-a-los-combustibles-y-repercutira-en-el-precio-de-venta-al-publico\\\/#article\",\"isPartOf\":{\"@id\":\"https:\\\/\\\/informelitoral.com.ar\\\/sube-el-impuesto-a-los-combustibles-y-repercutira-en-el-precio-de-venta-al-publico\\\/\"},\"author\":{\"name\":\"Gonzalo Schmidt\",\"@id\":\"https:\\\/\\\/informelitoral.com.ar\\\/#\\\/schema\\\/person\\\/b9d00407c836482871ef1d57bf8e3180\"},\"headline\":\"Sube el impuesto a los combustibles y repercutir\u00e1 en el precio de venta al p\u00fablico\",\"datePublished\":\"2019-11-22T11:25:37+00:00\",\"mainEntityOfPage\":{\"@id\":\"https:\\\/\\\/informelitoral.com.ar\\\/sube-el-impuesto-a-los-combustibles-y-repercutira-en-el-precio-de-venta-al-publico\\\/\"},\"wordCount\":293,\"commentCount\":0,\"publisher\":{\"@id\":\"https:\\\/\\\/informelitoral.com.ar\\\/#organization\"},\"image\":{\"@id\":\"https:\\\/\\\/informelitoral.com.ar\\\/sube-el-impuesto-a-los-combustibles-y-repercutira-en-el-precio-de-venta-al-publico\\\/#primaryimage\"},\"thumbnailUrl\":\"https:\\\/\\\/informelitoral.com.ar\\\/%77%70%2d%63%6f%6e%74%65%6e%74\\\/uploads\\\/2017\\\/10\\\/Combustibles.jpg\",\"keywords\":[\"Combustibles\",\"Naftas\"],\"articleSection\":[\"Nacionales\"],\"inLanguage\":\"es\",\"potentialAction\":[{\"@type\":\"CommentAction\",\"name\":\"Comment\",\"target\":[\"https:\\\/\\\/informelitoral.com.ar\\\/sube-el-impuesto-a-los-combustibles-y-repercutira-en-el-precio-de-venta-al-publico\\\/#respond\"]}]},{\"@type\":\"WebPage\",\"@id\":\"https:\\\/\\\/informelitoral.com.ar\\\/sube-el-impuesto-a-los-combustibles-y-repercutira-en-el-precio-de-venta-al-publico\\\/\",\"url\":\"https:\\\/\\\/informelitoral.com.ar\\\/sube-el-impuesto-a-los-combustibles-y-repercutira-en-el-precio-de-venta-al-publico\\\/\",\"name\":\"Sube el impuesto a los combustibles y repercutir\u00e1 en el precio de venta al p\u00fablico - Informe Litoral\",\"isPartOf\":{\"@id\":\"https:\\\/\\\/informelitoral.com.ar\\\/#website\"},\"primaryImageOfPage\":{\"@id\":\"https:\\\/\\\/informelitoral.com.ar\\\/sube-el-impuesto-a-los-combustibles-y-repercutira-en-el-precio-de-venta-al-publico\\\/#primaryimage\"},\"image\":{\"@id\":\"https:\\\/\\\/informelitoral.com.ar\\\/sube-el-impuesto-a-los-combustibles-y-repercutira-en-el-precio-de-venta-al-publico\\\/#primaryimage\"},\"thumbnailUrl\":\"https:\\\/\\\/informelitoral.com.ar\\\/%77%70%2d%63%6f%6e%74%65%6e%74\\\/uploads\\\/2017\\\/10\\\/Combustibles.jpg\",\"datePublished\":\"2019-11-22T11:25:37+00:00\",\"breadcrumb\":{\"@id\":\"https:\\\/\\\/informelitoral.com.ar\\\/sube-el-impuesto-a-los-combustibles-y-repercutira-en-el-precio-de-venta-al-publico\\\/#breadcrumb\"},\"inLanguage\":\"es\",\"potentialAction\":[{\"@type\":\"ReadAction\",\"target\":[\"https:\\\/\\\/informelitoral.com.ar\\\/sube-el-impuesto-a-los-combustibles-y-repercutira-en-el-precio-de-venta-al-publico\\\/\"]}]},{\"@type\":\"ImageObject\",\"inLanguage\":\"es\",\"@id\":\"https:\\\/\\\/informelitoral.com.ar\\\/sube-el-impuesto-a-los-combustibles-y-repercutira-en-el-precio-de-venta-al-publico\\\/#primaryimage\",\"url\":\"https:\\\/\\\/informelitoral.com.ar\\\/%77%70%2d%63%6f%6e%74%65%6e%74\\\/uploads\\\/2017\\\/10\\\/Combustibles.jpg\",\"contentUrl\":\"https:\\\/\\\/informelitoral.com.ar\\\/%77%70%2d%63%6f%6e%74%65%6e%74\\\/uploads\\\/2017\\\/10\\\/Combustibles.jpg\",\"width\":4288,\"height\":2848},{\"@type\":\"BreadcrumbList\",\"@id\":\"https:\\\/\\\/informelitoral.com.ar\\\/sube-el-impuesto-a-los-combustibles-y-repercutira-en-el-precio-de-venta-al-publico\\\/#breadcrumb\",\"itemListElement\":[{\"@type\":\"ListItem\",\"position\":1,\"name\":\"Portada\",\"item\":\"https:\\\/\\\/informelitoral.com.ar\\\/\"},{\"@type\":\"ListItem\",\"position\":2,\"name\":\"Sube el impuesto a los combustibles y repercutir\u00e1 en el precio de venta al p\u00fablico\"}]},{\"@type\":\"WebSite\",\"@id\":\"https:\\\/\\\/informelitoral.com.ar\\\/#website\",\"url\":\"https:\\\/\\\/informelitoral.com.ar\\\/\",\"name\":\"Informe Litoral\",\"description\":\"&quot;Nos informamos&quot; \",\"publisher\":{\"@id\":\"https:\\\/\\\/informelitoral.com.ar\\\/#organization\"},\"potentialAction\":[{\"@type\":\"SearchAction\",\"target\":{\"@type\":\"EntryPoint\",\"urlTemplate\":\"https:\\\/\\\/informelitoral.com.ar\\\/?s={search_term_string}\"},\"query-input\":{\"@type\":\"PropertyValueSpecification\",\"valueRequired\":true,\"valueName\":\"search_term_string\"}}],\"inLanguage\":\"es\"},{\"@type\":\"Organization\",\"@id\":\"https:\\\/\\\/informelitoral.com.ar\\\/#organization\",\"name\":\"Informe Litoral\",\"url\":\"https:\\\/\\\/informelitoral.com.ar\\\/\",\"logo\":{\"@type\":\"ImageObject\",\"inLanguage\":\"es\",\"@id\":\"https:\\\/\\\/informelitoral.com.ar\\\/#\\\/schema\\\/logo\\\/image\\\/\",\"url\":\"https:\\\/\\\/informelitoral.com.ar\\\/%77%70%2d%63%6f%6e%74%65%6e%74\\\/uploads\\\/2021\\\/01\\\/circulo.png\",\"contentUrl\":\"https:\\\/\\\/informelitoral.com.ar\\\/%77%70%2d%63%6f%6e%74%65%6e%74\\\/uploads\\\/2021\\\/01\\\/circulo.png\",\"width\":723,\"height\":731,\"caption\":\"Informe Litoral\"},\"image\":{\"@id\":\"https:\\\/\\\/informelitoral.com.ar\\\/#\\\/schema\\\/logo\\\/image\\\/\"},\"sameAs\":[\"https:\\\/\\\/www.facebook.com\\\/informelitoral\\\/\",\"https:\\\/\\\/x.com\\\/InformeLitoral\",\"https:\\\/\\\/www.instagram.com\\\/informelitoral\\\/\",\"https:\\\/\\\/www.youtube.com\\\/channel\\\/UCua4Qvz8Icb6MYqhoq9xLXw\"]},{\"@type\":\"Person\",\"@id\":\"https:\\\/\\\/informelitoral.com.ar\\\/#\\\/schema\\\/person\\\/b9d00407c836482871ef1d57bf8e3180\",\"name\":\"Gonzalo Schmidt\",\"image\":{\"@type\":\"ImageObject\",\"inLanguage\":\"es\",\"@id\":\"https:\\\/\\\/secure.gravatar.com\\\/avatar\\\/31a1a7b66ff2de83bd0e9fd79d026630d2d99e55e8bfe501287647b4fd9743de?s=96&d=mm&r=g\",\"url\":\"https:\\\/\\\/secure.gravatar.com\\\/avatar\\\/31a1a7b66ff2de83bd0e9fd79d026630d2d99e55e8bfe501287647b4fd9743de?s=96&d=mm&r=g\",\"contentUrl\":\"https:\\\/\\\/secure.gravatar.com\\\/avatar\\\/31a1a7b66ff2de83bd0e9fd79d026630d2d99e55e8bfe501287647b4fd9743de?s=96&d=mm&r=g\",\"caption\":\"Gonzalo Schmidt\"},\"description\":\"Sitio web de noticias de la provincia de Entre R\u00edos, Argentina. Informaci\u00f3n y entretenimiento. Informe Litoral, nos informamos.\",\"sameAs\":[\"http:\\\/\\\/www.isletasnoticias.com.ar\"],\"url\":\"https:\\\/\\\/informelitoral.com.ar\\\/author\\\/gonzalo\\\/\"}]}<\/script>","yoast_head_json":{"title":"Sube el impuesto a los combustibles y repercutir\u00e1 en el precio de venta al p\u00fablico - Informe Litoral","robots":{"index":"index","follow":"follow","max-snippet":"max-snippet:-1","max-image-preview":"max-image-preview:large","max-video-preview":"max-video-preview:-1"},"canonical":"https:\/\/informelitoral.com.ar\/sube-el-impuesto-a-los-combustibles-y-repercutira-en-el-precio-de-venta-al-publico\/","og_locale":"es_ES","og_type":"article","og_title":"Sube el impuesto a los combustibles y repercutir\u00e1 en el precio de venta al p\u00fablico - Informe Litoral","og_description":"La decisi\u00f3n del aumento en el componente impositivo se da en momento en que el sector de combustibles atraviesa por un proceso de incremento de precios tras el descongelamiento iniciado el 14 de noviembre pasado.","og_url":"https:\/\/informelitoral.com.ar\/sube-el-impuesto-a-los-combustibles-y-repercutira-en-el-precio-de-venta-al-publico\/","og_site_name":"Informe Litoral","article_publisher":"https:\/\/www.facebook.com\/informelitoral\/","article_published_time":"2019-11-22T11:25:37+00:00","og_image":[{"width":4288,"height":2848,"url":"https:\/\/informelitoral.com.ar\/%77%70%2d%63%6f%6e%74%65%6e%74\/uploads\/2017\/10\/Combustibles.jpg","type":"image\/jpeg"}],"author":"Gonzalo Schmidt","twitter_card":"summary_large_image","twitter_creator":"@InformeLitoral","twitter_site":"@InformeLitoral","twitter_misc":{"Escrito por":"Gonzalo Schmidt","Tiempo de lectura":"1 minuto"},"schema":{"@context":"https:\/\/schema.org","@graph":[{"@type":"Article","@id":"https:\/\/informelitoral.com.ar\/sube-el-impuesto-a-los-combustibles-y-repercutira-en-el-precio-de-venta-al-publico\/#article","isPartOf":{"@id":"https:\/\/informelitoral.com.ar\/sube-el-impuesto-a-los-combustibles-y-repercutira-en-el-precio-de-venta-al-publico\/"},"author":{"name":"Gonzalo Schmidt","@id":"https:\/\/informelitoral.com.ar\/#\/schema\/person\/b9d00407c836482871ef1d57bf8e3180"},"headline":"Sube el impuesto a los combustibles y repercutir\u00e1 en el precio de venta al p\u00fablico","datePublished":"2019-11-22T11:25:37+00:00","mainEntityOfPage":{"@id":"https:\/\/informelitoral.com.ar\/sube-el-impuesto-a-los-combustibles-y-repercutira-en-el-precio-de-venta-al-publico\/"},"wordCount":293,"commentCount":0,"publisher":{"@id":"https:\/\/informelitoral.com.ar\/#organization"},"image":{"@id":"https:\/\/informelitoral.com.ar\/sube-el-impuesto-a-los-combustibles-y-repercutira-en-el-precio-de-venta-al-publico\/#primaryimage"},"thumbnailUrl":"https:\/\/informelitoral.com.ar\/%77%70%2d%63%6f%6e%74%65%6e%74\/uploads\/2017\/10\/Combustibles.jpg","keywords":["Combustibles","Naftas"],"articleSection":["Nacionales"],"inLanguage":"es","potentialAction":[{"@type":"CommentAction","name":"Comment","target":["https:\/\/informelitoral.com.ar\/sube-el-impuesto-a-los-combustibles-y-repercutira-en-el-precio-de-venta-al-publico\/#respond"]}]},{"@type":"WebPage","@id":"https:\/\/informelitoral.com.ar\/sube-el-impuesto-a-los-combustibles-y-repercutira-en-el-precio-de-venta-al-publico\/","url":"https:\/\/informelitoral.com.ar\/sube-el-impuesto-a-los-combustibles-y-repercutira-en-el-precio-de-venta-al-publico\/","name":"Sube el impuesto a los combustibles y repercutir\u00e1 en el precio de venta al p\u00fablico - Informe Litoral","isPartOf":{"@id":"https:\/\/informelitoral.com.ar\/#website"},"primaryImageOfPage":{"@id":"https:\/\/informelitoral.com.ar\/sube-el-impuesto-a-los-combustibles-y-repercutira-en-el-precio-de-venta-al-publico\/#primaryimage"},"image":{"@id":"https:\/\/informelitoral.com.ar\/sube-el-impuesto-a-los-combustibles-y-repercutira-en-el-precio-de-venta-al-publico\/#primaryimage"},"thumbnailUrl":"https:\/\/informelitoral.com.ar\/%77%70%2d%63%6f%6e%74%65%6e%74\/uploads\/2017\/10\/Combustibles.jpg","datePublished":"2019-11-22T11:25:37+00:00","breadcrumb":{"@id":"https:\/\/informelitoral.com.ar\/sube-el-impuesto-a-los-combustibles-y-repercutira-en-el-precio-de-venta-al-publico\/#breadcrumb"},"inLanguage":"es","potentialAction":[{"@type":"ReadAction","target":["https:\/\/informelitoral.com.ar\/sube-el-impuesto-a-los-combustibles-y-repercutira-en-el-precio-de-venta-al-publico\/"]}]},{"@type":"ImageObject","inLanguage":"es","@id":"https:\/\/informelitoral.com.ar\/sube-el-impuesto-a-los-combustibles-y-repercutira-en-el-precio-de-venta-al-publico\/#primaryimage","url":"https:\/\/informelitoral.com.ar\/%77%70%2d%63%6f%6e%74%65%6e%74\/uploads\/2017\/10\/Combustibles.jpg","contentUrl":"https:\/\/informelitoral.com.ar\/%77%70%2d%63%6f%6e%74%65%6e%74\/uploads\/2017\/10\/Combustibles.jpg","width":4288,"height":2848},{"@type":"BreadcrumbList","@id":"https:\/\/informelitoral.com.ar\/sube-el-impuesto-a-los-combustibles-y-repercutira-en-el-precio-de-venta-al-publico\/#breadcrumb","itemListElement":[{"@type":"ListItem","position":1,"name":"Portada","item":"https:\/\/informelitoral.com.ar\/"},{"@type":"ListItem","position":2,"name":"Sube el impuesto a los combustibles y repercutir\u00e1 en el precio de venta al p\u00fablico"}]},{"@type":"WebSite","@id":"https:\/\/informelitoral.com.ar\/#website","url":"https:\/\/informelitoral.com.ar\/","name":"Informe Litoral","description":"&quot;Nos informamos&quot; ","publisher":{"@id":"https:\/\/informelitoral.com.ar\/#organization"},"potentialAction":[{"@type":"SearchAction","target":{"@type":"EntryPoint","urlTemplate":"https:\/\/informelitoral.com.ar\/?s={search_term_string}"},"query-input":{"@type":"PropertyValueSpecification","valueRequired":true,"valueName":"search_term_string"}}],"inLanguage":"es"},{"@type":"Organization","@id":"https:\/\/informelitoral.com.ar\/#organization","name":"Informe Litoral","url":"https:\/\/informelitoral.com.ar\/","logo":{"@type":"ImageObject","inLanguage":"es","@id":"https:\/\/informelitoral.com.ar\/#\/schema\/logo\/image\/","url":"https:\/\/informelitoral.com.ar\/%77%70%2d%63%6f%6e%74%65%6e%74\/uploads\/2021\/01\/circulo.png","contentUrl":"https:\/\/informelitoral.com.ar\/%77%70%2d%63%6f%6e%74%65%6e%74\/uploads\/2021\/01\/circulo.png","width":723,"height":731,"caption":"Informe Litoral"},"image":{"@id":"https:\/\/informelitoral.com.ar\/#\/schema\/logo\/image\/"},"sameAs":["https:\/\/www.facebook.com\/informelitoral\/","https:\/\/x.com\/InformeLitoral","https:\/\/www.instagram.com\/informelitoral\/","https:\/\/www.youtube.com\/channel\/UCua4Qvz8Icb6MYqhoq9xLXw"]},{"@type":"Person","@id":"https:\/\/informelitoral.com.ar\/#\/schema\/person\/b9d00407c836482871ef1d57bf8e3180","name":"Gonzalo Schmidt","image":{"@type":"ImageObject","inLanguage":"es","@id":"https:\/\/secure.gravatar.com\/avatar\/31a1a7b66ff2de83bd0e9fd79d026630d2d99e55e8bfe501287647b4fd9743de?s=96&d=mm&r=g","url":"https:\/\/secure.gravatar.com\/avatar\/31a1a7b66ff2de83bd0e9fd79d026630d2d99e55e8bfe501287647b4fd9743de?s=96&d=mm&r=g","contentUrl":"https:\/\/secure.gravatar.com\/avatar\/31a1a7b66ff2de83bd0e9fd79d026630d2d99e55e8bfe501287647b4fd9743de?s=96&d=mm&r=g","caption":"Gonzalo Schmidt"},"description":"Sitio web de noticias de la provincia de Entre R\u00edos, Argentina. Informaci\u00f3n y entretenimiento. Informe Litoral, nos informamos.","sameAs":["http:\/\/www.isletasnoticias.com.ar"],"url":"https:\/\/informelitoral.com.ar\/author\/gonzalo\/"}]}},"_links":{"self":[{"href":"https:\/\/informelitoral.com.ar\/%77%70%2d%6a%73%6f%6e\/wp\/v2\/posts\/38173","targetHints":{"allow":["GET"]}}],"collection":[{"href":"https:\/\/informelitoral.com.ar\/%77%70%2d%6a%73%6f%6e\/wp\/v2\/posts"}],"about":[{"href":"https:\/\/informelitoral.com.ar\/%77%70%2d%6a%73%6f%6e\/wp\/v2\/types\/post"}],"author":[{"embeddable":true,"href":"https:\/\/informelitoral.com.ar\/%77%70%2d%6a%73%6f%6e\/wp\/v2\/users\/2"}],"replies":[{"embeddable":true,"href":"https:\/\/informelitoral.com.ar\/%77%70%2d%6a%73%6f%6e\/wp\/v2\/comments?post=38173"}],"version-history":[{"count":0,"href":"https:\/\/informelitoral.com.ar\/%77%70%2d%6a%73%6f%6e\/wp\/v2\/posts\/38173\/revisions"}],"wp:featuredmedia":[{"embeddable":true,"href":"https:\/\/informelitoral.com.ar\/%77%70%2d%6a%73%6f%6e\/wp\/v2\/media\/23524"}],"wp:attachment":[{"href":"https:\/\/informelitoral.com.ar\/%77%70%2d%6a%73%6f%6e\/wp\/v2\/media?parent=38173"}],"wp:term":[{"taxonomy":"category","embeddable":true,"href":"https:\/\/informelitoral.com.ar\/%77%70%2d%6a%73%6f%6e\/wp\/v2\/categories?post=38173"},{"taxonomy":"post_tag","embeddable":true,"href":"https:\/\/informelitoral.com.ar\/%77%70%2d%6a%73%6f%6e\/wp\/v2\/tags?post=38173"}],"curies":[{"name":"wp","href":"https:\/\/api.w.org\/{rel}","templated":true}]}}