{"id":38073,"date":"2019-11-18T18:39:00","date_gmt":"2019-11-18T21:39:00","guid":{"rendered":"https:\/\/www.isletasnoticias.com.ar\/?p=38073"},"modified":"2019-11-18T18:48:15","modified_gmt":"2019-11-18T21:48:15","slug":"fin-de-semana-largo-entre-rios-fue-el-destino-mas-elegido-con-ocupacion-plena","status":"publish","type":"post","link":"https:\/\/informelitoral.com.ar\/fin-de-semana-largo-entre-rios-fue-el-destino-mas-elegido-con-ocupacion-plena\/","title":{"rendered":"Fin de semana largo: Entre R\u00edos fue el destino m\u00e1s elegido con ocupaci\u00f3n plena"},"content":{"rendered":"<article id=\"article-post\" class=\"first\">\n<div class=\"cuerpo\" data-twitter-link=\"https:\/\/twitter.com\/intent\/tweet?url=https:\/\/ahora.com.ar\/c4192004&amp;via=PlataformaAhora&amp;related=Ahora&amp;text=\">\n<p><strong>La provincia recibi\u00f3 130.000 visitantes en este feriado de noviembre, con un 99 por ciento de ocupaci\u00f3n hotelera<\/strong>\u00a0y m\u00e1s de 20 destinos con ocupaci\u00f3n plena de plazas hoteleras, que la ubican como el tercer distrito m\u00e1s visitado del pa\u00eds, luego de las provincias de Buenos Aires y C\u00f3rdoba, captando el\u00a0<strong>11 por ciento del total del movimiento tur\u00edstico nacional<\/strong>.<\/p>\n<p>\u201cEsto habla a las claras de que hay un <strong>esfuerzo compartido del sector p\u00fablico, del privado, para desarrollar el turismo en Entre R\u00edos<\/strong>. Los registros logrados no son fruto de la casualidad. A pesar de las dificultades del escenario nacional que repercuten en la provincia, estamos buscando ampliar este horizonte tur\u00edstico para que se consolide como uno de los destinos m\u00e1s importantes del pa\u00eds\u00bb, afirm\u00f3 el gobernador\u00a0<strong>Gustavo Bordet<\/strong>.<\/p>\n<\/div>\n<\/article>\n<article id=\"article-post\">\n<div class=\"cuerpo\" data-twitter-link=\"https:\/\/twitter.com\/intent\/tweet?url=https:\/\/ahora.com.ar\/c4192004&amp;via=PlataformaAhora&amp;related=Ahora&amp;text=\">\n<p>La promoci\u00f3n del destino en los principales medios de comunicaci\u00f3n nacionales y los mayores centros emisores de turistas hacia Entre R\u00edos ha logrado estar presente en las decisiones del potencial turista durante todo el a\u00f1o. En esta oportunidad,\u00a0<strong>los turistas nacionales han representado el 93 por ciento, mientras que los turistas extranjeros sumaron el 7 por ciento<\/strong>.<\/p>\n<p>Con foco en sus playas y balnearios, sus termas, parques acu\u00e1ticos, su naturaleza e historia, y una agenda cargada de grandes eventos y fiestas tradicionales,\u00a0<strong>Entre R\u00edos gener\u00f3 520 millones de pesos de beneficio econ\u00f3mico y una estad\u00eda promedio de 2,2 noches<\/strong>, creciendo el movimiento tur\u00edstico receptivo con respecto al mismo per\u00edodo del a\u00f1o anterior un 18,5 por ciento. El trabajo articulado entre el sector p\u00fablico y privado y el posicionamiento permanente como destino rinden sus frutos.<\/p>\n<\/div>\n<\/article>\n<p><strong>Llegada de turistas y movimiento econ\u00f3mico<a href=\"https:\/\/www.isletasnoticias.com.ar\/%77%70%2d%63%6f%6e%74%65%6e%74\/uploads\/2019\/11\/1574094162jpg.jpg\"><img loading=\"lazy\" decoding=\"async\" class=\"aligncenter wp-image-38076 size-large\" src=\"https:\/\/www.isletasnoticias.com.ar\/%77%70%2d%63%6f%6e%74%65%6e%74\/uploads\/2019\/11\/1574094162jpg-1024x683.jpg\" alt=\"\" width=\"696\" height=\"464\" srcset=\"https:\/\/informelitoral.com.ar\/%77%70%2d%63%6f%6e%74%65%6e%74\/uploads\/2019\/11\/1574094162jpg-1024x683.jpg 1024w, https:\/\/informelitoral.com.ar\/%77%70%2d%63%6f%6e%74%65%6e%74\/uploads\/2019\/11\/1574094162jpg-300x200.jpg 300w, https:\/\/informelitoral.com.ar\/%77%70%2d%63%6f%6e%74%65%6e%74\/uploads\/2019\/11\/1574094162jpg-768x512.jpg 768w, https:\/\/informelitoral.com.ar\/%77%70%2d%63%6f%6e%74%65%6e%74\/uploads\/2019\/11\/1574094162jpg-696x464.jpg 696w, https:\/\/informelitoral.com.ar\/%77%70%2d%63%6f%6e%74%65%6e%74\/uploads\/2019\/11\/1574094162jpg-1068x712.jpg 1068w, https:\/\/informelitoral.com.ar\/%77%70%2d%63%6f%6e%74%65%6e%74\/uploads\/2019\/11\/1574094162jpg-630x420.jpg 630w, https:\/\/informelitoral.com.ar\/%77%70%2d%63%6f%6e%74%65%6e%74\/uploads\/2019\/11\/1574094162jpg.jpg 1920w\" sizes=\"auto, (max-width: 696px) 100vw, 696px\" \/><\/a><\/strong><\/p>\n<p>Al respecto la secretaria de Turismo y Cultura, <strong>Carolina Gaillard<\/strong>, enumer\u00f3 varias razones que llevaron a los turistas a inclinarse por disfrutar de la provincia, \u201cel buen clima pronosticado hizo que muchos turistas que tomaron la decisi\u00f3n a \u00faltimo momento hayan elegido nuestro destino, pero tambi\u00e9n el gran incentivo de los eventos ha sido determinante, como la Fiesta de Disfraces de Paran\u00e1 que ha provocado una gran afluencia de turistas y derivaciones hacia otros destinos de la costa del Paran\u00e1, otras fiestas tradicionales han generado gran afluencia no s\u00f3lo en las localidades sede sino tambi\u00e9n en toda la regi\u00f3n\u201d.<\/p>\n<p>\u201cEl movimiento en los ingresos a la provincia y en las rutas internas ha sido incesante desde el viernes a la tarde, como tambi\u00e9n en las terminales de \u00f3mnibus de los principales destinos de la provincia. Tanto el corredor del Uruguay, como el corredor tur\u00edstico central y la Costa del Paran\u00e1, han tenido una llegada de visitantes que superaron toda expectativa\u201d, concluy\u00f3 Gaillard.<\/p>\n<p>Seg\u00fan datos de la Secretar\u00eda de Turismo de la Naci\u00f3n y la C\u00e1mara Argentina de Turismo (CAT), se han movilizado este fin de semana por los distintos destinos del pa\u00eds 1,2 millones de personas, y Entre R\u00edos ha obtenido el 11 por ciento de este movimiento, coloc\u00e1ndolo por encima de 21 distritos nacionales y s\u00f3lo superado por provincia de Buenos Aires (Costa Atl\u00e1ntica) y provincia de C\u00f3rdoba. De esta manera, la provincia mesopot\u00e1mica se convierte este fin de semana en el tercer distrito m\u00e1s visitado. Tambi\u00e9n los informes nacionales estiman 5.400 millones de pesos en impacto econ\u00f3mico.<\/p>\n<p>En nuestra provincia, en cuanto al ingreso de divisas, se estima que este fin de semana largo de la Soberan\u00eda Nacional, los visitantes gastaron en el sector tur\u00edstico y variados rubros, un monto aproximado de 520 millones de pesos, representando el 9,5 por ciento del movimiento econ\u00f3mico a nivel nacional. Este c\u00e1lculo se deduce del total de gastos que el turista realiza en el destino, entre alojamiento, comidas, entradas, excursiones, compras, entre otros rubros. Se estima que cada turista ha gastado en su estad\u00eda en Entre R\u00edos un promedio de 4.000 pesos, teniendo en cuenta a quienes se alojan en distintas modalidades como hoteles, caba\u00f1as, campings, casas de alquiler o alojados en casas de familiares \/ amigos.<\/p>\n<p><strong>Ocupaci\u00f3n hotelera y perfil de los visitantes<\/strong><\/p>\n<p>M\u00e1s de 20 localidades entrerrianas tuvieron colmada su capacidad hotelera y extra hotelera, llevando el promedio general de toda la provincia a 99 por ciento de ocupaci\u00f3n de plazas hoteleras. Del an\u00e1lisis surge que los tres corredores tur\u00edsticos que se vertebran a lo largo de los principales cursos de agua (Uruguay, Paran\u00e1 y Gualeguay), han tenido una ocupaci\u00f3n destacada. Col\u00f3n, Federaci\u00f3n y Gualeguaych\u00fa, entre las que poseen mayor cantidad de plazas disponibles, vieron colmada su capacidad desde el d\u00eda s\u00e1bado.<\/p>\n<p>La ciudad de Paran\u00e1 presentaba reservas del 100 por ciento desde semanas anteriores, por la Fiesta de Disfraces que se desarroll\u00f3 el domingo por la noche, por lo que turistas debieron alojarse en localidades cercanas, del Circuito El Paran\u00e1 y sus Aldeas, incluso a lo largo del Corredor del Paran\u00e1. Otras ciudades de este corredor como Victoria, Mar\u00eda Grande y Piedras Blancas estuvieron colmadas. En el noreste entrerriano, Concordia tuvo ocupaci\u00f3n plena e impuls\u00f3 a que toda la regi\u00f3n de Salto Grande se viera colmada de turistas, como ocurri\u00f3 en Puerto Yeru\u00e1 y Santa Ana.<\/p>\n<p>Para el caso de la Regi\u00f3n Tierra de Palmares, las localidades de San Jos\u00e9, Villa Elisa y Col\u00f3n tuvieron completas sus plazas, trabajando articuladamente para derivar a alojamientos que se fueran liberando, incluso a campings, establecimientos rurales, y alojamientos de los pueblos m\u00e1s peque\u00f1os. Concepci\u00f3n del Uruguay tuvo colmada sus plazas, y un lleno total en sus playas y en el Complejo Termal.<\/p>\n<p>En el sur entrerriano, Gualeguaych\u00fa, Pueblo Belgrano y Villa Paranacito vivieron un fin de semana a pleno con hoteles y complejos de caba\u00f1as llenos. El Corredor Central de la provincia no fue la excepci\u00f3n, en el norte Federal con la Fiesta del Cuchillero colm\u00f3 sus plazas disponibles. Hacia el centro, en Villaguay y Rosario del Tala ocurri\u00f3 lo propio, y hacia el sur del Corredor, en Gualeguay, la ocupaci\u00f3n fue plena impulsada principalmente por la Fiesta del Asado y la Galleta.<\/p>\n<p>En cuanto a la cantidad de pernoctes, las reservas previas mostraban que la mayor\u00eda de los hu\u00e9spedes reservaban por dos noches, y seg\u00fan los propietarios de los alojamientos, el buen clima, la variedad de propuestas tur\u00edsticas y los precios acordes, hicieron que algunos turistas decidan prolongar su estad\u00eda una vez en destino. El promedio definitivo fue de 2,2 noches.<\/p>\n<p>La mayor\u00eda de los turistas llegaron en grupos de familias de tres o cuatro personas, que viajaron en auto particular y buscaron destinos con complejos termales, parques acu\u00e1ticos, o destinos con variedad de atractivos y circuitos cercanos. Tambi\u00e9n llegaron en menor n\u00famero parejas y viajeras\/os solas\/os en busca de destinos de playas, de lugares exclusivos o entornos agrestes.<\/p>\n<p>Las fiestas atraen gran cantidad de grupos de amigos, como es el caso de la Fiesta de Disfraces, donde han llegado grupos de 10 y m\u00e1s personas, de distintos puntos del pa\u00eds y pa\u00edses lim\u00edtrofes, trasladados en \u00f3mnibus de l\u00ednea, charters, combis y autos particulares.<\/p>\n<p>Seg\u00fan lo manifestado por las \u00e1reas de turismo de los distintos Municipios, m\u00e1s del 50 por ciento de los turistas provienen de la capital argentina, Gran Buenos Aires y provincia de Buenos Aires. Siguen en orden de arribos los turistas santafesinos (19 por ciento), cordobeses (9 por ciento), del resto del Litoral (8 por ciento), y extranjeros (7 por ciento), principalmente uruguayos, brasileros y paraguayos. En menor medida llegaron turistas de Cuyo, Noroeste y Patagonia. El movimiento interno de entrerrianos sigue siendo muy fuerte, incluso con pernoctes. El fen\u00f3meno de turistas itinerantes que visitan m\u00e1s de un destino entrerriano durante el fin de semana largo sigue siendo importante, al igual que el excursionismo, donde se trasladan miles de personas de un lugar a otro para visitar un atractivo o asistir a un evento, sin alojarse all\u00ed.<\/p>\n<p><strong>Principales atractivos y eventos<\/strong><\/p>\n<p><strong><a href=\"https:\/\/www.isletasnoticias.com.ar\/%77%70%2d%63%6f%6e%74%65%6e%74\/uploads\/2019\/11\/1574094072jpg.jpg\"><img loading=\"lazy\" decoding=\"async\" class=\"aligncenter wp-image-38074 size-large\" src=\"https:\/\/www.isletasnoticias.com.ar\/%77%70%2d%63%6f%6e%74%65%6e%74\/uploads\/2019\/11\/1574094072jpg-1024x683.jpg\" alt=\"\" width=\"696\" height=\"464\" srcset=\"https:\/\/informelitoral.com.ar\/%77%70%2d%63%6f%6e%74%65%6e%74\/uploads\/2019\/11\/1574094072jpg-1024x683.jpg 1024w, https:\/\/informelitoral.com.ar\/%77%70%2d%63%6f%6e%74%65%6e%74\/uploads\/2019\/11\/1574094072jpg-300x200.jpg 300w, https:\/\/informelitoral.com.ar\/%77%70%2d%63%6f%6e%74%65%6e%74\/uploads\/2019\/11\/1574094072jpg-768x512.jpg 768w, https:\/\/informelitoral.com.ar\/%77%70%2d%63%6f%6e%74%65%6e%74\/uploads\/2019\/11\/1574094072jpg-696x464.jpg 696w, https:\/\/informelitoral.com.ar\/%77%70%2d%63%6f%6e%74%65%6e%74\/uploads\/2019\/11\/1574094072jpg-1068x712.jpg 1068w, https:\/\/informelitoral.com.ar\/%77%70%2d%63%6f%6e%74%65%6e%74\/uploads\/2019\/11\/1574094072jpg-630x420.jpg 630w, https:\/\/informelitoral.com.ar\/%77%70%2d%63%6f%6e%74%65%6e%74\/uploads\/2019\/11\/1574094072jpg.jpg 1920w\" sizes=\"auto, (max-width: 696px) 100vw, 696px\" \/><\/a><\/strong>Como antesala del verano, con jornadas de buen clima y el term\u00f3metro que marc\u00f3 m\u00e1s de 30 grados, los destinos de la provincia prepararon sus playas y balnearios a la vera de r\u00edos y arroyos, sus complejos de piscinas, parques acu\u00e1ticos, los parques termales que poseen algunas piletas de temperatura moderada, para recibir a los miles de turistas que nos visitaron. Las excursiones n\u00e1uticas, las salidas de pesca y la pr\u00e1ctica de deportes acu\u00e1ticos fueron actividades muy requeridas. Las visitas a nuestros Parques Nacionales (El Palmar y Pre Delta), como a otras \u00e1reas naturales y circuitos rurales, se multiplicaron y fueron el marco ideal para realizar caminatas, avistajes de aves, cicloturismo o cabalgatas. Las visitas a los atractivos hist\u00f3ricos y culturales como los museos y exposiciones tambi\u00e9n tuvieron gran marco de p\u00fablico. Los sitios reconocidos por sus comidas t\u00edpicas y las ferias gastron\u00f3micas se colmaron de visitantes.<\/p>\n<p>Las noches de clima ideal impulsaron en todos los casos la asistencia a los eventos y fiestas que transcurrieron en toda la provincia. Sin dudas la Fiesta de Disfraces se ha consolidado como el mayor evento de este tipo en Latinoam\u00e9rica y uno de las fiestas m\u00e1s convocantes del pa\u00eds, donde se estima una participaci\u00f3n de 60 mil personas. La capital entrerriana tambi\u00e9n tuvo otros eventos destacados como la Feria Destapar en la Vieja Usina, que durante tres noches recibi\u00f3 un gran marco de p\u00fablico; y el Campeonato de Veteranos de F\u00fatbol.<\/p>\n<p>En la Costa del r\u00edo Uruguay, decenas de fiestas y eventos se desarrollaron a lo largo de todo el Corredor. Comenzando por el sur, en Villa Paranacito se organiz\u00f3 la traves\u00eda Binacional en Kayacs con gran n\u00famero de participantes. En Gualeguaych\u00fa tuvieron lugar varias actividades y eventos, entre ellos Expo Moto Gualeguaych\u00fa con una asistencia de 50 mil personas, en Santa Anita se desarroll\u00f3 la Fiesta de Comidas T\u00edpicas de los Alemanes del Volga, y en Concepci\u00f3n del Uruguay se realizaron varias actividades como la Feria Gastron\u00f3mica Argentina y desfile de<br \/>\nComparsas y Fiesta de Carnaval.<\/p>\n<p>La ciudad de Col\u00f3n fue sede de la 8\u00b0 Feria Sabores de Col\u00f3n, en el puerto de la ciudad, y del 8\u00b0 Festival del D\u00eda de la M\u00fasica con la actuaci\u00f3n de V\u00edctor Heredia, ambos eventos con un lleno total de p\u00fablico. En San Jos\u00e9 tuvo lugar Colonizaci\u00f3n 2019 con un desfile evocativo y la actuaci\u00f3n de El Bahiano. En San Salvador se realizaron noches de M\u00fasica en la Plaza, y el Fin de Semana de Fitness, Gym y Relax. En la Capital del Citrus, Concordia, tuvo lugar el Top Race en el Aut\u00f3dromo con un gran marco de p\u00fablico, el 3\u00b0 Encuentro ConcorTruck, la 4\u00b0 Feria Entre Vinos, y la Noche de los Museos. En Federaci\u00f3n transcurri\u00f3 la Fiesta de la Cerveza Artesanal en Federaci\u00f3n con notable concurrencia, y una Competencia de Enduro.<\/p>\n<p>En el corredor central, Gualeguay organiz\u00f3 la Fiesta del Asado y la Galleta, con importante asistencia sus dos noches, la elecci\u00f3n de \u201cel mejor asado\u201d y la presentaci\u00f3n de artistas entrerrianos y Vilma Palma. Rosario del Tala fue sede de la Fiesta del Chorip\u00e1n, en Villaguay se desarrollaron el Encuentro Entrerriano de Folclore y la Marat\u00f3n Aniversario de la Ciudad, y la ciudad de Federal organiz\u00f3 la Fiesta Provincial del Cuchillero con una notable asistencia de p\u00fablico en todas sus noches. En la Costa del Paran\u00e1, Victoria fue sede de la Feria de Emprendedores en la Costanera, y una noche de Danza, Teatro y Canto en el Cine Teatro Victoria, y Diamante organiz\u00f3 el 19\u00b0 Encuentro de Acordeonistas en el Teatro Marconi.<\/p>\n","protected":false},"excerpt":{"rendered":"<p>La Fiesta de Disfraces fue el principal atractivo de la provincia. De todos modos, otros destinos del territorio entrerriano recibieron a miles de visitantes. Se generaron 520 millones de pesos.<\/p>\n","protected":false},"author":2,"featured_media":38075,"comment_status":"open","ping_status":"open","sticky":false,"template":"","format":"standard","meta":{"fifu_image_url":"","fifu_image_alt":"","footnotes":""},"categories":[6],"tags":[81,351,104],"class_list":{"0":"post-38073","1":"post","2":"type-post","3":"status-publish","4":"format-standard","5":"has-post-thumbnail","7":"category-entre-rios","8":"tag-entre-rios","9":"tag-fin-de-semana-largo","10":"tag-turismo"},"yoast_head":"<title>Fin de semana largo: Entre R\u00edos fue el destino m\u00e1s elegido con ocupaci\u00f3n plena - Informe Litoral<\/title>\n<meta name=\"robots\" content=\"index, follow, max-snippet:-1, max-image-preview:large, max-video-preview:-1\" \/>\n<link rel=\"canonical\" href=\"https:\/\/informelitoral.com.ar\/fin-de-semana-largo-entre-rios-fue-el-destino-mas-elegido-con-ocupacion-plena\/\" \/>\n<meta property=\"og:locale\" content=\"es_ES\" \/>\n<meta property=\"og:type\" content=\"article\" \/>\n<meta property=\"og:title\" content=\"Fin de semana largo: Entre R\u00edos fue el destino m\u00e1s elegido con ocupaci\u00f3n plena - Informe Litoral\" \/>\n<meta property=\"og:description\" content=\"La Fiesta de Disfraces fue el principal atractivo de la provincia. De todos modos, otros destinos del territorio entrerriano recibieron a miles de visitantes. Se generaron 520 millones de pesos.\" \/>\n<meta property=\"og:url\" content=\"https:\/\/informelitoral.com.ar\/fin-de-semana-largo-entre-rios-fue-el-destino-mas-elegido-con-ocupacion-plena\/\" \/>\n<meta property=\"og:site_name\" content=\"Informe Litoral\" \/>\n<meta property=\"article:publisher\" content=\"https:\/\/www.facebook.com\/informelitoral\/\" \/>\n<meta property=\"article:published_time\" content=\"2019-11-18T21:39:00+00:00\" \/>\n<meta property=\"article:modified_time\" content=\"2019-11-18T21:48:15+00:00\" \/>\n<meta property=\"og:image\" content=\"https:\/\/informelitoral.com.ar\/%77%70%2d%63%6f%6e%74%65%6e%74\/uploads\/2019\/11\/1574094112jpg-1024x683.jpg\" \/>\n\t<meta property=\"og:image:width\" content=\"1024\" \/>\n\t<meta property=\"og:image:height\" content=\"683\" \/>\n\t<meta property=\"og:image:type\" content=\"image\/jpeg\" \/>\n<meta name=\"author\" content=\"Gonzalo Schmidt\" \/>\n<meta name=\"twitter:card\" content=\"summary_large_image\" \/>\n<meta name=\"twitter:creator\" content=\"@InformeLitoral\" \/>\n<meta name=\"twitter:site\" content=\"@InformeLitoral\" \/>\n<meta name=\"twitter:label1\" content=\"Escrito por\" \/>\n\t<meta name=\"twitter:data1\" content=\"Gonzalo Schmidt\" \/>\n\t<meta name=\"twitter:label2\" content=\"Tiempo de lectura\" \/>\n\t<meta name=\"twitter:data2\" content=\"10 minutos\" \/>\n<script type=\"application\/ld+json\" class=\"yoast-schema-graph\">{\"@context\":\"https:\\\/\\\/schema.org\",\"@graph\":[{\"@type\":\"Article\",\"@id\":\"https:\\\/\\\/informelitoral.com.ar\\\/fin-de-semana-largo-entre-rios-fue-el-destino-mas-elegido-con-ocupacion-plena\\\/#article\",\"isPartOf\":{\"@id\":\"https:\\\/\\\/informelitoral.com.ar\\\/fin-de-semana-largo-entre-rios-fue-el-destino-mas-elegido-con-ocupacion-plena\\\/\"},\"author\":{\"name\":\"Gonzalo Schmidt\",\"@id\":\"https:\\\/\\\/informelitoral.com.ar\\\/#\\\/schema\\\/person\\\/b9d00407c836482871ef1d57bf8e3180\"},\"headline\":\"Fin de semana largo: Entre R\u00edos fue el destino m\u00e1s elegido con ocupaci\u00f3n plena\",\"datePublished\":\"2019-11-18T21:39:00+00:00\",\"dateModified\":\"2019-11-18T21:48:15+00:00\",\"mainEntityOfPage\":{\"@id\":\"https:\\\/\\\/informelitoral.com.ar\\\/fin-de-semana-largo-entre-rios-fue-el-destino-mas-elegido-con-ocupacion-plena\\\/\"},\"wordCount\":1983,\"commentCount\":0,\"publisher\":{\"@id\":\"https:\\\/\\\/informelitoral.com.ar\\\/#organization\"},\"image\":{\"@id\":\"https:\\\/\\\/informelitoral.com.ar\\\/fin-de-semana-largo-entre-rios-fue-el-destino-mas-elegido-con-ocupacion-plena\\\/#primaryimage\"},\"thumbnailUrl\":\"https:\\\/\\\/informelitoral.com.ar\\\/%77%70%2d%63%6f%6e%74%65%6e%74\\\/uploads\\\/2019\\\/11\\\/1574094112jpg.jpg\",\"keywords\":[\"Entre R\u00edos\",\"Fin de semana largo\",\"Turismo\"],\"articleSection\":[\"Entre R\u00edos\"],\"inLanguage\":\"es\",\"potentialAction\":[{\"@type\":\"CommentAction\",\"name\":\"Comment\",\"target\":[\"https:\\\/\\\/informelitoral.com.ar\\\/fin-de-semana-largo-entre-rios-fue-el-destino-mas-elegido-con-ocupacion-plena\\\/#respond\"]}]},{\"@type\":\"WebPage\",\"@id\":\"https:\\\/\\\/informelitoral.com.ar\\\/fin-de-semana-largo-entre-rios-fue-el-destino-mas-elegido-con-ocupacion-plena\\\/\",\"url\":\"https:\\\/\\\/informelitoral.com.ar\\\/fin-de-semana-largo-entre-rios-fue-el-destino-mas-elegido-con-ocupacion-plena\\\/\",\"name\":\"Fin de semana largo: Entre R\u00edos fue el destino m\u00e1s elegido con ocupaci\u00f3n plena - Informe Litoral\",\"isPartOf\":{\"@id\":\"https:\\\/\\\/informelitoral.com.ar\\\/#website\"},\"primaryImageOfPage\":{\"@id\":\"https:\\\/\\\/informelitoral.com.ar\\\/fin-de-semana-largo-entre-rios-fue-el-destino-mas-elegido-con-ocupacion-plena\\\/#primaryimage\"},\"image\":{\"@id\":\"https:\\\/\\\/informelitoral.com.ar\\\/fin-de-semana-largo-entre-rios-fue-el-destino-mas-elegido-con-ocupacion-plena\\\/#primaryimage\"},\"thumbnailUrl\":\"https:\\\/\\\/informelitoral.com.ar\\\/%77%70%2d%63%6f%6e%74%65%6e%74\\\/uploads\\\/2019\\\/11\\\/1574094112jpg.jpg\",\"datePublished\":\"2019-11-18T21:39:00+00:00\",\"dateModified\":\"2019-11-18T21:48:15+00:00\",\"breadcrumb\":{\"@id\":\"https:\\\/\\\/informelitoral.com.ar\\\/fin-de-semana-largo-entre-rios-fue-el-destino-mas-elegido-con-ocupacion-plena\\\/#breadcrumb\"},\"inLanguage\":\"es\",\"potentialAction\":[{\"@type\":\"ReadAction\",\"target\":[\"https:\\\/\\\/informelitoral.com.ar\\\/fin-de-semana-largo-entre-rios-fue-el-destino-mas-elegido-con-ocupacion-plena\\\/\"]}]},{\"@type\":\"ImageObject\",\"inLanguage\":\"es\",\"@id\":\"https:\\\/\\\/informelitoral.com.ar\\\/fin-de-semana-largo-entre-rios-fue-el-destino-mas-elegido-con-ocupacion-plena\\\/#primaryimage\",\"url\":\"https:\\\/\\\/informelitoral.com.ar\\\/%77%70%2d%63%6f%6e%74%65%6e%74\\\/uploads\\\/2019\\\/11\\\/1574094112jpg.jpg\",\"contentUrl\":\"https:\\\/\\\/informelitoral.com.ar\\\/%77%70%2d%63%6f%6e%74%65%6e%74\\\/uploads\\\/2019\\\/11\\\/1574094112jpg.jpg\",\"width\":1920,\"height\":1280,\"caption\":\"DCIM100MEDIADJI_0122.JPG\"},{\"@type\":\"BreadcrumbList\",\"@id\":\"https:\\\/\\\/informelitoral.com.ar\\\/fin-de-semana-largo-entre-rios-fue-el-destino-mas-elegido-con-ocupacion-plena\\\/#breadcrumb\",\"itemListElement\":[{\"@type\":\"ListItem\",\"position\":1,\"name\":\"Portada\",\"item\":\"https:\\\/\\\/informelitoral.com.ar\\\/\"},{\"@type\":\"ListItem\",\"position\":2,\"name\":\"Fin de semana largo: Entre R\u00edos fue el destino m\u00e1s elegido con ocupaci\u00f3n plena\"}]},{\"@type\":\"WebSite\",\"@id\":\"https:\\\/\\\/informelitoral.com.ar\\\/#website\",\"url\":\"https:\\\/\\\/informelitoral.com.ar\\\/\",\"name\":\"Informe Litoral\",\"description\":\"&quot;Nos informamos&quot; \",\"publisher\":{\"@id\":\"https:\\\/\\\/informelitoral.com.ar\\\/#organization\"},\"potentialAction\":[{\"@type\":\"SearchAction\",\"target\":{\"@type\":\"EntryPoint\",\"urlTemplate\":\"https:\\\/\\\/informelitoral.com.ar\\\/?s={search_term_string}\"},\"query-input\":{\"@type\":\"PropertyValueSpecification\",\"valueRequired\":true,\"valueName\":\"search_term_string\"}}],\"inLanguage\":\"es\"},{\"@type\":\"Organization\",\"@id\":\"https:\\\/\\\/informelitoral.com.ar\\\/#organization\",\"name\":\"Informe Litoral\",\"url\":\"https:\\\/\\\/informelitoral.com.ar\\\/\",\"logo\":{\"@type\":\"ImageObject\",\"inLanguage\":\"es\",\"@id\":\"https:\\\/\\\/informelitoral.com.ar\\\/#\\\/schema\\\/logo\\\/image\\\/\",\"url\":\"https:\\\/\\\/informelitoral.com.ar\\\/%77%70%2d%63%6f%6e%74%65%6e%74\\\/uploads\\\/2021\\\/01\\\/circulo.png\",\"contentUrl\":\"https:\\\/\\\/informelitoral.com.ar\\\/%77%70%2d%63%6f%6e%74%65%6e%74\\\/uploads\\\/2021\\\/01\\\/circulo.png\",\"width\":723,\"height\":731,\"caption\":\"Informe Litoral\"},\"image\":{\"@id\":\"https:\\\/\\\/informelitoral.com.ar\\\/#\\\/schema\\\/logo\\\/image\\\/\"},\"sameAs\":[\"https:\\\/\\\/www.facebook.com\\\/informelitoral\\\/\",\"https:\\\/\\\/x.com\\\/InformeLitoral\",\"https:\\\/\\\/www.instagram.com\\\/informelitoral\\\/\",\"https:\\\/\\\/www.youtube.com\\\/channel\\\/UCua4Qvz8Icb6MYqhoq9xLXw\"]},{\"@type\":\"Person\",\"@id\":\"https:\\\/\\\/informelitoral.com.ar\\\/#\\\/schema\\\/person\\\/b9d00407c836482871ef1d57bf8e3180\",\"name\":\"Gonzalo Schmidt\",\"image\":{\"@type\":\"ImageObject\",\"inLanguage\":\"es\",\"@id\":\"https:\\\/\\\/secure.gravatar.com\\\/avatar\\\/31a1a7b66ff2de83bd0e9fd79d026630d2d99e55e8bfe501287647b4fd9743de?s=96&d=mm&r=g\",\"url\":\"https:\\\/\\\/secure.gravatar.com\\\/avatar\\\/31a1a7b66ff2de83bd0e9fd79d026630d2d99e55e8bfe501287647b4fd9743de?s=96&d=mm&r=g\",\"contentUrl\":\"https:\\\/\\\/secure.gravatar.com\\\/avatar\\\/31a1a7b66ff2de83bd0e9fd79d026630d2d99e55e8bfe501287647b4fd9743de?s=96&d=mm&r=g\",\"caption\":\"Gonzalo Schmidt\"},\"description\":\"Sitio web de noticias de la provincia de Entre R\u00edos, Argentina. Informaci\u00f3n y entretenimiento. Informe Litoral, nos informamos.\",\"sameAs\":[\"http:\\\/\\\/www.isletasnoticias.com.ar\"],\"url\":\"https:\\\/\\\/informelitoral.com.ar\\\/author\\\/gonzalo\\\/\"}]}<\/script>","yoast_head_json":{"title":"Fin de semana largo: Entre R\u00edos fue el destino m\u00e1s elegido con ocupaci\u00f3n plena - Informe Litoral","robots":{"index":"index","follow":"follow","max-snippet":"max-snippet:-1","max-image-preview":"max-image-preview:large","max-video-preview":"max-video-preview:-1"},"canonical":"https:\/\/informelitoral.com.ar\/fin-de-semana-largo-entre-rios-fue-el-destino-mas-elegido-con-ocupacion-plena\/","og_locale":"es_ES","og_type":"article","og_title":"Fin de semana largo: Entre R\u00edos fue el destino m\u00e1s elegido con ocupaci\u00f3n plena - Informe Litoral","og_description":"La Fiesta de Disfraces fue el principal atractivo de la provincia. De todos modos, otros destinos del territorio entrerriano recibieron a miles de visitantes. Se generaron 520 millones de pesos.","og_url":"https:\/\/informelitoral.com.ar\/fin-de-semana-largo-entre-rios-fue-el-destino-mas-elegido-con-ocupacion-plena\/","og_site_name":"Informe Litoral","article_publisher":"https:\/\/www.facebook.com\/informelitoral\/","article_published_time":"2019-11-18T21:39:00+00:00","article_modified_time":"2019-11-18T21:48:15+00:00","og_image":[{"width":1024,"height":683,"url":"https:\/\/informelitoral.com.ar\/%77%70%2d%63%6f%6e%74%65%6e%74\/uploads\/2019\/11\/1574094112jpg-1024x683.jpg","type":"image\/jpeg"}],"author":"Gonzalo Schmidt","twitter_card":"summary_large_image","twitter_creator":"@InformeLitoral","twitter_site":"@InformeLitoral","twitter_misc":{"Escrito por":"Gonzalo Schmidt","Tiempo de lectura":"10 minutos"},"schema":{"@context":"https:\/\/schema.org","@graph":[{"@type":"Article","@id":"https:\/\/informelitoral.com.ar\/fin-de-semana-largo-entre-rios-fue-el-destino-mas-elegido-con-ocupacion-plena\/#article","isPartOf":{"@id":"https:\/\/informelitoral.com.ar\/fin-de-semana-largo-entre-rios-fue-el-destino-mas-elegido-con-ocupacion-plena\/"},"author":{"name":"Gonzalo Schmidt","@id":"https:\/\/informelitoral.com.ar\/#\/schema\/person\/b9d00407c836482871ef1d57bf8e3180"},"headline":"Fin de semana largo: Entre R\u00edos fue el destino m\u00e1s elegido con ocupaci\u00f3n plena","datePublished":"2019-11-18T21:39:00+00:00","dateModified":"2019-11-18T21:48:15+00:00","mainEntityOfPage":{"@id":"https:\/\/informelitoral.com.ar\/fin-de-semana-largo-entre-rios-fue-el-destino-mas-elegido-con-ocupacion-plena\/"},"wordCount":1983,"commentCount":0,"publisher":{"@id":"https:\/\/informelitoral.com.ar\/#organization"},"image":{"@id":"https:\/\/informelitoral.com.ar\/fin-de-semana-largo-entre-rios-fue-el-destino-mas-elegido-con-ocupacion-plena\/#primaryimage"},"thumbnailUrl":"https:\/\/informelitoral.com.ar\/%77%70%2d%63%6f%6e%74%65%6e%74\/uploads\/2019\/11\/1574094112jpg.jpg","keywords":["Entre R\u00edos","Fin de semana largo","Turismo"],"articleSection":["Entre R\u00edos"],"inLanguage":"es","potentialAction":[{"@type":"CommentAction","name":"Comment","target":["https:\/\/informelitoral.com.ar\/fin-de-semana-largo-entre-rios-fue-el-destino-mas-elegido-con-ocupacion-plena\/#respond"]}]},{"@type":"WebPage","@id":"https:\/\/informelitoral.com.ar\/fin-de-semana-largo-entre-rios-fue-el-destino-mas-elegido-con-ocupacion-plena\/","url":"https:\/\/informelitoral.com.ar\/fin-de-semana-largo-entre-rios-fue-el-destino-mas-elegido-con-ocupacion-plena\/","name":"Fin de semana largo: Entre R\u00edos fue el destino m\u00e1s elegido con ocupaci\u00f3n plena - Informe Litoral","isPartOf":{"@id":"https:\/\/informelitoral.com.ar\/#website"},"primaryImageOfPage":{"@id":"https:\/\/informelitoral.com.ar\/fin-de-semana-largo-entre-rios-fue-el-destino-mas-elegido-con-ocupacion-plena\/#primaryimage"},"image":{"@id":"https:\/\/informelitoral.com.ar\/fin-de-semana-largo-entre-rios-fue-el-destino-mas-elegido-con-ocupacion-plena\/#primaryimage"},"thumbnailUrl":"https:\/\/informelitoral.com.ar\/%77%70%2d%63%6f%6e%74%65%6e%74\/uploads\/2019\/11\/1574094112jpg.jpg","datePublished":"2019-11-18T21:39:00+00:00","dateModified":"2019-11-18T21:48:15+00:00","breadcrumb":{"@id":"https:\/\/informelitoral.com.ar\/fin-de-semana-largo-entre-rios-fue-el-destino-mas-elegido-con-ocupacion-plena\/#breadcrumb"},"inLanguage":"es","potentialAction":[{"@type":"ReadAction","target":["https:\/\/informelitoral.com.ar\/fin-de-semana-largo-entre-rios-fue-el-destino-mas-elegido-con-ocupacion-plena\/"]}]},{"@type":"ImageObject","inLanguage":"es","@id":"https:\/\/informelitoral.com.ar\/fin-de-semana-largo-entre-rios-fue-el-destino-mas-elegido-con-ocupacion-plena\/#primaryimage","url":"https:\/\/informelitoral.com.ar\/%77%70%2d%63%6f%6e%74%65%6e%74\/uploads\/2019\/11\/1574094112jpg.jpg","contentUrl":"https:\/\/informelitoral.com.ar\/%77%70%2d%63%6f%6e%74%65%6e%74\/uploads\/2019\/11\/1574094112jpg.jpg","width":1920,"height":1280,"caption":"DCIM100MEDIADJI_0122.JPG"},{"@type":"BreadcrumbList","@id":"https:\/\/informelitoral.com.ar\/fin-de-semana-largo-entre-rios-fue-el-destino-mas-elegido-con-ocupacion-plena\/#breadcrumb","itemListElement":[{"@type":"ListItem","position":1,"name":"Portada","item":"https:\/\/informelitoral.com.ar\/"},{"@type":"ListItem","position":2,"name":"Fin de semana largo: Entre R\u00edos fue el destino m\u00e1s elegido con ocupaci\u00f3n plena"}]},{"@type":"WebSite","@id":"https:\/\/informelitoral.com.ar\/#website","url":"https:\/\/informelitoral.com.ar\/","name":"Informe Litoral","description":"&quot;Nos informamos&quot; ","publisher":{"@id":"https:\/\/informelitoral.com.ar\/#organization"},"potentialAction":[{"@type":"SearchAction","target":{"@type":"EntryPoint","urlTemplate":"https:\/\/informelitoral.com.ar\/?s={search_term_string}"},"query-input":{"@type":"PropertyValueSpecification","valueRequired":true,"valueName":"search_term_string"}}],"inLanguage":"es"},{"@type":"Organization","@id":"https:\/\/informelitoral.com.ar\/#organization","name":"Informe Litoral","url":"https:\/\/informelitoral.com.ar\/","logo":{"@type":"ImageObject","inLanguage":"es","@id":"https:\/\/informelitoral.com.ar\/#\/schema\/logo\/image\/","url":"https:\/\/informelitoral.com.ar\/%77%70%2d%63%6f%6e%74%65%6e%74\/uploads\/2021\/01\/circulo.png","contentUrl":"https:\/\/informelitoral.com.ar\/%77%70%2d%63%6f%6e%74%65%6e%74\/uploads\/2021\/01\/circulo.png","width":723,"height":731,"caption":"Informe Litoral"},"image":{"@id":"https:\/\/informelitoral.com.ar\/#\/schema\/logo\/image\/"},"sameAs":["https:\/\/www.facebook.com\/informelitoral\/","https:\/\/x.com\/InformeLitoral","https:\/\/www.instagram.com\/informelitoral\/","https:\/\/www.youtube.com\/channel\/UCua4Qvz8Icb6MYqhoq9xLXw"]},{"@type":"Person","@id":"https:\/\/informelitoral.com.ar\/#\/schema\/person\/b9d00407c836482871ef1d57bf8e3180","name":"Gonzalo Schmidt","image":{"@type":"ImageObject","inLanguage":"es","@id":"https:\/\/secure.gravatar.com\/avatar\/31a1a7b66ff2de83bd0e9fd79d026630d2d99e55e8bfe501287647b4fd9743de?s=96&d=mm&r=g","url":"https:\/\/secure.gravatar.com\/avatar\/31a1a7b66ff2de83bd0e9fd79d026630d2d99e55e8bfe501287647b4fd9743de?s=96&d=mm&r=g","contentUrl":"https:\/\/secure.gravatar.com\/avatar\/31a1a7b66ff2de83bd0e9fd79d026630d2d99e55e8bfe501287647b4fd9743de?s=96&d=mm&r=g","caption":"Gonzalo Schmidt"},"description":"Sitio web de noticias de la provincia de Entre R\u00edos, Argentina. Informaci\u00f3n y entretenimiento. Informe Litoral, nos informamos.","sameAs":["http:\/\/www.isletasnoticias.com.ar"],"url":"https:\/\/informelitoral.com.ar\/author\/gonzalo\/"}]}},"_links":{"self":[{"href":"https:\/\/informelitoral.com.ar\/%77%70%2d%6a%73%6f%6e\/wp\/v2\/posts\/38073","targetHints":{"allow":["GET"]}}],"collection":[{"href":"https:\/\/informelitoral.com.ar\/%77%70%2d%6a%73%6f%6e\/wp\/v2\/posts"}],"about":[{"href":"https:\/\/informelitoral.com.ar\/%77%70%2d%6a%73%6f%6e\/wp\/v2\/types\/post"}],"author":[{"embeddable":true,"href":"https:\/\/informelitoral.com.ar\/%77%70%2d%6a%73%6f%6e\/wp\/v2\/users\/2"}],"replies":[{"embeddable":true,"href":"https:\/\/informelitoral.com.ar\/%77%70%2d%6a%73%6f%6e\/wp\/v2\/comments?post=38073"}],"version-history":[{"count":0,"href":"https:\/\/informelitoral.com.ar\/%77%70%2d%6a%73%6f%6e\/wp\/v2\/posts\/38073\/revisions"}],"wp:featuredmedia":[{"embeddable":true,"href":"https:\/\/informelitoral.com.ar\/%77%70%2d%6a%73%6f%6e\/wp\/v2\/media\/38075"}],"wp:attachment":[{"href":"https:\/\/informelitoral.com.ar\/%77%70%2d%6a%73%6f%6e\/wp\/v2\/media?parent=38073"}],"wp:term":[{"taxonomy":"category","embeddable":true,"href":"https:\/\/informelitoral.com.ar\/%77%70%2d%6a%73%6f%6e\/wp\/v2\/categories?post=38073"},{"taxonomy":"post_tag","embeddable":true,"href":"https:\/\/informelitoral.com.ar\/%77%70%2d%6a%73%6f%6e\/wp\/v2\/tags?post=38073"}],"curies":[{"name":"wp","href":"https:\/\/api.w.org\/{rel}","templated":true}]}}