{"id":38008,"date":"2019-11-14T06:19:24","date_gmt":"2019-11-14T09:19:24","guid":{"rendered":"https:\/\/www.isletasnoticias.com.ar\/?p=38008"},"modified":"2019-11-14T08:28:05","modified_gmt":"2019-11-14T11:28:05","slug":"opinion-bolivia-sangra","status":"publish","type":"post","link":"https:\/\/informelitoral.com.ar\/opinion-bolivia-sangra\/","title":{"rendered":"Opini\u00f3n: Bolivia sangra"},"content":{"rendered":"<ul>\n<li>Por<em><strong> Silvana Melo <\/strong>y<strong> Claudia Rafael<\/strong> (*)<\/em><\/li>\n<\/ul>\n<p>No se perdona la irreverencia. No se perdona a un pueblo cuando se pone en pie. Los enemigos acechan con sus garras cuando se rompe con los patrones del Norte que manejan hilos desde oscuras oficinas dentro de la misma casa del gobierno. Esperan el momento exacto. Fogonean a los patrones locales, blancos y millonarios, para que est\u00e9n listos para asestar el gran golpe. Y as\u00ed lo hicieron. En la figura de Luis Fernando \u201cel macho\u201d Camacho, que lleg\u00f3 al Palacio Quemado con una Biblia en una mano, la bandera boliviana y la carta de renuncia para que Evo Morales la firmara. Ya no el Whipala, que los hombres de Camacho retiraron de los edificios oficiales para quemarlos en las calles.<\/p>\n<p><strong>Si lo hubieran dejado,<\/strong>\u00a0en 2025 no quedar\u00eda un solo bolivianito desnutrido. Lo anunciaba la OMS. En 1990 42 de cada 100 ni\u00f1os menores de cinco a\u00f1os ten\u00eda desnutrici\u00f3n cr\u00f3nica. En 2008 eran 27. En 2012, 18. En 2015, 13. Mientras la OMS lo felicitaba, Evo volv\u00eda sobre su propia infancia en Orinoca donde no hab\u00eda estado ni hospitales ni m\u00e9dicos. \u00abDe los siete hermanos que ten\u00eda, sobrevivimos apenas tres. Nuestros medicamentos eran la huira huira y el or\u00edn para la tos\u00bb.<\/p>\n<p><strong>Si lo hubieran dejado<\/strong>\u00a0Bolivia habr\u00eda seguido liderando el crecimiento econ\u00f3mico en el continente. Y hubiese mantenido una inflaci\u00f3n anual similar a la de Argentina en apenas una semana.<\/p>\n<p><strong>En 1995, el Banco Mundial<\/strong>\u00a0ubic\u00f3 a Bolivia como el pen\u00faltimo pa\u00eds del continente en calidad de vida. La esperanza de vida era de 59 a\u00f1os y hoy llega a 72. El analfabetismo llegaba al 23 % y hoy es del 2,7 % gracias al programa cubano \u201cYo si puedo\u201d. M\u00e1s de un mill\u00f3n de personas aprendieron a leer y a escribir durante el gobierno de Evo.<\/p>\n<p><strong><img loading=\"lazy\" decoding=\"async\" class=\"aligncenter\" src=\"http:\/\/www.pelotadetrapo.org.ar\/images\/metro\/evos3.jpg\" alt=\"\" width=\"500\" height=\"279\" \/>El golpe de estado a Bolivia<\/strong>\u00a0encuentra al pa\u00eds con una desocupaci\u00f3n de poco m\u00e1s del 4 %. Argentina, por caso, llega hoy al 10,6 %.<\/p>\n<p><strong>No s\u00f3lo se les plant\u00f3 a los usureros<\/strong>\u00a0y a los patrones del mundo. Tambi\u00e9n a los due\u00f1os de una moral desconocedora de la realidad profunda de los pueblos. Un d\u00eda se le sentaron en el despacho los ni\u00f1os y las ni\u00f1as que trabajan en Bolivia. Son los NATs. Se estaba discutiendo la prohibici\u00f3n del trabajo infantil. Que ven\u00eda impuesto desde los organismos internacionales, los mismos que vienen en banda: ONU, FMI, Banco Mundial, OIT y amigos. Los ni\u00f1os le dijeron que si ellos no trabajaban sus familias terminar\u00edan de naufragar. El debate fue duro. Y Evo entendi\u00f3 que el trabajo infantil \u201cdeb\u00eda protegerse y no prohibirse\u201d. Que se corr\u00eda el riesgo de crearse un oficio clandestino, de explotaci\u00f3n y esclavitud de la ni\u00f1ez. Y desliz\u00f3 que eliminarlo es tambi\u00e9n \u201cquitar a los ni\u00f1os, ni\u00f1as y adolescentes la conciencia social\u201d.<\/p>\n<p><strong>Como escribi\u00f3<\/strong>\u00a0Carlos del Frade \u201capenas asumi\u00f3 Evo Morales en la Puerta del Sol, al borde del Titicaca, ech\u00f3 y cerr\u00f3 las oficinas del FMI y la DEA que funcionaban en la casa de gobierno. Despu\u00e9s invirti\u00f3 las ganancias de las multinacionales: del 80 % al 20 %. Bolivia dejaba de ser el Potos\u00ed eterno a favor del imperio. Evo fue el regreso de T\u00fapac Amaru y no se lo van a perdonar\u201d.<\/p>\n<p><strong>As\u00ed como sacaron la wiphala<\/strong>\u00a0y pusieron la biblia, as\u00ed como un tipo que apodan el Macho dijo que la Pacha Mama no volver\u00e1 m\u00e1s porque ahora el que manda en el Palacio Quemado es Cristo, as\u00ed echar\u00e1n a las cholas y a los cholitos, a los indios como Evo, a los aymaras, a los oscuros, a los rostros de ojos como l\u00edneas de surcos, a las mujeres, a todas las mujeres, a los ni\u00f1os, a todos los ni\u00f1os, a los indios, a todos los indios. A todos \u2013los 36 pueblos originarios que constituyeron el estado plurinacional- los que fueron puestos, incluidos, integrados, ascendidos.<\/p>\n<p><strong>Como \u00e9l mismo,<\/strong>\u00a0hijo de campesinos aymaras pobres, pastorcito de llamas, vendedor de helados, ladrillero, trompetista, el ni\u00f1o descalzo que corr\u00eda detr\u00e1s de las c\u00e1scaras que tiraban los turistas para despellejar lo que quedaba de las frutas. Evo, el que a los 13 so\u00f1aba con debutar en la primera del f\u00fatbol boliviano, el cocalero de Chapare, el que naci\u00f3 al sindicato cuando militares borrachos quemaron a un campesino y supo que con esa injusticia habr\u00eda que lidiar toda la vida. La misma, circular, que hoy lo destierra. Y le pone la biblia en los ojos para que renuncie.<\/p>\n<p><strong>Como Pizarro a Atahualpa.<\/strong>\u00a0El libro con la palabra de su dios para que la escuche. El libro para la traici\u00f3n. El libro para que escuche lo que no dice. Para finalmente asestarle la muerte, aquella que le hab\u00eda prometido que no. Cuando Atahualpa toma la biblia se la pone al o\u00eddo, pero no escucha nada. Entonces la tira al piso. El huinca le miente, como siempre. Camacho miente. Evo no renuncia. Evo es destituido a punta de pistola. Por los militares, la polic\u00eda, los empresarios que se la juraron cuando nacionaliz\u00f3 los hidrocarburos \u2013Camacho y su familia, entre ellos- y toda la blanquitud racista santacruce\u00f1a que ha soportado hasta ahora la revoluci\u00f3n chola y aymara de los ponchos y las polleras en las calles del centro y las oficinas p\u00fablicas.<\/p>\n<p><em> (*) La columna fue publicada originalmente en la edici\u00f3n 3981 de la Agencia de Noticias Pelota de Trapo.<\/em><\/p>\n","protected":false},"excerpt":{"rendered":"<p>Por Silvana Melo y Claudia Rafael (*) No se perdona la irreverencia. No se perdona a un pueblo cuando se pone en pie. Los enemigos acechan con sus garras cuando se rompe con los patrones del Norte que manejan hilos desde oscuras oficinas dentro de la misma casa del gobierno. Esperan el momento exacto. Fogonean [&hellip;]<\/p>\n","protected":false},"author":2,"featured_media":38009,"comment_status":"open","ping_status":"open","sticky":false,"template":"","format":"standard","meta":{"fifu_image_url":"","fifu_image_alt":"","footnotes":""},"categories":[11],"tags":[],"class_list":{"0":"post-38008","1":"post","2":"type-post","3":"status-publish","4":"format-standard","5":"has-post-thumbnail","7":"category-opinion"},"yoast_head":"<title>Opini\u00f3n: Bolivia sangra - Informe Litoral<\/title>\n<meta name=\"robots\" content=\"index, follow, max-snippet:-1, max-image-preview:large, max-video-preview:-1\" \/>\n<link rel=\"canonical\" href=\"https:\/\/informelitoral.com.ar\/opinion-bolivia-sangra\/\" \/>\n<meta property=\"og:locale\" content=\"es_ES\" \/>\n<meta property=\"og:type\" content=\"article\" \/>\n<meta property=\"og:title\" content=\"Opini\u00f3n: Bolivia sangra - Informe Litoral\" \/>\n<meta property=\"og:description\" content=\"Por Silvana Melo y Claudia Rafael (*) No se perdona la irreverencia. No se perdona a un pueblo cuando se pone en pie. Los enemigos acechan con sus garras cuando se rompe con los patrones del Norte que manejan hilos desde oscuras oficinas dentro de la misma casa del gobierno. Esperan el momento exacto. Fogonean [&hellip;]\" \/>\n<meta property=\"og:url\" content=\"https:\/\/informelitoral.com.ar\/opinion-bolivia-sangra\/\" \/>\n<meta property=\"og:site_name\" content=\"Informe Litoral\" \/>\n<meta property=\"article:publisher\" content=\"https:\/\/www.facebook.com\/informelitoral\/\" \/>\n<meta property=\"article:published_time\" content=\"2019-11-14T09:19:24+00:00\" \/>\n<meta property=\"article:modified_time\" content=\"2019-11-14T11:28:05+00:00\" \/>\n<meta property=\"og:image\" content=\"https:\/\/informelitoral.com.ar\/%77%70%2d%63%6f%6e%74%65%6e%74\/uploads\/2019\/11\/2019-11-12t200949z_394036987_rc2w9d9g774d_rtrmadp_3_bolivia-election.jpg_1718483347.jpg\" \/>\n\t<meta property=\"og:image:width\" content=\"510\" \/>\n\t<meta property=\"og:image:height\" content=\"340\" \/>\n\t<meta property=\"og:image:type\" content=\"image\/jpeg\" \/>\n<meta name=\"author\" content=\"Gonzalo Schmidt\" \/>\n<meta name=\"twitter:card\" content=\"summary_large_image\" \/>\n<meta name=\"twitter:creator\" content=\"@InformeLitoral\" \/>\n<meta name=\"twitter:site\" content=\"@InformeLitoral\" \/>\n<meta name=\"twitter:label1\" content=\"Escrito por\" \/>\n\t<meta name=\"twitter:data1\" content=\"Gonzalo Schmidt\" \/>\n\t<meta name=\"twitter:label2\" content=\"Tiempo de lectura\" \/>\n\t<meta name=\"twitter:data2\" content=\"5 minutos\" \/>\n<script type=\"application\/ld+json\" class=\"yoast-schema-graph\">{\"@context\":\"https:\\\/\\\/schema.org\",\"@graph\":[{\"@type\":\"Article\",\"@id\":\"https:\\\/\\\/informelitoral.com.ar\\\/opinion-bolivia-sangra\\\/#article\",\"isPartOf\":{\"@id\":\"https:\\\/\\\/informelitoral.com.ar\\\/opinion-bolivia-sangra\\\/\"},\"author\":{\"name\":\"Gonzalo Schmidt\",\"@id\":\"https:\\\/\\\/informelitoral.com.ar\\\/#\\\/schema\\\/person\\\/b9d00407c836482871ef1d57bf8e3180\"},\"headline\":\"Opini\u00f3n: Bolivia sangra\",\"datePublished\":\"2019-11-14T09:19:24+00:00\",\"dateModified\":\"2019-11-14T11:28:05+00:00\",\"mainEntityOfPage\":{\"@id\":\"https:\\\/\\\/informelitoral.com.ar\\\/opinion-bolivia-sangra\\\/\"},\"wordCount\":932,\"commentCount\":0,\"publisher\":{\"@id\":\"https:\\\/\\\/informelitoral.com.ar\\\/#organization\"},\"image\":{\"@id\":\"https:\\\/\\\/informelitoral.com.ar\\\/opinion-bolivia-sangra\\\/#primaryimage\"},\"thumbnailUrl\":\"https:\\\/\\\/informelitoral.com.ar\\\/%77%70%2d%63%6f%6e%74%65%6e%74\\\/uploads\\\/2019\\\/11\\\/2019-11-12t200949z_394036987_rc2w9d9g774d_rtrmadp_3_bolivia-election.jpg_1718483347.jpg\",\"articleSection\":[\"Opini\u00f3n\"],\"inLanguage\":\"es\",\"potentialAction\":[{\"@type\":\"CommentAction\",\"name\":\"Comment\",\"target\":[\"https:\\\/\\\/informelitoral.com.ar\\\/opinion-bolivia-sangra\\\/#respond\"]}]},{\"@type\":\"WebPage\",\"@id\":\"https:\\\/\\\/informelitoral.com.ar\\\/opinion-bolivia-sangra\\\/\",\"url\":\"https:\\\/\\\/informelitoral.com.ar\\\/opinion-bolivia-sangra\\\/\",\"name\":\"Opini\u00f3n: Bolivia sangra - Informe Litoral\",\"isPartOf\":{\"@id\":\"https:\\\/\\\/informelitoral.com.ar\\\/#website\"},\"primaryImageOfPage\":{\"@id\":\"https:\\\/\\\/informelitoral.com.ar\\\/opinion-bolivia-sangra\\\/#primaryimage\"},\"image\":{\"@id\":\"https:\\\/\\\/informelitoral.com.ar\\\/opinion-bolivia-sangra\\\/#primaryimage\"},\"thumbnailUrl\":\"https:\\\/\\\/informelitoral.com.ar\\\/%77%70%2d%63%6f%6e%74%65%6e%74\\\/uploads\\\/2019\\\/11\\\/2019-11-12t200949z_394036987_rc2w9d9g774d_rtrmadp_3_bolivia-election.jpg_1718483347.jpg\",\"datePublished\":\"2019-11-14T09:19:24+00:00\",\"dateModified\":\"2019-11-14T11:28:05+00:00\",\"breadcrumb\":{\"@id\":\"https:\\\/\\\/informelitoral.com.ar\\\/opinion-bolivia-sangra\\\/#breadcrumb\"},\"inLanguage\":\"es\",\"potentialAction\":[{\"@type\":\"ReadAction\",\"target\":[\"https:\\\/\\\/informelitoral.com.ar\\\/opinion-bolivia-sangra\\\/\"]}]},{\"@type\":\"ImageObject\",\"inLanguage\":\"es\",\"@id\":\"https:\\\/\\\/informelitoral.com.ar\\\/opinion-bolivia-sangra\\\/#primaryimage\",\"url\":\"https:\\\/\\\/informelitoral.com.ar\\\/%77%70%2d%63%6f%6e%74%65%6e%74\\\/uploads\\\/2019\\\/11\\\/2019-11-12t200949z_394036987_rc2w9d9g774d_rtrmadp_3_bolivia-election.jpg_1718483347.jpg\",\"contentUrl\":\"https:\\\/\\\/informelitoral.com.ar\\\/%77%70%2d%63%6f%6e%74%65%6e%74\\\/uploads\\\/2019\\\/11\\\/2019-11-12t200949z_394036987_rc2w9d9g774d_rtrmadp_3_bolivia-election.jpg_1718483347.jpg\",\"width\":510,\"height\":340},{\"@type\":\"BreadcrumbList\",\"@id\":\"https:\\\/\\\/informelitoral.com.ar\\\/opinion-bolivia-sangra\\\/#breadcrumb\",\"itemListElement\":[{\"@type\":\"ListItem\",\"position\":1,\"name\":\"Portada\",\"item\":\"https:\\\/\\\/informelitoral.com.ar\\\/\"},{\"@type\":\"ListItem\",\"position\":2,\"name\":\"Opini\u00f3n: Bolivia sangra\"}]},{\"@type\":\"WebSite\",\"@id\":\"https:\\\/\\\/informelitoral.com.ar\\\/#website\",\"url\":\"https:\\\/\\\/informelitoral.com.ar\\\/\",\"name\":\"Informe Litoral\",\"description\":\"&quot;Nos informamos&quot; \",\"publisher\":{\"@id\":\"https:\\\/\\\/informelitoral.com.ar\\\/#organization\"},\"potentialAction\":[{\"@type\":\"SearchAction\",\"target\":{\"@type\":\"EntryPoint\",\"urlTemplate\":\"https:\\\/\\\/informelitoral.com.ar\\\/?s={search_term_string}\"},\"query-input\":{\"@type\":\"PropertyValueSpecification\",\"valueRequired\":true,\"valueName\":\"search_term_string\"}}],\"inLanguage\":\"es\"},{\"@type\":\"Organization\",\"@id\":\"https:\\\/\\\/informelitoral.com.ar\\\/#organization\",\"name\":\"Informe Litoral\",\"url\":\"https:\\\/\\\/informelitoral.com.ar\\\/\",\"logo\":{\"@type\":\"ImageObject\",\"inLanguage\":\"es\",\"@id\":\"https:\\\/\\\/informelitoral.com.ar\\\/#\\\/schema\\\/logo\\\/image\\\/\",\"url\":\"https:\\\/\\\/informelitoral.com.ar\\\/%77%70%2d%63%6f%6e%74%65%6e%74\\\/uploads\\\/2021\\\/01\\\/circulo.png\",\"contentUrl\":\"https:\\\/\\\/informelitoral.com.ar\\\/%77%70%2d%63%6f%6e%74%65%6e%74\\\/uploads\\\/2021\\\/01\\\/circulo.png\",\"width\":723,\"height\":731,\"caption\":\"Informe Litoral\"},\"image\":{\"@id\":\"https:\\\/\\\/informelitoral.com.ar\\\/#\\\/schema\\\/logo\\\/image\\\/\"},\"sameAs\":[\"https:\\\/\\\/www.facebook.com\\\/informelitoral\\\/\",\"https:\\\/\\\/x.com\\\/InformeLitoral\",\"https:\\\/\\\/www.instagram.com\\\/informelitoral\\\/\",\"https:\\\/\\\/www.youtube.com\\\/channel\\\/UCua4Qvz8Icb6MYqhoq9xLXw\"]},{\"@type\":\"Person\",\"@id\":\"https:\\\/\\\/informelitoral.com.ar\\\/#\\\/schema\\\/person\\\/b9d00407c836482871ef1d57bf8e3180\",\"name\":\"Gonzalo Schmidt\",\"image\":{\"@type\":\"ImageObject\",\"inLanguage\":\"es\",\"@id\":\"https:\\\/\\\/secure.gravatar.com\\\/avatar\\\/31a1a7b66ff2de83bd0e9fd79d026630d2d99e55e8bfe501287647b4fd9743de?s=96&d=mm&r=g\",\"url\":\"https:\\\/\\\/secure.gravatar.com\\\/avatar\\\/31a1a7b66ff2de83bd0e9fd79d026630d2d99e55e8bfe501287647b4fd9743de?s=96&d=mm&r=g\",\"contentUrl\":\"https:\\\/\\\/secure.gravatar.com\\\/avatar\\\/31a1a7b66ff2de83bd0e9fd79d026630d2d99e55e8bfe501287647b4fd9743de?s=96&d=mm&r=g\",\"caption\":\"Gonzalo Schmidt\"},\"description\":\"Sitio web de noticias de la provincia de Entre R\u00edos, Argentina. Informaci\u00f3n y entretenimiento. Informe Litoral, nos informamos.\",\"sameAs\":[\"http:\\\/\\\/www.isletasnoticias.com.ar\"],\"url\":\"https:\\\/\\\/informelitoral.com.ar\\\/author\\\/gonzalo\\\/\"}]}<\/script>","yoast_head_json":{"title":"Opini\u00f3n: Bolivia sangra - Informe Litoral","robots":{"index":"index","follow":"follow","max-snippet":"max-snippet:-1","max-image-preview":"max-image-preview:large","max-video-preview":"max-video-preview:-1"},"canonical":"https:\/\/informelitoral.com.ar\/opinion-bolivia-sangra\/","og_locale":"es_ES","og_type":"article","og_title":"Opini\u00f3n: Bolivia sangra - Informe Litoral","og_description":"Por Silvana Melo y Claudia Rafael (*) No se perdona la irreverencia. No se perdona a un pueblo cuando se pone en pie. Los enemigos acechan con sus garras cuando se rompe con los patrones del Norte que manejan hilos desde oscuras oficinas dentro de la misma casa del gobierno. Esperan el momento exacto. Fogonean [&hellip;]","og_url":"https:\/\/informelitoral.com.ar\/opinion-bolivia-sangra\/","og_site_name":"Informe Litoral","article_publisher":"https:\/\/www.facebook.com\/informelitoral\/","article_published_time":"2019-11-14T09:19:24+00:00","article_modified_time":"2019-11-14T11:28:05+00:00","og_image":[{"width":510,"height":340,"url":"https:\/\/informelitoral.com.ar\/%77%70%2d%63%6f%6e%74%65%6e%74\/uploads\/2019\/11\/2019-11-12t200949z_394036987_rc2w9d9g774d_rtrmadp_3_bolivia-election.jpg_1718483347.jpg","type":"image\/jpeg"}],"author":"Gonzalo Schmidt","twitter_card":"summary_large_image","twitter_creator":"@InformeLitoral","twitter_site":"@InformeLitoral","twitter_misc":{"Escrito por":"Gonzalo Schmidt","Tiempo de lectura":"5 minutos"},"schema":{"@context":"https:\/\/schema.org","@graph":[{"@type":"Article","@id":"https:\/\/informelitoral.com.ar\/opinion-bolivia-sangra\/#article","isPartOf":{"@id":"https:\/\/informelitoral.com.ar\/opinion-bolivia-sangra\/"},"author":{"name":"Gonzalo Schmidt","@id":"https:\/\/informelitoral.com.ar\/#\/schema\/person\/b9d00407c836482871ef1d57bf8e3180"},"headline":"Opini\u00f3n: Bolivia sangra","datePublished":"2019-11-14T09:19:24+00:00","dateModified":"2019-11-14T11:28:05+00:00","mainEntityOfPage":{"@id":"https:\/\/informelitoral.com.ar\/opinion-bolivia-sangra\/"},"wordCount":932,"commentCount":0,"publisher":{"@id":"https:\/\/informelitoral.com.ar\/#organization"},"image":{"@id":"https:\/\/informelitoral.com.ar\/opinion-bolivia-sangra\/#primaryimage"},"thumbnailUrl":"https:\/\/informelitoral.com.ar\/%77%70%2d%63%6f%6e%74%65%6e%74\/uploads\/2019\/11\/2019-11-12t200949z_394036987_rc2w9d9g774d_rtrmadp_3_bolivia-election.jpg_1718483347.jpg","articleSection":["Opini\u00f3n"],"inLanguage":"es","potentialAction":[{"@type":"CommentAction","name":"Comment","target":["https:\/\/informelitoral.com.ar\/opinion-bolivia-sangra\/#respond"]}]},{"@type":"WebPage","@id":"https:\/\/informelitoral.com.ar\/opinion-bolivia-sangra\/","url":"https:\/\/informelitoral.com.ar\/opinion-bolivia-sangra\/","name":"Opini\u00f3n: Bolivia sangra - Informe Litoral","isPartOf":{"@id":"https:\/\/informelitoral.com.ar\/#website"},"primaryImageOfPage":{"@id":"https:\/\/informelitoral.com.ar\/opinion-bolivia-sangra\/#primaryimage"},"image":{"@id":"https:\/\/informelitoral.com.ar\/opinion-bolivia-sangra\/#primaryimage"},"thumbnailUrl":"https:\/\/informelitoral.com.ar\/%77%70%2d%63%6f%6e%74%65%6e%74\/uploads\/2019\/11\/2019-11-12t200949z_394036987_rc2w9d9g774d_rtrmadp_3_bolivia-election.jpg_1718483347.jpg","datePublished":"2019-11-14T09:19:24+00:00","dateModified":"2019-11-14T11:28:05+00:00","breadcrumb":{"@id":"https:\/\/informelitoral.com.ar\/opinion-bolivia-sangra\/#breadcrumb"},"inLanguage":"es","potentialAction":[{"@type":"ReadAction","target":["https:\/\/informelitoral.com.ar\/opinion-bolivia-sangra\/"]}]},{"@type":"ImageObject","inLanguage":"es","@id":"https:\/\/informelitoral.com.ar\/opinion-bolivia-sangra\/#primaryimage","url":"https:\/\/informelitoral.com.ar\/%77%70%2d%63%6f%6e%74%65%6e%74\/uploads\/2019\/11\/2019-11-12t200949z_394036987_rc2w9d9g774d_rtrmadp_3_bolivia-election.jpg_1718483347.jpg","contentUrl":"https:\/\/informelitoral.com.ar\/%77%70%2d%63%6f%6e%74%65%6e%74\/uploads\/2019\/11\/2019-11-12t200949z_394036987_rc2w9d9g774d_rtrmadp_3_bolivia-election.jpg_1718483347.jpg","width":510,"height":340},{"@type":"BreadcrumbList","@id":"https:\/\/informelitoral.com.ar\/opinion-bolivia-sangra\/#breadcrumb","itemListElement":[{"@type":"ListItem","position":1,"name":"Portada","item":"https:\/\/informelitoral.com.ar\/"},{"@type":"ListItem","position":2,"name":"Opini\u00f3n: Bolivia sangra"}]},{"@type":"WebSite","@id":"https:\/\/informelitoral.com.ar\/#website","url":"https:\/\/informelitoral.com.ar\/","name":"Informe Litoral","description":"&quot;Nos informamos&quot; ","publisher":{"@id":"https:\/\/informelitoral.com.ar\/#organization"},"potentialAction":[{"@type":"SearchAction","target":{"@type":"EntryPoint","urlTemplate":"https:\/\/informelitoral.com.ar\/?s={search_term_string}"},"query-input":{"@type":"PropertyValueSpecification","valueRequired":true,"valueName":"search_term_string"}}],"inLanguage":"es"},{"@type":"Organization","@id":"https:\/\/informelitoral.com.ar\/#organization","name":"Informe Litoral","url":"https:\/\/informelitoral.com.ar\/","logo":{"@type":"ImageObject","inLanguage":"es","@id":"https:\/\/informelitoral.com.ar\/#\/schema\/logo\/image\/","url":"https:\/\/informelitoral.com.ar\/%77%70%2d%63%6f%6e%74%65%6e%74\/uploads\/2021\/01\/circulo.png","contentUrl":"https:\/\/informelitoral.com.ar\/%77%70%2d%63%6f%6e%74%65%6e%74\/uploads\/2021\/01\/circulo.png","width":723,"height":731,"caption":"Informe Litoral"},"image":{"@id":"https:\/\/informelitoral.com.ar\/#\/schema\/logo\/image\/"},"sameAs":["https:\/\/www.facebook.com\/informelitoral\/","https:\/\/x.com\/InformeLitoral","https:\/\/www.instagram.com\/informelitoral\/","https:\/\/www.youtube.com\/channel\/UCua4Qvz8Icb6MYqhoq9xLXw"]},{"@type":"Person","@id":"https:\/\/informelitoral.com.ar\/#\/schema\/person\/b9d00407c836482871ef1d57bf8e3180","name":"Gonzalo Schmidt","image":{"@type":"ImageObject","inLanguage":"es","@id":"https:\/\/secure.gravatar.com\/avatar\/31a1a7b66ff2de83bd0e9fd79d026630d2d99e55e8bfe501287647b4fd9743de?s=96&d=mm&r=g","url":"https:\/\/secure.gravatar.com\/avatar\/31a1a7b66ff2de83bd0e9fd79d026630d2d99e55e8bfe501287647b4fd9743de?s=96&d=mm&r=g","contentUrl":"https:\/\/secure.gravatar.com\/avatar\/31a1a7b66ff2de83bd0e9fd79d026630d2d99e55e8bfe501287647b4fd9743de?s=96&d=mm&r=g","caption":"Gonzalo Schmidt"},"description":"Sitio web de noticias de la provincia de Entre R\u00edos, Argentina. Informaci\u00f3n y entretenimiento. Informe Litoral, nos informamos.","sameAs":["http:\/\/www.isletasnoticias.com.ar"],"url":"https:\/\/informelitoral.com.ar\/author\/gonzalo\/"}]}},"_links":{"self":[{"href":"https:\/\/informelitoral.com.ar\/%77%70%2d%6a%73%6f%6e\/wp\/v2\/posts\/38008","targetHints":{"allow":["GET"]}}],"collection":[{"href":"https:\/\/informelitoral.com.ar\/%77%70%2d%6a%73%6f%6e\/wp\/v2\/posts"}],"about":[{"href":"https:\/\/informelitoral.com.ar\/%77%70%2d%6a%73%6f%6e\/wp\/v2\/types\/post"}],"author":[{"embeddable":true,"href":"https:\/\/informelitoral.com.ar\/%77%70%2d%6a%73%6f%6e\/wp\/v2\/users\/2"}],"replies":[{"embeddable":true,"href":"https:\/\/informelitoral.com.ar\/%77%70%2d%6a%73%6f%6e\/wp\/v2\/comments?post=38008"}],"version-history":[{"count":0,"href":"https:\/\/informelitoral.com.ar\/%77%70%2d%6a%73%6f%6e\/wp\/v2\/posts\/38008\/revisions"}],"wp:featuredmedia":[{"embeddable":true,"href":"https:\/\/informelitoral.com.ar\/%77%70%2d%6a%73%6f%6e\/wp\/v2\/media\/38009"}],"wp:attachment":[{"href":"https:\/\/informelitoral.com.ar\/%77%70%2d%6a%73%6f%6e\/wp\/v2\/media?parent=38008"}],"wp:term":[{"taxonomy":"category","embeddable":true,"href":"https:\/\/informelitoral.com.ar\/%77%70%2d%6a%73%6f%6e\/wp\/v2\/categories?post=38008"},{"taxonomy":"post_tag","embeddable":true,"href":"https:\/\/informelitoral.com.ar\/%77%70%2d%6a%73%6f%6e\/wp\/v2\/tags?post=38008"}],"curies":[{"name":"wp","href":"https:\/\/api.w.org\/{rel}","templated":true}]}}