{"id":38006,"date":"2019-11-14T08:17:01","date_gmt":"2019-11-14T11:17:01","guid":{"rendered":"https:\/\/www.isletasnoticias.com.ar\/?p=38006"},"modified":"2019-11-14T08:17:01","modified_gmt":"2019-11-14T11:17:01","slug":"fiesta-de-disfraces-cuanto-sale-para-ir-al-predio-en-taxi-desde-parana","status":"publish","type":"post","link":"https:\/\/informelitoral.com.ar\/fiesta-de-disfraces-cuanto-sale-para-ir-al-predio-en-taxi-desde-parana\/","title":{"rendered":"Fiesta de Disfraces: cu\u00e1nto sale para ir al predio en taxi, desde Paran\u00e1"},"content":{"rendered":"<p>La Cooperativa Radio Taxi de Paran\u00e1 estableci\u00f3 tarifas de referencia para quienes opten por llegar en veh\u00edculos de la misma a la <strong>Fiesta de Disfraces<\/strong> del pr\u00f3ximo domingo. Su presidente, <strong>Sebasti\u00e1n L\u00f3pez Frank,<\/strong> inform\u00f3 que toman\u00a0<strong>como punto de partida la Plaza 1\u00ba de Mayo. Llegar desde all\u00ed hasta \u00abla estaci\u00f3n de servicios PDV del Acceso Norte costar\u00e1 350 pesos<\/strong>. En tanto,\u00a0<strong>para el acceso al VIP, que es m\u00e1s lejos y hay que hacer otro recorrido, el costo ser\u00e1 de 500 pesos<\/strong>\u00ab.<\/p>\n<p>Acot\u00f3 que \u00abestaremos habilitados para pasar los cortes de la Polic\u00eda y\u00a0<strong>llegar a inmediaciones de la entrada<\/strong>\u00ab.<\/p>\n<p>Sostuvo que la idea es colaborar con la prevenci\u00f3n de la seguridad, por lo que se acord\u00f3 que podamos llegar \u00abhasta cerquita de la entrada\u00bb.<\/p>\n<p>Los coches estar\u00e1n se\u00f1alizados con stickers pegados en el parabrisas para facilitar su circulaci\u00f3n. \u00abQueremos que la gente sepa cu\u00e1nto les va a salir. Hicimos el c\u00e1lculo desde la plaza principal hasta la Fiesta de Disfraces. Si es un poco m\u00e1s lejos, les saldr\u00e1 un poco m\u00e1s, pero la idea es que al menos la gente pueda tener el estimativo, para que esta referencia evite cualquier tipo de abuso\u00bb, resalt\u00f3 L\u00f3pez Frank.<\/p>\n<figure class=\"wp-block-image\"><img decoding=\"async\" class=\"wp-image-20476 jetpack-lazy-image jetpack-lazy-image--handled aligncenter\" src=\"https:\/\/i0.wp.com\/www.entremediosweb.com\/v2\/%77%70%2d%63%6f%6e%74%65%6e%74\/uploads\/2019\/11\/taxi-fdd1.png?w=1220&amp;ssl=1\" sizes=\"(max-width: 799px) 100vw, 799px\" srcset=\"https:\/\/i0.wp.com\/www.entremediosweb.com\/v2\/%77%70%2d%63%6f%6e%74%65%6e%74\/uploads\/2019\/11\/taxi-fdd1.png?w=799&amp;ssl=1 799w, https:\/\/i0.wp.com\/www.entremediosweb.com\/v2\/%77%70%2d%63%6f%6e%74%65%6e%74\/uploads\/2019\/11\/taxi-fdd1.png?resize=300%2C113&amp;ssl=1 300w, https:\/\/i0.wp.com\/www.entremediosweb.com\/v2\/%77%70%2d%63%6f%6e%74%65%6e%74\/uploads\/2019\/11\/taxi-fdd1.png?resize=768%2C289&amp;ssl=1 768w\" alt=\"taxi \" data-attachment-id=\"20476\" data-permalink=\"https:\/\/www.entremediosweb.com\/v2\/taxistas-fijaron-tarifas-para-ir-a-la-fiesta-de-disfraces\/taxi-fdd1\/\" data-orig-file=\"https:\/\/i0.wp.com\/www.entremediosweb.com\/v2\/%77%70%2d%63%6f%6e%74%65%6e%74\/uploads\/2019\/11\/taxi-fdd1.png?fit=799%2C301&amp;ssl=1\" data-orig-size=\"799,301\" data-comments-opened=\"0\" data-image-meta=\"{&quot;aperture&quot;:&quot;0&quot;,&quot;credit&quot;:&quot;&quot;,&quot;camera&quot;:&quot;&quot;,&quot;caption&quot;:&quot;&quot;,&quot;created_timestamp&quot;:&quot;0&quot;,&quot;copyright&quot;:&quot;&quot;,&quot;focal_length&quot;:&quot;0&quot;,&quot;iso&quot;:&quot;0&quot;,&quot;shutter_speed&quot;:&quot;0&quot;,&quot;title&quot;:&quot;&quot;,&quot;orientation&quot;:&quot;0&quot;}\" data-image-title=\"taxi fdd1\" data-image-description=\"\" data-medium-file=\"https:\/\/i0.wp.com\/www.entremediosweb.com\/v2\/%77%70%2d%63%6f%6e%74%65%6e%74\/uploads\/2019\/11\/taxi-fdd1.png?fit=300%2C113&amp;ssl=1\" data-large-file=\"https:\/\/i0.wp.com\/www.entremediosweb.com\/v2\/%77%70%2d%63%6f%6e%74%65%6e%74\/uploads\/2019\/11\/taxi-fdd1.png?fit=799%2C301&amp;ssl=1\" data-recalc-dims=\"1\" data-lazy-loaded=\"1\" \/><\/figure>\n<p>Se\u00f1al\u00f3 que \u00abestamos tomando reservas para llevar los clientes el domingo a la noche, pero no para buscarlos el lunes a la ma\u00f1ana\u00bb. <em>(Fuente: Elonce.com)<\/em><\/p>\n","protected":false},"excerpt":{"rendered":"<p>Las tarifas de referencia se fijaron teniendo como punto de partida la plaza 1\u00b0 de Mayo. Hay dos tarifas acordadas.<\/p>\n","protected":false},"author":2,"featured_media":11544,"comment_status":"open","ping_status":"open","sticky":false,"template":"","format":"standard","meta":{"fifu_image_url":"","fifu_image_alt":"","footnotes":""},"categories":[9],"tags":[621,691,45,360],"class_list":{"0":"post-38006","1":"post","2":"type-post","3":"status-publish","4":"format-standard","5":"has-post-thumbnail","7":"category-sociedad","8":"tag-fiesta","9":"tag-fiesta-de-disfraces","10":"tag-parana","11":"tag-taxista"},"yoast_head":"<title>Fiesta de Disfraces: cu\u00e1nto sale para ir al predio en taxi, desde Paran\u00e1 - Informe Litoral<\/title>\n<meta name=\"robots\" content=\"index, follow, max-snippet:-1, max-image-preview:large, max-video-preview:-1\" \/>\n<link rel=\"canonical\" href=\"https:\/\/informelitoral.com.ar\/fiesta-de-disfraces-cuanto-sale-para-ir-al-predio-en-taxi-desde-parana\/\" \/>\n<meta property=\"og:locale\" content=\"es_ES\" \/>\n<meta property=\"og:type\" content=\"article\" \/>\n<meta property=\"og:title\" content=\"Fiesta de Disfraces: cu\u00e1nto sale para ir al predio en taxi, desde Paran\u00e1 - Informe Litoral\" \/>\n<meta property=\"og:description\" content=\"Las tarifas de referencia se fijaron teniendo como punto de partida la plaza 1\u00b0 de Mayo. Hay dos tarifas acordadas.\" \/>\n<meta property=\"og:url\" content=\"https:\/\/informelitoral.com.ar\/fiesta-de-disfraces-cuanto-sale-para-ir-al-predio-en-taxi-desde-parana\/\" \/>\n<meta property=\"og:site_name\" content=\"Informe Litoral\" \/>\n<meta property=\"article:publisher\" content=\"https:\/\/www.facebook.com\/informelitoral\/\" \/>\n<meta property=\"article:published_time\" content=\"2019-11-14T11:17:01+00:00\" \/>\n<meta property=\"og:image\" content=\"https:\/\/informelitoral.com.ar\/%77%70%2d%63%6f%6e%74%65%6e%74\/uploads\/2015\/08\/Fiesta-de-disfraces-Nueva-Fecha-640x360.jpg\" \/>\n\t<meta property=\"og:image:width\" content=\"640\" \/>\n\t<meta property=\"og:image:height\" content=\"360\" \/>\n\t<meta property=\"og:image:type\" content=\"image\/jpeg\" \/>\n<meta name=\"author\" content=\"Gonzalo Schmidt\" \/>\n<meta name=\"twitter:card\" content=\"summary_large_image\" \/>\n<meta name=\"twitter:creator\" content=\"@InformeLitoral\" \/>\n<meta name=\"twitter:site\" content=\"@InformeLitoral\" \/>\n<meta name=\"twitter:label1\" content=\"Escrito por\" \/>\n\t<meta name=\"twitter:data1\" content=\"Gonzalo Schmidt\" \/>\n\t<meta name=\"twitter:label2\" content=\"Tiempo de lectura\" \/>\n\t<meta name=\"twitter:data2\" content=\"1 minuto\" \/>\n<script type=\"application\/ld+json\" class=\"yoast-schema-graph\">{\"@context\":\"https:\\\/\\\/schema.org\",\"@graph\":[{\"@type\":\"Article\",\"@id\":\"https:\\\/\\\/informelitoral.com.ar\\\/fiesta-de-disfraces-cuanto-sale-para-ir-al-predio-en-taxi-desde-parana\\\/#article\",\"isPartOf\":{\"@id\":\"https:\\\/\\\/informelitoral.com.ar\\\/fiesta-de-disfraces-cuanto-sale-para-ir-al-predio-en-taxi-desde-parana\\\/\"},\"author\":{\"name\":\"Gonzalo Schmidt\",\"@id\":\"https:\\\/\\\/informelitoral.com.ar\\\/#\\\/schema\\\/person\\\/b9d00407c836482871ef1d57bf8e3180\"},\"headline\":\"Fiesta de Disfraces: cu\u00e1nto sale para ir al predio en taxi, desde Paran\u00e1\",\"datePublished\":\"2019-11-14T11:17:01+00:00\",\"mainEntityOfPage\":{\"@id\":\"https:\\\/\\\/informelitoral.com.ar\\\/fiesta-de-disfraces-cuanto-sale-para-ir-al-predio-en-taxi-desde-parana\\\/\"},\"wordCount\":253,\"commentCount\":0,\"publisher\":{\"@id\":\"https:\\\/\\\/informelitoral.com.ar\\\/#organization\"},\"image\":{\"@id\":\"https:\\\/\\\/informelitoral.com.ar\\\/fiesta-de-disfraces-cuanto-sale-para-ir-al-predio-en-taxi-desde-parana\\\/#primaryimage\"},\"thumbnailUrl\":\"https:\\\/\\\/informelitoral.com.ar\\\/%77%70%2d%63%6f%6e%74%65%6e%74\\\/uploads\\\/2015\\\/08\\\/Fiesta-de-disfraces-Nueva-Fecha-640x360.jpg\",\"keywords\":[\"Fiesta\",\"Fiesta de Disfraces\",\"Paran\u00e1\",\"Taxista\"],\"articleSection\":[\"Sociedad\"],\"inLanguage\":\"es\",\"potentialAction\":[{\"@type\":\"CommentAction\",\"name\":\"Comment\",\"target\":[\"https:\\\/\\\/informelitoral.com.ar\\\/fiesta-de-disfraces-cuanto-sale-para-ir-al-predio-en-taxi-desde-parana\\\/#respond\"]}]},{\"@type\":\"WebPage\",\"@id\":\"https:\\\/\\\/informelitoral.com.ar\\\/fiesta-de-disfraces-cuanto-sale-para-ir-al-predio-en-taxi-desde-parana\\\/\",\"url\":\"https:\\\/\\\/informelitoral.com.ar\\\/fiesta-de-disfraces-cuanto-sale-para-ir-al-predio-en-taxi-desde-parana\\\/\",\"name\":\"Fiesta de Disfraces: cu\u00e1nto sale para ir al predio en taxi, desde Paran\u00e1 - Informe Litoral\",\"isPartOf\":{\"@id\":\"https:\\\/\\\/informelitoral.com.ar\\\/#website\"},\"primaryImageOfPage\":{\"@id\":\"https:\\\/\\\/informelitoral.com.ar\\\/fiesta-de-disfraces-cuanto-sale-para-ir-al-predio-en-taxi-desde-parana\\\/#primaryimage\"},\"image\":{\"@id\":\"https:\\\/\\\/informelitoral.com.ar\\\/fiesta-de-disfraces-cuanto-sale-para-ir-al-predio-en-taxi-desde-parana\\\/#primaryimage\"},\"thumbnailUrl\":\"https:\\\/\\\/informelitoral.com.ar\\\/%77%70%2d%63%6f%6e%74%65%6e%74\\\/uploads\\\/2015\\\/08\\\/Fiesta-de-disfraces-Nueva-Fecha-640x360.jpg\",\"datePublished\":\"2019-11-14T11:17:01+00:00\",\"breadcrumb\":{\"@id\":\"https:\\\/\\\/informelitoral.com.ar\\\/fiesta-de-disfraces-cuanto-sale-para-ir-al-predio-en-taxi-desde-parana\\\/#breadcrumb\"},\"inLanguage\":\"es\",\"potentialAction\":[{\"@type\":\"ReadAction\",\"target\":[\"https:\\\/\\\/informelitoral.com.ar\\\/fiesta-de-disfraces-cuanto-sale-para-ir-al-predio-en-taxi-desde-parana\\\/\"]}]},{\"@type\":\"ImageObject\",\"inLanguage\":\"es\",\"@id\":\"https:\\\/\\\/informelitoral.com.ar\\\/fiesta-de-disfraces-cuanto-sale-para-ir-al-predio-en-taxi-desde-parana\\\/#primaryimage\",\"url\":\"https:\\\/\\\/informelitoral.com.ar\\\/%77%70%2d%63%6f%6e%74%65%6e%74\\\/uploads\\\/2015\\\/08\\\/Fiesta-de-disfraces-Nueva-Fecha-640x360.jpg\",\"contentUrl\":\"https:\\\/\\\/informelitoral.com.ar\\\/%77%70%2d%63%6f%6e%74%65%6e%74\\\/uploads\\\/2015\\\/08\\\/Fiesta-de-disfraces-Nueva-Fecha-640x360.jpg\",\"width\":640,\"height\":360},{\"@type\":\"BreadcrumbList\",\"@id\":\"https:\\\/\\\/informelitoral.com.ar\\\/fiesta-de-disfraces-cuanto-sale-para-ir-al-predio-en-taxi-desde-parana\\\/#breadcrumb\",\"itemListElement\":[{\"@type\":\"ListItem\",\"position\":1,\"name\":\"Portada\",\"item\":\"https:\\\/\\\/informelitoral.com.ar\\\/\"},{\"@type\":\"ListItem\",\"position\":2,\"name\":\"Fiesta de Disfraces: cu\u00e1nto sale para ir al predio en taxi, desde Paran\u00e1\"}]},{\"@type\":\"WebSite\",\"@id\":\"https:\\\/\\\/informelitoral.com.ar\\\/#website\",\"url\":\"https:\\\/\\\/informelitoral.com.ar\\\/\",\"name\":\"Informe Litoral\",\"description\":\"&quot;Nos informamos&quot; \",\"publisher\":{\"@id\":\"https:\\\/\\\/informelitoral.com.ar\\\/#organization\"},\"potentialAction\":[{\"@type\":\"SearchAction\",\"target\":{\"@type\":\"EntryPoint\",\"urlTemplate\":\"https:\\\/\\\/informelitoral.com.ar\\\/?s={search_term_string}\"},\"query-input\":{\"@type\":\"PropertyValueSpecification\",\"valueRequired\":true,\"valueName\":\"search_term_string\"}}],\"inLanguage\":\"es\"},{\"@type\":\"Organization\",\"@id\":\"https:\\\/\\\/informelitoral.com.ar\\\/#organization\",\"name\":\"Informe Litoral\",\"url\":\"https:\\\/\\\/informelitoral.com.ar\\\/\",\"logo\":{\"@type\":\"ImageObject\",\"inLanguage\":\"es\",\"@id\":\"https:\\\/\\\/informelitoral.com.ar\\\/#\\\/schema\\\/logo\\\/image\\\/\",\"url\":\"https:\\\/\\\/informelitoral.com.ar\\\/%77%70%2d%63%6f%6e%74%65%6e%74\\\/uploads\\\/2021\\\/01\\\/circulo.png\",\"contentUrl\":\"https:\\\/\\\/informelitoral.com.ar\\\/%77%70%2d%63%6f%6e%74%65%6e%74\\\/uploads\\\/2021\\\/01\\\/circulo.png\",\"width\":723,\"height\":731,\"caption\":\"Informe Litoral\"},\"image\":{\"@id\":\"https:\\\/\\\/informelitoral.com.ar\\\/#\\\/schema\\\/logo\\\/image\\\/\"},\"sameAs\":[\"https:\\\/\\\/www.facebook.com\\\/informelitoral\\\/\",\"https:\\\/\\\/x.com\\\/InformeLitoral\",\"https:\\\/\\\/www.instagram.com\\\/informelitoral\\\/\",\"https:\\\/\\\/www.youtube.com\\\/channel\\\/UCua4Qvz8Icb6MYqhoq9xLXw\"]},{\"@type\":\"Person\",\"@id\":\"https:\\\/\\\/informelitoral.com.ar\\\/#\\\/schema\\\/person\\\/b9d00407c836482871ef1d57bf8e3180\",\"name\":\"Gonzalo Schmidt\",\"image\":{\"@type\":\"ImageObject\",\"inLanguage\":\"es\",\"@id\":\"https:\\\/\\\/secure.gravatar.com\\\/avatar\\\/31a1a7b66ff2de83bd0e9fd79d026630d2d99e55e8bfe501287647b4fd9743de?s=96&d=mm&r=g\",\"url\":\"https:\\\/\\\/secure.gravatar.com\\\/avatar\\\/31a1a7b66ff2de83bd0e9fd79d026630d2d99e55e8bfe501287647b4fd9743de?s=96&d=mm&r=g\",\"contentUrl\":\"https:\\\/\\\/secure.gravatar.com\\\/avatar\\\/31a1a7b66ff2de83bd0e9fd79d026630d2d99e55e8bfe501287647b4fd9743de?s=96&d=mm&r=g\",\"caption\":\"Gonzalo Schmidt\"},\"description\":\"Sitio web de noticias de la provincia de Entre R\u00edos, Argentina. Informaci\u00f3n y entretenimiento. Informe Litoral, nos informamos.\",\"sameAs\":[\"http:\\\/\\\/www.isletasnoticias.com.ar\"],\"url\":\"https:\\\/\\\/informelitoral.com.ar\\\/author\\\/gonzalo\\\/\"}]}<\/script>","yoast_head_json":{"title":"Fiesta de Disfraces: cu\u00e1nto sale para ir al predio en taxi, desde Paran\u00e1 - Informe Litoral","robots":{"index":"index","follow":"follow","max-snippet":"max-snippet:-1","max-image-preview":"max-image-preview:large","max-video-preview":"max-video-preview:-1"},"canonical":"https:\/\/informelitoral.com.ar\/fiesta-de-disfraces-cuanto-sale-para-ir-al-predio-en-taxi-desde-parana\/","og_locale":"es_ES","og_type":"article","og_title":"Fiesta de Disfraces: cu\u00e1nto sale para ir al predio en taxi, desde Paran\u00e1 - Informe Litoral","og_description":"Las tarifas de referencia se fijaron teniendo como punto de partida la plaza 1\u00b0 de Mayo. Hay dos tarifas acordadas.","og_url":"https:\/\/informelitoral.com.ar\/fiesta-de-disfraces-cuanto-sale-para-ir-al-predio-en-taxi-desde-parana\/","og_site_name":"Informe Litoral","article_publisher":"https:\/\/www.facebook.com\/informelitoral\/","article_published_time":"2019-11-14T11:17:01+00:00","og_image":[{"width":640,"height":360,"url":"https:\/\/informelitoral.com.ar\/%77%70%2d%63%6f%6e%74%65%6e%74\/uploads\/2015\/08\/Fiesta-de-disfraces-Nueva-Fecha-640x360.jpg","type":"image\/jpeg"}],"author":"Gonzalo Schmidt","twitter_card":"summary_large_image","twitter_creator":"@InformeLitoral","twitter_site":"@InformeLitoral","twitter_misc":{"Escrito por":"Gonzalo Schmidt","Tiempo de lectura":"1 minuto"},"schema":{"@context":"https:\/\/schema.org","@graph":[{"@type":"Article","@id":"https:\/\/informelitoral.com.ar\/fiesta-de-disfraces-cuanto-sale-para-ir-al-predio-en-taxi-desde-parana\/#article","isPartOf":{"@id":"https:\/\/informelitoral.com.ar\/fiesta-de-disfraces-cuanto-sale-para-ir-al-predio-en-taxi-desde-parana\/"},"author":{"name":"Gonzalo Schmidt","@id":"https:\/\/informelitoral.com.ar\/#\/schema\/person\/b9d00407c836482871ef1d57bf8e3180"},"headline":"Fiesta de Disfraces: cu\u00e1nto sale para ir al predio en taxi, desde Paran\u00e1","datePublished":"2019-11-14T11:17:01+00:00","mainEntityOfPage":{"@id":"https:\/\/informelitoral.com.ar\/fiesta-de-disfraces-cuanto-sale-para-ir-al-predio-en-taxi-desde-parana\/"},"wordCount":253,"commentCount":0,"publisher":{"@id":"https:\/\/informelitoral.com.ar\/#organization"},"image":{"@id":"https:\/\/informelitoral.com.ar\/fiesta-de-disfraces-cuanto-sale-para-ir-al-predio-en-taxi-desde-parana\/#primaryimage"},"thumbnailUrl":"https:\/\/informelitoral.com.ar\/%77%70%2d%63%6f%6e%74%65%6e%74\/uploads\/2015\/08\/Fiesta-de-disfraces-Nueva-Fecha-640x360.jpg","keywords":["Fiesta","Fiesta de Disfraces","Paran\u00e1","Taxista"],"articleSection":["Sociedad"],"inLanguage":"es","potentialAction":[{"@type":"CommentAction","name":"Comment","target":["https:\/\/informelitoral.com.ar\/fiesta-de-disfraces-cuanto-sale-para-ir-al-predio-en-taxi-desde-parana\/#respond"]}]},{"@type":"WebPage","@id":"https:\/\/informelitoral.com.ar\/fiesta-de-disfraces-cuanto-sale-para-ir-al-predio-en-taxi-desde-parana\/","url":"https:\/\/informelitoral.com.ar\/fiesta-de-disfraces-cuanto-sale-para-ir-al-predio-en-taxi-desde-parana\/","name":"Fiesta de Disfraces: cu\u00e1nto sale para ir al predio en taxi, desde Paran\u00e1 - Informe Litoral","isPartOf":{"@id":"https:\/\/informelitoral.com.ar\/#website"},"primaryImageOfPage":{"@id":"https:\/\/informelitoral.com.ar\/fiesta-de-disfraces-cuanto-sale-para-ir-al-predio-en-taxi-desde-parana\/#primaryimage"},"image":{"@id":"https:\/\/informelitoral.com.ar\/fiesta-de-disfraces-cuanto-sale-para-ir-al-predio-en-taxi-desde-parana\/#primaryimage"},"thumbnailUrl":"https:\/\/informelitoral.com.ar\/%77%70%2d%63%6f%6e%74%65%6e%74\/uploads\/2015\/08\/Fiesta-de-disfraces-Nueva-Fecha-640x360.jpg","datePublished":"2019-11-14T11:17:01+00:00","breadcrumb":{"@id":"https:\/\/informelitoral.com.ar\/fiesta-de-disfraces-cuanto-sale-para-ir-al-predio-en-taxi-desde-parana\/#breadcrumb"},"inLanguage":"es","potentialAction":[{"@type":"ReadAction","target":["https:\/\/informelitoral.com.ar\/fiesta-de-disfraces-cuanto-sale-para-ir-al-predio-en-taxi-desde-parana\/"]}]},{"@type":"ImageObject","inLanguage":"es","@id":"https:\/\/informelitoral.com.ar\/fiesta-de-disfraces-cuanto-sale-para-ir-al-predio-en-taxi-desde-parana\/#primaryimage","url":"https:\/\/informelitoral.com.ar\/%77%70%2d%63%6f%6e%74%65%6e%74\/uploads\/2015\/08\/Fiesta-de-disfraces-Nueva-Fecha-640x360.jpg","contentUrl":"https:\/\/informelitoral.com.ar\/%77%70%2d%63%6f%6e%74%65%6e%74\/uploads\/2015\/08\/Fiesta-de-disfraces-Nueva-Fecha-640x360.jpg","width":640,"height":360},{"@type":"BreadcrumbList","@id":"https:\/\/informelitoral.com.ar\/fiesta-de-disfraces-cuanto-sale-para-ir-al-predio-en-taxi-desde-parana\/#breadcrumb","itemListElement":[{"@type":"ListItem","position":1,"name":"Portada","item":"https:\/\/informelitoral.com.ar\/"},{"@type":"ListItem","position":2,"name":"Fiesta de Disfraces: cu\u00e1nto sale para ir al predio en taxi, desde Paran\u00e1"}]},{"@type":"WebSite","@id":"https:\/\/informelitoral.com.ar\/#website","url":"https:\/\/informelitoral.com.ar\/","name":"Informe Litoral","description":"&quot;Nos informamos&quot; ","publisher":{"@id":"https:\/\/informelitoral.com.ar\/#organization"},"potentialAction":[{"@type":"SearchAction","target":{"@type":"EntryPoint","urlTemplate":"https:\/\/informelitoral.com.ar\/?s={search_term_string}"},"query-input":{"@type":"PropertyValueSpecification","valueRequired":true,"valueName":"search_term_string"}}],"inLanguage":"es"},{"@type":"Organization","@id":"https:\/\/informelitoral.com.ar\/#organization","name":"Informe Litoral","url":"https:\/\/informelitoral.com.ar\/","logo":{"@type":"ImageObject","inLanguage":"es","@id":"https:\/\/informelitoral.com.ar\/#\/schema\/logo\/image\/","url":"https:\/\/informelitoral.com.ar\/%77%70%2d%63%6f%6e%74%65%6e%74\/uploads\/2021\/01\/circulo.png","contentUrl":"https:\/\/informelitoral.com.ar\/%77%70%2d%63%6f%6e%74%65%6e%74\/uploads\/2021\/01\/circulo.png","width":723,"height":731,"caption":"Informe Litoral"},"image":{"@id":"https:\/\/informelitoral.com.ar\/#\/schema\/logo\/image\/"},"sameAs":["https:\/\/www.facebook.com\/informelitoral\/","https:\/\/x.com\/InformeLitoral","https:\/\/www.instagram.com\/informelitoral\/","https:\/\/www.youtube.com\/channel\/UCua4Qvz8Icb6MYqhoq9xLXw"]},{"@type":"Person","@id":"https:\/\/informelitoral.com.ar\/#\/schema\/person\/b9d00407c836482871ef1d57bf8e3180","name":"Gonzalo Schmidt","image":{"@type":"ImageObject","inLanguage":"es","@id":"https:\/\/secure.gravatar.com\/avatar\/31a1a7b66ff2de83bd0e9fd79d026630d2d99e55e8bfe501287647b4fd9743de?s=96&d=mm&r=g","url":"https:\/\/secure.gravatar.com\/avatar\/31a1a7b66ff2de83bd0e9fd79d026630d2d99e55e8bfe501287647b4fd9743de?s=96&d=mm&r=g","contentUrl":"https:\/\/secure.gravatar.com\/avatar\/31a1a7b66ff2de83bd0e9fd79d026630d2d99e55e8bfe501287647b4fd9743de?s=96&d=mm&r=g","caption":"Gonzalo Schmidt"},"description":"Sitio web de noticias de la provincia de Entre R\u00edos, Argentina. Informaci\u00f3n y entretenimiento. Informe Litoral, nos informamos.","sameAs":["http:\/\/www.isletasnoticias.com.ar"],"url":"https:\/\/informelitoral.com.ar\/author\/gonzalo\/"}]}},"_links":{"self":[{"href":"https:\/\/informelitoral.com.ar\/%77%70%2d%6a%73%6f%6e\/wp\/v2\/posts\/38006","targetHints":{"allow":["GET"]}}],"collection":[{"href":"https:\/\/informelitoral.com.ar\/%77%70%2d%6a%73%6f%6e\/wp\/v2\/posts"}],"about":[{"href":"https:\/\/informelitoral.com.ar\/%77%70%2d%6a%73%6f%6e\/wp\/v2\/types\/post"}],"author":[{"embeddable":true,"href":"https:\/\/informelitoral.com.ar\/%77%70%2d%6a%73%6f%6e\/wp\/v2\/users\/2"}],"replies":[{"embeddable":true,"href":"https:\/\/informelitoral.com.ar\/%77%70%2d%6a%73%6f%6e\/wp\/v2\/comments?post=38006"}],"version-history":[{"count":0,"href":"https:\/\/informelitoral.com.ar\/%77%70%2d%6a%73%6f%6e\/wp\/v2\/posts\/38006\/revisions"}],"wp:featuredmedia":[{"embeddable":true,"href":"https:\/\/informelitoral.com.ar\/%77%70%2d%6a%73%6f%6e\/wp\/v2\/media\/11544"}],"wp:attachment":[{"href":"https:\/\/informelitoral.com.ar\/%77%70%2d%6a%73%6f%6e\/wp\/v2\/media?parent=38006"}],"wp:term":[{"taxonomy":"category","embeddable":true,"href":"https:\/\/informelitoral.com.ar\/%77%70%2d%6a%73%6f%6e\/wp\/v2\/categories?post=38006"},{"taxonomy":"post_tag","embeddable":true,"href":"https:\/\/informelitoral.com.ar\/%77%70%2d%6a%73%6f%6e\/wp\/v2\/tags?post=38006"}],"curies":[{"name":"wp","href":"https:\/\/api.w.org\/{rel}","templated":true}]}}