{"id":37999,"date":"2019-11-14T08:10:21","date_gmt":"2019-11-14T11:10:21","guid":{"rendered":"https:\/\/www.isletasnoticias.com.ar\/?p=37999"},"modified":"2019-11-14T08:11:50","modified_gmt":"2019-11-14T11:11:50","slug":"termino-el-congelamiento-y-aumentaron-un-5-las-naftas","status":"publish","type":"post","link":"https:\/\/informelitoral.com.ar\/termino-el-congelamiento-y-aumentaron-un-5-las-naftas\/","title":{"rendered":"Termin\u00f3 el congelamiento y aumentaron un 5% las naftas"},"content":{"rendered":"<div class=\"detail-body\">\n<article id=\"note-body\" class=\"note-body first\" data-twitter-link=\"https:\/\/twitter.com\/intent\/tweet?url=https:\/\/www.minutouno.com\/c5065632&amp;v\u00eda=minutounocom&amp;related=MinutoUno&amp;text=\">\n<div class=\"row\">\n<div class=\"inside-note col-xs-12\">\n<p>El congelamiento de los\u00a0precios\u00a0de los\u00a0<strong>combustibles<\/strong> por 90 d\u00edas que el Gobierno hab\u00eda dispuesto finaliz\u00f3 este mi\u00e9rcoles y las petroleras estableciron nuevamente los importes de las naftas sin autorizaci\u00f3n del Poder Ejecutivo.<\/p>\n<p>La <em>Confederaci\u00f3n de Entidades del Comercio de Hidrocarburos y Afines<\/em>\u00a0confirm\u00f3 a<em>\u00a0minutouno.com\u00a0<\/em>que desde este jueves implementar\u00e1n una suba de un 5% de las naftas y el di\u00e9sel. Se estima que no va a ser el \u00fanico\u00a0<span id=\"saysCMSEmphasisgd1tyxaexji\" class=\"saysCMSEmphasis\">ya que el 1 de diciembre habr\u00e1 otro incremento.<\/span><\/p>\n<p>El decreto que regul\u00f3 el precio de los combustibles se conoci\u00f3 el 15 de agosto, tras las <strong>PASO<\/strong>. All\u00ed se estableci\u00f3 que las compa\u00f1\u00edas deb\u00edan mantener los valores del 9 de agosto y que se tomaba un d\u00f3lar de referencia de $45,19.<\/p>\n<p>A trav\u00e9s de la normativa, se facult\u00f3 a la Secretar\u00eda de Energ\u00eda, dependiente del Ministerio de Hacienda, para autorizar incrementos en los precios en dos subas, de 5% cada una, <span id=\"saysCMSEmphasis13g7q1zi2ewp\" class=\"saysCMSEmphasis\">en septiembre y a fines de octubre.<\/span><\/p>\n<p>Voceros de las tres principales petroleras que dominan el segmento minorista de combustibles coincidieron en se\u00f1alar que el atraso de precios producto del congelamiento no se podr\u00e1 recuperar inmediatamente, sino que se buscar\u00e1 alcanzar paulatinamente y en lo posible acercarse a una paridad de importaci\u00f3n para cuando asuma el presidente electo<strong>\u00a0Alberto Fern\u00e1ndez.<\/strong><\/p>\n<\/div>\n<\/div>\n<\/article>\n<\/div>\n<div class=\"detail-body \">\n<article id=\"note-body\" class=\"note-body\" data-twitter-link=\"https:\/\/twitter.com\/intent\/tweet?url=https:\/\/www.minutouno.com\/c5065632&amp;v\u00eda=minutounocom&amp;related=MinutoUno&amp;text=\">\n<div class=\"row\">\n<div class=\"inside-note col-xs-12\">\n<p>La referencia al futuro Gobierno se debe a que las empresas anticipan que un eventual llamado a un acuerdo social que incluya una pol\u00edtica de precios restrictiva, los encontrar\u00eda con un atraso importante que no se registra en otros sectores de la econom\u00eda que si aplicaron aumentos desde agosto.<\/p>\n<p>La\u00a0<strong>Federaci\u00f3n de Empresarios de Combustibles de la Rep\u00fablica Argentina (FECRA)<\/strong>\u00a0expres\u00f3 que \u00abla medida se volvi\u00f3 insostenible en una econom\u00eda con dos d\u00edgitos de inflaci\u00f3n y un abastecimiento que sigue siendo deficitario o restringido, especialmente en el canal de estaciones blancas\u00bb.<\/p>\n<\/div>\n<\/div>\n<\/article>\n<\/div>\n","protected":false},"excerpt":{"rendered":"<p>Desde este jueves el precio de los combustibles se incrementa por novena vez en 2019. Se espera una nueva suba en diciembre.<\/p>\n","protected":false},"author":2,"featured_media":4426,"comment_status":"open","ping_status":"open","sticky":false,"template":"","format":"standard","meta":{"fifu_image_url":"","fifu_image_alt":"","footnotes":""},"categories":[7],"tags":[155,156,478,32],"class_list":{"0":"post-37999","1":"post","2":"type-post","3":"status-publish","4":"format-standard","5":"has-post-thumbnail","7":"category-nacionales","8":"tag-aumentos","9":"tag-combustibles","10":"tag-naftas","11":"tag-precios"},"yoast_head":"<title>Termin\u00f3 el congelamiento y aumentaron un 5% las naftas - Informe Litoral<\/title>\n<meta name=\"robots\" content=\"index, follow, max-snippet:-1, max-image-preview:large, max-video-preview:-1\" \/>\n<link rel=\"canonical\" href=\"https:\/\/informelitoral.com.ar\/termino-el-congelamiento-y-aumentaron-un-5-las-naftas\/\" \/>\n<meta property=\"og:locale\" content=\"es_ES\" \/>\n<meta property=\"og:type\" content=\"article\" \/>\n<meta property=\"og:title\" content=\"Termin\u00f3 el congelamiento y aumentaron un 5% las naftas - Informe Litoral\" \/>\n<meta property=\"og:description\" content=\"Desde este jueves el precio de los combustibles se incrementa por novena vez en 2019. Se espera una nueva suba en diciembre.\" \/>\n<meta property=\"og:url\" content=\"https:\/\/informelitoral.com.ar\/termino-el-congelamiento-y-aumentaron-un-5-las-naftas\/\" \/>\n<meta property=\"og:site_name\" content=\"Informe Litoral\" \/>\n<meta property=\"article:publisher\" content=\"https:\/\/www.facebook.com\/informelitoral\/\" \/>\n<meta property=\"article:published_time\" content=\"2019-11-14T11:10:21+00:00\" \/>\n<meta property=\"article:modified_time\" content=\"2019-11-14T11:11:50+00:00\" \/>\n<meta property=\"og:image\" content=\"https:\/\/informelitoral.com.ar\/%77%70%2d%63%6f%6e%74%65%6e%74\/uploads\/2013\/11\/NAFTAS.jpg\" \/>\n\t<meta property=\"og:image:width\" content=\"612\" \/>\n\t<meta property=\"og:image:height\" content=\"340\" \/>\n\t<meta property=\"og:image:type\" content=\"image\/jpeg\" \/>\n<meta name=\"author\" content=\"Gonzalo Schmidt\" \/>\n<meta name=\"twitter:card\" content=\"summary_large_image\" \/>\n<meta name=\"twitter:creator\" content=\"@InformeLitoral\" \/>\n<meta name=\"twitter:site\" content=\"@InformeLitoral\" \/>\n<meta name=\"twitter:label1\" content=\"Escrito por\" \/>\n\t<meta name=\"twitter:data1\" content=\"Gonzalo Schmidt\" \/>\n\t<meta name=\"twitter:label2\" content=\"Tiempo de lectura\" \/>\n\t<meta name=\"twitter:data2\" content=\"2 minutos\" \/>\n<script type=\"application\/ld+json\" class=\"yoast-schema-graph\">{\"@context\":\"https:\\\/\\\/schema.org\",\"@graph\":[{\"@type\":\"Article\",\"@id\":\"https:\\\/\\\/informelitoral.com.ar\\\/termino-el-congelamiento-y-aumentaron-un-5-las-naftas\\\/#article\",\"isPartOf\":{\"@id\":\"https:\\\/\\\/informelitoral.com.ar\\\/termino-el-congelamiento-y-aumentaron-un-5-las-naftas\\\/\"},\"author\":{\"name\":\"Gonzalo Schmidt\",\"@id\":\"https:\\\/\\\/informelitoral.com.ar\\\/#\\\/schema\\\/person\\\/b9d00407c836482871ef1d57bf8e3180\"},\"headline\":\"Termin\u00f3 el congelamiento y aumentaron un 5% las naftas\",\"datePublished\":\"2019-11-14T11:10:21+00:00\",\"dateModified\":\"2019-11-14T11:11:50+00:00\",\"mainEntityOfPage\":{\"@id\":\"https:\\\/\\\/informelitoral.com.ar\\\/termino-el-congelamiento-y-aumentaron-un-5-las-naftas\\\/\"},\"wordCount\":330,\"commentCount\":0,\"publisher\":{\"@id\":\"https:\\\/\\\/informelitoral.com.ar\\\/#organization\"},\"image\":{\"@id\":\"https:\\\/\\\/informelitoral.com.ar\\\/termino-el-congelamiento-y-aumentaron-un-5-las-naftas\\\/#primaryimage\"},\"thumbnailUrl\":\"https:\\\/\\\/informelitoral.com.ar\\\/%77%70%2d%63%6f%6e%74%65%6e%74\\\/uploads\\\/2013\\\/11\\\/NAFTAS.jpg\",\"keywords\":[\"Aumentos\",\"Combustibles\",\"Naftas\",\"precios\"],\"articleSection\":[\"Nacionales\"],\"inLanguage\":\"es\",\"potentialAction\":[{\"@type\":\"CommentAction\",\"name\":\"Comment\",\"target\":[\"https:\\\/\\\/informelitoral.com.ar\\\/termino-el-congelamiento-y-aumentaron-un-5-las-naftas\\\/#respond\"]}]},{\"@type\":\"WebPage\",\"@id\":\"https:\\\/\\\/informelitoral.com.ar\\\/termino-el-congelamiento-y-aumentaron-un-5-las-naftas\\\/\",\"url\":\"https:\\\/\\\/informelitoral.com.ar\\\/termino-el-congelamiento-y-aumentaron-un-5-las-naftas\\\/\",\"name\":\"Termin\u00f3 el congelamiento y aumentaron un 5% las naftas - Informe Litoral\",\"isPartOf\":{\"@id\":\"https:\\\/\\\/informelitoral.com.ar\\\/#website\"},\"primaryImageOfPage\":{\"@id\":\"https:\\\/\\\/informelitoral.com.ar\\\/termino-el-congelamiento-y-aumentaron-un-5-las-naftas\\\/#primaryimage\"},\"image\":{\"@id\":\"https:\\\/\\\/informelitoral.com.ar\\\/termino-el-congelamiento-y-aumentaron-un-5-las-naftas\\\/#primaryimage\"},\"thumbnailUrl\":\"https:\\\/\\\/informelitoral.com.ar\\\/%77%70%2d%63%6f%6e%74%65%6e%74\\\/uploads\\\/2013\\\/11\\\/NAFTAS.jpg\",\"datePublished\":\"2019-11-14T11:10:21+00:00\",\"dateModified\":\"2019-11-14T11:11:50+00:00\",\"breadcrumb\":{\"@id\":\"https:\\\/\\\/informelitoral.com.ar\\\/termino-el-congelamiento-y-aumentaron-un-5-las-naftas\\\/#breadcrumb\"},\"inLanguage\":\"es\",\"potentialAction\":[{\"@type\":\"ReadAction\",\"target\":[\"https:\\\/\\\/informelitoral.com.ar\\\/termino-el-congelamiento-y-aumentaron-un-5-las-naftas\\\/\"]}]},{\"@type\":\"ImageObject\",\"inLanguage\":\"es\",\"@id\":\"https:\\\/\\\/informelitoral.com.ar\\\/termino-el-congelamiento-y-aumentaron-un-5-las-naftas\\\/#primaryimage\",\"url\":\"https:\\\/\\\/informelitoral.com.ar\\\/%77%70%2d%63%6f%6e%74%65%6e%74\\\/uploads\\\/2013\\\/11\\\/NAFTAS.jpg\",\"contentUrl\":\"https:\\\/\\\/informelitoral.com.ar\\\/%77%70%2d%63%6f%6e%74%65%6e%74\\\/uploads\\\/2013\\\/11\\\/NAFTAS.jpg\",\"width\":612,\"height\":340},{\"@type\":\"BreadcrumbList\",\"@id\":\"https:\\\/\\\/informelitoral.com.ar\\\/termino-el-congelamiento-y-aumentaron-un-5-las-naftas\\\/#breadcrumb\",\"itemListElement\":[{\"@type\":\"ListItem\",\"position\":1,\"name\":\"Portada\",\"item\":\"https:\\\/\\\/informelitoral.com.ar\\\/\"},{\"@type\":\"ListItem\",\"position\":2,\"name\":\"Termin\u00f3 el congelamiento y aumentaron un 5% las naftas\"}]},{\"@type\":\"WebSite\",\"@id\":\"https:\\\/\\\/informelitoral.com.ar\\\/#website\",\"url\":\"https:\\\/\\\/informelitoral.com.ar\\\/\",\"name\":\"Informe Litoral\",\"description\":\"&quot;Nos informamos&quot; \",\"publisher\":{\"@id\":\"https:\\\/\\\/informelitoral.com.ar\\\/#organization\"},\"potentialAction\":[{\"@type\":\"SearchAction\",\"target\":{\"@type\":\"EntryPoint\",\"urlTemplate\":\"https:\\\/\\\/informelitoral.com.ar\\\/?s={search_term_string}\"},\"query-input\":{\"@type\":\"PropertyValueSpecification\",\"valueRequired\":true,\"valueName\":\"search_term_string\"}}],\"inLanguage\":\"es\"},{\"@type\":\"Organization\",\"@id\":\"https:\\\/\\\/informelitoral.com.ar\\\/#organization\",\"name\":\"Informe Litoral\",\"url\":\"https:\\\/\\\/informelitoral.com.ar\\\/\",\"logo\":{\"@type\":\"ImageObject\",\"inLanguage\":\"es\",\"@id\":\"https:\\\/\\\/informelitoral.com.ar\\\/#\\\/schema\\\/logo\\\/image\\\/\",\"url\":\"https:\\\/\\\/informelitoral.com.ar\\\/%77%70%2d%63%6f%6e%74%65%6e%74\\\/uploads\\\/2021\\\/01\\\/circulo.png\",\"contentUrl\":\"https:\\\/\\\/informelitoral.com.ar\\\/%77%70%2d%63%6f%6e%74%65%6e%74\\\/uploads\\\/2021\\\/01\\\/circulo.png\",\"width\":723,\"height\":731,\"caption\":\"Informe Litoral\"},\"image\":{\"@id\":\"https:\\\/\\\/informelitoral.com.ar\\\/#\\\/schema\\\/logo\\\/image\\\/\"},\"sameAs\":[\"https:\\\/\\\/www.facebook.com\\\/informelitoral\\\/\",\"https:\\\/\\\/x.com\\\/InformeLitoral\",\"https:\\\/\\\/www.instagram.com\\\/informelitoral\\\/\",\"https:\\\/\\\/www.youtube.com\\\/channel\\\/UCua4Qvz8Icb6MYqhoq9xLXw\"]},{\"@type\":\"Person\",\"@id\":\"https:\\\/\\\/informelitoral.com.ar\\\/#\\\/schema\\\/person\\\/b9d00407c836482871ef1d57bf8e3180\",\"name\":\"Gonzalo Schmidt\",\"image\":{\"@type\":\"ImageObject\",\"inLanguage\":\"es\",\"@id\":\"https:\\\/\\\/secure.gravatar.com\\\/avatar\\\/31a1a7b66ff2de83bd0e9fd79d026630d2d99e55e8bfe501287647b4fd9743de?s=96&d=mm&r=g\",\"url\":\"https:\\\/\\\/secure.gravatar.com\\\/avatar\\\/31a1a7b66ff2de83bd0e9fd79d026630d2d99e55e8bfe501287647b4fd9743de?s=96&d=mm&r=g\",\"contentUrl\":\"https:\\\/\\\/secure.gravatar.com\\\/avatar\\\/31a1a7b66ff2de83bd0e9fd79d026630d2d99e55e8bfe501287647b4fd9743de?s=96&d=mm&r=g\",\"caption\":\"Gonzalo Schmidt\"},\"description\":\"Sitio web de noticias de la provincia de Entre R\u00edos, Argentina. Informaci\u00f3n y entretenimiento. Informe Litoral, nos informamos.\",\"sameAs\":[\"http:\\\/\\\/www.isletasnoticias.com.ar\"],\"url\":\"https:\\\/\\\/informelitoral.com.ar\\\/author\\\/gonzalo\\\/\"}]}<\/script>","yoast_head_json":{"title":"Termin\u00f3 el congelamiento y aumentaron un 5% las naftas - Informe Litoral","robots":{"index":"index","follow":"follow","max-snippet":"max-snippet:-1","max-image-preview":"max-image-preview:large","max-video-preview":"max-video-preview:-1"},"canonical":"https:\/\/informelitoral.com.ar\/termino-el-congelamiento-y-aumentaron-un-5-las-naftas\/","og_locale":"es_ES","og_type":"article","og_title":"Termin\u00f3 el congelamiento y aumentaron un 5% las naftas - Informe Litoral","og_description":"Desde este jueves el precio de los combustibles se incrementa por novena vez en 2019. Se espera una nueva suba en diciembre.","og_url":"https:\/\/informelitoral.com.ar\/termino-el-congelamiento-y-aumentaron-un-5-las-naftas\/","og_site_name":"Informe Litoral","article_publisher":"https:\/\/www.facebook.com\/informelitoral\/","article_published_time":"2019-11-14T11:10:21+00:00","article_modified_time":"2019-11-14T11:11:50+00:00","og_image":[{"width":612,"height":340,"url":"https:\/\/informelitoral.com.ar\/%77%70%2d%63%6f%6e%74%65%6e%74\/uploads\/2013\/11\/NAFTAS.jpg","type":"image\/jpeg"}],"author":"Gonzalo Schmidt","twitter_card":"summary_large_image","twitter_creator":"@InformeLitoral","twitter_site":"@InformeLitoral","twitter_misc":{"Escrito por":"Gonzalo Schmidt","Tiempo de lectura":"2 minutos"},"schema":{"@context":"https:\/\/schema.org","@graph":[{"@type":"Article","@id":"https:\/\/informelitoral.com.ar\/termino-el-congelamiento-y-aumentaron-un-5-las-naftas\/#article","isPartOf":{"@id":"https:\/\/informelitoral.com.ar\/termino-el-congelamiento-y-aumentaron-un-5-las-naftas\/"},"author":{"name":"Gonzalo Schmidt","@id":"https:\/\/informelitoral.com.ar\/#\/schema\/person\/b9d00407c836482871ef1d57bf8e3180"},"headline":"Termin\u00f3 el congelamiento y aumentaron un 5% las naftas","datePublished":"2019-11-14T11:10:21+00:00","dateModified":"2019-11-14T11:11:50+00:00","mainEntityOfPage":{"@id":"https:\/\/informelitoral.com.ar\/termino-el-congelamiento-y-aumentaron-un-5-las-naftas\/"},"wordCount":330,"commentCount":0,"publisher":{"@id":"https:\/\/informelitoral.com.ar\/#organization"},"image":{"@id":"https:\/\/informelitoral.com.ar\/termino-el-congelamiento-y-aumentaron-un-5-las-naftas\/#primaryimage"},"thumbnailUrl":"https:\/\/informelitoral.com.ar\/%77%70%2d%63%6f%6e%74%65%6e%74\/uploads\/2013\/11\/NAFTAS.jpg","keywords":["Aumentos","Combustibles","Naftas","precios"],"articleSection":["Nacionales"],"inLanguage":"es","potentialAction":[{"@type":"CommentAction","name":"Comment","target":["https:\/\/informelitoral.com.ar\/termino-el-congelamiento-y-aumentaron-un-5-las-naftas\/#respond"]}]},{"@type":"WebPage","@id":"https:\/\/informelitoral.com.ar\/termino-el-congelamiento-y-aumentaron-un-5-las-naftas\/","url":"https:\/\/informelitoral.com.ar\/termino-el-congelamiento-y-aumentaron-un-5-las-naftas\/","name":"Termin\u00f3 el congelamiento y aumentaron un 5% las naftas - Informe Litoral","isPartOf":{"@id":"https:\/\/informelitoral.com.ar\/#website"},"primaryImageOfPage":{"@id":"https:\/\/informelitoral.com.ar\/termino-el-congelamiento-y-aumentaron-un-5-las-naftas\/#primaryimage"},"image":{"@id":"https:\/\/informelitoral.com.ar\/termino-el-congelamiento-y-aumentaron-un-5-las-naftas\/#primaryimage"},"thumbnailUrl":"https:\/\/informelitoral.com.ar\/%77%70%2d%63%6f%6e%74%65%6e%74\/uploads\/2013\/11\/NAFTAS.jpg","datePublished":"2019-11-14T11:10:21+00:00","dateModified":"2019-11-14T11:11:50+00:00","breadcrumb":{"@id":"https:\/\/informelitoral.com.ar\/termino-el-congelamiento-y-aumentaron-un-5-las-naftas\/#breadcrumb"},"inLanguage":"es","potentialAction":[{"@type":"ReadAction","target":["https:\/\/informelitoral.com.ar\/termino-el-congelamiento-y-aumentaron-un-5-las-naftas\/"]}]},{"@type":"ImageObject","inLanguage":"es","@id":"https:\/\/informelitoral.com.ar\/termino-el-congelamiento-y-aumentaron-un-5-las-naftas\/#primaryimage","url":"https:\/\/informelitoral.com.ar\/%77%70%2d%63%6f%6e%74%65%6e%74\/uploads\/2013\/11\/NAFTAS.jpg","contentUrl":"https:\/\/informelitoral.com.ar\/%77%70%2d%63%6f%6e%74%65%6e%74\/uploads\/2013\/11\/NAFTAS.jpg","width":612,"height":340},{"@type":"BreadcrumbList","@id":"https:\/\/informelitoral.com.ar\/termino-el-congelamiento-y-aumentaron-un-5-las-naftas\/#breadcrumb","itemListElement":[{"@type":"ListItem","position":1,"name":"Portada","item":"https:\/\/informelitoral.com.ar\/"},{"@type":"ListItem","position":2,"name":"Termin\u00f3 el congelamiento y aumentaron un 5% las naftas"}]},{"@type":"WebSite","@id":"https:\/\/informelitoral.com.ar\/#website","url":"https:\/\/informelitoral.com.ar\/","name":"Informe Litoral","description":"&quot;Nos informamos&quot; ","publisher":{"@id":"https:\/\/informelitoral.com.ar\/#organization"},"potentialAction":[{"@type":"SearchAction","target":{"@type":"EntryPoint","urlTemplate":"https:\/\/informelitoral.com.ar\/?s={search_term_string}"},"query-input":{"@type":"PropertyValueSpecification","valueRequired":true,"valueName":"search_term_string"}}],"inLanguage":"es"},{"@type":"Organization","@id":"https:\/\/informelitoral.com.ar\/#organization","name":"Informe Litoral","url":"https:\/\/informelitoral.com.ar\/","logo":{"@type":"ImageObject","inLanguage":"es","@id":"https:\/\/informelitoral.com.ar\/#\/schema\/logo\/image\/","url":"https:\/\/informelitoral.com.ar\/%77%70%2d%63%6f%6e%74%65%6e%74\/uploads\/2021\/01\/circulo.png","contentUrl":"https:\/\/informelitoral.com.ar\/%77%70%2d%63%6f%6e%74%65%6e%74\/uploads\/2021\/01\/circulo.png","width":723,"height":731,"caption":"Informe Litoral"},"image":{"@id":"https:\/\/informelitoral.com.ar\/#\/schema\/logo\/image\/"},"sameAs":["https:\/\/www.facebook.com\/informelitoral\/","https:\/\/x.com\/InformeLitoral","https:\/\/www.instagram.com\/informelitoral\/","https:\/\/www.youtube.com\/channel\/UCua4Qvz8Icb6MYqhoq9xLXw"]},{"@type":"Person","@id":"https:\/\/informelitoral.com.ar\/#\/schema\/person\/b9d00407c836482871ef1d57bf8e3180","name":"Gonzalo Schmidt","image":{"@type":"ImageObject","inLanguage":"es","@id":"https:\/\/secure.gravatar.com\/avatar\/31a1a7b66ff2de83bd0e9fd79d026630d2d99e55e8bfe501287647b4fd9743de?s=96&d=mm&r=g","url":"https:\/\/secure.gravatar.com\/avatar\/31a1a7b66ff2de83bd0e9fd79d026630d2d99e55e8bfe501287647b4fd9743de?s=96&d=mm&r=g","contentUrl":"https:\/\/secure.gravatar.com\/avatar\/31a1a7b66ff2de83bd0e9fd79d026630d2d99e55e8bfe501287647b4fd9743de?s=96&d=mm&r=g","caption":"Gonzalo Schmidt"},"description":"Sitio web de noticias de la provincia de Entre R\u00edos, Argentina. Informaci\u00f3n y entretenimiento. Informe Litoral, nos informamos.","sameAs":["http:\/\/www.isletasnoticias.com.ar"],"url":"https:\/\/informelitoral.com.ar\/author\/gonzalo\/"}]}},"_links":{"self":[{"href":"https:\/\/informelitoral.com.ar\/%77%70%2d%6a%73%6f%6e\/wp\/v2\/posts\/37999","targetHints":{"allow":["GET"]}}],"collection":[{"href":"https:\/\/informelitoral.com.ar\/%77%70%2d%6a%73%6f%6e\/wp\/v2\/posts"}],"about":[{"href":"https:\/\/informelitoral.com.ar\/%77%70%2d%6a%73%6f%6e\/wp\/v2\/types\/post"}],"author":[{"embeddable":true,"href":"https:\/\/informelitoral.com.ar\/%77%70%2d%6a%73%6f%6e\/wp\/v2\/users\/2"}],"replies":[{"embeddable":true,"href":"https:\/\/informelitoral.com.ar\/%77%70%2d%6a%73%6f%6e\/wp\/v2\/comments?post=37999"}],"version-history":[{"count":0,"href":"https:\/\/informelitoral.com.ar\/%77%70%2d%6a%73%6f%6e\/wp\/v2\/posts\/37999\/revisions"}],"wp:featuredmedia":[{"embeddable":true,"href":"https:\/\/informelitoral.com.ar\/%77%70%2d%6a%73%6f%6e\/wp\/v2\/media\/4426"}],"wp:attachment":[{"href":"https:\/\/informelitoral.com.ar\/%77%70%2d%6a%73%6f%6e\/wp\/v2\/media?parent=37999"}],"wp:term":[{"taxonomy":"category","embeddable":true,"href":"https:\/\/informelitoral.com.ar\/%77%70%2d%6a%73%6f%6e\/wp\/v2\/categories?post=37999"},{"taxonomy":"post_tag","embeddable":true,"href":"https:\/\/informelitoral.com.ar\/%77%70%2d%6a%73%6f%6e\/wp\/v2\/tags?post=37999"}],"curies":[{"name":"wp","href":"https:\/\/api.w.org\/{rel}","templated":true}]}}