{"id":37996,"date":"2019-11-14T08:04:24","date_gmt":"2019-11-14T11:04:24","guid":{"rendered":"https:\/\/www.isletasnoticias.com.ar\/?p=37996"},"modified":"2019-11-14T08:04:24","modified_gmt":"2019-11-14T11:04:24","slug":"el-tren-de-cargas-argentino-duplico-las-toneladas-transportadas-desde-2015","status":"publish","type":"post","link":"https:\/\/informelitoral.com.ar\/el-tren-de-cargas-argentino-duplico-las-toneladas-transportadas-desde-2015\/","title":{"rendered":"El tren de cargas argentino duplic\u00f3 las toneladas transportadas desde 2015"},"content":{"rendered":"<p>En los cuatro a\u00f1os de gesti\u00f3n, y gracias a la consolidaci\u00f3n de las principales operaciones de la l\u00ednea y al desarrollo de nuevos negocios, el acumulado de toneladas transportadas por el San Mart\u00edn Cargas en 2019 se increment\u00f3 en un 102% en comparaci\u00f3n con el mismo per\u00edodo de 2015. Asimismo, las 358.138 toneladas transportadas en el mes de octubre de 2019 marcaron el r\u00e9cord de mejor carga desde 2011.<\/p>\n<p>\u201cReactivar el tren de cargas es uno de los ejes fundamentales de la gesti\u00f3n de nuestro presidente Mauricio Macri, ya que genera empleo y crecimiento. Cada vag\u00f3n que viaja lleno, cada kil\u00f3metro de v\u00eda nueva nos acerca a un pa\u00eds mejor, m\u00e1s igualitario y m\u00e1s desarrollado, y a un tren cada vez mejor para transportar la producci\u00f3n argentina. La reactivaci\u00f3n de nuestros trenes, durante a\u00f1os abandonados, llevan crecimiento a los pueblos y m\u00e1s empleo, expres\u00f3 <strong>Guillermo Dietrich<\/strong>, Ministro de Transporte de la Naci\u00f3n.<\/p>\n<p>A principios de noviembre, la empresa Trenes Argentinos Cargas, realiz\u00f3 la segunda prueba del a\u00f1o para verificar la correcta circulaci\u00f3n de trenes largos por el ramal renovado desde JV Gonzalez, en Salta, hasta Pinedo, en Chaco.<\/p>\n<p>Con mejoras y obras de infraestructura en curso, la proyecci\u00f3n de carga para el 2022 es de 4,5 millones de toneladas, lo que representar\u00eda un incremento del 50% en relaci\u00f3n a los que se transporta en la actualidad.<\/p>\n<p>\u201cNos llena de orgullo ser parte de esta transformaci\u00f3n hacia un tren de cargas seguro y competitivo a la Argentina. Los avances en infraestructura y en tecnolog\u00eda que desarrollamos durante estos a\u00f1os, y que hasta hace poco parec\u00edan impensables, nos permiten hoy seguir super\u00e1ndonos y marcar nuevos r\u00e9cords en vol\u00famenes de cargas transportadas\u00bb, sostuvo <strong>Ezequiel Lemos,<\/strong> presidente de Trenes Argentinos Cargas.<\/p>\n<p>En cuanto a la composici\u00f3n de lo transportado en 2019, la carga de \u00e1ridos, como la carga de soja, ma\u00edz, trigo y girasol, tuvieron un incremento del 77% y 92% respectivamente, en relaci\u00f3n al 2015. En agosto de 2019 se transportaron un record hist\u00f3rico de 24.344 toneladas de carb\u00f3n de coque, lo que para la empresa estatal YPF, despu\u00e9s de 28 a\u00f1os. Otro caso de \u00e9xito lo marc\u00f3 el fundente, que pas\u00f3 de una carga mensual de 25 mil toneladas en 2015 a 45.000 toneladas en el 2018.<\/p>\n<p>Por otro lado, en agosto de este a\u00f1o se inici\u00f3 una nueva operaci\u00f3n mixta con el operador privado Nuevo Central Argentino (NCA) para atender las grandes demandas de cosecha en la provincia de Tucum\u00e1n. Este acuerdo contempla cargar, hasta el mes de diciembre, 400.000 toneladas de granos desde las plantas en Beltr\u00e1n y Cevil Pozo (Provincia de Tucum\u00e1n) hacia la ciudad de Rosario.<\/p>\n","protected":false},"excerpt":{"rendered":"<p>En el marco de la recuperaci\u00f3n del tren de cargas, la L\u00ednea San Mart\u00edn refleja un incremento del 102% de las toneladas transportadas en 2019 en relaci\u00f3n con 2015.<\/p>\n","protected":false},"author":2,"featured_media":37997,"comment_status":"open","ping_status":"open","sticky":false,"template":"","format":"standard","meta":{"fifu_image_url":"","fifu_image_alt":"","footnotes":""},"categories":[10],"tags":[191,274,83,120,476,1333],"class_list":{"0":"post-37996","1":"post","2":"type-post","3":"status-publish","4":"format-standard","5":"has-post-thumbnail","7":"category-campo","8":"tag-agricultura","9":"tag-agroindustria","10":"tag-exportaciones","11":"tag-produccion","12":"tag-transporte","13":"tag-tren"},"yoast_head":"<title>El tren de cargas argentino duplic\u00f3 las toneladas transportadas desde 2015 - Informe Litoral<\/title>\n<meta name=\"robots\" content=\"index, follow, max-snippet:-1, max-image-preview:large, max-video-preview:-1\" \/>\n<link rel=\"canonical\" href=\"https:\/\/informelitoral.com.ar\/el-tren-de-cargas-argentino-duplico-las-toneladas-transportadas-desde-2015\/\" \/>\n<meta property=\"og:locale\" content=\"es_ES\" \/>\n<meta property=\"og:type\" content=\"article\" \/>\n<meta property=\"og:title\" content=\"El tren de cargas argentino duplic\u00f3 las toneladas transportadas desde 2015 - Informe Litoral\" \/>\n<meta property=\"og:description\" content=\"En el marco de la recuperaci\u00f3n del tren de cargas, la L\u00ednea San Mart\u00edn refleja un incremento del 102% de las toneladas transportadas en 2019 en relaci\u00f3n con 2015.\" \/>\n<meta property=\"og:url\" content=\"https:\/\/informelitoral.com.ar\/el-tren-de-cargas-argentino-duplico-las-toneladas-transportadas-desde-2015\/\" \/>\n<meta property=\"og:site_name\" content=\"Informe Litoral\" \/>\n<meta property=\"article:publisher\" content=\"https:\/\/www.facebook.com\/informelitoral\/\" \/>\n<meta property=\"article:published_time\" content=\"2019-11-14T11:04:24+00:00\" \/>\n<meta property=\"og:image\" content=\"https:\/\/informelitoral.com.ar\/%77%70%2d%63%6f%6e%74%65%6e%74\/uploads\/2019\/11\/tren-san-martin.jpg\" \/>\n\t<meta property=\"og:image:width\" content=\"1000\" \/>\n\t<meta property=\"og:image:height\" content=\"570\" \/>\n\t<meta property=\"og:image:type\" content=\"image\/jpeg\" \/>\n<meta name=\"author\" content=\"Gonzalo Schmidt\" \/>\n<meta name=\"twitter:card\" content=\"summary_large_image\" \/>\n<meta name=\"twitter:creator\" content=\"@InformeLitoral\" \/>\n<meta name=\"twitter:site\" content=\"@InformeLitoral\" \/>\n<meta name=\"twitter:label1\" content=\"Escrito por\" \/>\n\t<meta name=\"twitter:data1\" content=\"Gonzalo Schmidt\" \/>\n\t<meta name=\"twitter:label2\" content=\"Tiempo de lectura\" \/>\n\t<meta name=\"twitter:data2\" content=\"2 minutos\" \/>\n<script type=\"application\/ld+json\" class=\"yoast-schema-graph\">{\"@context\":\"https:\\\/\\\/schema.org\",\"@graph\":[{\"@type\":\"Article\",\"@id\":\"https:\\\/\\\/informelitoral.com.ar\\\/el-tren-de-cargas-argentino-duplico-las-toneladas-transportadas-desde-2015\\\/#article\",\"isPartOf\":{\"@id\":\"https:\\\/\\\/informelitoral.com.ar\\\/el-tren-de-cargas-argentino-duplico-las-toneladas-transportadas-desde-2015\\\/\"},\"author\":{\"name\":\"Gonzalo Schmidt\",\"@id\":\"https:\\\/\\\/informelitoral.com.ar\\\/#\\\/schema\\\/person\\\/b9d00407c836482871ef1d57bf8e3180\"},\"headline\":\"El tren de cargas argentino duplic\u00f3 las toneladas transportadas desde 2015\",\"datePublished\":\"2019-11-14T11:04:24+00:00\",\"mainEntityOfPage\":{\"@id\":\"https:\\\/\\\/informelitoral.com.ar\\\/el-tren-de-cargas-argentino-duplico-las-toneladas-transportadas-desde-2015\\\/\"},\"wordCount\":471,\"commentCount\":0,\"publisher\":{\"@id\":\"https:\\\/\\\/informelitoral.com.ar\\\/#organization\"},\"image\":{\"@id\":\"https:\\\/\\\/informelitoral.com.ar\\\/el-tren-de-cargas-argentino-duplico-las-toneladas-transportadas-desde-2015\\\/#primaryimage\"},\"thumbnailUrl\":\"https:\\\/\\\/informelitoral.com.ar\\\/%77%70%2d%63%6f%6e%74%65%6e%74\\\/uploads\\\/2019\\\/11\\\/tren-san-martin.jpg\",\"keywords\":[\"Agricultura\",\"Agroindustria\",\"Exportaciones\",\"Producci\u00f3n\",\"Transporte\",\"Tren\"],\"articleSection\":[\"Campo\"],\"inLanguage\":\"es\",\"potentialAction\":[{\"@type\":\"CommentAction\",\"name\":\"Comment\",\"target\":[\"https:\\\/\\\/informelitoral.com.ar\\\/el-tren-de-cargas-argentino-duplico-las-toneladas-transportadas-desde-2015\\\/#respond\"]}]},{\"@type\":\"WebPage\",\"@id\":\"https:\\\/\\\/informelitoral.com.ar\\\/el-tren-de-cargas-argentino-duplico-las-toneladas-transportadas-desde-2015\\\/\",\"url\":\"https:\\\/\\\/informelitoral.com.ar\\\/el-tren-de-cargas-argentino-duplico-las-toneladas-transportadas-desde-2015\\\/\",\"name\":\"El tren de cargas argentino duplic\u00f3 las toneladas transportadas desde 2015 - Informe Litoral\",\"isPartOf\":{\"@id\":\"https:\\\/\\\/informelitoral.com.ar\\\/#website\"},\"primaryImageOfPage\":{\"@id\":\"https:\\\/\\\/informelitoral.com.ar\\\/el-tren-de-cargas-argentino-duplico-las-toneladas-transportadas-desde-2015\\\/#primaryimage\"},\"image\":{\"@id\":\"https:\\\/\\\/informelitoral.com.ar\\\/el-tren-de-cargas-argentino-duplico-las-toneladas-transportadas-desde-2015\\\/#primaryimage\"},\"thumbnailUrl\":\"https:\\\/\\\/informelitoral.com.ar\\\/%77%70%2d%63%6f%6e%74%65%6e%74\\\/uploads\\\/2019\\\/11\\\/tren-san-martin.jpg\",\"datePublished\":\"2019-11-14T11:04:24+00:00\",\"breadcrumb\":{\"@id\":\"https:\\\/\\\/informelitoral.com.ar\\\/el-tren-de-cargas-argentino-duplico-las-toneladas-transportadas-desde-2015\\\/#breadcrumb\"},\"inLanguage\":\"es\",\"potentialAction\":[{\"@type\":\"ReadAction\",\"target\":[\"https:\\\/\\\/informelitoral.com.ar\\\/el-tren-de-cargas-argentino-duplico-las-toneladas-transportadas-desde-2015\\\/\"]}]},{\"@type\":\"ImageObject\",\"inLanguage\":\"es\",\"@id\":\"https:\\\/\\\/informelitoral.com.ar\\\/el-tren-de-cargas-argentino-duplico-las-toneladas-transportadas-desde-2015\\\/#primaryimage\",\"url\":\"https:\\\/\\\/informelitoral.com.ar\\\/%77%70%2d%63%6f%6e%74%65%6e%74\\\/uploads\\\/2019\\\/11\\\/tren-san-martin.jpg\",\"contentUrl\":\"https:\\\/\\\/informelitoral.com.ar\\\/%77%70%2d%63%6f%6e%74%65%6e%74\\\/uploads\\\/2019\\\/11\\\/tren-san-martin.jpg\",\"width\":1000,\"height\":570},{\"@type\":\"BreadcrumbList\",\"@id\":\"https:\\\/\\\/informelitoral.com.ar\\\/el-tren-de-cargas-argentino-duplico-las-toneladas-transportadas-desde-2015\\\/#breadcrumb\",\"itemListElement\":[{\"@type\":\"ListItem\",\"position\":1,\"name\":\"Portada\",\"item\":\"https:\\\/\\\/informelitoral.com.ar\\\/\"},{\"@type\":\"ListItem\",\"position\":2,\"name\":\"El tren de cargas argentino duplic\u00f3 las toneladas transportadas desde 2015\"}]},{\"@type\":\"WebSite\",\"@id\":\"https:\\\/\\\/informelitoral.com.ar\\\/#website\",\"url\":\"https:\\\/\\\/informelitoral.com.ar\\\/\",\"name\":\"Informe Litoral\",\"description\":\"&quot;Nos informamos&quot; \",\"publisher\":{\"@id\":\"https:\\\/\\\/informelitoral.com.ar\\\/#organization\"},\"potentialAction\":[{\"@type\":\"SearchAction\",\"target\":{\"@type\":\"EntryPoint\",\"urlTemplate\":\"https:\\\/\\\/informelitoral.com.ar\\\/?s={search_term_string}\"},\"query-input\":{\"@type\":\"PropertyValueSpecification\",\"valueRequired\":true,\"valueName\":\"search_term_string\"}}],\"inLanguage\":\"es\"},{\"@type\":\"Organization\",\"@id\":\"https:\\\/\\\/informelitoral.com.ar\\\/#organization\",\"name\":\"Informe Litoral\",\"url\":\"https:\\\/\\\/informelitoral.com.ar\\\/\",\"logo\":{\"@type\":\"ImageObject\",\"inLanguage\":\"es\",\"@id\":\"https:\\\/\\\/informelitoral.com.ar\\\/#\\\/schema\\\/logo\\\/image\\\/\",\"url\":\"https:\\\/\\\/informelitoral.com.ar\\\/%77%70%2d%63%6f%6e%74%65%6e%74\\\/uploads\\\/2021\\\/01\\\/circulo.png\",\"contentUrl\":\"https:\\\/\\\/informelitoral.com.ar\\\/%77%70%2d%63%6f%6e%74%65%6e%74\\\/uploads\\\/2021\\\/01\\\/circulo.png\",\"width\":723,\"height\":731,\"caption\":\"Informe Litoral\"},\"image\":{\"@id\":\"https:\\\/\\\/informelitoral.com.ar\\\/#\\\/schema\\\/logo\\\/image\\\/\"},\"sameAs\":[\"https:\\\/\\\/www.facebook.com\\\/informelitoral\\\/\",\"https:\\\/\\\/x.com\\\/InformeLitoral\",\"https:\\\/\\\/www.instagram.com\\\/informelitoral\\\/\",\"https:\\\/\\\/www.youtube.com\\\/channel\\\/UCua4Qvz8Icb6MYqhoq9xLXw\"]},{\"@type\":\"Person\",\"@id\":\"https:\\\/\\\/informelitoral.com.ar\\\/#\\\/schema\\\/person\\\/b9d00407c836482871ef1d57bf8e3180\",\"name\":\"Gonzalo Schmidt\",\"image\":{\"@type\":\"ImageObject\",\"inLanguage\":\"es\",\"@id\":\"https:\\\/\\\/secure.gravatar.com\\\/avatar\\\/31a1a7b66ff2de83bd0e9fd79d026630d2d99e55e8bfe501287647b4fd9743de?s=96&d=mm&r=g\",\"url\":\"https:\\\/\\\/secure.gravatar.com\\\/avatar\\\/31a1a7b66ff2de83bd0e9fd79d026630d2d99e55e8bfe501287647b4fd9743de?s=96&d=mm&r=g\",\"contentUrl\":\"https:\\\/\\\/secure.gravatar.com\\\/avatar\\\/31a1a7b66ff2de83bd0e9fd79d026630d2d99e55e8bfe501287647b4fd9743de?s=96&d=mm&r=g\",\"caption\":\"Gonzalo Schmidt\"},\"description\":\"Sitio web de noticias de la provincia de Entre R\u00edos, Argentina. Informaci\u00f3n y entretenimiento. Informe Litoral, nos informamos.\",\"sameAs\":[\"http:\\\/\\\/www.isletasnoticias.com.ar\"],\"url\":\"https:\\\/\\\/informelitoral.com.ar\\\/author\\\/gonzalo\\\/\"}]}<\/script>","yoast_head_json":{"title":"El tren de cargas argentino duplic\u00f3 las toneladas transportadas desde 2015 - Informe Litoral","robots":{"index":"index","follow":"follow","max-snippet":"max-snippet:-1","max-image-preview":"max-image-preview:large","max-video-preview":"max-video-preview:-1"},"canonical":"https:\/\/informelitoral.com.ar\/el-tren-de-cargas-argentino-duplico-las-toneladas-transportadas-desde-2015\/","og_locale":"es_ES","og_type":"article","og_title":"El tren de cargas argentino duplic\u00f3 las toneladas transportadas desde 2015 - Informe Litoral","og_description":"En el marco de la recuperaci\u00f3n del tren de cargas, la L\u00ednea San Mart\u00edn refleja un incremento del 102% de las toneladas transportadas en 2019 en relaci\u00f3n con 2015.","og_url":"https:\/\/informelitoral.com.ar\/el-tren-de-cargas-argentino-duplico-las-toneladas-transportadas-desde-2015\/","og_site_name":"Informe Litoral","article_publisher":"https:\/\/www.facebook.com\/informelitoral\/","article_published_time":"2019-11-14T11:04:24+00:00","og_image":[{"width":1000,"height":570,"url":"https:\/\/informelitoral.com.ar\/%77%70%2d%63%6f%6e%74%65%6e%74\/uploads\/2019\/11\/tren-san-martin.jpg","type":"image\/jpeg"}],"author":"Gonzalo Schmidt","twitter_card":"summary_large_image","twitter_creator":"@InformeLitoral","twitter_site":"@InformeLitoral","twitter_misc":{"Escrito por":"Gonzalo Schmidt","Tiempo de lectura":"2 minutos"},"schema":{"@context":"https:\/\/schema.org","@graph":[{"@type":"Article","@id":"https:\/\/informelitoral.com.ar\/el-tren-de-cargas-argentino-duplico-las-toneladas-transportadas-desde-2015\/#article","isPartOf":{"@id":"https:\/\/informelitoral.com.ar\/el-tren-de-cargas-argentino-duplico-las-toneladas-transportadas-desde-2015\/"},"author":{"name":"Gonzalo Schmidt","@id":"https:\/\/informelitoral.com.ar\/#\/schema\/person\/b9d00407c836482871ef1d57bf8e3180"},"headline":"El tren de cargas argentino duplic\u00f3 las toneladas transportadas desde 2015","datePublished":"2019-11-14T11:04:24+00:00","mainEntityOfPage":{"@id":"https:\/\/informelitoral.com.ar\/el-tren-de-cargas-argentino-duplico-las-toneladas-transportadas-desde-2015\/"},"wordCount":471,"commentCount":0,"publisher":{"@id":"https:\/\/informelitoral.com.ar\/#organization"},"image":{"@id":"https:\/\/informelitoral.com.ar\/el-tren-de-cargas-argentino-duplico-las-toneladas-transportadas-desde-2015\/#primaryimage"},"thumbnailUrl":"https:\/\/informelitoral.com.ar\/%77%70%2d%63%6f%6e%74%65%6e%74\/uploads\/2019\/11\/tren-san-martin.jpg","keywords":["Agricultura","Agroindustria","Exportaciones","Producci\u00f3n","Transporte","Tren"],"articleSection":["Campo"],"inLanguage":"es","potentialAction":[{"@type":"CommentAction","name":"Comment","target":["https:\/\/informelitoral.com.ar\/el-tren-de-cargas-argentino-duplico-las-toneladas-transportadas-desde-2015\/#respond"]}]},{"@type":"WebPage","@id":"https:\/\/informelitoral.com.ar\/el-tren-de-cargas-argentino-duplico-las-toneladas-transportadas-desde-2015\/","url":"https:\/\/informelitoral.com.ar\/el-tren-de-cargas-argentino-duplico-las-toneladas-transportadas-desde-2015\/","name":"El tren de cargas argentino duplic\u00f3 las toneladas transportadas desde 2015 - Informe Litoral","isPartOf":{"@id":"https:\/\/informelitoral.com.ar\/#website"},"primaryImageOfPage":{"@id":"https:\/\/informelitoral.com.ar\/el-tren-de-cargas-argentino-duplico-las-toneladas-transportadas-desde-2015\/#primaryimage"},"image":{"@id":"https:\/\/informelitoral.com.ar\/el-tren-de-cargas-argentino-duplico-las-toneladas-transportadas-desde-2015\/#primaryimage"},"thumbnailUrl":"https:\/\/informelitoral.com.ar\/%77%70%2d%63%6f%6e%74%65%6e%74\/uploads\/2019\/11\/tren-san-martin.jpg","datePublished":"2019-11-14T11:04:24+00:00","breadcrumb":{"@id":"https:\/\/informelitoral.com.ar\/el-tren-de-cargas-argentino-duplico-las-toneladas-transportadas-desde-2015\/#breadcrumb"},"inLanguage":"es","potentialAction":[{"@type":"ReadAction","target":["https:\/\/informelitoral.com.ar\/el-tren-de-cargas-argentino-duplico-las-toneladas-transportadas-desde-2015\/"]}]},{"@type":"ImageObject","inLanguage":"es","@id":"https:\/\/informelitoral.com.ar\/el-tren-de-cargas-argentino-duplico-las-toneladas-transportadas-desde-2015\/#primaryimage","url":"https:\/\/informelitoral.com.ar\/%77%70%2d%63%6f%6e%74%65%6e%74\/uploads\/2019\/11\/tren-san-martin.jpg","contentUrl":"https:\/\/informelitoral.com.ar\/%77%70%2d%63%6f%6e%74%65%6e%74\/uploads\/2019\/11\/tren-san-martin.jpg","width":1000,"height":570},{"@type":"BreadcrumbList","@id":"https:\/\/informelitoral.com.ar\/el-tren-de-cargas-argentino-duplico-las-toneladas-transportadas-desde-2015\/#breadcrumb","itemListElement":[{"@type":"ListItem","position":1,"name":"Portada","item":"https:\/\/informelitoral.com.ar\/"},{"@type":"ListItem","position":2,"name":"El tren de cargas argentino duplic\u00f3 las toneladas transportadas desde 2015"}]},{"@type":"WebSite","@id":"https:\/\/informelitoral.com.ar\/#website","url":"https:\/\/informelitoral.com.ar\/","name":"Informe Litoral","description":"&quot;Nos informamos&quot; ","publisher":{"@id":"https:\/\/informelitoral.com.ar\/#organization"},"potentialAction":[{"@type":"SearchAction","target":{"@type":"EntryPoint","urlTemplate":"https:\/\/informelitoral.com.ar\/?s={search_term_string}"},"query-input":{"@type":"PropertyValueSpecification","valueRequired":true,"valueName":"search_term_string"}}],"inLanguage":"es"},{"@type":"Organization","@id":"https:\/\/informelitoral.com.ar\/#organization","name":"Informe Litoral","url":"https:\/\/informelitoral.com.ar\/","logo":{"@type":"ImageObject","inLanguage":"es","@id":"https:\/\/informelitoral.com.ar\/#\/schema\/logo\/image\/","url":"https:\/\/informelitoral.com.ar\/%77%70%2d%63%6f%6e%74%65%6e%74\/uploads\/2021\/01\/circulo.png","contentUrl":"https:\/\/informelitoral.com.ar\/%77%70%2d%63%6f%6e%74%65%6e%74\/uploads\/2021\/01\/circulo.png","width":723,"height":731,"caption":"Informe Litoral"},"image":{"@id":"https:\/\/informelitoral.com.ar\/#\/schema\/logo\/image\/"},"sameAs":["https:\/\/www.facebook.com\/informelitoral\/","https:\/\/x.com\/InformeLitoral","https:\/\/www.instagram.com\/informelitoral\/","https:\/\/www.youtube.com\/channel\/UCua4Qvz8Icb6MYqhoq9xLXw"]},{"@type":"Person","@id":"https:\/\/informelitoral.com.ar\/#\/schema\/person\/b9d00407c836482871ef1d57bf8e3180","name":"Gonzalo Schmidt","image":{"@type":"ImageObject","inLanguage":"es","@id":"https:\/\/secure.gravatar.com\/avatar\/31a1a7b66ff2de83bd0e9fd79d026630d2d99e55e8bfe501287647b4fd9743de?s=96&d=mm&r=g","url":"https:\/\/secure.gravatar.com\/avatar\/31a1a7b66ff2de83bd0e9fd79d026630d2d99e55e8bfe501287647b4fd9743de?s=96&d=mm&r=g","contentUrl":"https:\/\/secure.gravatar.com\/avatar\/31a1a7b66ff2de83bd0e9fd79d026630d2d99e55e8bfe501287647b4fd9743de?s=96&d=mm&r=g","caption":"Gonzalo Schmidt"},"description":"Sitio web de noticias de la provincia de Entre R\u00edos, Argentina. Informaci\u00f3n y entretenimiento. Informe Litoral, nos informamos.","sameAs":["http:\/\/www.isletasnoticias.com.ar"],"url":"https:\/\/informelitoral.com.ar\/author\/gonzalo\/"}]}},"_links":{"self":[{"href":"https:\/\/informelitoral.com.ar\/%77%70%2d%6a%73%6f%6e\/wp\/v2\/posts\/37996","targetHints":{"allow":["GET"]}}],"collection":[{"href":"https:\/\/informelitoral.com.ar\/%77%70%2d%6a%73%6f%6e\/wp\/v2\/posts"}],"about":[{"href":"https:\/\/informelitoral.com.ar\/%77%70%2d%6a%73%6f%6e\/wp\/v2\/types\/post"}],"author":[{"embeddable":true,"href":"https:\/\/informelitoral.com.ar\/%77%70%2d%6a%73%6f%6e\/wp\/v2\/users\/2"}],"replies":[{"embeddable":true,"href":"https:\/\/informelitoral.com.ar\/%77%70%2d%6a%73%6f%6e\/wp\/v2\/comments?post=37996"}],"version-history":[{"count":0,"href":"https:\/\/informelitoral.com.ar\/%77%70%2d%6a%73%6f%6e\/wp\/v2\/posts\/37996\/revisions"}],"wp:featuredmedia":[{"embeddable":true,"href":"https:\/\/informelitoral.com.ar\/%77%70%2d%6a%73%6f%6e\/wp\/v2\/media\/37997"}],"wp:attachment":[{"href":"https:\/\/informelitoral.com.ar\/%77%70%2d%6a%73%6f%6e\/wp\/v2\/media?parent=37996"}],"wp:term":[{"taxonomy":"category","embeddable":true,"href":"https:\/\/informelitoral.com.ar\/%77%70%2d%6a%73%6f%6e\/wp\/v2\/categories?post=37996"},{"taxonomy":"post_tag","embeddable":true,"href":"https:\/\/informelitoral.com.ar\/%77%70%2d%6a%73%6f%6e\/wp\/v2\/tags?post=37996"}],"curies":[{"name":"wp","href":"https:\/\/api.w.org\/{rel}","templated":true}]}}