{"id":37779,"date":"2019-11-06T08:05:53","date_gmt":"2019-11-06T11:05:53","guid":{"rendered":"https:\/\/www.isletasnoticias.com.ar\/?p=37779"},"modified":"2019-11-06T17:11:47","modified_gmt":"2019-11-06T20:11:47","slug":"invitado-por-la-ganadera-sergio-berensztein-analizo-posibles-medidas-de-alberto-fernandez","status":"publish","type":"post","link":"https:\/\/informelitoral.com.ar\/invitado-por-la-ganadera-sergio-berensztein-analizo-posibles-medidas-de-alberto-fernandez\/","title":{"rendered":"Invitado por La Ganadera, Sergio Berensztein analiz\u00f3 posibles medidas de Alberto Fern\u00e1ndez"},"content":{"rendered":"<p>Tal como hab\u00edamos adelantado, el destacado analista pol\u00edtico<strong> Sergio Berensztein<\/strong> disert\u00f3 en <strong>General Ram\u00edrez<\/strong>, invitado por el Grupo Asegurador La Segunda y Cooperativa La Ganadera.<\/p>\n<p>En el Sal\u00f3n El Inmigrante, Berensztein hizo una revisi\u00f3n y un paralelismo entre los \u00faltimos gobiernos, realiz\u00f3 un an\u00e1lisis pormenorizado de la situaci\u00f3n actual y qu\u00e9 medidas pol\u00edtico-econ\u00f3micas podr\u00eda tomar el gobierno de<strong> Alberto Fern\u00e1ndez<\/strong> de acuerdo a las variables de los \u00faltimos a\u00f1os.<\/p>\n<p>\u00abLas condiciones actuales y el aumento constante de la actividad exigen la precisi\u00f3n y la determinaci\u00f3n de toda una serie de criterios ideol\u00f3gicamente sistematizados en un frente com\u00fan de actuaci\u00f3n regeneradora\u00bb, puntualiz\u00f3.<\/p>\n<h3><strong>Los presentes\u00a0<\/strong><\/h3>\n<p>En la oportunidad estuvieron integrantes del Consejo de administraci\u00f3n de Cooperativa La Ganadera, dirigentes del Grupo Asegurador La Segunda, de ACA Salud, Coovaeco Turismo y de la Asociaci\u00f3n de Cooperativas Argentinas. Autoridades municipales, del Centro Comercial y dem\u00e1s empresas de la ciudad y zona.<\/p>\n<p>Previo a la disertaci\u00f3n, Sergio Berensztein visit\u00f3 la sede social de la cooperativa ramirense donde se reuni\u00f3 con autoridades de La Segunda, de ACA y de instituci\u00f3n anfitriona.<\/p>\n<p>En la oportunidad, seg\u00fan pudo conocer <em><strong>IN<\/strong><\/em>, intercambiaron conceptos e ideas relacionadas con los sectores productivos, sus necesidades y la actualidad del sector cooperativo.<\/p>\n<h3><strong>La conferencia completa:\u00a0<\/strong><\/h3>\n<div class=\"youtube-embed\" data-video_id=\"w0ETlrYCXiA\"><iframe loading=\"lazy\" title=\"Conferencia Sergio Berensztein 29-10-2019.\" width=\"696\" height=\"392\" src=\"https:\/\/www.youtube.com\/embed\/w0ETlrYCXiA?feature=oembed&#038;enablejsapi=1\" frameborder=\"0\" allow=\"accelerometer; autoplay; encrypted-media; gyroscope; picture-in-picture\" allowfullscreen><\/iframe><\/div>\n","protected":false},"excerpt":{"rendered":"<p>El reconocido analista pol\u00edtico brind\u00f3 una disertaci\u00f3n en General Ram\u00edrez. Ante empresarios, pol\u00edticos locales y productores traz\u00f3 un panorama sobre qu\u00e9 espera desde el 10 de diciembre. <\/p>\n","protected":false},"author":2,"featured_media":37367,"comment_status":"open","ping_status":"open","sticky":false,"template":"","format":"standard","meta":{"fifu_image_url":"","fifu_image_alt":"","footnotes":""},"categories":[5],"tags":[137,556,55],"class_list":{"0":"post-37779","1":"post","2":"type-post","3":"status-publish","4":"format-standard","5":"has-post-thumbnail","7":"category-zonales","8":"tag-cooperativa","9":"tag-general-ramirez","10":"tag-la-ganadera"},"yoast_head":"<title>Invitado por La Ganadera, Sergio Berensztein analiz\u00f3 posibles medidas de Alberto Fern\u00e1ndez - Informe Litoral<\/title>\n<meta name=\"robots\" content=\"index, follow, max-snippet:-1, max-image-preview:large, max-video-preview:-1\" \/>\n<link rel=\"canonical\" href=\"https:\/\/informelitoral.com.ar\/invitado-por-la-ganadera-sergio-berensztein-analizo-posibles-medidas-de-alberto-fernandez\/\" \/>\n<meta property=\"og:locale\" content=\"es_ES\" \/>\n<meta property=\"og:type\" content=\"article\" \/>\n<meta property=\"og:title\" content=\"Invitado por La Ganadera, Sergio Berensztein analiz\u00f3 posibles medidas de Alberto Fern\u00e1ndez - Informe Litoral\" \/>\n<meta property=\"og:description\" content=\"El reconocido analista pol\u00edtico brind\u00f3 una disertaci\u00f3n en General Ram\u00edrez. Ante empresarios, pol\u00edticos locales y productores traz\u00f3 un panorama sobre qu\u00e9 espera desde el 10 de diciembre.\" \/>\n<meta property=\"og:url\" content=\"https:\/\/informelitoral.com.ar\/invitado-por-la-ganadera-sergio-berensztein-analizo-posibles-medidas-de-alberto-fernandez\/\" \/>\n<meta property=\"og:site_name\" content=\"Informe Litoral\" \/>\n<meta property=\"article:publisher\" content=\"https:\/\/www.facebook.com\/informelitoral\/\" \/>\n<meta property=\"article:published_time\" content=\"2019-11-06T11:05:53+00:00\" \/>\n<meta property=\"article:modified_time\" content=\"2019-11-06T20:11:47+00:00\" \/>\n<meta property=\"og:image\" content=\"https:\/\/informelitoral.com.ar\/%77%70%2d%63%6f%6e%74%65%6e%74\/uploads\/2019\/10\/sergio-berensztein.jpg\" \/>\n\t<meta property=\"og:image:width\" content=\"777\" \/>\n\t<meta property=\"og:image:height\" content=\"437\" \/>\n\t<meta property=\"og:image:type\" content=\"image\/jpeg\" \/>\n<meta name=\"author\" content=\"Gonzalo Schmidt\" \/>\n<meta name=\"twitter:card\" content=\"summary_large_image\" \/>\n<meta name=\"twitter:creator\" content=\"@InformeLitoral\" \/>\n<meta name=\"twitter:site\" content=\"@InformeLitoral\" \/>\n<meta name=\"twitter:label1\" content=\"Escrito por\" \/>\n\t<meta name=\"twitter:data1\" content=\"Gonzalo Schmidt\" \/>\n\t<meta name=\"twitter:label2\" content=\"Tiempo de lectura\" \/>\n\t<meta name=\"twitter:data2\" content=\"1 minuto\" \/>\n<script type=\"application\/ld+json\" class=\"yoast-schema-graph\">{\"@context\":\"https:\\\/\\\/schema.org\",\"@graph\":[{\"@type\":\"Article\",\"@id\":\"https:\\\/\\\/informelitoral.com.ar\\\/invitado-por-la-ganadera-sergio-berensztein-analizo-posibles-medidas-de-alberto-fernandez\\\/#article\",\"isPartOf\":{\"@id\":\"https:\\\/\\\/informelitoral.com.ar\\\/invitado-por-la-ganadera-sergio-berensztein-analizo-posibles-medidas-de-alberto-fernandez\\\/\"},\"author\":{\"name\":\"Gonzalo Schmidt\",\"@id\":\"https:\\\/\\\/informelitoral.com.ar\\\/#\\\/schema\\\/person\\\/b9d00407c836482871ef1d57bf8e3180\"},\"headline\":\"Invitado por La Ganadera, Sergio Berensztein analiz\u00f3 posibles medidas de Alberto Fern\u00e1ndez\",\"datePublished\":\"2019-11-06T11:05:53+00:00\",\"dateModified\":\"2019-11-06T20:11:47+00:00\",\"mainEntityOfPage\":{\"@id\":\"https:\\\/\\\/informelitoral.com.ar\\\/invitado-por-la-ganadera-sergio-berensztein-analizo-posibles-medidas-de-alberto-fernandez\\\/\"},\"wordCount\":246,\"commentCount\":0,\"publisher\":{\"@id\":\"https:\\\/\\\/informelitoral.com.ar\\\/#organization\"},\"image\":{\"@id\":\"https:\\\/\\\/informelitoral.com.ar\\\/invitado-por-la-ganadera-sergio-berensztein-analizo-posibles-medidas-de-alberto-fernandez\\\/#primaryimage\"},\"thumbnailUrl\":\"https:\\\/\\\/informelitoral.com.ar\\\/%77%70%2d%63%6f%6e%74%65%6e%74\\\/uploads\\\/2019\\\/10\\\/sergio-berensztein.jpg\",\"keywords\":[\"Cooperativa\",\"General Ram\u00edrez\",\"La Ganadera\"],\"articleSection\":[\"Departamento Diamante\"],\"inLanguage\":\"es\",\"potentialAction\":[{\"@type\":\"CommentAction\",\"name\":\"Comment\",\"target\":[\"https:\\\/\\\/informelitoral.com.ar\\\/invitado-por-la-ganadera-sergio-berensztein-analizo-posibles-medidas-de-alberto-fernandez\\\/#respond\"]}]},{\"@type\":\"WebPage\",\"@id\":\"https:\\\/\\\/informelitoral.com.ar\\\/invitado-por-la-ganadera-sergio-berensztein-analizo-posibles-medidas-de-alberto-fernandez\\\/\",\"url\":\"https:\\\/\\\/informelitoral.com.ar\\\/invitado-por-la-ganadera-sergio-berensztein-analizo-posibles-medidas-de-alberto-fernandez\\\/\",\"name\":\"Invitado por La Ganadera, Sergio Berensztein analiz\u00f3 posibles medidas de Alberto Fern\u00e1ndez - Informe Litoral\",\"isPartOf\":{\"@id\":\"https:\\\/\\\/informelitoral.com.ar\\\/#website\"},\"primaryImageOfPage\":{\"@id\":\"https:\\\/\\\/informelitoral.com.ar\\\/invitado-por-la-ganadera-sergio-berensztein-analizo-posibles-medidas-de-alberto-fernandez\\\/#primaryimage\"},\"image\":{\"@id\":\"https:\\\/\\\/informelitoral.com.ar\\\/invitado-por-la-ganadera-sergio-berensztein-analizo-posibles-medidas-de-alberto-fernandez\\\/#primaryimage\"},\"thumbnailUrl\":\"https:\\\/\\\/informelitoral.com.ar\\\/%77%70%2d%63%6f%6e%74%65%6e%74\\\/uploads\\\/2019\\\/10\\\/sergio-berensztein.jpg\",\"datePublished\":\"2019-11-06T11:05:53+00:00\",\"dateModified\":\"2019-11-06T20:11:47+00:00\",\"breadcrumb\":{\"@id\":\"https:\\\/\\\/informelitoral.com.ar\\\/invitado-por-la-ganadera-sergio-berensztein-analizo-posibles-medidas-de-alberto-fernandez\\\/#breadcrumb\"},\"inLanguage\":\"es\",\"potentialAction\":[{\"@type\":\"ReadAction\",\"target\":[\"https:\\\/\\\/informelitoral.com.ar\\\/invitado-por-la-ganadera-sergio-berensztein-analizo-posibles-medidas-de-alberto-fernandez\\\/\"]}]},{\"@type\":\"ImageObject\",\"inLanguage\":\"es\",\"@id\":\"https:\\\/\\\/informelitoral.com.ar\\\/invitado-por-la-ganadera-sergio-berensztein-analizo-posibles-medidas-de-alberto-fernandez\\\/#primaryimage\",\"url\":\"https:\\\/\\\/informelitoral.com.ar\\\/%77%70%2d%63%6f%6e%74%65%6e%74\\\/uploads\\\/2019\\\/10\\\/sergio-berensztein.jpg\",\"contentUrl\":\"https:\\\/\\\/informelitoral.com.ar\\\/%77%70%2d%63%6f%6e%74%65%6e%74\\\/uploads\\\/2019\\\/10\\\/sergio-berensztein.jpg\",\"width\":777,\"height\":437},{\"@type\":\"BreadcrumbList\",\"@id\":\"https:\\\/\\\/informelitoral.com.ar\\\/invitado-por-la-ganadera-sergio-berensztein-analizo-posibles-medidas-de-alberto-fernandez\\\/#breadcrumb\",\"itemListElement\":[{\"@type\":\"ListItem\",\"position\":1,\"name\":\"Portada\",\"item\":\"https:\\\/\\\/informelitoral.com.ar\\\/\"},{\"@type\":\"ListItem\",\"position\":2,\"name\":\"Invitado por La Ganadera, Sergio Berensztein analiz\u00f3 posibles medidas de Alberto Fern\u00e1ndez\"}]},{\"@type\":\"WebSite\",\"@id\":\"https:\\\/\\\/informelitoral.com.ar\\\/#website\",\"url\":\"https:\\\/\\\/informelitoral.com.ar\\\/\",\"name\":\"Informe Litoral\",\"description\":\"&quot;Nos informamos&quot; \",\"publisher\":{\"@id\":\"https:\\\/\\\/informelitoral.com.ar\\\/#organization\"},\"potentialAction\":[{\"@type\":\"SearchAction\",\"target\":{\"@type\":\"EntryPoint\",\"urlTemplate\":\"https:\\\/\\\/informelitoral.com.ar\\\/?s={search_term_string}\"},\"query-input\":{\"@type\":\"PropertyValueSpecification\",\"valueRequired\":true,\"valueName\":\"search_term_string\"}}],\"inLanguage\":\"es\"},{\"@type\":\"Organization\",\"@id\":\"https:\\\/\\\/informelitoral.com.ar\\\/#organization\",\"name\":\"Informe Litoral\",\"url\":\"https:\\\/\\\/informelitoral.com.ar\\\/\",\"logo\":{\"@type\":\"ImageObject\",\"inLanguage\":\"es\",\"@id\":\"https:\\\/\\\/informelitoral.com.ar\\\/#\\\/schema\\\/logo\\\/image\\\/\",\"url\":\"https:\\\/\\\/informelitoral.com.ar\\\/%77%70%2d%63%6f%6e%74%65%6e%74\\\/uploads\\\/2021\\\/01\\\/circulo.png\",\"contentUrl\":\"https:\\\/\\\/informelitoral.com.ar\\\/%77%70%2d%63%6f%6e%74%65%6e%74\\\/uploads\\\/2021\\\/01\\\/circulo.png\",\"width\":723,\"height\":731,\"caption\":\"Informe Litoral\"},\"image\":{\"@id\":\"https:\\\/\\\/informelitoral.com.ar\\\/#\\\/schema\\\/logo\\\/image\\\/\"},\"sameAs\":[\"https:\\\/\\\/www.facebook.com\\\/informelitoral\\\/\",\"https:\\\/\\\/x.com\\\/InformeLitoral\",\"https:\\\/\\\/www.instagram.com\\\/informelitoral\\\/\",\"https:\\\/\\\/www.youtube.com\\\/channel\\\/UCua4Qvz8Icb6MYqhoq9xLXw\"]},{\"@type\":\"Person\",\"@id\":\"https:\\\/\\\/informelitoral.com.ar\\\/#\\\/schema\\\/person\\\/b9d00407c836482871ef1d57bf8e3180\",\"name\":\"Gonzalo Schmidt\",\"image\":{\"@type\":\"ImageObject\",\"inLanguage\":\"es\",\"@id\":\"https:\\\/\\\/secure.gravatar.com\\\/avatar\\\/31a1a7b66ff2de83bd0e9fd79d026630d2d99e55e8bfe501287647b4fd9743de?s=96&d=mm&r=g\",\"url\":\"https:\\\/\\\/secure.gravatar.com\\\/avatar\\\/31a1a7b66ff2de83bd0e9fd79d026630d2d99e55e8bfe501287647b4fd9743de?s=96&d=mm&r=g\",\"contentUrl\":\"https:\\\/\\\/secure.gravatar.com\\\/avatar\\\/31a1a7b66ff2de83bd0e9fd79d026630d2d99e55e8bfe501287647b4fd9743de?s=96&d=mm&r=g\",\"caption\":\"Gonzalo Schmidt\"},\"description\":\"Sitio web de noticias de la provincia de Entre R\u00edos, Argentina. Informaci\u00f3n y entretenimiento. Informe Litoral, nos informamos.\",\"sameAs\":[\"http:\\\/\\\/www.isletasnoticias.com.ar\"],\"url\":\"https:\\\/\\\/informelitoral.com.ar\\\/author\\\/gonzalo\\\/\"}]}<\/script>","yoast_head_json":{"title":"Invitado por La Ganadera, Sergio Berensztein analiz\u00f3 posibles medidas de Alberto Fern\u00e1ndez - Informe Litoral","robots":{"index":"index","follow":"follow","max-snippet":"max-snippet:-1","max-image-preview":"max-image-preview:large","max-video-preview":"max-video-preview:-1"},"canonical":"https:\/\/informelitoral.com.ar\/invitado-por-la-ganadera-sergio-berensztein-analizo-posibles-medidas-de-alberto-fernandez\/","og_locale":"es_ES","og_type":"article","og_title":"Invitado por La Ganadera, Sergio Berensztein analiz\u00f3 posibles medidas de Alberto Fern\u00e1ndez - Informe Litoral","og_description":"El reconocido analista pol\u00edtico brind\u00f3 una disertaci\u00f3n en General Ram\u00edrez. Ante empresarios, pol\u00edticos locales y productores traz\u00f3 un panorama sobre qu\u00e9 espera desde el 10 de diciembre.","og_url":"https:\/\/informelitoral.com.ar\/invitado-por-la-ganadera-sergio-berensztein-analizo-posibles-medidas-de-alberto-fernandez\/","og_site_name":"Informe Litoral","article_publisher":"https:\/\/www.facebook.com\/informelitoral\/","article_published_time":"2019-11-06T11:05:53+00:00","article_modified_time":"2019-11-06T20:11:47+00:00","og_image":[{"width":777,"height":437,"url":"https:\/\/informelitoral.com.ar\/%77%70%2d%63%6f%6e%74%65%6e%74\/uploads\/2019\/10\/sergio-berensztein.jpg","type":"image\/jpeg"}],"author":"Gonzalo Schmidt","twitter_card":"summary_large_image","twitter_creator":"@InformeLitoral","twitter_site":"@InformeLitoral","twitter_misc":{"Escrito por":"Gonzalo Schmidt","Tiempo de lectura":"1 minuto"},"schema":{"@context":"https:\/\/schema.org","@graph":[{"@type":"Article","@id":"https:\/\/informelitoral.com.ar\/invitado-por-la-ganadera-sergio-berensztein-analizo-posibles-medidas-de-alberto-fernandez\/#article","isPartOf":{"@id":"https:\/\/informelitoral.com.ar\/invitado-por-la-ganadera-sergio-berensztein-analizo-posibles-medidas-de-alberto-fernandez\/"},"author":{"name":"Gonzalo Schmidt","@id":"https:\/\/informelitoral.com.ar\/#\/schema\/person\/b9d00407c836482871ef1d57bf8e3180"},"headline":"Invitado por La Ganadera, Sergio Berensztein analiz\u00f3 posibles medidas de Alberto Fern\u00e1ndez","datePublished":"2019-11-06T11:05:53+00:00","dateModified":"2019-11-06T20:11:47+00:00","mainEntityOfPage":{"@id":"https:\/\/informelitoral.com.ar\/invitado-por-la-ganadera-sergio-berensztein-analizo-posibles-medidas-de-alberto-fernandez\/"},"wordCount":246,"commentCount":0,"publisher":{"@id":"https:\/\/informelitoral.com.ar\/#organization"},"image":{"@id":"https:\/\/informelitoral.com.ar\/invitado-por-la-ganadera-sergio-berensztein-analizo-posibles-medidas-de-alberto-fernandez\/#primaryimage"},"thumbnailUrl":"https:\/\/informelitoral.com.ar\/%77%70%2d%63%6f%6e%74%65%6e%74\/uploads\/2019\/10\/sergio-berensztein.jpg","keywords":["Cooperativa","General Ram\u00edrez","La Ganadera"],"articleSection":["Departamento Diamante"],"inLanguage":"es","potentialAction":[{"@type":"CommentAction","name":"Comment","target":["https:\/\/informelitoral.com.ar\/invitado-por-la-ganadera-sergio-berensztein-analizo-posibles-medidas-de-alberto-fernandez\/#respond"]}]},{"@type":"WebPage","@id":"https:\/\/informelitoral.com.ar\/invitado-por-la-ganadera-sergio-berensztein-analizo-posibles-medidas-de-alberto-fernandez\/","url":"https:\/\/informelitoral.com.ar\/invitado-por-la-ganadera-sergio-berensztein-analizo-posibles-medidas-de-alberto-fernandez\/","name":"Invitado por La Ganadera, Sergio Berensztein analiz\u00f3 posibles medidas de Alberto Fern\u00e1ndez - Informe Litoral","isPartOf":{"@id":"https:\/\/informelitoral.com.ar\/#website"},"primaryImageOfPage":{"@id":"https:\/\/informelitoral.com.ar\/invitado-por-la-ganadera-sergio-berensztein-analizo-posibles-medidas-de-alberto-fernandez\/#primaryimage"},"image":{"@id":"https:\/\/informelitoral.com.ar\/invitado-por-la-ganadera-sergio-berensztein-analizo-posibles-medidas-de-alberto-fernandez\/#primaryimage"},"thumbnailUrl":"https:\/\/informelitoral.com.ar\/%77%70%2d%63%6f%6e%74%65%6e%74\/uploads\/2019\/10\/sergio-berensztein.jpg","datePublished":"2019-11-06T11:05:53+00:00","dateModified":"2019-11-06T20:11:47+00:00","breadcrumb":{"@id":"https:\/\/informelitoral.com.ar\/invitado-por-la-ganadera-sergio-berensztein-analizo-posibles-medidas-de-alberto-fernandez\/#breadcrumb"},"inLanguage":"es","potentialAction":[{"@type":"ReadAction","target":["https:\/\/informelitoral.com.ar\/invitado-por-la-ganadera-sergio-berensztein-analizo-posibles-medidas-de-alberto-fernandez\/"]}]},{"@type":"ImageObject","inLanguage":"es","@id":"https:\/\/informelitoral.com.ar\/invitado-por-la-ganadera-sergio-berensztein-analizo-posibles-medidas-de-alberto-fernandez\/#primaryimage","url":"https:\/\/informelitoral.com.ar\/%77%70%2d%63%6f%6e%74%65%6e%74\/uploads\/2019\/10\/sergio-berensztein.jpg","contentUrl":"https:\/\/informelitoral.com.ar\/%77%70%2d%63%6f%6e%74%65%6e%74\/uploads\/2019\/10\/sergio-berensztein.jpg","width":777,"height":437},{"@type":"BreadcrumbList","@id":"https:\/\/informelitoral.com.ar\/invitado-por-la-ganadera-sergio-berensztein-analizo-posibles-medidas-de-alberto-fernandez\/#breadcrumb","itemListElement":[{"@type":"ListItem","position":1,"name":"Portada","item":"https:\/\/informelitoral.com.ar\/"},{"@type":"ListItem","position":2,"name":"Invitado por La Ganadera, Sergio Berensztein analiz\u00f3 posibles medidas de Alberto Fern\u00e1ndez"}]},{"@type":"WebSite","@id":"https:\/\/informelitoral.com.ar\/#website","url":"https:\/\/informelitoral.com.ar\/","name":"Informe Litoral","description":"&quot;Nos informamos&quot; ","publisher":{"@id":"https:\/\/informelitoral.com.ar\/#organization"},"potentialAction":[{"@type":"SearchAction","target":{"@type":"EntryPoint","urlTemplate":"https:\/\/informelitoral.com.ar\/?s={search_term_string}"},"query-input":{"@type":"PropertyValueSpecification","valueRequired":true,"valueName":"search_term_string"}}],"inLanguage":"es"},{"@type":"Organization","@id":"https:\/\/informelitoral.com.ar\/#organization","name":"Informe Litoral","url":"https:\/\/informelitoral.com.ar\/","logo":{"@type":"ImageObject","inLanguage":"es","@id":"https:\/\/informelitoral.com.ar\/#\/schema\/logo\/image\/","url":"https:\/\/informelitoral.com.ar\/%77%70%2d%63%6f%6e%74%65%6e%74\/uploads\/2021\/01\/circulo.png","contentUrl":"https:\/\/informelitoral.com.ar\/%77%70%2d%63%6f%6e%74%65%6e%74\/uploads\/2021\/01\/circulo.png","width":723,"height":731,"caption":"Informe Litoral"},"image":{"@id":"https:\/\/informelitoral.com.ar\/#\/schema\/logo\/image\/"},"sameAs":["https:\/\/www.facebook.com\/informelitoral\/","https:\/\/x.com\/InformeLitoral","https:\/\/www.instagram.com\/informelitoral\/","https:\/\/www.youtube.com\/channel\/UCua4Qvz8Icb6MYqhoq9xLXw"]},{"@type":"Person","@id":"https:\/\/informelitoral.com.ar\/#\/schema\/person\/b9d00407c836482871ef1d57bf8e3180","name":"Gonzalo Schmidt","image":{"@type":"ImageObject","inLanguage":"es","@id":"https:\/\/secure.gravatar.com\/avatar\/31a1a7b66ff2de83bd0e9fd79d026630d2d99e55e8bfe501287647b4fd9743de?s=96&d=mm&r=g","url":"https:\/\/secure.gravatar.com\/avatar\/31a1a7b66ff2de83bd0e9fd79d026630d2d99e55e8bfe501287647b4fd9743de?s=96&d=mm&r=g","contentUrl":"https:\/\/secure.gravatar.com\/avatar\/31a1a7b66ff2de83bd0e9fd79d026630d2d99e55e8bfe501287647b4fd9743de?s=96&d=mm&r=g","caption":"Gonzalo Schmidt"},"description":"Sitio web de noticias de la provincia de Entre R\u00edos, Argentina. Informaci\u00f3n y entretenimiento. Informe Litoral, nos informamos.","sameAs":["http:\/\/www.isletasnoticias.com.ar"],"url":"https:\/\/informelitoral.com.ar\/author\/gonzalo\/"}]}},"_links":{"self":[{"href":"https:\/\/informelitoral.com.ar\/%77%70%2d%6a%73%6f%6e\/wp\/v2\/posts\/37779","targetHints":{"allow":["GET"]}}],"collection":[{"href":"https:\/\/informelitoral.com.ar\/%77%70%2d%6a%73%6f%6e\/wp\/v2\/posts"}],"about":[{"href":"https:\/\/informelitoral.com.ar\/%77%70%2d%6a%73%6f%6e\/wp\/v2\/types\/post"}],"author":[{"embeddable":true,"href":"https:\/\/informelitoral.com.ar\/%77%70%2d%6a%73%6f%6e\/wp\/v2\/users\/2"}],"replies":[{"embeddable":true,"href":"https:\/\/informelitoral.com.ar\/%77%70%2d%6a%73%6f%6e\/wp\/v2\/comments?post=37779"}],"version-history":[{"count":0,"href":"https:\/\/informelitoral.com.ar\/%77%70%2d%6a%73%6f%6e\/wp\/v2\/posts\/37779\/revisions"}],"wp:featuredmedia":[{"embeddable":true,"href":"https:\/\/informelitoral.com.ar\/%77%70%2d%6a%73%6f%6e\/wp\/v2\/media\/37367"}],"wp:attachment":[{"href":"https:\/\/informelitoral.com.ar\/%77%70%2d%6a%73%6f%6e\/wp\/v2\/media?parent=37779"}],"wp:term":[{"taxonomy":"category","embeddable":true,"href":"https:\/\/informelitoral.com.ar\/%77%70%2d%6a%73%6f%6e\/wp\/v2\/categories?post=37779"},{"taxonomy":"post_tag","embeddable":true,"href":"https:\/\/informelitoral.com.ar\/%77%70%2d%6a%73%6f%6e\/wp\/v2\/tags?post=37779"}],"curies":[{"name":"wp","href":"https:\/\/api.w.org\/{rel}","templated":true}]}}