{"id":37776,"date":"2019-11-06T07:43:57","date_gmt":"2019-11-06T10:43:57","guid":{"rendered":"https:\/\/www.isletasnoticias.com.ar\/?p=37776"},"modified":"2019-11-06T07:43:57","modified_gmt":"2019-11-06T10:43:57","slug":"escrutinio-definitivo-alberto-fernandez-logro-el-4824-de-los-votos-y-mauricio-macri-el-4028","status":"publish","type":"post","link":"https:\/\/informelitoral.com.ar\/escrutinio-definitivo-alberto-fernandez-logro-el-4824-de-los-votos-y-mauricio-macri-el-4028\/","title":{"rendered":"Escrutinio definitivo: Alberto Fern\u00e1ndez logr\u00f3 el 48,24% de los votos y Mauricio Macri el 40,28%"},"content":{"rendered":"<div class=\"row pb-content-type-text\">\n<div class=\"col-xs-12 col-print-12\">\n<p class=\"element element-paragraph\"><b>La victoria presidencial de Alberto Fern\u00e1ndez se construy\u00f3 en los votos obtenidos en el conurbano bonaerense y en el norte de la Argentina,\u00a0<\/b>si se observan las cifras del escrutinio definitivo realizado por la C\u00e1mara Nacional Electoral (CNE). Asimismo, la C\u00e1mara Nacional Electoral determin\u00f3 que Fern\u00e1ndez obtuvo<b>\u00a012.942.183 de votos y 48,24%<\/b>\u00a0del padr\u00f3n electoral frente a los\u00a0<b>10.805.634 de votos y el 40,28%<\/b>\u00a0del padr\u00f3n logrados por Mauricio Macri y su coalici\u00f3n Juntos por el Cambio.<\/p>\n<\/div>\n<\/div>\n<div class=\"row pb-content-type-text\">\n<div class=\"col-xs-12 col-print-12\">\n<p class=\"element element-paragraph\"><mark class=\"hl_yellow\">Mar\u00eda Eugenia Vidal fue derrotada por Axel Kicillof en la provincia de Buenos Aires, y su caudal de votos fue menor al esperado: 38 por ciento de los sufragios ante el 52 por ciento que logr\u00f3 el futuro gobernador bonaerense. Esa diferencia a favor de Kicillof es clave para entender la victoria de la f\u00f3rmula Fern\u00e1ndez-Fern\u00e1ndez de Kirchner.<\/mark><\/p>\n<\/div>\n<\/div>\n<div class=\"row pb-content-type-text\">\n<div class=\"col-xs-12 col-print-12\">\n<p class=\"element element-paragraph\">En Formosa, Catamarca. Jujuy (que est\u00e1 gobernada por la Coalici\u00f3n Juntos por el Cambio), Tucum\u00e1n, Salta, Chaco, La Rioja y Santiago del Estero,<b>\u00a0el candidato del Frente de Todos logr\u00f3 un triunfo apabullante sobre Macri. Son provincias que, separadas, tienen poco impacto electoral, pero que juntas re\u00fanen un caudal que no es despreciable.<\/b> Por ejemplo, en Formosa Fern\u00e1ndez derrot\u00f3 a Macri por 65,41% a 28,24%, en Tucum\u00e1n por 57,78% a 33,91% y en Chaco por 55,73% a Macri 35,58%.<\/p>\n<p class=\"element element-paragraph\">Distinta fue la situaci\u00f3n en C\u00f3rdoba, ya que casi no se modificaron los n\u00fameros del escrutinio provisorio. Macri se impuso con el 61,31% sobre Fern\u00e1ndez, que obtuvo 29,21% de los sufragios. <b>El candidato de Juntos por el Cambio obtuvo 1.394.104 votos en la provincia mediterr\u00e1nea, 15.270 m\u00e1s que en el conteo preliminar.<\/b><\/p>\n<\/div>\n<\/div>\n<div class=\"row pb-content-type-text\">\n<div class=\"col-xs-12 col-print-12\">\n<p class=\"element element-paragraph\"><b>En Mendoza tampoco hubo casi variaciones respecto de los resultados computados en el conteo provisorio.<\/b> Macri gan\u00f3 con el 50,1% al conseguir 576.493 votos (9.050 m\u00e1s que en el provisorio), y logr\u00f3 as\u00ed en la provincia gobernada por el radical Alfredo Cornejo imponerse por 12,27 puntos sobre Fern\u00e1ndez.<\/p>\n<p class=\"element element-paragraph\">Mientras tanto, en <b>Santiago del Estero,<\/b>\u00a0un provincia con larga tradici\u00f3n peronista,\u00a0<mark class=\"hl_yellow\">el Frente de Todos ampli\u00f3 su diferencia al obtener 74,95% en el escrutinio definitivo, ante la f\u00f3rmula de Juntos por el Cambio, que sac\u00f3 18,37%.<\/mark>\u00a0Si bien Macri sum\u00f3 2.672 votos m\u00e1s en el conteo final, logr\u00f3 en total 340.557 votos menos que Fern\u00e1ndez, quien sum\u00f3 12.725 sufragios en el escrutinio definitivo respecto de lo conocido el domingo 27.<\/p>\n<\/div>\n<\/div>\n<div class=\"row pb-content-type-text\">\n<div class=\"col-xs-12 col-print-12\">\n<p class=\"element element-paragraph\">Entre R\u00edos fue un caso at\u00edpico en los comicios generales. Se trata de una provincia gobernada por el justicialismo que fue derrotado por escaso margen. Los datos finales indican que<b>\u00a0Macri se impuso por 1.074 votos (390.956 a 389.882)<\/b>\u00a0y que la coalici\u00f3n oficialista obtuvo\u00a0<b>dos bancas para la C\u00e1mara alta ya que en esta votaci\u00f3n el Gobierno tambi\u00e9n gan\u00f3 por apenas 1.046 votos (383.799 a 382.753).<\/b><\/p>\n<\/div>\n<\/div>\n<div class=\"row pb-content-type-text\">\n<div class=\"col-xs-12 col-print-12\">\n<p class=\"element element-paragraph\"><b>Respecto a la provincia de Neuqu\u00e9n, los resultados electorales significaron el regreso de Oscar Parrilli al Parlamento.<\/b>\u00a0En \u00e9pocas de Carlos Menen, Parrilli fue diputado y ahora, con la victoria de la f\u00f3rmula Fern\u00e1ndez-Fern\u00e1ndez de Kirchner, el exsecretario general de la Presidencia jurar\u00e1 como senador nacional.<\/p>\n<\/div>\n<\/div>\n<div class=\"row pb-content-type-text\">\n<div class=\"col-xs-12 col-print-12\">\n<p class=\"element element-paragraph\">En este sentido, a nivel presidencial, el Frente de Todos logr\u00f3 en Neuqu\u00e9n una victoria por m\u00e1s de\u00a0<b>diez puntos porcentuales<\/b>\u00a0(47,75% a 37,31%; o 194.158 a 151.698 votos).\u00a0<mark class=\"hl_yellow\">Macri hizo una apuesta institucional y pol\u00edtica en Neuqu\u00e9n, porque all\u00ed est\u00e1 Vaca Muerta, pero de poco le sirvi\u00f3: fue derrotado sin atenuantes.<\/mark><\/p>\n<\/div>\n<\/div>\n<div class=\"row pb-content-type-text\">\n<div class=\"col-xs-12 col-print-12\">\n<p class=\"element element-paragraph\">En contraste con Neuqu\u00e9n,\u00a0<b>Macri puede sentirse satisfecho con su actuaci\u00f3n electoral en la Capital Federal. Derrot\u00f3 a Fern\u00e1ndez con el 52,64 por ciento de los votos frente al 35,46 por ciento que obtuvo el l\u00edder peronista.<\/b><\/p>\n<\/div>\n<\/div>\n<div class=\"row pb-content-type-text\">\n<div class=\"col-xs-12 col-print-12\">\n<p class=\"element element-paragraph\"><b>Entonces, la cifra definitiva en la elecci\u00f3n presidencial fue de 48.24% a favor de Fern\u00e1ndez ante 40.28% que obtuvo Macri. El presidente electo asume el pr\u00f3ximo 10 de diciembre en la Casa Rosada. <\/b><em>(Infobae)<\/em><\/p>\n<\/div>\n<\/div>\n","protected":false},"excerpt":{"rendered":"<p>El escrutinio definitivo ratific\u00f3 que la victoria electoral de Alberto Fern\u00e1ndez se consolid\u00f3 en la provincia de Buenos Aires y el norte de la Argentina.<\/p>\n","protected":false},"author":2,"featured_media":37777,"comment_status":"open","ping_status":"open","sticky":false,"template":"","format":"standard","meta":{"fifu_image_url":"","fifu_image_alt":"","footnotes":""},"categories":[16],"tags":[1311,415,421,80],"class_list":{"0":"post-37776","1":"post","2":"type-post","3":"status-publish","4":"format-standard","5":"has-post-thumbnail","7":"category-politi","8":"tag-alberto-fernandez","9":"tag-elecciones","10":"tag-elecciones-2019","11":"tag-mauricio-macri"},"yoast_head":"<title>Escrutinio definitivo: Alberto Fern\u00e1ndez logr\u00f3 el 48,24% de los votos y Mauricio Macri el 40,28% - Informe Litoral<\/title>\n<meta name=\"robots\" content=\"index, follow, max-snippet:-1, max-image-preview:large, max-video-preview:-1\" \/>\n<link rel=\"canonical\" href=\"https:\/\/informelitoral.com.ar\/escrutinio-definitivo-alberto-fernandez-logro-el-4824-de-los-votos-y-mauricio-macri-el-4028\/\" \/>\n<meta property=\"og:locale\" content=\"es_ES\" \/>\n<meta property=\"og:type\" content=\"article\" \/>\n<meta property=\"og:title\" content=\"Escrutinio definitivo: Alberto Fern\u00e1ndez logr\u00f3 el 48,24% de los votos y Mauricio Macri el 40,28% - Informe Litoral\" \/>\n<meta property=\"og:description\" content=\"El escrutinio definitivo ratific\u00f3 que la victoria electoral de Alberto Fern\u00e1ndez se consolid\u00f3 en la provincia de Buenos Aires y el norte de la Argentina.\" \/>\n<meta property=\"og:url\" content=\"https:\/\/informelitoral.com.ar\/escrutinio-definitivo-alberto-fernandez-logro-el-4824-de-los-votos-y-mauricio-macri-el-4028\/\" \/>\n<meta property=\"og:site_name\" content=\"Informe Litoral\" \/>\n<meta property=\"article:publisher\" content=\"https:\/\/www.facebook.com\/informelitoral\/\" \/>\n<meta property=\"article:published_time\" content=\"2019-11-06T10:43:57+00:00\" \/>\n<meta property=\"og:image\" content=\"https:\/\/informelitoral.com.ar\/%77%70%2d%63%6f%6e%74%65%6e%74\/uploads\/2019\/11\/macri-aberto-fernandez.jpg\" \/>\n\t<meta property=\"og:image:width\" content=\"887\" \/>\n\t<meta property=\"og:image:height\" content=\"554\" \/>\n\t<meta property=\"og:image:type\" content=\"image\/jpeg\" \/>\n<meta name=\"author\" content=\"Gonzalo Schmidt\" \/>\n<meta name=\"twitter:card\" content=\"summary_large_image\" \/>\n<meta name=\"twitter:creator\" content=\"@InformeLitoral\" \/>\n<meta name=\"twitter:site\" content=\"@InformeLitoral\" \/>\n<meta name=\"twitter:label1\" content=\"Escrito por\" \/>\n\t<meta name=\"twitter:data1\" content=\"Gonzalo Schmidt\" \/>\n\t<meta name=\"twitter:label2\" content=\"Tiempo de lectura\" \/>\n\t<meta name=\"twitter:data2\" content=\"3 minutos\" \/>\n<script type=\"application\/ld+json\" class=\"yoast-schema-graph\">{\"@context\":\"https:\\\/\\\/schema.org\",\"@graph\":[{\"@type\":\"Article\",\"@id\":\"https:\\\/\\\/informelitoral.com.ar\\\/escrutinio-definitivo-alberto-fernandez-logro-el-4824-de-los-votos-y-mauricio-macri-el-4028\\\/#article\",\"isPartOf\":{\"@id\":\"https:\\\/\\\/informelitoral.com.ar\\\/escrutinio-definitivo-alberto-fernandez-logro-el-4824-de-los-votos-y-mauricio-macri-el-4028\\\/\"},\"author\":{\"name\":\"Gonzalo Schmidt\",\"@id\":\"https:\\\/\\\/informelitoral.com.ar\\\/#\\\/schema\\\/person\\\/b9d00407c836482871ef1d57bf8e3180\"},\"headline\":\"Escrutinio definitivo: Alberto Fern\u00e1ndez logr\u00f3 el 48,24% de los votos y Mauricio Macri el 40,28%\",\"datePublished\":\"2019-11-06T10:43:57+00:00\",\"mainEntityOfPage\":{\"@id\":\"https:\\\/\\\/informelitoral.com.ar\\\/escrutinio-definitivo-alberto-fernandez-logro-el-4824-de-los-votos-y-mauricio-macri-el-4028\\\/\"},\"wordCount\":643,\"commentCount\":0,\"publisher\":{\"@id\":\"https:\\\/\\\/informelitoral.com.ar\\\/#organization\"},\"image\":{\"@id\":\"https:\\\/\\\/informelitoral.com.ar\\\/escrutinio-definitivo-alberto-fernandez-logro-el-4824-de-los-votos-y-mauricio-macri-el-4028\\\/#primaryimage\"},\"thumbnailUrl\":\"https:\\\/\\\/informelitoral.com.ar\\\/%77%70%2d%63%6f%6e%74%65%6e%74\\\/uploads\\\/2019\\\/11\\\/macri-aberto-fernandez.jpg\",\"keywords\":[\"Alberto Fern\u00e1ndez\",\"Elecciones\",\"Elecciones 2019\",\"Mauricio Macri\"],\"articleSection\":[\"Politica\"],\"inLanguage\":\"es\",\"potentialAction\":[{\"@type\":\"CommentAction\",\"name\":\"Comment\",\"target\":[\"https:\\\/\\\/informelitoral.com.ar\\\/escrutinio-definitivo-alberto-fernandez-logro-el-4824-de-los-votos-y-mauricio-macri-el-4028\\\/#respond\"]}]},{\"@type\":\"WebPage\",\"@id\":\"https:\\\/\\\/informelitoral.com.ar\\\/escrutinio-definitivo-alberto-fernandez-logro-el-4824-de-los-votos-y-mauricio-macri-el-4028\\\/\",\"url\":\"https:\\\/\\\/informelitoral.com.ar\\\/escrutinio-definitivo-alberto-fernandez-logro-el-4824-de-los-votos-y-mauricio-macri-el-4028\\\/\",\"name\":\"Escrutinio definitivo: Alberto Fern\u00e1ndez logr\u00f3 el 48,24% de los votos y Mauricio Macri el 40,28% - Informe Litoral\",\"isPartOf\":{\"@id\":\"https:\\\/\\\/informelitoral.com.ar\\\/#website\"},\"primaryImageOfPage\":{\"@id\":\"https:\\\/\\\/informelitoral.com.ar\\\/escrutinio-definitivo-alberto-fernandez-logro-el-4824-de-los-votos-y-mauricio-macri-el-4028\\\/#primaryimage\"},\"image\":{\"@id\":\"https:\\\/\\\/informelitoral.com.ar\\\/escrutinio-definitivo-alberto-fernandez-logro-el-4824-de-los-votos-y-mauricio-macri-el-4028\\\/#primaryimage\"},\"thumbnailUrl\":\"https:\\\/\\\/informelitoral.com.ar\\\/%77%70%2d%63%6f%6e%74%65%6e%74\\\/uploads\\\/2019\\\/11\\\/macri-aberto-fernandez.jpg\",\"datePublished\":\"2019-11-06T10:43:57+00:00\",\"breadcrumb\":{\"@id\":\"https:\\\/\\\/informelitoral.com.ar\\\/escrutinio-definitivo-alberto-fernandez-logro-el-4824-de-los-votos-y-mauricio-macri-el-4028\\\/#breadcrumb\"},\"inLanguage\":\"es\",\"potentialAction\":[{\"@type\":\"ReadAction\",\"target\":[\"https:\\\/\\\/informelitoral.com.ar\\\/escrutinio-definitivo-alberto-fernandez-logro-el-4824-de-los-votos-y-mauricio-macri-el-4028\\\/\"]}]},{\"@type\":\"ImageObject\",\"inLanguage\":\"es\",\"@id\":\"https:\\\/\\\/informelitoral.com.ar\\\/escrutinio-definitivo-alberto-fernandez-logro-el-4824-de-los-votos-y-mauricio-macri-el-4028\\\/#primaryimage\",\"url\":\"https:\\\/\\\/informelitoral.com.ar\\\/%77%70%2d%63%6f%6e%74%65%6e%74\\\/uploads\\\/2019\\\/11\\\/macri-aberto-fernandez.jpg\",\"contentUrl\":\"https:\\\/\\\/informelitoral.com.ar\\\/%77%70%2d%63%6f%6e%74%65%6e%74\\\/uploads\\\/2019\\\/11\\\/macri-aberto-fernandez.jpg\",\"width\":887,\"height\":554},{\"@type\":\"BreadcrumbList\",\"@id\":\"https:\\\/\\\/informelitoral.com.ar\\\/escrutinio-definitivo-alberto-fernandez-logro-el-4824-de-los-votos-y-mauricio-macri-el-4028\\\/#breadcrumb\",\"itemListElement\":[{\"@type\":\"ListItem\",\"position\":1,\"name\":\"Portada\",\"item\":\"https:\\\/\\\/informelitoral.com.ar\\\/\"},{\"@type\":\"ListItem\",\"position\":2,\"name\":\"Escrutinio definitivo: Alberto Fern\u00e1ndez logr\u00f3 el 48,24% de los votos y Mauricio Macri el 40,28%\"}]},{\"@type\":\"WebSite\",\"@id\":\"https:\\\/\\\/informelitoral.com.ar\\\/#website\",\"url\":\"https:\\\/\\\/informelitoral.com.ar\\\/\",\"name\":\"Informe Litoral\",\"description\":\"&quot;Nos informamos&quot; \",\"publisher\":{\"@id\":\"https:\\\/\\\/informelitoral.com.ar\\\/#organization\"},\"potentialAction\":[{\"@type\":\"SearchAction\",\"target\":{\"@type\":\"EntryPoint\",\"urlTemplate\":\"https:\\\/\\\/informelitoral.com.ar\\\/?s={search_term_string}\"},\"query-input\":{\"@type\":\"PropertyValueSpecification\",\"valueRequired\":true,\"valueName\":\"search_term_string\"}}],\"inLanguage\":\"es\"},{\"@type\":\"Organization\",\"@id\":\"https:\\\/\\\/informelitoral.com.ar\\\/#organization\",\"name\":\"Informe Litoral\",\"url\":\"https:\\\/\\\/informelitoral.com.ar\\\/\",\"logo\":{\"@type\":\"ImageObject\",\"inLanguage\":\"es\",\"@id\":\"https:\\\/\\\/informelitoral.com.ar\\\/#\\\/schema\\\/logo\\\/image\\\/\",\"url\":\"https:\\\/\\\/informelitoral.com.ar\\\/%77%70%2d%63%6f%6e%74%65%6e%74\\\/uploads\\\/2021\\\/01\\\/circulo.png\",\"contentUrl\":\"https:\\\/\\\/informelitoral.com.ar\\\/%77%70%2d%63%6f%6e%74%65%6e%74\\\/uploads\\\/2021\\\/01\\\/circulo.png\",\"width\":723,\"height\":731,\"caption\":\"Informe Litoral\"},\"image\":{\"@id\":\"https:\\\/\\\/informelitoral.com.ar\\\/#\\\/schema\\\/logo\\\/image\\\/\"},\"sameAs\":[\"https:\\\/\\\/www.facebook.com\\\/informelitoral\\\/\",\"https:\\\/\\\/x.com\\\/InformeLitoral\",\"https:\\\/\\\/www.instagram.com\\\/informelitoral\\\/\",\"https:\\\/\\\/www.youtube.com\\\/channel\\\/UCua4Qvz8Icb6MYqhoq9xLXw\"]},{\"@type\":\"Person\",\"@id\":\"https:\\\/\\\/informelitoral.com.ar\\\/#\\\/schema\\\/person\\\/b9d00407c836482871ef1d57bf8e3180\",\"name\":\"Gonzalo Schmidt\",\"image\":{\"@type\":\"ImageObject\",\"inLanguage\":\"es\",\"@id\":\"https:\\\/\\\/secure.gravatar.com\\\/avatar\\\/31a1a7b66ff2de83bd0e9fd79d026630d2d99e55e8bfe501287647b4fd9743de?s=96&d=mm&r=g\",\"url\":\"https:\\\/\\\/secure.gravatar.com\\\/avatar\\\/31a1a7b66ff2de83bd0e9fd79d026630d2d99e55e8bfe501287647b4fd9743de?s=96&d=mm&r=g\",\"contentUrl\":\"https:\\\/\\\/secure.gravatar.com\\\/avatar\\\/31a1a7b66ff2de83bd0e9fd79d026630d2d99e55e8bfe501287647b4fd9743de?s=96&d=mm&r=g\",\"caption\":\"Gonzalo Schmidt\"},\"description\":\"Sitio web de noticias de la provincia de Entre R\u00edos, Argentina. Informaci\u00f3n y entretenimiento. Informe Litoral, nos informamos.\",\"sameAs\":[\"http:\\\/\\\/www.isletasnoticias.com.ar\"],\"url\":\"https:\\\/\\\/informelitoral.com.ar\\\/author\\\/gonzalo\\\/\"}]}<\/script>","yoast_head_json":{"title":"Escrutinio definitivo: Alberto Fern\u00e1ndez logr\u00f3 el 48,24% de los votos y Mauricio Macri el 40,28% - Informe Litoral","robots":{"index":"index","follow":"follow","max-snippet":"max-snippet:-1","max-image-preview":"max-image-preview:large","max-video-preview":"max-video-preview:-1"},"canonical":"https:\/\/informelitoral.com.ar\/escrutinio-definitivo-alberto-fernandez-logro-el-4824-de-los-votos-y-mauricio-macri-el-4028\/","og_locale":"es_ES","og_type":"article","og_title":"Escrutinio definitivo: Alberto Fern\u00e1ndez logr\u00f3 el 48,24% de los votos y Mauricio Macri el 40,28% - Informe Litoral","og_description":"El escrutinio definitivo ratific\u00f3 que la victoria electoral de Alberto Fern\u00e1ndez se consolid\u00f3 en la provincia de Buenos Aires y el norte de la Argentina.","og_url":"https:\/\/informelitoral.com.ar\/escrutinio-definitivo-alberto-fernandez-logro-el-4824-de-los-votos-y-mauricio-macri-el-4028\/","og_site_name":"Informe Litoral","article_publisher":"https:\/\/www.facebook.com\/informelitoral\/","article_published_time":"2019-11-06T10:43:57+00:00","og_image":[{"width":887,"height":554,"url":"https:\/\/informelitoral.com.ar\/%77%70%2d%63%6f%6e%74%65%6e%74\/uploads\/2019\/11\/macri-aberto-fernandez.jpg","type":"image\/jpeg"}],"author":"Gonzalo Schmidt","twitter_card":"summary_large_image","twitter_creator":"@InformeLitoral","twitter_site":"@InformeLitoral","twitter_misc":{"Escrito por":"Gonzalo Schmidt","Tiempo de lectura":"3 minutos"},"schema":{"@context":"https:\/\/schema.org","@graph":[{"@type":"Article","@id":"https:\/\/informelitoral.com.ar\/escrutinio-definitivo-alberto-fernandez-logro-el-4824-de-los-votos-y-mauricio-macri-el-4028\/#article","isPartOf":{"@id":"https:\/\/informelitoral.com.ar\/escrutinio-definitivo-alberto-fernandez-logro-el-4824-de-los-votos-y-mauricio-macri-el-4028\/"},"author":{"name":"Gonzalo Schmidt","@id":"https:\/\/informelitoral.com.ar\/#\/schema\/person\/b9d00407c836482871ef1d57bf8e3180"},"headline":"Escrutinio definitivo: Alberto Fern\u00e1ndez logr\u00f3 el 48,24% de los votos y Mauricio Macri el 40,28%","datePublished":"2019-11-06T10:43:57+00:00","mainEntityOfPage":{"@id":"https:\/\/informelitoral.com.ar\/escrutinio-definitivo-alberto-fernandez-logro-el-4824-de-los-votos-y-mauricio-macri-el-4028\/"},"wordCount":643,"commentCount":0,"publisher":{"@id":"https:\/\/informelitoral.com.ar\/#organization"},"image":{"@id":"https:\/\/informelitoral.com.ar\/escrutinio-definitivo-alberto-fernandez-logro-el-4824-de-los-votos-y-mauricio-macri-el-4028\/#primaryimage"},"thumbnailUrl":"https:\/\/informelitoral.com.ar\/%77%70%2d%63%6f%6e%74%65%6e%74\/uploads\/2019\/11\/macri-aberto-fernandez.jpg","keywords":["Alberto Fern\u00e1ndez","Elecciones","Elecciones 2019","Mauricio Macri"],"articleSection":["Politica"],"inLanguage":"es","potentialAction":[{"@type":"CommentAction","name":"Comment","target":["https:\/\/informelitoral.com.ar\/escrutinio-definitivo-alberto-fernandez-logro-el-4824-de-los-votos-y-mauricio-macri-el-4028\/#respond"]}]},{"@type":"WebPage","@id":"https:\/\/informelitoral.com.ar\/escrutinio-definitivo-alberto-fernandez-logro-el-4824-de-los-votos-y-mauricio-macri-el-4028\/","url":"https:\/\/informelitoral.com.ar\/escrutinio-definitivo-alberto-fernandez-logro-el-4824-de-los-votos-y-mauricio-macri-el-4028\/","name":"Escrutinio definitivo: Alberto Fern\u00e1ndez logr\u00f3 el 48,24% de los votos y Mauricio Macri el 40,28% - Informe Litoral","isPartOf":{"@id":"https:\/\/informelitoral.com.ar\/#website"},"primaryImageOfPage":{"@id":"https:\/\/informelitoral.com.ar\/escrutinio-definitivo-alberto-fernandez-logro-el-4824-de-los-votos-y-mauricio-macri-el-4028\/#primaryimage"},"image":{"@id":"https:\/\/informelitoral.com.ar\/escrutinio-definitivo-alberto-fernandez-logro-el-4824-de-los-votos-y-mauricio-macri-el-4028\/#primaryimage"},"thumbnailUrl":"https:\/\/informelitoral.com.ar\/%77%70%2d%63%6f%6e%74%65%6e%74\/uploads\/2019\/11\/macri-aberto-fernandez.jpg","datePublished":"2019-11-06T10:43:57+00:00","breadcrumb":{"@id":"https:\/\/informelitoral.com.ar\/escrutinio-definitivo-alberto-fernandez-logro-el-4824-de-los-votos-y-mauricio-macri-el-4028\/#breadcrumb"},"inLanguage":"es","potentialAction":[{"@type":"ReadAction","target":["https:\/\/informelitoral.com.ar\/escrutinio-definitivo-alberto-fernandez-logro-el-4824-de-los-votos-y-mauricio-macri-el-4028\/"]}]},{"@type":"ImageObject","inLanguage":"es","@id":"https:\/\/informelitoral.com.ar\/escrutinio-definitivo-alberto-fernandez-logro-el-4824-de-los-votos-y-mauricio-macri-el-4028\/#primaryimage","url":"https:\/\/informelitoral.com.ar\/%77%70%2d%63%6f%6e%74%65%6e%74\/uploads\/2019\/11\/macri-aberto-fernandez.jpg","contentUrl":"https:\/\/informelitoral.com.ar\/%77%70%2d%63%6f%6e%74%65%6e%74\/uploads\/2019\/11\/macri-aberto-fernandez.jpg","width":887,"height":554},{"@type":"BreadcrumbList","@id":"https:\/\/informelitoral.com.ar\/escrutinio-definitivo-alberto-fernandez-logro-el-4824-de-los-votos-y-mauricio-macri-el-4028\/#breadcrumb","itemListElement":[{"@type":"ListItem","position":1,"name":"Portada","item":"https:\/\/informelitoral.com.ar\/"},{"@type":"ListItem","position":2,"name":"Escrutinio definitivo: Alberto Fern\u00e1ndez logr\u00f3 el 48,24% de los votos y Mauricio Macri el 40,28%"}]},{"@type":"WebSite","@id":"https:\/\/informelitoral.com.ar\/#website","url":"https:\/\/informelitoral.com.ar\/","name":"Informe Litoral","description":"&quot;Nos informamos&quot; ","publisher":{"@id":"https:\/\/informelitoral.com.ar\/#organization"},"potentialAction":[{"@type":"SearchAction","target":{"@type":"EntryPoint","urlTemplate":"https:\/\/informelitoral.com.ar\/?s={search_term_string}"},"query-input":{"@type":"PropertyValueSpecification","valueRequired":true,"valueName":"search_term_string"}}],"inLanguage":"es"},{"@type":"Organization","@id":"https:\/\/informelitoral.com.ar\/#organization","name":"Informe Litoral","url":"https:\/\/informelitoral.com.ar\/","logo":{"@type":"ImageObject","inLanguage":"es","@id":"https:\/\/informelitoral.com.ar\/#\/schema\/logo\/image\/","url":"https:\/\/informelitoral.com.ar\/%77%70%2d%63%6f%6e%74%65%6e%74\/uploads\/2021\/01\/circulo.png","contentUrl":"https:\/\/informelitoral.com.ar\/%77%70%2d%63%6f%6e%74%65%6e%74\/uploads\/2021\/01\/circulo.png","width":723,"height":731,"caption":"Informe Litoral"},"image":{"@id":"https:\/\/informelitoral.com.ar\/#\/schema\/logo\/image\/"},"sameAs":["https:\/\/www.facebook.com\/informelitoral\/","https:\/\/x.com\/InformeLitoral","https:\/\/www.instagram.com\/informelitoral\/","https:\/\/www.youtube.com\/channel\/UCua4Qvz8Icb6MYqhoq9xLXw"]},{"@type":"Person","@id":"https:\/\/informelitoral.com.ar\/#\/schema\/person\/b9d00407c836482871ef1d57bf8e3180","name":"Gonzalo Schmidt","image":{"@type":"ImageObject","inLanguage":"es","@id":"https:\/\/secure.gravatar.com\/avatar\/31a1a7b66ff2de83bd0e9fd79d026630d2d99e55e8bfe501287647b4fd9743de?s=96&d=mm&r=g","url":"https:\/\/secure.gravatar.com\/avatar\/31a1a7b66ff2de83bd0e9fd79d026630d2d99e55e8bfe501287647b4fd9743de?s=96&d=mm&r=g","contentUrl":"https:\/\/secure.gravatar.com\/avatar\/31a1a7b66ff2de83bd0e9fd79d026630d2d99e55e8bfe501287647b4fd9743de?s=96&d=mm&r=g","caption":"Gonzalo Schmidt"},"description":"Sitio web de noticias de la provincia de Entre R\u00edos, Argentina. Informaci\u00f3n y entretenimiento. Informe Litoral, nos informamos.","sameAs":["http:\/\/www.isletasnoticias.com.ar"],"url":"https:\/\/informelitoral.com.ar\/author\/gonzalo\/"}]}},"_links":{"self":[{"href":"https:\/\/informelitoral.com.ar\/%77%70%2d%6a%73%6f%6e\/wp\/v2\/posts\/37776","targetHints":{"allow":["GET"]}}],"collection":[{"href":"https:\/\/informelitoral.com.ar\/%77%70%2d%6a%73%6f%6e\/wp\/v2\/posts"}],"about":[{"href":"https:\/\/informelitoral.com.ar\/%77%70%2d%6a%73%6f%6e\/wp\/v2\/types\/post"}],"author":[{"embeddable":true,"href":"https:\/\/informelitoral.com.ar\/%77%70%2d%6a%73%6f%6e\/wp\/v2\/users\/2"}],"replies":[{"embeddable":true,"href":"https:\/\/informelitoral.com.ar\/%77%70%2d%6a%73%6f%6e\/wp\/v2\/comments?post=37776"}],"version-history":[{"count":0,"href":"https:\/\/informelitoral.com.ar\/%77%70%2d%6a%73%6f%6e\/wp\/v2\/posts\/37776\/revisions"}],"wp:featuredmedia":[{"embeddable":true,"href":"https:\/\/informelitoral.com.ar\/%77%70%2d%6a%73%6f%6e\/wp\/v2\/media\/37777"}],"wp:attachment":[{"href":"https:\/\/informelitoral.com.ar\/%77%70%2d%6a%73%6f%6e\/wp\/v2\/media?parent=37776"}],"wp:term":[{"taxonomy":"category","embeddable":true,"href":"https:\/\/informelitoral.com.ar\/%77%70%2d%6a%73%6f%6e\/wp\/v2\/categories?post=37776"},{"taxonomy":"post_tag","embeddable":true,"href":"https:\/\/informelitoral.com.ar\/%77%70%2d%6a%73%6f%6e\/wp\/v2\/tags?post=37776"}],"curies":[{"name":"wp","href":"https:\/\/api.w.org\/{rel}","templated":true}]}}