{"id":37730,"date":"2019-11-04T18:34:32","date_gmt":"2019-11-04T21:34:32","guid":{"rendered":"https:\/\/www.isletasnoticias.com.ar\/?p=37730"},"modified":"2019-11-04T18:34:32","modified_gmt":"2019-11-04T21:34:32","slug":"alberto-fernandez-y-lopez-obrador-acordaron-profundizar-las-relaciones-comerciales","status":"publish","type":"post","link":"https:\/\/informelitoral.com.ar\/alberto-fernandez-y-lopez-obrador-acordaron-profundizar-las-relaciones-comerciales\/","title":{"rendered":"Alberto Fern\u00e1ndez y L\u00f3pez Obrador acordaron profundizar las relaciones comerciales"},"content":{"rendered":"<p><strong>Alberto Fern\u00e1ndez comenz\u00f3 con la agenda oficial de su visita por M\u00e9xico\u00a0<\/strong>con un encuentro agendado con el presidente\u00a0<strong>Andr\u00e9s Manuel L\u00f3pez Obrador<\/strong>. El c\u00f3nclave, que arranc\u00f3 hacia las 14.48 en el\u00a0<strong>Palacio Nacional\u00a0<\/strong>(hora Argentina) y dur\u00f3 unos 80 minutos, vers\u00f3 sobre la profundizaci\u00f3n de las relaciones comerciales entre ambos pa\u00edses.<\/p>\n<p>De acuerdo a voceros del gobierno de M\u00e9xico, la reuni\u00f3n se mantuvo de manera privada y sin una ceremonia protocolar, puesto que Fern\u00e1ndez a\u00fan no asumi\u00f3 el cargo de presidente. Antes de dirigirse hacia el almuerzo, los dos mandatarios\u00a0<strong>recorrieron las galer\u00edas de la sede gubernamental<\/strong>, donde se exponen destacadas\u00a0<strong>obras art\u00edsticas del pintor Diego Rivera<\/strong>.<\/p>\n<p>Se espera que Alberto Fern\u00e1ndez y Andr\u00e9s Manuel L\u00f3pez Obrador\u00a0ofrezcan una conferencia de prensa conjunta al finalizar el almuerzo. En esa recepci\u00f3n gastron\u00f3mica tambi\u00e9n asistieron la economista\u00a0<strong>Cecilia Todesca<\/strong>, el diputado nacional\u00a0<strong>Felipe Sol\u00e1<\/strong>, y el Jefe de asesores mexicano,\u00a0<strong>L\u00e1zaro Cardenas Batel<\/strong>.<\/p>\n<p>En ese contexto, el economista\u00a0<strong>Mat\u00edas Kulfas junto a Todesca y Sol\u00e1\u00a0<\/strong>-que se posiciona como futuro canciller- concretaron una\u00a0<strong>reuni\u00f3n previa\u00a0<\/strong>con miembros de la canciller\u00eda mexicana y del Ministerio de Industria para dialogar sobre los asuntos comerciales en agenda. Por la contraparte mexicana, estuvieron presentes en las cita el jefe de Oficina (el hom\u00f3logo al Jefe de Gabinete argentino)\u00a0<strong>Alfonso Romo\u00a0<\/strong>y el canciller\u00a0<strong>Marcelo Ebrar<\/strong>.<\/p>\n<p>Seg\u00fan pudo saber<em>\u00a0Infobae,<\/em>\u00a0uno de los objetivos de la agenda bilateral es concretar\u00a0<strong>nuevos acuerdos en la industria automotriz\u00a0<\/strong>y de la\u00a0<strong>carne<\/strong>.<\/p>\n<p><span style=\"text-align: center;\">Antes del encuentro, el presidente mexicano declar\u00f3 que est\u00e1 predispuesto a ayudar a que la Argentina supere la crisis. \u201c<\/span><strong style=\"text-align: center;\">Vamos a mejorar nuestras relaciones econ\u00f3micas y comerciales<\/strong><span style=\"text-align: center;\">. Hay muchas cosas que podemos hacer, y que nos ayudemos mutuamente\u201d, dijo L\u00f3pez Obrador durante una conferencia de prensa.<\/span><\/p>\n<p>Luego de la reuni\u00f3n con \u201cAMLO\u201d, Fern\u00e1ndez tiene programada una comida con el magnate mexicano\u00a0<strong>Carlos Slim<\/strong>, con el que tratar\u00e1 temas de inversi\u00f3n, y m\u00e1s tarde tiene planeado acudir a una cena con 10 importantes empresarios mexicanos. El evento\u00a0<strong>es organizado por el empresario y ahora jefe de Oficina de la Presidencia de M\u00e9xico, Alfonso Romo.<\/strong><\/p>\n<p>Entre los nombres que se especula podr\u00edan estar presentes en la cena, adem\u00e1s de Slim y Romo, est\u00e1n:\u00a0<strong>Jos\u00e9 Antonio Fern\u00e1ndez Carbajal due\u00f1o de FEMSA; Germ\u00e1n Larrea Mota Velasco de Grupo M\u00e9xico; Alberto Baill\u00e8res Gonz\u00e1lez de Grupo Bal; Armando Garza Sada de Alfa; Carlos y Patrick Slim Domit Empresas de Am\u00e9rica M\u00f3vil y Grupo Carso; Daniel Servitje del Grupo Bimbo; Ricardo Salinas Pliego de TV Azteca; y Rogelio Zambrano Lozano de Cemex.<\/strong><\/p>\n<p><strong>El martes, en tanto, Alberto Fern\u00e1ndez se reunir\u00e1 por la ma\u00f1ana con autoridades de la Universidad Nacional Aut\u00f3noma de M\u00e9xico (UNAM).<\/strong>\u00a0Por la tarde dar\u00e1 una conferencia magistral en esa casa de estudios, en la cual el eje de la conversaci\u00f3n girar\u00e1 alrededor de los desaf\u00edos de Am\u00e9rica Latina.<\/p>\n<p>El mi\u00e9rcoles por la ma\u00f1ana, Fern\u00e1ndez viajar\u00e1 de regreso a Buenos Aires en donde, dijeron sus cercanos, comenzar\u00e1 con los di\u00e1logos de transici\u00f3n.<\/p>\n","protected":false},"excerpt":{"rendered":"<p>El encuentro entre el presidente electo y el mandatario mexicano se desarroll\u00f3 en el Palacio Nacional y se extendi\u00f3 durante 80 minutos. Para cerrar el d\u00eda, Fern\u00e1ndez se reunir\u00e1 con empresarios del pa\u00eds azteca.<\/p>\n","protected":false},"author":2,"featured_media":37731,"comment_status":"open","ping_status":"open","sticky":false,"template":"","format":"standard","meta":{"fifu_image_url":"","fifu_image_alt":"","footnotes":""},"categories":[16],"tags":[1311,610,246,608,289],"class_list":{"0":"post-37730","1":"post","2":"type-post","3":"status-publish","4":"format-standard","5":"has-post-thumbnail","7":"category-politi","8":"tag-alberto-fernandez","9":"tag-andres-manuel-lopez-obrador","10":"tag-argentina","11":"tag-mexico","12":"tag-presidente"},"yoast_head":"<title>Alberto Fern\u00e1ndez y L\u00f3pez Obrador acordaron profundizar las relaciones comerciales - Informe Litoral<\/title>\n<meta name=\"robots\" content=\"index, follow, max-snippet:-1, max-image-preview:large, max-video-preview:-1\" \/>\n<link rel=\"canonical\" href=\"https:\/\/informelitoral.com.ar\/alberto-fernandez-y-lopez-obrador-acordaron-profundizar-las-relaciones-comerciales\/\" \/>\n<meta property=\"og:locale\" content=\"es_ES\" \/>\n<meta property=\"og:type\" content=\"article\" \/>\n<meta property=\"og:title\" content=\"Alberto Fern\u00e1ndez y L\u00f3pez Obrador acordaron profundizar las relaciones comerciales - Informe Litoral\" \/>\n<meta property=\"og:description\" content=\"El encuentro entre el presidente electo y el mandatario mexicano se desarroll\u00f3 en el Palacio Nacional y se extendi\u00f3 durante 80 minutos. Para cerrar el d\u00eda, Fern\u00e1ndez se reunir\u00e1 con empresarios del pa\u00eds azteca.\" \/>\n<meta property=\"og:url\" content=\"https:\/\/informelitoral.com.ar\/alberto-fernandez-y-lopez-obrador-acordaron-profundizar-las-relaciones-comerciales\/\" \/>\n<meta property=\"og:site_name\" content=\"Informe Litoral\" \/>\n<meta property=\"article:publisher\" content=\"https:\/\/www.facebook.com\/informelitoral\/\" \/>\n<meta property=\"article:published_time\" content=\"2019-11-04T21:34:32+00:00\" \/>\n<meta property=\"og:image\" content=\"https:\/\/informelitoral.com.ar\/%77%70%2d%63%6f%6e%74%65%6e%74\/uploads\/2019\/11\/fernandez-lopez-obrador.jpg\" \/>\n\t<meta property=\"og:image:width\" content=\"1140\" \/>\n\t<meta property=\"og:image:height\" content=\"640\" \/>\n\t<meta property=\"og:image:type\" content=\"image\/jpeg\" \/>\n<meta name=\"author\" content=\"Gonzalo Schmidt\" \/>\n<meta name=\"twitter:card\" content=\"summary_large_image\" \/>\n<meta name=\"twitter:creator\" content=\"@InformeLitoral\" \/>\n<meta name=\"twitter:site\" content=\"@InformeLitoral\" \/>\n<meta name=\"twitter:label1\" content=\"Escrito por\" \/>\n\t<meta name=\"twitter:data1\" content=\"Gonzalo Schmidt\" \/>\n\t<meta name=\"twitter:label2\" content=\"Tiempo de lectura\" \/>\n\t<meta name=\"twitter:data2\" content=\"3 minutos\" \/>\n<script type=\"application\/ld+json\" class=\"yoast-schema-graph\">{\"@context\":\"https:\\\/\\\/schema.org\",\"@graph\":[{\"@type\":\"Article\",\"@id\":\"https:\\\/\\\/informelitoral.com.ar\\\/alberto-fernandez-y-lopez-obrador-acordaron-profundizar-las-relaciones-comerciales\\\/#article\",\"isPartOf\":{\"@id\":\"https:\\\/\\\/informelitoral.com.ar\\\/alberto-fernandez-y-lopez-obrador-acordaron-profundizar-las-relaciones-comerciales\\\/\"},\"author\":{\"name\":\"Gonzalo Schmidt\",\"@id\":\"https:\\\/\\\/informelitoral.com.ar\\\/#\\\/schema\\\/person\\\/b9d00407c836482871ef1d57bf8e3180\"},\"headline\":\"Alberto Fern\u00e1ndez y L\u00f3pez Obrador acordaron profundizar las relaciones comerciales\",\"datePublished\":\"2019-11-04T21:34:32+00:00\",\"mainEntityOfPage\":{\"@id\":\"https:\\\/\\\/informelitoral.com.ar\\\/alberto-fernandez-y-lopez-obrador-acordaron-profundizar-las-relaciones-comerciales\\\/\"},\"wordCount\":555,\"commentCount\":0,\"publisher\":{\"@id\":\"https:\\\/\\\/informelitoral.com.ar\\\/#organization\"},\"image\":{\"@id\":\"https:\\\/\\\/informelitoral.com.ar\\\/alberto-fernandez-y-lopez-obrador-acordaron-profundizar-las-relaciones-comerciales\\\/#primaryimage\"},\"thumbnailUrl\":\"https:\\\/\\\/informelitoral.com.ar\\\/%77%70%2d%63%6f%6e%74%65%6e%74\\\/uploads\\\/2019\\\/11\\\/fernandez-lopez-obrador.jpg\",\"keywords\":[\"Alberto Fern\u00e1ndez\",\"Andr\u00e9s Manuel L\u00f3pez Obrador\",\"Argentina\",\"M\u00e9xico\",\"Presidente\"],\"articleSection\":[\"Politica\"],\"inLanguage\":\"es\",\"potentialAction\":[{\"@type\":\"CommentAction\",\"name\":\"Comment\",\"target\":[\"https:\\\/\\\/informelitoral.com.ar\\\/alberto-fernandez-y-lopez-obrador-acordaron-profundizar-las-relaciones-comerciales\\\/#respond\"]}]},{\"@type\":\"WebPage\",\"@id\":\"https:\\\/\\\/informelitoral.com.ar\\\/alberto-fernandez-y-lopez-obrador-acordaron-profundizar-las-relaciones-comerciales\\\/\",\"url\":\"https:\\\/\\\/informelitoral.com.ar\\\/alberto-fernandez-y-lopez-obrador-acordaron-profundizar-las-relaciones-comerciales\\\/\",\"name\":\"Alberto Fern\u00e1ndez y L\u00f3pez Obrador acordaron profundizar las relaciones comerciales - Informe Litoral\",\"isPartOf\":{\"@id\":\"https:\\\/\\\/informelitoral.com.ar\\\/#website\"},\"primaryImageOfPage\":{\"@id\":\"https:\\\/\\\/informelitoral.com.ar\\\/alberto-fernandez-y-lopez-obrador-acordaron-profundizar-las-relaciones-comerciales\\\/#primaryimage\"},\"image\":{\"@id\":\"https:\\\/\\\/informelitoral.com.ar\\\/alberto-fernandez-y-lopez-obrador-acordaron-profundizar-las-relaciones-comerciales\\\/#primaryimage\"},\"thumbnailUrl\":\"https:\\\/\\\/informelitoral.com.ar\\\/%77%70%2d%63%6f%6e%74%65%6e%74\\\/uploads\\\/2019\\\/11\\\/fernandez-lopez-obrador.jpg\",\"datePublished\":\"2019-11-04T21:34:32+00:00\",\"breadcrumb\":{\"@id\":\"https:\\\/\\\/informelitoral.com.ar\\\/alberto-fernandez-y-lopez-obrador-acordaron-profundizar-las-relaciones-comerciales\\\/#breadcrumb\"},\"inLanguage\":\"es\",\"potentialAction\":[{\"@type\":\"ReadAction\",\"target\":[\"https:\\\/\\\/informelitoral.com.ar\\\/alberto-fernandez-y-lopez-obrador-acordaron-profundizar-las-relaciones-comerciales\\\/\"]}]},{\"@type\":\"ImageObject\",\"inLanguage\":\"es\",\"@id\":\"https:\\\/\\\/informelitoral.com.ar\\\/alberto-fernandez-y-lopez-obrador-acordaron-profundizar-las-relaciones-comerciales\\\/#primaryimage\",\"url\":\"https:\\\/\\\/informelitoral.com.ar\\\/%77%70%2d%63%6f%6e%74%65%6e%74\\\/uploads\\\/2019\\\/11\\\/fernandez-lopez-obrador.jpg\",\"contentUrl\":\"https:\\\/\\\/informelitoral.com.ar\\\/%77%70%2d%63%6f%6e%74%65%6e%74\\\/uploads\\\/2019\\\/11\\\/fernandez-lopez-obrador.jpg\",\"width\":1140,\"height\":640},{\"@type\":\"BreadcrumbList\",\"@id\":\"https:\\\/\\\/informelitoral.com.ar\\\/alberto-fernandez-y-lopez-obrador-acordaron-profundizar-las-relaciones-comerciales\\\/#breadcrumb\",\"itemListElement\":[{\"@type\":\"ListItem\",\"position\":1,\"name\":\"Portada\",\"item\":\"https:\\\/\\\/informelitoral.com.ar\\\/\"},{\"@type\":\"ListItem\",\"position\":2,\"name\":\"Alberto Fern\u00e1ndez y L\u00f3pez Obrador acordaron profundizar las relaciones comerciales\"}]},{\"@type\":\"WebSite\",\"@id\":\"https:\\\/\\\/informelitoral.com.ar\\\/#website\",\"url\":\"https:\\\/\\\/informelitoral.com.ar\\\/\",\"name\":\"Informe Litoral\",\"description\":\"&quot;Nos informamos&quot; \",\"publisher\":{\"@id\":\"https:\\\/\\\/informelitoral.com.ar\\\/#organization\"},\"potentialAction\":[{\"@type\":\"SearchAction\",\"target\":{\"@type\":\"EntryPoint\",\"urlTemplate\":\"https:\\\/\\\/informelitoral.com.ar\\\/?s={search_term_string}\"},\"query-input\":{\"@type\":\"PropertyValueSpecification\",\"valueRequired\":true,\"valueName\":\"search_term_string\"}}],\"inLanguage\":\"es\"},{\"@type\":\"Organization\",\"@id\":\"https:\\\/\\\/informelitoral.com.ar\\\/#organization\",\"name\":\"Informe Litoral\",\"url\":\"https:\\\/\\\/informelitoral.com.ar\\\/\",\"logo\":{\"@type\":\"ImageObject\",\"inLanguage\":\"es\",\"@id\":\"https:\\\/\\\/informelitoral.com.ar\\\/#\\\/schema\\\/logo\\\/image\\\/\",\"url\":\"https:\\\/\\\/informelitoral.com.ar\\\/%77%70%2d%63%6f%6e%74%65%6e%74\\\/uploads\\\/2021\\\/01\\\/circulo.png\",\"contentUrl\":\"https:\\\/\\\/informelitoral.com.ar\\\/%77%70%2d%63%6f%6e%74%65%6e%74\\\/uploads\\\/2021\\\/01\\\/circulo.png\",\"width\":723,\"height\":731,\"caption\":\"Informe Litoral\"},\"image\":{\"@id\":\"https:\\\/\\\/informelitoral.com.ar\\\/#\\\/schema\\\/logo\\\/image\\\/\"},\"sameAs\":[\"https:\\\/\\\/www.facebook.com\\\/informelitoral\\\/\",\"https:\\\/\\\/x.com\\\/InformeLitoral\",\"https:\\\/\\\/www.instagram.com\\\/informelitoral\\\/\",\"https:\\\/\\\/www.youtube.com\\\/channel\\\/UCua4Qvz8Icb6MYqhoq9xLXw\"]},{\"@type\":\"Person\",\"@id\":\"https:\\\/\\\/informelitoral.com.ar\\\/#\\\/schema\\\/person\\\/b9d00407c836482871ef1d57bf8e3180\",\"name\":\"Gonzalo Schmidt\",\"image\":{\"@type\":\"ImageObject\",\"inLanguage\":\"es\",\"@id\":\"https:\\\/\\\/secure.gravatar.com\\\/avatar\\\/31a1a7b66ff2de83bd0e9fd79d026630d2d99e55e8bfe501287647b4fd9743de?s=96&d=mm&r=g\",\"url\":\"https:\\\/\\\/secure.gravatar.com\\\/avatar\\\/31a1a7b66ff2de83bd0e9fd79d026630d2d99e55e8bfe501287647b4fd9743de?s=96&d=mm&r=g\",\"contentUrl\":\"https:\\\/\\\/secure.gravatar.com\\\/avatar\\\/31a1a7b66ff2de83bd0e9fd79d026630d2d99e55e8bfe501287647b4fd9743de?s=96&d=mm&r=g\",\"caption\":\"Gonzalo Schmidt\"},\"description\":\"Sitio web de noticias de la provincia de Entre R\u00edos, Argentina. Informaci\u00f3n y entretenimiento. Informe Litoral, nos informamos.\",\"sameAs\":[\"http:\\\/\\\/www.isletasnoticias.com.ar\"],\"url\":\"https:\\\/\\\/informelitoral.com.ar\\\/author\\\/gonzalo\\\/\"}]}<\/script>","yoast_head_json":{"title":"Alberto Fern\u00e1ndez y L\u00f3pez Obrador acordaron profundizar las relaciones comerciales - Informe Litoral","robots":{"index":"index","follow":"follow","max-snippet":"max-snippet:-1","max-image-preview":"max-image-preview:large","max-video-preview":"max-video-preview:-1"},"canonical":"https:\/\/informelitoral.com.ar\/alberto-fernandez-y-lopez-obrador-acordaron-profundizar-las-relaciones-comerciales\/","og_locale":"es_ES","og_type":"article","og_title":"Alberto Fern\u00e1ndez y L\u00f3pez Obrador acordaron profundizar las relaciones comerciales - Informe Litoral","og_description":"El encuentro entre el presidente electo y el mandatario mexicano se desarroll\u00f3 en el Palacio Nacional y se extendi\u00f3 durante 80 minutos. Para cerrar el d\u00eda, Fern\u00e1ndez se reunir\u00e1 con empresarios del pa\u00eds azteca.","og_url":"https:\/\/informelitoral.com.ar\/alberto-fernandez-y-lopez-obrador-acordaron-profundizar-las-relaciones-comerciales\/","og_site_name":"Informe Litoral","article_publisher":"https:\/\/www.facebook.com\/informelitoral\/","article_published_time":"2019-11-04T21:34:32+00:00","og_image":[{"width":1140,"height":640,"url":"https:\/\/informelitoral.com.ar\/%77%70%2d%63%6f%6e%74%65%6e%74\/uploads\/2019\/11\/fernandez-lopez-obrador.jpg","type":"image\/jpeg"}],"author":"Gonzalo Schmidt","twitter_card":"summary_large_image","twitter_creator":"@InformeLitoral","twitter_site":"@InformeLitoral","twitter_misc":{"Escrito por":"Gonzalo Schmidt","Tiempo de lectura":"3 minutos"},"schema":{"@context":"https:\/\/schema.org","@graph":[{"@type":"Article","@id":"https:\/\/informelitoral.com.ar\/alberto-fernandez-y-lopez-obrador-acordaron-profundizar-las-relaciones-comerciales\/#article","isPartOf":{"@id":"https:\/\/informelitoral.com.ar\/alberto-fernandez-y-lopez-obrador-acordaron-profundizar-las-relaciones-comerciales\/"},"author":{"name":"Gonzalo Schmidt","@id":"https:\/\/informelitoral.com.ar\/#\/schema\/person\/b9d00407c836482871ef1d57bf8e3180"},"headline":"Alberto Fern\u00e1ndez y L\u00f3pez Obrador acordaron profundizar las relaciones comerciales","datePublished":"2019-11-04T21:34:32+00:00","mainEntityOfPage":{"@id":"https:\/\/informelitoral.com.ar\/alberto-fernandez-y-lopez-obrador-acordaron-profundizar-las-relaciones-comerciales\/"},"wordCount":555,"commentCount":0,"publisher":{"@id":"https:\/\/informelitoral.com.ar\/#organization"},"image":{"@id":"https:\/\/informelitoral.com.ar\/alberto-fernandez-y-lopez-obrador-acordaron-profundizar-las-relaciones-comerciales\/#primaryimage"},"thumbnailUrl":"https:\/\/informelitoral.com.ar\/%77%70%2d%63%6f%6e%74%65%6e%74\/uploads\/2019\/11\/fernandez-lopez-obrador.jpg","keywords":["Alberto Fern\u00e1ndez","Andr\u00e9s Manuel L\u00f3pez Obrador","Argentina","M\u00e9xico","Presidente"],"articleSection":["Politica"],"inLanguage":"es","potentialAction":[{"@type":"CommentAction","name":"Comment","target":["https:\/\/informelitoral.com.ar\/alberto-fernandez-y-lopez-obrador-acordaron-profundizar-las-relaciones-comerciales\/#respond"]}]},{"@type":"WebPage","@id":"https:\/\/informelitoral.com.ar\/alberto-fernandez-y-lopez-obrador-acordaron-profundizar-las-relaciones-comerciales\/","url":"https:\/\/informelitoral.com.ar\/alberto-fernandez-y-lopez-obrador-acordaron-profundizar-las-relaciones-comerciales\/","name":"Alberto Fern\u00e1ndez y L\u00f3pez Obrador acordaron profundizar las relaciones comerciales - Informe Litoral","isPartOf":{"@id":"https:\/\/informelitoral.com.ar\/#website"},"primaryImageOfPage":{"@id":"https:\/\/informelitoral.com.ar\/alberto-fernandez-y-lopez-obrador-acordaron-profundizar-las-relaciones-comerciales\/#primaryimage"},"image":{"@id":"https:\/\/informelitoral.com.ar\/alberto-fernandez-y-lopez-obrador-acordaron-profundizar-las-relaciones-comerciales\/#primaryimage"},"thumbnailUrl":"https:\/\/informelitoral.com.ar\/%77%70%2d%63%6f%6e%74%65%6e%74\/uploads\/2019\/11\/fernandez-lopez-obrador.jpg","datePublished":"2019-11-04T21:34:32+00:00","breadcrumb":{"@id":"https:\/\/informelitoral.com.ar\/alberto-fernandez-y-lopez-obrador-acordaron-profundizar-las-relaciones-comerciales\/#breadcrumb"},"inLanguage":"es","potentialAction":[{"@type":"ReadAction","target":["https:\/\/informelitoral.com.ar\/alberto-fernandez-y-lopez-obrador-acordaron-profundizar-las-relaciones-comerciales\/"]}]},{"@type":"ImageObject","inLanguage":"es","@id":"https:\/\/informelitoral.com.ar\/alberto-fernandez-y-lopez-obrador-acordaron-profundizar-las-relaciones-comerciales\/#primaryimage","url":"https:\/\/informelitoral.com.ar\/%77%70%2d%63%6f%6e%74%65%6e%74\/uploads\/2019\/11\/fernandez-lopez-obrador.jpg","contentUrl":"https:\/\/informelitoral.com.ar\/%77%70%2d%63%6f%6e%74%65%6e%74\/uploads\/2019\/11\/fernandez-lopez-obrador.jpg","width":1140,"height":640},{"@type":"BreadcrumbList","@id":"https:\/\/informelitoral.com.ar\/alberto-fernandez-y-lopez-obrador-acordaron-profundizar-las-relaciones-comerciales\/#breadcrumb","itemListElement":[{"@type":"ListItem","position":1,"name":"Portada","item":"https:\/\/informelitoral.com.ar\/"},{"@type":"ListItem","position":2,"name":"Alberto Fern\u00e1ndez y L\u00f3pez Obrador acordaron profundizar las relaciones comerciales"}]},{"@type":"WebSite","@id":"https:\/\/informelitoral.com.ar\/#website","url":"https:\/\/informelitoral.com.ar\/","name":"Informe Litoral","description":"&quot;Nos informamos&quot; ","publisher":{"@id":"https:\/\/informelitoral.com.ar\/#organization"},"potentialAction":[{"@type":"SearchAction","target":{"@type":"EntryPoint","urlTemplate":"https:\/\/informelitoral.com.ar\/?s={search_term_string}"},"query-input":{"@type":"PropertyValueSpecification","valueRequired":true,"valueName":"search_term_string"}}],"inLanguage":"es"},{"@type":"Organization","@id":"https:\/\/informelitoral.com.ar\/#organization","name":"Informe Litoral","url":"https:\/\/informelitoral.com.ar\/","logo":{"@type":"ImageObject","inLanguage":"es","@id":"https:\/\/informelitoral.com.ar\/#\/schema\/logo\/image\/","url":"https:\/\/informelitoral.com.ar\/%77%70%2d%63%6f%6e%74%65%6e%74\/uploads\/2021\/01\/circulo.png","contentUrl":"https:\/\/informelitoral.com.ar\/%77%70%2d%63%6f%6e%74%65%6e%74\/uploads\/2021\/01\/circulo.png","width":723,"height":731,"caption":"Informe Litoral"},"image":{"@id":"https:\/\/informelitoral.com.ar\/#\/schema\/logo\/image\/"},"sameAs":["https:\/\/www.facebook.com\/informelitoral\/","https:\/\/x.com\/InformeLitoral","https:\/\/www.instagram.com\/informelitoral\/","https:\/\/www.youtube.com\/channel\/UCua4Qvz8Icb6MYqhoq9xLXw"]},{"@type":"Person","@id":"https:\/\/informelitoral.com.ar\/#\/schema\/person\/b9d00407c836482871ef1d57bf8e3180","name":"Gonzalo Schmidt","image":{"@type":"ImageObject","inLanguage":"es","@id":"https:\/\/secure.gravatar.com\/avatar\/31a1a7b66ff2de83bd0e9fd79d026630d2d99e55e8bfe501287647b4fd9743de?s=96&d=mm&r=g","url":"https:\/\/secure.gravatar.com\/avatar\/31a1a7b66ff2de83bd0e9fd79d026630d2d99e55e8bfe501287647b4fd9743de?s=96&d=mm&r=g","contentUrl":"https:\/\/secure.gravatar.com\/avatar\/31a1a7b66ff2de83bd0e9fd79d026630d2d99e55e8bfe501287647b4fd9743de?s=96&d=mm&r=g","caption":"Gonzalo Schmidt"},"description":"Sitio web de noticias de la provincia de Entre R\u00edos, Argentina. Informaci\u00f3n y entretenimiento. Informe Litoral, nos informamos.","sameAs":["http:\/\/www.isletasnoticias.com.ar"],"url":"https:\/\/informelitoral.com.ar\/author\/gonzalo\/"}]}},"_links":{"self":[{"href":"https:\/\/informelitoral.com.ar\/%77%70%2d%6a%73%6f%6e\/wp\/v2\/posts\/37730","targetHints":{"allow":["GET"]}}],"collection":[{"href":"https:\/\/informelitoral.com.ar\/%77%70%2d%6a%73%6f%6e\/wp\/v2\/posts"}],"about":[{"href":"https:\/\/informelitoral.com.ar\/%77%70%2d%6a%73%6f%6e\/wp\/v2\/types\/post"}],"author":[{"embeddable":true,"href":"https:\/\/informelitoral.com.ar\/%77%70%2d%6a%73%6f%6e\/wp\/v2\/users\/2"}],"replies":[{"embeddable":true,"href":"https:\/\/informelitoral.com.ar\/%77%70%2d%6a%73%6f%6e\/wp\/v2\/comments?post=37730"}],"version-history":[{"count":0,"href":"https:\/\/informelitoral.com.ar\/%77%70%2d%6a%73%6f%6e\/wp\/v2\/posts\/37730\/revisions"}],"wp:featuredmedia":[{"embeddable":true,"href":"https:\/\/informelitoral.com.ar\/%77%70%2d%6a%73%6f%6e\/wp\/v2\/media\/37731"}],"wp:attachment":[{"href":"https:\/\/informelitoral.com.ar\/%77%70%2d%6a%73%6f%6e\/wp\/v2\/media?parent=37730"}],"wp:term":[{"taxonomy":"category","embeddable":true,"href":"https:\/\/informelitoral.com.ar\/%77%70%2d%6a%73%6f%6e\/wp\/v2\/categories?post=37730"},{"taxonomy":"post_tag","embeddable":true,"href":"https:\/\/informelitoral.com.ar\/%77%70%2d%6a%73%6f%6e\/wp\/v2\/tags?post=37730"}],"curies":[{"name":"wp","href":"https:\/\/api.w.org\/{rel}","templated":true}]}}