{"id":37629,"date":"2019-10-31T08:13:57","date_gmt":"2019-10-31T11:13:57","guid":{"rendered":"https:\/\/www.isletasnoticias.com.ar\/?p=37629"},"modified":"2019-10-31T08:13:57","modified_gmt":"2019-10-31T11:13:57","slug":"eeuu-a-alberto-fernandez-esperamos-que-cumpla-los-compromisos-con-el-fmi","status":"publish","type":"post","link":"https:\/\/informelitoral.com.ar\/eeuu-a-alberto-fernandez-esperamos-que-cumpla-los-compromisos-con-el-fmi\/","title":{"rendered":"EEUU a Alberto Fern\u00e1ndez: \u201cEsperamos que cumpla los compromisos con el FMI\u201d"},"content":{"rendered":"<div class=\"row pb-content-type-text\">\n<div class=\"col-xs-12 col-print-12\">\n<p class=\"element element-paragraph\"><strong>Estados Unidos espera que el nuevo gobierno electo de Argentina mantenga el compromiso del pa\u00eds con los t\u00e9rminos de su programa de pr\u00e9stamos del Fondo Monetario Internacional de 57.000 millones de d\u00f3lares<\/strong>. As\u00ed lo asegur\u00f3 el secretario del Tesoro, <b>Steven Mnuchin<\/b>.<\/p>\n<\/div>\n<\/div>\n<div class=\"row pb-content-type-text\">\n<div class=\"col-xs-12 col-print-12\">\n<p class=\"element element-paragraph\">\u201cArgentina tiene un compromiso con el FMI. Nuestra expectativa es que este gobierno cumpla con ese compromiso y si solicita cambios, como cualquier otro pa\u00eds, el FMI considerar\u00e1 su solicitud como parte de su plan econ\u00f3mico\u201d, le dijo Mnuchin a la agencia <em>Reuters.<\/em><\/p>\n<\/div>\n<\/div>\n<div class=\"row pb-content-type-text\">\n<div class=\"col-xs-12 col-print-12\">\n<p class=\"element element-paragraph\">En una entrevista en Arabia Saudita, en una conferencia sobre inversi\u00f3n en Riad, <strong>Mnuchin no descart\u00f3 una renegociaci\u00f3n del programa, pero dijo que el FMI deber\u00eda considerar cualquier solicitud de cambios como parte de su plan econ\u00f3mico.<\/strong><\/p>\n<p class=\"element element-paragraph\">\u201cQueremos que el pueblo de Argentina y la econom\u00eda tengan \u00e9xito. Nuestros intereses son apoyar al pueblo\u201d, agreg\u00f3 Mnuchin.<\/p>\n<p class=\"element element-paragraph\">Durante la campa\u00f1a, el presidente electo <strong>dijo varias veces que renegociar\u00eda el programa del FMI y sugiri\u00f3 extender el plazo de vencimiento de la deuda para reducir los pagos.<\/strong><\/p>\n<p class=\"element element-paragraph\">A fines de agosto, Fern\u00e1ndez comenz\u00f3 a esbozar que a partir del 10 de diciembre comenzar\u00e1 a buscar una salida \u201ca la uruguaya\u201d para aliviar la carga de la deuda p\u00fablica. El pa\u00eds vecino reestructur\u00f3 sus pasivos con los acreedores con un <b>acuerdo voluntario que incluy\u00f3 plazos de pago, pero sin quitas de capital<\/b>. Varios analistas econ\u00f3micos salieron a opinar que ese modelo no es suficiente para resolver el problema que afronta la Argentina.<\/p>\n<p class=\"element element-paragraph\"><span style=\"text-align: center;\">Tambi\u00e9n consider\u00f3 que la deuda deber\u00e1 ser rediscutida \u201cen una negociaci\u00f3n seria y sensata con los acreedores\u201d, y que permita ganar tiempo para crecer.<\/span><\/p>\n<\/div>\n<\/div>\n<div class=\"row pb-content-type-text\">\n<div class=\"col-xs-12 col-print-12\">\n<p class=\"element element-paragraph\">En julio de 2018, durante la tercera reuni\u00f3n de ministros de Finanzas del G20 que se hizo en Buenos Aires, Mnuchin hab\u00eda dicho que \u201chay oportunidades tremendas aqu\u00ed. La reformas del gobierno, y la combinaci\u00f3n de c\u00f3mo se manejan esas reformas y el programa del FMI es alentador\u201d.<\/p>\n<\/div>\n<\/div>\n","protected":false},"excerpt":{"rendered":"<p>El secretario del Tesoro de EEUU, Steven Mnuchin, no descart\u00f3 una renegociaci\u00f3n del programa. \u201cQueremos que el pueblo de Argentina y la econom\u00eda tengan \u00e9xito. Nuestros intereses son apoyar al pueblo\u201d, dijo.<\/p>\n","protected":false},"author":2,"featured_media":37630,"comment_status":"open","ping_status":"open","sticky":false,"template":"","format":"standard","meta":{"fifu_image_url":"","fifu_image_alt":"","footnotes":""},"categories":[16],"tags":[1311,901,531,44,86,241],"class_list":{"0":"post-37629","1":"post","2":"type-post","3":"status-publish","4":"format-standard","5":"has-post-thumbnail","7":"category-politi","8":"tag-alberto-fernandez","9":"tag-deuda","10":"tag-donald-trump","11":"tag-economia","12":"tag-estados-unidos","13":"tag-fmi"},"yoast_head":"<title>EEUU a Alberto Fern\u00e1ndez: \u201cEsperamos que cumpla los compromisos con el FMI\u201d - Informe Litoral<\/title>\n<meta name=\"robots\" content=\"index, follow, max-snippet:-1, max-image-preview:large, max-video-preview:-1\" \/>\n<link rel=\"canonical\" href=\"https:\/\/informelitoral.com.ar\/eeuu-a-alberto-fernandez-esperamos-que-cumpla-los-compromisos-con-el-fmi\/\" \/>\n<meta property=\"og:locale\" content=\"es_ES\" \/>\n<meta property=\"og:type\" content=\"article\" \/>\n<meta property=\"og:title\" content=\"EEUU a Alberto Fern\u00e1ndez: \u201cEsperamos que cumpla los compromisos con el FMI\u201d - Informe Litoral\" \/>\n<meta property=\"og:description\" content=\"El secretario del Tesoro de EEUU, Steven Mnuchin, no descart\u00f3 una renegociaci\u00f3n del programa. \u201cQueremos que el pueblo de Argentina y la econom\u00eda tengan \u00e9xito. Nuestros intereses son apoyar al pueblo\u201d, dijo.\" \/>\n<meta property=\"og:url\" content=\"https:\/\/informelitoral.com.ar\/eeuu-a-alberto-fernandez-esperamos-que-cumpla-los-compromisos-con-el-fmi\/\" \/>\n<meta property=\"og:site_name\" content=\"Informe Litoral\" \/>\n<meta property=\"article:publisher\" content=\"https:\/\/www.facebook.com\/informelitoral\/\" \/>\n<meta property=\"article:published_time\" content=\"2019-10-31T11:13:57+00:00\" \/>\n<meta property=\"og:image\" content=\"https:\/\/informelitoral.com.ar\/%77%70%2d%63%6f%6e%74%65%6e%74\/uploads\/2019\/10\/trump.jpg\" \/>\n\t<meta property=\"og:image:width\" content=\"931\" \/>\n\t<meta property=\"og:image:height\" content=\"524\" \/>\n\t<meta property=\"og:image:type\" content=\"image\/jpeg\" \/>\n<meta name=\"author\" content=\"Gonzalo Schmidt\" \/>\n<meta name=\"twitter:card\" content=\"summary_large_image\" \/>\n<meta name=\"twitter:creator\" content=\"@InformeLitoral\" \/>\n<meta name=\"twitter:site\" content=\"@InformeLitoral\" \/>\n<meta name=\"twitter:label1\" content=\"Escrito por\" \/>\n\t<meta name=\"twitter:data1\" content=\"Gonzalo Schmidt\" \/>\n\t<meta name=\"twitter:label2\" content=\"Tiempo de lectura\" \/>\n\t<meta name=\"twitter:data2\" content=\"2 minutos\" \/>\n<script type=\"application\/ld+json\" class=\"yoast-schema-graph\">{\"@context\":\"https:\\\/\\\/schema.org\",\"@graph\":[{\"@type\":\"Article\",\"@id\":\"https:\\\/\\\/informelitoral.com.ar\\\/eeuu-a-alberto-fernandez-esperamos-que-cumpla-los-compromisos-con-el-fmi\\\/#article\",\"isPartOf\":{\"@id\":\"https:\\\/\\\/informelitoral.com.ar\\\/eeuu-a-alberto-fernandez-esperamos-que-cumpla-los-compromisos-con-el-fmi\\\/\"},\"author\":{\"name\":\"Gonzalo Schmidt\",\"@id\":\"https:\\\/\\\/informelitoral.com.ar\\\/#\\\/schema\\\/person\\\/b9d00407c836482871ef1d57bf8e3180\"},\"headline\":\"EEUU a Alberto Fern\u00e1ndez: \u201cEsperamos que cumpla los compromisos con el FMI\u201d\",\"datePublished\":\"2019-10-31T11:13:57+00:00\",\"mainEntityOfPage\":{\"@id\":\"https:\\\/\\\/informelitoral.com.ar\\\/eeuu-a-alberto-fernandez-esperamos-que-cumpla-los-compromisos-con-el-fmi\\\/\"},\"wordCount\":348,\"commentCount\":0,\"publisher\":{\"@id\":\"https:\\\/\\\/informelitoral.com.ar\\\/#organization\"},\"image\":{\"@id\":\"https:\\\/\\\/informelitoral.com.ar\\\/eeuu-a-alberto-fernandez-esperamos-que-cumpla-los-compromisos-con-el-fmi\\\/#primaryimage\"},\"thumbnailUrl\":\"https:\\\/\\\/informelitoral.com.ar\\\/%77%70%2d%63%6f%6e%74%65%6e%74\\\/uploads\\\/2019\\\/10\\\/trump.jpg\",\"keywords\":[\"Alberto Fern\u00e1ndez\",\"Deuda\",\"Donald Trump\",\"Econom\u00eda\",\"Estados Unidos\",\"FMI\"],\"articleSection\":[\"Politica\"],\"inLanguage\":\"es\",\"potentialAction\":[{\"@type\":\"CommentAction\",\"name\":\"Comment\",\"target\":[\"https:\\\/\\\/informelitoral.com.ar\\\/eeuu-a-alberto-fernandez-esperamos-que-cumpla-los-compromisos-con-el-fmi\\\/#respond\"]}]},{\"@type\":\"WebPage\",\"@id\":\"https:\\\/\\\/informelitoral.com.ar\\\/eeuu-a-alberto-fernandez-esperamos-que-cumpla-los-compromisos-con-el-fmi\\\/\",\"url\":\"https:\\\/\\\/informelitoral.com.ar\\\/eeuu-a-alberto-fernandez-esperamos-que-cumpla-los-compromisos-con-el-fmi\\\/\",\"name\":\"EEUU a Alberto Fern\u00e1ndez: \u201cEsperamos que cumpla los compromisos con el FMI\u201d - Informe Litoral\",\"isPartOf\":{\"@id\":\"https:\\\/\\\/informelitoral.com.ar\\\/#website\"},\"primaryImageOfPage\":{\"@id\":\"https:\\\/\\\/informelitoral.com.ar\\\/eeuu-a-alberto-fernandez-esperamos-que-cumpla-los-compromisos-con-el-fmi\\\/#primaryimage\"},\"image\":{\"@id\":\"https:\\\/\\\/informelitoral.com.ar\\\/eeuu-a-alberto-fernandez-esperamos-que-cumpla-los-compromisos-con-el-fmi\\\/#primaryimage\"},\"thumbnailUrl\":\"https:\\\/\\\/informelitoral.com.ar\\\/%77%70%2d%63%6f%6e%74%65%6e%74\\\/uploads\\\/2019\\\/10\\\/trump.jpg\",\"datePublished\":\"2019-10-31T11:13:57+00:00\",\"breadcrumb\":{\"@id\":\"https:\\\/\\\/informelitoral.com.ar\\\/eeuu-a-alberto-fernandez-esperamos-que-cumpla-los-compromisos-con-el-fmi\\\/#breadcrumb\"},\"inLanguage\":\"es\",\"potentialAction\":[{\"@type\":\"ReadAction\",\"target\":[\"https:\\\/\\\/informelitoral.com.ar\\\/eeuu-a-alberto-fernandez-esperamos-que-cumpla-los-compromisos-con-el-fmi\\\/\"]}]},{\"@type\":\"ImageObject\",\"inLanguage\":\"es\",\"@id\":\"https:\\\/\\\/informelitoral.com.ar\\\/eeuu-a-alberto-fernandez-esperamos-que-cumpla-los-compromisos-con-el-fmi\\\/#primaryimage\",\"url\":\"https:\\\/\\\/informelitoral.com.ar\\\/%77%70%2d%63%6f%6e%74%65%6e%74\\\/uploads\\\/2019\\\/10\\\/trump.jpg\",\"contentUrl\":\"https:\\\/\\\/informelitoral.com.ar\\\/%77%70%2d%63%6f%6e%74%65%6e%74\\\/uploads\\\/2019\\\/10\\\/trump.jpg\",\"width\":931,\"height\":524},{\"@type\":\"BreadcrumbList\",\"@id\":\"https:\\\/\\\/informelitoral.com.ar\\\/eeuu-a-alberto-fernandez-esperamos-que-cumpla-los-compromisos-con-el-fmi\\\/#breadcrumb\",\"itemListElement\":[{\"@type\":\"ListItem\",\"position\":1,\"name\":\"Portada\",\"item\":\"https:\\\/\\\/informelitoral.com.ar\\\/\"},{\"@type\":\"ListItem\",\"position\":2,\"name\":\"EEUU a Alberto Fern\u00e1ndez: \u201cEsperamos que cumpla los compromisos con el FMI\u201d\"}]},{\"@type\":\"WebSite\",\"@id\":\"https:\\\/\\\/informelitoral.com.ar\\\/#website\",\"url\":\"https:\\\/\\\/informelitoral.com.ar\\\/\",\"name\":\"Informe Litoral\",\"description\":\"&quot;Nos informamos&quot; \",\"publisher\":{\"@id\":\"https:\\\/\\\/informelitoral.com.ar\\\/#organization\"},\"potentialAction\":[{\"@type\":\"SearchAction\",\"target\":{\"@type\":\"EntryPoint\",\"urlTemplate\":\"https:\\\/\\\/informelitoral.com.ar\\\/?s={search_term_string}\"},\"query-input\":{\"@type\":\"PropertyValueSpecification\",\"valueRequired\":true,\"valueName\":\"search_term_string\"}}],\"inLanguage\":\"es\"},{\"@type\":\"Organization\",\"@id\":\"https:\\\/\\\/informelitoral.com.ar\\\/#organization\",\"name\":\"Informe Litoral\",\"url\":\"https:\\\/\\\/informelitoral.com.ar\\\/\",\"logo\":{\"@type\":\"ImageObject\",\"inLanguage\":\"es\",\"@id\":\"https:\\\/\\\/informelitoral.com.ar\\\/#\\\/schema\\\/logo\\\/image\\\/\",\"url\":\"https:\\\/\\\/informelitoral.com.ar\\\/%77%70%2d%63%6f%6e%74%65%6e%74\\\/uploads\\\/2021\\\/01\\\/circulo.png\",\"contentUrl\":\"https:\\\/\\\/informelitoral.com.ar\\\/%77%70%2d%63%6f%6e%74%65%6e%74\\\/uploads\\\/2021\\\/01\\\/circulo.png\",\"width\":723,\"height\":731,\"caption\":\"Informe Litoral\"},\"image\":{\"@id\":\"https:\\\/\\\/informelitoral.com.ar\\\/#\\\/schema\\\/logo\\\/image\\\/\"},\"sameAs\":[\"https:\\\/\\\/www.facebook.com\\\/informelitoral\\\/\",\"https:\\\/\\\/x.com\\\/InformeLitoral\",\"https:\\\/\\\/www.instagram.com\\\/informelitoral\\\/\",\"https:\\\/\\\/www.youtube.com\\\/channel\\\/UCua4Qvz8Icb6MYqhoq9xLXw\"]},{\"@type\":\"Person\",\"@id\":\"https:\\\/\\\/informelitoral.com.ar\\\/#\\\/schema\\\/person\\\/b9d00407c836482871ef1d57bf8e3180\",\"name\":\"Gonzalo Schmidt\",\"image\":{\"@type\":\"ImageObject\",\"inLanguage\":\"es\",\"@id\":\"https:\\\/\\\/secure.gravatar.com\\\/avatar\\\/31a1a7b66ff2de83bd0e9fd79d026630d2d99e55e8bfe501287647b4fd9743de?s=96&d=mm&r=g\",\"url\":\"https:\\\/\\\/secure.gravatar.com\\\/avatar\\\/31a1a7b66ff2de83bd0e9fd79d026630d2d99e55e8bfe501287647b4fd9743de?s=96&d=mm&r=g\",\"contentUrl\":\"https:\\\/\\\/secure.gravatar.com\\\/avatar\\\/31a1a7b66ff2de83bd0e9fd79d026630d2d99e55e8bfe501287647b4fd9743de?s=96&d=mm&r=g\",\"caption\":\"Gonzalo Schmidt\"},\"description\":\"Sitio web de noticias de la provincia de Entre R\u00edos, Argentina. Informaci\u00f3n y entretenimiento. Informe Litoral, nos informamos.\",\"sameAs\":[\"http:\\\/\\\/www.isletasnoticias.com.ar\"],\"url\":\"https:\\\/\\\/informelitoral.com.ar\\\/author\\\/gonzalo\\\/\"}]}<\/script>","yoast_head_json":{"title":"EEUU a Alberto Fern\u00e1ndez: \u201cEsperamos que cumpla los compromisos con el FMI\u201d - Informe Litoral","robots":{"index":"index","follow":"follow","max-snippet":"max-snippet:-1","max-image-preview":"max-image-preview:large","max-video-preview":"max-video-preview:-1"},"canonical":"https:\/\/informelitoral.com.ar\/eeuu-a-alberto-fernandez-esperamos-que-cumpla-los-compromisos-con-el-fmi\/","og_locale":"es_ES","og_type":"article","og_title":"EEUU a Alberto Fern\u00e1ndez: \u201cEsperamos que cumpla los compromisos con el FMI\u201d - Informe Litoral","og_description":"El secretario del Tesoro de EEUU, Steven Mnuchin, no descart\u00f3 una renegociaci\u00f3n del programa. \u201cQueremos que el pueblo de Argentina y la econom\u00eda tengan \u00e9xito. Nuestros intereses son apoyar al pueblo\u201d, dijo.","og_url":"https:\/\/informelitoral.com.ar\/eeuu-a-alberto-fernandez-esperamos-que-cumpla-los-compromisos-con-el-fmi\/","og_site_name":"Informe Litoral","article_publisher":"https:\/\/www.facebook.com\/informelitoral\/","article_published_time":"2019-10-31T11:13:57+00:00","og_image":[{"width":931,"height":524,"url":"https:\/\/informelitoral.com.ar\/%77%70%2d%63%6f%6e%74%65%6e%74\/uploads\/2019\/10\/trump.jpg","type":"image\/jpeg"}],"author":"Gonzalo Schmidt","twitter_card":"summary_large_image","twitter_creator":"@InformeLitoral","twitter_site":"@InformeLitoral","twitter_misc":{"Escrito por":"Gonzalo Schmidt","Tiempo de lectura":"2 minutos"},"schema":{"@context":"https:\/\/schema.org","@graph":[{"@type":"Article","@id":"https:\/\/informelitoral.com.ar\/eeuu-a-alberto-fernandez-esperamos-que-cumpla-los-compromisos-con-el-fmi\/#article","isPartOf":{"@id":"https:\/\/informelitoral.com.ar\/eeuu-a-alberto-fernandez-esperamos-que-cumpla-los-compromisos-con-el-fmi\/"},"author":{"name":"Gonzalo Schmidt","@id":"https:\/\/informelitoral.com.ar\/#\/schema\/person\/b9d00407c836482871ef1d57bf8e3180"},"headline":"EEUU a Alberto Fern\u00e1ndez: \u201cEsperamos que cumpla los compromisos con el FMI\u201d","datePublished":"2019-10-31T11:13:57+00:00","mainEntityOfPage":{"@id":"https:\/\/informelitoral.com.ar\/eeuu-a-alberto-fernandez-esperamos-que-cumpla-los-compromisos-con-el-fmi\/"},"wordCount":348,"commentCount":0,"publisher":{"@id":"https:\/\/informelitoral.com.ar\/#organization"},"image":{"@id":"https:\/\/informelitoral.com.ar\/eeuu-a-alberto-fernandez-esperamos-que-cumpla-los-compromisos-con-el-fmi\/#primaryimage"},"thumbnailUrl":"https:\/\/informelitoral.com.ar\/%77%70%2d%63%6f%6e%74%65%6e%74\/uploads\/2019\/10\/trump.jpg","keywords":["Alberto Fern\u00e1ndez","Deuda","Donald Trump","Econom\u00eda","Estados Unidos","FMI"],"articleSection":["Politica"],"inLanguage":"es","potentialAction":[{"@type":"CommentAction","name":"Comment","target":["https:\/\/informelitoral.com.ar\/eeuu-a-alberto-fernandez-esperamos-que-cumpla-los-compromisos-con-el-fmi\/#respond"]}]},{"@type":"WebPage","@id":"https:\/\/informelitoral.com.ar\/eeuu-a-alberto-fernandez-esperamos-que-cumpla-los-compromisos-con-el-fmi\/","url":"https:\/\/informelitoral.com.ar\/eeuu-a-alberto-fernandez-esperamos-que-cumpla-los-compromisos-con-el-fmi\/","name":"EEUU a Alberto Fern\u00e1ndez: \u201cEsperamos que cumpla los compromisos con el FMI\u201d - Informe Litoral","isPartOf":{"@id":"https:\/\/informelitoral.com.ar\/#website"},"primaryImageOfPage":{"@id":"https:\/\/informelitoral.com.ar\/eeuu-a-alberto-fernandez-esperamos-que-cumpla-los-compromisos-con-el-fmi\/#primaryimage"},"image":{"@id":"https:\/\/informelitoral.com.ar\/eeuu-a-alberto-fernandez-esperamos-que-cumpla-los-compromisos-con-el-fmi\/#primaryimage"},"thumbnailUrl":"https:\/\/informelitoral.com.ar\/%77%70%2d%63%6f%6e%74%65%6e%74\/uploads\/2019\/10\/trump.jpg","datePublished":"2019-10-31T11:13:57+00:00","breadcrumb":{"@id":"https:\/\/informelitoral.com.ar\/eeuu-a-alberto-fernandez-esperamos-que-cumpla-los-compromisos-con-el-fmi\/#breadcrumb"},"inLanguage":"es","potentialAction":[{"@type":"ReadAction","target":["https:\/\/informelitoral.com.ar\/eeuu-a-alberto-fernandez-esperamos-que-cumpla-los-compromisos-con-el-fmi\/"]}]},{"@type":"ImageObject","inLanguage":"es","@id":"https:\/\/informelitoral.com.ar\/eeuu-a-alberto-fernandez-esperamos-que-cumpla-los-compromisos-con-el-fmi\/#primaryimage","url":"https:\/\/informelitoral.com.ar\/%77%70%2d%63%6f%6e%74%65%6e%74\/uploads\/2019\/10\/trump.jpg","contentUrl":"https:\/\/informelitoral.com.ar\/%77%70%2d%63%6f%6e%74%65%6e%74\/uploads\/2019\/10\/trump.jpg","width":931,"height":524},{"@type":"BreadcrumbList","@id":"https:\/\/informelitoral.com.ar\/eeuu-a-alberto-fernandez-esperamos-que-cumpla-los-compromisos-con-el-fmi\/#breadcrumb","itemListElement":[{"@type":"ListItem","position":1,"name":"Portada","item":"https:\/\/informelitoral.com.ar\/"},{"@type":"ListItem","position":2,"name":"EEUU a Alberto Fern\u00e1ndez: \u201cEsperamos que cumpla los compromisos con el FMI\u201d"}]},{"@type":"WebSite","@id":"https:\/\/informelitoral.com.ar\/#website","url":"https:\/\/informelitoral.com.ar\/","name":"Informe Litoral","description":"&quot;Nos informamos&quot; ","publisher":{"@id":"https:\/\/informelitoral.com.ar\/#organization"},"potentialAction":[{"@type":"SearchAction","target":{"@type":"EntryPoint","urlTemplate":"https:\/\/informelitoral.com.ar\/?s={search_term_string}"},"query-input":{"@type":"PropertyValueSpecification","valueRequired":true,"valueName":"search_term_string"}}],"inLanguage":"es"},{"@type":"Organization","@id":"https:\/\/informelitoral.com.ar\/#organization","name":"Informe Litoral","url":"https:\/\/informelitoral.com.ar\/","logo":{"@type":"ImageObject","inLanguage":"es","@id":"https:\/\/informelitoral.com.ar\/#\/schema\/logo\/image\/","url":"https:\/\/informelitoral.com.ar\/%77%70%2d%63%6f%6e%74%65%6e%74\/uploads\/2021\/01\/circulo.png","contentUrl":"https:\/\/informelitoral.com.ar\/%77%70%2d%63%6f%6e%74%65%6e%74\/uploads\/2021\/01\/circulo.png","width":723,"height":731,"caption":"Informe Litoral"},"image":{"@id":"https:\/\/informelitoral.com.ar\/#\/schema\/logo\/image\/"},"sameAs":["https:\/\/www.facebook.com\/informelitoral\/","https:\/\/x.com\/InformeLitoral","https:\/\/www.instagram.com\/informelitoral\/","https:\/\/www.youtube.com\/channel\/UCua4Qvz8Icb6MYqhoq9xLXw"]},{"@type":"Person","@id":"https:\/\/informelitoral.com.ar\/#\/schema\/person\/b9d00407c836482871ef1d57bf8e3180","name":"Gonzalo Schmidt","image":{"@type":"ImageObject","inLanguage":"es","@id":"https:\/\/secure.gravatar.com\/avatar\/31a1a7b66ff2de83bd0e9fd79d026630d2d99e55e8bfe501287647b4fd9743de?s=96&d=mm&r=g","url":"https:\/\/secure.gravatar.com\/avatar\/31a1a7b66ff2de83bd0e9fd79d026630d2d99e55e8bfe501287647b4fd9743de?s=96&d=mm&r=g","contentUrl":"https:\/\/secure.gravatar.com\/avatar\/31a1a7b66ff2de83bd0e9fd79d026630d2d99e55e8bfe501287647b4fd9743de?s=96&d=mm&r=g","caption":"Gonzalo Schmidt"},"description":"Sitio web de noticias de la provincia de Entre R\u00edos, Argentina. Informaci\u00f3n y entretenimiento. Informe Litoral, nos informamos.","sameAs":["http:\/\/www.isletasnoticias.com.ar"],"url":"https:\/\/informelitoral.com.ar\/author\/gonzalo\/"}]}},"_links":{"self":[{"href":"https:\/\/informelitoral.com.ar\/%77%70%2d%6a%73%6f%6e\/wp\/v2\/posts\/37629","targetHints":{"allow":["GET"]}}],"collection":[{"href":"https:\/\/informelitoral.com.ar\/%77%70%2d%6a%73%6f%6e\/wp\/v2\/posts"}],"about":[{"href":"https:\/\/informelitoral.com.ar\/%77%70%2d%6a%73%6f%6e\/wp\/v2\/types\/post"}],"author":[{"embeddable":true,"href":"https:\/\/informelitoral.com.ar\/%77%70%2d%6a%73%6f%6e\/wp\/v2\/users\/2"}],"replies":[{"embeddable":true,"href":"https:\/\/informelitoral.com.ar\/%77%70%2d%6a%73%6f%6e\/wp\/v2\/comments?post=37629"}],"version-history":[{"count":0,"href":"https:\/\/informelitoral.com.ar\/%77%70%2d%6a%73%6f%6e\/wp\/v2\/posts\/37629\/revisions"}],"wp:featuredmedia":[{"embeddable":true,"href":"https:\/\/informelitoral.com.ar\/%77%70%2d%6a%73%6f%6e\/wp\/v2\/media\/37630"}],"wp:attachment":[{"href":"https:\/\/informelitoral.com.ar\/%77%70%2d%6a%73%6f%6e\/wp\/v2\/media?parent=37629"}],"wp:term":[{"taxonomy":"category","embeddable":true,"href":"https:\/\/informelitoral.com.ar\/%77%70%2d%6a%73%6f%6e\/wp\/v2\/categories?post=37629"},{"taxonomy":"post_tag","embeddable":true,"href":"https:\/\/informelitoral.com.ar\/%77%70%2d%6a%73%6f%6e\/wp\/v2\/tags?post=37629"}],"curies":[{"name":"wp","href":"https:\/\/api.w.org\/{rel}","templated":true}]}}