{"id":37595,"date":"2019-10-30T08:54:42","date_gmt":"2019-10-30T11:54:42","guid":{"rendered":"https:\/\/www.isletasnoticias.com.ar\/?p=37595"},"modified":"2019-10-30T09:01:40","modified_gmt":"2019-10-30T12:01:40","slug":"otra-vez-cayo-granizo-en-isletas-y-otras-localidades-entrerrianas","status":"publish","type":"post","link":"https:\/\/informelitoral.com.ar\/otra-vez-cayo-granizo-en-isletas-y-otras-localidades-entrerrianas\/","title":{"rendered":"Otra vez cay\u00f3 granizo en Isletas y otras localidades entrerrianas"},"content":{"rendered":"<p>Desde el fin de semana diferentes puntos de la provincia vienen siendo afectados por <strong>temporales de lluvia, viento y especialmente granizo.<\/strong><\/p>\n<p><a href=\"https:\/\/www.isletasnoticias.com.ar\/%77%70%2d%63%6f%6e%74%65%6e%74\/uploads\/2019\/10\/75242266_3143859959039919_5276958443779915776_n.jpg\"><img loading=\"lazy\" decoding=\"async\" class=\"aligncenter wp-image-37598 size-full\" src=\"https:\/\/www.isletasnoticias.com.ar\/%77%70%2d%63%6f%6e%74%65%6e%74\/uploads\/2019\/10\/75242266_3143859959039919_5276958443779915776_n.jpg\" alt=\"\" width=\"480\" height=\"479\" srcset=\"https:\/\/informelitoral.com.ar\/%77%70%2d%63%6f%6e%74%65%6e%74\/uploads\/2019\/10\/75242266_3143859959039919_5276958443779915776_n.jpg 480w, https:\/\/informelitoral.com.ar\/%77%70%2d%63%6f%6e%74%65%6e%74\/uploads\/2019\/10\/75242266_3143859959039919_5276958443779915776_n-150x150.jpg 150w, https:\/\/informelitoral.com.ar\/%77%70%2d%63%6f%6e%74%65%6e%74\/uploads\/2019\/10\/75242266_3143859959039919_5276958443779915776_n-300x300.jpg 300w, https:\/\/informelitoral.com.ar\/%77%70%2d%63%6f%6e%74%65%6e%74\/uploads\/2019\/10\/75242266_3143859959039919_5276958443779915776_n-421x420.jpg 421w\" sizes=\"auto, (max-width: 480px) 100vw, 480px\" \/><\/a><\/p>\n<p>Esta madrugada el fen\u00f3meno volvi\u00f3 a afectar a la localidad de<strong> Isletas, departamento Diamante <\/strong>y otras zonas cercanas. Si bien el domingo ya hab\u00eda ca\u00eddo granizo, en esta ocasi\u00f3n las piedras fueron de mayor tama\u00f1o, tal como lo registraron los vecinos a trav\u00e9s de fotos.<\/p>\n<p>\u00abAlrededor de las 4.00 -de este mi\u00e9rcoles- empezaron a caer piedras grandes, despu\u00e9s dej\u00f3 y cuando estaba aclarando el d\u00eda volvieron a caer\u00bb, cont\u00f3 a <em><strong>IN<\/strong><\/em> un productor de la zona de <strong>Distrito Doll<\/strong>.<\/p>\n<p><a href=\"https:\/\/www.isletasnoticias.com.ar\/%77%70%2d%63%6f%6e%74%65%6e%74\/uploads\/2019\/10\/75419075_2619741668111514_3838494104447090688_n.jpg\"><img loading=\"lazy\" decoding=\"async\" class=\"aligncenter wp-image-37596 size-full\" src=\"https:\/\/www.isletasnoticias.com.ar\/%77%70%2d%63%6f%6e%74%65%6e%74\/uploads\/2019\/10\/75419075_2619741668111514_3838494104447090688_n.jpg\" alt=\"\" width=\"720\" height=\"851\" srcset=\"https:\/\/informelitoral.com.ar\/%77%70%2d%63%6f%6e%74%65%6e%74\/uploads\/2019\/10\/75419075_2619741668111514_3838494104447090688_n.jpg 720w, https:\/\/informelitoral.com.ar\/%77%70%2d%63%6f%6e%74%65%6e%74\/uploads\/2019\/10\/75419075_2619741668111514_3838494104447090688_n-254x300.jpg 254w, https:\/\/informelitoral.com.ar\/%77%70%2d%63%6f%6e%74%65%6e%74\/uploads\/2019\/10\/75419075_2619741668111514_3838494104447090688_n-696x823.jpg 696w, https:\/\/informelitoral.com.ar\/%77%70%2d%63%6f%6e%74%65%6e%74\/uploads\/2019\/10\/75419075_2619741668111514_3838494104447090688_n-355x420.jpg 355w\" sizes=\"auto, (max-width: 720px) 100vw, 720px\" \/><\/a><\/p>\n<p>El granizo golpe\u00f3 a ciudades y localidades de diferentes puntos de Entre R\u00edos, ya que tambi\u00e9n se registraron ca\u00eddas en la zona rural de Bovril, departamento La Paz y Villaguay, en el centro provincial, entre otras.<\/p>\n<h3><b>Alerta<\/b><\/h3>\n<div class=\"cont-nota\">\n<article class=\"cont-cuerpo\">\n<section class=\"texto\">Mientras tanto, el Servicio Meteorol\u00f3gico Nacional &#8211;<strong>SMN<\/strong>&#8211; renov\u00f3 el alerta por<strong> tormentas fuertes para Entre R\u00edos, sur de Corrientes, Entre R\u00edos y centro y norte de Santa Fe.<\/strong><\/p>\n<figure class=\"embed\"><img decoding=\"async\" title=\"\" src=\"https:\/\/elonce-media.elonce.com\/fotos-emb\/2019\/10\/30\/o_1572424760.jpg\" alt=\"\" width=\"640\" \/><\/figure>\n<p><i>Imagen de radar de las 4.50 de este mi\u00e9rcoles-SMN<\/i><b><\/b><\/p>\n<p>\u00abSobre el centro de Entre R\u00edos y Santa Fe se est\u00e1n desarrollando tormentas aisladas de variada intensidad. Se prev\u00e9 que algunas puedan ser localmente fuertes o severas, estando acompa\u00f1adas por intensas r\u00e1fagas, ca\u00edda de granizo, importante actividad el\u00e9ctrica y abundante ca\u00edda de agua en cortos per\u00edodos. El mal tiempo se ir\u00e1 trasladando gradualmente hacia el norte a partir de la tarde o noche de hoy\u00bb y se prev\u00e9 que empiece a mejorar en Entre R\u00edos, seg\u00fan el parte del SMN.<\/p>\n<\/section>\n<\/article>\n<\/div>\n<section><\/section>\n<h3><em><b>NOTAS RELACIONADAS:\u00a0<\/b><\/em><\/h3>\n<blockquote class=\"wp-embedded-content\" data-secret=\"vZ2ZQwLWHS\"><p><a href=\"https:\/\/www.isletasnoticias.com.ar\/cayo-granizo-en-diferentes-zonas-de-entre-rios\/\">Cay\u00f3 granizo en diferentes zonas de Entre R\u00edos<\/a><\/p><\/blockquote>\n<p><iframe loading=\"lazy\" title=\"&#171;Cay\u00f3 granizo en diferentes zonas de Entre R\u00edos&#187; &#8212; Isletas Noticias\" class=\"wp-embedded-content\" sandbox=\"allow-scripts\" security=\"restricted\" style=\"position: absolute; clip: rect(1px, 1px, 1px, 1px);\" src=\"https:\/\/www.isletasnoticias.com.ar\/cayo-granizo-en-diferentes-zonas-de-entre-rios\/embed\/#?secret=vZ2ZQwLWHS\" data-secret=\"vZ2ZQwLWHS\" width=\"600\" height=\"338\" frameborder=\"0\" marginwidth=\"0\" marginheight=\"0\" scrolling=\"no\"><\/iframe><\/p>\n<blockquote class=\"wp-embedded-content\" data-secret=\"9AKAvZV2CI\"><p><a href=\"https:\/\/www.isletasnoticias.com.ar\/asisten-a-familias-afectadas-por-el-temporal-en-varias-localidades-entrerrianas\/\">Asisten a familias afectadas por el temporal en varias localidades entrerrianas<\/a><\/p><\/blockquote>\n<p><iframe loading=\"lazy\" title=\"&#171;Asisten a familias afectadas por el temporal en varias localidades entrerrianas&#187; &#8212; Isletas Noticias\" class=\"wp-embedded-content\" sandbox=\"allow-scripts\" security=\"restricted\" style=\"position: absolute; clip: rect(1px, 1px, 1px, 1px);\" src=\"https:\/\/www.isletasnoticias.com.ar\/asisten-a-familias-afectadas-por-el-temporal-en-varias-localidades-entrerrianas\/embed\/#?secret=9AKAvZV2CI\" data-secret=\"9AKAvZV2CI\" width=\"600\" height=\"338\" frameborder=\"0\" marginwidth=\"0\" marginheight=\"0\" scrolling=\"no\"><\/iframe><\/p>\n","protected":false},"excerpt":{"rendered":"<p>Piedras de gran tama\u00f1o afectaron a una amplia zona rural. Otros puntos de la provincia tambi\u00e9n vienen sufriendo fen\u00f3menos similares desde el fin de semana. <\/p>\n","protected":false},"author":2,"featured_media":37597,"comment_status":"open","ping_status":"open","sticky":false,"template":"","format":"standard","meta":{"fifu_image_url":"","fifu_image_alt":"","footnotes":""},"categories":[4],"tags":[81,525,69,527],"class_list":{"0":"post-37595","1":"post","2":"type-post","3":"status-publish","4":"format-standard","5":"has-post-thumbnail","7":"category-locales","8":"tag-entre-rios","9":"tag-granizo","10":"tag-isletas","11":"tag-temporal"},"yoast_head":"<title>Otra vez cay\u00f3 granizo en Isletas y otras localidades entrerrianas - Informe Litoral<\/title>\n<meta name=\"robots\" content=\"index, follow, max-snippet:-1, max-image-preview:large, max-video-preview:-1\" \/>\n<link rel=\"canonical\" href=\"https:\/\/informelitoral.com.ar\/otra-vez-cayo-granizo-en-isletas-y-otras-localidades-entrerrianas\/\" \/>\n<meta property=\"og:locale\" content=\"es_ES\" \/>\n<meta property=\"og:type\" content=\"article\" \/>\n<meta property=\"og:title\" content=\"Otra vez cay\u00f3 granizo en Isletas y otras localidades entrerrianas - Informe Litoral\" \/>\n<meta property=\"og:description\" content=\"Piedras de gran tama\u00f1o afectaron a una amplia zona rural. Otros puntos de la provincia tambi\u00e9n vienen sufriendo fen\u00f3menos similares desde el fin de semana.\" \/>\n<meta property=\"og:url\" content=\"https:\/\/informelitoral.com.ar\/otra-vez-cayo-granizo-en-isletas-y-otras-localidades-entrerrianas\/\" \/>\n<meta property=\"og:site_name\" content=\"Informe Litoral\" \/>\n<meta property=\"article:publisher\" content=\"https:\/\/www.facebook.com\/informelitoral\/\" \/>\n<meta property=\"article:published_time\" content=\"2019-10-30T11:54:42+00:00\" \/>\n<meta property=\"article:modified_time\" content=\"2019-10-30T12:01:40+00:00\" \/>\n<meta property=\"og:image\" content=\"https:\/\/informelitoral.com.ar\/%77%70%2d%63%6f%6e%74%65%6e%74\/uploads\/2019\/10\/74273204_2619741624778185_7415967958096150528_n.jpg\" \/>\n\t<meta property=\"og:image:width\" content=\"682\" \/>\n\t<meta property=\"og:image:height\" content=\"287\" \/>\n\t<meta property=\"og:image:type\" content=\"image\/jpeg\" \/>\n<meta name=\"author\" content=\"Gonzalo Schmidt\" \/>\n<meta name=\"twitter:card\" content=\"summary_large_image\" \/>\n<meta name=\"twitter:creator\" content=\"@InformeLitoral\" \/>\n<meta name=\"twitter:site\" content=\"@InformeLitoral\" \/>\n<meta name=\"twitter:label1\" content=\"Escrito por\" \/>\n\t<meta name=\"twitter:data1\" content=\"Gonzalo Schmidt\" \/>\n\t<meta name=\"twitter:label2\" content=\"Tiempo de lectura\" \/>\n\t<meta name=\"twitter:data2\" content=\"1 minuto\" \/>\n<script type=\"application\/ld+json\" class=\"yoast-schema-graph\">{\"@context\":\"https:\\\/\\\/schema.org\",\"@graph\":[{\"@type\":\"Article\",\"@id\":\"https:\\\/\\\/informelitoral.com.ar\\\/otra-vez-cayo-granizo-en-isletas-y-otras-localidades-entrerrianas\\\/#article\",\"isPartOf\":{\"@id\":\"https:\\\/\\\/informelitoral.com.ar\\\/otra-vez-cayo-granizo-en-isletas-y-otras-localidades-entrerrianas\\\/\"},\"author\":{\"name\":\"Gonzalo Schmidt\",\"@id\":\"https:\\\/\\\/informelitoral.com.ar\\\/#\\\/schema\\\/person\\\/b9d00407c836482871ef1d57bf8e3180\"},\"headline\":\"Otra vez cay\u00f3 granizo en Isletas y otras localidades entrerrianas\",\"datePublished\":\"2019-10-30T11:54:42+00:00\",\"dateModified\":\"2019-10-30T12:01:40+00:00\",\"mainEntityOfPage\":{\"@id\":\"https:\\\/\\\/informelitoral.com.ar\\\/otra-vez-cayo-granizo-en-isletas-y-otras-localidades-entrerrianas\\\/\"},\"wordCount\":302,\"commentCount\":0,\"publisher\":{\"@id\":\"https:\\\/\\\/informelitoral.com.ar\\\/#organization\"},\"image\":{\"@id\":\"https:\\\/\\\/informelitoral.com.ar\\\/otra-vez-cayo-granizo-en-isletas-y-otras-localidades-entrerrianas\\\/#primaryimage\"},\"thumbnailUrl\":\"https:\\\/\\\/informelitoral.com.ar\\\/%77%70%2d%63%6f%6e%74%65%6e%74\\\/uploads\\\/2019\\\/10\\\/74273204_2619741624778185_7415967958096150528_n.jpg\",\"keywords\":[\"Entre R\u00edos\",\"Granizo\",\"Isletas\",\"Temporal\"],\"articleSection\":[\"Isletas\"],\"inLanguage\":\"es\",\"potentialAction\":[{\"@type\":\"CommentAction\",\"name\":\"Comment\",\"target\":[\"https:\\\/\\\/informelitoral.com.ar\\\/otra-vez-cayo-granizo-en-isletas-y-otras-localidades-entrerrianas\\\/#respond\"]}]},{\"@type\":\"WebPage\",\"@id\":\"https:\\\/\\\/informelitoral.com.ar\\\/otra-vez-cayo-granizo-en-isletas-y-otras-localidades-entrerrianas\\\/\",\"url\":\"https:\\\/\\\/informelitoral.com.ar\\\/otra-vez-cayo-granizo-en-isletas-y-otras-localidades-entrerrianas\\\/\",\"name\":\"Otra vez cay\u00f3 granizo en Isletas y otras localidades entrerrianas - Informe Litoral\",\"isPartOf\":{\"@id\":\"https:\\\/\\\/informelitoral.com.ar\\\/#website\"},\"primaryImageOfPage\":{\"@id\":\"https:\\\/\\\/informelitoral.com.ar\\\/otra-vez-cayo-granizo-en-isletas-y-otras-localidades-entrerrianas\\\/#primaryimage\"},\"image\":{\"@id\":\"https:\\\/\\\/informelitoral.com.ar\\\/otra-vez-cayo-granizo-en-isletas-y-otras-localidades-entrerrianas\\\/#primaryimage\"},\"thumbnailUrl\":\"https:\\\/\\\/informelitoral.com.ar\\\/%77%70%2d%63%6f%6e%74%65%6e%74\\\/uploads\\\/2019\\\/10\\\/74273204_2619741624778185_7415967958096150528_n.jpg\",\"datePublished\":\"2019-10-30T11:54:42+00:00\",\"dateModified\":\"2019-10-30T12:01:40+00:00\",\"breadcrumb\":{\"@id\":\"https:\\\/\\\/informelitoral.com.ar\\\/otra-vez-cayo-granizo-en-isletas-y-otras-localidades-entrerrianas\\\/#breadcrumb\"},\"inLanguage\":\"es\",\"potentialAction\":[{\"@type\":\"ReadAction\",\"target\":[\"https:\\\/\\\/informelitoral.com.ar\\\/otra-vez-cayo-granizo-en-isletas-y-otras-localidades-entrerrianas\\\/\"]}]},{\"@type\":\"ImageObject\",\"inLanguage\":\"es\",\"@id\":\"https:\\\/\\\/informelitoral.com.ar\\\/otra-vez-cayo-granizo-en-isletas-y-otras-localidades-entrerrianas\\\/#primaryimage\",\"url\":\"https:\\\/\\\/informelitoral.com.ar\\\/%77%70%2d%63%6f%6e%74%65%6e%74\\\/uploads\\\/2019\\\/10\\\/74273204_2619741624778185_7415967958096150528_n.jpg\",\"contentUrl\":\"https:\\\/\\\/informelitoral.com.ar\\\/%77%70%2d%63%6f%6e%74%65%6e%74\\\/uploads\\\/2019\\\/10\\\/74273204_2619741624778185_7415967958096150528_n.jpg\",\"width\":682,\"height\":287},{\"@type\":\"BreadcrumbList\",\"@id\":\"https:\\\/\\\/informelitoral.com.ar\\\/otra-vez-cayo-granizo-en-isletas-y-otras-localidades-entrerrianas\\\/#breadcrumb\",\"itemListElement\":[{\"@type\":\"ListItem\",\"position\":1,\"name\":\"Portada\",\"item\":\"https:\\\/\\\/informelitoral.com.ar\\\/\"},{\"@type\":\"ListItem\",\"position\":2,\"name\":\"Otra vez cay\u00f3 granizo en Isletas y otras localidades entrerrianas\"}]},{\"@type\":\"WebSite\",\"@id\":\"https:\\\/\\\/informelitoral.com.ar\\\/#website\",\"url\":\"https:\\\/\\\/informelitoral.com.ar\\\/\",\"name\":\"Informe Litoral\",\"description\":\"&quot;Nos informamos&quot; \",\"publisher\":{\"@id\":\"https:\\\/\\\/informelitoral.com.ar\\\/#organization\"},\"potentialAction\":[{\"@type\":\"SearchAction\",\"target\":{\"@type\":\"EntryPoint\",\"urlTemplate\":\"https:\\\/\\\/informelitoral.com.ar\\\/?s={search_term_string}\"},\"query-input\":{\"@type\":\"PropertyValueSpecification\",\"valueRequired\":true,\"valueName\":\"search_term_string\"}}],\"inLanguage\":\"es\"},{\"@type\":\"Organization\",\"@id\":\"https:\\\/\\\/informelitoral.com.ar\\\/#organization\",\"name\":\"Informe Litoral\",\"url\":\"https:\\\/\\\/informelitoral.com.ar\\\/\",\"logo\":{\"@type\":\"ImageObject\",\"inLanguage\":\"es\",\"@id\":\"https:\\\/\\\/informelitoral.com.ar\\\/#\\\/schema\\\/logo\\\/image\\\/\",\"url\":\"https:\\\/\\\/informelitoral.com.ar\\\/%77%70%2d%63%6f%6e%74%65%6e%74\\\/uploads\\\/2021\\\/01\\\/circulo.png\",\"contentUrl\":\"https:\\\/\\\/informelitoral.com.ar\\\/%77%70%2d%63%6f%6e%74%65%6e%74\\\/uploads\\\/2021\\\/01\\\/circulo.png\",\"width\":723,\"height\":731,\"caption\":\"Informe Litoral\"},\"image\":{\"@id\":\"https:\\\/\\\/informelitoral.com.ar\\\/#\\\/schema\\\/logo\\\/image\\\/\"},\"sameAs\":[\"https:\\\/\\\/www.facebook.com\\\/informelitoral\\\/\",\"https:\\\/\\\/x.com\\\/InformeLitoral\",\"https:\\\/\\\/www.instagram.com\\\/informelitoral\\\/\",\"https:\\\/\\\/www.youtube.com\\\/channel\\\/UCua4Qvz8Icb6MYqhoq9xLXw\"]},{\"@type\":\"Person\",\"@id\":\"https:\\\/\\\/informelitoral.com.ar\\\/#\\\/schema\\\/person\\\/b9d00407c836482871ef1d57bf8e3180\",\"name\":\"Gonzalo Schmidt\",\"image\":{\"@type\":\"ImageObject\",\"inLanguage\":\"es\",\"@id\":\"https:\\\/\\\/secure.gravatar.com\\\/avatar\\\/31a1a7b66ff2de83bd0e9fd79d026630d2d99e55e8bfe501287647b4fd9743de?s=96&d=mm&r=g\",\"url\":\"https:\\\/\\\/secure.gravatar.com\\\/avatar\\\/31a1a7b66ff2de83bd0e9fd79d026630d2d99e55e8bfe501287647b4fd9743de?s=96&d=mm&r=g\",\"contentUrl\":\"https:\\\/\\\/secure.gravatar.com\\\/avatar\\\/31a1a7b66ff2de83bd0e9fd79d026630d2d99e55e8bfe501287647b4fd9743de?s=96&d=mm&r=g\",\"caption\":\"Gonzalo Schmidt\"},\"description\":\"Sitio web de noticias de la provincia de Entre R\u00edos, Argentina. Informaci\u00f3n y entretenimiento. Informe Litoral, nos informamos.\",\"sameAs\":[\"http:\\\/\\\/www.isletasnoticias.com.ar\"],\"url\":\"https:\\\/\\\/informelitoral.com.ar\\\/author\\\/gonzalo\\\/\"}]}<\/script>","yoast_head_json":{"title":"Otra vez cay\u00f3 granizo en Isletas y otras localidades entrerrianas - Informe Litoral","robots":{"index":"index","follow":"follow","max-snippet":"max-snippet:-1","max-image-preview":"max-image-preview:large","max-video-preview":"max-video-preview:-1"},"canonical":"https:\/\/informelitoral.com.ar\/otra-vez-cayo-granizo-en-isletas-y-otras-localidades-entrerrianas\/","og_locale":"es_ES","og_type":"article","og_title":"Otra vez cay\u00f3 granizo en Isletas y otras localidades entrerrianas - Informe Litoral","og_description":"Piedras de gran tama\u00f1o afectaron a una amplia zona rural. Otros puntos de la provincia tambi\u00e9n vienen sufriendo fen\u00f3menos similares desde el fin de semana.","og_url":"https:\/\/informelitoral.com.ar\/otra-vez-cayo-granizo-en-isletas-y-otras-localidades-entrerrianas\/","og_site_name":"Informe Litoral","article_publisher":"https:\/\/www.facebook.com\/informelitoral\/","article_published_time":"2019-10-30T11:54:42+00:00","article_modified_time":"2019-10-30T12:01:40+00:00","og_image":[{"width":682,"height":287,"url":"https:\/\/informelitoral.com.ar\/%77%70%2d%63%6f%6e%74%65%6e%74\/uploads\/2019\/10\/74273204_2619741624778185_7415967958096150528_n.jpg","type":"image\/jpeg"}],"author":"Gonzalo Schmidt","twitter_card":"summary_large_image","twitter_creator":"@InformeLitoral","twitter_site":"@InformeLitoral","twitter_misc":{"Escrito por":"Gonzalo Schmidt","Tiempo de lectura":"1 minuto"},"schema":{"@context":"https:\/\/schema.org","@graph":[{"@type":"Article","@id":"https:\/\/informelitoral.com.ar\/otra-vez-cayo-granizo-en-isletas-y-otras-localidades-entrerrianas\/#article","isPartOf":{"@id":"https:\/\/informelitoral.com.ar\/otra-vez-cayo-granizo-en-isletas-y-otras-localidades-entrerrianas\/"},"author":{"name":"Gonzalo Schmidt","@id":"https:\/\/informelitoral.com.ar\/#\/schema\/person\/b9d00407c836482871ef1d57bf8e3180"},"headline":"Otra vez cay\u00f3 granizo en Isletas y otras localidades entrerrianas","datePublished":"2019-10-30T11:54:42+00:00","dateModified":"2019-10-30T12:01:40+00:00","mainEntityOfPage":{"@id":"https:\/\/informelitoral.com.ar\/otra-vez-cayo-granizo-en-isletas-y-otras-localidades-entrerrianas\/"},"wordCount":302,"commentCount":0,"publisher":{"@id":"https:\/\/informelitoral.com.ar\/#organization"},"image":{"@id":"https:\/\/informelitoral.com.ar\/otra-vez-cayo-granizo-en-isletas-y-otras-localidades-entrerrianas\/#primaryimage"},"thumbnailUrl":"https:\/\/informelitoral.com.ar\/%77%70%2d%63%6f%6e%74%65%6e%74\/uploads\/2019\/10\/74273204_2619741624778185_7415967958096150528_n.jpg","keywords":["Entre R\u00edos","Granizo","Isletas","Temporal"],"articleSection":["Isletas"],"inLanguage":"es","potentialAction":[{"@type":"CommentAction","name":"Comment","target":["https:\/\/informelitoral.com.ar\/otra-vez-cayo-granizo-en-isletas-y-otras-localidades-entrerrianas\/#respond"]}]},{"@type":"WebPage","@id":"https:\/\/informelitoral.com.ar\/otra-vez-cayo-granizo-en-isletas-y-otras-localidades-entrerrianas\/","url":"https:\/\/informelitoral.com.ar\/otra-vez-cayo-granizo-en-isletas-y-otras-localidades-entrerrianas\/","name":"Otra vez cay\u00f3 granizo en Isletas y otras localidades entrerrianas - Informe Litoral","isPartOf":{"@id":"https:\/\/informelitoral.com.ar\/#website"},"primaryImageOfPage":{"@id":"https:\/\/informelitoral.com.ar\/otra-vez-cayo-granizo-en-isletas-y-otras-localidades-entrerrianas\/#primaryimage"},"image":{"@id":"https:\/\/informelitoral.com.ar\/otra-vez-cayo-granizo-en-isletas-y-otras-localidades-entrerrianas\/#primaryimage"},"thumbnailUrl":"https:\/\/informelitoral.com.ar\/%77%70%2d%63%6f%6e%74%65%6e%74\/uploads\/2019\/10\/74273204_2619741624778185_7415967958096150528_n.jpg","datePublished":"2019-10-30T11:54:42+00:00","dateModified":"2019-10-30T12:01:40+00:00","breadcrumb":{"@id":"https:\/\/informelitoral.com.ar\/otra-vez-cayo-granizo-en-isletas-y-otras-localidades-entrerrianas\/#breadcrumb"},"inLanguage":"es","potentialAction":[{"@type":"ReadAction","target":["https:\/\/informelitoral.com.ar\/otra-vez-cayo-granizo-en-isletas-y-otras-localidades-entrerrianas\/"]}]},{"@type":"ImageObject","inLanguage":"es","@id":"https:\/\/informelitoral.com.ar\/otra-vez-cayo-granizo-en-isletas-y-otras-localidades-entrerrianas\/#primaryimage","url":"https:\/\/informelitoral.com.ar\/%77%70%2d%63%6f%6e%74%65%6e%74\/uploads\/2019\/10\/74273204_2619741624778185_7415967958096150528_n.jpg","contentUrl":"https:\/\/informelitoral.com.ar\/%77%70%2d%63%6f%6e%74%65%6e%74\/uploads\/2019\/10\/74273204_2619741624778185_7415967958096150528_n.jpg","width":682,"height":287},{"@type":"BreadcrumbList","@id":"https:\/\/informelitoral.com.ar\/otra-vez-cayo-granizo-en-isletas-y-otras-localidades-entrerrianas\/#breadcrumb","itemListElement":[{"@type":"ListItem","position":1,"name":"Portada","item":"https:\/\/informelitoral.com.ar\/"},{"@type":"ListItem","position":2,"name":"Otra vez cay\u00f3 granizo en Isletas y otras localidades entrerrianas"}]},{"@type":"WebSite","@id":"https:\/\/informelitoral.com.ar\/#website","url":"https:\/\/informelitoral.com.ar\/","name":"Informe Litoral","description":"&quot;Nos informamos&quot; ","publisher":{"@id":"https:\/\/informelitoral.com.ar\/#organization"},"potentialAction":[{"@type":"SearchAction","target":{"@type":"EntryPoint","urlTemplate":"https:\/\/informelitoral.com.ar\/?s={search_term_string}"},"query-input":{"@type":"PropertyValueSpecification","valueRequired":true,"valueName":"search_term_string"}}],"inLanguage":"es"},{"@type":"Organization","@id":"https:\/\/informelitoral.com.ar\/#organization","name":"Informe Litoral","url":"https:\/\/informelitoral.com.ar\/","logo":{"@type":"ImageObject","inLanguage":"es","@id":"https:\/\/informelitoral.com.ar\/#\/schema\/logo\/image\/","url":"https:\/\/informelitoral.com.ar\/%77%70%2d%63%6f%6e%74%65%6e%74\/uploads\/2021\/01\/circulo.png","contentUrl":"https:\/\/informelitoral.com.ar\/%77%70%2d%63%6f%6e%74%65%6e%74\/uploads\/2021\/01\/circulo.png","width":723,"height":731,"caption":"Informe Litoral"},"image":{"@id":"https:\/\/informelitoral.com.ar\/#\/schema\/logo\/image\/"},"sameAs":["https:\/\/www.facebook.com\/informelitoral\/","https:\/\/x.com\/InformeLitoral","https:\/\/www.instagram.com\/informelitoral\/","https:\/\/www.youtube.com\/channel\/UCua4Qvz8Icb6MYqhoq9xLXw"]},{"@type":"Person","@id":"https:\/\/informelitoral.com.ar\/#\/schema\/person\/b9d00407c836482871ef1d57bf8e3180","name":"Gonzalo Schmidt","image":{"@type":"ImageObject","inLanguage":"es","@id":"https:\/\/secure.gravatar.com\/avatar\/31a1a7b66ff2de83bd0e9fd79d026630d2d99e55e8bfe501287647b4fd9743de?s=96&d=mm&r=g","url":"https:\/\/secure.gravatar.com\/avatar\/31a1a7b66ff2de83bd0e9fd79d026630d2d99e55e8bfe501287647b4fd9743de?s=96&d=mm&r=g","contentUrl":"https:\/\/secure.gravatar.com\/avatar\/31a1a7b66ff2de83bd0e9fd79d026630d2d99e55e8bfe501287647b4fd9743de?s=96&d=mm&r=g","caption":"Gonzalo Schmidt"},"description":"Sitio web de noticias de la provincia de Entre R\u00edos, Argentina. Informaci\u00f3n y entretenimiento. Informe Litoral, nos informamos.","sameAs":["http:\/\/www.isletasnoticias.com.ar"],"url":"https:\/\/informelitoral.com.ar\/author\/gonzalo\/"}]}},"_links":{"self":[{"href":"https:\/\/informelitoral.com.ar\/%77%70%2d%6a%73%6f%6e\/wp\/v2\/posts\/37595","targetHints":{"allow":["GET"]}}],"collection":[{"href":"https:\/\/informelitoral.com.ar\/%77%70%2d%6a%73%6f%6e\/wp\/v2\/posts"}],"about":[{"href":"https:\/\/informelitoral.com.ar\/%77%70%2d%6a%73%6f%6e\/wp\/v2\/types\/post"}],"author":[{"embeddable":true,"href":"https:\/\/informelitoral.com.ar\/%77%70%2d%6a%73%6f%6e\/wp\/v2\/users\/2"}],"replies":[{"embeddable":true,"href":"https:\/\/informelitoral.com.ar\/%77%70%2d%6a%73%6f%6e\/wp\/v2\/comments?post=37595"}],"version-history":[{"count":0,"href":"https:\/\/informelitoral.com.ar\/%77%70%2d%6a%73%6f%6e\/wp\/v2\/posts\/37595\/revisions"}],"wp:featuredmedia":[{"embeddable":true,"href":"https:\/\/informelitoral.com.ar\/%77%70%2d%6a%73%6f%6e\/wp\/v2\/media\/37597"}],"wp:attachment":[{"href":"https:\/\/informelitoral.com.ar\/%77%70%2d%6a%73%6f%6e\/wp\/v2\/media?parent=37595"}],"wp:term":[{"taxonomy":"category","embeddable":true,"href":"https:\/\/informelitoral.com.ar\/%77%70%2d%6a%73%6f%6e\/wp\/v2\/categories?post=37595"},{"taxonomy":"post_tag","embeddable":true,"href":"https:\/\/informelitoral.com.ar\/%77%70%2d%6a%73%6f%6e\/wp\/v2\/tags?post=37595"}],"curies":[{"name":"wp","href":"https:\/\/api.w.org\/{rel}","templated":true}]}}