{"id":37590,"date":"2019-10-30T08:27:44","date_gmt":"2019-10-30T11:27:44","guid":{"rendered":"https:\/\/www.isletasnoticias.com.ar\/?p=37590"},"modified":"2019-10-30T08:30:30","modified_gmt":"2019-10-30T11:30:30","slug":"asisten-a-familias-afectadas-por-el-temporal-en-varias-localidades-entrerrianas","status":"publish","type":"post","link":"https:\/\/informelitoral.com.ar\/asisten-a-familias-afectadas-por-el-temporal-en-varias-localidades-entrerrianas\/","title":{"rendered":"Asisten a familias afectadas por el temporal en varias localidades entrerrianas"},"content":{"rendered":"<p>Al t\u00e9rmino del encuentro con el gobernador, la ministra dijo: \u00abEstamos en contacto con las zonas que resultaron afectadas por el temporal, b\u00e1sicamente<strong> La Paz, Chajar\u00ed y Segu\u00ed.<\/strong> Trabajamos en articulaci\u00f3n con los intendentes de esas ciudades para enviar, sobre todo en el caso de La Paz, chapas para los techos que se volaron y elementos de primera necesidad a cada uno de esos municipios, con el fin de reforzar el acompa\u00f1amiento a los sectores que resultaron afectados por el fen\u00f3meno clim\u00e1tico\u00bb. Adem\u00e1s, precis\u00f3 que se contin\u00faa el monitoreo por el alerta meteorol\u00f3gico que rige en parte del territorio entrerriano.<\/p>\n<p>A trav\u00e9s del Ministerio de Desarrollo Social, la provincia articula acciones para asistir a las familias, luego de la tormenta que azot\u00f3 distintas zonas de Entre R\u00edos, tras lo cual <strong>se produjeron algunas voladuras de techos.<\/strong><\/p>\n<p>En comunicaci\u00f3n con las autoridades locales, tanto municipales como legisladores, se coordin\u00f3 el env\u00edo de elementos y se contin\u00faa con los relevamientos y monitoreos.<\/p>\n<p>Durante la ma\u00f1ana, desde la cartera social se brind\u00f3 asistencia a trav\u00e9s del programa Mil Techos para las familias damnificadas, donde <strong>adem\u00e1s de chapas y tirantes, se enviaron m\u00f3dulos alimentarios, nylon y colchones.<\/strong><\/p>\n<h3><strong>Defensa Civil<\/strong><\/h3>\n<p>En tanto, desde Defensa Civil se inform\u00f3 que el sector norte y centro de la provincia fue el m\u00e1s afectado por el temporal, con abundante lluvia y ca\u00eda de granizo en algunas zonas. En La Paz y Sauce de Luna hubo voladuras de techos y ca\u00edda de \u00e1rboles.<\/p>\n<p>De todos modos, se aclar\u00f3 no hubo necesidad de intervenci\u00f3n del organismo, que sigue monitoreando la situaci\u00f3n en permanente contacto con juntas de gobierno y municipios.<\/p>\n<p>El director de Defensa Civil, <strong>Lautaro L\u00f3pez<\/strong>, precis\u00f3 que de acuerdo al informe recabado por el Departamento de Meteorolog\u00eda de la repartici\u00f3n, \u201cen las \u00faltimas horas se registraron fen\u00f3menos consistentes en lluvias; chaparrones, algunos intensos e intermitentes, y en ciertos casos acompa\u00f1adas de actividad el\u00e9ctrica y mangas de granizo, peque\u00f1as en general y por muy poco tiempo\u201d.<\/p>\n<p>La situaci\u00f3n afect\u00f3 a gran parte del sector central de la provincia, aunque los registros de lluvias, en promedio regional, no resultaron importantes ya que fueron cercanos a los 20 mil\u00edmetros.<\/p>\n<p>Desde el organismo se estableci\u00f3 contacto con presidentes municipales y funcionarios de la provincia de las localidades de <strong>Federal, Feliciano, Federaci\u00f3n, Viale, Diamante, Basavilbaso, General Ram\u00edrez, Paran\u00e1, Valle Mar\u00eda, Rosario del Tala, 1\u00b0 de Mayo, Gualeguay, Villaguay, La Paz, San Benito, San Jos\u00e9, Concepci\u00f3n del Uruguay, Gualeguaych\u00fa, Concordia, La Criolla<\/strong>, entre otros, \u201ccon quienes articulamos informaci\u00f3n, actualizando escenario, tendiente a limitar riesgos\u201d, se\u00f1al\u00f3 L\u00f3pez.<\/p>\n<p>El funcionario destac\u00f3 que \u201cen general no se registraron dificultades de importancia, con necesidad de intervenci\u00f3n. De igual modo, se sigue monitoreando la situaci\u00f3n, como as\u00ed tambi\u00e9n se est\u00e1n relevando consecuencias\u201d.<\/p>\n<p>La ciudad de La Paz fue de las m\u00e1s afectadas hasta el momento por el temporal, donde se produjo la voladura del techo de una construcci\u00f3n precaria y ca\u00edda de ramas de \u00e1rboles. En Sauce de Luna, se comprometieron algunos techos de viviendas y hubo \u00e1rboles ca\u00eddos.<\/p>\n<p>Remarc\u00f3 que la ocurrencia de condiciones m\u00e1s significativas fue en el sector norte, donde todav\u00eda se desarrollan situaciones inestables; y en centro de la provincia, donde han cedido las condiciones meteorol\u00f3gicas.<\/p>\n<p>L\u00f3pez destac\u00f3 el trabajo del Departamento de Meteorolog\u00eda de la Direcci\u00f3n de Defensa Civil, que distribuye pron\u00f3sticos extendido y regionalizado cada tres d\u00edas y alertas meteorol\u00f3gicos, lo cual \u201cnos permite brindar asesoramiento y asistencia t\u00e9cnica a los municipios y juntas de gobierno, tendientes a limitar riesgos, permiti\u00e9ndonos articular con distintos organismos, municipales, provinciales o de la sociedad civil, como son las Asociaciones de Bomberos Voluntarios\u201d.<\/p>\n<h3><strong>La situaci\u00f3n de La Paz<\/strong><\/h3>\n<p>Respecto al fen\u00f3meno ocurrido en la ciudad de La Paz, el jefe departamental de Polic\u00eda, Edgardo Corona, inform\u00f3 que por las inclemencias clim\u00e1ticas de la madrugada cayeron \u00e1rboles en la v\u00eda p\u00fablica y la voladura del techo de una vivienda de un matrimonio mayor de edad, en la zona de barrio Estaci\u00f3n. Esto imposibilit\u00f3 el tr\u00e1nsito vehicular para resguardar la seguridad y a la espera de que la cooperativa de luz verifique la existencia de energ\u00eda en la zona.<\/p>\n<p>La tormenta fue aproximadamente a las tres de la ma\u00f1ana. La ca\u00edda de \u00e1rboles provoc\u00f3 que Bomberos Voluntarios cortaran los troncos para que pudiera continuar el tr\u00e1nsito.<\/p>\n<p>Se\u00f1al\u00f3 que no hay reporte de personas afectadas ni de viviendas anegadas, s\u00f3lo la voladura del techo. \u201cFue intenso el temporal en un primer momento y con ca\u00edda de granizo\u201d, dijo. Por ahora sigue el mal tiempo.<\/p>\n<h3><strong>Estado de los caminos<\/strong><\/h3>\n<p>Desde la Direcci\u00f3n Provincial de Vialidad (DPV) se inform\u00f3 que los caminos naturales se encuentran pesados para transitarlos, en tanto que no hay inconvenientes en los de broza y ripio. Adem\u00e1s, se recomienda transitar con precauci\u00f3n por las rutas pavimentadas ante el exceso de humedad en la calzada, mantener distancia de frenado y salir con tiempo.<\/p>\n<p>Los departamentos La Paz y Uruguay han sido, hasta el momento, los m\u00e1s perjudicados por el mal tiempo. En el primer lugar, las precipitaciones alcanzaron 30 mil\u00edmetros; y 33 mil\u00edmetros en Uruguay, donde llueve desde ayer.<\/p>\n<p>Por otra parte, se inform\u00f3 que no se han registrado da\u00f1os en la red vial por las malas condiciones del tiempo que fue acompa\u00f1ada de ca\u00edda de granizo en algunos lugares como Tala, Segu\u00ed, Pueblo Moreno y la capital provincial.<\/p>\n","protected":false},"excerpt":{"rendered":"<p>El gobernador Gustavo Bordet y la ministra de Desarrollo Social, Laura Stratta, se reunieron este martes para monitorear los da\u00f1os provocados por el temporal de lluvia y granizo que azot\u00f3 a distintas zonas, entre ellas La Paz, Segu\u00ed, Chajar\u00ed y Villa Elisa, y coordinar asistencia a los damnificados.<\/p>\n","protected":false},"author":2,"featured_media":37591,"comment_status":"open","ping_status":"open","sticky":false,"template":"","format":"standard","meta":{"fifu_image_url":"","fifu_image_alt":"","footnotes":""},"categories":[6],"tags":[81,249,167,680,527],"class_list":{"0":"post-37590","1":"post","2":"type-post","3":"status-publish","4":"format-standard","5":"has-post-thumbnail","7":"category-entre-rios","8":"tag-entre-rios","9":"tag-gobierno-provincial","10":"tag-gustavo-bordet","11":"tag-laura-stratta","12":"tag-temporal"},"yoast_head":"<title>Asisten a familias afectadas por el temporal en varias localidades entrerrianas - Informe Litoral<\/title>\n<meta name=\"robots\" content=\"index, follow, max-snippet:-1, max-image-preview:large, max-video-preview:-1\" \/>\n<link rel=\"canonical\" href=\"https:\/\/informelitoral.com.ar\/asisten-a-familias-afectadas-por-el-temporal-en-varias-localidades-entrerrianas\/\" \/>\n<meta property=\"og:locale\" content=\"es_ES\" \/>\n<meta property=\"og:type\" content=\"article\" \/>\n<meta property=\"og:title\" content=\"Asisten a familias afectadas por el temporal en varias localidades entrerrianas - Informe Litoral\" \/>\n<meta property=\"og:description\" content=\"El gobernador Gustavo Bordet y la ministra de Desarrollo Social, Laura Stratta, se reunieron este martes para monitorear los da\u00f1os provocados por el temporal de lluvia y granizo que azot\u00f3 a distintas zonas, entre ellas La Paz, Segu\u00ed, Chajar\u00ed y Villa Elisa, y coordinar asistencia a los damnificados.\" \/>\n<meta property=\"og:url\" content=\"https:\/\/informelitoral.com.ar\/asisten-a-familias-afectadas-por-el-temporal-en-varias-localidades-entrerrianas\/\" \/>\n<meta property=\"og:site_name\" content=\"Informe Litoral\" \/>\n<meta property=\"article:publisher\" content=\"https:\/\/www.facebook.com\/informelitoral\/\" \/>\n<meta property=\"article:published_time\" content=\"2019-10-30T11:27:44+00:00\" \/>\n<meta property=\"article:modified_time\" content=\"2019-10-30T11:30:30+00:00\" \/>\n<meta property=\"og:image\" content=\"https:\/\/informelitoral.com.ar\/%77%70%2d%63%6f%6e%74%65%6e%74\/uploads\/2019\/10\/1572365395jpg.jpg\" \/>\n\t<meta property=\"og:image:width\" content=\"1920\" \/>\n\t<meta property=\"og:image:height\" content=\"1280\" \/>\n\t<meta property=\"og:image:type\" content=\"image\/jpeg\" \/>\n<meta name=\"author\" content=\"Gonzalo Schmidt\" \/>\n<meta name=\"twitter:card\" content=\"summary_large_image\" \/>\n<meta name=\"twitter:creator\" content=\"@InformeLitoral\" \/>\n<meta name=\"twitter:site\" content=\"@InformeLitoral\" \/>\n<meta name=\"twitter:label1\" content=\"Escrito por\" \/>\n\t<meta name=\"twitter:data1\" content=\"Gonzalo Schmidt\" \/>\n\t<meta name=\"twitter:label2\" content=\"Tiempo de lectura\" \/>\n\t<meta name=\"twitter:data2\" content=\"5 minutos\" \/>\n<script type=\"application\/ld+json\" class=\"yoast-schema-graph\">{\"@context\":\"https:\\\/\\\/schema.org\",\"@graph\":[{\"@type\":\"Article\",\"@id\":\"https:\\\/\\\/informelitoral.com.ar\\\/asisten-a-familias-afectadas-por-el-temporal-en-varias-localidades-entrerrianas\\\/#article\",\"isPartOf\":{\"@id\":\"https:\\\/\\\/informelitoral.com.ar\\\/asisten-a-familias-afectadas-por-el-temporal-en-varias-localidades-entrerrianas\\\/\"},\"author\":{\"name\":\"Gonzalo Schmidt\",\"@id\":\"https:\\\/\\\/informelitoral.com.ar\\\/#\\\/schema\\\/person\\\/b9d00407c836482871ef1d57bf8e3180\"},\"headline\":\"Asisten a familias afectadas por el temporal en varias localidades entrerrianas\",\"datePublished\":\"2019-10-30T11:27:44+00:00\",\"dateModified\":\"2019-10-30T11:30:30+00:00\",\"mainEntityOfPage\":{\"@id\":\"https:\\\/\\\/informelitoral.com.ar\\\/asisten-a-familias-afectadas-por-el-temporal-en-varias-localidades-entrerrianas\\\/\"},\"wordCount\":968,\"commentCount\":0,\"publisher\":{\"@id\":\"https:\\\/\\\/informelitoral.com.ar\\\/#organization\"},\"image\":{\"@id\":\"https:\\\/\\\/informelitoral.com.ar\\\/asisten-a-familias-afectadas-por-el-temporal-en-varias-localidades-entrerrianas\\\/#primaryimage\"},\"thumbnailUrl\":\"https:\\\/\\\/informelitoral.com.ar\\\/%77%70%2d%63%6f%6e%74%65%6e%74\\\/uploads\\\/2019\\\/10\\\/1572365395jpg.jpg\",\"keywords\":[\"Entre R\u00edos\",\"Gobierno provincial\",\"Gustavo Bordet\",\"Laura Stratta\",\"Temporal\"],\"articleSection\":[\"Entre R\u00edos\"],\"inLanguage\":\"es\",\"potentialAction\":[{\"@type\":\"CommentAction\",\"name\":\"Comment\",\"target\":[\"https:\\\/\\\/informelitoral.com.ar\\\/asisten-a-familias-afectadas-por-el-temporal-en-varias-localidades-entrerrianas\\\/#respond\"]}]},{\"@type\":\"WebPage\",\"@id\":\"https:\\\/\\\/informelitoral.com.ar\\\/asisten-a-familias-afectadas-por-el-temporal-en-varias-localidades-entrerrianas\\\/\",\"url\":\"https:\\\/\\\/informelitoral.com.ar\\\/asisten-a-familias-afectadas-por-el-temporal-en-varias-localidades-entrerrianas\\\/\",\"name\":\"Asisten a familias afectadas por el temporal en varias localidades entrerrianas - Informe Litoral\",\"isPartOf\":{\"@id\":\"https:\\\/\\\/informelitoral.com.ar\\\/#website\"},\"primaryImageOfPage\":{\"@id\":\"https:\\\/\\\/informelitoral.com.ar\\\/asisten-a-familias-afectadas-por-el-temporal-en-varias-localidades-entrerrianas\\\/#primaryimage\"},\"image\":{\"@id\":\"https:\\\/\\\/informelitoral.com.ar\\\/asisten-a-familias-afectadas-por-el-temporal-en-varias-localidades-entrerrianas\\\/#primaryimage\"},\"thumbnailUrl\":\"https:\\\/\\\/informelitoral.com.ar\\\/%77%70%2d%63%6f%6e%74%65%6e%74\\\/uploads\\\/2019\\\/10\\\/1572365395jpg.jpg\",\"datePublished\":\"2019-10-30T11:27:44+00:00\",\"dateModified\":\"2019-10-30T11:30:30+00:00\",\"breadcrumb\":{\"@id\":\"https:\\\/\\\/informelitoral.com.ar\\\/asisten-a-familias-afectadas-por-el-temporal-en-varias-localidades-entrerrianas\\\/#breadcrumb\"},\"inLanguage\":\"es\",\"potentialAction\":[{\"@type\":\"ReadAction\",\"target\":[\"https:\\\/\\\/informelitoral.com.ar\\\/asisten-a-familias-afectadas-por-el-temporal-en-varias-localidades-entrerrianas\\\/\"]}]},{\"@type\":\"ImageObject\",\"inLanguage\":\"es\",\"@id\":\"https:\\\/\\\/informelitoral.com.ar\\\/asisten-a-familias-afectadas-por-el-temporal-en-varias-localidades-entrerrianas\\\/#primaryimage\",\"url\":\"https:\\\/\\\/informelitoral.com.ar\\\/%77%70%2d%63%6f%6e%74%65%6e%74\\\/uploads\\\/2019\\\/10\\\/1572365395jpg.jpg\",\"contentUrl\":\"https:\\\/\\\/informelitoral.com.ar\\\/%77%70%2d%63%6f%6e%74%65%6e%74\\\/uploads\\\/2019\\\/10\\\/1572365395jpg.jpg\",\"width\":1920,\"height\":1280},{\"@type\":\"BreadcrumbList\",\"@id\":\"https:\\\/\\\/informelitoral.com.ar\\\/asisten-a-familias-afectadas-por-el-temporal-en-varias-localidades-entrerrianas\\\/#breadcrumb\",\"itemListElement\":[{\"@type\":\"ListItem\",\"position\":1,\"name\":\"Portada\",\"item\":\"https:\\\/\\\/informelitoral.com.ar\\\/\"},{\"@type\":\"ListItem\",\"position\":2,\"name\":\"Asisten a familias afectadas por el temporal en varias localidades entrerrianas\"}]},{\"@type\":\"WebSite\",\"@id\":\"https:\\\/\\\/informelitoral.com.ar\\\/#website\",\"url\":\"https:\\\/\\\/informelitoral.com.ar\\\/\",\"name\":\"Informe Litoral\",\"description\":\"&quot;Nos informamos&quot; \",\"publisher\":{\"@id\":\"https:\\\/\\\/informelitoral.com.ar\\\/#organization\"},\"potentialAction\":[{\"@type\":\"SearchAction\",\"target\":{\"@type\":\"EntryPoint\",\"urlTemplate\":\"https:\\\/\\\/informelitoral.com.ar\\\/?s={search_term_string}\"},\"query-input\":{\"@type\":\"PropertyValueSpecification\",\"valueRequired\":true,\"valueName\":\"search_term_string\"}}],\"inLanguage\":\"es\"},{\"@type\":\"Organization\",\"@id\":\"https:\\\/\\\/informelitoral.com.ar\\\/#organization\",\"name\":\"Informe Litoral\",\"url\":\"https:\\\/\\\/informelitoral.com.ar\\\/\",\"logo\":{\"@type\":\"ImageObject\",\"inLanguage\":\"es\",\"@id\":\"https:\\\/\\\/informelitoral.com.ar\\\/#\\\/schema\\\/logo\\\/image\\\/\",\"url\":\"https:\\\/\\\/informelitoral.com.ar\\\/%77%70%2d%63%6f%6e%74%65%6e%74\\\/uploads\\\/2021\\\/01\\\/circulo.png\",\"contentUrl\":\"https:\\\/\\\/informelitoral.com.ar\\\/%77%70%2d%63%6f%6e%74%65%6e%74\\\/uploads\\\/2021\\\/01\\\/circulo.png\",\"width\":723,\"height\":731,\"caption\":\"Informe Litoral\"},\"image\":{\"@id\":\"https:\\\/\\\/informelitoral.com.ar\\\/#\\\/schema\\\/logo\\\/image\\\/\"},\"sameAs\":[\"https:\\\/\\\/www.facebook.com\\\/informelitoral\\\/\",\"https:\\\/\\\/x.com\\\/InformeLitoral\",\"https:\\\/\\\/www.instagram.com\\\/informelitoral\\\/\",\"https:\\\/\\\/www.youtube.com\\\/channel\\\/UCua4Qvz8Icb6MYqhoq9xLXw\"]},{\"@type\":\"Person\",\"@id\":\"https:\\\/\\\/informelitoral.com.ar\\\/#\\\/schema\\\/person\\\/b9d00407c836482871ef1d57bf8e3180\",\"name\":\"Gonzalo Schmidt\",\"image\":{\"@type\":\"ImageObject\",\"inLanguage\":\"es\",\"@id\":\"https:\\\/\\\/secure.gravatar.com\\\/avatar\\\/31a1a7b66ff2de83bd0e9fd79d026630d2d99e55e8bfe501287647b4fd9743de?s=96&d=mm&r=g\",\"url\":\"https:\\\/\\\/secure.gravatar.com\\\/avatar\\\/31a1a7b66ff2de83bd0e9fd79d026630d2d99e55e8bfe501287647b4fd9743de?s=96&d=mm&r=g\",\"contentUrl\":\"https:\\\/\\\/secure.gravatar.com\\\/avatar\\\/31a1a7b66ff2de83bd0e9fd79d026630d2d99e55e8bfe501287647b4fd9743de?s=96&d=mm&r=g\",\"caption\":\"Gonzalo Schmidt\"},\"description\":\"Sitio web de noticias de la provincia de Entre R\u00edos, Argentina. Informaci\u00f3n y entretenimiento. Informe Litoral, nos informamos.\",\"sameAs\":[\"http:\\\/\\\/www.isletasnoticias.com.ar\"],\"url\":\"https:\\\/\\\/informelitoral.com.ar\\\/author\\\/gonzalo\\\/\"}]}<\/script>","yoast_head_json":{"title":"Asisten a familias afectadas por el temporal en varias localidades entrerrianas - Informe Litoral","robots":{"index":"index","follow":"follow","max-snippet":"max-snippet:-1","max-image-preview":"max-image-preview:large","max-video-preview":"max-video-preview:-1"},"canonical":"https:\/\/informelitoral.com.ar\/asisten-a-familias-afectadas-por-el-temporal-en-varias-localidades-entrerrianas\/","og_locale":"es_ES","og_type":"article","og_title":"Asisten a familias afectadas por el temporal en varias localidades entrerrianas - Informe Litoral","og_description":"El gobernador Gustavo Bordet y la ministra de Desarrollo Social, Laura Stratta, se reunieron este martes para monitorear los da\u00f1os provocados por el temporal de lluvia y granizo que azot\u00f3 a distintas zonas, entre ellas La Paz, Segu\u00ed, Chajar\u00ed y Villa Elisa, y coordinar asistencia a los damnificados.","og_url":"https:\/\/informelitoral.com.ar\/asisten-a-familias-afectadas-por-el-temporal-en-varias-localidades-entrerrianas\/","og_site_name":"Informe Litoral","article_publisher":"https:\/\/www.facebook.com\/informelitoral\/","article_published_time":"2019-10-30T11:27:44+00:00","article_modified_time":"2019-10-30T11:30:30+00:00","og_image":[{"width":1920,"height":1280,"url":"https:\/\/informelitoral.com.ar\/%77%70%2d%63%6f%6e%74%65%6e%74\/uploads\/2019\/10\/1572365395jpg.jpg","type":"image\/jpeg"}],"author":"Gonzalo Schmidt","twitter_card":"summary_large_image","twitter_creator":"@InformeLitoral","twitter_site":"@InformeLitoral","twitter_misc":{"Escrito por":"Gonzalo Schmidt","Tiempo de lectura":"5 minutos"},"schema":{"@context":"https:\/\/schema.org","@graph":[{"@type":"Article","@id":"https:\/\/informelitoral.com.ar\/asisten-a-familias-afectadas-por-el-temporal-en-varias-localidades-entrerrianas\/#article","isPartOf":{"@id":"https:\/\/informelitoral.com.ar\/asisten-a-familias-afectadas-por-el-temporal-en-varias-localidades-entrerrianas\/"},"author":{"name":"Gonzalo Schmidt","@id":"https:\/\/informelitoral.com.ar\/#\/schema\/person\/b9d00407c836482871ef1d57bf8e3180"},"headline":"Asisten a familias afectadas por el temporal en varias localidades entrerrianas","datePublished":"2019-10-30T11:27:44+00:00","dateModified":"2019-10-30T11:30:30+00:00","mainEntityOfPage":{"@id":"https:\/\/informelitoral.com.ar\/asisten-a-familias-afectadas-por-el-temporal-en-varias-localidades-entrerrianas\/"},"wordCount":968,"commentCount":0,"publisher":{"@id":"https:\/\/informelitoral.com.ar\/#organization"},"image":{"@id":"https:\/\/informelitoral.com.ar\/asisten-a-familias-afectadas-por-el-temporal-en-varias-localidades-entrerrianas\/#primaryimage"},"thumbnailUrl":"https:\/\/informelitoral.com.ar\/%77%70%2d%63%6f%6e%74%65%6e%74\/uploads\/2019\/10\/1572365395jpg.jpg","keywords":["Entre R\u00edos","Gobierno provincial","Gustavo Bordet","Laura Stratta","Temporal"],"articleSection":["Entre R\u00edos"],"inLanguage":"es","potentialAction":[{"@type":"CommentAction","name":"Comment","target":["https:\/\/informelitoral.com.ar\/asisten-a-familias-afectadas-por-el-temporal-en-varias-localidades-entrerrianas\/#respond"]}]},{"@type":"WebPage","@id":"https:\/\/informelitoral.com.ar\/asisten-a-familias-afectadas-por-el-temporal-en-varias-localidades-entrerrianas\/","url":"https:\/\/informelitoral.com.ar\/asisten-a-familias-afectadas-por-el-temporal-en-varias-localidades-entrerrianas\/","name":"Asisten a familias afectadas por el temporal en varias localidades entrerrianas - Informe Litoral","isPartOf":{"@id":"https:\/\/informelitoral.com.ar\/#website"},"primaryImageOfPage":{"@id":"https:\/\/informelitoral.com.ar\/asisten-a-familias-afectadas-por-el-temporal-en-varias-localidades-entrerrianas\/#primaryimage"},"image":{"@id":"https:\/\/informelitoral.com.ar\/asisten-a-familias-afectadas-por-el-temporal-en-varias-localidades-entrerrianas\/#primaryimage"},"thumbnailUrl":"https:\/\/informelitoral.com.ar\/%77%70%2d%63%6f%6e%74%65%6e%74\/uploads\/2019\/10\/1572365395jpg.jpg","datePublished":"2019-10-30T11:27:44+00:00","dateModified":"2019-10-30T11:30:30+00:00","breadcrumb":{"@id":"https:\/\/informelitoral.com.ar\/asisten-a-familias-afectadas-por-el-temporal-en-varias-localidades-entrerrianas\/#breadcrumb"},"inLanguage":"es","potentialAction":[{"@type":"ReadAction","target":["https:\/\/informelitoral.com.ar\/asisten-a-familias-afectadas-por-el-temporal-en-varias-localidades-entrerrianas\/"]}]},{"@type":"ImageObject","inLanguage":"es","@id":"https:\/\/informelitoral.com.ar\/asisten-a-familias-afectadas-por-el-temporal-en-varias-localidades-entrerrianas\/#primaryimage","url":"https:\/\/informelitoral.com.ar\/%77%70%2d%63%6f%6e%74%65%6e%74\/uploads\/2019\/10\/1572365395jpg.jpg","contentUrl":"https:\/\/informelitoral.com.ar\/%77%70%2d%63%6f%6e%74%65%6e%74\/uploads\/2019\/10\/1572365395jpg.jpg","width":1920,"height":1280},{"@type":"BreadcrumbList","@id":"https:\/\/informelitoral.com.ar\/asisten-a-familias-afectadas-por-el-temporal-en-varias-localidades-entrerrianas\/#breadcrumb","itemListElement":[{"@type":"ListItem","position":1,"name":"Portada","item":"https:\/\/informelitoral.com.ar\/"},{"@type":"ListItem","position":2,"name":"Asisten a familias afectadas por el temporal en varias localidades entrerrianas"}]},{"@type":"WebSite","@id":"https:\/\/informelitoral.com.ar\/#website","url":"https:\/\/informelitoral.com.ar\/","name":"Informe Litoral","description":"&quot;Nos informamos&quot; ","publisher":{"@id":"https:\/\/informelitoral.com.ar\/#organization"},"potentialAction":[{"@type":"SearchAction","target":{"@type":"EntryPoint","urlTemplate":"https:\/\/informelitoral.com.ar\/?s={search_term_string}"},"query-input":{"@type":"PropertyValueSpecification","valueRequired":true,"valueName":"search_term_string"}}],"inLanguage":"es"},{"@type":"Organization","@id":"https:\/\/informelitoral.com.ar\/#organization","name":"Informe Litoral","url":"https:\/\/informelitoral.com.ar\/","logo":{"@type":"ImageObject","inLanguage":"es","@id":"https:\/\/informelitoral.com.ar\/#\/schema\/logo\/image\/","url":"https:\/\/informelitoral.com.ar\/%77%70%2d%63%6f%6e%74%65%6e%74\/uploads\/2021\/01\/circulo.png","contentUrl":"https:\/\/informelitoral.com.ar\/%77%70%2d%63%6f%6e%74%65%6e%74\/uploads\/2021\/01\/circulo.png","width":723,"height":731,"caption":"Informe Litoral"},"image":{"@id":"https:\/\/informelitoral.com.ar\/#\/schema\/logo\/image\/"},"sameAs":["https:\/\/www.facebook.com\/informelitoral\/","https:\/\/x.com\/InformeLitoral","https:\/\/www.instagram.com\/informelitoral\/","https:\/\/www.youtube.com\/channel\/UCua4Qvz8Icb6MYqhoq9xLXw"]},{"@type":"Person","@id":"https:\/\/informelitoral.com.ar\/#\/schema\/person\/b9d00407c836482871ef1d57bf8e3180","name":"Gonzalo Schmidt","image":{"@type":"ImageObject","inLanguage":"es","@id":"https:\/\/secure.gravatar.com\/avatar\/31a1a7b66ff2de83bd0e9fd79d026630d2d99e55e8bfe501287647b4fd9743de?s=96&d=mm&r=g","url":"https:\/\/secure.gravatar.com\/avatar\/31a1a7b66ff2de83bd0e9fd79d026630d2d99e55e8bfe501287647b4fd9743de?s=96&d=mm&r=g","contentUrl":"https:\/\/secure.gravatar.com\/avatar\/31a1a7b66ff2de83bd0e9fd79d026630d2d99e55e8bfe501287647b4fd9743de?s=96&d=mm&r=g","caption":"Gonzalo Schmidt"},"description":"Sitio web de noticias de la provincia de Entre R\u00edos, Argentina. Informaci\u00f3n y entretenimiento. Informe Litoral, nos informamos.","sameAs":["http:\/\/www.isletasnoticias.com.ar"],"url":"https:\/\/informelitoral.com.ar\/author\/gonzalo\/"}]}},"_links":{"self":[{"href":"https:\/\/informelitoral.com.ar\/%77%70%2d%6a%73%6f%6e\/wp\/v2\/posts\/37590","targetHints":{"allow":["GET"]}}],"collection":[{"href":"https:\/\/informelitoral.com.ar\/%77%70%2d%6a%73%6f%6e\/wp\/v2\/posts"}],"about":[{"href":"https:\/\/informelitoral.com.ar\/%77%70%2d%6a%73%6f%6e\/wp\/v2\/types\/post"}],"author":[{"embeddable":true,"href":"https:\/\/informelitoral.com.ar\/%77%70%2d%6a%73%6f%6e\/wp\/v2\/users\/2"}],"replies":[{"embeddable":true,"href":"https:\/\/informelitoral.com.ar\/%77%70%2d%6a%73%6f%6e\/wp\/v2\/comments?post=37590"}],"version-history":[{"count":0,"href":"https:\/\/informelitoral.com.ar\/%77%70%2d%6a%73%6f%6e\/wp\/v2\/posts\/37590\/revisions"}],"wp:featuredmedia":[{"embeddable":true,"href":"https:\/\/informelitoral.com.ar\/%77%70%2d%6a%73%6f%6e\/wp\/v2\/media\/37591"}],"wp:attachment":[{"href":"https:\/\/informelitoral.com.ar\/%77%70%2d%6a%73%6f%6e\/wp\/v2\/media?parent=37590"}],"wp:term":[{"taxonomy":"category","embeddable":true,"href":"https:\/\/informelitoral.com.ar\/%77%70%2d%6a%73%6f%6e\/wp\/v2\/categories?post=37590"},{"taxonomy":"post_tag","embeddable":true,"href":"https:\/\/informelitoral.com.ar\/%77%70%2d%6a%73%6f%6e\/wp\/v2\/tags?post=37590"}],"curies":[{"name":"wp","href":"https:\/\/api.w.org\/{rel}","templated":true}]}}