{"id":37526,"date":"2019-10-29T08:59:17","date_gmt":"2019-10-29T11:59:17","guid":{"rendered":"https:\/\/www.isletasnoticias.com.ar\/?p=37526"},"modified":"2019-10-29T08:59:17","modified_gmt":"2019-10-29T11:59:17","slug":"la-justicia-fallo-a-favor-del-decreto-del-gobierno-y-se-podra-fumigar-a-100-y-500-metros-de-escuelas-rurales","status":"publish","type":"post","link":"https:\/\/informelitoral.com.ar\/la-justicia-fallo-a-favor-del-decreto-del-gobierno-y-se-podra-fumigar-a-100-y-500-metros-de-escuelas-rurales\/","title":{"rendered":"La Justicia fall\u00f3 a favor del decreto del gobierno y se podr\u00e1 fumigar a 100 y 500 metros de escuelas rurales"},"content":{"rendered":"<p>Esto \u201cnos obliga a garantizar lo que nosotros dijimos en el decreto. Es decir que<strong> se garantiza la seguridad ambiental y la salud, lo cual debemos concretar realmente con las accione<\/strong>s\u201d, valor\u00f3 el fiscal de Estado, <strong>Julio Rodr\u00edguez Signes. <\/strong><\/p>\n<figure id=\"attachment_37528\" aria-describedby=\"caption-attachment-37528\" style=\"width: 696px\" class=\"wp-caption aligncenter\"><a href=\"https:\/\/www.isletasnoticias.com.ar\/%77%70%2d%63%6f%6e%74%65%6e%74\/uploads\/2019\/10\/1572295602jpg.jpg\"><img loading=\"lazy\" decoding=\"async\" class=\"wp-image-37528 size-large\" src=\"https:\/\/www.isletasnoticias.com.ar\/%77%70%2d%63%6f%6e%74%65%6e%74\/uploads\/2019\/10\/1572295602jpg-1024x683.jpg\" alt=\"\" width=\"696\" height=\"464\" srcset=\"https:\/\/informelitoral.com.ar\/%77%70%2d%63%6f%6e%74%65%6e%74\/uploads\/2019\/10\/1572295602jpg-1024x683.jpg 1024w, https:\/\/informelitoral.com.ar\/%77%70%2d%63%6f%6e%74%65%6e%74\/uploads\/2019\/10\/1572295602jpg-300x200.jpg 300w, https:\/\/informelitoral.com.ar\/%77%70%2d%63%6f%6e%74%65%6e%74\/uploads\/2019\/10\/1572295602jpg-768x512.jpg 768w, https:\/\/informelitoral.com.ar\/%77%70%2d%63%6f%6e%74%65%6e%74\/uploads\/2019\/10\/1572295602jpg-696x464.jpg 696w, https:\/\/informelitoral.com.ar\/%77%70%2d%63%6f%6e%74%65%6e%74\/uploads\/2019\/10\/1572295602jpg-1068x712.jpg 1068w, https:\/\/informelitoral.com.ar\/%77%70%2d%63%6f%6e%74%65%6e%74\/uploads\/2019\/10\/1572295602jpg-630x420.jpg 630w, https:\/\/informelitoral.com.ar\/%77%70%2d%63%6f%6e%74%65%6e%74\/uploads\/2019\/10\/1572295602jpg.jpg 1920w\" sizes=\"auto, (max-width: 696px) 100vw, 696px\" \/><\/a><figcaption id=\"caption-attachment-37528\" class=\"wp-caption-text\">Julio Rodr\u00edguez Signes, fiscal de Estado.<\/figcaption><\/figure>\n<p>Tras la resoluci\u00f3n, el fiscal de Estado provincial explic\u00f3 que \u201c<strong>esto significa que a partir de esta sentencia, este decreto que ya ten\u00eda validez en muchas cl\u00e1usulas, adquiere completa validez, en particular, lo m\u00e1s sensible de todo es el tema de las distancias<\/strong>\u201d.<\/p>\n<p>Rodr\u00edguez Signes puso de relieve que \u201cla administraci\u00f3n a partir de estas sentencias anteriores tuvo que hacer un trabajo profundo de buscar la mejor regulaci\u00f3n y el Poder Judicial termin\u00f3 diciendo que esa regulaci\u00f3n que encontr\u00f3 forma a trav\u00e9s del decreto 2239 y que es la regulaci\u00f3n correcta\u201d.<\/p>\n<p>\u201c<strong>Ahora viene la parte m\u00e1s dif\u00edcil de todas que es lograr la aplicaci\u00f3n del decreto 2239, porque no es solamente dictar la norma.<\/strong> Ahora la Secretar\u00eda de Producci\u00f3n, que es el \u00f3rgano de aplicaci\u00f3n, tendr\u00e1 que disponer c\u00f3mo hace para aplicarla estrictamente, para que no falle el sistema y que tengamos que lamentar ning\u00fan caso de contaminaci\u00f3n, de intoxicaci\u00f3n, que seamos muy celosos en eso\u201d, puntualiz\u00f3.<\/p>\n<p><b>Detalles<a href=\"https:\/\/www.isletasnoticias.com.ar\/%77%70%2d%63%6f%6e%74%65%6e%74\/uploads\/2019\/07\/fumigaciones.jpg\"><img loading=\"lazy\" decoding=\"async\" class=\"aligncenter wp-image-34871 size-full\" src=\"https:\/\/www.isletasnoticias.com.ar\/%77%70%2d%63%6f%6e%74%65%6e%74\/uploads\/2019\/07\/fumigaciones.jpg\" alt=\"\" width=\"770\" height=\"536\" srcset=\"https:\/\/informelitoral.com.ar\/%77%70%2d%63%6f%6e%74%65%6e%74\/uploads\/2019\/07\/fumigaciones.jpg 770w, https:\/\/informelitoral.com.ar\/%77%70%2d%63%6f%6e%74%65%6e%74\/uploads\/2019\/07\/fumigaciones-300x209.jpg 300w, https:\/\/informelitoral.com.ar\/%77%70%2d%63%6f%6e%74%65%6e%74\/uploads\/2019\/07\/fumigaciones-768x535.jpg 768w, https:\/\/informelitoral.com.ar\/%77%70%2d%63%6f%6e%74%65%6e%74\/uploads\/2019\/07\/fumigaciones-100x70.jpg 100w, https:\/\/informelitoral.com.ar\/%77%70%2d%63%6f%6e%74%65%6e%74\/uploads\/2019\/07\/fumigaciones-696x484.jpg 696w, https:\/\/informelitoral.com.ar\/%77%70%2d%63%6f%6e%74%65%6e%74\/uploads\/2019\/07\/fumigaciones-603x420.jpg 603w\" sizes=\"auto, (max-width: 770px) 100vw, 770px\" \/><\/a><\/b>Al respecto, explic\u00f3 que \u201cen las sentencias anteriores, las distancias que se hab\u00edan fijado eran de 1.000 metros y 3.000 metros de exclusi\u00f3n para la aplicaci\u00f3n de plaguicidas y <strong>ahora es de 100 metros y 500 metros\u201d<\/strong>. En este punto, aclar\u00f3: \u00ab<strong>Hay que hacer una peque\u00f1a correcci\u00f3n, que es que la distancia hay que computarla no desde el casco de la escuela como est\u00e1 en el decreto sino desde el l\u00edmite de propiedad de la escuela. Salvado eso, el decreto es completamente v\u00e1lido y leg\u00edtimo<\/strong>\u201d.<\/p>\n<p>Indic\u00f3 que \u201ces porque el Superior Tribunal de Justicia dice que el Poder Ejecutivo ejerci\u00f3 razonable y criteriosamente el poder de polic\u00eda, ya que se nutri\u00f3 de informes id\u00f3neos\u201d. Cabe se\u00f1alar, que <strong>el decreto est\u00e1 basado en informes del Estado Nacional, Senasa, trabajos de investigaci\u00f3n del Conicet, informes de la Facultad de Agronom\u00eda de la Universidad Nacional de Entre R\u00edos,<\/strong> \u201ces un decreto que implica un esfuerzo importante de una regulaci\u00f3n responsable\u201d, complet\u00f3.<\/p>\n<p>Por otra parte, ahond\u00f3: \u201cLuego<strong> exhorta a que el Poder Legislativo tome cartas en el asunto,<\/strong> eso no es una condena, sino una petici\u00f3n del Poder Judicial al Legislativo para que regule, lo cual me parece muy bien, ya que este es un tema delicado, sensible hay que revisarlo, y revisar toda la legislaci\u00f3n\u201d.<\/p>\n<p>Finalmente destac\u00f3 que \u00absi bien el decreto 2239 es leg\u00edtimo y v\u00e1lido y se va a aplicar, <strong>hay que destacar que todos estos <a href=\"https:\/\/www.isletasnoticias.com.ar\/fumigaciones-decretan-la-nulidad-de-tres-articulos-del-decreto\/\">amparos promovidos por el Foro Ecologista y Agmer<\/a>, motivaron a poner el foco en este tema.<\/strong> Es un tema en el cual evidentemente hab\u00eda falencias, y este decreto viene a llenar estas falencias, donde no hab\u00eda nada\u201d.<\/p>\n<h3><em><strong>TE PUEDEN INTERESAR:\u00a0<\/strong><\/em><\/h3>\n<blockquote class=\"wp-embedded-content\" data-secret=\"LTIYTfpZ0K\"><p><a href=\"https:\/\/www.isletasnoticias.com.ar\/fumigaciones-castrillon-recibio-a-productores-y-propuso-una-audiencia-publica-para-unir-las-partes\/\">Fumigaciones: Castrill\u00f3n recibi\u00f3 a productores y propuso una audiencia p\u00fablica para unir las partes<\/a><\/p><\/blockquote>\n<p><iframe loading=\"lazy\" title=\"&#171;Fumigaciones: Castrill\u00f3n recibi\u00f3 a productores y propuso una audiencia p\u00fablica para unir las partes&#187; &#8212; Isletas Noticias\" class=\"wp-embedded-content\" sandbox=\"allow-scripts\" security=\"restricted\" style=\"position: absolute; clip: rect(1px, 1px, 1px, 1px);\" src=\"https:\/\/www.isletasnoticias.com.ar\/fumigaciones-castrillon-recibio-a-productores-y-propuso-una-audiencia-publica-para-unir-las-partes\/embed\/#?secret=LTIYTfpZ0K\" data-secret=\"LTIYTfpZ0K\" width=\"600\" height=\"338\" frameborder=\"0\" marginwidth=\"0\" marginheight=\"0\" scrolling=\"no\"><\/iframe><\/p>\n<blockquote class=\"wp-embedded-content\" data-secret=\"6aBfFXhpdA\"><p><a href=\"https:\/\/www.isletasnoticias.com.ar\/la-procuracion-esta-a-favor-del-decreto-que-regula-las-fumigaciones\/\">La Procuraci\u00f3n est\u00e1 a favor del decreto que regula las fumigaciones<\/a><\/p><\/blockquote>\n<p><iframe loading=\"lazy\" title=\"&#171;La Procuraci\u00f3n est\u00e1 a favor del decreto que regula las fumigaciones&#187; &#8212; Isletas Noticias\" class=\"wp-embedded-content\" sandbox=\"allow-scripts\" security=\"restricted\" style=\"position: absolute; clip: rect(1px, 1px, 1px, 1px);\" src=\"https:\/\/www.isletasnoticias.com.ar\/la-procuracion-esta-a-favor-del-decreto-que-regula-las-fumigaciones\/embed\/#?secret=6aBfFXhpdA\" data-secret=\"6aBfFXhpdA\" width=\"600\" height=\"338\" frameborder=\"0\" marginwidth=\"0\" marginheight=\"0\" scrolling=\"no\"><\/iframe><\/p>\n<blockquote class=\"wp-embedded-content\" data-secret=\"8enX6Eb6eP\"><p><a href=\"https:\/\/www.isletasnoticias.com.ar\/decreto-de-bordet-sobre-fumigaciones-hay-que-ceder-de-las-dos-partes\/\">Decreto de Bordet sobre fumigaciones: &#171;Hay que ceder, de las dos partes&#187;<\/a><\/p><\/blockquote>\n<p><iframe loading=\"lazy\" title=\"&#171;Decreto de Bordet sobre fumigaciones: &#171;Hay que ceder, de las dos partes&#187;&#187; &#8212; Isletas Noticias\" class=\"wp-embedded-content\" sandbox=\"allow-scripts\" security=\"restricted\" style=\"position: absolute; clip: rect(1px, 1px, 1px, 1px);\" src=\"https:\/\/www.isletasnoticias.com.ar\/decreto-de-bordet-sobre-fumigaciones-hay-que-ceder-de-las-dos-partes\/embed\/#?secret=8enX6Eb6eP\" data-secret=\"8enX6Eb6eP\" width=\"600\" height=\"338\" frameborder=\"0\" marginwidth=\"0\" marginheight=\"0\" scrolling=\"no\"><\/iframe><\/p>\n","protected":false},"excerpt":{"rendered":"<p>El Superior Tribunal de Justicia revoc\u00f3 por unanimidad la sentencia de primera instancia, y por lo tanto dej\u00f3 leg\u00edtimo y v\u00e1lido el decreto N\u00ba 2239\/19 regula la aplicaci\u00f3n de fitosanitarios en cercan\u00edas a escuelas rurales.<\/p>\n","protected":false},"author":2,"featured_media":37527,"comment_status":"open","ping_status":"open","sticky":false,"template":"","format":"standard","meta":{"fifu_image_url":"","fifu_image_alt":"","footnotes":""},"categories":[10],"tags":[191,274,139,71,236,249,147,120,818],"class_list":{"0":"post-37526","1":"post","2":"type-post","3":"status-publish","4":"format-standard","5":"has-post-thumbnail","7":"category-campo","8":"tag-agricultura","9":"tag-agroindustria","10":"tag-agroquimicos","11":"tag-campo","12":"tag-fumigaciones","13":"tag-gobierno-provincial","14":"tag-justicia","15":"tag-produccion","16":"tag-productores"},"yoast_head":"<title>La Justicia fall\u00f3 a favor del decreto del gobierno y se podr\u00e1 fumigar a 100 y 500 metros de escuelas rurales - Informe Litoral<\/title>\n<meta name=\"robots\" content=\"index, follow, max-snippet:-1, max-image-preview:large, max-video-preview:-1\" \/>\n<link rel=\"canonical\" href=\"https:\/\/informelitoral.com.ar\/la-justicia-fallo-a-favor-del-decreto-del-gobierno-y-se-podra-fumigar-a-100-y-500-metros-de-escuelas-rurales\/\" \/>\n<meta property=\"og:locale\" content=\"es_ES\" \/>\n<meta property=\"og:type\" content=\"article\" \/>\n<meta property=\"og:title\" content=\"La Justicia fall\u00f3 a favor del decreto del gobierno y se podr\u00e1 fumigar a 100 y 500 metros de escuelas rurales - Informe Litoral\" \/>\n<meta property=\"og:description\" content=\"El Superior Tribunal de Justicia revoc\u00f3 por unanimidad la sentencia de primera instancia, y por lo tanto dej\u00f3 leg\u00edtimo y v\u00e1lido el decreto N\u00ba 2239\/19 regula la aplicaci\u00f3n de fitosanitarios en cercan\u00edas a escuelas rurales.\" \/>\n<meta property=\"og:url\" content=\"https:\/\/informelitoral.com.ar\/la-justicia-fallo-a-favor-del-decreto-del-gobierno-y-se-podra-fumigar-a-100-y-500-metros-de-escuelas-rurales\/\" \/>\n<meta property=\"og:site_name\" content=\"Informe Litoral\" \/>\n<meta property=\"article:publisher\" content=\"https:\/\/www.facebook.com\/informelitoral\/\" \/>\n<meta property=\"article:published_time\" content=\"2019-10-29T11:59:17+00:00\" \/>\n<meta property=\"og:image\" content=\"https:\/\/informelitoral.com.ar\/%77%70%2d%63%6f%6e%74%65%6e%74\/uploads\/2019\/10\/poder-judicial.jpg\" \/>\n\t<meta property=\"og:image:width\" content=\"600\" \/>\n\t<meta property=\"og:image:height\" content=\"379\" \/>\n\t<meta property=\"og:image:type\" content=\"image\/jpeg\" \/>\n<meta name=\"author\" content=\"Gonzalo Schmidt\" \/>\n<meta name=\"twitter:card\" content=\"summary_large_image\" \/>\n<meta name=\"twitter:creator\" content=\"@InformeLitoral\" \/>\n<meta name=\"twitter:site\" content=\"@InformeLitoral\" \/>\n<meta name=\"twitter:label1\" content=\"Escrito por\" \/>\n\t<meta name=\"twitter:data1\" content=\"Gonzalo Schmidt\" \/>\n\t<meta name=\"twitter:label2\" content=\"Tiempo de lectura\" \/>\n\t<meta name=\"twitter:data2\" content=\"3 minutos\" \/>\n<script type=\"application\/ld+json\" class=\"yoast-schema-graph\">{\"@context\":\"https:\\\/\\\/schema.org\",\"@graph\":[{\"@type\":\"Article\",\"@id\":\"https:\\\/\\\/informelitoral.com.ar\\\/la-justicia-fallo-a-favor-del-decreto-del-gobierno-y-se-podra-fumigar-a-100-y-500-metros-de-escuelas-rurales\\\/#article\",\"isPartOf\":{\"@id\":\"https:\\\/\\\/informelitoral.com.ar\\\/la-justicia-fallo-a-favor-del-decreto-del-gobierno-y-se-podra-fumigar-a-100-y-500-metros-de-escuelas-rurales\\\/\"},\"author\":{\"name\":\"Gonzalo Schmidt\",\"@id\":\"https:\\\/\\\/informelitoral.com.ar\\\/#\\\/schema\\\/person\\\/b9d00407c836482871ef1d57bf8e3180\"},\"headline\":\"La Justicia fall\u00f3 a favor del decreto del gobierno y se podr\u00e1 fumigar a 100 y 500 metros de escuelas rurales\",\"datePublished\":\"2019-10-29T11:59:17+00:00\",\"mainEntityOfPage\":{\"@id\":\"https:\\\/\\\/informelitoral.com.ar\\\/la-justicia-fallo-a-favor-del-decreto-del-gobierno-y-se-podra-fumigar-a-100-y-500-metros-de-escuelas-rurales\\\/\"},\"wordCount\":558,\"commentCount\":0,\"publisher\":{\"@id\":\"https:\\\/\\\/informelitoral.com.ar\\\/#organization\"},\"image\":{\"@id\":\"https:\\\/\\\/informelitoral.com.ar\\\/la-justicia-fallo-a-favor-del-decreto-del-gobierno-y-se-podra-fumigar-a-100-y-500-metros-de-escuelas-rurales\\\/#primaryimage\"},\"thumbnailUrl\":\"https:\\\/\\\/informelitoral.com.ar\\\/%77%70%2d%63%6f%6e%74%65%6e%74\\\/uploads\\\/2019\\\/10\\\/poder-judicial.jpg\",\"keywords\":[\"Agricultura\",\"Agroindustria\",\"Agroqu\u00edmicos\",\"Campo\",\"Fumigaciones\",\"Gobierno provincial\",\"Justicia\",\"Producci\u00f3n\",\"Productores\"],\"articleSection\":[\"Campo\"],\"inLanguage\":\"es\",\"potentialAction\":[{\"@type\":\"CommentAction\",\"name\":\"Comment\",\"target\":[\"https:\\\/\\\/informelitoral.com.ar\\\/la-justicia-fallo-a-favor-del-decreto-del-gobierno-y-se-podra-fumigar-a-100-y-500-metros-de-escuelas-rurales\\\/#respond\"]}]},{\"@type\":\"WebPage\",\"@id\":\"https:\\\/\\\/informelitoral.com.ar\\\/la-justicia-fallo-a-favor-del-decreto-del-gobierno-y-se-podra-fumigar-a-100-y-500-metros-de-escuelas-rurales\\\/\",\"url\":\"https:\\\/\\\/informelitoral.com.ar\\\/la-justicia-fallo-a-favor-del-decreto-del-gobierno-y-se-podra-fumigar-a-100-y-500-metros-de-escuelas-rurales\\\/\",\"name\":\"La Justicia fall\u00f3 a favor del decreto del gobierno y se podr\u00e1 fumigar a 100 y 500 metros de escuelas rurales - Informe Litoral\",\"isPartOf\":{\"@id\":\"https:\\\/\\\/informelitoral.com.ar\\\/#website\"},\"primaryImageOfPage\":{\"@id\":\"https:\\\/\\\/informelitoral.com.ar\\\/la-justicia-fallo-a-favor-del-decreto-del-gobierno-y-se-podra-fumigar-a-100-y-500-metros-de-escuelas-rurales\\\/#primaryimage\"},\"image\":{\"@id\":\"https:\\\/\\\/informelitoral.com.ar\\\/la-justicia-fallo-a-favor-del-decreto-del-gobierno-y-se-podra-fumigar-a-100-y-500-metros-de-escuelas-rurales\\\/#primaryimage\"},\"thumbnailUrl\":\"https:\\\/\\\/informelitoral.com.ar\\\/%77%70%2d%63%6f%6e%74%65%6e%74\\\/uploads\\\/2019\\\/10\\\/poder-judicial.jpg\",\"datePublished\":\"2019-10-29T11:59:17+00:00\",\"breadcrumb\":{\"@id\":\"https:\\\/\\\/informelitoral.com.ar\\\/la-justicia-fallo-a-favor-del-decreto-del-gobierno-y-se-podra-fumigar-a-100-y-500-metros-de-escuelas-rurales\\\/#breadcrumb\"},\"inLanguage\":\"es\",\"potentialAction\":[{\"@type\":\"ReadAction\",\"target\":[\"https:\\\/\\\/informelitoral.com.ar\\\/la-justicia-fallo-a-favor-del-decreto-del-gobierno-y-se-podra-fumigar-a-100-y-500-metros-de-escuelas-rurales\\\/\"]}]},{\"@type\":\"ImageObject\",\"inLanguage\":\"es\",\"@id\":\"https:\\\/\\\/informelitoral.com.ar\\\/la-justicia-fallo-a-favor-del-decreto-del-gobierno-y-se-podra-fumigar-a-100-y-500-metros-de-escuelas-rurales\\\/#primaryimage\",\"url\":\"https:\\\/\\\/informelitoral.com.ar\\\/%77%70%2d%63%6f%6e%74%65%6e%74\\\/uploads\\\/2019\\\/10\\\/poder-judicial.jpg\",\"contentUrl\":\"https:\\\/\\\/informelitoral.com.ar\\\/%77%70%2d%63%6f%6e%74%65%6e%74\\\/uploads\\\/2019\\\/10\\\/poder-judicial.jpg\",\"width\":600,\"height\":379},{\"@type\":\"BreadcrumbList\",\"@id\":\"https:\\\/\\\/informelitoral.com.ar\\\/la-justicia-fallo-a-favor-del-decreto-del-gobierno-y-se-podra-fumigar-a-100-y-500-metros-de-escuelas-rurales\\\/#breadcrumb\",\"itemListElement\":[{\"@type\":\"ListItem\",\"position\":1,\"name\":\"Portada\",\"item\":\"https:\\\/\\\/informelitoral.com.ar\\\/\"},{\"@type\":\"ListItem\",\"position\":2,\"name\":\"La Justicia fall\u00f3 a favor del decreto del gobierno y se podr\u00e1 fumigar a 100 y 500 metros de escuelas rurales\"}]},{\"@type\":\"WebSite\",\"@id\":\"https:\\\/\\\/informelitoral.com.ar\\\/#website\",\"url\":\"https:\\\/\\\/informelitoral.com.ar\\\/\",\"name\":\"Informe Litoral\",\"description\":\"&quot;Nos informamos&quot; \",\"publisher\":{\"@id\":\"https:\\\/\\\/informelitoral.com.ar\\\/#organization\"},\"potentialAction\":[{\"@type\":\"SearchAction\",\"target\":{\"@type\":\"EntryPoint\",\"urlTemplate\":\"https:\\\/\\\/informelitoral.com.ar\\\/?s={search_term_string}\"},\"query-input\":{\"@type\":\"PropertyValueSpecification\",\"valueRequired\":true,\"valueName\":\"search_term_string\"}}],\"inLanguage\":\"es\"},{\"@type\":\"Organization\",\"@id\":\"https:\\\/\\\/informelitoral.com.ar\\\/#organization\",\"name\":\"Informe Litoral\",\"url\":\"https:\\\/\\\/informelitoral.com.ar\\\/\",\"logo\":{\"@type\":\"ImageObject\",\"inLanguage\":\"es\",\"@id\":\"https:\\\/\\\/informelitoral.com.ar\\\/#\\\/schema\\\/logo\\\/image\\\/\",\"url\":\"https:\\\/\\\/informelitoral.com.ar\\\/%77%70%2d%63%6f%6e%74%65%6e%74\\\/uploads\\\/2021\\\/01\\\/circulo.png\",\"contentUrl\":\"https:\\\/\\\/informelitoral.com.ar\\\/%77%70%2d%63%6f%6e%74%65%6e%74\\\/uploads\\\/2021\\\/01\\\/circulo.png\",\"width\":723,\"height\":731,\"caption\":\"Informe Litoral\"},\"image\":{\"@id\":\"https:\\\/\\\/informelitoral.com.ar\\\/#\\\/schema\\\/logo\\\/image\\\/\"},\"sameAs\":[\"https:\\\/\\\/www.facebook.com\\\/informelitoral\\\/\",\"https:\\\/\\\/x.com\\\/InformeLitoral\",\"https:\\\/\\\/www.instagram.com\\\/informelitoral\\\/\",\"https:\\\/\\\/www.youtube.com\\\/channel\\\/UCua4Qvz8Icb6MYqhoq9xLXw\"]},{\"@type\":\"Person\",\"@id\":\"https:\\\/\\\/informelitoral.com.ar\\\/#\\\/schema\\\/person\\\/b9d00407c836482871ef1d57bf8e3180\",\"name\":\"Gonzalo Schmidt\",\"image\":{\"@type\":\"ImageObject\",\"inLanguage\":\"es\",\"@id\":\"https:\\\/\\\/secure.gravatar.com\\\/avatar\\\/31a1a7b66ff2de83bd0e9fd79d026630d2d99e55e8bfe501287647b4fd9743de?s=96&d=mm&r=g\",\"url\":\"https:\\\/\\\/secure.gravatar.com\\\/avatar\\\/31a1a7b66ff2de83bd0e9fd79d026630d2d99e55e8bfe501287647b4fd9743de?s=96&d=mm&r=g\",\"contentUrl\":\"https:\\\/\\\/secure.gravatar.com\\\/avatar\\\/31a1a7b66ff2de83bd0e9fd79d026630d2d99e55e8bfe501287647b4fd9743de?s=96&d=mm&r=g\",\"caption\":\"Gonzalo Schmidt\"},\"description\":\"Sitio web de noticias de la provincia de Entre R\u00edos, Argentina. Informaci\u00f3n y entretenimiento. Informe Litoral, nos informamos.\",\"sameAs\":[\"http:\\\/\\\/www.isletasnoticias.com.ar\"],\"url\":\"https:\\\/\\\/informelitoral.com.ar\\\/author\\\/gonzalo\\\/\"}]}<\/script>","yoast_head_json":{"title":"La Justicia fall\u00f3 a favor del decreto del gobierno y se podr\u00e1 fumigar a 100 y 500 metros de escuelas rurales - Informe Litoral","robots":{"index":"index","follow":"follow","max-snippet":"max-snippet:-1","max-image-preview":"max-image-preview:large","max-video-preview":"max-video-preview:-1"},"canonical":"https:\/\/informelitoral.com.ar\/la-justicia-fallo-a-favor-del-decreto-del-gobierno-y-se-podra-fumigar-a-100-y-500-metros-de-escuelas-rurales\/","og_locale":"es_ES","og_type":"article","og_title":"La Justicia fall\u00f3 a favor del decreto del gobierno y se podr\u00e1 fumigar a 100 y 500 metros de escuelas rurales - Informe Litoral","og_description":"El Superior Tribunal de Justicia revoc\u00f3 por unanimidad la sentencia de primera instancia, y por lo tanto dej\u00f3 leg\u00edtimo y v\u00e1lido el decreto N\u00ba 2239\/19 regula la aplicaci\u00f3n de fitosanitarios en cercan\u00edas a escuelas rurales.","og_url":"https:\/\/informelitoral.com.ar\/la-justicia-fallo-a-favor-del-decreto-del-gobierno-y-se-podra-fumigar-a-100-y-500-metros-de-escuelas-rurales\/","og_site_name":"Informe Litoral","article_publisher":"https:\/\/www.facebook.com\/informelitoral\/","article_published_time":"2019-10-29T11:59:17+00:00","og_image":[{"width":600,"height":379,"url":"https:\/\/informelitoral.com.ar\/%77%70%2d%63%6f%6e%74%65%6e%74\/uploads\/2019\/10\/poder-judicial.jpg","type":"image\/jpeg"}],"author":"Gonzalo Schmidt","twitter_card":"summary_large_image","twitter_creator":"@InformeLitoral","twitter_site":"@InformeLitoral","twitter_misc":{"Escrito por":"Gonzalo Schmidt","Tiempo de lectura":"3 minutos"},"schema":{"@context":"https:\/\/schema.org","@graph":[{"@type":"Article","@id":"https:\/\/informelitoral.com.ar\/la-justicia-fallo-a-favor-del-decreto-del-gobierno-y-se-podra-fumigar-a-100-y-500-metros-de-escuelas-rurales\/#article","isPartOf":{"@id":"https:\/\/informelitoral.com.ar\/la-justicia-fallo-a-favor-del-decreto-del-gobierno-y-se-podra-fumigar-a-100-y-500-metros-de-escuelas-rurales\/"},"author":{"name":"Gonzalo Schmidt","@id":"https:\/\/informelitoral.com.ar\/#\/schema\/person\/b9d00407c836482871ef1d57bf8e3180"},"headline":"La Justicia fall\u00f3 a favor del decreto del gobierno y se podr\u00e1 fumigar a 100 y 500 metros de escuelas rurales","datePublished":"2019-10-29T11:59:17+00:00","mainEntityOfPage":{"@id":"https:\/\/informelitoral.com.ar\/la-justicia-fallo-a-favor-del-decreto-del-gobierno-y-se-podra-fumigar-a-100-y-500-metros-de-escuelas-rurales\/"},"wordCount":558,"commentCount":0,"publisher":{"@id":"https:\/\/informelitoral.com.ar\/#organization"},"image":{"@id":"https:\/\/informelitoral.com.ar\/la-justicia-fallo-a-favor-del-decreto-del-gobierno-y-se-podra-fumigar-a-100-y-500-metros-de-escuelas-rurales\/#primaryimage"},"thumbnailUrl":"https:\/\/informelitoral.com.ar\/%77%70%2d%63%6f%6e%74%65%6e%74\/uploads\/2019\/10\/poder-judicial.jpg","keywords":["Agricultura","Agroindustria","Agroqu\u00edmicos","Campo","Fumigaciones","Gobierno provincial","Justicia","Producci\u00f3n","Productores"],"articleSection":["Campo"],"inLanguage":"es","potentialAction":[{"@type":"CommentAction","name":"Comment","target":["https:\/\/informelitoral.com.ar\/la-justicia-fallo-a-favor-del-decreto-del-gobierno-y-se-podra-fumigar-a-100-y-500-metros-de-escuelas-rurales\/#respond"]}]},{"@type":"WebPage","@id":"https:\/\/informelitoral.com.ar\/la-justicia-fallo-a-favor-del-decreto-del-gobierno-y-se-podra-fumigar-a-100-y-500-metros-de-escuelas-rurales\/","url":"https:\/\/informelitoral.com.ar\/la-justicia-fallo-a-favor-del-decreto-del-gobierno-y-se-podra-fumigar-a-100-y-500-metros-de-escuelas-rurales\/","name":"La Justicia fall\u00f3 a favor del decreto del gobierno y se podr\u00e1 fumigar a 100 y 500 metros de escuelas rurales - Informe Litoral","isPartOf":{"@id":"https:\/\/informelitoral.com.ar\/#website"},"primaryImageOfPage":{"@id":"https:\/\/informelitoral.com.ar\/la-justicia-fallo-a-favor-del-decreto-del-gobierno-y-se-podra-fumigar-a-100-y-500-metros-de-escuelas-rurales\/#primaryimage"},"image":{"@id":"https:\/\/informelitoral.com.ar\/la-justicia-fallo-a-favor-del-decreto-del-gobierno-y-se-podra-fumigar-a-100-y-500-metros-de-escuelas-rurales\/#primaryimage"},"thumbnailUrl":"https:\/\/informelitoral.com.ar\/%77%70%2d%63%6f%6e%74%65%6e%74\/uploads\/2019\/10\/poder-judicial.jpg","datePublished":"2019-10-29T11:59:17+00:00","breadcrumb":{"@id":"https:\/\/informelitoral.com.ar\/la-justicia-fallo-a-favor-del-decreto-del-gobierno-y-se-podra-fumigar-a-100-y-500-metros-de-escuelas-rurales\/#breadcrumb"},"inLanguage":"es","potentialAction":[{"@type":"ReadAction","target":["https:\/\/informelitoral.com.ar\/la-justicia-fallo-a-favor-del-decreto-del-gobierno-y-se-podra-fumigar-a-100-y-500-metros-de-escuelas-rurales\/"]}]},{"@type":"ImageObject","inLanguage":"es","@id":"https:\/\/informelitoral.com.ar\/la-justicia-fallo-a-favor-del-decreto-del-gobierno-y-se-podra-fumigar-a-100-y-500-metros-de-escuelas-rurales\/#primaryimage","url":"https:\/\/informelitoral.com.ar\/%77%70%2d%63%6f%6e%74%65%6e%74\/uploads\/2019\/10\/poder-judicial.jpg","contentUrl":"https:\/\/informelitoral.com.ar\/%77%70%2d%63%6f%6e%74%65%6e%74\/uploads\/2019\/10\/poder-judicial.jpg","width":600,"height":379},{"@type":"BreadcrumbList","@id":"https:\/\/informelitoral.com.ar\/la-justicia-fallo-a-favor-del-decreto-del-gobierno-y-se-podra-fumigar-a-100-y-500-metros-de-escuelas-rurales\/#breadcrumb","itemListElement":[{"@type":"ListItem","position":1,"name":"Portada","item":"https:\/\/informelitoral.com.ar\/"},{"@type":"ListItem","position":2,"name":"La Justicia fall\u00f3 a favor del decreto del gobierno y se podr\u00e1 fumigar a 100 y 500 metros de escuelas rurales"}]},{"@type":"WebSite","@id":"https:\/\/informelitoral.com.ar\/#website","url":"https:\/\/informelitoral.com.ar\/","name":"Informe Litoral","description":"&quot;Nos informamos&quot; ","publisher":{"@id":"https:\/\/informelitoral.com.ar\/#organization"},"potentialAction":[{"@type":"SearchAction","target":{"@type":"EntryPoint","urlTemplate":"https:\/\/informelitoral.com.ar\/?s={search_term_string}"},"query-input":{"@type":"PropertyValueSpecification","valueRequired":true,"valueName":"search_term_string"}}],"inLanguage":"es"},{"@type":"Organization","@id":"https:\/\/informelitoral.com.ar\/#organization","name":"Informe Litoral","url":"https:\/\/informelitoral.com.ar\/","logo":{"@type":"ImageObject","inLanguage":"es","@id":"https:\/\/informelitoral.com.ar\/#\/schema\/logo\/image\/","url":"https:\/\/informelitoral.com.ar\/%77%70%2d%63%6f%6e%74%65%6e%74\/uploads\/2021\/01\/circulo.png","contentUrl":"https:\/\/informelitoral.com.ar\/%77%70%2d%63%6f%6e%74%65%6e%74\/uploads\/2021\/01\/circulo.png","width":723,"height":731,"caption":"Informe Litoral"},"image":{"@id":"https:\/\/informelitoral.com.ar\/#\/schema\/logo\/image\/"},"sameAs":["https:\/\/www.facebook.com\/informelitoral\/","https:\/\/x.com\/InformeLitoral","https:\/\/www.instagram.com\/informelitoral\/","https:\/\/www.youtube.com\/channel\/UCua4Qvz8Icb6MYqhoq9xLXw"]},{"@type":"Person","@id":"https:\/\/informelitoral.com.ar\/#\/schema\/person\/b9d00407c836482871ef1d57bf8e3180","name":"Gonzalo Schmidt","image":{"@type":"ImageObject","inLanguage":"es","@id":"https:\/\/secure.gravatar.com\/avatar\/31a1a7b66ff2de83bd0e9fd79d026630d2d99e55e8bfe501287647b4fd9743de?s=96&d=mm&r=g","url":"https:\/\/secure.gravatar.com\/avatar\/31a1a7b66ff2de83bd0e9fd79d026630d2d99e55e8bfe501287647b4fd9743de?s=96&d=mm&r=g","contentUrl":"https:\/\/secure.gravatar.com\/avatar\/31a1a7b66ff2de83bd0e9fd79d026630d2d99e55e8bfe501287647b4fd9743de?s=96&d=mm&r=g","caption":"Gonzalo Schmidt"},"description":"Sitio web de noticias de la provincia de Entre R\u00edos, Argentina. Informaci\u00f3n y entretenimiento. Informe Litoral, nos informamos.","sameAs":["http:\/\/www.isletasnoticias.com.ar"],"url":"https:\/\/informelitoral.com.ar\/author\/gonzalo\/"}]}},"_links":{"self":[{"href":"https:\/\/informelitoral.com.ar\/%77%70%2d%6a%73%6f%6e\/wp\/v2\/posts\/37526","targetHints":{"allow":["GET"]}}],"collection":[{"href":"https:\/\/informelitoral.com.ar\/%77%70%2d%6a%73%6f%6e\/wp\/v2\/posts"}],"about":[{"href":"https:\/\/informelitoral.com.ar\/%77%70%2d%6a%73%6f%6e\/wp\/v2\/types\/post"}],"author":[{"embeddable":true,"href":"https:\/\/informelitoral.com.ar\/%77%70%2d%6a%73%6f%6e\/wp\/v2\/users\/2"}],"replies":[{"embeddable":true,"href":"https:\/\/informelitoral.com.ar\/%77%70%2d%6a%73%6f%6e\/wp\/v2\/comments?post=37526"}],"version-history":[{"count":0,"href":"https:\/\/informelitoral.com.ar\/%77%70%2d%6a%73%6f%6e\/wp\/v2\/posts\/37526\/revisions"}],"wp:featuredmedia":[{"embeddable":true,"href":"https:\/\/informelitoral.com.ar\/%77%70%2d%6a%73%6f%6e\/wp\/v2\/media\/37527"}],"wp:attachment":[{"href":"https:\/\/informelitoral.com.ar\/%77%70%2d%6a%73%6f%6e\/wp\/v2\/media?parent=37526"}],"wp:term":[{"taxonomy":"category","embeddable":true,"href":"https:\/\/informelitoral.com.ar\/%77%70%2d%6a%73%6f%6e\/wp\/v2\/categories?post=37526"},{"taxonomy":"post_tag","embeddable":true,"href":"https:\/\/informelitoral.com.ar\/%77%70%2d%6a%73%6f%6e\/wp\/v2\/tags?post=37526"}],"curies":[{"name":"wp","href":"https:\/\/api.w.org\/{rel}","templated":true}]}}