{"id":37496,"date":"2019-10-28T08:56:47","date_gmt":"2019-10-28T11:56:47","guid":{"rendered":"https:\/\/www.isletasnoticias.com.ar\/?p=37496"},"modified":"2019-10-28T08:59:25","modified_gmt":"2019-10-28T11:59:25","slug":"jair-bolsonaro-lamento-el-triunfo-de-alberto-fernandez-y-anuncio-que-no-lo-felicitara","status":"publish","type":"post","link":"https:\/\/informelitoral.com.ar\/jair-bolsonaro-lamento-el-triunfo-de-alberto-fernandez-y-anuncio-que-no-lo-felicitara\/","title":{"rendered":"Jair Bolsonaro lament\u00f3 el triunfo de Alberto Fern\u00e1ndez y anunci\u00f3 que no lo felicitar\u00e1"},"content":{"rendered":"<div class=\"row pb-content-type-text\">\n<div class=\"col-xs-12 col-print-12\">\n<p class=\"element element-paragraph\">El mandatario brasile\u00f1o, <strong>Jair Bolsonaro<\/strong>, dijo que \u201c<b>Argentina eligi\u00f3 mal<\/b>\u201d, en referencia a las elecciones del domingo, en las que el candidato que apoy\u00f3, el presidente <strong>Mauricio Macri<\/strong>, perdi\u00f3 frente al peronista Alberto Fern\u00e1ndez.<\/p>\n<\/div>\n<\/div>\n<div class=\"row pb-content-type-text\">\n<div class=\"col-xs-12 col-print-12\">\n<p class=\"element element-paragraph\">\u201c<b>No pretendo felicitarlo. Ahora, no nos vamos a enfadar. Esperaremos para ver cu\u00e1les es su posici\u00f3n real en la pol\u00edtica,\u00a0<\/b>porque va a asumir, va a analizar lo que est\u00e1 pasando y veremos qu\u00e9 l\u00ednea tomar\u00e1\u201d, a\u00f1adi\u00f3 desde Emiratos \u00c1rabes Unidos.<\/p>\n<\/div>\n<\/div>\n<div class=\"row pb-content-type-text\">\n<div class=\"col-xs-12 col-print-12\">\n<p class=\"element element-paragraph\">\u201c<b>Lo lamento. No tengo una bola de cristal, pero creo que Argentina eligi\u00f3 mal<\/b>\u201d, a\u00f1adi\u00f3 el l\u00edder conservador, seg\u00fan report\u00f3\u00a0<i>Globo<\/i>.<\/p>\n<p class=\"element element-paragraph\">En su discurso de victoria, Fern\u00e1ndez envi\u00f3 la noche del domingo un reclamo por la liberaci\u00f3n del ex presidente Lula da Silva, declaraciones rechazadas por Bolsonaro. Adem\u00e1s, el l\u00edder peronista y el presidente brasile\u00f1o tienen visiones diferentes sobre el acuerdo alcanzado entre el Mercosur y la Uni\u00f3n Europea.<\/p>\n<p class=\"element element-paragraph\">Con respecto al bloque comercial, declar\u00f3: \u201c<b>No digo que vayamos a dejar el Mercosur, pero podemos unirnos a Paraguay<\/b>. No s\u00e9 qu\u00e9 va a pasar con Uruguay, vamos a ver qu\u00e9 va a pasar en las elecciones uruguayas, y decidimos que si Argentina afecta alguna cl\u00e1usula del acuerdo o no.\u00a0<b>Si nos hiere, podemos alejar a Argentina. Esperamos que nada de esto sea necesario. Espero que Argentina no quiera cambiar de rumbo en la cuesti\u00f3n comercial\u201d<\/b>.<\/p>\n<p class=\"element element-paragraph\">Seg\u00fan analiz\u00f3, el resultado se debi\u00f3 a que las reformas de Macri no tuvieron los resultados esperados. \u201c<b>Ahora, el pueblo le dio el poder a quien coloc\u00f3 a Argentina en un hoyo<\/b>\u201d, reprodujo <em>Infobae.<\/em><\/p>\n<\/div>\n<\/div>\n<div class=\"row pb-content-type-text\">\n<div class=\"col-xs-12 col-print-12\">\n<p class=\"element element-paragraph\">El mandatario brasile\u00f1o hab\u00eda hecho varias declaraciones resonantes tras las primarias de agosto, que anticiparon los resultados del domingo. Seg\u00fan advirti\u00f3 entonces, una derrota de Macri podr\u00eda provocar otra crisis migratoria, y a\u00f1adi\u00f3: \u201cNo queremos a argentinos huyendo hacia aqu\u00ed\u201d. Adem\u00e1s, resalt\u00f3 el desplome de la moneda argentina y opin\u00f3 que el pa\u00eds \u201ccada vez se parece m\u00e1s a Venezuela\u201d.<\/p>\n<\/div>\n<\/div>\n<div class=\"row pb-content-type-text\">\n<div class=\"col-xs-12 col-print-12\">\n<p class=\"element element-paragraph\">Como respuesta, Fern\u00e1ndez lo calific\u00f3 como \u201cmis\u00f3gino, racista y violento\u201d, pero descart\u00f3 problemas a largo plazo entre los dos pa\u00edses, importantes socios comerciales. \u201cBolsonaro es una coyuntura en la vida de Brasil como Macri es una coyuntura en la vida de Argentina\u201d, declar\u00f3.<\/p>\n<\/div>\n<\/div>\n","protected":false},"excerpt":{"rendered":"<p>El presidente brasile\u00f1o indic\u00f3 que esperar\u00e1 para ver \u201ccu\u00e1l es la verdadera posici\u00f3n pol\u00edtica\u201d del l\u00edder peronista, que venci\u00f3 el domingo a Mauricio Macri.<\/p>\n","protected":false},"author":2,"featured_media":34101,"comment_status":"open","ping_status":"open","sticky":false,"template":"","format":"standard","meta":{"fifu_image_url":"","fifu_image_alt":"","footnotes":""},"categories":[16],"tags":[1311,246,118,421,1022,80],"class_list":{"0":"post-37496","1":"post","2":"type-post","3":"status-publish","4":"format-standard","5":"has-post-thumbnail","7":"category-politi","8":"tag-alberto-fernandez","9":"tag-argentina","10":"tag-brasil","11":"tag-elecciones-2019","12":"tag-jair-bolsonaro","13":"tag-mauricio-macri"},"yoast_head":"<title>Jair Bolsonaro lament\u00f3 el triunfo de Alberto Fern\u00e1ndez y anunci\u00f3 que no lo felicitar\u00e1 - Informe Litoral<\/title>\n<meta name=\"robots\" content=\"index, follow, max-snippet:-1, max-image-preview:large, max-video-preview:-1\" \/>\n<link rel=\"canonical\" href=\"https:\/\/informelitoral.com.ar\/jair-bolsonaro-lamento-el-triunfo-de-alberto-fernandez-y-anuncio-que-no-lo-felicitara\/\" \/>\n<meta property=\"og:locale\" content=\"es_ES\" \/>\n<meta property=\"og:type\" content=\"article\" \/>\n<meta property=\"og:title\" content=\"Jair Bolsonaro lament\u00f3 el triunfo de Alberto Fern\u00e1ndez y anunci\u00f3 que no lo felicitar\u00e1 - Informe Litoral\" \/>\n<meta property=\"og:description\" content=\"El presidente brasile\u00f1o indic\u00f3 que esperar\u00e1 para ver \u201ccu\u00e1l es la verdadera posici\u00f3n pol\u00edtica\u201d del l\u00edder peronista, que venci\u00f3 el domingo a Mauricio Macri.\" \/>\n<meta property=\"og:url\" content=\"https:\/\/informelitoral.com.ar\/jair-bolsonaro-lamento-el-triunfo-de-alberto-fernandez-y-anuncio-que-no-lo-felicitara\/\" \/>\n<meta property=\"og:site_name\" content=\"Informe Litoral\" \/>\n<meta property=\"article:publisher\" content=\"https:\/\/www.facebook.com\/informelitoral\/\" \/>\n<meta property=\"article:published_time\" content=\"2019-10-28T11:56:47+00:00\" \/>\n<meta property=\"article:modified_time\" content=\"2019-10-28T11:59:25+00:00\" \/>\n<meta property=\"og:image\" content=\"https:\/\/informelitoral.com.ar\/%77%70%2d%63%6f%6e%74%65%6e%74\/uploads\/2019\/06\/macri-bolsonaro.jpg\" \/>\n\t<meta property=\"og:image:width\" content=\"829\" \/>\n\t<meta property=\"og:image:height\" content=\"466\" \/>\n\t<meta property=\"og:image:type\" content=\"image\/jpeg\" \/>\n<meta name=\"author\" content=\"Gonzalo Schmidt\" \/>\n<meta name=\"twitter:card\" content=\"summary_large_image\" \/>\n<meta name=\"twitter:creator\" content=\"@InformeLitoral\" \/>\n<meta name=\"twitter:site\" content=\"@InformeLitoral\" \/>\n<meta name=\"twitter:label1\" content=\"Escrito por\" \/>\n\t<meta name=\"twitter:data1\" content=\"Gonzalo Schmidt\" \/>\n\t<meta name=\"twitter:label2\" content=\"Tiempo de lectura\" \/>\n\t<meta name=\"twitter:data2\" content=\"2 minutos\" \/>\n<script type=\"application\/ld+json\" class=\"yoast-schema-graph\">{\"@context\":\"https:\\\/\\\/schema.org\",\"@graph\":[{\"@type\":\"Article\",\"@id\":\"https:\\\/\\\/informelitoral.com.ar\\\/jair-bolsonaro-lamento-el-triunfo-de-alberto-fernandez-y-anuncio-que-no-lo-felicitara\\\/#article\",\"isPartOf\":{\"@id\":\"https:\\\/\\\/informelitoral.com.ar\\\/jair-bolsonaro-lamento-el-triunfo-de-alberto-fernandez-y-anuncio-que-no-lo-felicitara\\\/\"},\"author\":{\"name\":\"Gonzalo Schmidt\",\"@id\":\"https:\\\/\\\/informelitoral.com.ar\\\/#\\\/schema\\\/person\\\/b9d00407c836482871ef1d57bf8e3180\"},\"headline\":\"Jair Bolsonaro lament\u00f3 el triunfo de Alberto Fern\u00e1ndez y anunci\u00f3 que no lo felicitar\u00e1\",\"datePublished\":\"2019-10-28T11:56:47+00:00\",\"dateModified\":\"2019-10-28T11:59:25+00:00\",\"mainEntityOfPage\":{\"@id\":\"https:\\\/\\\/informelitoral.com.ar\\\/jair-bolsonaro-lamento-el-triunfo-de-alberto-fernandez-y-anuncio-que-no-lo-felicitara\\\/\"},\"wordCount\":402,\"commentCount\":0,\"publisher\":{\"@id\":\"https:\\\/\\\/informelitoral.com.ar\\\/#organization\"},\"image\":{\"@id\":\"https:\\\/\\\/informelitoral.com.ar\\\/jair-bolsonaro-lamento-el-triunfo-de-alberto-fernandez-y-anuncio-que-no-lo-felicitara\\\/#primaryimage\"},\"thumbnailUrl\":\"https:\\\/\\\/informelitoral.com.ar\\\/%77%70%2d%63%6f%6e%74%65%6e%74\\\/uploads\\\/2019\\\/06\\\/macri-bolsonaro.jpg\",\"keywords\":[\"Alberto Fern\u00e1ndez\",\"Argentina\",\"Brasil\",\"Elecciones 2019\",\"Jair Bolsonaro\",\"Mauricio Macri\"],\"articleSection\":[\"Politica\"],\"inLanguage\":\"es\",\"potentialAction\":[{\"@type\":\"CommentAction\",\"name\":\"Comment\",\"target\":[\"https:\\\/\\\/informelitoral.com.ar\\\/jair-bolsonaro-lamento-el-triunfo-de-alberto-fernandez-y-anuncio-que-no-lo-felicitara\\\/#respond\"]}]},{\"@type\":\"WebPage\",\"@id\":\"https:\\\/\\\/informelitoral.com.ar\\\/jair-bolsonaro-lamento-el-triunfo-de-alberto-fernandez-y-anuncio-que-no-lo-felicitara\\\/\",\"url\":\"https:\\\/\\\/informelitoral.com.ar\\\/jair-bolsonaro-lamento-el-triunfo-de-alberto-fernandez-y-anuncio-que-no-lo-felicitara\\\/\",\"name\":\"Jair Bolsonaro lament\u00f3 el triunfo de Alberto Fern\u00e1ndez y anunci\u00f3 que no lo felicitar\u00e1 - Informe Litoral\",\"isPartOf\":{\"@id\":\"https:\\\/\\\/informelitoral.com.ar\\\/#website\"},\"primaryImageOfPage\":{\"@id\":\"https:\\\/\\\/informelitoral.com.ar\\\/jair-bolsonaro-lamento-el-triunfo-de-alberto-fernandez-y-anuncio-que-no-lo-felicitara\\\/#primaryimage\"},\"image\":{\"@id\":\"https:\\\/\\\/informelitoral.com.ar\\\/jair-bolsonaro-lamento-el-triunfo-de-alberto-fernandez-y-anuncio-que-no-lo-felicitara\\\/#primaryimage\"},\"thumbnailUrl\":\"https:\\\/\\\/informelitoral.com.ar\\\/%77%70%2d%63%6f%6e%74%65%6e%74\\\/uploads\\\/2019\\\/06\\\/macri-bolsonaro.jpg\",\"datePublished\":\"2019-10-28T11:56:47+00:00\",\"dateModified\":\"2019-10-28T11:59:25+00:00\",\"breadcrumb\":{\"@id\":\"https:\\\/\\\/informelitoral.com.ar\\\/jair-bolsonaro-lamento-el-triunfo-de-alberto-fernandez-y-anuncio-que-no-lo-felicitara\\\/#breadcrumb\"},\"inLanguage\":\"es\",\"potentialAction\":[{\"@type\":\"ReadAction\",\"target\":[\"https:\\\/\\\/informelitoral.com.ar\\\/jair-bolsonaro-lamento-el-triunfo-de-alberto-fernandez-y-anuncio-que-no-lo-felicitara\\\/\"]}]},{\"@type\":\"ImageObject\",\"inLanguage\":\"es\",\"@id\":\"https:\\\/\\\/informelitoral.com.ar\\\/jair-bolsonaro-lamento-el-triunfo-de-alberto-fernandez-y-anuncio-que-no-lo-felicitara\\\/#primaryimage\",\"url\":\"https:\\\/\\\/informelitoral.com.ar\\\/%77%70%2d%63%6f%6e%74%65%6e%74\\\/uploads\\\/2019\\\/06\\\/macri-bolsonaro.jpg\",\"contentUrl\":\"https:\\\/\\\/informelitoral.com.ar\\\/%77%70%2d%63%6f%6e%74%65%6e%74\\\/uploads\\\/2019\\\/06\\\/macri-bolsonaro.jpg\",\"width\":829,\"height\":466},{\"@type\":\"BreadcrumbList\",\"@id\":\"https:\\\/\\\/informelitoral.com.ar\\\/jair-bolsonaro-lamento-el-triunfo-de-alberto-fernandez-y-anuncio-que-no-lo-felicitara\\\/#breadcrumb\",\"itemListElement\":[{\"@type\":\"ListItem\",\"position\":1,\"name\":\"Portada\",\"item\":\"https:\\\/\\\/informelitoral.com.ar\\\/\"},{\"@type\":\"ListItem\",\"position\":2,\"name\":\"Jair Bolsonaro lament\u00f3 el triunfo de Alberto Fern\u00e1ndez y anunci\u00f3 que no lo felicitar\u00e1\"}]},{\"@type\":\"WebSite\",\"@id\":\"https:\\\/\\\/informelitoral.com.ar\\\/#website\",\"url\":\"https:\\\/\\\/informelitoral.com.ar\\\/\",\"name\":\"Informe Litoral\",\"description\":\"&quot;Nos informamos&quot; \",\"publisher\":{\"@id\":\"https:\\\/\\\/informelitoral.com.ar\\\/#organization\"},\"potentialAction\":[{\"@type\":\"SearchAction\",\"target\":{\"@type\":\"EntryPoint\",\"urlTemplate\":\"https:\\\/\\\/informelitoral.com.ar\\\/?s={search_term_string}\"},\"query-input\":{\"@type\":\"PropertyValueSpecification\",\"valueRequired\":true,\"valueName\":\"search_term_string\"}}],\"inLanguage\":\"es\"},{\"@type\":\"Organization\",\"@id\":\"https:\\\/\\\/informelitoral.com.ar\\\/#organization\",\"name\":\"Informe Litoral\",\"url\":\"https:\\\/\\\/informelitoral.com.ar\\\/\",\"logo\":{\"@type\":\"ImageObject\",\"inLanguage\":\"es\",\"@id\":\"https:\\\/\\\/informelitoral.com.ar\\\/#\\\/schema\\\/logo\\\/image\\\/\",\"url\":\"https:\\\/\\\/informelitoral.com.ar\\\/%77%70%2d%63%6f%6e%74%65%6e%74\\\/uploads\\\/2021\\\/01\\\/circulo.png\",\"contentUrl\":\"https:\\\/\\\/informelitoral.com.ar\\\/%77%70%2d%63%6f%6e%74%65%6e%74\\\/uploads\\\/2021\\\/01\\\/circulo.png\",\"width\":723,\"height\":731,\"caption\":\"Informe Litoral\"},\"image\":{\"@id\":\"https:\\\/\\\/informelitoral.com.ar\\\/#\\\/schema\\\/logo\\\/image\\\/\"},\"sameAs\":[\"https:\\\/\\\/www.facebook.com\\\/informelitoral\\\/\",\"https:\\\/\\\/x.com\\\/InformeLitoral\",\"https:\\\/\\\/www.instagram.com\\\/informelitoral\\\/\",\"https:\\\/\\\/www.youtube.com\\\/channel\\\/UCua4Qvz8Icb6MYqhoq9xLXw\"]},{\"@type\":\"Person\",\"@id\":\"https:\\\/\\\/informelitoral.com.ar\\\/#\\\/schema\\\/person\\\/b9d00407c836482871ef1d57bf8e3180\",\"name\":\"Gonzalo Schmidt\",\"image\":{\"@type\":\"ImageObject\",\"inLanguage\":\"es\",\"@id\":\"https:\\\/\\\/secure.gravatar.com\\\/avatar\\\/31a1a7b66ff2de83bd0e9fd79d026630d2d99e55e8bfe501287647b4fd9743de?s=96&d=mm&r=g\",\"url\":\"https:\\\/\\\/secure.gravatar.com\\\/avatar\\\/31a1a7b66ff2de83bd0e9fd79d026630d2d99e55e8bfe501287647b4fd9743de?s=96&d=mm&r=g\",\"contentUrl\":\"https:\\\/\\\/secure.gravatar.com\\\/avatar\\\/31a1a7b66ff2de83bd0e9fd79d026630d2d99e55e8bfe501287647b4fd9743de?s=96&d=mm&r=g\",\"caption\":\"Gonzalo Schmidt\"},\"description\":\"Sitio web de noticias de la provincia de Entre R\u00edos, Argentina. Informaci\u00f3n y entretenimiento. Informe Litoral, nos informamos.\",\"sameAs\":[\"http:\\\/\\\/www.isletasnoticias.com.ar\"],\"url\":\"https:\\\/\\\/informelitoral.com.ar\\\/author\\\/gonzalo\\\/\"}]}<\/script>","yoast_head_json":{"title":"Jair Bolsonaro lament\u00f3 el triunfo de Alberto Fern\u00e1ndez y anunci\u00f3 que no lo felicitar\u00e1 - Informe Litoral","robots":{"index":"index","follow":"follow","max-snippet":"max-snippet:-1","max-image-preview":"max-image-preview:large","max-video-preview":"max-video-preview:-1"},"canonical":"https:\/\/informelitoral.com.ar\/jair-bolsonaro-lamento-el-triunfo-de-alberto-fernandez-y-anuncio-que-no-lo-felicitara\/","og_locale":"es_ES","og_type":"article","og_title":"Jair Bolsonaro lament\u00f3 el triunfo de Alberto Fern\u00e1ndez y anunci\u00f3 que no lo felicitar\u00e1 - Informe Litoral","og_description":"El presidente brasile\u00f1o indic\u00f3 que esperar\u00e1 para ver \u201ccu\u00e1l es la verdadera posici\u00f3n pol\u00edtica\u201d del l\u00edder peronista, que venci\u00f3 el domingo a Mauricio Macri.","og_url":"https:\/\/informelitoral.com.ar\/jair-bolsonaro-lamento-el-triunfo-de-alberto-fernandez-y-anuncio-que-no-lo-felicitara\/","og_site_name":"Informe Litoral","article_publisher":"https:\/\/www.facebook.com\/informelitoral\/","article_published_time":"2019-10-28T11:56:47+00:00","article_modified_time":"2019-10-28T11:59:25+00:00","og_image":[{"width":829,"height":466,"url":"https:\/\/informelitoral.com.ar\/%77%70%2d%63%6f%6e%74%65%6e%74\/uploads\/2019\/06\/macri-bolsonaro.jpg","type":"image\/jpeg"}],"author":"Gonzalo Schmidt","twitter_card":"summary_large_image","twitter_creator":"@InformeLitoral","twitter_site":"@InformeLitoral","twitter_misc":{"Escrito por":"Gonzalo Schmidt","Tiempo de lectura":"2 minutos"},"schema":{"@context":"https:\/\/schema.org","@graph":[{"@type":"Article","@id":"https:\/\/informelitoral.com.ar\/jair-bolsonaro-lamento-el-triunfo-de-alberto-fernandez-y-anuncio-que-no-lo-felicitara\/#article","isPartOf":{"@id":"https:\/\/informelitoral.com.ar\/jair-bolsonaro-lamento-el-triunfo-de-alberto-fernandez-y-anuncio-que-no-lo-felicitara\/"},"author":{"name":"Gonzalo Schmidt","@id":"https:\/\/informelitoral.com.ar\/#\/schema\/person\/b9d00407c836482871ef1d57bf8e3180"},"headline":"Jair Bolsonaro lament\u00f3 el triunfo de Alberto Fern\u00e1ndez y anunci\u00f3 que no lo felicitar\u00e1","datePublished":"2019-10-28T11:56:47+00:00","dateModified":"2019-10-28T11:59:25+00:00","mainEntityOfPage":{"@id":"https:\/\/informelitoral.com.ar\/jair-bolsonaro-lamento-el-triunfo-de-alberto-fernandez-y-anuncio-que-no-lo-felicitara\/"},"wordCount":402,"commentCount":0,"publisher":{"@id":"https:\/\/informelitoral.com.ar\/#organization"},"image":{"@id":"https:\/\/informelitoral.com.ar\/jair-bolsonaro-lamento-el-triunfo-de-alberto-fernandez-y-anuncio-que-no-lo-felicitara\/#primaryimage"},"thumbnailUrl":"https:\/\/informelitoral.com.ar\/%77%70%2d%63%6f%6e%74%65%6e%74\/uploads\/2019\/06\/macri-bolsonaro.jpg","keywords":["Alberto Fern\u00e1ndez","Argentina","Brasil","Elecciones 2019","Jair Bolsonaro","Mauricio Macri"],"articleSection":["Politica"],"inLanguage":"es","potentialAction":[{"@type":"CommentAction","name":"Comment","target":["https:\/\/informelitoral.com.ar\/jair-bolsonaro-lamento-el-triunfo-de-alberto-fernandez-y-anuncio-que-no-lo-felicitara\/#respond"]}]},{"@type":"WebPage","@id":"https:\/\/informelitoral.com.ar\/jair-bolsonaro-lamento-el-triunfo-de-alberto-fernandez-y-anuncio-que-no-lo-felicitara\/","url":"https:\/\/informelitoral.com.ar\/jair-bolsonaro-lamento-el-triunfo-de-alberto-fernandez-y-anuncio-que-no-lo-felicitara\/","name":"Jair Bolsonaro lament\u00f3 el triunfo de Alberto Fern\u00e1ndez y anunci\u00f3 que no lo felicitar\u00e1 - Informe Litoral","isPartOf":{"@id":"https:\/\/informelitoral.com.ar\/#website"},"primaryImageOfPage":{"@id":"https:\/\/informelitoral.com.ar\/jair-bolsonaro-lamento-el-triunfo-de-alberto-fernandez-y-anuncio-que-no-lo-felicitara\/#primaryimage"},"image":{"@id":"https:\/\/informelitoral.com.ar\/jair-bolsonaro-lamento-el-triunfo-de-alberto-fernandez-y-anuncio-que-no-lo-felicitara\/#primaryimage"},"thumbnailUrl":"https:\/\/informelitoral.com.ar\/%77%70%2d%63%6f%6e%74%65%6e%74\/uploads\/2019\/06\/macri-bolsonaro.jpg","datePublished":"2019-10-28T11:56:47+00:00","dateModified":"2019-10-28T11:59:25+00:00","breadcrumb":{"@id":"https:\/\/informelitoral.com.ar\/jair-bolsonaro-lamento-el-triunfo-de-alberto-fernandez-y-anuncio-que-no-lo-felicitara\/#breadcrumb"},"inLanguage":"es","potentialAction":[{"@type":"ReadAction","target":["https:\/\/informelitoral.com.ar\/jair-bolsonaro-lamento-el-triunfo-de-alberto-fernandez-y-anuncio-que-no-lo-felicitara\/"]}]},{"@type":"ImageObject","inLanguage":"es","@id":"https:\/\/informelitoral.com.ar\/jair-bolsonaro-lamento-el-triunfo-de-alberto-fernandez-y-anuncio-que-no-lo-felicitara\/#primaryimage","url":"https:\/\/informelitoral.com.ar\/%77%70%2d%63%6f%6e%74%65%6e%74\/uploads\/2019\/06\/macri-bolsonaro.jpg","contentUrl":"https:\/\/informelitoral.com.ar\/%77%70%2d%63%6f%6e%74%65%6e%74\/uploads\/2019\/06\/macri-bolsonaro.jpg","width":829,"height":466},{"@type":"BreadcrumbList","@id":"https:\/\/informelitoral.com.ar\/jair-bolsonaro-lamento-el-triunfo-de-alberto-fernandez-y-anuncio-que-no-lo-felicitara\/#breadcrumb","itemListElement":[{"@type":"ListItem","position":1,"name":"Portada","item":"https:\/\/informelitoral.com.ar\/"},{"@type":"ListItem","position":2,"name":"Jair Bolsonaro lament\u00f3 el triunfo de Alberto Fern\u00e1ndez y anunci\u00f3 que no lo felicitar\u00e1"}]},{"@type":"WebSite","@id":"https:\/\/informelitoral.com.ar\/#website","url":"https:\/\/informelitoral.com.ar\/","name":"Informe Litoral","description":"&quot;Nos informamos&quot; ","publisher":{"@id":"https:\/\/informelitoral.com.ar\/#organization"},"potentialAction":[{"@type":"SearchAction","target":{"@type":"EntryPoint","urlTemplate":"https:\/\/informelitoral.com.ar\/?s={search_term_string}"},"query-input":{"@type":"PropertyValueSpecification","valueRequired":true,"valueName":"search_term_string"}}],"inLanguage":"es"},{"@type":"Organization","@id":"https:\/\/informelitoral.com.ar\/#organization","name":"Informe Litoral","url":"https:\/\/informelitoral.com.ar\/","logo":{"@type":"ImageObject","inLanguage":"es","@id":"https:\/\/informelitoral.com.ar\/#\/schema\/logo\/image\/","url":"https:\/\/informelitoral.com.ar\/%77%70%2d%63%6f%6e%74%65%6e%74\/uploads\/2021\/01\/circulo.png","contentUrl":"https:\/\/informelitoral.com.ar\/%77%70%2d%63%6f%6e%74%65%6e%74\/uploads\/2021\/01\/circulo.png","width":723,"height":731,"caption":"Informe Litoral"},"image":{"@id":"https:\/\/informelitoral.com.ar\/#\/schema\/logo\/image\/"},"sameAs":["https:\/\/www.facebook.com\/informelitoral\/","https:\/\/x.com\/InformeLitoral","https:\/\/www.instagram.com\/informelitoral\/","https:\/\/www.youtube.com\/channel\/UCua4Qvz8Icb6MYqhoq9xLXw"]},{"@type":"Person","@id":"https:\/\/informelitoral.com.ar\/#\/schema\/person\/b9d00407c836482871ef1d57bf8e3180","name":"Gonzalo Schmidt","image":{"@type":"ImageObject","inLanguage":"es","@id":"https:\/\/secure.gravatar.com\/avatar\/31a1a7b66ff2de83bd0e9fd79d026630d2d99e55e8bfe501287647b4fd9743de?s=96&d=mm&r=g","url":"https:\/\/secure.gravatar.com\/avatar\/31a1a7b66ff2de83bd0e9fd79d026630d2d99e55e8bfe501287647b4fd9743de?s=96&d=mm&r=g","contentUrl":"https:\/\/secure.gravatar.com\/avatar\/31a1a7b66ff2de83bd0e9fd79d026630d2d99e55e8bfe501287647b4fd9743de?s=96&d=mm&r=g","caption":"Gonzalo Schmidt"},"description":"Sitio web de noticias de la provincia de Entre R\u00edos, Argentina. Informaci\u00f3n y entretenimiento. Informe Litoral, nos informamos.","sameAs":["http:\/\/www.isletasnoticias.com.ar"],"url":"https:\/\/informelitoral.com.ar\/author\/gonzalo\/"}]}},"_links":{"self":[{"href":"https:\/\/informelitoral.com.ar\/%77%70%2d%6a%73%6f%6e\/wp\/v2\/posts\/37496","targetHints":{"allow":["GET"]}}],"collection":[{"href":"https:\/\/informelitoral.com.ar\/%77%70%2d%6a%73%6f%6e\/wp\/v2\/posts"}],"about":[{"href":"https:\/\/informelitoral.com.ar\/%77%70%2d%6a%73%6f%6e\/wp\/v2\/types\/post"}],"author":[{"embeddable":true,"href":"https:\/\/informelitoral.com.ar\/%77%70%2d%6a%73%6f%6e\/wp\/v2\/users\/2"}],"replies":[{"embeddable":true,"href":"https:\/\/informelitoral.com.ar\/%77%70%2d%6a%73%6f%6e\/wp\/v2\/comments?post=37496"}],"version-history":[{"count":0,"href":"https:\/\/informelitoral.com.ar\/%77%70%2d%6a%73%6f%6e\/wp\/v2\/posts\/37496\/revisions"}],"wp:featuredmedia":[{"embeddable":true,"href":"https:\/\/informelitoral.com.ar\/%77%70%2d%6a%73%6f%6e\/wp\/v2\/media\/34101"}],"wp:attachment":[{"href":"https:\/\/informelitoral.com.ar\/%77%70%2d%6a%73%6f%6e\/wp\/v2\/media?parent=37496"}],"wp:term":[{"taxonomy":"category","embeddable":true,"href":"https:\/\/informelitoral.com.ar\/%77%70%2d%6a%73%6f%6e\/wp\/v2\/categories?post=37496"},{"taxonomy":"post_tag","embeddable":true,"href":"https:\/\/informelitoral.com.ar\/%77%70%2d%6a%73%6f%6e\/wp\/v2\/tags?post=37496"}],"curies":[{"name":"wp","href":"https:\/\/api.w.org\/{rel}","templated":true}]}}